{"id":1806,"date":"2025-10-23T00:31:00","date_gmt":"2025-10-22T22:31:00","guid":{"rendered":"https:\/\/jumeaux91.fr\/blog\/deux-freres-condamnes-pour-avoir-abattu-un-olivier-en-hommage-a-ilan-halimi\/"},"modified":"2025-10-23T00:31:00","modified_gmt":"2025-10-22T22:31:00","slug":"deux-freres-condamnes-pour-avoir-abattu-un-olivier-en-hommage-a-ilan-halimi","status":"publish","type":"post","link":"https:\/\/jumeaux91.fr\/blog\/deux-freres-condamnes-pour-avoir-abattu-un-olivier-en-hommage-a-ilan-halimi\/","title":{"rendered":"Deux fr\u00e8res condamn\u00e9s pour avoir abattu un olivier en hommage \u00e0 Ilan Halimi"},"content":{"rendered":"<p class data-is=\"component-paragraph\">Le tribunal correctionnel de Bobigny a rendu mercredi son verdict dans l&rsquo;affaire de l&rsquo;olivier d&rsquo;Ilan Halimi. Des fr\u00e8res jumeaux ont \u00e9t\u00e9 condamn\u00e9s pour avoir abattu mi-ao\u00fbt l&rsquo;arbre plant\u00e9 en m\u00e9moire du jeune homme juif tortur\u00e9 \u00e0 mort en 2006 : l&rsquo;un \u00e0 huit mois de prison ferme, l&rsquo;autre \u00e0 huit mois avec sursis.<\/p>\n<p class data-is=\"component-paragraph\">Les deux hommes ont \u00e9t\u00e9 d\u00e9clar\u00e9s coupables de destruction du bien d&rsquo;autrui aggrav\u00e9e. En revanche, le tribunal les a relax\u00e9s du chef de violation d&rsquo;un monument d\u00e9di\u00e9 \u00e0 la m\u00e9moire des morts commise en raison de la race, l&rsquo;ethnie, la nation ou la religion. Selon les juges, les \u00e9l\u00e9ments ne permettaient pas d&rsquo;\u00e9tablir que les pr\u00e9venus avaient conscience qu&rsquo;il s&rsquo;agissait d&rsquo;un monument en m\u00e9moire d&rsquo;Ilan Halimi.<\/p>\n<p class data-is=\"component-paragraph\">Ces peines sont inf\u00e9rieures aux r\u00e9quisitions du minist\u00e8re public, qui avait demand\u00e9 12 et 15 mois de prison. \u00ab\u00a0C&rsquo;est un acte mat\u00e9riel mais qui est d\u00e9pass\u00e9 par la puissance du symbole\u00a0\u00bb, avait d\u00e9clar\u00e9 la procureure \u00e0 l&rsquo;audience. \u00ab\u00a0Parce qu&rsquo;ils ont port\u00e9 atteinte \u00e0 la m\u00e9moire d&rsquo;Ilan Halimi, parce que c&rsquo;est un symbole\u00a0\u00bb, avait-elle ajout\u00e9.<\/p>\n<figure data-is=\"component-video-wrapper\">\n<div class=\"brightcove-lazy-player horizontal\" data-video-id=\"6376928407112\" data-video-auto-play=\"false\">\n<div class=\"lazyImageContainer\"><img alt=\"Video poster\" class=\"video-poster\" data-is=\"lazy-image\" data-observed-item-id=\"https:\/\/api.i24news.tv\/fr\/brightcove\/6376928407112\/poster\"><\/div>\n<\/div><figcaption class=\"text-lighten\"><span class=\"caption\">L&rsquo;arbre en m\u00e9moire d&rsquo;Ilan Halimi tron\u00e7onn\u00e9 \u00e0 \u00c9pinay<\/span><\/figcaption><\/figure>\n<hr class=\"widget-layout-divider default visibility-none\">\n<p class data-is=\"component-paragraph\">L&rsquo;abattage de l&rsquo;arbre, survenu dans la nuit du 13 au 14 ao\u00fbt, avait provoqu\u00e9 une indignation unanime au sein de la classe politique. L&rsquo;olivier avait \u00e9t\u00e9 plant\u00e9 en 2011 au jardin d&rsquo;Alcobendas d&rsquo;\u00c9pinay-sur-Seine, en souvenir du jeune homme dont le pr\u00e9nom signie \u00ab\u00a0arbre\u00a0\u00bb en h\u00e9breu.&nbsp;<\/p>\n<p class data-is=\"component-paragraph\">Les deux fr\u00e8res avaient \u00e9t\u00e9 interpell\u00e9s quelques jours apr\u00e8s les faits. L&rsquo;enqu\u00eate avait r\u00e9v\u00e9l\u00e9 que leurs t\u00e9l\u00e9phones bornaient dans le parc la nuit des faits, et leur ADN avait \u00e9t\u00e9 pr\u00e9lev\u00e9 autour du tronc coup\u00e9.<\/p>\n<p class data-is=\"component-paragraph\">Ce n&rsquo;est pas la premi\u00e8re fois que des arbres plant\u00e9s en hommage \u00e0 Ilan Halimi sont vandalis\u00e9s. En 2019, deux autres arbres avaient \u00e9t\u00e9 sci\u00e9s \u00e0 Sainte-Genevi\u00e8ve-des-Bois, dont l&rsquo;un portait sa photo. De nouveaux arbres ont depuis \u00e9t\u00e9 replant\u00e9s, y compris en septembre dernier \u00e0 \u00c9pinay-sur-Seine, t\u00e9moignant de la volont\u00e9 de pr\u00e9server la m\u00e9moire de cette victime de la barbarie antis\u00e9mite.<\/p>\n<p>La chronique se veut g\u00e9n\u00e9r\u00e9e de la fa\u00e7on la plus claire que possible. Dans le cas o\u00f9 vous souhaitez pr\u00e9senter des renseignements compl\u00e9mentaires \u00e0 cet article sur le sujet \u00ab\u00a0Fr\u00e8res jumeaux de l&rsquo;Essonnes\u00a0\u00bb il vous est possible d\u2019\u00e9crire aux contacts indiqu\u00e9s sur notre website. La raison d\u2019\u00eatre de jumeaux91.fr \u00e9tant de rassembler sur le web des posts sur le sujet de Fr\u00e8res jumeaux de l&rsquo;Essonnes puis les diffuser en r\u00e9pondant au mieux aux interrogations des gens. Vous pouvez tirer profit de cet article traitant le sujet \u00ab\u00a0Fr\u00e8res jumeaux de l&rsquo;Essonnes\u00a0\u00bb. Il est concoct\u00e9 par l\u2019\u00e9quipe jumeaux91.fr. Prochainement, nous rendrons accessibles au public d&rsquo;autres informations pertinentes sur le sujet \u00ab\u00a0Fr\u00e8res jumeaux de l&rsquo;Essonnes\u00a0\u00bb. Alors, consultez syst\u00e9matiquement notre blog.<\/p>\n","protected":false},"excerpt":{"rendered":"<p>Le tribunal correctionnel de Bobigny a rendu mercredi son verdict dans l&rsquo;affaire de l&rsquo;olivier d&rsquo;Ilan Halimi. Des fr\u00e8res jumeaux ont \u00e9t\u00e9 condamn\u00e9s pour avoir abattu mi-ao\u00fbt l&rsquo;arbre plant\u00e9 en m\u00e9moire du jeune homme juif tortur\u00e9 \u00e0 mort en 2006 : l&rsquo;un \u00e0 huit mois de prison ferme, l&rsquo;autre \u00e0 huit mois avec sursis. Les deux&hellip; <a class=\"more-link\" href=\"https:\/\/jumeaux91.fr\/blog\/deux-freres-condamnes-pour-avoir-abattu-un-olivier-en-hommage-a-ilan-halimi\/\">Poursuivre la lecture <span class=\"screen-reader-text\">Deux fr\u00e8res condamn\u00e9s pour avoir abattu un olivier en hommage \u00e0 Ilan Halimi<\/span><\/a><\/p>\n","protected":false},"author":2,"featured_media":0,"comment_status":"closed","ping_status":"closed","sticky":false,"template":"","format":"standard","meta":{"footnotes":""},"categories":[4],"tags":[],"class_list":["post-1806","post","type-post","status-publish","format-standard","hentry","category-posts-freres-jumeaux-de-lessonnes","entry"],"yoast_head":"<!-- This site is optimized with the Yoast SEO plugin v27.5 - https:\/\/yoast.com\/product\/yoast-seo-wordpress\/ -->\n<title>Deux fr\u00e8res condamn\u00e9s pour avoir abattu un olivier en hommage \u00e0 Ilan Halimi - JUMEAUX91<\/title>\n<meta name=\"robots\" content=\"index, follow, max-snippet:-1, max-image-preview:large, max-video-preview:-1\" \/>\n<link rel=\"canonical\" href=\"https:\/\/jumeaux91.fr\/blog\/deux-freres-condamnes-pour-avoir-abattu-un-olivier-en-hommage-a-ilan-halimi\/\" \/>\n<meta property=\"og:locale\" content=\"fr_FR\" \/>\n<meta property=\"og:type\" content=\"article\" \/>\n<meta property=\"og:title\" content=\"Deux fr\u00e8res condamn\u00e9s pour avoir abattu un olivier en hommage \u00e0 Ilan Halimi - JUMEAUX91\" \/>\n<meta property=\"og:description\" content=\"Le tribunal correctionnel de Bobigny a rendu mercredi son verdict dans l&rsquo;affaire de l&rsquo;olivier d&rsquo;Ilan Halimi. Des fr\u00e8res jumeaux ont \u00e9t\u00e9 condamn\u00e9s pour avoir abattu mi-ao\u00fbt l&rsquo;arbre plant\u00e9 en m\u00e9moire du jeune homme juif tortur\u00e9 \u00e0 mort en 2006 : l&rsquo;un \u00e0 huit mois de prison ferme, l&rsquo;autre \u00e0 huit mois avec sursis. Les deux&hellip; Poursuivre la lecture Deux fr\u00e8res condamn\u00e9s pour avoir abattu un olivier en hommage \u00e0 Ilan Halimi\" \/>\n<meta property=\"og:url\" content=\"https:\/\/jumeaux91.fr\/blog\/deux-freres-condamnes-pour-avoir-abattu-un-olivier-en-hommage-a-ilan-halimi\/\" \/>\n<meta property=\"og:site_name\" content=\"JUMEAUX91\" \/>\n<meta property=\"article:published_time\" content=\"2025-10-22T22:31:00+00:00\" \/>\n<meta name=\"author\" content=\"Claude DAYRES\" \/>\n<meta name=\"twitter:card\" content=\"summary_large_image\" \/>\n<meta name=\"twitter:label1\" content=\"\u00c9crit par\" \/>\n\t<meta name=\"twitter:data1\" content=\"Claude DAYRES\" \/>\n\t<meta name=\"twitter:label2\" content=\"Dur\u00e9e de lecture estim\u00e9e\" \/>\n\t<meta name=\"twitter:data2\" content=\"2 minutes\" \/>\n<script type=\"application\/ld+json\" class=\"yoast-schema-graph\">{\"@context\":\"https:\\\/\\\/schema.org\",\"@graph\":[{\"@type\":\"Article\",\"@id\":\"https:\\\/\\\/jumeaux91.fr\\\/blog\\\/deux-freres-condamnes-pour-avoir-abattu-un-olivier-en-hommage-a-ilan-halimi\\\/#article\",\"isPartOf\":{\"@id\":\"https:\\\/\\\/jumeaux91.fr\\\/blog\\\/deux-freres-condamnes-pour-avoir-abattu-un-olivier-en-hommage-a-ilan-halimi\\\/\"},\"author\":{\"name\":\"Claude DAYRES\",\"@id\":\"https:\\\/\\\/jumeaux91.fr\\\/blog\\\/#\\\/schema\\\/person\\\/21da06e9f119b9f64e5d45dbbd32d3fb\"},\"headline\":\"Deux fr\u00e8res condamn\u00e9s pour avoir abattu un olivier en hommage \u00e0 Ilan Halimi\",\"datePublished\":\"2025-10-22T22:31:00+00:00\",\"mainEntityOfPage\":{\"@id\":\"https:\\\/\\\/jumeaux91.fr\\\/blog\\\/deux-freres-condamnes-pour-avoir-abattu-un-olivier-en-hommage-a-ilan-halimi\\\/\"},\"wordCount\":531,\"publisher\":{\"@id\":\"https:\\\/\\\/jumeaux91.fr\\\/blog\\\/#organization\"},\"articleSection\":[\"Posts Fr\u00e8res Jumeaux De L'Essonnes:\"],\"inLanguage\":\"fr-FR\"},{\"@type\":\"WebPage\",\"@id\":\"https:\\\/\\\/jumeaux91.fr\\\/blog\\\/deux-freres-condamnes-pour-avoir-abattu-un-olivier-en-hommage-a-ilan-halimi\\\/\",\"url\":\"https:\\\/\\\/jumeaux91.fr\\\/blog\\\/deux-freres-condamnes-pour-avoir-abattu-un-olivier-en-hommage-a-ilan-halimi\\\/\",\"name\":\"Deux fr\u00e8res condamn\u00e9s pour avoir abattu un olivier en hommage \u00e0 Ilan Halimi - JUMEAUX91\",\"isPartOf\":{\"@id\":\"https:\\\/\\\/jumeaux91.fr\\\/blog\\\/#website\"},\"datePublished\":\"2025-10-22T22:31:00+00:00\",\"breadcrumb\":{\"@id\":\"https:\\\/\\\/jumeaux91.fr\\\/blog\\\/deux-freres-condamnes-pour-avoir-abattu-un-olivier-en-hommage-a-ilan-halimi\\\/#breadcrumb\"},\"inLanguage\":\"fr-FR\",\"potentialAction\":[{\"@type\":\"ReadAction\",\"target\":[\"https:\\\/\\\/jumeaux91.fr\\\/blog\\\/deux-freres-condamnes-pour-avoir-abattu-un-olivier-en-hommage-a-ilan-halimi\\\/\"]}]},{\"@type\":\"BreadcrumbList\",\"@id\":\"https:\\\/\\\/jumeaux91.fr\\\/blog\\\/deux-freres-condamnes-pour-avoir-abattu-un-olivier-en-hommage-a-ilan-halimi\\\/#breadcrumb\",\"itemListElement\":[{\"@type\":\"ListItem\",\"position\":1,\"name\":\"Accueil\",\"item\":\"https:\\\/\\\/jumeaux91.fr\\\/blog\\\/\"},{\"@type\":\"ListItem\",\"position\":2,\"name\":\"Deux fr\u00e8res condamn\u00e9s pour avoir abattu un olivier en hommage \u00e0 Ilan Halimi\"}]},{\"@type\":\"WebSite\",\"@id\":\"https:\\\/\\\/jumeaux91.fr\\\/blog\\\/#website\",\"url\":\"https:\\\/\\\/jumeaux91.fr\\\/blog\\\/\",\"name\":\"JUMEAUX91\",\"description\":\"Fr\u00e8res jumeaux de l&#039;Essonnes; informations et archives, \u00e0 savoir et retenir.\",\"publisher\":{\"@id\":\"https:\\\/\\\/jumeaux91.fr\\\/blog\\\/#organization\"},\"potentialAction\":[{\"@type\":\"SearchAction\",\"target\":{\"@type\":\"EntryPoint\",\"urlTemplate\":\"https:\\\/\\\/jumeaux91.fr\\\/blog\\\/?s={search_term_string}\"},\"query-input\":{\"@type\":\"PropertyValueSpecification\",\"valueRequired\":true,\"valueName\":\"search_term_string\"}}],\"inLanguage\":\"fr-FR\"},{\"@type\":\"Organization\",\"@id\":\"https:\\\/\\\/jumeaux91.fr\\\/blog\\\/#organization\",\"name\":\"jumeaux91\",\"url\":\"https:\\\/\\\/jumeaux91.fr\\\/blog\\\/\",\"logo\":{\"@type\":\"ImageObject\",\"inLanguage\":\"fr-FR\",\"@id\":\"https:\\\/\\\/jumeaux91.fr\\\/blog\\\/#\\\/schema\\\/logo\\\/image\\\/\",\"url\":\"https:\\\/\\\/jumeaux91.fr\\\/blog\\\/wp-content\\\/uploads\\\/2023\\\/05\\\/cropped-cropped-logoJ_91.png\",\"contentUrl\":\"https:\\\/\\\/jumeaux91.fr\\\/blog\\\/wp-content\\\/uploads\\\/2023\\\/05\\\/cropped-cropped-logoJ_91.png\",\"width\":512,\"height\":512,\"caption\":\"jumeaux91\"},\"image\":{\"@id\":\"https:\\\/\\\/jumeaux91.fr\\\/blog\\\/#\\\/schema\\\/logo\\\/image\\\/\"}},{\"@type\":\"Person\",\"@id\":\"https:\\\/\\\/jumeaux91.fr\\\/blog\\\/#\\\/schema\\\/person\\\/21da06e9f119b9f64e5d45dbbd32d3fb\",\"name\":\"Claude DAYRES\",\"image\":{\"@type\":\"ImageObject\",\"inLanguage\":\"fr-FR\",\"@id\":\"https:\\\/\\\/secure.gravatar.com\\\/avatar\\\/82eb951df6110a2c48d1bfa7a67d1ee6f0cd5df3cbf9c3586dd61e82db7172a5?s=96&d=mm&r=g\",\"url\":\"https:\\\/\\\/secure.gravatar.com\\\/avatar\\\/82eb951df6110a2c48d1bfa7a67d1ee6f0cd5df3cbf9c3586dd61e82db7172a5?s=96&d=mm&r=g\",\"contentUrl\":\"https:\\\/\\\/secure.gravatar.com\\\/avatar\\\/82eb951df6110a2c48d1bfa7a67d1ee6f0cd5df3cbf9c3586dd61e82db7172a5?s=96&d=mm&r=g\",\"caption\":\"Claude DAYRES\"},\"url\":\"https:\\\/\\\/jumeaux91.fr\\\/blog\\\/author\\\/x91claude\\\/\"}]}<\/script>\n<!-- \/ Yoast SEO plugin. -->","yoast_head_json":{"title":"Deux fr\u00e8res condamn\u00e9s pour avoir abattu un olivier en hommage \u00e0 Ilan Halimi - JUMEAUX91","robots":{"index":"index","follow":"follow","max-snippet":"max-snippet:-1","max-image-preview":"max-image-preview:large","max-video-preview":"max-video-preview:-1"},"canonical":"https:\/\/jumeaux91.fr\/blog\/deux-freres-condamnes-pour-avoir-abattu-un-olivier-en-hommage-a-ilan-halimi\/","og_locale":"fr_FR","og_type":"article","og_title":"Deux fr\u00e8res condamn\u00e9s pour avoir abattu un olivier en hommage \u00e0 Ilan Halimi - JUMEAUX91","og_description":"Le tribunal correctionnel de Bobigny a rendu mercredi son verdict dans l&rsquo;affaire de l&rsquo;olivier d&rsquo;Ilan Halimi. Des fr\u00e8res jumeaux ont \u00e9t\u00e9 condamn\u00e9s pour avoir abattu mi-ao\u00fbt l&rsquo;arbre plant\u00e9 en m\u00e9moire du jeune homme juif tortur\u00e9 \u00e0 mort en 2006 : l&rsquo;un \u00e0 huit mois de prison ferme, l&rsquo;autre \u00e0 huit mois avec sursis. Les deux&hellip; Poursuivre la lecture Deux fr\u00e8res condamn\u00e9s pour avoir abattu un olivier en hommage \u00e0 Ilan Halimi","og_url":"https:\/\/jumeaux91.fr\/blog\/deux-freres-condamnes-pour-avoir-abattu-un-olivier-en-hommage-a-ilan-halimi\/","og_site_name":"JUMEAUX91","article_published_time":"2025-10-22T22:31:00+00:00","author":"Claude DAYRES","twitter_card":"summary_large_image","twitter_misc":{"\u00c9crit par":"Claude DAYRES","Dur\u00e9e de lecture estim\u00e9e":"2 minutes"},"schema":{"@context":"https:\/\/schema.org","@graph":[{"@type":"Article","@id":"https:\/\/jumeaux91.fr\/blog\/deux-freres-condamnes-pour-avoir-abattu-un-olivier-en-hommage-a-ilan-halimi\/#article","isPartOf":{"@id":"https:\/\/jumeaux91.fr\/blog\/deux-freres-condamnes-pour-avoir-abattu-un-olivier-en-hommage-a-ilan-halimi\/"},"author":{"name":"Claude DAYRES","@id":"https:\/\/jumeaux91.fr\/blog\/#\/schema\/person\/21da06e9f119b9f64e5d45dbbd32d3fb"},"headline":"Deux fr\u00e8res condamn\u00e9s pour avoir abattu un olivier en hommage \u00e0 Ilan Halimi","datePublished":"2025-10-22T22:31:00+00:00","mainEntityOfPage":{"@id":"https:\/\/jumeaux91.fr\/blog\/deux-freres-condamnes-pour-avoir-abattu-un-olivier-en-hommage-a-ilan-halimi\/"},"wordCount":531,"publisher":{"@id":"https:\/\/jumeaux91.fr\/blog\/#organization"},"articleSection":["Posts Fr\u00e8res Jumeaux De L'Essonnes:"],"inLanguage":"fr-FR"},{"@type":"WebPage","@id":"https:\/\/jumeaux91.fr\/blog\/deux-freres-condamnes-pour-avoir-abattu-un-olivier-en-hommage-a-ilan-halimi\/","url":"https:\/\/jumeaux91.fr\/blog\/deux-freres-condamnes-pour-avoir-abattu-un-olivier-en-hommage-a-ilan-halimi\/","name":"Deux fr\u00e8res condamn\u00e9s pour avoir abattu un olivier en hommage \u00e0 Ilan Halimi - JUMEAUX91","isPartOf":{"@id":"https:\/\/jumeaux91.fr\/blog\/#website"},"datePublished":"2025-10-22T22:31:00+00:00","breadcrumb":{"@id":"https:\/\/jumeaux91.fr\/blog\/deux-freres-condamnes-pour-avoir-abattu-un-olivier-en-hommage-a-ilan-halimi\/#breadcrumb"},"inLanguage":"fr-FR","potentialAction":[{"@type":"ReadAction","target":["https:\/\/jumeaux91.fr\/blog\/deux-freres-condamnes-pour-avoir-abattu-un-olivier-en-hommage-a-ilan-halimi\/"]}]},{"@type":"BreadcrumbList","@id":"https:\/\/jumeaux91.fr\/blog\/deux-freres-condamnes-pour-avoir-abattu-un-olivier-en-hommage-a-ilan-halimi\/#breadcrumb","itemListElement":[{"@type":"ListItem","position":1,"name":"Accueil","item":"https:\/\/jumeaux91.fr\/blog\/"},{"@type":"ListItem","position":2,"name":"Deux fr\u00e8res condamn\u00e9s pour avoir abattu un olivier en hommage \u00e0 Ilan Halimi"}]},{"@type":"WebSite","@id":"https:\/\/jumeaux91.fr\/blog\/#website","url":"https:\/\/jumeaux91.fr\/blog\/","name":"JUMEAUX91","description":"Fr\u00e8res jumeaux de l&#039;Essonnes; informations et archives, \u00e0 savoir et retenir.","publisher":{"@id":"https:\/\/jumeaux91.fr\/blog\/#organization"},"potentialAction":[{"@type":"SearchAction","target":{"@type":"EntryPoint","urlTemplate":"https:\/\/jumeaux91.fr\/blog\/?s={search_term_string}"},"query-input":{"@type":"PropertyValueSpecification","valueRequired":true,"valueName":"search_term_string"}}],"inLanguage":"fr-FR"},{"@type":"Organization","@id":"https:\/\/jumeaux91.fr\/blog\/#organization","name":"jumeaux91","url":"https:\/\/jumeaux91.fr\/blog\/","logo":{"@type":"ImageObject","inLanguage":"fr-FR","@id":"https:\/\/jumeaux91.fr\/blog\/#\/schema\/logo\/image\/","url":"https:\/\/jumeaux91.fr\/blog\/wp-content\/uploads\/2023\/05\/cropped-cropped-logoJ_91.png","contentUrl":"https:\/\/jumeaux91.fr\/blog\/wp-content\/uploads\/2023\/05\/cropped-cropped-logoJ_91.png","width":512,"height":512,"caption":"jumeaux91"},"image":{"@id":"https:\/\/jumeaux91.fr\/blog\/#\/schema\/logo\/image\/"}},{"@type":"Person","@id":"https:\/\/jumeaux91.fr\/blog\/#\/schema\/person\/21da06e9f119b9f64e5d45dbbd32d3fb","name":"Claude DAYRES","image":{"@type":"ImageObject","inLanguage":"fr-FR","@id":"https:\/\/secure.gravatar.com\/avatar\/82eb951df6110a2c48d1bfa7a67d1ee6f0cd5df3cbf9c3586dd61e82db7172a5?s=96&d=mm&r=g","url":"https:\/\/secure.gravatar.com\/avatar\/82eb951df6110a2c48d1bfa7a67d1ee6f0cd5df3cbf9c3586dd61e82db7172a5?s=96&d=mm&r=g","contentUrl":"https:\/\/secure.gravatar.com\/avatar\/82eb951df6110a2c48d1bfa7a67d1ee6f0cd5df3cbf9c3586dd61e82db7172a5?s=96&d=mm&r=g","caption":"Claude DAYRES"},"url":"https:\/\/jumeaux91.fr\/blog\/author\/x91claude\/"}]}},"_links":{"self":[{"href":"https:\/\/jumeaux91.fr\/blog\/wp-json\/wp\/v2\/posts\/1806","targetHints":{"allow":["GET"]}}],"collection":[{"href":"https:\/\/jumeaux91.fr\/blog\/wp-json\/wp\/v2\/posts"}],"about":[{"href":"https:\/\/jumeaux91.fr\/blog\/wp-json\/wp\/v2\/types\/post"}],"author":[{"embeddable":true,"href":"https:\/\/jumeaux91.fr\/blog\/wp-json\/wp\/v2\/users\/2"}],"replies":[{"embeddable":true,"href":"https:\/\/jumeaux91.fr\/blog\/wp-json\/wp\/v2\/comments?post=1806"}],"version-history":[{"count":0,"href":"https:\/\/jumeaux91.fr\/blog\/wp-json\/wp\/v2\/posts\/1806\/revisions"}],"wp:attachment":[{"href":"https:\/\/jumeaux91.fr\/blog\/wp-json\/wp\/v2\/media?parent=1806"}],"wp:term":[{"taxonomy":"category","embeddable":true,"href":"https:\/\/jumeaux91.fr\/blog\/wp-json\/wp\/v2\/categories?post=1806"},{"taxonomy":"post_tag","embeddable":true,"href":"https:\/\/jumeaux91.fr\/blog\/wp-json\/wp\/v2\/tags?post=1806"}],"curies":[{"name":"wp","href":"https:\/\/api.w.org\/{rel}","templated":true}]}}