{"id":1807,"date":"2025-10-23T11:07:00","date_gmt":"2025-10-23T09:07:00","guid":{"rendered":"https:\/\/jumeaux91.fr\/blog\/olivier-pour-ilan-halimi-la-condamnation-sans-motif-antisemite-de-deux-freres-suscite-lincomprehension\/"},"modified":"2025-10-23T11:07:00","modified_gmt":"2025-10-23T09:07:00","slug":"olivier-pour-ilan-halimi-la-condamnation-sans-motif-antisemite-de-deux-freres-suscite-lincomprehension","status":"publish","type":"post","link":"https:\/\/jumeaux91.fr\/blog\/olivier-pour-ilan-halimi-la-condamnation-sans-motif-antisemite-de-deux-freres-suscite-lincomprehension\/","title":{"rendered":"Olivier pour Ilan Halimi : La condamnation sans motif antis\u00e9mite de deux fr\u00e8res suscite l\u2019incompr\u00e9hension"},"content":{"rendered":"<div><img decoding=\"async\" src=\"https:\/\/jumeaux91.fr\/blog\/wp-content\/uploads\/2025\/10\/olivier-pour-ilan-halimi-la-condamnation-sans-motif-antisemite-de-deux-freres-suscite-lincomprehension.jpg\" class=\"ff-og-image-inserted\"><\/div>\n<p class=\"mb-4 text-lg md:leading-8 break-words\"><strong>r\u00e9actions &#8211; Les r\u00e9actions sont vives au sein de la communaut\u00e9 juive apr\u00e8s la condamnation, mais sans reconnaissance d\u2019un motif antis\u00e9mite, de deux fr\u00e8res ayant abattu un arbre plant\u00e9 en m\u00e9moire d\u2019Ilan Halimi<\/strong><\/p>\n<p class=\"mb-4 text-lg md:leading-8 break-words\">\u00ab&nbsp;Affront&nbsp;\u00bb, \u00ab&nbsp;d\u00e9cision incompr\u00e9hensible&nbsp;\u00bb\u2026 les r\u00e9actions \u00e9taient vives jeudi au sein de la communaut\u00e9 juive apr\u00e8s la condamnation, mais sans reconnaissance d\u2019un <a href=\"https:\/\/www.20minutes.fr\/justice\/4181044-20251023-olivier-ilan-halimi-abattu-deux-freres-juges-coupables-caractere-antisemite-retenu?at_medium=RSS%20feed&amp;at_campaign=ynews&amp;utm_source=yahoo&amp;utm_medium=rss&amp;utm_campaign=news_feed&amp;utm_content=in_article_link\" rel=\"nofollow noopener\" target=\"_blank\" data-ylk=\"slk:motif antis\u00e9mite, de deux fr\u00e8res;elm:context_link;itc:0;sec:content-canvas\" class=\"link \">motif antis\u00e9mite, de deux fr\u00e8res<\/a> ayant abattu un arbre plant\u00e9 en m\u00e9moire d\u2019Ilan Halimi, jeune homme juif tortur\u00e9 \u00e0 mort en&nbsp;2006.<\/p>\n<p class=\"mb-4 text-lg md:leading-8 break-words\">\u00ab&nbsp;Refuser de voir l\u2019antis\u00e9mitisme quand on abat l\u2019arbre en hommage \u00e0 <a href=\"https:\/\/www.20minutes.fr\/dossier\/ilan_halimi?at_medium=RSS%20feed&amp;at_campaign=ynews&amp;utm_source=yahoo&amp;utm_medium=rss&amp;utm_campaign=news_feed&amp;utm_content=in_article_link\" rel=\"nofollow noopener\" target=\"_blank\" data-ylk=\"slk:Ilan Halimi;elm:context_link;itc:0;sec:content-canvas\" class=\"link \">Ilan Halimi<\/a>, c\u2019est faire affront \u00e0 tous ceux qui luttent contre la haine des Juifs&nbsp;\u00bb, a affirm\u00e9 sur X Yonathan Arfi le pr\u00e9sident du Conseil repr\u00e9sentatif des institutions juives de France (<a href=\"https:\/\/www.20minutes.fr\/arts-stars\/culture\/musique\/4168885-20250821-rock-seine-crif-demande-deprogrammation-groupe-kneecap-accuse-soutien-hezbollah?at_medium=RSS%20feed&amp;at_campaign=ynews&amp;utm_source=yahoo&amp;utm_medium=rss&amp;utm_campaign=news_feed&amp;utm_content=in_article_link\" rel=\"nofollow noopener\" target=\"_blank\" data-ylk=\"slk:Crif;elm:context_link;itc:0;sec:content-canvas\" class=\"link \">Crif<\/a>). \u00ab&nbsp;Avec cette d\u00e9cision, non seulement la justice n\u2019apporte pas de r\u00e9ponse \u00e0 l\u2019antis\u00e9mitisme mais elle aggrave le probl\u00e8me&nbsp;\u00bb, a-t-il ajout\u00e9.<\/p>\n<div class=\"max-md:faux-bleed mb-4 bg-marshmallow pb-5 dark:bg-ramones md:invisible md:mb-0 md:h-0 md:overflow-hidden md:pb-0\">\n<p>Publicit\u00e9<\/p>\n<div class=\"flex w-full flex-nowrap justify-center\">\n<div class=\"flex ad-container\" id=\"_R_2k74kmhek5clubsnm6jbH1_\">\n<p>Publicit\u00e9<\/p>\n<\/div>\n<\/div>\n<\/div>\n<div class=\"mb-4 hidden pb-5 md:block\">\n<p>Publicit\u00e9<\/p>\n<div class=\"flex w-full flex-nowrap justify-center\">\n<div class=\"flex ad-container\" id=\"_R_4k74kmhek5clubsnm6jbH1_\">\n<p>Publicit\u00e9<\/p>\n<\/div>\n<\/div>\n<\/div>\n<p class=\"mb-4 text-lg md:leading-8 break-words\">Le tribunal correctionnel de Bobigny a condamn\u00e9 mercredi des fr\u00e8res jumeaux, l\u2019un \u00e0 huit mois de prison ferme, l\u2019autre \u00e0 huit mois de prison avec sursis, pour avoir abattu cet arbre mi-ao\u00fbt \u00e0 Epinay-sur-Seine (Seine-Saint-Denis).<\/p>\n<h2 class=\"mb-4 text-xl font-bold md:text-2xl\">\u00ab&nbsp;A qui veut-on faire croire cette fable&nbsp;\u00bb&nbsp;?<\/h2>\n<p class=\"mb-4 text-lg md:leading-8 break-words\">Le tribunal les a d\u00e9clar\u00e9s coupables de destruction du bien d\u2019autrui aggrav\u00e9e. Mais il les a relax\u00e9s du fait de violation d\u2019un monument d\u00e9di\u00e9 \u00e0 la m\u00e9moire des morts commise en raison de la race, l\u2019ethnie, la nation ou la <a href=\"https:\/\/www.20minutes.fr\/dossier\/judaisme?at_medium=RSS%20feed&amp;at_campaign=ynews&amp;utm_source=yahoo&amp;utm_medium=rss&amp;utm_campaign=news_feed&amp;utm_content=in_article_link\" rel=\"nofollow noopener\" target=\"_blank\" data-ylk=\"slk:religion;elm:context_link;itc:0;sec:content-canvas\" class=\"link \">religion<\/a>. Il a estim\u00e9 qu\u2019il n\u2019y avait pas assez d\u2019\u00e9l\u00e9ments permettant d\u2019\u00e9tablir que les deux hommes avaient conscience qu\u2019il s\u2019agissait d\u2019un monument en la m\u00e9moire d\u2019Ilan Halimi.<\/p>\n<figure class=\"mb-4 text-lg md:leading-8 break-words\"><a href=\"https:\/\/www.20minutes.fr\/dossier\/ilan_halimi\" rel=\"nofollow noopener\" target=\"_blank\" data-ylk=\"slk:Les articles Ilan Halimi;elm:context_link;itc:0;sec:content-canvas\" class=\"link \">Les articles Ilan Halimi<\/a><\/figure>\n<p class=\"mb-4 text-lg md:leading-8 break-words\">Pour l\u2019Union des \u00e9tudiants juifs de France (UEJF), \u00ab&nbsp;ce jugement est incompr\u00e9hensible&nbsp;\u00bb car tron\u00e7onner l\u2019arbre plant\u00e9 en m\u00e9moi(&#8230;)<\/p>\n<p class=\"mb-4 text-lg md:leading-8 break-words\"><a href=\"https:\/\/www.20minutes.fr\/societe\/4181254-20251023-olivier-ilan-halimi-condamnation-motif-antisemite-deux-freres-suscite-incomprehension?at_medium=RSS%20feed&amp;at_campaign=ynews&amp;utm_source=yahoo&amp;utm_medium=rss&amp;utm_campaign=news_feed&amp;utm_content=read_more_link&quot;\" rel=\"nofollow noopener\" target=\"_blank\" data-ylk=\"slk:Lire la suite sur 20minutes;elm:context_link;itc:0;sec:content-canvas\" class=\"link \">Lire la suite sur 20minutes<\/a><\/p>\n<p>\u00c0 lire aussi :<br \/><a href=\"https:\/\/www.20minutes.fr\/justice\/4181044-20251023-olivier-ilan-halimi-abattu-deux-freres-juges-coupables-caractere-antisemite-retenu?at_medium=RSS%20feed&amp;at_campaign=ynews&amp;utm_source=yahoo&amp;utm_medium=rss&amp;utm_campaign=news_feed&amp;utm_content=related_content_link\" rel=\"nofollow noopener\" target=\"_blank\" data-ylk=\"slk:Deux fr\u00e8res jug\u00e9s coupables d\u2019avoir abattu l\u2019olivier en hommage \u00e0 Ilan Halimi, le caract\u00e8re antis\u00e9mite pas retenu;elm:context_link;itc:0;sec:content-canvas\" class=\"link \">Deux fr\u00e8res jug\u00e9s coupables d\u2019avoir abattu l\u2019olivier en hommage \u00e0 Ilan Halimi, le caract\u00e8re antis\u00e9mite pas retenu<\/a><br \/><a href=\"https:\/\/www.20minutes.fr\/faits_divers\/4168105-20250815-antisemitisme-olivier-rendant-hommage-ilan-halimi-abattu-epinay-seine?at_medium=RSS%20feed&amp;at_campaign=ynews&amp;utm_source=yahoo&amp;utm_medium=rss&amp;utm_campaign=news_feed&amp;utm_content=related_content_link\" rel=\"nofollow noopener\" target=\"_blank\" data-ylk=\"slk:La \u00ab&nbsp;haine antis\u00e9mite&nbsp;\u00bb\u2026 Un olivier rendant hommage \u00e0 Ilan Halimi abattu \u00e0 Epinay-sur-Seine;elm:context_link;itc:0;sec:content-canvas\" class=\"link \">La \u00ab&nbsp;haine antis\u00e9mite&nbsp;\u00bb\u2026 Un olivier rendant hommage \u00e0 Ilan Halimi abattu \u00e0 Epinay-sur-Seine<\/a><\/p>\n<p>La chronique se veut g\u00e9n\u00e9r\u00e9e de la fa\u00e7on la plus claire que possible. Dans le cas o\u00f9 vous souhaitez pr\u00e9senter des renseignements compl\u00e9mentaires \u00e0 cet article sur le sujet \u00ab\u00a0Fr\u00e8res jumeaux de l&rsquo;Essonnes\u00a0\u00bb il vous est possible d\u2019\u00e9crire aux contacts indiqu\u00e9s sur notre website. La raison d\u2019\u00eatre de jumeaux91.fr \u00e9tant de rassembler sur le web des posts sur le sujet de Fr\u00e8res jumeaux de l&rsquo;Essonnes puis les diffuser en r\u00e9pondant au mieux aux interrogations des gens. Vous pouvez tirer profit de cet article traitant le sujet \u00ab\u00a0Fr\u00e8res jumeaux de l&rsquo;Essonnes\u00a0\u00bb. Il est concoct\u00e9 par l\u2019\u00e9quipe jumeaux91.fr. Prochainement, nous rendrons accessibles au public d&rsquo;autres informations pertinentes sur le sujet \u00ab\u00a0Fr\u00e8res jumeaux de l&rsquo;Essonnes\u00a0\u00bb. Alors, consultez syst\u00e9matiquement notre blog.<\/p>\n","protected":false},"excerpt":{"rendered":"<p>r\u00e9actions &#8211; Les r\u00e9actions sont vives au sein de la communaut\u00e9 juive apr\u00e8s la condamnation, mais sans reconnaissance d\u2019un motif antis\u00e9mite, de deux fr\u00e8res ayant abattu un arbre plant\u00e9 en m\u00e9moire d\u2019Ilan Halimi \u00ab&nbsp;Affront&nbsp;\u00bb, \u00ab&nbsp;d\u00e9cision incompr\u00e9hensible&nbsp;\u00bb\u2026 les r\u00e9actions \u00e9taient vives jeudi au sein de la communaut\u00e9 juive apr\u00e8s la condamnation, mais sans reconnaissance d\u2019un motif&hellip; <a class=\"more-link\" href=\"https:\/\/jumeaux91.fr\/blog\/olivier-pour-ilan-halimi-la-condamnation-sans-motif-antisemite-de-deux-freres-suscite-lincomprehension\/\">Poursuivre la lecture <span class=\"screen-reader-text\">Olivier pour Ilan Halimi : La condamnation sans motif antis\u00e9mite de deux fr\u00e8res suscite l\u2019incompr\u00e9hension<\/span><\/a><\/p>\n","protected":false},"author":2,"featured_media":1808,"comment_status":"closed","ping_status":"closed","sticky":false,"template":"","format":"standard","meta":{"footnotes":""},"categories":[4],"tags":[],"class_list":["post-1807","post","type-post","status-publish","format-standard","has-post-thumbnail","hentry","category-posts-freres-jumeaux-de-lessonnes","entry"],"yoast_head":"<!-- This site is optimized with the Yoast SEO plugin v27.5 - https:\/\/yoast.com\/product\/yoast-seo-wordpress\/ -->\n<title>Olivier pour Ilan Halimi : La condamnation sans motif antis\u00e9mite de deux fr\u00e8res suscite l\u2019incompr\u00e9hension - JUMEAUX91<\/title>\n<meta name=\"robots\" content=\"index, follow, max-snippet:-1, max-image-preview:large, max-video-preview:-1\" \/>\n<link rel=\"canonical\" href=\"https:\/\/jumeaux91.fr\/blog\/olivier-pour-ilan-halimi-la-condamnation-sans-motif-antisemite-de-deux-freres-suscite-lincomprehension\/\" \/>\n<meta property=\"og:locale\" content=\"fr_FR\" \/>\n<meta property=\"og:type\" content=\"article\" \/>\n<meta property=\"og:title\" content=\"Olivier pour Ilan Halimi : La condamnation sans motif antis\u00e9mite de deux fr\u00e8res suscite l\u2019incompr\u00e9hension - JUMEAUX91\" \/>\n<meta property=\"og:description\" content=\"r\u00e9actions &#8211; Les r\u00e9actions sont vives au sein de la communaut\u00e9 juive apr\u00e8s la condamnation, mais sans reconnaissance d\u2019un motif antis\u00e9mite, de deux fr\u00e8res ayant abattu un arbre plant\u00e9 en m\u00e9moire d\u2019Ilan Halimi \u00ab&nbsp;Affront&nbsp;\u00bb, \u00ab&nbsp;d\u00e9cision incompr\u00e9hensible&nbsp;\u00bb\u2026 les r\u00e9actions \u00e9taient vives jeudi au sein de la communaut\u00e9 juive apr\u00e8s la condamnation, mais sans reconnaissance d\u2019un motif&hellip; Poursuivre la lecture Olivier pour Ilan Halimi : La condamnation sans motif antis\u00e9mite de deux fr\u00e8res suscite l\u2019incompr\u00e9hension\" \/>\n<meta property=\"og:url\" content=\"https:\/\/jumeaux91.fr\/blog\/olivier-pour-ilan-halimi-la-condamnation-sans-motif-antisemite-de-deux-freres-suscite-lincomprehension\/\" \/>\n<meta property=\"og:site_name\" content=\"JUMEAUX91\" \/>\n<meta property=\"article:published_time\" content=\"2025-10-23T09:07:00+00:00\" \/>\n<meta property=\"og:image\" content=\"https:\/\/jumeaux91.fr\/blog\/wp-content\/uploads\/2025\/10\/olivier-pour-ilan-halimi-la-condamnation-sans-motif-antisemite-de-deux-freres-suscite-lincomprehension.jpg\" \/>\n<meta name=\"author\" content=\"Claude DAYRES\" \/>\n<meta name=\"twitter:card\" content=\"summary_large_image\" \/>\n<meta name=\"twitter:label1\" content=\"\u00c9crit par\" \/>\n\t<meta name=\"twitter:data1\" content=\"Claude DAYRES\" \/>\n\t<meta name=\"twitter:label2\" content=\"Dur\u00e9e de lecture estim\u00e9e\" \/>\n\t<meta name=\"twitter:data2\" content=\"3 minutes\" \/>\n<script type=\"application\/ld+json\" class=\"yoast-schema-graph\">{\"@context\":\"https:\\\/\\\/schema.org\",\"@graph\":[{\"@type\":\"Article\",\"@id\":\"https:\\\/\\\/jumeaux91.fr\\\/blog\\\/olivier-pour-ilan-halimi-la-condamnation-sans-motif-antisemite-de-deux-freres-suscite-lincomprehension\\\/#article\",\"isPartOf\":{\"@id\":\"https:\\\/\\\/jumeaux91.fr\\\/blog\\\/olivier-pour-ilan-halimi-la-condamnation-sans-motif-antisemite-de-deux-freres-suscite-lincomprehension\\\/\"},\"author\":{\"name\":\"Claude DAYRES\",\"@id\":\"https:\\\/\\\/jumeaux91.fr\\\/blog\\\/#\\\/schema\\\/person\\\/21da06e9f119b9f64e5d45dbbd32d3fb\"},\"headline\":\"Olivier pour Ilan Halimi : La condamnation sans motif antis\u00e9mite de deux fr\u00e8res suscite l\u2019incompr\u00e9hension\",\"datePublished\":\"2025-10-23T09:07:00+00:00\",\"mainEntityOfPage\":{\"@id\":\"https:\\\/\\\/jumeaux91.fr\\\/blog\\\/olivier-pour-ilan-halimi-la-condamnation-sans-motif-antisemite-de-deux-freres-suscite-lincomprehension\\\/\"},\"wordCount\":536,\"publisher\":{\"@id\":\"https:\\\/\\\/jumeaux91.fr\\\/blog\\\/#organization\"},\"image\":{\"@id\":\"https:\\\/\\\/jumeaux91.fr\\\/blog\\\/olivier-pour-ilan-halimi-la-condamnation-sans-motif-antisemite-de-deux-freres-suscite-lincomprehension\\\/#primaryimage\"},\"thumbnailUrl\":\"https:\\\/\\\/jumeaux91.fr\\\/blog\\\/wp-content\\\/uploads\\\/2025\\\/10\\\/olivier-pour-ilan-halimi-la-condamnation-sans-motif-antisemite-de-deux-freres-suscite-lincomprehension.jpg\",\"articleSection\":[\"Posts Fr\u00e8res Jumeaux De L'Essonnes:\"],\"inLanguage\":\"fr-FR\"},{\"@type\":\"WebPage\",\"@id\":\"https:\\\/\\\/jumeaux91.fr\\\/blog\\\/olivier-pour-ilan-halimi-la-condamnation-sans-motif-antisemite-de-deux-freres-suscite-lincomprehension\\\/\",\"url\":\"https:\\\/\\\/jumeaux91.fr\\\/blog\\\/olivier-pour-ilan-halimi-la-condamnation-sans-motif-antisemite-de-deux-freres-suscite-lincomprehension\\\/\",\"name\":\"Olivier pour Ilan Halimi : La condamnation sans motif antis\u00e9mite de deux fr\u00e8res suscite l\u2019incompr\u00e9hension - JUMEAUX91\",\"isPartOf\":{\"@id\":\"https:\\\/\\\/jumeaux91.fr\\\/blog\\\/#website\"},\"primaryImageOfPage\":{\"@id\":\"https:\\\/\\\/jumeaux91.fr\\\/blog\\\/olivier-pour-ilan-halimi-la-condamnation-sans-motif-antisemite-de-deux-freres-suscite-lincomprehension\\\/#primaryimage\"},\"image\":{\"@id\":\"https:\\\/\\\/jumeaux91.fr\\\/blog\\\/olivier-pour-ilan-halimi-la-condamnation-sans-motif-antisemite-de-deux-freres-suscite-lincomprehension\\\/#primaryimage\"},\"thumbnailUrl\":\"https:\\\/\\\/jumeaux91.fr\\\/blog\\\/wp-content\\\/uploads\\\/2025\\\/10\\\/olivier-pour-ilan-halimi-la-condamnation-sans-motif-antisemite-de-deux-freres-suscite-lincomprehension.jpg\",\"datePublished\":\"2025-10-23T09:07:00+00:00\",\"breadcrumb\":{\"@id\":\"https:\\\/\\\/jumeaux91.fr\\\/blog\\\/olivier-pour-ilan-halimi-la-condamnation-sans-motif-antisemite-de-deux-freres-suscite-lincomprehension\\\/#breadcrumb\"},\"inLanguage\":\"fr-FR\",\"potentialAction\":[{\"@type\":\"ReadAction\",\"target\":[\"https:\\\/\\\/jumeaux91.fr\\\/blog\\\/olivier-pour-ilan-halimi-la-condamnation-sans-motif-antisemite-de-deux-freres-suscite-lincomprehension\\\/\"]}]},{\"@type\":\"ImageObject\",\"inLanguage\":\"fr-FR\",\"@id\":\"https:\\\/\\\/jumeaux91.fr\\\/blog\\\/olivier-pour-ilan-halimi-la-condamnation-sans-motif-antisemite-de-deux-freres-suscite-lincomprehension\\\/#primaryimage\",\"url\":\"https:\\\/\\\/jumeaux91.fr\\\/blog\\\/wp-content\\\/uploads\\\/2025\\\/10\\\/olivier-pour-ilan-halimi-la-condamnation-sans-motif-antisemite-de-deux-freres-suscite-lincomprehension.jpg\",\"contentUrl\":\"https:\\\/\\\/jumeaux91.fr\\\/blog\\\/wp-content\\\/uploads\\\/2025\\\/10\\\/olivier-pour-ilan-halimi-la-condamnation-sans-motif-antisemite-de-deux-freres-suscite-lincomprehension.jpg\",\"width\":648,\"height\":415,\"caption\":\"Olivier pour Ilan Halimi : La condamnation sans motif antis\u00e9mite de deux fr\u00e8res suscite l\u2019incompr\u00e9hension\"},{\"@type\":\"BreadcrumbList\",\"@id\":\"https:\\\/\\\/jumeaux91.fr\\\/blog\\\/olivier-pour-ilan-halimi-la-condamnation-sans-motif-antisemite-de-deux-freres-suscite-lincomprehension\\\/#breadcrumb\",\"itemListElement\":[{\"@type\":\"ListItem\",\"position\":1,\"name\":\"Accueil\",\"item\":\"https:\\\/\\\/jumeaux91.fr\\\/blog\\\/\"},{\"@type\":\"ListItem\",\"position\":2,\"name\":\"Olivier pour Ilan Halimi : La condamnation sans motif antis\u00e9mite de deux fr\u00e8res suscite l\u2019incompr\u00e9hension\"}]},{\"@type\":\"WebSite\",\"@id\":\"https:\\\/\\\/jumeaux91.fr\\\/blog\\\/#website\",\"url\":\"https:\\\/\\\/jumeaux91.fr\\\/blog\\\/\",\"name\":\"JUMEAUX91\",\"description\":\"Fr\u00e8res jumeaux de l&#039;Essonnes; informations et archives, \u00e0 savoir et retenir.\",\"publisher\":{\"@id\":\"https:\\\/\\\/jumeaux91.fr\\\/blog\\\/#organization\"},\"potentialAction\":[{\"@type\":\"SearchAction\",\"target\":{\"@type\":\"EntryPoint\",\"urlTemplate\":\"https:\\\/\\\/jumeaux91.fr\\\/blog\\\/?s={search_term_string}\"},\"query-input\":{\"@type\":\"PropertyValueSpecification\",\"valueRequired\":true,\"valueName\":\"search_term_string\"}}],\"inLanguage\":\"fr-FR\"},{\"@type\":\"Organization\",\"@id\":\"https:\\\/\\\/jumeaux91.fr\\\/blog\\\/#organization\",\"name\":\"jumeaux91\",\"url\":\"https:\\\/\\\/jumeaux91.fr\\\/blog\\\/\",\"logo\":{\"@type\":\"ImageObject\",\"inLanguage\":\"fr-FR\",\"@id\":\"https:\\\/\\\/jumeaux91.fr\\\/blog\\\/#\\\/schema\\\/logo\\\/image\\\/\",\"url\":\"https:\\\/\\\/jumeaux91.fr\\\/blog\\\/wp-content\\\/uploads\\\/2023\\\/05\\\/cropped-cropped-logoJ_91.png\",\"contentUrl\":\"https:\\\/\\\/jumeaux91.fr\\\/blog\\\/wp-content\\\/uploads\\\/2023\\\/05\\\/cropped-cropped-logoJ_91.png\",\"width\":512,\"height\":512,\"caption\":\"jumeaux91\"},\"image\":{\"@id\":\"https:\\\/\\\/jumeaux91.fr\\\/blog\\\/#\\\/schema\\\/logo\\\/image\\\/\"}},{\"@type\":\"Person\",\"@id\":\"https:\\\/\\\/jumeaux91.fr\\\/blog\\\/#\\\/schema\\\/person\\\/21da06e9f119b9f64e5d45dbbd32d3fb\",\"name\":\"Claude DAYRES\",\"image\":{\"@type\":\"ImageObject\",\"inLanguage\":\"fr-FR\",\"@id\":\"https:\\\/\\\/secure.gravatar.com\\\/avatar\\\/82eb951df6110a2c48d1bfa7a67d1ee6f0cd5df3cbf9c3586dd61e82db7172a5?s=96&d=mm&r=g\",\"url\":\"https:\\\/\\\/secure.gravatar.com\\\/avatar\\\/82eb951df6110a2c48d1bfa7a67d1ee6f0cd5df3cbf9c3586dd61e82db7172a5?s=96&d=mm&r=g\",\"contentUrl\":\"https:\\\/\\\/secure.gravatar.com\\\/avatar\\\/82eb951df6110a2c48d1bfa7a67d1ee6f0cd5df3cbf9c3586dd61e82db7172a5?s=96&d=mm&r=g\",\"caption\":\"Claude DAYRES\"},\"url\":\"https:\\\/\\\/jumeaux91.fr\\\/blog\\\/author\\\/x91claude\\\/\"}]}<\/script>\n<!-- \/ Yoast SEO plugin. -->","yoast_head_json":{"title":"Olivier pour Ilan Halimi : La condamnation sans motif antis\u00e9mite de deux fr\u00e8res suscite l\u2019incompr\u00e9hension - JUMEAUX91","robots":{"index":"index","follow":"follow","max-snippet":"max-snippet:-1","max-image-preview":"max-image-preview:large","max-video-preview":"max-video-preview:-1"},"canonical":"https:\/\/jumeaux91.fr\/blog\/olivier-pour-ilan-halimi-la-condamnation-sans-motif-antisemite-de-deux-freres-suscite-lincomprehension\/","og_locale":"fr_FR","og_type":"article","og_title":"Olivier pour Ilan Halimi : La condamnation sans motif antis\u00e9mite de deux fr\u00e8res suscite l\u2019incompr\u00e9hension - JUMEAUX91","og_description":"r\u00e9actions &#8211; Les r\u00e9actions sont vives au sein de la communaut\u00e9 juive apr\u00e8s la condamnation, mais sans reconnaissance d\u2019un motif antis\u00e9mite, de deux fr\u00e8res ayant abattu un arbre plant\u00e9 en m\u00e9moire d\u2019Ilan Halimi \u00ab&nbsp;Affront&nbsp;\u00bb, \u00ab&nbsp;d\u00e9cision incompr\u00e9hensible&nbsp;\u00bb\u2026 les r\u00e9actions \u00e9taient vives jeudi au sein de la communaut\u00e9 juive apr\u00e8s la condamnation, mais sans reconnaissance d\u2019un motif&hellip; Poursuivre la lecture Olivier pour Ilan Halimi : La condamnation sans motif antis\u00e9mite de deux fr\u00e8res suscite l\u2019incompr\u00e9hension","og_url":"https:\/\/jumeaux91.fr\/blog\/olivier-pour-ilan-halimi-la-condamnation-sans-motif-antisemite-de-deux-freres-suscite-lincomprehension\/","og_site_name":"JUMEAUX91","article_published_time":"2025-10-23T09:07:00+00:00","og_image":[{"url":"https:\/\/jumeaux91.fr\/blog\/wp-content\/uploads\/2025\/10\/olivier-pour-ilan-halimi-la-condamnation-sans-motif-antisemite-de-deux-freres-suscite-lincomprehension.jpg","type":"","width":"","height":""}],"author":"Claude DAYRES","twitter_card":"summary_large_image","twitter_misc":{"\u00c9crit par":"Claude DAYRES","Dur\u00e9e de lecture estim\u00e9e":"3 minutes"},"schema":{"@context":"https:\/\/schema.org","@graph":[{"@type":"Article","@id":"https:\/\/jumeaux91.fr\/blog\/olivier-pour-ilan-halimi-la-condamnation-sans-motif-antisemite-de-deux-freres-suscite-lincomprehension\/#article","isPartOf":{"@id":"https:\/\/jumeaux91.fr\/blog\/olivier-pour-ilan-halimi-la-condamnation-sans-motif-antisemite-de-deux-freres-suscite-lincomprehension\/"},"author":{"name":"Claude DAYRES","@id":"https:\/\/jumeaux91.fr\/blog\/#\/schema\/person\/21da06e9f119b9f64e5d45dbbd32d3fb"},"headline":"Olivier pour Ilan Halimi : La condamnation sans motif antis\u00e9mite de deux fr\u00e8res suscite l\u2019incompr\u00e9hension","datePublished":"2025-10-23T09:07:00+00:00","mainEntityOfPage":{"@id":"https:\/\/jumeaux91.fr\/blog\/olivier-pour-ilan-halimi-la-condamnation-sans-motif-antisemite-de-deux-freres-suscite-lincomprehension\/"},"wordCount":536,"publisher":{"@id":"https:\/\/jumeaux91.fr\/blog\/#organization"},"image":{"@id":"https:\/\/jumeaux91.fr\/blog\/olivier-pour-ilan-halimi-la-condamnation-sans-motif-antisemite-de-deux-freres-suscite-lincomprehension\/#primaryimage"},"thumbnailUrl":"https:\/\/jumeaux91.fr\/blog\/wp-content\/uploads\/2025\/10\/olivier-pour-ilan-halimi-la-condamnation-sans-motif-antisemite-de-deux-freres-suscite-lincomprehension.jpg","articleSection":["Posts Fr\u00e8res Jumeaux De L'Essonnes:"],"inLanguage":"fr-FR"},{"@type":"WebPage","@id":"https:\/\/jumeaux91.fr\/blog\/olivier-pour-ilan-halimi-la-condamnation-sans-motif-antisemite-de-deux-freres-suscite-lincomprehension\/","url":"https:\/\/jumeaux91.fr\/blog\/olivier-pour-ilan-halimi-la-condamnation-sans-motif-antisemite-de-deux-freres-suscite-lincomprehension\/","name":"Olivier pour Ilan Halimi : La condamnation sans motif antis\u00e9mite de deux fr\u00e8res suscite l\u2019incompr\u00e9hension - JUMEAUX91","isPartOf":{"@id":"https:\/\/jumeaux91.fr\/blog\/#website"},"primaryImageOfPage":{"@id":"https:\/\/jumeaux91.fr\/blog\/olivier-pour-ilan-halimi-la-condamnation-sans-motif-antisemite-de-deux-freres-suscite-lincomprehension\/#primaryimage"},"image":{"@id":"https:\/\/jumeaux91.fr\/blog\/olivier-pour-ilan-halimi-la-condamnation-sans-motif-antisemite-de-deux-freres-suscite-lincomprehension\/#primaryimage"},"thumbnailUrl":"https:\/\/jumeaux91.fr\/blog\/wp-content\/uploads\/2025\/10\/olivier-pour-ilan-halimi-la-condamnation-sans-motif-antisemite-de-deux-freres-suscite-lincomprehension.jpg","datePublished":"2025-10-23T09:07:00+00:00","breadcrumb":{"@id":"https:\/\/jumeaux91.fr\/blog\/olivier-pour-ilan-halimi-la-condamnation-sans-motif-antisemite-de-deux-freres-suscite-lincomprehension\/#breadcrumb"},"inLanguage":"fr-FR","potentialAction":[{"@type":"ReadAction","target":["https:\/\/jumeaux91.fr\/blog\/olivier-pour-ilan-halimi-la-condamnation-sans-motif-antisemite-de-deux-freres-suscite-lincomprehension\/"]}]},{"@type":"ImageObject","inLanguage":"fr-FR","@id":"https:\/\/jumeaux91.fr\/blog\/olivier-pour-ilan-halimi-la-condamnation-sans-motif-antisemite-de-deux-freres-suscite-lincomprehension\/#primaryimage","url":"https:\/\/jumeaux91.fr\/blog\/wp-content\/uploads\/2025\/10\/olivier-pour-ilan-halimi-la-condamnation-sans-motif-antisemite-de-deux-freres-suscite-lincomprehension.jpg","contentUrl":"https:\/\/jumeaux91.fr\/blog\/wp-content\/uploads\/2025\/10\/olivier-pour-ilan-halimi-la-condamnation-sans-motif-antisemite-de-deux-freres-suscite-lincomprehension.jpg","width":648,"height":415,"caption":"Olivier pour Ilan Halimi : La condamnation sans motif antis\u00e9mite de deux fr\u00e8res suscite l\u2019incompr\u00e9hension"},{"@type":"BreadcrumbList","@id":"https:\/\/jumeaux91.fr\/blog\/olivier-pour-ilan-halimi-la-condamnation-sans-motif-antisemite-de-deux-freres-suscite-lincomprehension\/#breadcrumb","itemListElement":[{"@type":"ListItem","position":1,"name":"Accueil","item":"https:\/\/jumeaux91.fr\/blog\/"},{"@type":"ListItem","position":2,"name":"Olivier pour Ilan Halimi : La condamnation sans motif antis\u00e9mite de deux fr\u00e8res suscite l\u2019incompr\u00e9hension"}]},{"@type":"WebSite","@id":"https:\/\/jumeaux91.fr\/blog\/#website","url":"https:\/\/jumeaux91.fr\/blog\/","name":"JUMEAUX91","description":"Fr\u00e8res jumeaux de l&#039;Essonnes; informations et archives, \u00e0 savoir et retenir.","publisher":{"@id":"https:\/\/jumeaux91.fr\/blog\/#organization"},"potentialAction":[{"@type":"SearchAction","target":{"@type":"EntryPoint","urlTemplate":"https:\/\/jumeaux91.fr\/blog\/?s={search_term_string}"},"query-input":{"@type":"PropertyValueSpecification","valueRequired":true,"valueName":"search_term_string"}}],"inLanguage":"fr-FR"},{"@type":"Organization","@id":"https:\/\/jumeaux91.fr\/blog\/#organization","name":"jumeaux91","url":"https:\/\/jumeaux91.fr\/blog\/","logo":{"@type":"ImageObject","inLanguage":"fr-FR","@id":"https:\/\/jumeaux91.fr\/blog\/#\/schema\/logo\/image\/","url":"https:\/\/jumeaux91.fr\/blog\/wp-content\/uploads\/2023\/05\/cropped-cropped-logoJ_91.png","contentUrl":"https:\/\/jumeaux91.fr\/blog\/wp-content\/uploads\/2023\/05\/cropped-cropped-logoJ_91.png","width":512,"height":512,"caption":"jumeaux91"},"image":{"@id":"https:\/\/jumeaux91.fr\/blog\/#\/schema\/logo\/image\/"}},{"@type":"Person","@id":"https:\/\/jumeaux91.fr\/blog\/#\/schema\/person\/21da06e9f119b9f64e5d45dbbd32d3fb","name":"Claude DAYRES","image":{"@type":"ImageObject","inLanguage":"fr-FR","@id":"https:\/\/secure.gravatar.com\/avatar\/82eb951df6110a2c48d1bfa7a67d1ee6f0cd5df3cbf9c3586dd61e82db7172a5?s=96&d=mm&r=g","url":"https:\/\/secure.gravatar.com\/avatar\/82eb951df6110a2c48d1bfa7a67d1ee6f0cd5df3cbf9c3586dd61e82db7172a5?s=96&d=mm&r=g","contentUrl":"https:\/\/secure.gravatar.com\/avatar\/82eb951df6110a2c48d1bfa7a67d1ee6f0cd5df3cbf9c3586dd61e82db7172a5?s=96&d=mm&r=g","caption":"Claude DAYRES"},"url":"https:\/\/jumeaux91.fr\/blog\/author\/x91claude\/"}]}},"_links":{"self":[{"href":"https:\/\/jumeaux91.fr\/blog\/wp-json\/wp\/v2\/posts\/1807","targetHints":{"allow":["GET"]}}],"collection":[{"href":"https:\/\/jumeaux91.fr\/blog\/wp-json\/wp\/v2\/posts"}],"about":[{"href":"https:\/\/jumeaux91.fr\/blog\/wp-json\/wp\/v2\/types\/post"}],"author":[{"embeddable":true,"href":"https:\/\/jumeaux91.fr\/blog\/wp-json\/wp\/v2\/users\/2"}],"replies":[{"embeddable":true,"href":"https:\/\/jumeaux91.fr\/blog\/wp-json\/wp\/v2\/comments?post=1807"}],"version-history":[{"count":0,"href":"https:\/\/jumeaux91.fr\/blog\/wp-json\/wp\/v2\/posts\/1807\/revisions"}],"wp:featuredmedia":[{"embeddable":true,"href":"https:\/\/jumeaux91.fr\/blog\/wp-json\/wp\/v2\/media\/1808"}],"wp:attachment":[{"href":"https:\/\/jumeaux91.fr\/blog\/wp-json\/wp\/v2\/media?parent=1807"}],"wp:term":[{"taxonomy":"category","embeddable":true,"href":"https:\/\/jumeaux91.fr\/blog\/wp-json\/wp\/v2\/categories?post=1807"},{"taxonomy":"post_tag","embeddable":true,"href":"https:\/\/jumeaux91.fr\/blog\/wp-json\/wp\/v2\/tags?post=1807"}],"curies":[{"name":"wp","href":"https:\/\/api.w.org\/{rel}","templated":true}]}}