{"id":1814,"date":"2025-10-23T07:31:00","date_gmt":"2025-10-23T05:31:00","guid":{"rendered":"https:\/\/jumeaux91.fr\/blog\/arbre-en-hommage-a-ilan-halimi-deux-freres-condamnes-a-8-mois-ferme-et-8-mois-avec-sursis-pour-lavoir-abattu\/"},"modified":"2025-10-23T07:31:00","modified_gmt":"2025-10-23T05:31:00","slug":"arbre-en-hommage-a-ilan-halimi-deux-freres-condamnes-a-8-mois-ferme-et-8-mois-avec-sursis-pour-lavoir-abattu","status":"publish","type":"post","link":"https:\/\/jumeaux91.fr\/blog\/arbre-en-hommage-a-ilan-halimi-deux-freres-condamnes-a-8-mois-ferme-et-8-mois-avec-sursis-pour-lavoir-abattu\/","title":{"rendered":"Arbre en hommage \u00e0 Ilan Halimi : deux fr\u00e8res condamn\u00e9s \u00e0 8 mois ferme et 8 mois avec sursis pour l&rsquo;avoir abattu"},"content":{"rendered":"<p>Le tribunal correctionnel de Bobigny a condamn\u00e9 ce mercredi deux fr\u00e8res jumeaux pour avoir abattu mi-ao\u00fbt un olivier \u00e0 \u00c9pinay-sur-Seine (93) plant\u00e9 en m\u00e9moire d&rsquo;Ilan Halimi. L&rsquo;un \u00e9cope de huit mois de prison ferme, l&rsquo;autre de huit mois de prison avec sursis. <\/p>\n<div><!--[1--><!--[--><!--[2--><!--[--><!--[1--><!--&gt;\n\n<p>[1--><!--[--><!--[2--><!--[1--><!--[1--><!--&gt;-->Le tribunal correctionnel de Bobigny a d\u00e9clar\u00e9 coupables de destruction du bien d&rsquo;autrui deux fr\u00e8res jumeaux de dix-neuf ans qui avaient sci\u00e9, en ao\u00fbt dernier, un olivier. L&rsquo;arbre avait \u00e9t\u00e9 plant\u00e9 en hommage \u00e0 <strong>Ilan Halimi, jeune homme de confession juive tortur\u00e9 \u00e0 mort en 2006<\/strong>. Mais ils ont \u00e9t\u00e9 relax\u00e9s du fait de <em>\u00ab\u00a0violation d&rsquo;un monument d\u00e9di\u00e9 \u00e0 la m\u00e9moire des morts commise en raison de la race, l&rsquo;ethnie, la nation ou la religion<\/em>\u00ab\u00a0, estimant qu&rsquo;il n&rsquo;y avait pas assez d&rsquo;\u00e9l\u00e9ments permettant d&rsquo;\u00e9tablir que les deux hommes avaient conscience qu&rsquo;il s&rsquo;agissait d&rsquo;un monument en la m\u00e9moire d&rsquo;Ilan Halimi. La procureure avait r\u00e9clam\u00e9 12 et 15 mois de prison, assurant que les deux hommes avaient <em>\u00ab\u00a0port\u00e9 atteinte \u00e0 la m\u00e9moire d&rsquo;Ilan Halimi, parce que c&rsquo;est un symbole<\/em>\u00ab\u00a0.&nbsp;Elle avait \u00e9galement demand\u00e9 une interdiction du territoire fran\u00e7ais \u00e0 titre d\u00e9finitif pour ces citoyens tunisiens, sans domicile fixe et sans v\u00e9ritable lien avec la France, soulignant que les deux pr\u00e9venus n&rsquo;\u00e9taient pas \u00ab\u00a0<em>tomb\u00e9s au mauvais endroit au mauvais moment\u00a0\u00bb<\/em>.<!--&gt;--><!--&gt;]--><!--]--><!--]--><!--]--><!--]--><!--&gt;<\/p>\n\n--><!--]--><!--]--><!--]--><!--[2--><!--[3--><!--&gt;[--><!--]--><!--&gt;]--><!--]--><!--[2--><!--[--><!--[1--><!--&gt;\n\n<p>[1--><!--[--><!--[2--><!--[1--><!--[1--><!--&gt;-->L&rsquo;abattage de l&rsquo;arbre en m\u00e9moire d&rsquo;Ilan Halimi, survenu dans la nuit du 13 au 14 ao\u00fbt, avait suscit\u00e9 une indignation unanime au sein de la classe politique. L&rsquo;olivier avait \u00e9t\u00e9 plant\u00e9 en 2011 au jardin d&rsquo;Alcobendas d&rsquo;\u00c9pinay-sur-Seine, ville d&rsquo;un peu plus de 50.000 habitants, situ\u00e9e \u00e0 une dizaine de kilom\u00e8tres au nord de Paris.<!--&gt;--><!--&gt;]--><!--]--><!--]--><!--]--><!--]--><!--&gt;<\/p>\n\n--><!--]--><!--]--><!--]--><!--[2--><!--[1--><!--[--><!--&gt;[1--><\/p>\n<h2><!--&gt;La tron\u00e7onneuse \"\u00e9tait \u00e0 un jardinier, il voulait qu'on v\u00e9rifie qu'elle fonctionnait\"--><!--&gt;<\/h2>\n\n]--><!--&gt;]--><!--]--><!--]--><!--[2--><!--[--><!--[1--><!--&gt;\n\n<p>[1--><!--[--><!--[2--><!--[1--><!--[1--><!--&gt;-->Brahim K., cheveux courts boucl\u00e9s, v\u00eatu d&rsquo;une polaire grise, et Isma\u00ebl K., cheveux ras\u00e9s, veste de sport noire sur le dos, n&rsquo;ont quasiment pas parl\u00e9 pendant l&rsquo;audience.&nbsp;<em>\u00ab\u00a0Non, je ne sais pas qui il est\u00a0\u00bb,<\/em> ont r\u00e9pondu en arabe les deux fr\u00e8res quand la pr\u00e9sidente du tribunal les a interrog\u00e9s sur Ilan Halimi. Dans le t\u00e9l\u00e9phone d&rsquo;Isma\u00ebl K., une vid\u00e9o de son fr\u00e8re jouant avec une tron\u00e7onneuse \u00e0 proximit\u00e9 de la st\u00e8le et de l&rsquo;arbre en m\u00e9moire d&rsquo;Ilan Halimi, avait \u00e9t\u00e9 retrouv\u00e9e trois jours avant l&rsquo;abattage.&nbsp;<em>\u00ab\u00a0Pourquoi avez-vous film\u00e9 votre fr\u00e8re&nbsp;? D&rsquo;o\u00f9 venait la tron\u00e7onneuse&nbsp;?\u00a0\u00bb,<\/em> a demand\u00e9 la pr\u00e9sidente avec insistance.&nbsp;<em>\u00ab\u00a0C&rsquo;\u00e9tait \u00e0 un jardinier. Il voulait qu&rsquo;on v\u00e9rifie qu&rsquo;elle fonctionnait\u00a0\u00bb,<\/em> a r\u00e9pondu depuis le box et avec beaucoup de difficult\u00e9 l&rsquo;un des pr\u00e9venus.<!--&gt;--><!--&gt;]--><!--]--><!--]--><!--]--><!--]--><!--&gt;<\/p>\n\n--><!--]--><!--]--><!--]--><!--[2--><!--[--><!--[1--><!--&gt;\n\n<p>[1--><!--[--><!--[2--><!--[1--><!--[1--><!--&gt;-->Les deux fr\u00e8res avaient \u00e9t\u00e9 interpell\u00e9s quelques jours apr\u00e8s les faits. Les enqu\u00eateurs avaient d\u00e9couvert que leurs t\u00e9l\u00e9phones bornaient dans le parc la nuit des faits. Leur ADN avait \u00e9galement \u00e9t\u00e9 pr\u00e9lev\u00e9 sur des morceaux de past\u00e8que retrouv\u00e9s le 14 ao\u00fbt autour du tronc coup\u00e9, fruit qui symbolise la r\u00e9sistance du peuple palestinien face \u00e0 Isra\u00ebl.<!--&gt;--><!--&gt;]--><!--]--><!--]--><!--]--><!--]--><!--&gt;<\/p>\n\n--><!--]--><!--]--><!--]--><!--[2--><!--[2--><!--&gt;\n\n<aside class=\"IciBounceArticle svelte-c9w8h3\">\n\n<h2 class=\"label g-ici-heading svelte-c9w8h3\">\u00c0 lire aussi<\/h2>\n\n \n\n<div class=\"content svelte-c9w8h3\"> [--><\/p>\n<div class=\"visual svelte-c9w8h3\">\n<div><!--&gt;[!--><!--]--> <!--[!--><img decoding=\"async\" src=\"https:\/\/jumeaux91.fr\/blog\/wp-content\/uploads\/2025\/10\/arbre-en-hommage-a-ilan-halimi-deux-freres-condamnes-a-8-mois-ferme-et-8-mois-avec-sursis-pour-lavoir-abattu.jpg\" alt=\"L'olivier plant\u00e9 en hommage \u00e0 Ilan Halimi, d\u00e9coup\u00e9 \u00e0 \u00c9pinay-sur-Seine.\" loading=\"lazy\" aria-hidden=\"true\" class=\"svelte-1pnmlwx rounded\"><!--]--><!--&gt;<\/div>\n\n--><\/div>\n<p><!--]--><\/div>\n<\/aside>\n<p><!--&gt;]--><!--]--><!--[2--><!--[--><!--[1--><!--&gt;\n\n<p>[1--><!--[--><!--[2--><!--[1--><!--[1--><!--&gt;--><em>\u00ab\u00a0Ce qui s&rsquo;est pass\u00e9 dans le parc de cette petite ville de r\u00e9gion parisienne, c&rsquo;est un attentat contre la mort, un assassinat post-mortem. C&rsquo;est lourd de symbolique, cette volont\u00e9 de gommer jusqu&rsquo;\u00e0 la mort au-del\u00e0 de la mort\u00a0\u00bb,<\/em> a d\u00e9nonc\u00e9 Me Alain Jakubowicz, qui plaidait pour la Ligue internationale contre le racisme et l&rsquo;antis\u00e9mitisme (Licra), SOS Racisme et l&rsquo;Union des \u00e9tudiants juifs de France (UEJF). De leur c\u00f4t\u00e9, les avocats de la d\u00e9fense ont d\u00e9nonc\u00e9, durant leurs plaidoiries, un dossier fragile \u00e0 l&rsquo;encontre de leurs clients <em>\u00ab\u00a0qui n&rsquo;avaient qu&rsquo;un an quand Ilan Halimi est mort\u00a0\u00bb.<\/em>&nbsp;<em>\u00ab\u00a0Ils savent comme tout le monde ce qui se passe \u00e0 Gaza, mais leur affaire ce n&rsquo;est pas le conflit en cours, c&rsquo;est de manger, trouver o\u00f9 dormir et recharger leur t\u00e9l\u00e9phone\u00a0\u00bb,<\/em> a assur\u00e9 Me Romain Ruiz.<!--&gt;--><!--&gt;]--><!--]--><!--]--><!--]--><!--]--><!--&gt;<\/p>\n\n--><!--]--><!--]--><!--]--><!--[2--><!--[--><!--[1--><!--&gt;\n\n<p>[1--><!--[--><!--[2--><!--[1--><!--[1--><!--&gt;-->Citoyen fran\u00e7ais de confession juive, Ilan Halimi, 23 ans, avait \u00e9t\u00e9 s\u00e9questr\u00e9 et tortur\u00e9 en janvier 2006 \u00e0 Bagneux (Hauts-de-Seine) par un groupe d&rsquo;une vingtaine de personnes qui se faisait appeler le \u00ab\u00a0gang des barbares\u00a0\u00bb, sous la direction de&nbsp;<!--&gt;--><!--&gt;]--><!--]--><!--]--><!--[2--><!--[1--><!--[2--><!--&gt;[--><a class=\"IciLink ici-link IciArticleLink g-ici-body-regular-1 underline brand svelte-lu7k6w\" href=\"https:\/\/www.francebleu.fr\/infos\/faits-divers-justice\/youssouf-fofana-ancien-chef-du-gang-des-barbares-condamne-dix-ans-de-prison-1484073523\" target=\"_blank\" rel=\"nofollow\"><!--&gt;--><!--&gt;Youssouf Fofana--><!--&gt;--><\/a><!--]--><!--&gt;]--><!--]--><!--]--><!--[2--><!--[1--><!--[1--><!--&gt;-->. D\u00e9couvert agonisant au bord d&rsquo;une voie ferr\u00e9e \u00e0 Sainte-Genevi\u00e8ve-des-Bois, dans l&rsquo;Essonne, le jeune homme \u00e9tait mort pendant son transfert \u00e0 l&rsquo;h\u00f4pital un peu moins d&rsquo;un mois plus tard.<!--&gt;--><!--&gt;]--><!--]--><!--]--><!--]--><!--]--><!--&gt;<\/p>\n\n--><!--]--><!--]--><!--]--><!--[2--><!--[--><!--[1--><!--&gt;\n\n<p>[1--><!--[--><!--[2--><!--[1--><!--[1--><!--&gt;-->D&rsquo;autres arbres plant\u00e9s en hommage \u00e0 Ilan Halimi, dont l&rsquo;un portait sa photo, ont \u00e9t\u00e9 sci\u00e9s en 2019 \u00e0 Sainte-Genevi\u00e8ve-des-Bois. Plus r\u00e9cemment, d\u00e9but octobre, un olivier plant\u00e9 \u00e0 Menton (Alpes-Maritimes) en ao\u00fbt a \u00e9t\u00e9 arrach\u00e9.<!--&gt;--><!--&gt;]--><!--]--><!--]--><!--]--><!--]--><!--&gt;<\/p>\n\n--><!--]--><!--]--><!--]--><!--[2--><!--[2--><!--&gt;\n\n<aside class=\"IciBounceArticle svelte-c9w8h3\">\n\n<h2 class=\"label g-ici-heading svelte-c9w8h3\">\u00c0 lire aussi<\/h2>\n\n \n\n<div class=\"content svelte-c9w8h3\"> [--><\/p>\n<div class=\"visual svelte-c9w8h3\">\n<div><!--&gt;[!--><!--]--> <!--[!--><img decoding=\"async\" src=\"https:\/\/jumeaux91.fr\/blog\/wp-content\/uploads\/2025\/10\/arbre-en-hommage-a-ilan-halimi-deux-freres-condamnes-a-8-mois-ferme-et-8-mois-avec-sursis-pour-lavoir-abattu.jpg\" alt=\"L'olivier plant\u00e9 en hommage \u00e0 Ilan Halimi, d\u00e9coup\u00e9 \u00e0 \u00c9pinay-sur-Seine.\" loading=\"lazy\" aria-hidden=\"true\" class=\"svelte-1pnmlwx rounded\"><!--]--><!--&gt;<\/div>\n\n--><\/div>\n<p><!--]--><\/div>\n<\/aside>\n<p><!--&gt;]--><!--]--><!--]--><!--]--><!--&gt;<\/div>\n\nLa chronique se veut g\u00e9n\u00e9r\u00e9e de la fa\u00e7on la plus claire que possible. Dans le cas o\u00f9 vous souhaitez pr\u00e9senter des renseignements compl\u00e9mentaires \u00e0 cet article sur le sujet \"Fr\u00e8res jumeaux de l'Essonnes\" il vous est possible d\u2019\u00e9crire aux contacts indiqu\u00e9s sur notre website. La raison d\u2019\u00eatre de jumeaux91.fr \u00e9tant de rassembler sur le web des posts sur le sujet de Fr\u00e8res jumeaux de l'Essonnes puis les diffuser en r\u00e9pondant au mieux aux interrogations des gens. Vous pouvez tirer profit de cet article traitant le sujet \"Fr\u00e8res jumeaux de l'Essonnes\". Il est concoct\u00e9 par l\u2019\u00e9quipe jumeaux91.fr. Prochainement, nous rendrons accessibles au public d'autres informations pertinentes sur le sujet \"Fr\u00e8res jumeaux de l'Essonnes\". Alors, consultez syst\u00e9matiquement notre blog.--><\/p>\n","protected":false},"excerpt":{"rendered":"<p>Le tribunal correctionnel de Bobigny a condamn\u00e9 ce mercredi deux fr\u00e8res jumeaux pour avoir abattu mi-ao\u00fbt un olivier \u00e0 \u00c9pinay-sur-Seine (93) plant\u00e9 en m\u00e9moire d&rsquo;Ilan Halimi. L&rsquo;un \u00e9cope de huit mois de prison ferme, l&rsquo;autre de huit mois de prison avec sursis. Le tribunal correctionnel de Bobigny a d\u00e9clar\u00e9 coupables de destruction du bien d&rsquo;autrui&hellip; <a class=\"more-link\" href=\"https:\/\/jumeaux91.fr\/blog\/arbre-en-hommage-a-ilan-halimi-deux-freres-condamnes-a-8-mois-ferme-et-8-mois-avec-sursis-pour-lavoir-abattu\/\">Poursuivre la lecture <span class=\"screen-reader-text\">Arbre en hommage \u00e0 Ilan Halimi : deux fr\u00e8res condamn\u00e9s \u00e0 8 mois ferme et 8 mois avec sursis pour l&rsquo;avoir abattu<\/span><\/a><\/p>\n","protected":false},"author":2,"featured_media":1815,"comment_status":"closed","ping_status":"closed","sticky":false,"template":"","format":"standard","meta":{"footnotes":""},"categories":[4],"tags":[],"class_list":["post-1814","post","type-post","status-publish","format-standard","has-post-thumbnail","hentry","category-posts-freres-jumeaux-de-lessonnes","entry"],"yoast_head":"<!-- This site is optimized with the Yoast SEO plugin v27.5 - https:\/\/yoast.com\/product\/yoast-seo-wordpress\/ -->\n<title>Arbre en hommage \u00e0 Ilan Halimi : deux fr\u00e8res condamn\u00e9s \u00e0 8 mois ferme et 8 mois avec sursis pour l&#039;avoir abattu - JUMEAUX91<\/title>\n<meta name=\"robots\" content=\"index, follow, max-snippet:-1, max-image-preview:large, max-video-preview:-1\" \/>\n<link rel=\"canonical\" href=\"https:\/\/jumeaux91.fr\/blog\/arbre-en-hommage-a-ilan-halimi-deux-freres-condamnes-a-8-mois-ferme-et-8-mois-avec-sursis-pour-lavoir-abattu\/\" \/>\n<meta property=\"og:locale\" content=\"fr_FR\" \/>\n<meta property=\"og:type\" content=\"article\" \/>\n<meta property=\"og:title\" content=\"Arbre en hommage \u00e0 Ilan Halimi : deux fr\u00e8res condamn\u00e9s \u00e0 8 mois ferme et 8 mois avec sursis pour l&#039;avoir abattu - JUMEAUX91\" \/>\n<meta property=\"og:description\" content=\"Le tribunal correctionnel de Bobigny a condamn\u00e9 ce mercredi deux fr\u00e8res jumeaux pour avoir abattu mi-ao\u00fbt un olivier \u00e0 \u00c9pinay-sur-Seine (93) plant\u00e9 en m\u00e9moire d&rsquo;Ilan Halimi. L&rsquo;un \u00e9cope de huit mois de prison ferme, l&rsquo;autre de huit mois de prison avec sursis. Le tribunal correctionnel de Bobigny a d\u00e9clar\u00e9 coupables de destruction du bien d&rsquo;autrui&hellip; Poursuivre la lecture Arbre en hommage \u00e0 Ilan Halimi : deux fr\u00e8res condamn\u00e9s \u00e0 8 mois ferme et 8 mois avec sursis pour l&rsquo;avoir abattu\" \/>\n<meta property=\"og:url\" content=\"https:\/\/jumeaux91.fr\/blog\/arbre-en-hommage-a-ilan-halimi-deux-freres-condamnes-a-8-mois-ferme-et-8-mois-avec-sursis-pour-lavoir-abattu\/\" \/>\n<meta property=\"og:site_name\" content=\"JUMEAUX91\" \/>\n<meta property=\"article:published_time\" content=\"2025-10-23T05:31:00+00:00\" \/>\n<meta property=\"og:image\" content=\"https:\/\/jumeaux91.fr\/blog\/wp-content\/uploads\/2025\/10\/arbre-en-hommage-a-ilan-halimi-deux-freres-condamnes-a-8-mois-ferme-et-8-mois-avec-sursis-pour-lavoir-abattu.jpg\" \/>\n<meta name=\"author\" content=\"Claude DAYRES\" \/>\n<meta name=\"twitter:card\" content=\"summary_large_image\" \/>\n<meta name=\"twitter:label1\" content=\"\u00c9crit par\" \/>\n\t<meta name=\"twitter:data1\" content=\"Claude DAYRES\" \/>\n\t<meta name=\"twitter:label2\" content=\"Dur\u00e9e de lecture estim\u00e9e\" \/>\n\t<meta name=\"twitter:data2\" content=\"4 minutes\" \/>\n<script type=\"application\/ld+json\" class=\"yoast-schema-graph\">{\"@context\":\"https:\\\/\\\/schema.org\",\"@graph\":[{\"@type\":\"Article\",\"@id\":\"https:\\\/\\\/jumeaux91.fr\\\/blog\\\/arbre-en-hommage-a-ilan-halimi-deux-freres-condamnes-a-8-mois-ferme-et-8-mois-avec-sursis-pour-lavoir-abattu\\\/#article\",\"isPartOf\":{\"@id\":\"https:\\\/\\\/jumeaux91.fr\\\/blog\\\/arbre-en-hommage-a-ilan-halimi-deux-freres-condamnes-a-8-mois-ferme-et-8-mois-avec-sursis-pour-lavoir-abattu\\\/\"},\"author\":{\"name\":\"Claude DAYRES\",\"@id\":\"https:\\\/\\\/jumeaux91.fr\\\/blog\\\/#\\\/schema\\\/person\\\/21da06e9f119b9f64e5d45dbbd32d3fb\"},\"headline\":\"Arbre en hommage \u00e0 Ilan Halimi : deux fr\u00e8res condamn\u00e9s \u00e0 8 mois ferme et 8 mois avec sursis pour l&rsquo;avoir abattu\",\"datePublished\":\"2025-10-23T05:31:00+00:00\",\"mainEntityOfPage\":{\"@id\":\"https:\\\/\\\/jumeaux91.fr\\\/blog\\\/arbre-en-hommage-a-ilan-halimi-deux-freres-condamnes-a-8-mois-ferme-et-8-mois-avec-sursis-pour-lavoir-abattu\\\/\"},\"wordCount\":807,\"publisher\":{\"@id\":\"https:\\\/\\\/jumeaux91.fr\\\/blog\\\/#organization\"},\"image\":{\"@id\":\"https:\\\/\\\/jumeaux91.fr\\\/blog\\\/arbre-en-hommage-a-ilan-halimi-deux-freres-condamnes-a-8-mois-ferme-et-8-mois-avec-sursis-pour-lavoir-abattu\\\/#primaryimage\"},\"thumbnailUrl\":\"https:\\\/\\\/jumeaux91.fr\\\/blog\\\/wp-content\\\/uploads\\\/2025\\\/10\\\/arbre-en-hommage-a-ilan-halimi-deux-freres-condamnes-a-8-mois-ferme-et-8-mois-avec-sursis-pour-lavoir-abattu.jpg\",\"articleSection\":[\"Posts Fr\u00e8res Jumeaux De L'Essonnes:\"],\"inLanguage\":\"fr-FR\"},{\"@type\":\"WebPage\",\"@id\":\"https:\\\/\\\/jumeaux91.fr\\\/blog\\\/arbre-en-hommage-a-ilan-halimi-deux-freres-condamnes-a-8-mois-ferme-et-8-mois-avec-sursis-pour-lavoir-abattu\\\/\",\"url\":\"https:\\\/\\\/jumeaux91.fr\\\/blog\\\/arbre-en-hommage-a-ilan-halimi-deux-freres-condamnes-a-8-mois-ferme-et-8-mois-avec-sursis-pour-lavoir-abattu\\\/\",\"name\":\"Arbre en hommage \u00e0 Ilan Halimi : deux fr\u00e8res condamn\u00e9s \u00e0 8 mois ferme et 8 mois avec sursis pour l'avoir abattu - JUMEAUX91\",\"isPartOf\":{\"@id\":\"https:\\\/\\\/jumeaux91.fr\\\/blog\\\/#website\"},\"primaryImageOfPage\":{\"@id\":\"https:\\\/\\\/jumeaux91.fr\\\/blog\\\/arbre-en-hommage-a-ilan-halimi-deux-freres-condamnes-a-8-mois-ferme-et-8-mois-avec-sursis-pour-lavoir-abattu\\\/#primaryimage\"},\"image\":{\"@id\":\"https:\\\/\\\/jumeaux91.fr\\\/blog\\\/arbre-en-hommage-a-ilan-halimi-deux-freres-condamnes-a-8-mois-ferme-et-8-mois-avec-sursis-pour-lavoir-abattu\\\/#primaryimage\"},\"thumbnailUrl\":\"https:\\\/\\\/jumeaux91.fr\\\/blog\\\/wp-content\\\/uploads\\\/2025\\\/10\\\/arbre-en-hommage-a-ilan-halimi-deux-freres-condamnes-a-8-mois-ferme-et-8-mois-avec-sursis-pour-lavoir-abattu.jpg\",\"datePublished\":\"2025-10-23T05:31:00+00:00\",\"breadcrumb\":{\"@id\":\"https:\\\/\\\/jumeaux91.fr\\\/blog\\\/arbre-en-hommage-a-ilan-halimi-deux-freres-condamnes-a-8-mois-ferme-et-8-mois-avec-sursis-pour-lavoir-abattu\\\/#breadcrumb\"},\"inLanguage\":\"fr-FR\",\"potentialAction\":[{\"@type\":\"ReadAction\",\"target\":[\"https:\\\/\\\/jumeaux91.fr\\\/blog\\\/arbre-en-hommage-a-ilan-halimi-deux-freres-condamnes-a-8-mois-ferme-et-8-mois-avec-sursis-pour-lavoir-abattu\\\/\"]}]},{\"@type\":\"ImageObject\",\"inLanguage\":\"fr-FR\",\"@id\":\"https:\\\/\\\/jumeaux91.fr\\\/blog\\\/arbre-en-hommage-a-ilan-halimi-deux-freres-condamnes-a-8-mois-ferme-et-8-mois-avec-sursis-pour-lavoir-abattu\\\/#primaryimage\",\"url\":\"https:\\\/\\\/jumeaux91.fr\\\/blog\\\/wp-content\\\/uploads\\\/2025\\\/10\\\/arbre-en-hommage-a-ilan-halimi-deux-freres-condamnes-a-8-mois-ferme-et-8-mois-avec-sursis-pour-lavoir-abattu.jpg\",\"contentUrl\":\"https:\\\/\\\/jumeaux91.fr\\\/blog\\\/wp-content\\\/uploads\\\/2025\\\/10\\\/arbre-en-hommage-a-ilan-halimi-deux-freres-condamnes-a-8-mois-ferme-et-8-mois-avec-sursis-pour-lavoir-abattu.jpg\",\"width\":560,\"height\":315,\"caption\":\"Arbre en hommage \u00e0 Ilan Halimi : deux fr\u00e8res condamn\u00e9s \u00e0 8 mois ferme et 8 mois avec sursis pour l'avoir abattu\"},{\"@type\":\"BreadcrumbList\",\"@id\":\"https:\\\/\\\/jumeaux91.fr\\\/blog\\\/arbre-en-hommage-a-ilan-halimi-deux-freres-condamnes-a-8-mois-ferme-et-8-mois-avec-sursis-pour-lavoir-abattu\\\/#breadcrumb\",\"itemListElement\":[{\"@type\":\"ListItem\",\"position\":1,\"name\":\"Accueil\",\"item\":\"https:\\\/\\\/jumeaux91.fr\\\/blog\\\/\"},{\"@type\":\"ListItem\",\"position\":2,\"name\":\"Arbre en hommage \u00e0 Ilan Halimi : deux fr\u00e8res condamn\u00e9s \u00e0 8 mois ferme et 8 mois avec sursis pour l&rsquo;avoir abattu\"}]},{\"@type\":\"WebSite\",\"@id\":\"https:\\\/\\\/jumeaux91.fr\\\/blog\\\/#website\",\"url\":\"https:\\\/\\\/jumeaux91.fr\\\/blog\\\/\",\"name\":\"JUMEAUX91\",\"description\":\"Fr\u00e8res jumeaux de l&#039;Essonnes; informations et archives, \u00e0 savoir et retenir.\",\"publisher\":{\"@id\":\"https:\\\/\\\/jumeaux91.fr\\\/blog\\\/#organization\"},\"potentialAction\":[{\"@type\":\"SearchAction\",\"target\":{\"@type\":\"EntryPoint\",\"urlTemplate\":\"https:\\\/\\\/jumeaux91.fr\\\/blog\\\/?s={search_term_string}\"},\"query-input\":{\"@type\":\"PropertyValueSpecification\",\"valueRequired\":true,\"valueName\":\"search_term_string\"}}],\"inLanguage\":\"fr-FR\"},{\"@type\":\"Organization\",\"@id\":\"https:\\\/\\\/jumeaux91.fr\\\/blog\\\/#organization\",\"name\":\"jumeaux91\",\"url\":\"https:\\\/\\\/jumeaux91.fr\\\/blog\\\/\",\"logo\":{\"@type\":\"ImageObject\",\"inLanguage\":\"fr-FR\",\"@id\":\"https:\\\/\\\/jumeaux91.fr\\\/blog\\\/#\\\/schema\\\/logo\\\/image\\\/\",\"url\":\"https:\\\/\\\/jumeaux91.fr\\\/blog\\\/wp-content\\\/uploads\\\/2023\\\/05\\\/cropped-cropped-logoJ_91.png\",\"contentUrl\":\"https:\\\/\\\/jumeaux91.fr\\\/blog\\\/wp-content\\\/uploads\\\/2023\\\/05\\\/cropped-cropped-logoJ_91.png\",\"width\":512,\"height\":512,\"caption\":\"jumeaux91\"},\"image\":{\"@id\":\"https:\\\/\\\/jumeaux91.fr\\\/blog\\\/#\\\/schema\\\/logo\\\/image\\\/\"}},{\"@type\":\"Person\",\"@id\":\"https:\\\/\\\/jumeaux91.fr\\\/blog\\\/#\\\/schema\\\/person\\\/21da06e9f119b9f64e5d45dbbd32d3fb\",\"name\":\"Claude DAYRES\",\"image\":{\"@type\":\"ImageObject\",\"inLanguage\":\"fr-FR\",\"@id\":\"https:\\\/\\\/secure.gravatar.com\\\/avatar\\\/82eb951df6110a2c48d1bfa7a67d1ee6f0cd5df3cbf9c3586dd61e82db7172a5?s=96&d=mm&r=g\",\"url\":\"https:\\\/\\\/secure.gravatar.com\\\/avatar\\\/82eb951df6110a2c48d1bfa7a67d1ee6f0cd5df3cbf9c3586dd61e82db7172a5?s=96&d=mm&r=g\",\"contentUrl\":\"https:\\\/\\\/secure.gravatar.com\\\/avatar\\\/82eb951df6110a2c48d1bfa7a67d1ee6f0cd5df3cbf9c3586dd61e82db7172a5?s=96&d=mm&r=g\",\"caption\":\"Claude DAYRES\"},\"url\":\"https:\\\/\\\/jumeaux91.fr\\\/blog\\\/author\\\/x91claude\\\/\"}]}<\/script>\n<!-- \/ Yoast SEO plugin. -->","yoast_head_json":{"title":"Arbre en hommage \u00e0 Ilan Halimi : deux fr\u00e8res condamn\u00e9s \u00e0 8 mois ferme et 8 mois avec sursis pour l'avoir abattu - JUMEAUX91","robots":{"index":"index","follow":"follow","max-snippet":"max-snippet:-1","max-image-preview":"max-image-preview:large","max-video-preview":"max-video-preview:-1"},"canonical":"https:\/\/jumeaux91.fr\/blog\/arbre-en-hommage-a-ilan-halimi-deux-freres-condamnes-a-8-mois-ferme-et-8-mois-avec-sursis-pour-lavoir-abattu\/","og_locale":"fr_FR","og_type":"article","og_title":"Arbre en hommage \u00e0 Ilan Halimi : deux fr\u00e8res condamn\u00e9s \u00e0 8 mois ferme et 8 mois avec sursis pour l'avoir abattu - JUMEAUX91","og_description":"Le tribunal correctionnel de Bobigny a condamn\u00e9 ce mercredi deux fr\u00e8res jumeaux pour avoir abattu mi-ao\u00fbt un olivier \u00e0 \u00c9pinay-sur-Seine (93) plant\u00e9 en m\u00e9moire d&rsquo;Ilan Halimi. L&rsquo;un \u00e9cope de huit mois de prison ferme, l&rsquo;autre de huit mois de prison avec sursis. Le tribunal correctionnel de Bobigny a d\u00e9clar\u00e9 coupables de destruction du bien d&rsquo;autrui&hellip; Poursuivre la lecture Arbre en hommage \u00e0 Ilan Halimi : deux fr\u00e8res condamn\u00e9s \u00e0 8 mois ferme et 8 mois avec sursis pour l&rsquo;avoir abattu","og_url":"https:\/\/jumeaux91.fr\/blog\/arbre-en-hommage-a-ilan-halimi-deux-freres-condamnes-a-8-mois-ferme-et-8-mois-avec-sursis-pour-lavoir-abattu\/","og_site_name":"JUMEAUX91","article_published_time":"2025-10-23T05:31:00+00:00","og_image":[{"url":"https:\/\/jumeaux91.fr\/blog\/wp-content\/uploads\/2025\/10\/arbre-en-hommage-a-ilan-halimi-deux-freres-condamnes-a-8-mois-ferme-et-8-mois-avec-sursis-pour-lavoir-abattu.jpg","type":"","width":"","height":""}],"author":"Claude DAYRES","twitter_card":"summary_large_image","twitter_misc":{"\u00c9crit par":"Claude DAYRES","Dur\u00e9e de lecture estim\u00e9e":"4 minutes"},"schema":{"@context":"https:\/\/schema.org","@graph":[{"@type":"Article","@id":"https:\/\/jumeaux91.fr\/blog\/arbre-en-hommage-a-ilan-halimi-deux-freres-condamnes-a-8-mois-ferme-et-8-mois-avec-sursis-pour-lavoir-abattu\/#article","isPartOf":{"@id":"https:\/\/jumeaux91.fr\/blog\/arbre-en-hommage-a-ilan-halimi-deux-freres-condamnes-a-8-mois-ferme-et-8-mois-avec-sursis-pour-lavoir-abattu\/"},"author":{"name":"Claude DAYRES","@id":"https:\/\/jumeaux91.fr\/blog\/#\/schema\/person\/21da06e9f119b9f64e5d45dbbd32d3fb"},"headline":"Arbre en hommage \u00e0 Ilan Halimi : deux fr\u00e8res condamn\u00e9s \u00e0 8 mois ferme et 8 mois avec sursis pour l&rsquo;avoir abattu","datePublished":"2025-10-23T05:31:00+00:00","mainEntityOfPage":{"@id":"https:\/\/jumeaux91.fr\/blog\/arbre-en-hommage-a-ilan-halimi-deux-freres-condamnes-a-8-mois-ferme-et-8-mois-avec-sursis-pour-lavoir-abattu\/"},"wordCount":807,"publisher":{"@id":"https:\/\/jumeaux91.fr\/blog\/#organization"},"image":{"@id":"https:\/\/jumeaux91.fr\/blog\/arbre-en-hommage-a-ilan-halimi-deux-freres-condamnes-a-8-mois-ferme-et-8-mois-avec-sursis-pour-lavoir-abattu\/#primaryimage"},"thumbnailUrl":"https:\/\/jumeaux91.fr\/blog\/wp-content\/uploads\/2025\/10\/arbre-en-hommage-a-ilan-halimi-deux-freres-condamnes-a-8-mois-ferme-et-8-mois-avec-sursis-pour-lavoir-abattu.jpg","articleSection":["Posts Fr\u00e8res Jumeaux De L'Essonnes:"],"inLanguage":"fr-FR"},{"@type":"WebPage","@id":"https:\/\/jumeaux91.fr\/blog\/arbre-en-hommage-a-ilan-halimi-deux-freres-condamnes-a-8-mois-ferme-et-8-mois-avec-sursis-pour-lavoir-abattu\/","url":"https:\/\/jumeaux91.fr\/blog\/arbre-en-hommage-a-ilan-halimi-deux-freres-condamnes-a-8-mois-ferme-et-8-mois-avec-sursis-pour-lavoir-abattu\/","name":"Arbre en hommage \u00e0 Ilan Halimi : deux fr\u00e8res condamn\u00e9s \u00e0 8 mois ferme et 8 mois avec sursis pour l'avoir abattu - JUMEAUX91","isPartOf":{"@id":"https:\/\/jumeaux91.fr\/blog\/#website"},"primaryImageOfPage":{"@id":"https:\/\/jumeaux91.fr\/blog\/arbre-en-hommage-a-ilan-halimi-deux-freres-condamnes-a-8-mois-ferme-et-8-mois-avec-sursis-pour-lavoir-abattu\/#primaryimage"},"image":{"@id":"https:\/\/jumeaux91.fr\/blog\/arbre-en-hommage-a-ilan-halimi-deux-freres-condamnes-a-8-mois-ferme-et-8-mois-avec-sursis-pour-lavoir-abattu\/#primaryimage"},"thumbnailUrl":"https:\/\/jumeaux91.fr\/blog\/wp-content\/uploads\/2025\/10\/arbre-en-hommage-a-ilan-halimi-deux-freres-condamnes-a-8-mois-ferme-et-8-mois-avec-sursis-pour-lavoir-abattu.jpg","datePublished":"2025-10-23T05:31:00+00:00","breadcrumb":{"@id":"https:\/\/jumeaux91.fr\/blog\/arbre-en-hommage-a-ilan-halimi-deux-freres-condamnes-a-8-mois-ferme-et-8-mois-avec-sursis-pour-lavoir-abattu\/#breadcrumb"},"inLanguage":"fr-FR","potentialAction":[{"@type":"ReadAction","target":["https:\/\/jumeaux91.fr\/blog\/arbre-en-hommage-a-ilan-halimi-deux-freres-condamnes-a-8-mois-ferme-et-8-mois-avec-sursis-pour-lavoir-abattu\/"]}]},{"@type":"ImageObject","inLanguage":"fr-FR","@id":"https:\/\/jumeaux91.fr\/blog\/arbre-en-hommage-a-ilan-halimi-deux-freres-condamnes-a-8-mois-ferme-et-8-mois-avec-sursis-pour-lavoir-abattu\/#primaryimage","url":"https:\/\/jumeaux91.fr\/blog\/wp-content\/uploads\/2025\/10\/arbre-en-hommage-a-ilan-halimi-deux-freres-condamnes-a-8-mois-ferme-et-8-mois-avec-sursis-pour-lavoir-abattu.jpg","contentUrl":"https:\/\/jumeaux91.fr\/blog\/wp-content\/uploads\/2025\/10\/arbre-en-hommage-a-ilan-halimi-deux-freres-condamnes-a-8-mois-ferme-et-8-mois-avec-sursis-pour-lavoir-abattu.jpg","width":560,"height":315,"caption":"Arbre en hommage \u00e0 Ilan Halimi : deux fr\u00e8res condamn\u00e9s \u00e0 8 mois ferme et 8 mois avec sursis pour l'avoir abattu"},{"@type":"BreadcrumbList","@id":"https:\/\/jumeaux91.fr\/blog\/arbre-en-hommage-a-ilan-halimi-deux-freres-condamnes-a-8-mois-ferme-et-8-mois-avec-sursis-pour-lavoir-abattu\/#breadcrumb","itemListElement":[{"@type":"ListItem","position":1,"name":"Accueil","item":"https:\/\/jumeaux91.fr\/blog\/"},{"@type":"ListItem","position":2,"name":"Arbre en hommage \u00e0 Ilan Halimi : deux fr\u00e8res condamn\u00e9s \u00e0 8 mois ferme et 8 mois avec sursis pour l&rsquo;avoir abattu"}]},{"@type":"WebSite","@id":"https:\/\/jumeaux91.fr\/blog\/#website","url":"https:\/\/jumeaux91.fr\/blog\/","name":"JUMEAUX91","description":"Fr\u00e8res jumeaux de l&#039;Essonnes; informations et archives, \u00e0 savoir et retenir.","publisher":{"@id":"https:\/\/jumeaux91.fr\/blog\/#organization"},"potentialAction":[{"@type":"SearchAction","target":{"@type":"EntryPoint","urlTemplate":"https:\/\/jumeaux91.fr\/blog\/?s={search_term_string}"},"query-input":{"@type":"PropertyValueSpecification","valueRequired":true,"valueName":"search_term_string"}}],"inLanguage":"fr-FR"},{"@type":"Organization","@id":"https:\/\/jumeaux91.fr\/blog\/#organization","name":"jumeaux91","url":"https:\/\/jumeaux91.fr\/blog\/","logo":{"@type":"ImageObject","inLanguage":"fr-FR","@id":"https:\/\/jumeaux91.fr\/blog\/#\/schema\/logo\/image\/","url":"https:\/\/jumeaux91.fr\/blog\/wp-content\/uploads\/2023\/05\/cropped-cropped-logoJ_91.png","contentUrl":"https:\/\/jumeaux91.fr\/blog\/wp-content\/uploads\/2023\/05\/cropped-cropped-logoJ_91.png","width":512,"height":512,"caption":"jumeaux91"},"image":{"@id":"https:\/\/jumeaux91.fr\/blog\/#\/schema\/logo\/image\/"}},{"@type":"Person","@id":"https:\/\/jumeaux91.fr\/blog\/#\/schema\/person\/21da06e9f119b9f64e5d45dbbd32d3fb","name":"Claude DAYRES","image":{"@type":"ImageObject","inLanguage":"fr-FR","@id":"https:\/\/secure.gravatar.com\/avatar\/82eb951df6110a2c48d1bfa7a67d1ee6f0cd5df3cbf9c3586dd61e82db7172a5?s=96&d=mm&r=g","url":"https:\/\/secure.gravatar.com\/avatar\/82eb951df6110a2c48d1bfa7a67d1ee6f0cd5df3cbf9c3586dd61e82db7172a5?s=96&d=mm&r=g","contentUrl":"https:\/\/secure.gravatar.com\/avatar\/82eb951df6110a2c48d1bfa7a67d1ee6f0cd5df3cbf9c3586dd61e82db7172a5?s=96&d=mm&r=g","caption":"Claude DAYRES"},"url":"https:\/\/jumeaux91.fr\/blog\/author\/x91claude\/"}]}},"_links":{"self":[{"href":"https:\/\/jumeaux91.fr\/blog\/wp-json\/wp\/v2\/posts\/1814","targetHints":{"allow":["GET"]}}],"collection":[{"href":"https:\/\/jumeaux91.fr\/blog\/wp-json\/wp\/v2\/posts"}],"about":[{"href":"https:\/\/jumeaux91.fr\/blog\/wp-json\/wp\/v2\/types\/post"}],"author":[{"embeddable":true,"href":"https:\/\/jumeaux91.fr\/blog\/wp-json\/wp\/v2\/users\/2"}],"replies":[{"embeddable":true,"href":"https:\/\/jumeaux91.fr\/blog\/wp-json\/wp\/v2\/comments?post=1814"}],"version-history":[{"count":0,"href":"https:\/\/jumeaux91.fr\/blog\/wp-json\/wp\/v2\/posts\/1814\/revisions"}],"wp:featuredmedia":[{"embeddable":true,"href":"https:\/\/jumeaux91.fr\/blog\/wp-json\/wp\/v2\/media\/1815"}],"wp:attachment":[{"href":"https:\/\/jumeaux91.fr\/blog\/wp-json\/wp\/v2\/media?parent=1814"}],"wp:term":[{"taxonomy":"category","embeddable":true,"href":"https:\/\/jumeaux91.fr\/blog\/wp-json\/wp\/v2\/categories?post=1814"},{"taxonomy":"post_tag","embeddable":true,"href":"https:\/\/jumeaux91.fr\/blog\/wp-json\/wp\/v2\/tags?post=1814"}],"curies":[{"name":"wp","href":"https:\/\/api.w.org\/{rel}","templated":true}]}}