{"id":1819,"date":"2025-10-24T12:52:00","date_gmt":"2025-10-24T10:52:00","guid":{"rendered":"https:\/\/jumeaux91.fr\/blog\/abattage-de-lolivier-pour-ilan-halimi-le-parquet-de-bobigny-fait-appel-du-jugement-contre-les-deux-freres\/"},"modified":"2025-10-24T12:52:00","modified_gmt":"2025-10-24T10:52:00","slug":"abattage-de-lolivier-pour-ilan-halimi-le-parquet-de-bobigny-fait-appel-du-jugement-contre-les-deux-freres","status":"publish","type":"post","link":"https:\/\/jumeaux91.fr\/blog\/abattage-de-lolivier-pour-ilan-halimi-le-parquet-de-bobigny-fait-appel-du-jugement-contre-les-deux-freres\/","title":{"rendered":"Abattage de l&rsquo;olivier pour Ilan Halimi: le parquet de Bobigny fait appel du jugement contre les deux fr\u00e8res"},"content":{"rendered":"<div><img decoding=\"async\" src=\"https:\/\/jumeaux91.fr\/blog\/wp-content\/uploads\/2025\/10\/abattage-de-lolivier-pour-ilan-halimi-le-parquet-de-bobigny-fait-appel-du-jugement-contre-les-deux-freres.jpg\" class=\"ff-og-image-inserted\"><\/div>\n<p class=\"mb-4 text-lg md:leading-8 break-words\">Le parquet de Bobigny a annonc\u00e9 ce vendredi 24 octobre avoir fait appel du jugement prononc\u00e9 contre deux fr\u00e8res jumeaux de 19 ans dans l&rsquo;affaire de <a href=\"https:\/\/fr.news.yahoo.com\/ilan-halimi-enqu%C3%AAte-ouverte-apr%C3%A8s-113017067.html\" data-ylk=\"slk:l'abattage d'un arbre en m\u00e9moire d'Ilan Halimi;elm:context_link;itc:0;sec:content-canvas;outcm:mb_qualified_link;_E:mb_qualified_link;ct:story;\" class=\"link yahoo-link\" target=\"_blank\" rel=\"nofollow\">l&rsquo;abattage d&rsquo;un arbre en m\u00e9moire d&rsquo;Ilan Halimi<\/a>, jeune Fran\u00e7ais juif tu\u00e9 en 2006, en contestant le fait que le tribunal n&rsquo;ait pas reconnu le caract\u00e8re antis\u00e9mite de leur acte.<\/p>\n<p class=\"mb-4 text-lg md:leading-8 break-words\">Mercredi, le tribunal correctionnel de Bobigny avait d\u00e9clar\u00e9 coupables ces deux jeunes Tunisiens, sans domicile fixe, uniquement de destruction du bien d&rsquo;autrui aggrav\u00e9e. \u00ab\u00a0L&rsquo;appel porte notamment sur la d\u00e9cision de relaxe, contraire aux r\u00e9quisitions du parquet, s&rsquo;agissant de l&rsquo;infraction de violation de monument \u00e9difi\u00e9 \u00e0 la m\u00e9moire des morts, commise en raison de la race, l&rsquo;ethnie, la nation ou la religion\u00a0\u00bb, a \u00e9crit le procureur de la R\u00e9publique de Bobigny, Eric Mathais, dans un communiqu\u00e9.<\/p>\n<p class=\"mb-4 text-lg md:leading-8 break-words\">\u00ab\u00a0Le dossier sera en cons\u00e9quence \u00e9voqu\u00e9 de nouveau en appel\u00a0\u00bb, a-t-il soulign\u00e9. Les deux fr\u00e8res avaient \u00e9t\u00e9 condamn\u00e9s <a href=\"https:\/\/fr.news.yahoo.com\/arbre-hommage-%C3%A0-ilan-halimi-213519154.html\" data-ylk=\"slk:l'un \u00e0 huit mois de prison ferme, l'autre \u00e0 huit mois de prison avec sursis;elm:context_link;itc:0;sec:content-canvas;outcm:mb_qualified_link;_E:mb_qualified_link;ct:story;\" class=\"link yahoo-link\" target=\"_blank\" rel=\"nofollow\">l&rsquo;un \u00e0 huit mois de prison ferme, l&rsquo;autre \u00e0 huit mois de prison avec sursis<\/a>, pour avoir abattu cet arbre mi-ao\u00fbt \u00e0 Epinay-sur-Seine (Seine-Saint-Denis). Mais le tribunal avait estim\u00e9 qu&rsquo;il n&rsquo;y avait pas assez d&rsquo;\u00e9l\u00e9ments permettant d&rsquo;\u00e9tablir qu&rsquo;ils avaient conscience qu&rsquo;il s&rsquo;agissait d&rsquo;un monument en la m\u00e9moire d&rsquo;Ilan Halimi. Cette <a href=\"https:\/\/fr.news.yahoo.com\/arbre-ilan-halimi-abattu-communaut%C3%A9-083609403.html\" data-ylk=\"slk:absence de reconnaissance d'un motif antis\u00e9mite;elm:context_link;itc:0;sec:content-canvas;outcm:mb_qualified_link;_E:mb_qualified_link;ct:story;\" class=\"link yahoo-link\" target=\"_blank\" rel=\"nofollow\">absence de reconnaissance d&rsquo;un motif antis\u00e9mite<\/a> avait provoqu\u00e9 de vives r\u00e9actions au sein de la communaut\u00e9 juive.<\/p>\n<h2 class=\"mb-4 text-xl font-bold md:text-2xl\">Interpell\u00e9s quelques jours apr\u00e8s les faits<\/h2>\n<p class=\"mb-4 text-lg md:leading-8 break-words\">Les deux fr\u00e8res avaient \u00e9t\u00e9 interpell\u00e9s quelques jours apr\u00e8s les faits. Les enqu\u00eateurs avaient d\u00e9couvert que leurs t\u00e9l\u00e9phones bornaient dans le <a href=\"https:\/\/www.bfmtv.com\/paris\/seine-saint-denis\/un-nouvel-arbre-en-hommage-a-ilan-halimi-va-etre-plante-a-epinay-sur-seine_AN-202509170392.html\" rel=\"nofollow noopener\" target=\"_blank\" data-ylk=\"slk:parc la nuit de l'abattage de l'arbre;elm:context_link;itc:0;sec:content-canvas\" class=\"link \">parc la nuit de l&rsquo;abattage de l&rsquo;arbre<\/a>. Leur ADN avait \u00e9galement \u00e9t\u00e9 pr\u00e9lev\u00e9 sur des morceaux de past\u00e8que retrouv\u00e9s autour du tronc coup\u00e9. Au cours du proc\u00e8s, la past\u00e8que avait \u00e9t\u00e9 \u00e9voqu\u00e9e comme un fruit utilis\u00e9 comme symbole de la r\u00e9sistance du peuple palestinien face \u00e0 Isra\u00ebl.<\/p>\n<div class=\"max-md:faux-bleed mb-4 bg-marshmallow pb-5 dark:bg-ramones md:invisible md:mb-0 md:h-0 md:overflow-hidden md:pb-0\">\n<p>Publicit\u00e9<\/p>\n<div class=\"flex w-full flex-nowrap justify-center\">\n<div class=\"flex ad-container\" id=\"_R_2m74kmhek5clubsnm6jbH1_\">\n<p>Publicit\u00e9<\/p>\n<\/div>\n<\/div>\n<\/div>\n<div class=\"mb-4 hidden pb-5 md:block\">\n<p>Publicit\u00e9<\/p>\n<div class=\"flex w-full flex-nowrap justify-center\">\n<div class=\"flex ad-container\" id=\"_R_4m74kmhek5clubsnm6jbH1_\">\n<p>Publicit\u00e9<\/p>\n<\/div>\n<\/div>\n<\/div>\n<p class=\"mb-4 text-lg md:leading-8 break-words\">Le minist\u00e8re public avait requis 12 et 15 mois de prison \u00e0 leur encontre, ainsi qu&rsquo;une interdiction du territoire fran\u00e7ais \u00e0 titre d\u00e9finitif. \u00ab\u00a0Non, je ne sais pas qui il est\u00a0\u00bb, avaient r\u00e9pondu en arabe les deux fr\u00e8res quand la pr\u00e9sidente du tribunal les a interrog\u00e9s sur Ilan Halimi.<\/p>\n<p class=\"mb-4 text-lg md:leading-8 break-words\">Citoyen fran\u00e7ais de confession juive, <a href=\"https:\/\/www.bfmtv.com\/societe\/hommage-a-ilan-halimi-300-personnes-reunies-sur-un-lieu-a-sa-memoire-recemment-profane_AN-201902130062.html\" rel=\"nofollow noopener\" target=\"_blank\" data-ylk=\"slk:Ilan Halimi;elm:context_link;itc:0;sec:content-canvas\" class=\"link \">Ilan Halimi<\/a>, 23 ans, avait \u00e9t\u00e9 s\u00e9questr\u00e9 et tortur\u00e9 en janvier 2006 \u00e0 Bagneux (Hauts-de-Seine) par un groupe d&rsquo;une vingtaine de personnes qui se faisait appeler le \u00ab\u00a0gang des barbares\u00a0\u00bb, sous la direction de Youssouf Fofana. D\u00e9couvert agonisant au bord d&rsquo;une voie ferr\u00e9e \u00e0 Sainte-Genevi\u00e8ve-des-Bois, dans l&rsquo;Essonne, le jeune homme \u00e9tait mort pendant son transfert \u00e0 l&rsquo;h\u00f4pital.<\/p>\n<p class=\"mb-4 text-lg md:leading-8 break-words\"><a href=\"https:\/\/www.bfmtv.com\/police-justice\/abattage-de-l-olivier-pour-ilan-halimi-le-parquet-de-bobigny-fait-appel-du-jugement-contre-les-deux-freres_AD-202510240830.html#xtor=AL-68\" rel=\"nofollow noopener\" target=\"_blank\" data-ylk=\"slk:Article original publi\u00e9 sur BFMTV.com;elm:context_link;itc:0;sec:content-canvas\" class=\"link \">Article original publi\u00e9 sur BFMTV.com<\/a><\/p>\n<p>La chronique se veut g\u00e9n\u00e9r\u00e9e de la fa\u00e7on la plus claire que possible. Dans le cas o\u00f9 vous souhaitez pr\u00e9senter des renseignements compl\u00e9mentaires \u00e0 cet article sur le sujet \u00ab\u00a0Fr\u00e8res jumeaux de l&rsquo;Essonnes\u00a0\u00bb il vous est possible d\u2019\u00e9crire aux contacts indiqu\u00e9s sur notre website. La raison d\u2019\u00eatre de jumeaux91.fr \u00e9tant de rassembler sur le web des posts sur le sujet de Fr\u00e8res jumeaux de l&rsquo;Essonnes puis les diffuser en r\u00e9pondant au mieux aux interrogations des gens. Vous pouvez tirer profit de cet article traitant le sujet \u00ab\u00a0Fr\u00e8res jumeaux de l&rsquo;Essonnes\u00a0\u00bb. Il est concoct\u00e9 par l\u2019\u00e9quipe jumeaux91.fr. Prochainement, nous rendrons accessibles au public d&rsquo;autres informations pertinentes sur le sujet \u00ab\u00a0Fr\u00e8res jumeaux de l&rsquo;Essonnes\u00a0\u00bb. Alors, consultez syst\u00e9matiquement notre blog.<\/p>\n","protected":false},"excerpt":{"rendered":"<p>Le parquet de Bobigny a annonc\u00e9 ce vendredi 24 octobre avoir fait appel du jugement prononc\u00e9 contre deux fr\u00e8res jumeaux de 19 ans dans l&rsquo;affaire de l&rsquo;abattage d&rsquo;un arbre en m\u00e9moire d&rsquo;Ilan Halimi, jeune Fran\u00e7ais juif tu\u00e9 en 2006, en contestant le fait que le tribunal n&rsquo;ait pas reconnu le caract\u00e8re antis\u00e9mite de leur acte.&hellip; <a class=\"more-link\" href=\"https:\/\/jumeaux91.fr\/blog\/abattage-de-lolivier-pour-ilan-halimi-le-parquet-de-bobigny-fait-appel-du-jugement-contre-les-deux-freres\/\">Poursuivre la lecture <span class=\"screen-reader-text\">Abattage de l&rsquo;olivier pour Ilan Halimi: le parquet de Bobigny fait appel du jugement contre les deux fr\u00e8res<\/span><\/a><\/p>\n","protected":false},"author":2,"featured_media":1820,"comment_status":"closed","ping_status":"closed","sticky":false,"template":"","format":"standard","meta":{"footnotes":""},"categories":[4],"tags":[],"class_list":["post-1819","post","type-post","status-publish","format-standard","has-post-thumbnail","hentry","category-posts-freres-jumeaux-de-lessonnes","entry"],"yoast_head":"<!-- This site is optimized with the Yoast SEO plugin v27.5 - https:\/\/yoast.com\/product\/yoast-seo-wordpress\/ -->\n<title>Abattage de l&#039;olivier pour Ilan Halimi: le parquet de Bobigny fait appel du jugement contre les deux fr\u00e8res - JUMEAUX91<\/title>\n<meta name=\"robots\" content=\"index, follow, max-snippet:-1, max-image-preview:large, max-video-preview:-1\" \/>\n<link rel=\"canonical\" href=\"https:\/\/jumeaux91.fr\/blog\/abattage-de-lolivier-pour-ilan-halimi-le-parquet-de-bobigny-fait-appel-du-jugement-contre-les-deux-freres\/\" \/>\n<meta property=\"og:locale\" content=\"fr_FR\" \/>\n<meta property=\"og:type\" content=\"article\" \/>\n<meta property=\"og:title\" content=\"Abattage de l&#039;olivier pour Ilan Halimi: le parquet de Bobigny fait appel du jugement contre les deux fr\u00e8res - JUMEAUX91\" \/>\n<meta property=\"og:description\" content=\"Le parquet de Bobigny a annonc\u00e9 ce vendredi 24 octobre avoir fait appel du jugement prononc\u00e9 contre deux fr\u00e8res jumeaux de 19 ans dans l&rsquo;affaire de l&rsquo;abattage d&rsquo;un arbre en m\u00e9moire d&rsquo;Ilan Halimi, jeune Fran\u00e7ais juif tu\u00e9 en 2006, en contestant le fait que le tribunal n&rsquo;ait pas reconnu le caract\u00e8re antis\u00e9mite de leur acte.&hellip; Poursuivre la lecture Abattage de l&rsquo;olivier pour Ilan Halimi: le parquet de Bobigny fait appel du jugement contre les deux fr\u00e8res\" \/>\n<meta property=\"og:url\" content=\"https:\/\/jumeaux91.fr\/blog\/abattage-de-lolivier-pour-ilan-halimi-le-parquet-de-bobigny-fait-appel-du-jugement-contre-les-deux-freres\/\" \/>\n<meta property=\"og:site_name\" content=\"JUMEAUX91\" \/>\n<meta property=\"article:published_time\" content=\"2025-10-24T10:52:00+00:00\" \/>\n<meta property=\"og:image\" content=\"https:\/\/jumeaux91.fr\/blog\/wp-content\/uploads\/2025\/10\/abattage-de-lolivier-pour-ilan-halimi-le-parquet-de-bobigny-fait-appel-du-jugement-contre-les-deux-freres.jpg\" \/>\n<meta name=\"author\" content=\"Claude DAYRES\" \/>\n<meta name=\"twitter:card\" content=\"summary_large_image\" \/>\n<meta name=\"twitter:label1\" content=\"\u00c9crit par\" \/>\n\t<meta name=\"twitter:data1\" content=\"Claude DAYRES\" \/>\n\t<meta name=\"twitter:label2\" content=\"Dur\u00e9e de lecture estim\u00e9e\" \/>\n\t<meta name=\"twitter:data2\" content=\"3 minutes\" \/>\n<script type=\"application\/ld+json\" class=\"yoast-schema-graph\">{\"@context\":\"https:\\\/\\\/schema.org\",\"@graph\":[{\"@type\":\"Article\",\"@id\":\"https:\\\/\\\/jumeaux91.fr\\\/blog\\\/abattage-de-lolivier-pour-ilan-halimi-le-parquet-de-bobigny-fait-appel-du-jugement-contre-les-deux-freres\\\/#article\",\"isPartOf\":{\"@id\":\"https:\\\/\\\/jumeaux91.fr\\\/blog\\\/abattage-de-lolivier-pour-ilan-halimi-le-parquet-de-bobigny-fait-appel-du-jugement-contre-les-deux-freres\\\/\"},\"author\":{\"name\":\"Claude DAYRES\",\"@id\":\"https:\\\/\\\/jumeaux91.fr\\\/blog\\\/#\\\/schema\\\/person\\\/21da06e9f119b9f64e5d45dbbd32d3fb\"},\"headline\":\"Abattage de l&rsquo;olivier pour Ilan Halimi: le parquet de Bobigny fait appel du jugement contre les deux fr\u00e8res\",\"datePublished\":\"2025-10-24T10:52:00+00:00\",\"mainEntityOfPage\":{\"@id\":\"https:\\\/\\\/jumeaux91.fr\\\/blog\\\/abattage-de-lolivier-pour-ilan-halimi-le-parquet-de-bobigny-fait-appel-du-jugement-contre-les-deux-freres\\\/\"},\"wordCount\":630,\"publisher\":{\"@id\":\"https:\\\/\\\/jumeaux91.fr\\\/blog\\\/#organization\"},\"image\":{\"@id\":\"https:\\\/\\\/jumeaux91.fr\\\/blog\\\/abattage-de-lolivier-pour-ilan-halimi-le-parquet-de-bobigny-fait-appel-du-jugement-contre-les-deux-freres\\\/#primaryimage\"},\"thumbnailUrl\":\"https:\\\/\\\/jumeaux91.fr\\\/blog\\\/wp-content\\\/uploads\\\/2025\\\/10\\\/abattage-de-lolivier-pour-ilan-halimi-le-parquet-de-bobigny-fait-appel-du-jugement-contre-les-deux-freres.jpg\",\"articleSection\":[\"Posts Fr\u00e8res Jumeaux De L'Essonnes:\"],\"inLanguage\":\"fr-FR\"},{\"@type\":\"WebPage\",\"@id\":\"https:\\\/\\\/jumeaux91.fr\\\/blog\\\/abattage-de-lolivier-pour-ilan-halimi-le-parquet-de-bobigny-fait-appel-du-jugement-contre-les-deux-freres\\\/\",\"url\":\"https:\\\/\\\/jumeaux91.fr\\\/blog\\\/abattage-de-lolivier-pour-ilan-halimi-le-parquet-de-bobigny-fait-appel-du-jugement-contre-les-deux-freres\\\/\",\"name\":\"Abattage de l'olivier pour Ilan Halimi: le parquet de Bobigny fait appel du jugement contre les deux fr\u00e8res - JUMEAUX91\",\"isPartOf\":{\"@id\":\"https:\\\/\\\/jumeaux91.fr\\\/blog\\\/#website\"},\"primaryImageOfPage\":{\"@id\":\"https:\\\/\\\/jumeaux91.fr\\\/blog\\\/abattage-de-lolivier-pour-ilan-halimi-le-parquet-de-bobigny-fait-appel-du-jugement-contre-les-deux-freres\\\/#primaryimage\"},\"image\":{\"@id\":\"https:\\\/\\\/jumeaux91.fr\\\/blog\\\/abattage-de-lolivier-pour-ilan-halimi-le-parquet-de-bobigny-fait-appel-du-jugement-contre-les-deux-freres\\\/#primaryimage\"},\"thumbnailUrl\":\"https:\\\/\\\/jumeaux91.fr\\\/blog\\\/wp-content\\\/uploads\\\/2025\\\/10\\\/abattage-de-lolivier-pour-ilan-halimi-le-parquet-de-bobigny-fait-appel-du-jugement-contre-les-deux-freres.jpg\",\"datePublished\":\"2025-10-24T10:52:00+00:00\",\"breadcrumb\":{\"@id\":\"https:\\\/\\\/jumeaux91.fr\\\/blog\\\/abattage-de-lolivier-pour-ilan-halimi-le-parquet-de-bobigny-fait-appel-du-jugement-contre-les-deux-freres\\\/#breadcrumb\"},\"inLanguage\":\"fr-FR\",\"potentialAction\":[{\"@type\":\"ReadAction\",\"target\":[\"https:\\\/\\\/jumeaux91.fr\\\/blog\\\/abattage-de-lolivier-pour-ilan-halimi-le-parquet-de-bobigny-fait-appel-du-jugement-contre-les-deux-freres\\\/\"]}]},{\"@type\":\"ImageObject\",\"inLanguage\":\"fr-FR\",\"@id\":\"https:\\\/\\\/jumeaux91.fr\\\/blog\\\/abattage-de-lolivier-pour-ilan-halimi-le-parquet-de-bobigny-fait-appel-du-jugement-contre-les-deux-freres\\\/#primaryimage\",\"url\":\"https:\\\/\\\/jumeaux91.fr\\\/blog\\\/wp-content\\\/uploads\\\/2025\\\/10\\\/abattage-de-lolivier-pour-ilan-halimi-le-parquet-de-bobigny-fait-appel-du-jugement-contre-les-deux-freres.jpg\",\"contentUrl\":\"https:\\\/\\\/jumeaux91.fr\\\/blog\\\/wp-content\\\/uploads\\\/2025\\\/10\\\/abattage-de-lolivier-pour-ilan-halimi-le-parquet-de-bobigny-fait-appel-du-jugement-contre-les-deux-freres.jpg\",\"width\":1200,\"height\":800,\"caption\":\"Abattage de l'olivier pour Ilan Halimi: le parquet de Bobigny fait appel du jugement contre les deux fr\u00e8res\"},{\"@type\":\"BreadcrumbList\",\"@id\":\"https:\\\/\\\/jumeaux91.fr\\\/blog\\\/abattage-de-lolivier-pour-ilan-halimi-le-parquet-de-bobigny-fait-appel-du-jugement-contre-les-deux-freres\\\/#breadcrumb\",\"itemListElement\":[{\"@type\":\"ListItem\",\"position\":1,\"name\":\"Accueil\",\"item\":\"https:\\\/\\\/jumeaux91.fr\\\/blog\\\/\"},{\"@type\":\"ListItem\",\"position\":2,\"name\":\"Abattage de l&rsquo;olivier pour Ilan Halimi: le parquet de Bobigny fait appel du jugement contre les deux fr\u00e8res\"}]},{\"@type\":\"WebSite\",\"@id\":\"https:\\\/\\\/jumeaux91.fr\\\/blog\\\/#website\",\"url\":\"https:\\\/\\\/jumeaux91.fr\\\/blog\\\/\",\"name\":\"JUMEAUX91\",\"description\":\"Fr\u00e8res jumeaux de l&#039;Essonnes; informations et archives, \u00e0 savoir et retenir.\",\"publisher\":{\"@id\":\"https:\\\/\\\/jumeaux91.fr\\\/blog\\\/#organization\"},\"potentialAction\":[{\"@type\":\"SearchAction\",\"target\":{\"@type\":\"EntryPoint\",\"urlTemplate\":\"https:\\\/\\\/jumeaux91.fr\\\/blog\\\/?s={search_term_string}\"},\"query-input\":{\"@type\":\"PropertyValueSpecification\",\"valueRequired\":true,\"valueName\":\"search_term_string\"}}],\"inLanguage\":\"fr-FR\"},{\"@type\":\"Organization\",\"@id\":\"https:\\\/\\\/jumeaux91.fr\\\/blog\\\/#organization\",\"name\":\"jumeaux91\",\"url\":\"https:\\\/\\\/jumeaux91.fr\\\/blog\\\/\",\"logo\":{\"@type\":\"ImageObject\",\"inLanguage\":\"fr-FR\",\"@id\":\"https:\\\/\\\/jumeaux91.fr\\\/blog\\\/#\\\/schema\\\/logo\\\/image\\\/\",\"url\":\"https:\\\/\\\/jumeaux91.fr\\\/blog\\\/wp-content\\\/uploads\\\/2023\\\/05\\\/cropped-cropped-logoJ_91.png\",\"contentUrl\":\"https:\\\/\\\/jumeaux91.fr\\\/blog\\\/wp-content\\\/uploads\\\/2023\\\/05\\\/cropped-cropped-logoJ_91.png\",\"width\":512,\"height\":512,\"caption\":\"jumeaux91\"},\"image\":{\"@id\":\"https:\\\/\\\/jumeaux91.fr\\\/blog\\\/#\\\/schema\\\/logo\\\/image\\\/\"}},{\"@type\":\"Person\",\"@id\":\"https:\\\/\\\/jumeaux91.fr\\\/blog\\\/#\\\/schema\\\/person\\\/21da06e9f119b9f64e5d45dbbd32d3fb\",\"name\":\"Claude DAYRES\",\"image\":{\"@type\":\"ImageObject\",\"inLanguage\":\"fr-FR\",\"@id\":\"https:\\\/\\\/secure.gravatar.com\\\/avatar\\\/82eb951df6110a2c48d1bfa7a67d1ee6f0cd5df3cbf9c3586dd61e82db7172a5?s=96&d=mm&r=g\",\"url\":\"https:\\\/\\\/secure.gravatar.com\\\/avatar\\\/82eb951df6110a2c48d1bfa7a67d1ee6f0cd5df3cbf9c3586dd61e82db7172a5?s=96&d=mm&r=g\",\"contentUrl\":\"https:\\\/\\\/secure.gravatar.com\\\/avatar\\\/82eb951df6110a2c48d1bfa7a67d1ee6f0cd5df3cbf9c3586dd61e82db7172a5?s=96&d=mm&r=g\",\"caption\":\"Claude DAYRES\"},\"url\":\"https:\\\/\\\/jumeaux91.fr\\\/blog\\\/author\\\/x91claude\\\/\"}]}<\/script>\n<!-- \/ Yoast SEO plugin. -->","yoast_head_json":{"title":"Abattage de l'olivier pour Ilan Halimi: le parquet de Bobigny fait appel du jugement contre les deux fr\u00e8res - JUMEAUX91","robots":{"index":"index","follow":"follow","max-snippet":"max-snippet:-1","max-image-preview":"max-image-preview:large","max-video-preview":"max-video-preview:-1"},"canonical":"https:\/\/jumeaux91.fr\/blog\/abattage-de-lolivier-pour-ilan-halimi-le-parquet-de-bobigny-fait-appel-du-jugement-contre-les-deux-freres\/","og_locale":"fr_FR","og_type":"article","og_title":"Abattage de l'olivier pour Ilan Halimi: le parquet de Bobigny fait appel du jugement contre les deux fr\u00e8res - JUMEAUX91","og_description":"Le parquet de Bobigny a annonc\u00e9 ce vendredi 24 octobre avoir fait appel du jugement prononc\u00e9 contre deux fr\u00e8res jumeaux de 19 ans dans l&rsquo;affaire de l&rsquo;abattage d&rsquo;un arbre en m\u00e9moire d&rsquo;Ilan Halimi, jeune Fran\u00e7ais juif tu\u00e9 en 2006, en contestant le fait que le tribunal n&rsquo;ait pas reconnu le caract\u00e8re antis\u00e9mite de leur acte.&hellip; Poursuivre la lecture Abattage de l&rsquo;olivier pour Ilan Halimi: le parquet de Bobigny fait appel du jugement contre les deux fr\u00e8res","og_url":"https:\/\/jumeaux91.fr\/blog\/abattage-de-lolivier-pour-ilan-halimi-le-parquet-de-bobigny-fait-appel-du-jugement-contre-les-deux-freres\/","og_site_name":"JUMEAUX91","article_published_time":"2025-10-24T10:52:00+00:00","og_image":[{"url":"https:\/\/jumeaux91.fr\/blog\/wp-content\/uploads\/2025\/10\/abattage-de-lolivier-pour-ilan-halimi-le-parquet-de-bobigny-fait-appel-du-jugement-contre-les-deux-freres.jpg","type":"","width":"","height":""}],"author":"Claude DAYRES","twitter_card":"summary_large_image","twitter_misc":{"\u00c9crit par":"Claude DAYRES","Dur\u00e9e de lecture estim\u00e9e":"3 minutes"},"schema":{"@context":"https:\/\/schema.org","@graph":[{"@type":"Article","@id":"https:\/\/jumeaux91.fr\/blog\/abattage-de-lolivier-pour-ilan-halimi-le-parquet-de-bobigny-fait-appel-du-jugement-contre-les-deux-freres\/#article","isPartOf":{"@id":"https:\/\/jumeaux91.fr\/blog\/abattage-de-lolivier-pour-ilan-halimi-le-parquet-de-bobigny-fait-appel-du-jugement-contre-les-deux-freres\/"},"author":{"name":"Claude DAYRES","@id":"https:\/\/jumeaux91.fr\/blog\/#\/schema\/person\/21da06e9f119b9f64e5d45dbbd32d3fb"},"headline":"Abattage de l&rsquo;olivier pour Ilan Halimi: le parquet de Bobigny fait appel du jugement contre les deux fr\u00e8res","datePublished":"2025-10-24T10:52:00+00:00","mainEntityOfPage":{"@id":"https:\/\/jumeaux91.fr\/blog\/abattage-de-lolivier-pour-ilan-halimi-le-parquet-de-bobigny-fait-appel-du-jugement-contre-les-deux-freres\/"},"wordCount":630,"publisher":{"@id":"https:\/\/jumeaux91.fr\/blog\/#organization"},"image":{"@id":"https:\/\/jumeaux91.fr\/blog\/abattage-de-lolivier-pour-ilan-halimi-le-parquet-de-bobigny-fait-appel-du-jugement-contre-les-deux-freres\/#primaryimage"},"thumbnailUrl":"https:\/\/jumeaux91.fr\/blog\/wp-content\/uploads\/2025\/10\/abattage-de-lolivier-pour-ilan-halimi-le-parquet-de-bobigny-fait-appel-du-jugement-contre-les-deux-freres.jpg","articleSection":["Posts Fr\u00e8res Jumeaux De L'Essonnes:"],"inLanguage":"fr-FR"},{"@type":"WebPage","@id":"https:\/\/jumeaux91.fr\/blog\/abattage-de-lolivier-pour-ilan-halimi-le-parquet-de-bobigny-fait-appel-du-jugement-contre-les-deux-freres\/","url":"https:\/\/jumeaux91.fr\/blog\/abattage-de-lolivier-pour-ilan-halimi-le-parquet-de-bobigny-fait-appel-du-jugement-contre-les-deux-freres\/","name":"Abattage de l'olivier pour Ilan Halimi: le parquet de Bobigny fait appel du jugement contre les deux fr\u00e8res - JUMEAUX91","isPartOf":{"@id":"https:\/\/jumeaux91.fr\/blog\/#website"},"primaryImageOfPage":{"@id":"https:\/\/jumeaux91.fr\/blog\/abattage-de-lolivier-pour-ilan-halimi-le-parquet-de-bobigny-fait-appel-du-jugement-contre-les-deux-freres\/#primaryimage"},"image":{"@id":"https:\/\/jumeaux91.fr\/blog\/abattage-de-lolivier-pour-ilan-halimi-le-parquet-de-bobigny-fait-appel-du-jugement-contre-les-deux-freres\/#primaryimage"},"thumbnailUrl":"https:\/\/jumeaux91.fr\/blog\/wp-content\/uploads\/2025\/10\/abattage-de-lolivier-pour-ilan-halimi-le-parquet-de-bobigny-fait-appel-du-jugement-contre-les-deux-freres.jpg","datePublished":"2025-10-24T10:52:00+00:00","breadcrumb":{"@id":"https:\/\/jumeaux91.fr\/blog\/abattage-de-lolivier-pour-ilan-halimi-le-parquet-de-bobigny-fait-appel-du-jugement-contre-les-deux-freres\/#breadcrumb"},"inLanguage":"fr-FR","potentialAction":[{"@type":"ReadAction","target":["https:\/\/jumeaux91.fr\/blog\/abattage-de-lolivier-pour-ilan-halimi-le-parquet-de-bobigny-fait-appel-du-jugement-contre-les-deux-freres\/"]}]},{"@type":"ImageObject","inLanguage":"fr-FR","@id":"https:\/\/jumeaux91.fr\/blog\/abattage-de-lolivier-pour-ilan-halimi-le-parquet-de-bobigny-fait-appel-du-jugement-contre-les-deux-freres\/#primaryimage","url":"https:\/\/jumeaux91.fr\/blog\/wp-content\/uploads\/2025\/10\/abattage-de-lolivier-pour-ilan-halimi-le-parquet-de-bobigny-fait-appel-du-jugement-contre-les-deux-freres.jpg","contentUrl":"https:\/\/jumeaux91.fr\/blog\/wp-content\/uploads\/2025\/10\/abattage-de-lolivier-pour-ilan-halimi-le-parquet-de-bobigny-fait-appel-du-jugement-contre-les-deux-freres.jpg","width":1200,"height":800,"caption":"Abattage de l'olivier pour Ilan Halimi: le parquet de Bobigny fait appel du jugement contre les deux fr\u00e8res"},{"@type":"BreadcrumbList","@id":"https:\/\/jumeaux91.fr\/blog\/abattage-de-lolivier-pour-ilan-halimi-le-parquet-de-bobigny-fait-appel-du-jugement-contre-les-deux-freres\/#breadcrumb","itemListElement":[{"@type":"ListItem","position":1,"name":"Accueil","item":"https:\/\/jumeaux91.fr\/blog\/"},{"@type":"ListItem","position":2,"name":"Abattage de l&rsquo;olivier pour Ilan Halimi: le parquet de Bobigny fait appel du jugement contre les deux fr\u00e8res"}]},{"@type":"WebSite","@id":"https:\/\/jumeaux91.fr\/blog\/#website","url":"https:\/\/jumeaux91.fr\/blog\/","name":"JUMEAUX91","description":"Fr\u00e8res jumeaux de l&#039;Essonnes; informations et archives, \u00e0 savoir et retenir.","publisher":{"@id":"https:\/\/jumeaux91.fr\/blog\/#organization"},"potentialAction":[{"@type":"SearchAction","target":{"@type":"EntryPoint","urlTemplate":"https:\/\/jumeaux91.fr\/blog\/?s={search_term_string}"},"query-input":{"@type":"PropertyValueSpecification","valueRequired":true,"valueName":"search_term_string"}}],"inLanguage":"fr-FR"},{"@type":"Organization","@id":"https:\/\/jumeaux91.fr\/blog\/#organization","name":"jumeaux91","url":"https:\/\/jumeaux91.fr\/blog\/","logo":{"@type":"ImageObject","inLanguage":"fr-FR","@id":"https:\/\/jumeaux91.fr\/blog\/#\/schema\/logo\/image\/","url":"https:\/\/jumeaux91.fr\/blog\/wp-content\/uploads\/2023\/05\/cropped-cropped-logoJ_91.png","contentUrl":"https:\/\/jumeaux91.fr\/blog\/wp-content\/uploads\/2023\/05\/cropped-cropped-logoJ_91.png","width":512,"height":512,"caption":"jumeaux91"},"image":{"@id":"https:\/\/jumeaux91.fr\/blog\/#\/schema\/logo\/image\/"}},{"@type":"Person","@id":"https:\/\/jumeaux91.fr\/blog\/#\/schema\/person\/21da06e9f119b9f64e5d45dbbd32d3fb","name":"Claude DAYRES","image":{"@type":"ImageObject","inLanguage":"fr-FR","@id":"https:\/\/secure.gravatar.com\/avatar\/82eb951df6110a2c48d1bfa7a67d1ee6f0cd5df3cbf9c3586dd61e82db7172a5?s=96&d=mm&r=g","url":"https:\/\/secure.gravatar.com\/avatar\/82eb951df6110a2c48d1bfa7a67d1ee6f0cd5df3cbf9c3586dd61e82db7172a5?s=96&d=mm&r=g","contentUrl":"https:\/\/secure.gravatar.com\/avatar\/82eb951df6110a2c48d1bfa7a67d1ee6f0cd5df3cbf9c3586dd61e82db7172a5?s=96&d=mm&r=g","caption":"Claude DAYRES"},"url":"https:\/\/jumeaux91.fr\/blog\/author\/x91claude\/"}]}},"_links":{"self":[{"href":"https:\/\/jumeaux91.fr\/blog\/wp-json\/wp\/v2\/posts\/1819","targetHints":{"allow":["GET"]}}],"collection":[{"href":"https:\/\/jumeaux91.fr\/blog\/wp-json\/wp\/v2\/posts"}],"about":[{"href":"https:\/\/jumeaux91.fr\/blog\/wp-json\/wp\/v2\/types\/post"}],"author":[{"embeddable":true,"href":"https:\/\/jumeaux91.fr\/blog\/wp-json\/wp\/v2\/users\/2"}],"replies":[{"embeddable":true,"href":"https:\/\/jumeaux91.fr\/blog\/wp-json\/wp\/v2\/comments?post=1819"}],"version-history":[{"count":0,"href":"https:\/\/jumeaux91.fr\/blog\/wp-json\/wp\/v2\/posts\/1819\/revisions"}],"wp:featuredmedia":[{"embeddable":true,"href":"https:\/\/jumeaux91.fr\/blog\/wp-json\/wp\/v2\/media\/1820"}],"wp:attachment":[{"href":"https:\/\/jumeaux91.fr\/blog\/wp-json\/wp\/v2\/media?parent=1819"}],"wp:term":[{"taxonomy":"category","embeddable":true,"href":"https:\/\/jumeaux91.fr\/blog\/wp-json\/wp\/v2\/categories?post=1819"},{"taxonomy":"post_tag","embeddable":true,"href":"https:\/\/jumeaux91.fr\/blog\/wp-json\/wp\/v2\/tags?post=1819"}],"curies":[{"name":"wp","href":"https:\/\/api.w.org\/{rel}","templated":true}]}}