{"id":1823,"date":"2025-10-27T02:28:00","date_gmt":"2025-10-27T01:28:00","guid":{"rendered":"https:\/\/jumeaux91.fr\/blog\/le-mythe-de-la-fondation-de-rome-entre-fables-et-incertitudes-historiques\/"},"modified":"2025-10-27T02:28:00","modified_gmt":"2025-10-27T01:28:00","slug":"le-mythe-de-la-fondation-de-rome-entre-fables-et-incertitudes-historiques","status":"publish","type":"post","link":"https:\/\/jumeaux91.fr\/blog\/le-mythe-de-la-fondation-de-rome-entre-fables-et-incertitudes-historiques\/","title":{"rendered":"Le mythe de la fondation de Rome, entre fables et incertitudes historiques"},"content":{"rendered":"<div><img decoding=\"async\" src=\"https:\/\/jumeaux91.fr\/blog\/wp-content\/uploads\/2025\/10\/le-mythe-de-la-fondation-de-rome-entre-fables-et-incertitudes-historiques.jpg\" class=\"ff-og-image-inserted\"><\/div>\n<div>\n<p data-paragraph-id=\"5607678-1\">La cr\u00e9ation des deux personnages Romulus et R\u00e9mus s&rsquo;est donc d\u00e9roul\u00e9e dans un contexte culturel grec. Il \u00e9tait donc in\u00e9vitable de retrouver dans ces l\u00e9gendes des r\u00e9f\u00e9rences aux dieux de l&rsquo;Olympe et \u00e0 un \u00e9v\u00e9nement l\u00e9gendaire de la p\u00e9riode pr\u00e9-classique, la guerre de Troie. Sous le r\u00e8gne de l&#8217;empereur Auguste, plusieurs auteurs ont tent\u00e9 de reconstituer la saga \u00e9pique, allant de Marcus Terentius Varro, dit Varron, dont l&rsquo;ouvrage historique <em>Antiquitates rerum humanarum et divinarum<\/em> est aujourd&rsquo;hui perdu&nbsp;; \u00e0 Denys d&rsquo;Halicarnasse, avec ses <em>Antiquit\u00e9s romaines<\/em>, dont seul le premier des neuf livres nous est parvenu&nbsp;; et enfin Tite-Live, dont 35 des 142&nbsp;volumes de l&rsquo;\u0153uvre <em>Ab Urbe Condita<\/em>, qui signifie en latin \u00ab&nbsp;depuis la fondation de la Ville&nbsp;\u00bb, ont \u00e9t\u00e9 int\u00e9gralement pr\u00e9serv\u00e9s. Les dix premiers volumes de l&rsquo;historien romain, qui a v\u00e9cu \u00e0 l&rsquo;aube du premier si\u00e8cle, relatent un r\u00e9cit coh\u00e9rent de la l\u00e9gende entourant la fondation de Rome. Varron est souvent cr\u00e9dit\u00e9 de la proposition d&rsquo;une date officielle pour la fondation de la ville, ou <em>urbs&nbsp;<\/em>en latin&nbsp;: le 21&nbsp;avril&nbsp;753 avant notre \u00e8re, date de l&rsquo;affrontement final entre Romulus et R\u00e9mus. Cette date a \u00e9t\u00e9 calcul\u00e9e en attribuant 35&nbsp;ans de r\u00e8gne \u00e0 chacun des sept rois de Rome avant l&rsquo;\u00e9tablissement de la R\u00e9publique en 509 avant notre \u00e8re, toujours selon le savant romain. D&rsquo;autres auteurs proposent diff\u00e9rents calculs, mais c&rsquo;est en g\u00e9n\u00e9ral la chronologie de Varron qui fait foi.<\/p>\n<\/div>\n<div>\n<p data-paragraph-id=\"5607678-3\">Tout a commenc\u00e9 avec \u00c9n\u00e9e, l&rsquo;un des h\u00e9ros de la guerre de Troie qui aurait fui la cit\u00e9 en flammes avec son p\u00e8re Anchise sur les \u00e9paules et son fils Ascagne, ou Iule (Jules), \u00e0 ses c\u00f4t\u00e9s. Sa fuite remonte \u00e0 1184&nbsp;avant notre \u00e8re, soit plus de quatre si\u00e8cles avant le mythe de Romulus et R\u00e9mus, mais le temps des l\u00e9gendes s&rsquo;\u00e9coule \u00e0 la h\u00e2te\u2026 ou ne s&rsquo;\u00e9coule pas. Lorsque l&#8217;empereur Auguste a confi\u00e9 \u00e0 l&rsquo;illustre po\u00e8te Virgile la t\u00e2che de composer une \u0153uvre c\u00e9l\u00e9brant les origines de la gens Iulia et la restauration august\u00e9enne, l&rsquo;\u00e9crivain a r\u00e9dig\u00e9 les chroniques des errances du h\u00e9ros troyen, de fa\u00e7on similaire \u00e0 celles d&rsquo;Ulysse. \u00c0 la fin de son odyss\u00e9e, \u00c9n\u00e9e aurait accost\u00e9 sur les rivages de l&rsquo;Italie o\u00f9 il aurait affront\u00e9 les peuples natifs d&rsquo;une r\u00e9gion correspondant au Latium. Apr\u00e8s avoir fait la paix avec ces derniers, il aurait scell\u00e9 le pacte par son mariage avec Lavinia, la fille du roi Latinus, et par la fondation d&rsquo;une nouvelle colonie, Lavinium. La l\u00e9gende se poursuit avec les exploits d&rsquo;Ascagne, ou d&rsquo;Iule, ou des deux, car l&rsquo;histoire ne permet pas d&rsquo;affirmer s&rsquo;il s&rsquo;agissait de la m\u00eame personne ou des deux fils d&rsquo;\u00c9n\u00e9e, l&rsquo;un n\u00e9 de Creus\u00e9e \u00e0 Troie et l&rsquo;autre de Lavinia au Latium. Toujours est-il que trente ans plus tard, Ascagne (ou Iule) aurait donc fond\u00e9 sa propre cit\u00e9, Albe la Longue, situ\u00e9e \u00e0 proximit\u00e9 de l&rsquo;actuelle ville de Castel Gandolfo, m\u00eame si l\u00e0 encore les historiens et les arch\u00e9ologues ne sont pas en mesure de d\u00e9terminer pr\u00e9cis\u00e9ment son emplacement.<\/p>\n<\/div>\n<p>La chronique se veut g\u00e9n\u00e9r\u00e9e de la fa\u00e7on la plus claire que possible. Dans le cas o\u00f9 vous souhaitez pr\u00e9senter des renseignements compl\u00e9mentaires \u00e0 cet article sur le sujet \u00ab\u00a0Fr\u00e8res jumeaux de l&rsquo;Essonnes\u00a0\u00bb il vous est possible d\u2019\u00e9crire aux contacts indiqu\u00e9s sur notre website. La raison d\u2019\u00eatre de jumeaux91.fr \u00e9tant de rassembler sur le web des posts sur le sujet de Fr\u00e8res jumeaux de l&rsquo;Essonnes puis les diffuser en r\u00e9pondant au mieux aux interrogations des gens. Vous pouvez tirer profit de cet article traitant le sujet \u00ab\u00a0Fr\u00e8res jumeaux de l&rsquo;Essonnes\u00a0\u00bb. Il est concoct\u00e9 par l\u2019\u00e9quipe jumeaux91.fr. Prochainement, nous rendrons accessibles au public d&rsquo;autres informations pertinentes sur le sujet \u00ab\u00a0Fr\u00e8res jumeaux de l&rsquo;Essonnes\u00a0\u00bb. Alors, consultez syst\u00e9matiquement notre blog.<\/p>\n","protected":false},"excerpt":{"rendered":"<p>La cr\u00e9ation des deux personnages Romulus et R\u00e9mus s&rsquo;est donc d\u00e9roul\u00e9e dans un contexte culturel grec. Il \u00e9tait donc in\u00e9vitable de retrouver dans ces l\u00e9gendes des r\u00e9f\u00e9rences aux dieux de l&rsquo;Olympe et \u00e0 un \u00e9v\u00e9nement l\u00e9gendaire de la p\u00e9riode pr\u00e9-classique, la guerre de Troie. Sous le r\u00e8gne de l&#8217;empereur Auguste, plusieurs auteurs ont tent\u00e9 de&hellip; <a class=\"more-link\" href=\"https:\/\/jumeaux91.fr\/blog\/le-mythe-de-la-fondation-de-rome-entre-fables-et-incertitudes-historiques\/\">Poursuivre la lecture <span class=\"screen-reader-text\">Le mythe de la fondation de Rome, entre fables et incertitudes historiques<\/span><\/a><\/p>\n","protected":false},"author":2,"featured_media":1824,"comment_status":"closed","ping_status":"closed","sticky":false,"template":"","format":"standard","meta":{"footnotes":""},"categories":[4],"tags":[],"class_list":["post-1823","post","type-post","status-publish","format-standard","has-post-thumbnail","hentry","category-posts-freres-jumeaux-de-lessonnes","entry"],"yoast_head":"<!-- This site is optimized with the Yoast SEO plugin v27.5 - https:\/\/yoast.com\/product\/yoast-seo-wordpress\/ -->\n<title>Le mythe de la fondation de Rome, entre fables et incertitudes historiques - JUMEAUX91<\/title>\n<meta name=\"robots\" content=\"index, follow, max-snippet:-1, max-image-preview:large, max-video-preview:-1\" \/>\n<link rel=\"canonical\" href=\"https:\/\/jumeaux91.fr\/blog\/le-mythe-de-la-fondation-de-rome-entre-fables-et-incertitudes-historiques\/\" \/>\n<meta property=\"og:locale\" content=\"fr_FR\" \/>\n<meta property=\"og:type\" content=\"article\" \/>\n<meta property=\"og:title\" content=\"Le mythe de la fondation de Rome, entre fables et incertitudes historiques - JUMEAUX91\" \/>\n<meta property=\"og:description\" content=\"La cr\u00e9ation des deux personnages Romulus et R\u00e9mus s&rsquo;est donc d\u00e9roul\u00e9e dans un contexte culturel grec. Il \u00e9tait donc in\u00e9vitable de retrouver dans ces l\u00e9gendes des r\u00e9f\u00e9rences aux dieux de l&rsquo;Olympe et \u00e0 un \u00e9v\u00e9nement l\u00e9gendaire de la p\u00e9riode pr\u00e9-classique, la guerre de Troie. Sous le r\u00e8gne de l&#8217;empereur Auguste, plusieurs auteurs ont tent\u00e9 de&hellip; Poursuivre la lecture Le mythe de la fondation de Rome, entre fables et incertitudes historiques\" \/>\n<meta property=\"og:url\" content=\"https:\/\/jumeaux91.fr\/blog\/le-mythe-de-la-fondation-de-rome-entre-fables-et-incertitudes-historiques\/\" \/>\n<meta property=\"og:site_name\" content=\"JUMEAUX91\" \/>\n<meta property=\"article:published_time\" content=\"2025-10-27T01:28:00+00:00\" \/>\n<meta property=\"og:image\" content=\"https:\/\/jumeaux91.fr\/blog\/wp-content\/uploads\/2025\/10\/le-mythe-de-la-fondation-de-rome-entre-fables-et-incertitudes-historiques.jpg\" \/>\n<meta name=\"author\" content=\"Claude DAYRES\" \/>\n<meta name=\"twitter:card\" content=\"summary_large_image\" \/>\n<meta name=\"twitter:label1\" content=\"\u00c9crit par\" \/>\n\t<meta name=\"twitter:data1\" content=\"Claude DAYRES\" \/>\n\t<meta name=\"twitter:label2\" content=\"Dur\u00e9e de lecture estim\u00e9e\" \/>\n\t<meta name=\"twitter:data2\" content=\"3 minutes\" \/>\n<script type=\"application\/ld+json\" class=\"yoast-schema-graph\">{\"@context\":\"https:\\\/\\\/schema.org\",\"@graph\":[{\"@type\":\"Article\",\"@id\":\"https:\\\/\\\/jumeaux91.fr\\\/blog\\\/le-mythe-de-la-fondation-de-rome-entre-fables-et-incertitudes-historiques\\\/#article\",\"isPartOf\":{\"@id\":\"https:\\\/\\\/jumeaux91.fr\\\/blog\\\/le-mythe-de-la-fondation-de-rome-entre-fables-et-incertitudes-historiques\\\/\"},\"author\":{\"name\":\"Claude DAYRES\",\"@id\":\"https:\\\/\\\/jumeaux91.fr\\\/blog\\\/#\\\/schema\\\/person\\\/21da06e9f119b9f64e5d45dbbd32d3fb\"},\"headline\":\"Le mythe de la fondation de Rome, entre fables et incertitudes historiques\",\"datePublished\":\"2025-10-27T01:28:00+00:00\",\"mainEntityOfPage\":{\"@id\":\"https:\\\/\\\/jumeaux91.fr\\\/blog\\\/le-mythe-de-la-fondation-de-rome-entre-fables-et-incertitudes-historiques\\\/\"},\"wordCount\":728,\"publisher\":{\"@id\":\"https:\\\/\\\/jumeaux91.fr\\\/blog\\\/#organization\"},\"image\":{\"@id\":\"https:\\\/\\\/jumeaux91.fr\\\/blog\\\/le-mythe-de-la-fondation-de-rome-entre-fables-et-incertitudes-historiques\\\/#primaryimage\"},\"thumbnailUrl\":\"https:\\\/\\\/jumeaux91.fr\\\/blog\\\/wp-content\\\/uploads\\\/2025\\\/10\\\/le-mythe-de-la-fondation-de-rome-entre-fables-et-incertitudes-historiques.jpg\",\"articleSection\":[\"Posts Fr\u00e8res Jumeaux De L'Essonnes:\"],\"inLanguage\":\"fr-FR\"},{\"@type\":\"WebPage\",\"@id\":\"https:\\\/\\\/jumeaux91.fr\\\/blog\\\/le-mythe-de-la-fondation-de-rome-entre-fables-et-incertitudes-historiques\\\/\",\"url\":\"https:\\\/\\\/jumeaux91.fr\\\/blog\\\/le-mythe-de-la-fondation-de-rome-entre-fables-et-incertitudes-historiques\\\/\",\"name\":\"Le mythe de la fondation de Rome, entre fables et incertitudes historiques - JUMEAUX91\",\"isPartOf\":{\"@id\":\"https:\\\/\\\/jumeaux91.fr\\\/blog\\\/#website\"},\"primaryImageOfPage\":{\"@id\":\"https:\\\/\\\/jumeaux91.fr\\\/blog\\\/le-mythe-de-la-fondation-de-rome-entre-fables-et-incertitudes-historiques\\\/#primaryimage\"},\"image\":{\"@id\":\"https:\\\/\\\/jumeaux91.fr\\\/blog\\\/le-mythe-de-la-fondation-de-rome-entre-fables-et-incertitudes-historiques\\\/#primaryimage\"},\"thumbnailUrl\":\"https:\\\/\\\/jumeaux91.fr\\\/blog\\\/wp-content\\\/uploads\\\/2025\\\/10\\\/le-mythe-de-la-fondation-de-rome-entre-fables-et-incertitudes-historiques.jpg\",\"datePublished\":\"2025-10-27T01:28:00+00:00\",\"breadcrumb\":{\"@id\":\"https:\\\/\\\/jumeaux91.fr\\\/blog\\\/le-mythe-de-la-fondation-de-rome-entre-fables-et-incertitudes-historiques\\\/#breadcrumb\"},\"inLanguage\":\"fr-FR\",\"potentialAction\":[{\"@type\":\"ReadAction\",\"target\":[\"https:\\\/\\\/jumeaux91.fr\\\/blog\\\/le-mythe-de-la-fondation-de-rome-entre-fables-et-incertitudes-historiques\\\/\"]}]},{\"@type\":\"ImageObject\",\"inLanguage\":\"fr-FR\",\"@id\":\"https:\\\/\\\/jumeaux91.fr\\\/blog\\\/le-mythe-de-la-fondation-de-rome-entre-fables-et-incertitudes-historiques\\\/#primaryimage\",\"url\":\"https:\\\/\\\/jumeaux91.fr\\\/blog\\\/wp-content\\\/uploads\\\/2025\\\/10\\\/le-mythe-de-la-fondation-de-rome-entre-fables-et-incertitudes-historiques.jpg\",\"contentUrl\":\"https:\\\/\\\/jumeaux91.fr\\\/blog\\\/wp-content\\\/uploads\\\/2025\\\/10\\\/le-mythe-de-la-fondation-de-rome-entre-fables-et-incertitudes-historiques.jpg\",\"width\":1600,\"height\":1197,\"caption\":\"Le mythe de la fondation de Rome, entre fables et incertitudes historiques\"},{\"@type\":\"BreadcrumbList\",\"@id\":\"https:\\\/\\\/jumeaux91.fr\\\/blog\\\/le-mythe-de-la-fondation-de-rome-entre-fables-et-incertitudes-historiques\\\/#breadcrumb\",\"itemListElement\":[{\"@type\":\"ListItem\",\"position\":1,\"name\":\"Accueil\",\"item\":\"https:\\\/\\\/jumeaux91.fr\\\/blog\\\/\"},{\"@type\":\"ListItem\",\"position\":2,\"name\":\"Le mythe de la fondation de Rome, entre fables et incertitudes historiques\"}]},{\"@type\":\"WebSite\",\"@id\":\"https:\\\/\\\/jumeaux91.fr\\\/blog\\\/#website\",\"url\":\"https:\\\/\\\/jumeaux91.fr\\\/blog\\\/\",\"name\":\"JUMEAUX91\",\"description\":\"Fr\u00e8res jumeaux de l&#039;Essonnes; informations et archives, \u00e0 savoir et retenir.\",\"publisher\":{\"@id\":\"https:\\\/\\\/jumeaux91.fr\\\/blog\\\/#organization\"},\"potentialAction\":[{\"@type\":\"SearchAction\",\"target\":{\"@type\":\"EntryPoint\",\"urlTemplate\":\"https:\\\/\\\/jumeaux91.fr\\\/blog\\\/?s={search_term_string}\"},\"query-input\":{\"@type\":\"PropertyValueSpecification\",\"valueRequired\":true,\"valueName\":\"search_term_string\"}}],\"inLanguage\":\"fr-FR\"},{\"@type\":\"Organization\",\"@id\":\"https:\\\/\\\/jumeaux91.fr\\\/blog\\\/#organization\",\"name\":\"jumeaux91\",\"url\":\"https:\\\/\\\/jumeaux91.fr\\\/blog\\\/\",\"logo\":{\"@type\":\"ImageObject\",\"inLanguage\":\"fr-FR\",\"@id\":\"https:\\\/\\\/jumeaux91.fr\\\/blog\\\/#\\\/schema\\\/logo\\\/image\\\/\",\"url\":\"https:\\\/\\\/jumeaux91.fr\\\/blog\\\/wp-content\\\/uploads\\\/2023\\\/05\\\/cropped-cropped-logoJ_91.png\",\"contentUrl\":\"https:\\\/\\\/jumeaux91.fr\\\/blog\\\/wp-content\\\/uploads\\\/2023\\\/05\\\/cropped-cropped-logoJ_91.png\",\"width\":512,\"height\":512,\"caption\":\"jumeaux91\"},\"image\":{\"@id\":\"https:\\\/\\\/jumeaux91.fr\\\/blog\\\/#\\\/schema\\\/logo\\\/image\\\/\"}},{\"@type\":\"Person\",\"@id\":\"https:\\\/\\\/jumeaux91.fr\\\/blog\\\/#\\\/schema\\\/person\\\/21da06e9f119b9f64e5d45dbbd32d3fb\",\"name\":\"Claude DAYRES\",\"image\":{\"@type\":\"ImageObject\",\"inLanguage\":\"fr-FR\",\"@id\":\"https:\\\/\\\/secure.gravatar.com\\\/avatar\\\/82eb951df6110a2c48d1bfa7a67d1ee6f0cd5df3cbf9c3586dd61e82db7172a5?s=96&d=mm&r=g\",\"url\":\"https:\\\/\\\/secure.gravatar.com\\\/avatar\\\/82eb951df6110a2c48d1bfa7a67d1ee6f0cd5df3cbf9c3586dd61e82db7172a5?s=96&d=mm&r=g\",\"contentUrl\":\"https:\\\/\\\/secure.gravatar.com\\\/avatar\\\/82eb951df6110a2c48d1bfa7a67d1ee6f0cd5df3cbf9c3586dd61e82db7172a5?s=96&d=mm&r=g\",\"caption\":\"Claude DAYRES\"},\"url\":\"https:\\\/\\\/jumeaux91.fr\\\/blog\\\/author\\\/x91claude\\\/\"}]}<\/script>\n<!-- \/ Yoast SEO plugin. -->","yoast_head_json":{"title":"Le mythe de la fondation de Rome, entre fables et incertitudes historiques - JUMEAUX91","robots":{"index":"index","follow":"follow","max-snippet":"max-snippet:-1","max-image-preview":"max-image-preview:large","max-video-preview":"max-video-preview:-1"},"canonical":"https:\/\/jumeaux91.fr\/blog\/le-mythe-de-la-fondation-de-rome-entre-fables-et-incertitudes-historiques\/","og_locale":"fr_FR","og_type":"article","og_title":"Le mythe de la fondation de Rome, entre fables et incertitudes historiques - JUMEAUX91","og_description":"La cr\u00e9ation des deux personnages Romulus et R\u00e9mus s&rsquo;est donc d\u00e9roul\u00e9e dans un contexte culturel grec. Il \u00e9tait donc in\u00e9vitable de retrouver dans ces l\u00e9gendes des r\u00e9f\u00e9rences aux dieux de l&rsquo;Olympe et \u00e0 un \u00e9v\u00e9nement l\u00e9gendaire de la p\u00e9riode pr\u00e9-classique, la guerre de Troie. Sous le r\u00e8gne de l&#8217;empereur Auguste, plusieurs auteurs ont tent\u00e9 de&hellip; Poursuivre la lecture Le mythe de la fondation de Rome, entre fables et incertitudes historiques","og_url":"https:\/\/jumeaux91.fr\/blog\/le-mythe-de-la-fondation-de-rome-entre-fables-et-incertitudes-historiques\/","og_site_name":"JUMEAUX91","article_published_time":"2025-10-27T01:28:00+00:00","og_image":[{"url":"https:\/\/jumeaux91.fr\/blog\/wp-content\/uploads\/2025\/10\/le-mythe-de-la-fondation-de-rome-entre-fables-et-incertitudes-historiques.jpg","type":"","width":"","height":""}],"author":"Claude DAYRES","twitter_card":"summary_large_image","twitter_misc":{"\u00c9crit par":"Claude DAYRES","Dur\u00e9e de lecture estim\u00e9e":"3 minutes"},"schema":{"@context":"https:\/\/schema.org","@graph":[{"@type":"Article","@id":"https:\/\/jumeaux91.fr\/blog\/le-mythe-de-la-fondation-de-rome-entre-fables-et-incertitudes-historiques\/#article","isPartOf":{"@id":"https:\/\/jumeaux91.fr\/blog\/le-mythe-de-la-fondation-de-rome-entre-fables-et-incertitudes-historiques\/"},"author":{"name":"Claude DAYRES","@id":"https:\/\/jumeaux91.fr\/blog\/#\/schema\/person\/21da06e9f119b9f64e5d45dbbd32d3fb"},"headline":"Le mythe de la fondation de Rome, entre fables et incertitudes historiques","datePublished":"2025-10-27T01:28:00+00:00","mainEntityOfPage":{"@id":"https:\/\/jumeaux91.fr\/blog\/le-mythe-de-la-fondation-de-rome-entre-fables-et-incertitudes-historiques\/"},"wordCount":728,"publisher":{"@id":"https:\/\/jumeaux91.fr\/blog\/#organization"},"image":{"@id":"https:\/\/jumeaux91.fr\/blog\/le-mythe-de-la-fondation-de-rome-entre-fables-et-incertitudes-historiques\/#primaryimage"},"thumbnailUrl":"https:\/\/jumeaux91.fr\/blog\/wp-content\/uploads\/2025\/10\/le-mythe-de-la-fondation-de-rome-entre-fables-et-incertitudes-historiques.jpg","articleSection":["Posts Fr\u00e8res Jumeaux De L'Essonnes:"],"inLanguage":"fr-FR"},{"@type":"WebPage","@id":"https:\/\/jumeaux91.fr\/blog\/le-mythe-de-la-fondation-de-rome-entre-fables-et-incertitudes-historiques\/","url":"https:\/\/jumeaux91.fr\/blog\/le-mythe-de-la-fondation-de-rome-entre-fables-et-incertitudes-historiques\/","name":"Le mythe de la fondation de Rome, entre fables et incertitudes historiques - JUMEAUX91","isPartOf":{"@id":"https:\/\/jumeaux91.fr\/blog\/#website"},"primaryImageOfPage":{"@id":"https:\/\/jumeaux91.fr\/blog\/le-mythe-de-la-fondation-de-rome-entre-fables-et-incertitudes-historiques\/#primaryimage"},"image":{"@id":"https:\/\/jumeaux91.fr\/blog\/le-mythe-de-la-fondation-de-rome-entre-fables-et-incertitudes-historiques\/#primaryimage"},"thumbnailUrl":"https:\/\/jumeaux91.fr\/blog\/wp-content\/uploads\/2025\/10\/le-mythe-de-la-fondation-de-rome-entre-fables-et-incertitudes-historiques.jpg","datePublished":"2025-10-27T01:28:00+00:00","breadcrumb":{"@id":"https:\/\/jumeaux91.fr\/blog\/le-mythe-de-la-fondation-de-rome-entre-fables-et-incertitudes-historiques\/#breadcrumb"},"inLanguage":"fr-FR","potentialAction":[{"@type":"ReadAction","target":["https:\/\/jumeaux91.fr\/blog\/le-mythe-de-la-fondation-de-rome-entre-fables-et-incertitudes-historiques\/"]}]},{"@type":"ImageObject","inLanguage":"fr-FR","@id":"https:\/\/jumeaux91.fr\/blog\/le-mythe-de-la-fondation-de-rome-entre-fables-et-incertitudes-historiques\/#primaryimage","url":"https:\/\/jumeaux91.fr\/blog\/wp-content\/uploads\/2025\/10\/le-mythe-de-la-fondation-de-rome-entre-fables-et-incertitudes-historiques.jpg","contentUrl":"https:\/\/jumeaux91.fr\/blog\/wp-content\/uploads\/2025\/10\/le-mythe-de-la-fondation-de-rome-entre-fables-et-incertitudes-historiques.jpg","width":1600,"height":1197,"caption":"Le mythe de la fondation de Rome, entre fables et incertitudes historiques"},{"@type":"BreadcrumbList","@id":"https:\/\/jumeaux91.fr\/blog\/le-mythe-de-la-fondation-de-rome-entre-fables-et-incertitudes-historiques\/#breadcrumb","itemListElement":[{"@type":"ListItem","position":1,"name":"Accueil","item":"https:\/\/jumeaux91.fr\/blog\/"},{"@type":"ListItem","position":2,"name":"Le mythe de la fondation de Rome, entre fables et incertitudes historiques"}]},{"@type":"WebSite","@id":"https:\/\/jumeaux91.fr\/blog\/#website","url":"https:\/\/jumeaux91.fr\/blog\/","name":"JUMEAUX91","description":"Fr\u00e8res jumeaux de l&#039;Essonnes; informations et archives, \u00e0 savoir et retenir.","publisher":{"@id":"https:\/\/jumeaux91.fr\/blog\/#organization"},"potentialAction":[{"@type":"SearchAction","target":{"@type":"EntryPoint","urlTemplate":"https:\/\/jumeaux91.fr\/blog\/?s={search_term_string}"},"query-input":{"@type":"PropertyValueSpecification","valueRequired":true,"valueName":"search_term_string"}}],"inLanguage":"fr-FR"},{"@type":"Organization","@id":"https:\/\/jumeaux91.fr\/blog\/#organization","name":"jumeaux91","url":"https:\/\/jumeaux91.fr\/blog\/","logo":{"@type":"ImageObject","inLanguage":"fr-FR","@id":"https:\/\/jumeaux91.fr\/blog\/#\/schema\/logo\/image\/","url":"https:\/\/jumeaux91.fr\/blog\/wp-content\/uploads\/2023\/05\/cropped-cropped-logoJ_91.png","contentUrl":"https:\/\/jumeaux91.fr\/blog\/wp-content\/uploads\/2023\/05\/cropped-cropped-logoJ_91.png","width":512,"height":512,"caption":"jumeaux91"},"image":{"@id":"https:\/\/jumeaux91.fr\/blog\/#\/schema\/logo\/image\/"}},{"@type":"Person","@id":"https:\/\/jumeaux91.fr\/blog\/#\/schema\/person\/21da06e9f119b9f64e5d45dbbd32d3fb","name":"Claude DAYRES","image":{"@type":"ImageObject","inLanguage":"fr-FR","@id":"https:\/\/secure.gravatar.com\/avatar\/82eb951df6110a2c48d1bfa7a67d1ee6f0cd5df3cbf9c3586dd61e82db7172a5?s=96&d=mm&r=g","url":"https:\/\/secure.gravatar.com\/avatar\/82eb951df6110a2c48d1bfa7a67d1ee6f0cd5df3cbf9c3586dd61e82db7172a5?s=96&d=mm&r=g","contentUrl":"https:\/\/secure.gravatar.com\/avatar\/82eb951df6110a2c48d1bfa7a67d1ee6f0cd5df3cbf9c3586dd61e82db7172a5?s=96&d=mm&r=g","caption":"Claude DAYRES"},"url":"https:\/\/jumeaux91.fr\/blog\/author\/x91claude\/"}]}},"_links":{"self":[{"href":"https:\/\/jumeaux91.fr\/blog\/wp-json\/wp\/v2\/posts\/1823","targetHints":{"allow":["GET"]}}],"collection":[{"href":"https:\/\/jumeaux91.fr\/blog\/wp-json\/wp\/v2\/posts"}],"about":[{"href":"https:\/\/jumeaux91.fr\/blog\/wp-json\/wp\/v2\/types\/post"}],"author":[{"embeddable":true,"href":"https:\/\/jumeaux91.fr\/blog\/wp-json\/wp\/v2\/users\/2"}],"replies":[{"embeddable":true,"href":"https:\/\/jumeaux91.fr\/blog\/wp-json\/wp\/v2\/comments?post=1823"}],"version-history":[{"count":0,"href":"https:\/\/jumeaux91.fr\/blog\/wp-json\/wp\/v2\/posts\/1823\/revisions"}],"wp:featuredmedia":[{"embeddable":true,"href":"https:\/\/jumeaux91.fr\/blog\/wp-json\/wp\/v2\/media\/1824"}],"wp:attachment":[{"href":"https:\/\/jumeaux91.fr\/blog\/wp-json\/wp\/v2\/media?parent=1823"}],"wp:term":[{"taxonomy":"category","embeddable":true,"href":"https:\/\/jumeaux91.fr\/blog\/wp-json\/wp\/v2\/categories?post=1823"},{"taxonomy":"post_tag","embeddable":true,"href":"https:\/\/jumeaux91.fr\/blog\/wp-json\/wp\/v2\/tags?post=1823"}],"curies":[{"name":"wp","href":"https:\/\/api.w.org\/{rel}","templated":true}]}}