{"id":1825,"date":"2025-10-27T00:39:00","date_gmt":"2025-10-26T23:39:00","guid":{"rendered":"https:\/\/jumeaux91.fr\/blog\/ituri-benedicte-lexperience-reussie-de-prise-en-charge-nutritionnelle-a-kingoze\/"},"modified":"2025-10-27T00:39:00","modified_gmt":"2025-10-26T23:39:00","slug":"ituri-benedicte-lexperience-reussie-de-prise-en-charge-nutritionnelle-a-kingoze","status":"publish","type":"post","link":"https:\/\/jumeaux91.fr\/blog\/ituri-benedicte-lexperience-reussie-de-prise-en-charge-nutritionnelle-a-kingoze\/","title":{"rendered":"Ituri : B\u00e9n\u00e9dicte, l&rsquo;exp\u00e9rience r\u00e9ussie de prise en charge nutritionnelle \u00e0 Kingoze"},"content":{"rendered":"<p><img decoding=\"async\" alt src=\"https:\/\/jumeaux91.fr\/blog\/wp-content\/uploads\/2025\/10\/ituri-benedicte-lexperience-reussie-de-prise-en-charge-nutritionnelle-a-kingoze.jpg\">D\u00e9sormais, la grand-m\u00e8re, Pascaline Goy, une d\u00e9plac\u00e9e, a pris B\u00e9n\u00e9dicte en charge. Depuis lors, la fillette n&rsquo;a cess\u00e9 de pr\u00e9senter des signes \u00e9vidents de malnutrition. Sa grand-m\u00e8re l&rsquo;a amen\u00e9e au centre de sant\u00e9. Et l\u00e0, au bout de deux semaines de traitement nutritionnel, B\u00e9n\u00e9dicte a repris sa sant\u00e9. V\u00eatue d&rsquo;une robe blanche, taciturne, elle est assise sur les genoux de sa grand-m\u00e8re. Elle a la chance d&rsquo;\u00eatre la premi\u00e8re \u00e0 la consutation. Six autres m\u00e8res, avec des enfants malnutris attendent leur tour. Pascaline Goy, confiante, explique: <em>\u00ab\u00a0C&rsquo;est ma petite fille. Sa m\u00e8re est all\u00e9e se marier ailleurs. Elle me l&rsquo;a confi\u00e9e. Au d\u00e9part, B\u00e9n\u00e9dicte \u00e9tait faible. Ses joues et son ventre \u00e9taient gonfl\u00e9s. Je l&rsquo;ai conduite ici\u00a0\u00bb.<\/em><\/p>\n<p>B\u00e9n\u00e9dicte n&rsquo;est pas le seul cas. Plusieurs enfants dans ce site des d\u00e9plac\u00e9s pr\u00e9sentent des signes \u00e9vidents de malnutrition&nbsp;aigu\u00eb et s\u00e9v\u00e8re. Et selon l&rsquo;infirmi\u00e8re titulaire du centre, l&rsquo;unit\u00e9 nutritionnelle re\u00e7oit en moyenne 57 enfants malnutris par mois.&nbsp;B\u00e9n\u00e9dicte retrouve son sourire, elle&nbsp;est plus gaie et&nbsp;inspire confiance. Mme Consol\u00e9e, infirmi\u00e8re et point focal du centre, note une \u00e9volution positive:\u00a0\u00bb<em>Quand elle est venue ici, B\u00e9n\u00e9dicte \u00e9tait m\u00e9connaissable. Gr\u00e2ce au programme nutritionnel, elle a repris sa sant\u00e9. Nous sommes en programme nutritionnel de six mois avec le Fonds des Nations unies pour l&rsquo;enfance (Unicef)&nbsp;qui prend tout en charge. Gr\u00e2ce \u00e0 son appui&nbsp;dans le cadre du projet UniRR, nous recevons des nutriments, des m\u00e9dicaments nutritionnels, la mebendazole, la vitamine A que nous administrons gratuitement aux enfants malnutris du site de d\u00e9plac\u00e9s de Kingoze. Nous remercions sinc\u00e8rement l&rsquo;Unicef&nbsp;et ses partenaires\u00a0\u00bb.<\/em><\/p>\n<p><strong>Un centre de sant\u00e9 \u00e9quip\u00e9 dans les normes modernes<\/strong><\/p>\n<p>D&rsquo;apr\u00e8s Chantal Chemera Ngeve, infirmi\u00e8re tut\u00e9laire, le centre de sant\u00e9 Kingoze a \u00e9t\u00e9 cr\u00e9\u00e9 en d\u00e9cembre 2019, soit deux mois apr\u00e8s l&rsquo;implantation du site qui porte le m\u00eame nom. L&rsquo; unit\u00e9 nutritionnelle install\u00e9e en son sein est appuy\u00e9e par l&rsquo;Unicef. Le centre comprend une salle de r\u00e9ception,&nbsp;une salle de travail, une salle d&rsquo;accouchement, une autre d&rsquo;observation, un d\u00e9p\u00f4t et une pharmacie. Il est desservi par l&rsquo;eau de forage et en \u00e9nergie volta\u00efque. Une unit\u00e9 de destruction des d\u00e9chets est en construction.&nbsp;Cependant, les femmes d\u00e9plac\u00e9es rencontr\u00e9es sur place se plaignent du manque de nourriture qui leur permettrait d&rsquo;assurer la prise en charge nutritionnelle de leurs enfants en dehors du centre.<\/p>\n<p>En outre, la pharmacie manque de m\u00e9dicaments. A ce sujet, Dr Tour\u00e9 Lanfia, charg\u00e9 de nutrition \u00e0 l&rsquo;Unicef\/Bunia, r\u00e9pond que&nbsp;bien que fond\u00e9s, ces plaidoyers n&rsquo;entrent pas dans le mandat de son agence.<\/p>\n<p>La chronique se veut g\u00e9n\u00e9r\u00e9e de la fa\u00e7on la plus claire que possible. Dans le cas o\u00f9 vous souhaitez pr\u00e9senter des renseignements compl\u00e9mentaires \u00e0 cet article sur le sujet \u00ab\u00a0Fr\u00e8res jumeaux de l&rsquo;Essonnes\u00a0\u00bb il vous est possible d\u2019\u00e9crire aux contacts indiqu\u00e9s sur notre website. La raison d\u2019\u00eatre de jumeaux91.fr \u00e9tant de rassembler sur le web des posts sur le sujet de Fr\u00e8res jumeaux de l&rsquo;Essonnes puis les diffuser en r\u00e9pondant au mieux aux interrogations des gens. Vous pouvez tirer profit de cet article traitant le sujet \u00ab\u00a0Fr\u00e8res jumeaux de l&rsquo;Essonnes\u00a0\u00bb. Il est concoct\u00e9 par l\u2019\u00e9quipe jumeaux91.fr. Prochainement, nous rendrons accessibles au public d&rsquo;autres informations pertinentes sur le sujet \u00ab\u00a0Fr\u00e8res jumeaux de l&rsquo;Essonnes\u00a0\u00bb. Alors, consultez syst\u00e9matiquement notre blog.<\/p>\n","protected":false},"excerpt":{"rendered":"<p>D\u00e9sormais, la grand-m\u00e8re, Pascaline Goy, une d\u00e9plac\u00e9e, a pris B\u00e9n\u00e9dicte en charge. Depuis lors, la fillette n&rsquo;a cess\u00e9 de pr\u00e9senter des signes \u00e9vidents de malnutrition. Sa grand-m\u00e8re l&rsquo;a amen\u00e9e au centre de sant\u00e9. Et l\u00e0, au bout de deux semaines de traitement nutritionnel, B\u00e9n\u00e9dicte a repris sa sant\u00e9. V\u00eatue d&rsquo;une robe blanche, taciturne, elle est&hellip; <a class=\"more-link\" href=\"https:\/\/jumeaux91.fr\/blog\/ituri-benedicte-lexperience-reussie-de-prise-en-charge-nutritionnelle-a-kingoze\/\">Poursuivre la lecture <span class=\"screen-reader-text\">Ituri : B\u00e9n\u00e9dicte, l&rsquo;exp\u00e9rience r\u00e9ussie de prise en charge nutritionnelle \u00e0 Kingoze<\/span><\/a><\/p>\n","protected":false},"author":2,"featured_media":1826,"comment_status":"closed","ping_status":"closed","sticky":false,"template":"","format":"standard","meta":{"footnotes":""},"categories":[4],"tags":[],"class_list":["post-1825","post","type-post","status-publish","format-standard","has-post-thumbnail","hentry","category-posts-freres-jumeaux-de-lessonnes","entry"],"yoast_head":"<!-- This site is optimized with the Yoast SEO plugin v27.5 - https:\/\/yoast.com\/product\/yoast-seo-wordpress\/ -->\n<title>Ituri : B\u00e9n\u00e9dicte, l&#039;exp\u00e9rience r\u00e9ussie de prise en charge nutritionnelle \u00e0 Kingoze - JUMEAUX91<\/title>\n<meta name=\"robots\" content=\"index, follow, max-snippet:-1, max-image-preview:large, max-video-preview:-1\" \/>\n<link rel=\"canonical\" href=\"https:\/\/jumeaux91.fr\/blog\/ituri-benedicte-lexperience-reussie-de-prise-en-charge-nutritionnelle-a-kingoze\/\" \/>\n<meta property=\"og:locale\" content=\"fr_FR\" \/>\n<meta property=\"og:type\" content=\"article\" \/>\n<meta property=\"og:title\" content=\"Ituri : B\u00e9n\u00e9dicte, l&#039;exp\u00e9rience r\u00e9ussie de prise en charge nutritionnelle \u00e0 Kingoze - JUMEAUX91\" \/>\n<meta property=\"og:description\" content=\"D\u00e9sormais, la grand-m\u00e8re, Pascaline Goy, une d\u00e9plac\u00e9e, a pris B\u00e9n\u00e9dicte en charge. Depuis lors, la fillette n&rsquo;a cess\u00e9 de pr\u00e9senter des signes \u00e9vidents de malnutrition. Sa grand-m\u00e8re l&rsquo;a amen\u00e9e au centre de sant\u00e9. Et l\u00e0, au bout de deux semaines de traitement nutritionnel, B\u00e9n\u00e9dicte a repris sa sant\u00e9. V\u00eatue d&rsquo;une robe blanche, taciturne, elle est&hellip; Poursuivre la lecture Ituri : B\u00e9n\u00e9dicte, l&rsquo;exp\u00e9rience r\u00e9ussie de prise en charge nutritionnelle \u00e0 Kingoze\" \/>\n<meta property=\"og:url\" content=\"https:\/\/jumeaux91.fr\/blog\/ituri-benedicte-lexperience-reussie-de-prise-en-charge-nutritionnelle-a-kingoze\/\" \/>\n<meta property=\"og:site_name\" content=\"JUMEAUX91\" \/>\n<meta property=\"article:published_time\" content=\"2025-10-26T23:39:00+00:00\" \/>\n<meta property=\"og:image\" content=\"https:\/\/jumeaux91.fr\/blog\/wp-content\/uploads\/2025\/10\/ituri-benedicte-lexperience-reussie-de-prise-en-charge-nutritionnelle-a-kingoze.jpg\" \/>\n<meta name=\"author\" content=\"Claude DAYRES\" \/>\n<meta name=\"twitter:card\" content=\"summary_large_image\" \/>\n<meta name=\"twitter:label1\" content=\"\u00c9crit par\" \/>\n\t<meta name=\"twitter:data1\" content=\"Claude DAYRES\" \/>\n\t<meta name=\"twitter:label2\" content=\"Dur\u00e9e de lecture estim\u00e9e\" \/>\n\t<meta name=\"twitter:data2\" content=\"3 minutes\" \/>\n<script type=\"application\/ld+json\" class=\"yoast-schema-graph\">{\"@context\":\"https:\\\/\\\/schema.org\",\"@graph\":[{\"@type\":\"Article\",\"@id\":\"https:\\\/\\\/jumeaux91.fr\\\/blog\\\/ituri-benedicte-lexperience-reussie-de-prise-en-charge-nutritionnelle-a-kingoze\\\/#article\",\"isPartOf\":{\"@id\":\"https:\\\/\\\/jumeaux91.fr\\\/blog\\\/ituri-benedicte-lexperience-reussie-de-prise-en-charge-nutritionnelle-a-kingoze\\\/\"},\"author\":{\"name\":\"Claude DAYRES\",\"@id\":\"https:\\\/\\\/jumeaux91.fr\\\/blog\\\/#\\\/schema\\\/person\\\/21da06e9f119b9f64e5d45dbbd32d3fb\"},\"headline\":\"Ituri : B\u00e9n\u00e9dicte, l&rsquo;exp\u00e9rience r\u00e9ussie de prise en charge nutritionnelle \u00e0 Kingoze\",\"datePublished\":\"2025-10-26T23:39:00+00:00\",\"mainEntityOfPage\":{\"@id\":\"https:\\\/\\\/jumeaux91.fr\\\/blog\\\/ituri-benedicte-lexperience-reussie-de-prise-en-charge-nutritionnelle-a-kingoze\\\/\"},\"wordCount\":656,\"publisher\":{\"@id\":\"https:\\\/\\\/jumeaux91.fr\\\/blog\\\/#organization\"},\"image\":{\"@id\":\"https:\\\/\\\/jumeaux91.fr\\\/blog\\\/ituri-benedicte-lexperience-reussie-de-prise-en-charge-nutritionnelle-a-kingoze\\\/#primaryimage\"},\"thumbnailUrl\":\"https:\\\/\\\/jumeaux91.fr\\\/blog\\\/wp-content\\\/uploads\\\/2025\\\/10\\\/ituri-benedicte-lexperience-reussie-de-prise-en-charge-nutritionnelle-a-kingoze.jpg\",\"articleSection\":[\"Posts Fr\u00e8res Jumeaux De L'Essonnes:\"],\"inLanguage\":\"fr-FR\"},{\"@type\":\"WebPage\",\"@id\":\"https:\\\/\\\/jumeaux91.fr\\\/blog\\\/ituri-benedicte-lexperience-reussie-de-prise-en-charge-nutritionnelle-a-kingoze\\\/\",\"url\":\"https:\\\/\\\/jumeaux91.fr\\\/blog\\\/ituri-benedicte-lexperience-reussie-de-prise-en-charge-nutritionnelle-a-kingoze\\\/\",\"name\":\"Ituri : B\u00e9n\u00e9dicte, l'exp\u00e9rience r\u00e9ussie de prise en charge nutritionnelle \u00e0 Kingoze - JUMEAUX91\",\"isPartOf\":{\"@id\":\"https:\\\/\\\/jumeaux91.fr\\\/blog\\\/#website\"},\"primaryImageOfPage\":{\"@id\":\"https:\\\/\\\/jumeaux91.fr\\\/blog\\\/ituri-benedicte-lexperience-reussie-de-prise-en-charge-nutritionnelle-a-kingoze\\\/#primaryimage\"},\"image\":{\"@id\":\"https:\\\/\\\/jumeaux91.fr\\\/blog\\\/ituri-benedicte-lexperience-reussie-de-prise-en-charge-nutritionnelle-a-kingoze\\\/#primaryimage\"},\"thumbnailUrl\":\"https:\\\/\\\/jumeaux91.fr\\\/blog\\\/wp-content\\\/uploads\\\/2025\\\/10\\\/ituri-benedicte-lexperience-reussie-de-prise-en-charge-nutritionnelle-a-kingoze.jpg\",\"datePublished\":\"2025-10-26T23:39:00+00:00\",\"breadcrumb\":{\"@id\":\"https:\\\/\\\/jumeaux91.fr\\\/blog\\\/ituri-benedicte-lexperience-reussie-de-prise-en-charge-nutritionnelle-a-kingoze\\\/#breadcrumb\"},\"inLanguage\":\"fr-FR\",\"potentialAction\":[{\"@type\":\"ReadAction\",\"target\":[\"https:\\\/\\\/jumeaux91.fr\\\/blog\\\/ituri-benedicte-lexperience-reussie-de-prise-en-charge-nutritionnelle-a-kingoze\\\/\"]}]},{\"@type\":\"ImageObject\",\"inLanguage\":\"fr-FR\",\"@id\":\"https:\\\/\\\/jumeaux91.fr\\\/blog\\\/ituri-benedicte-lexperience-reussie-de-prise-en-charge-nutritionnelle-a-kingoze\\\/#primaryimage\",\"url\":\"https:\\\/\\\/jumeaux91.fr\\\/blog\\\/wp-content\\\/uploads\\\/2025\\\/10\\\/ituri-benedicte-lexperience-reussie-de-prise-en-charge-nutritionnelle-a-kingoze.jpg\",\"contentUrl\":\"https:\\\/\\\/jumeaux91.fr\\\/blog\\\/wp-content\\\/uploads\\\/2025\\\/10\\\/ituri-benedicte-lexperience-reussie-de-prise-en-charge-nutritionnelle-a-kingoze.jpg\",\"width\":759,\"height\":720,\"caption\":\"Ituri : B\u00e9n\u00e9dicte, l'exp\u00e9rience r\u00e9ussie de prise en charge nutritionnelle \u00e0 Kingoze\"},{\"@type\":\"BreadcrumbList\",\"@id\":\"https:\\\/\\\/jumeaux91.fr\\\/blog\\\/ituri-benedicte-lexperience-reussie-de-prise-en-charge-nutritionnelle-a-kingoze\\\/#breadcrumb\",\"itemListElement\":[{\"@type\":\"ListItem\",\"position\":1,\"name\":\"Accueil\",\"item\":\"https:\\\/\\\/jumeaux91.fr\\\/blog\\\/\"},{\"@type\":\"ListItem\",\"position\":2,\"name\":\"Ituri : B\u00e9n\u00e9dicte, l&rsquo;exp\u00e9rience r\u00e9ussie de prise en charge nutritionnelle \u00e0 Kingoze\"}]},{\"@type\":\"WebSite\",\"@id\":\"https:\\\/\\\/jumeaux91.fr\\\/blog\\\/#website\",\"url\":\"https:\\\/\\\/jumeaux91.fr\\\/blog\\\/\",\"name\":\"JUMEAUX91\",\"description\":\"Fr\u00e8res jumeaux de l&#039;Essonnes; informations et archives, \u00e0 savoir et retenir.\",\"publisher\":{\"@id\":\"https:\\\/\\\/jumeaux91.fr\\\/blog\\\/#organization\"},\"potentialAction\":[{\"@type\":\"SearchAction\",\"target\":{\"@type\":\"EntryPoint\",\"urlTemplate\":\"https:\\\/\\\/jumeaux91.fr\\\/blog\\\/?s={search_term_string}\"},\"query-input\":{\"@type\":\"PropertyValueSpecification\",\"valueRequired\":true,\"valueName\":\"search_term_string\"}}],\"inLanguage\":\"fr-FR\"},{\"@type\":\"Organization\",\"@id\":\"https:\\\/\\\/jumeaux91.fr\\\/blog\\\/#organization\",\"name\":\"jumeaux91\",\"url\":\"https:\\\/\\\/jumeaux91.fr\\\/blog\\\/\",\"logo\":{\"@type\":\"ImageObject\",\"inLanguage\":\"fr-FR\",\"@id\":\"https:\\\/\\\/jumeaux91.fr\\\/blog\\\/#\\\/schema\\\/logo\\\/image\\\/\",\"url\":\"https:\\\/\\\/jumeaux91.fr\\\/blog\\\/wp-content\\\/uploads\\\/2023\\\/05\\\/cropped-cropped-logoJ_91.png\",\"contentUrl\":\"https:\\\/\\\/jumeaux91.fr\\\/blog\\\/wp-content\\\/uploads\\\/2023\\\/05\\\/cropped-cropped-logoJ_91.png\",\"width\":512,\"height\":512,\"caption\":\"jumeaux91\"},\"image\":{\"@id\":\"https:\\\/\\\/jumeaux91.fr\\\/blog\\\/#\\\/schema\\\/logo\\\/image\\\/\"}},{\"@type\":\"Person\",\"@id\":\"https:\\\/\\\/jumeaux91.fr\\\/blog\\\/#\\\/schema\\\/person\\\/21da06e9f119b9f64e5d45dbbd32d3fb\",\"name\":\"Claude DAYRES\",\"image\":{\"@type\":\"ImageObject\",\"inLanguage\":\"fr-FR\",\"@id\":\"https:\\\/\\\/secure.gravatar.com\\\/avatar\\\/82eb951df6110a2c48d1bfa7a67d1ee6f0cd5df3cbf9c3586dd61e82db7172a5?s=96&d=mm&r=g\",\"url\":\"https:\\\/\\\/secure.gravatar.com\\\/avatar\\\/82eb951df6110a2c48d1bfa7a67d1ee6f0cd5df3cbf9c3586dd61e82db7172a5?s=96&d=mm&r=g\",\"contentUrl\":\"https:\\\/\\\/secure.gravatar.com\\\/avatar\\\/82eb951df6110a2c48d1bfa7a67d1ee6f0cd5df3cbf9c3586dd61e82db7172a5?s=96&d=mm&r=g\",\"caption\":\"Claude DAYRES\"},\"url\":\"https:\\\/\\\/jumeaux91.fr\\\/blog\\\/author\\\/x91claude\\\/\"}]}<\/script>\n<!-- \/ Yoast SEO plugin. -->","yoast_head_json":{"title":"Ituri : B\u00e9n\u00e9dicte, l'exp\u00e9rience r\u00e9ussie de prise en charge nutritionnelle \u00e0 Kingoze - JUMEAUX91","robots":{"index":"index","follow":"follow","max-snippet":"max-snippet:-1","max-image-preview":"max-image-preview:large","max-video-preview":"max-video-preview:-1"},"canonical":"https:\/\/jumeaux91.fr\/blog\/ituri-benedicte-lexperience-reussie-de-prise-en-charge-nutritionnelle-a-kingoze\/","og_locale":"fr_FR","og_type":"article","og_title":"Ituri : B\u00e9n\u00e9dicte, l'exp\u00e9rience r\u00e9ussie de prise en charge nutritionnelle \u00e0 Kingoze - JUMEAUX91","og_description":"D\u00e9sormais, la grand-m\u00e8re, Pascaline Goy, une d\u00e9plac\u00e9e, a pris B\u00e9n\u00e9dicte en charge. Depuis lors, la fillette n&rsquo;a cess\u00e9 de pr\u00e9senter des signes \u00e9vidents de malnutrition. Sa grand-m\u00e8re l&rsquo;a amen\u00e9e au centre de sant\u00e9. Et l\u00e0, au bout de deux semaines de traitement nutritionnel, B\u00e9n\u00e9dicte a repris sa sant\u00e9. V\u00eatue d&rsquo;une robe blanche, taciturne, elle est&hellip; Poursuivre la lecture Ituri : B\u00e9n\u00e9dicte, l&rsquo;exp\u00e9rience r\u00e9ussie de prise en charge nutritionnelle \u00e0 Kingoze","og_url":"https:\/\/jumeaux91.fr\/blog\/ituri-benedicte-lexperience-reussie-de-prise-en-charge-nutritionnelle-a-kingoze\/","og_site_name":"JUMEAUX91","article_published_time":"2025-10-26T23:39:00+00:00","og_image":[{"url":"https:\/\/jumeaux91.fr\/blog\/wp-content\/uploads\/2025\/10\/ituri-benedicte-lexperience-reussie-de-prise-en-charge-nutritionnelle-a-kingoze.jpg","type":"","width":"","height":""}],"author":"Claude DAYRES","twitter_card":"summary_large_image","twitter_misc":{"\u00c9crit par":"Claude DAYRES","Dur\u00e9e de lecture estim\u00e9e":"3 minutes"},"schema":{"@context":"https:\/\/schema.org","@graph":[{"@type":"Article","@id":"https:\/\/jumeaux91.fr\/blog\/ituri-benedicte-lexperience-reussie-de-prise-en-charge-nutritionnelle-a-kingoze\/#article","isPartOf":{"@id":"https:\/\/jumeaux91.fr\/blog\/ituri-benedicte-lexperience-reussie-de-prise-en-charge-nutritionnelle-a-kingoze\/"},"author":{"name":"Claude DAYRES","@id":"https:\/\/jumeaux91.fr\/blog\/#\/schema\/person\/21da06e9f119b9f64e5d45dbbd32d3fb"},"headline":"Ituri : B\u00e9n\u00e9dicte, l&rsquo;exp\u00e9rience r\u00e9ussie de prise en charge nutritionnelle \u00e0 Kingoze","datePublished":"2025-10-26T23:39:00+00:00","mainEntityOfPage":{"@id":"https:\/\/jumeaux91.fr\/blog\/ituri-benedicte-lexperience-reussie-de-prise-en-charge-nutritionnelle-a-kingoze\/"},"wordCount":656,"publisher":{"@id":"https:\/\/jumeaux91.fr\/blog\/#organization"},"image":{"@id":"https:\/\/jumeaux91.fr\/blog\/ituri-benedicte-lexperience-reussie-de-prise-en-charge-nutritionnelle-a-kingoze\/#primaryimage"},"thumbnailUrl":"https:\/\/jumeaux91.fr\/blog\/wp-content\/uploads\/2025\/10\/ituri-benedicte-lexperience-reussie-de-prise-en-charge-nutritionnelle-a-kingoze.jpg","articleSection":["Posts Fr\u00e8res Jumeaux De L'Essonnes:"],"inLanguage":"fr-FR"},{"@type":"WebPage","@id":"https:\/\/jumeaux91.fr\/blog\/ituri-benedicte-lexperience-reussie-de-prise-en-charge-nutritionnelle-a-kingoze\/","url":"https:\/\/jumeaux91.fr\/blog\/ituri-benedicte-lexperience-reussie-de-prise-en-charge-nutritionnelle-a-kingoze\/","name":"Ituri : B\u00e9n\u00e9dicte, l'exp\u00e9rience r\u00e9ussie de prise en charge nutritionnelle \u00e0 Kingoze - JUMEAUX91","isPartOf":{"@id":"https:\/\/jumeaux91.fr\/blog\/#website"},"primaryImageOfPage":{"@id":"https:\/\/jumeaux91.fr\/blog\/ituri-benedicte-lexperience-reussie-de-prise-en-charge-nutritionnelle-a-kingoze\/#primaryimage"},"image":{"@id":"https:\/\/jumeaux91.fr\/blog\/ituri-benedicte-lexperience-reussie-de-prise-en-charge-nutritionnelle-a-kingoze\/#primaryimage"},"thumbnailUrl":"https:\/\/jumeaux91.fr\/blog\/wp-content\/uploads\/2025\/10\/ituri-benedicte-lexperience-reussie-de-prise-en-charge-nutritionnelle-a-kingoze.jpg","datePublished":"2025-10-26T23:39:00+00:00","breadcrumb":{"@id":"https:\/\/jumeaux91.fr\/blog\/ituri-benedicte-lexperience-reussie-de-prise-en-charge-nutritionnelle-a-kingoze\/#breadcrumb"},"inLanguage":"fr-FR","potentialAction":[{"@type":"ReadAction","target":["https:\/\/jumeaux91.fr\/blog\/ituri-benedicte-lexperience-reussie-de-prise-en-charge-nutritionnelle-a-kingoze\/"]}]},{"@type":"ImageObject","inLanguage":"fr-FR","@id":"https:\/\/jumeaux91.fr\/blog\/ituri-benedicte-lexperience-reussie-de-prise-en-charge-nutritionnelle-a-kingoze\/#primaryimage","url":"https:\/\/jumeaux91.fr\/blog\/wp-content\/uploads\/2025\/10\/ituri-benedicte-lexperience-reussie-de-prise-en-charge-nutritionnelle-a-kingoze.jpg","contentUrl":"https:\/\/jumeaux91.fr\/blog\/wp-content\/uploads\/2025\/10\/ituri-benedicte-lexperience-reussie-de-prise-en-charge-nutritionnelle-a-kingoze.jpg","width":759,"height":720,"caption":"Ituri : B\u00e9n\u00e9dicte, l'exp\u00e9rience r\u00e9ussie de prise en charge nutritionnelle \u00e0 Kingoze"},{"@type":"BreadcrumbList","@id":"https:\/\/jumeaux91.fr\/blog\/ituri-benedicte-lexperience-reussie-de-prise-en-charge-nutritionnelle-a-kingoze\/#breadcrumb","itemListElement":[{"@type":"ListItem","position":1,"name":"Accueil","item":"https:\/\/jumeaux91.fr\/blog\/"},{"@type":"ListItem","position":2,"name":"Ituri : B\u00e9n\u00e9dicte, l&rsquo;exp\u00e9rience r\u00e9ussie de prise en charge nutritionnelle \u00e0 Kingoze"}]},{"@type":"WebSite","@id":"https:\/\/jumeaux91.fr\/blog\/#website","url":"https:\/\/jumeaux91.fr\/blog\/","name":"JUMEAUX91","description":"Fr\u00e8res jumeaux de l&#039;Essonnes; informations et archives, \u00e0 savoir et retenir.","publisher":{"@id":"https:\/\/jumeaux91.fr\/blog\/#organization"},"potentialAction":[{"@type":"SearchAction","target":{"@type":"EntryPoint","urlTemplate":"https:\/\/jumeaux91.fr\/blog\/?s={search_term_string}"},"query-input":{"@type":"PropertyValueSpecification","valueRequired":true,"valueName":"search_term_string"}}],"inLanguage":"fr-FR"},{"@type":"Organization","@id":"https:\/\/jumeaux91.fr\/blog\/#organization","name":"jumeaux91","url":"https:\/\/jumeaux91.fr\/blog\/","logo":{"@type":"ImageObject","inLanguage":"fr-FR","@id":"https:\/\/jumeaux91.fr\/blog\/#\/schema\/logo\/image\/","url":"https:\/\/jumeaux91.fr\/blog\/wp-content\/uploads\/2023\/05\/cropped-cropped-logoJ_91.png","contentUrl":"https:\/\/jumeaux91.fr\/blog\/wp-content\/uploads\/2023\/05\/cropped-cropped-logoJ_91.png","width":512,"height":512,"caption":"jumeaux91"},"image":{"@id":"https:\/\/jumeaux91.fr\/blog\/#\/schema\/logo\/image\/"}},{"@type":"Person","@id":"https:\/\/jumeaux91.fr\/blog\/#\/schema\/person\/21da06e9f119b9f64e5d45dbbd32d3fb","name":"Claude DAYRES","image":{"@type":"ImageObject","inLanguage":"fr-FR","@id":"https:\/\/secure.gravatar.com\/avatar\/82eb951df6110a2c48d1bfa7a67d1ee6f0cd5df3cbf9c3586dd61e82db7172a5?s=96&d=mm&r=g","url":"https:\/\/secure.gravatar.com\/avatar\/82eb951df6110a2c48d1bfa7a67d1ee6f0cd5df3cbf9c3586dd61e82db7172a5?s=96&d=mm&r=g","contentUrl":"https:\/\/secure.gravatar.com\/avatar\/82eb951df6110a2c48d1bfa7a67d1ee6f0cd5df3cbf9c3586dd61e82db7172a5?s=96&d=mm&r=g","caption":"Claude DAYRES"},"url":"https:\/\/jumeaux91.fr\/blog\/author\/x91claude\/"}]}},"_links":{"self":[{"href":"https:\/\/jumeaux91.fr\/blog\/wp-json\/wp\/v2\/posts\/1825","targetHints":{"allow":["GET"]}}],"collection":[{"href":"https:\/\/jumeaux91.fr\/blog\/wp-json\/wp\/v2\/posts"}],"about":[{"href":"https:\/\/jumeaux91.fr\/blog\/wp-json\/wp\/v2\/types\/post"}],"author":[{"embeddable":true,"href":"https:\/\/jumeaux91.fr\/blog\/wp-json\/wp\/v2\/users\/2"}],"replies":[{"embeddable":true,"href":"https:\/\/jumeaux91.fr\/blog\/wp-json\/wp\/v2\/comments?post=1825"}],"version-history":[{"count":0,"href":"https:\/\/jumeaux91.fr\/blog\/wp-json\/wp\/v2\/posts\/1825\/revisions"}],"wp:featuredmedia":[{"embeddable":true,"href":"https:\/\/jumeaux91.fr\/blog\/wp-json\/wp\/v2\/media\/1826"}],"wp:attachment":[{"href":"https:\/\/jumeaux91.fr\/blog\/wp-json\/wp\/v2\/media?parent=1825"}],"wp:term":[{"taxonomy":"category","embeddable":true,"href":"https:\/\/jumeaux91.fr\/blog\/wp-json\/wp\/v2\/categories?post=1825"},{"taxonomy":"post_tag","embeddable":true,"href":"https:\/\/jumeaux91.fr\/blog\/wp-json\/wp\/v2\/tags?post=1825"}],"curies":[{"name":"wp","href":"https:\/\/api.w.org\/{rel}","templated":true}]}}