{"id":1829,"date":"2025-10-29T13:26:00","date_gmt":"2025-10-29T12:26:00","guid":{"rendered":"https:\/\/jumeaux91.fr\/blog\/foot-a-arzens-des-freres-jumeaux-en-vedette\/"},"modified":"2025-10-29T13:26:00","modified_gmt":"2025-10-29T12:26:00","slug":"foot-a-arzens-des-freres-jumeaux-en-vedette","status":"publish","type":"post","link":"https:\/\/jumeaux91.fr\/blog\/foot-a-arzens-des-freres-jumeaux-en-vedette\/","title":{"rendered":"Foot \u00e0 Arzens : des fr\u00e8res jumeaux en vedette"},"content":{"rendered":"<div><img decoding=\"async\" src=\"https:\/\/jumeaux91.fr\/blog\/wp-content\/uploads\/2025\/10\/foot-a-arzens-des-freres-jumeaux-en-vedette.jpg\" class=\"ff-og-image-inserted\"><\/div>\n<p><!-- Pub DFP Position [outstream] --> <\/p>\n<p>Samedi 25 octobre, les jeunes U19 arzenais recevaient leurs homologues du FAC Carcassonne. Apr\u00e8s leur r\u00e9cente \u00e9limination en coupe Gambardella le week-end dernier, les prot\u00e9g\u00e9s de Laurent et St\u00e9phane, encore frustr\u00e9s par cette r\u00e9cente d\u00e9faite, voulaient montrer \u00e0 leurs supporteurs qu\u2019ils pouvaient rebondir. Bien que priv\u00e9s de Hivanui, l\u2019\u00e9quipe align\u00e9e au coup d\u2019envoi avait fi\u00e8re allure et l\u2019envie de gagner \u00e9tait bien pr\u00e9sente.<\/p>\n<p><!-- Pub DFP Position [article] --> <\/p>\n<p>D\u00e8s le coup d\u2019envoi, les locaux ont choisi de harceler les Rouge et bleu mais, dans les toutes premi\u00e8res minutes, les visiteurs arrivaient r\u00e9guli\u00e8rement, gr\u00e2ce \u00e0 des prouesses techniques, \u00e0 desserrer l\u2019\u00e9treinte. Pourtant, d\u00e8s la 7e minute, les Verts obtenaient un coup franc bien plac\u00e9 face aux buts. Le gardien n\u2019a pu capter le ballon, qui a fini au fond des filets. \u00c0 partir de l\u00e0, les Arzenais ont continu\u00e9 leur pressing, et Fran\u00e7ois a d\u00e9but\u00e9 son festival offensif. En une demi-heure, \u00e0 trois reprises (<i>hat trick)<\/i>, il a r\u00e9ussi \u00e0 conclure de tr\u00e8s belles offensives et \u00e0 transformer en but les offrandes de ses partenaires. \u00c0 la mi-temps, les spectateurs \u00e9taient ravis : l\u2019Etoile menait 5 \u00e0 0. Apr\u00e8s les citrons, malgr\u00e9 les recommandations des coachs arzenais, les carcassonnais, vex\u00e9s, se montraient plus entreprenants. Fort logiquement, ils sont parvenus \u00e0 concr\u00e9tiser leur domination en inscrivant un magnifique but d\u2019un tir puissant et lointain, bien en dehors de la surface. Ce but a eu le pouvoir de faire sortir St\u00e9phane de son banc pour recadrer les choses. Son invitation a \u00e9t\u00e9 entendue puisque quelques minutes apr\u00e8s, c\u2019est Julien (le fr\u00e8re jumeau de Fran\u00e7ois) qui endossait \u00e0 son tour le r\u00f4le de gol\u00e9ador en d\u00e9cochant un tir puissant de presque 30 m. Ce boulet de canon eut pour effet d\u2019\u00e9teindre les vell\u00e9it\u00e9s offensives des adversaires, cette fois r\u00e9sign\u00e9s. <\/p>\n<p>N\u2019en jetez plus, la coupe est pleine ! Les gars du petit village avaient bien \u00ab\u00a0<i>m\u00e2t\u00e9 <\/i>\u00a0\u00bb les citadins carcassonnais.<\/p>\n<p> La chronique se veut g\u00e9n\u00e9r\u00e9e de la fa\u00e7on la plus claire que possible. Dans le cas o\u00f9 vous souhaitez pr\u00e9senter des renseignements compl\u00e9mentaires \u00e0 cet article sur le sujet \u00ab\u00a0Fr\u00e8res jumeaux de l&rsquo;Essonnes\u00a0\u00bb il vous est possible d\u2019\u00e9crire aux contacts indiqu\u00e9s sur notre website. La raison d\u2019\u00eatre de jumeaux91.fr \u00e9tant de rassembler sur le web des posts sur le sujet de Fr\u00e8res jumeaux de l&rsquo;Essonnes puis les diffuser en r\u00e9pondant au mieux aux interrogations des gens. Vous pouvez tirer profit de cet article traitant le sujet \u00ab\u00a0Fr\u00e8res jumeaux de l&rsquo;Essonnes\u00a0\u00bb. Il est concoct\u00e9 par l\u2019\u00e9quipe jumeaux91.fr. Prochainement, nous rendrons accessibles au public d&rsquo;autres informations pertinentes sur le sujet \u00ab\u00a0Fr\u00e8res jumeaux de l&rsquo;Essonnes\u00a0\u00bb. Alors, consultez syst\u00e9matiquement notre blog.<\/p>\n","protected":false},"excerpt":{"rendered":"<p>Samedi 25 octobre, les jeunes U19 arzenais recevaient leurs homologues du FAC Carcassonne. Apr\u00e8s leur r\u00e9cente \u00e9limination en coupe Gambardella le week-end dernier, les prot\u00e9g\u00e9s de Laurent et St\u00e9phane, encore frustr\u00e9s par cette r\u00e9cente d\u00e9faite, voulaient montrer \u00e0 leurs supporteurs qu\u2019ils pouvaient rebondir. Bien que priv\u00e9s de Hivanui, l\u2019\u00e9quipe align\u00e9e au coup d\u2019envoi avait fi\u00e8re&hellip; <a class=\"more-link\" href=\"https:\/\/jumeaux91.fr\/blog\/foot-a-arzens-des-freres-jumeaux-en-vedette\/\">Poursuivre la lecture <span class=\"screen-reader-text\">Foot \u00e0 Arzens : des fr\u00e8res jumeaux en vedette<\/span><\/a><\/p>\n","protected":false},"author":2,"featured_media":1830,"comment_status":"closed","ping_status":"closed","sticky":false,"template":"","format":"standard","meta":{"footnotes":""},"categories":[4],"tags":[],"class_list":["post-1829","post","type-post","status-publish","format-standard","has-post-thumbnail","hentry","category-posts-freres-jumeaux-de-lessonnes","entry"],"yoast_head":"<!-- This site is optimized with the Yoast SEO plugin v27.5 - https:\/\/yoast.com\/product\/yoast-seo-wordpress\/ -->\n<title>Foot \u00e0 Arzens : des fr\u00e8res jumeaux en vedette - JUMEAUX91<\/title>\n<meta name=\"robots\" content=\"index, follow, max-snippet:-1, max-image-preview:large, max-video-preview:-1\" \/>\n<link rel=\"canonical\" href=\"https:\/\/jumeaux91.fr\/blog\/foot-a-arzens-des-freres-jumeaux-en-vedette\/\" \/>\n<meta property=\"og:locale\" content=\"fr_FR\" \/>\n<meta property=\"og:type\" content=\"article\" \/>\n<meta property=\"og:title\" content=\"Foot \u00e0 Arzens : des fr\u00e8res jumeaux en vedette - JUMEAUX91\" \/>\n<meta property=\"og:description\" content=\"Samedi 25 octobre, les jeunes U19 arzenais recevaient leurs homologues du FAC Carcassonne. Apr\u00e8s leur r\u00e9cente \u00e9limination en coupe Gambardella le week-end dernier, les prot\u00e9g\u00e9s de Laurent et St\u00e9phane, encore frustr\u00e9s par cette r\u00e9cente d\u00e9faite, voulaient montrer \u00e0 leurs supporteurs qu\u2019ils pouvaient rebondir. Bien que priv\u00e9s de Hivanui, l\u2019\u00e9quipe align\u00e9e au coup d\u2019envoi avait fi\u00e8re&hellip; Poursuivre la lecture Foot \u00e0 Arzens : des fr\u00e8res jumeaux en vedette\" \/>\n<meta property=\"og:url\" content=\"https:\/\/jumeaux91.fr\/blog\/foot-a-arzens-des-freres-jumeaux-en-vedette\/\" \/>\n<meta property=\"og:site_name\" content=\"JUMEAUX91\" \/>\n<meta property=\"article:published_time\" content=\"2025-10-29T12:26:00+00:00\" \/>\n<meta property=\"og:image\" content=\"https:\/\/jumeaux91.fr\/blog\/wp-content\/uploads\/2025\/10\/foot-a-arzens-des-freres-jumeaux-en-vedette.jpg\" \/>\n<meta name=\"author\" content=\"Claude DAYRES\" \/>\n<meta name=\"twitter:card\" content=\"summary_large_image\" \/>\n<meta name=\"twitter:label1\" content=\"\u00c9crit par\" \/>\n\t<meta name=\"twitter:data1\" content=\"Claude DAYRES\" \/>\n\t<meta name=\"twitter:label2\" content=\"Dur\u00e9e de lecture estim\u00e9e\" \/>\n\t<meta name=\"twitter:data2\" content=\"2 minutes\" \/>\n<script type=\"application\/ld+json\" class=\"yoast-schema-graph\">{\"@context\":\"https:\\\/\\\/schema.org\",\"@graph\":[{\"@type\":\"Article\",\"@id\":\"https:\\\/\\\/jumeaux91.fr\\\/blog\\\/foot-a-arzens-des-freres-jumeaux-en-vedette\\\/#article\",\"isPartOf\":{\"@id\":\"https:\\\/\\\/jumeaux91.fr\\\/blog\\\/foot-a-arzens-des-freres-jumeaux-en-vedette\\\/\"},\"author\":{\"name\":\"Claude DAYRES\",\"@id\":\"https:\\\/\\\/jumeaux91.fr\\\/blog\\\/#\\\/schema\\\/person\\\/21da06e9f119b9f64e5d45dbbd32d3fb\"},\"headline\":\"Foot \u00e0 Arzens : des fr\u00e8res jumeaux en vedette\",\"datePublished\":\"2025-10-29T12:26:00+00:00\",\"mainEntityOfPage\":{\"@id\":\"https:\\\/\\\/jumeaux91.fr\\\/blog\\\/foot-a-arzens-des-freres-jumeaux-en-vedette\\\/\"},\"wordCount\":488,\"publisher\":{\"@id\":\"https:\\\/\\\/jumeaux91.fr\\\/blog\\\/#organization\"},\"image\":{\"@id\":\"https:\\\/\\\/jumeaux91.fr\\\/blog\\\/foot-a-arzens-des-freres-jumeaux-en-vedette\\\/#primaryimage\"},\"thumbnailUrl\":\"https:\\\/\\\/jumeaux91.fr\\\/blog\\\/wp-content\\\/uploads\\\/2025\\\/10\\\/foot-a-arzens-des-freres-jumeaux-en-vedette.jpg\",\"articleSection\":[\"Posts Fr\u00e8res Jumeaux De L'Essonnes:\"],\"inLanguage\":\"fr-FR\"},{\"@type\":\"WebPage\",\"@id\":\"https:\\\/\\\/jumeaux91.fr\\\/blog\\\/foot-a-arzens-des-freres-jumeaux-en-vedette\\\/\",\"url\":\"https:\\\/\\\/jumeaux91.fr\\\/blog\\\/foot-a-arzens-des-freres-jumeaux-en-vedette\\\/\",\"name\":\"Foot \u00e0 Arzens : des fr\u00e8res jumeaux en vedette - JUMEAUX91\",\"isPartOf\":{\"@id\":\"https:\\\/\\\/jumeaux91.fr\\\/blog\\\/#website\"},\"primaryImageOfPage\":{\"@id\":\"https:\\\/\\\/jumeaux91.fr\\\/blog\\\/foot-a-arzens-des-freres-jumeaux-en-vedette\\\/#primaryimage\"},\"image\":{\"@id\":\"https:\\\/\\\/jumeaux91.fr\\\/blog\\\/foot-a-arzens-des-freres-jumeaux-en-vedette\\\/#primaryimage\"},\"thumbnailUrl\":\"https:\\\/\\\/jumeaux91.fr\\\/blog\\\/wp-content\\\/uploads\\\/2025\\\/10\\\/foot-a-arzens-des-freres-jumeaux-en-vedette.jpg\",\"datePublished\":\"2025-10-29T12:26:00+00:00\",\"breadcrumb\":{\"@id\":\"https:\\\/\\\/jumeaux91.fr\\\/blog\\\/foot-a-arzens-des-freres-jumeaux-en-vedette\\\/#breadcrumb\"},\"inLanguage\":\"fr-FR\",\"potentialAction\":[{\"@type\":\"ReadAction\",\"target\":[\"https:\\\/\\\/jumeaux91.fr\\\/blog\\\/foot-a-arzens-des-freres-jumeaux-en-vedette\\\/\"]}]},{\"@type\":\"ImageObject\",\"inLanguage\":\"fr-FR\",\"@id\":\"https:\\\/\\\/jumeaux91.fr\\\/blog\\\/foot-a-arzens-des-freres-jumeaux-en-vedette\\\/#primaryimage\",\"url\":\"https:\\\/\\\/jumeaux91.fr\\\/blog\\\/wp-content\\\/uploads\\\/2025\\\/10\\\/foot-a-arzens-des-freres-jumeaux-en-vedette.jpg\",\"contentUrl\":\"https:\\\/\\\/jumeaux91.fr\\\/blog\\\/wp-content\\\/uploads\\\/2025\\\/10\\\/foot-a-arzens-des-freres-jumeaux-en-vedette.jpg\",\"width\":1200,\"height\":500,\"caption\":\"Foot \u00e0 Arzens : des fr\u00e8res jumeaux en vedette\"},{\"@type\":\"BreadcrumbList\",\"@id\":\"https:\\\/\\\/jumeaux91.fr\\\/blog\\\/foot-a-arzens-des-freres-jumeaux-en-vedette\\\/#breadcrumb\",\"itemListElement\":[{\"@type\":\"ListItem\",\"position\":1,\"name\":\"Accueil\",\"item\":\"https:\\\/\\\/jumeaux91.fr\\\/blog\\\/\"},{\"@type\":\"ListItem\",\"position\":2,\"name\":\"Foot \u00e0 Arzens : des fr\u00e8res jumeaux en vedette\"}]},{\"@type\":\"WebSite\",\"@id\":\"https:\\\/\\\/jumeaux91.fr\\\/blog\\\/#website\",\"url\":\"https:\\\/\\\/jumeaux91.fr\\\/blog\\\/\",\"name\":\"JUMEAUX91\",\"description\":\"Fr\u00e8res jumeaux de l&#039;Essonnes; informations et archives, \u00e0 savoir et retenir.\",\"publisher\":{\"@id\":\"https:\\\/\\\/jumeaux91.fr\\\/blog\\\/#organization\"},\"potentialAction\":[{\"@type\":\"SearchAction\",\"target\":{\"@type\":\"EntryPoint\",\"urlTemplate\":\"https:\\\/\\\/jumeaux91.fr\\\/blog\\\/?s={search_term_string}\"},\"query-input\":{\"@type\":\"PropertyValueSpecification\",\"valueRequired\":true,\"valueName\":\"search_term_string\"}}],\"inLanguage\":\"fr-FR\"},{\"@type\":\"Organization\",\"@id\":\"https:\\\/\\\/jumeaux91.fr\\\/blog\\\/#organization\",\"name\":\"jumeaux91\",\"url\":\"https:\\\/\\\/jumeaux91.fr\\\/blog\\\/\",\"logo\":{\"@type\":\"ImageObject\",\"inLanguage\":\"fr-FR\",\"@id\":\"https:\\\/\\\/jumeaux91.fr\\\/blog\\\/#\\\/schema\\\/logo\\\/image\\\/\",\"url\":\"https:\\\/\\\/jumeaux91.fr\\\/blog\\\/wp-content\\\/uploads\\\/2023\\\/05\\\/cropped-cropped-logoJ_91.png\",\"contentUrl\":\"https:\\\/\\\/jumeaux91.fr\\\/blog\\\/wp-content\\\/uploads\\\/2023\\\/05\\\/cropped-cropped-logoJ_91.png\",\"width\":512,\"height\":512,\"caption\":\"jumeaux91\"},\"image\":{\"@id\":\"https:\\\/\\\/jumeaux91.fr\\\/blog\\\/#\\\/schema\\\/logo\\\/image\\\/\"}},{\"@type\":\"Person\",\"@id\":\"https:\\\/\\\/jumeaux91.fr\\\/blog\\\/#\\\/schema\\\/person\\\/21da06e9f119b9f64e5d45dbbd32d3fb\",\"name\":\"Claude DAYRES\",\"image\":{\"@type\":\"ImageObject\",\"inLanguage\":\"fr-FR\",\"@id\":\"https:\\\/\\\/secure.gravatar.com\\\/avatar\\\/82eb951df6110a2c48d1bfa7a67d1ee6f0cd5df3cbf9c3586dd61e82db7172a5?s=96&d=mm&r=g\",\"url\":\"https:\\\/\\\/secure.gravatar.com\\\/avatar\\\/82eb951df6110a2c48d1bfa7a67d1ee6f0cd5df3cbf9c3586dd61e82db7172a5?s=96&d=mm&r=g\",\"contentUrl\":\"https:\\\/\\\/secure.gravatar.com\\\/avatar\\\/82eb951df6110a2c48d1bfa7a67d1ee6f0cd5df3cbf9c3586dd61e82db7172a5?s=96&d=mm&r=g\",\"caption\":\"Claude DAYRES\"},\"url\":\"https:\\\/\\\/jumeaux91.fr\\\/blog\\\/author\\\/x91claude\\\/\"}]}<\/script>\n<!-- \/ Yoast SEO plugin. -->","yoast_head_json":{"title":"Foot \u00e0 Arzens : des fr\u00e8res jumeaux en vedette - JUMEAUX91","robots":{"index":"index","follow":"follow","max-snippet":"max-snippet:-1","max-image-preview":"max-image-preview:large","max-video-preview":"max-video-preview:-1"},"canonical":"https:\/\/jumeaux91.fr\/blog\/foot-a-arzens-des-freres-jumeaux-en-vedette\/","og_locale":"fr_FR","og_type":"article","og_title":"Foot \u00e0 Arzens : des fr\u00e8res jumeaux en vedette - JUMEAUX91","og_description":"Samedi 25 octobre, les jeunes U19 arzenais recevaient leurs homologues du FAC Carcassonne. Apr\u00e8s leur r\u00e9cente \u00e9limination en coupe Gambardella le week-end dernier, les prot\u00e9g\u00e9s de Laurent et St\u00e9phane, encore frustr\u00e9s par cette r\u00e9cente d\u00e9faite, voulaient montrer \u00e0 leurs supporteurs qu\u2019ils pouvaient rebondir. Bien que priv\u00e9s de Hivanui, l\u2019\u00e9quipe align\u00e9e au coup d\u2019envoi avait fi\u00e8re&hellip; Poursuivre la lecture Foot \u00e0 Arzens : des fr\u00e8res jumeaux en vedette","og_url":"https:\/\/jumeaux91.fr\/blog\/foot-a-arzens-des-freres-jumeaux-en-vedette\/","og_site_name":"JUMEAUX91","article_published_time":"2025-10-29T12:26:00+00:00","og_image":[{"url":"https:\/\/jumeaux91.fr\/blog\/wp-content\/uploads\/2025\/10\/foot-a-arzens-des-freres-jumeaux-en-vedette.jpg","type":"","width":"","height":""}],"author":"Claude DAYRES","twitter_card":"summary_large_image","twitter_misc":{"\u00c9crit par":"Claude DAYRES","Dur\u00e9e de lecture estim\u00e9e":"2 minutes"},"schema":{"@context":"https:\/\/schema.org","@graph":[{"@type":"Article","@id":"https:\/\/jumeaux91.fr\/blog\/foot-a-arzens-des-freres-jumeaux-en-vedette\/#article","isPartOf":{"@id":"https:\/\/jumeaux91.fr\/blog\/foot-a-arzens-des-freres-jumeaux-en-vedette\/"},"author":{"name":"Claude DAYRES","@id":"https:\/\/jumeaux91.fr\/blog\/#\/schema\/person\/21da06e9f119b9f64e5d45dbbd32d3fb"},"headline":"Foot \u00e0 Arzens : des fr\u00e8res jumeaux en vedette","datePublished":"2025-10-29T12:26:00+00:00","mainEntityOfPage":{"@id":"https:\/\/jumeaux91.fr\/blog\/foot-a-arzens-des-freres-jumeaux-en-vedette\/"},"wordCount":488,"publisher":{"@id":"https:\/\/jumeaux91.fr\/blog\/#organization"},"image":{"@id":"https:\/\/jumeaux91.fr\/blog\/foot-a-arzens-des-freres-jumeaux-en-vedette\/#primaryimage"},"thumbnailUrl":"https:\/\/jumeaux91.fr\/blog\/wp-content\/uploads\/2025\/10\/foot-a-arzens-des-freres-jumeaux-en-vedette.jpg","articleSection":["Posts Fr\u00e8res Jumeaux De L'Essonnes:"],"inLanguage":"fr-FR"},{"@type":"WebPage","@id":"https:\/\/jumeaux91.fr\/blog\/foot-a-arzens-des-freres-jumeaux-en-vedette\/","url":"https:\/\/jumeaux91.fr\/blog\/foot-a-arzens-des-freres-jumeaux-en-vedette\/","name":"Foot \u00e0 Arzens : des fr\u00e8res jumeaux en vedette - JUMEAUX91","isPartOf":{"@id":"https:\/\/jumeaux91.fr\/blog\/#website"},"primaryImageOfPage":{"@id":"https:\/\/jumeaux91.fr\/blog\/foot-a-arzens-des-freres-jumeaux-en-vedette\/#primaryimage"},"image":{"@id":"https:\/\/jumeaux91.fr\/blog\/foot-a-arzens-des-freres-jumeaux-en-vedette\/#primaryimage"},"thumbnailUrl":"https:\/\/jumeaux91.fr\/blog\/wp-content\/uploads\/2025\/10\/foot-a-arzens-des-freres-jumeaux-en-vedette.jpg","datePublished":"2025-10-29T12:26:00+00:00","breadcrumb":{"@id":"https:\/\/jumeaux91.fr\/blog\/foot-a-arzens-des-freres-jumeaux-en-vedette\/#breadcrumb"},"inLanguage":"fr-FR","potentialAction":[{"@type":"ReadAction","target":["https:\/\/jumeaux91.fr\/blog\/foot-a-arzens-des-freres-jumeaux-en-vedette\/"]}]},{"@type":"ImageObject","inLanguage":"fr-FR","@id":"https:\/\/jumeaux91.fr\/blog\/foot-a-arzens-des-freres-jumeaux-en-vedette\/#primaryimage","url":"https:\/\/jumeaux91.fr\/blog\/wp-content\/uploads\/2025\/10\/foot-a-arzens-des-freres-jumeaux-en-vedette.jpg","contentUrl":"https:\/\/jumeaux91.fr\/blog\/wp-content\/uploads\/2025\/10\/foot-a-arzens-des-freres-jumeaux-en-vedette.jpg","width":1200,"height":500,"caption":"Foot \u00e0 Arzens : des fr\u00e8res jumeaux en vedette"},{"@type":"BreadcrumbList","@id":"https:\/\/jumeaux91.fr\/blog\/foot-a-arzens-des-freres-jumeaux-en-vedette\/#breadcrumb","itemListElement":[{"@type":"ListItem","position":1,"name":"Accueil","item":"https:\/\/jumeaux91.fr\/blog\/"},{"@type":"ListItem","position":2,"name":"Foot \u00e0 Arzens : des fr\u00e8res jumeaux en vedette"}]},{"@type":"WebSite","@id":"https:\/\/jumeaux91.fr\/blog\/#website","url":"https:\/\/jumeaux91.fr\/blog\/","name":"JUMEAUX91","description":"Fr\u00e8res jumeaux de l&#039;Essonnes; informations et archives, \u00e0 savoir et retenir.","publisher":{"@id":"https:\/\/jumeaux91.fr\/blog\/#organization"},"potentialAction":[{"@type":"SearchAction","target":{"@type":"EntryPoint","urlTemplate":"https:\/\/jumeaux91.fr\/blog\/?s={search_term_string}"},"query-input":{"@type":"PropertyValueSpecification","valueRequired":true,"valueName":"search_term_string"}}],"inLanguage":"fr-FR"},{"@type":"Organization","@id":"https:\/\/jumeaux91.fr\/blog\/#organization","name":"jumeaux91","url":"https:\/\/jumeaux91.fr\/blog\/","logo":{"@type":"ImageObject","inLanguage":"fr-FR","@id":"https:\/\/jumeaux91.fr\/blog\/#\/schema\/logo\/image\/","url":"https:\/\/jumeaux91.fr\/blog\/wp-content\/uploads\/2023\/05\/cropped-cropped-logoJ_91.png","contentUrl":"https:\/\/jumeaux91.fr\/blog\/wp-content\/uploads\/2023\/05\/cropped-cropped-logoJ_91.png","width":512,"height":512,"caption":"jumeaux91"},"image":{"@id":"https:\/\/jumeaux91.fr\/blog\/#\/schema\/logo\/image\/"}},{"@type":"Person","@id":"https:\/\/jumeaux91.fr\/blog\/#\/schema\/person\/21da06e9f119b9f64e5d45dbbd32d3fb","name":"Claude DAYRES","image":{"@type":"ImageObject","inLanguage":"fr-FR","@id":"https:\/\/secure.gravatar.com\/avatar\/82eb951df6110a2c48d1bfa7a67d1ee6f0cd5df3cbf9c3586dd61e82db7172a5?s=96&d=mm&r=g","url":"https:\/\/secure.gravatar.com\/avatar\/82eb951df6110a2c48d1bfa7a67d1ee6f0cd5df3cbf9c3586dd61e82db7172a5?s=96&d=mm&r=g","contentUrl":"https:\/\/secure.gravatar.com\/avatar\/82eb951df6110a2c48d1bfa7a67d1ee6f0cd5df3cbf9c3586dd61e82db7172a5?s=96&d=mm&r=g","caption":"Claude DAYRES"},"url":"https:\/\/jumeaux91.fr\/blog\/author\/x91claude\/"}]}},"_links":{"self":[{"href":"https:\/\/jumeaux91.fr\/blog\/wp-json\/wp\/v2\/posts\/1829","targetHints":{"allow":["GET"]}}],"collection":[{"href":"https:\/\/jumeaux91.fr\/blog\/wp-json\/wp\/v2\/posts"}],"about":[{"href":"https:\/\/jumeaux91.fr\/blog\/wp-json\/wp\/v2\/types\/post"}],"author":[{"embeddable":true,"href":"https:\/\/jumeaux91.fr\/blog\/wp-json\/wp\/v2\/users\/2"}],"replies":[{"embeddable":true,"href":"https:\/\/jumeaux91.fr\/blog\/wp-json\/wp\/v2\/comments?post=1829"}],"version-history":[{"count":0,"href":"https:\/\/jumeaux91.fr\/blog\/wp-json\/wp\/v2\/posts\/1829\/revisions"}],"wp:featuredmedia":[{"embeddable":true,"href":"https:\/\/jumeaux91.fr\/blog\/wp-json\/wp\/v2\/media\/1830"}],"wp:attachment":[{"href":"https:\/\/jumeaux91.fr\/blog\/wp-json\/wp\/v2\/media?parent=1829"}],"wp:term":[{"taxonomy":"category","embeddable":true,"href":"https:\/\/jumeaux91.fr\/blog\/wp-json\/wp\/v2\/categories?post=1829"},{"taxonomy":"post_tag","embeddable":true,"href":"https:\/\/jumeaux91.fr\/blog\/wp-json\/wp\/v2\/tags?post=1829"}],"curies":[{"name":"wp","href":"https:\/\/api.w.org\/{rel}","templated":true}]}}