{"id":1831,"date":"2025-10-24T09:24:00","date_gmt":"2025-10-24T08:24:00","guid":{"rendered":"https:\/\/jumeaux91.fr\/blog\/abattage-de-larbre-en-hommage-a-ilan-halimi-le-parquet-fait-appel-de-la-relaxe-de-lacte-antisemite\/"},"modified":"2025-10-24T09:24:00","modified_gmt":"2025-10-24T08:24:00","slug":"abattage-de-larbre-en-hommage-a-ilan-halimi-le-parquet-fait-appel-de-la-relaxe-de-lacte-antisemite","status":"publish","type":"post","link":"https:\/\/jumeaux91.fr\/blog\/abattage-de-larbre-en-hommage-a-ilan-halimi-le-parquet-fait-appel-de-la-relaxe-de-lacte-antisemite\/","title":{"rendered":"Abattage de l&rsquo;arbre en hommage \u00e0 Ilan Halimi : le parquet fait appel de la relaxe de l&rsquo;acte antis\u00e9mite"},"content":{"rendered":"<div><img decoding=\"async\" src=\"https:\/\/jumeaux91.fr\/blog\/wp-content\/uploads\/2025\/10\/abattage-de-larbre-en-hommage-a-ilan-halimi-le-parquet-fait-appel-de-la-relaxe-de-lacte-antisemite.jpg\" class=\"ff-og-image-inserted\"><\/div>\n<div class=\"ac-article-date\"> Par <strong> <a href=\"https:\/\/actu.fr\/auteur\/dorinegoth\" title=\"Consulter tous les articles de Dorine Goth\" target=\"_blank\" rel=\"nofollow\">Dorine Goth<\/a> <\/strong> <span> Publi\u00e9 le  24 oct. 2025 \u00e0 18h24  <\/span>\n<\/div>\n<p>La question de <strong>l\u2019<a href=\"https:\/\/actu.fr\/tag\/antisemitisme\" target=\"_blank\" rel=\"nofollow\">antis\u00e9mitisme<\/a><\/strong> sera de nouveau au c\u0153ur des d\u00e9bats. Deux jours apr\u00e8s le jugement de deux fr\u00e8res pour <strong><a href=\"https:\/\/actu.fr\/ile-de-france\/epinay-sur-seine_93031\/un-acte-antisemite-l-olivier-plante-en-memoire-d-ilan-halimi-tue-parce-que-juif-abattu-a-epinay-sur-seine_63041260.html\" target=\"_blank\" rel=\"nofollow\">l\u2019abattage de l\u2019olivier en hommage \u00e0 Ilan Halimi<\/a><\/strong>, le parquet de Bobigny a annonc\u00e9, vendredi 24&nbsp;octobre 2025, sa d\u00e9cision d\u2019interjeter appel. Dans son premier jugement, le tribunal de Bobigny a condamn\u00e9 <strong><a href=\"https:\/\/actu.fr\/ile-de-france\/epinay-sur-seine_93031\/seine-saint-denis-deux-freres-soupconnes-d-avoir-abattu-un-olivier-en-hommage-a-ilan-halimi-interpelles_63086559.html\" target=\"_blank\" rel=\"nofollow\">les jumeaux de 19&nbsp;ans<\/a><\/strong> \u00e0 huit mois de prison ferme pour l\u2019un et \u00e0 huit mois de prison avec sursis pour l\u2019autre pour destruction du bien d\u2019autrui aggrav\u00e9e. Le<strong> caract\u00e8re antis\u00e9mite de l\u2019acte n\u2019a pas \u00e9t\u00e9 retenu.<\/strong><\/p>\n<div class=\"ac-article-to-read wall-content\">\n<p>\u00c0 lire aussi<\/p>\n<\/div>\n<h2 class=\" wall-content\">Vers un nouveau proc\u00e8s<\/h2>\n<p class=\" wall-content\">\u00ab\u2009L\u2019appel porte notamment sur la d\u00e9cision de relaxe, contraire aux r\u00e9quisitions du parquet, s\u2019agissant de l\u2019infraction de violation de monument \u00e9difi\u00e9 \u00e0 la m\u00e9moire des morts, commise en raison de la race, l\u2019ethnie, la nation ou la religion\u2009\u00bb, indique le parquet dans un communiqu\u00e9.<\/p>\n<p class=\" wall-content\">Lors du proc\u00e8s, la <strong>procureure avait r\u00e9clam\u00e9 12 et 15&nbsp;mois de prison<\/strong>, assurant que les deux hommes avaient \u00ab\u2009port\u00e9 atteinte \u00e0 la m\u00e9moire d\u2019Ilan Halimi, parce que c\u2019est un symbole\u2009\u00bb. Dans leur verdict, les juges ont estim\u00e9 qu\u2019il n\u2019y avait pas assez d\u2019\u00e9l\u00e9ments permettant d\u2019\u00e9tablir que les deux hommes avaient conscience qu\u2019il s\u2019agissait d\u2019un monument en la m\u00e9moire d\u2019Ilan Halimi,<a href=\"https:\/\/actu.fr\/ile-de-france\/bagneux_92007\/hauts-de-seine-il-y-a-15-ans-ilan-halimi-etait-enleve-et-sequestre-par-le-gang-des-barbares_38852159.html\" target=\"_blank\" rel=\"nofollow\"> jeune juif tortur\u00e9 \u00e0 mort en 2006<\/a>.<\/p>\n<p class=\" wall-content\">L\u2019abattage de l\u2019arbre en m\u00e9moire d\u2019Ilan Halimi, survenu dans la nuit du 13 au 14&nbsp;ao\u00fbt, avait suscit\u00e9 une indignation unanime au sein de la classe politique. L\u2019olivier avait \u00e9t\u00e9 plant\u00e9 en 2011 au jardin d\u2019Alcobendas d\u2019\u00c9pinay-sur-Seine, ville d\u2019un peu plus de 50\u2009000&nbsp;habitants, situ\u00e9e \u00e0 une dizaine de kilom\u00e8tres au nord de Paris. Depuis, plusieurs arbres ont de nouveau \u00e9t\u00e9 plant\u00e9s.<\/p>\n<p class=\" wall-content\"><strong><em>Avec AFP<\/em><\/strong><\/p>\n<p class=\" wall-content\"><i>Personnalisez votre actualit\u00e9 en ajoutant vos villes et m\u00e9dias en favori avec <a href=\"https:\/\/moncompte.actu.fr\" title=\"D\u00e9couvez Mon Actu\" rel=\"nofollow\" data-trk=\"{&quot;cta&quot;:{&quot;action&quot;:&quot;https:\\\/\\\/moncompte.actu.fr&quot;,&quot;category&quot;:&quot;mon compte&quot;,&quot;from&quot;:&quot;article footer&quot;,&quot;name&quot;:&quot;Mon actu&quot;,&quot;type&quot;:&quot;cta&quot;}}\" target=\"_blank\">Mon Actu<\/a>.<\/i><\/p>\n<p> La chronique se veut g\u00e9n\u00e9r\u00e9e de la fa\u00e7on la plus claire que possible. Dans le cas o\u00f9 vous souhaitez pr\u00e9senter des renseignements compl\u00e9mentaires \u00e0 cet article sur le sujet \u00ab\u00a0Fr\u00e8res jumeaux de l&rsquo;Essonnes\u00a0\u00bb il vous est possible d\u2019\u00e9crire aux contacts indiqu\u00e9s sur notre website. La raison d\u2019\u00eatre de jumeaux91.fr \u00e9tant de rassembler sur le web des posts sur le sujet de Fr\u00e8res jumeaux de l&rsquo;Essonnes puis les diffuser en r\u00e9pondant au mieux aux interrogations des gens. Vous pouvez tirer profit de cet article traitant le sujet \u00ab\u00a0Fr\u00e8res jumeaux de l&rsquo;Essonnes\u00a0\u00bb. Il est concoct\u00e9 par l\u2019\u00e9quipe jumeaux91.fr. Prochainement, nous rendrons accessibles au public d&rsquo;autres informations pertinentes sur le sujet \u00ab\u00a0Fr\u00e8res jumeaux de l&rsquo;Essonnes\u00a0\u00bb. Alors, consultez syst\u00e9matiquement notre blog.<\/p>\n","protected":false},"excerpt":{"rendered":"<p>Par Dorine Goth Publi\u00e9 le 24 oct. 2025 \u00e0 18h24 La question de l\u2019antis\u00e9mitisme sera de nouveau au c\u0153ur des d\u00e9bats. Deux jours apr\u00e8s le jugement de deux fr\u00e8res pour l\u2019abattage de l\u2019olivier en hommage \u00e0 Ilan Halimi, le parquet de Bobigny a annonc\u00e9, vendredi 24&nbsp;octobre 2025, sa d\u00e9cision d\u2019interjeter appel. Dans son premier jugement,&hellip; <a class=\"more-link\" href=\"https:\/\/jumeaux91.fr\/blog\/abattage-de-larbre-en-hommage-a-ilan-halimi-le-parquet-fait-appel-de-la-relaxe-de-lacte-antisemite\/\">Poursuivre la lecture <span class=\"screen-reader-text\">Abattage de l&rsquo;arbre en hommage \u00e0 Ilan Halimi : le parquet fait appel de la relaxe de l&rsquo;acte antis\u00e9mite<\/span><\/a><\/p>\n","protected":false},"author":2,"featured_media":1832,"comment_status":"closed","ping_status":"closed","sticky":false,"template":"","format":"standard","meta":{"footnotes":""},"categories":[4],"tags":[],"class_list":["post-1831","post","type-post","status-publish","format-standard","has-post-thumbnail","hentry","category-posts-freres-jumeaux-de-lessonnes","entry"],"yoast_head":"<!-- This site is optimized with the Yoast SEO plugin v27.5 - https:\/\/yoast.com\/product\/yoast-seo-wordpress\/ -->\n<title>Abattage de l&#039;arbre en hommage \u00e0 Ilan Halimi : le parquet fait appel de la relaxe de l&#039;acte antis\u00e9mite - JUMEAUX91<\/title>\n<meta name=\"robots\" content=\"index, follow, max-snippet:-1, max-image-preview:large, max-video-preview:-1\" \/>\n<link rel=\"canonical\" href=\"https:\/\/jumeaux91.fr\/blog\/abattage-de-larbre-en-hommage-a-ilan-halimi-le-parquet-fait-appel-de-la-relaxe-de-lacte-antisemite\/\" \/>\n<meta property=\"og:locale\" content=\"fr_FR\" \/>\n<meta property=\"og:type\" content=\"article\" \/>\n<meta property=\"og:title\" content=\"Abattage de l&#039;arbre en hommage \u00e0 Ilan Halimi : le parquet fait appel de la relaxe de l&#039;acte antis\u00e9mite - JUMEAUX91\" \/>\n<meta property=\"og:description\" content=\"Par Dorine Goth Publi\u00e9 le 24 oct. 2025 \u00e0 18h24 La question de l\u2019antis\u00e9mitisme sera de nouveau au c\u0153ur des d\u00e9bats. Deux jours apr\u00e8s le jugement de deux fr\u00e8res pour l\u2019abattage de l\u2019olivier en hommage \u00e0 Ilan Halimi, le parquet de Bobigny a annonc\u00e9, vendredi 24&nbsp;octobre 2025, sa d\u00e9cision d\u2019interjeter appel. Dans son premier jugement,&hellip; Poursuivre la lecture Abattage de l&rsquo;arbre en hommage \u00e0 Ilan Halimi : le parquet fait appel de la relaxe de l&rsquo;acte antis\u00e9mite\" \/>\n<meta property=\"og:url\" content=\"https:\/\/jumeaux91.fr\/blog\/abattage-de-larbre-en-hommage-a-ilan-halimi-le-parquet-fait-appel-de-la-relaxe-de-lacte-antisemite\/\" \/>\n<meta property=\"og:site_name\" content=\"JUMEAUX91\" \/>\n<meta property=\"article:published_time\" content=\"2025-10-24T08:24:00+00:00\" \/>\n<meta property=\"og:image\" content=\"https:\/\/jumeaux91.fr\/blog\/wp-content\/uploads\/2025\/10\/abattage-de-larbre-en-hommage-a-ilan-halimi-le-parquet-fait-appel-de-la-relaxe-de-lacte-antisemite.jpg\" \/>\n<meta name=\"author\" content=\"Claude DAYRES\" \/>\n<meta name=\"twitter:card\" content=\"summary_large_image\" \/>\n<meta name=\"twitter:label1\" content=\"\u00c9crit par\" \/>\n\t<meta name=\"twitter:data1\" content=\"Claude DAYRES\" \/>\n\t<meta name=\"twitter:label2\" content=\"Dur\u00e9e de lecture estim\u00e9e\" \/>\n\t<meta name=\"twitter:data2\" content=\"2 minutes\" \/>\n<script type=\"application\/ld+json\" class=\"yoast-schema-graph\">{\"@context\":\"https:\\\/\\\/schema.org\",\"@graph\":[{\"@type\":\"Article\",\"@id\":\"https:\\\/\\\/jumeaux91.fr\\\/blog\\\/abattage-de-larbre-en-hommage-a-ilan-halimi-le-parquet-fait-appel-de-la-relaxe-de-lacte-antisemite\\\/#article\",\"isPartOf\":{\"@id\":\"https:\\\/\\\/jumeaux91.fr\\\/blog\\\/abattage-de-larbre-en-hommage-a-ilan-halimi-le-parquet-fait-appel-de-la-relaxe-de-lacte-antisemite\\\/\"},\"author\":{\"name\":\"Claude DAYRES\",\"@id\":\"https:\\\/\\\/jumeaux91.fr\\\/blog\\\/#\\\/schema\\\/person\\\/21da06e9f119b9f64e5d45dbbd32d3fb\"},\"headline\":\"Abattage de l&rsquo;arbre en hommage \u00e0 Ilan Halimi : le parquet fait appel de la relaxe de l&rsquo;acte antis\u00e9mite\",\"datePublished\":\"2025-10-24T08:24:00+00:00\",\"mainEntityOfPage\":{\"@id\":\"https:\\\/\\\/jumeaux91.fr\\\/blog\\\/abattage-de-larbre-en-hommage-a-ilan-halimi-le-parquet-fait-appel-de-la-relaxe-de-lacte-antisemite\\\/\"},\"wordCount\":494,\"publisher\":{\"@id\":\"https:\\\/\\\/jumeaux91.fr\\\/blog\\\/#organization\"},\"image\":{\"@id\":\"https:\\\/\\\/jumeaux91.fr\\\/blog\\\/abattage-de-larbre-en-hommage-a-ilan-halimi-le-parquet-fait-appel-de-la-relaxe-de-lacte-antisemite\\\/#primaryimage\"},\"thumbnailUrl\":\"https:\\\/\\\/jumeaux91.fr\\\/blog\\\/wp-content\\\/uploads\\\/2025\\\/10\\\/abattage-de-larbre-en-hommage-a-ilan-halimi-le-parquet-fait-appel-de-la-relaxe-de-lacte-antisemite.jpg\",\"articleSection\":[\"Posts Fr\u00e8res Jumeaux De L'Essonnes:\"],\"inLanguage\":\"fr-FR\"},{\"@type\":\"WebPage\",\"@id\":\"https:\\\/\\\/jumeaux91.fr\\\/blog\\\/abattage-de-larbre-en-hommage-a-ilan-halimi-le-parquet-fait-appel-de-la-relaxe-de-lacte-antisemite\\\/\",\"url\":\"https:\\\/\\\/jumeaux91.fr\\\/blog\\\/abattage-de-larbre-en-hommage-a-ilan-halimi-le-parquet-fait-appel-de-la-relaxe-de-lacte-antisemite\\\/\",\"name\":\"Abattage de l'arbre en hommage \u00e0 Ilan Halimi : le parquet fait appel de la relaxe de l'acte antis\u00e9mite - JUMEAUX91\",\"isPartOf\":{\"@id\":\"https:\\\/\\\/jumeaux91.fr\\\/blog\\\/#website\"},\"primaryImageOfPage\":{\"@id\":\"https:\\\/\\\/jumeaux91.fr\\\/blog\\\/abattage-de-larbre-en-hommage-a-ilan-halimi-le-parquet-fait-appel-de-la-relaxe-de-lacte-antisemite\\\/#primaryimage\"},\"image\":{\"@id\":\"https:\\\/\\\/jumeaux91.fr\\\/blog\\\/abattage-de-larbre-en-hommage-a-ilan-halimi-le-parquet-fait-appel-de-la-relaxe-de-lacte-antisemite\\\/#primaryimage\"},\"thumbnailUrl\":\"https:\\\/\\\/jumeaux91.fr\\\/blog\\\/wp-content\\\/uploads\\\/2025\\\/10\\\/abattage-de-larbre-en-hommage-a-ilan-halimi-le-parquet-fait-appel-de-la-relaxe-de-lacte-antisemite.jpg\",\"datePublished\":\"2025-10-24T08:24:00+00:00\",\"breadcrumb\":{\"@id\":\"https:\\\/\\\/jumeaux91.fr\\\/blog\\\/abattage-de-larbre-en-hommage-a-ilan-halimi-le-parquet-fait-appel-de-la-relaxe-de-lacte-antisemite\\\/#breadcrumb\"},\"inLanguage\":\"fr-FR\",\"potentialAction\":[{\"@type\":\"ReadAction\",\"target\":[\"https:\\\/\\\/jumeaux91.fr\\\/blog\\\/abattage-de-larbre-en-hommage-a-ilan-halimi-le-parquet-fait-appel-de-la-relaxe-de-lacte-antisemite\\\/\"]}]},{\"@type\":\"ImageObject\",\"inLanguage\":\"fr-FR\",\"@id\":\"https:\\\/\\\/jumeaux91.fr\\\/blog\\\/abattage-de-larbre-en-hommage-a-ilan-halimi-le-parquet-fait-appel-de-la-relaxe-de-lacte-antisemite\\\/#primaryimage\",\"url\":\"https:\\\/\\\/jumeaux91.fr\\\/blog\\\/wp-content\\\/uploads\\\/2025\\\/10\\\/abattage-de-larbre-en-hommage-a-ilan-halimi-le-parquet-fait-appel-de-la-relaxe-de-lacte-antisemite.jpg\",\"contentUrl\":\"https:\\\/\\\/jumeaux91.fr\\\/blog\\\/wp-content\\\/uploads\\\/2025\\\/10\\\/abattage-de-larbre-en-hommage-a-ilan-halimi-le-parquet-fait-appel-de-la-relaxe-de-lacte-antisemite.jpg\",\"width\":1065,\"height\":826,\"caption\":\"Abattage de l'arbre en hommage \u00e0 Ilan Halimi : le parquet fait appel de la relaxe de l'acte antis\u00e9mite\"},{\"@type\":\"BreadcrumbList\",\"@id\":\"https:\\\/\\\/jumeaux91.fr\\\/blog\\\/abattage-de-larbre-en-hommage-a-ilan-halimi-le-parquet-fait-appel-de-la-relaxe-de-lacte-antisemite\\\/#breadcrumb\",\"itemListElement\":[{\"@type\":\"ListItem\",\"position\":1,\"name\":\"Accueil\",\"item\":\"https:\\\/\\\/jumeaux91.fr\\\/blog\\\/\"},{\"@type\":\"ListItem\",\"position\":2,\"name\":\"Abattage de l&rsquo;arbre en hommage \u00e0 Ilan Halimi : le parquet fait appel de la relaxe de l&rsquo;acte antis\u00e9mite\"}]},{\"@type\":\"WebSite\",\"@id\":\"https:\\\/\\\/jumeaux91.fr\\\/blog\\\/#website\",\"url\":\"https:\\\/\\\/jumeaux91.fr\\\/blog\\\/\",\"name\":\"JUMEAUX91\",\"description\":\"Fr\u00e8res jumeaux de l&#039;Essonnes; informations et archives, \u00e0 savoir et retenir.\",\"publisher\":{\"@id\":\"https:\\\/\\\/jumeaux91.fr\\\/blog\\\/#organization\"},\"potentialAction\":[{\"@type\":\"SearchAction\",\"target\":{\"@type\":\"EntryPoint\",\"urlTemplate\":\"https:\\\/\\\/jumeaux91.fr\\\/blog\\\/?s={search_term_string}\"},\"query-input\":{\"@type\":\"PropertyValueSpecification\",\"valueRequired\":true,\"valueName\":\"search_term_string\"}}],\"inLanguage\":\"fr-FR\"},{\"@type\":\"Organization\",\"@id\":\"https:\\\/\\\/jumeaux91.fr\\\/blog\\\/#organization\",\"name\":\"jumeaux91\",\"url\":\"https:\\\/\\\/jumeaux91.fr\\\/blog\\\/\",\"logo\":{\"@type\":\"ImageObject\",\"inLanguage\":\"fr-FR\",\"@id\":\"https:\\\/\\\/jumeaux91.fr\\\/blog\\\/#\\\/schema\\\/logo\\\/image\\\/\",\"url\":\"https:\\\/\\\/jumeaux91.fr\\\/blog\\\/wp-content\\\/uploads\\\/2023\\\/05\\\/cropped-cropped-logoJ_91.png\",\"contentUrl\":\"https:\\\/\\\/jumeaux91.fr\\\/blog\\\/wp-content\\\/uploads\\\/2023\\\/05\\\/cropped-cropped-logoJ_91.png\",\"width\":512,\"height\":512,\"caption\":\"jumeaux91\"},\"image\":{\"@id\":\"https:\\\/\\\/jumeaux91.fr\\\/blog\\\/#\\\/schema\\\/logo\\\/image\\\/\"}},{\"@type\":\"Person\",\"@id\":\"https:\\\/\\\/jumeaux91.fr\\\/blog\\\/#\\\/schema\\\/person\\\/21da06e9f119b9f64e5d45dbbd32d3fb\",\"name\":\"Claude DAYRES\",\"image\":{\"@type\":\"ImageObject\",\"inLanguage\":\"fr-FR\",\"@id\":\"https:\\\/\\\/secure.gravatar.com\\\/avatar\\\/82eb951df6110a2c48d1bfa7a67d1ee6f0cd5df3cbf9c3586dd61e82db7172a5?s=96&d=mm&r=g\",\"url\":\"https:\\\/\\\/secure.gravatar.com\\\/avatar\\\/82eb951df6110a2c48d1bfa7a67d1ee6f0cd5df3cbf9c3586dd61e82db7172a5?s=96&d=mm&r=g\",\"contentUrl\":\"https:\\\/\\\/secure.gravatar.com\\\/avatar\\\/82eb951df6110a2c48d1bfa7a67d1ee6f0cd5df3cbf9c3586dd61e82db7172a5?s=96&d=mm&r=g\",\"caption\":\"Claude DAYRES\"},\"url\":\"https:\\\/\\\/jumeaux91.fr\\\/blog\\\/author\\\/x91claude\\\/\"}]}<\/script>\n<!-- \/ Yoast SEO plugin. -->","yoast_head_json":{"title":"Abattage de l'arbre en hommage \u00e0 Ilan Halimi : le parquet fait appel de la relaxe de l'acte antis\u00e9mite - JUMEAUX91","robots":{"index":"index","follow":"follow","max-snippet":"max-snippet:-1","max-image-preview":"max-image-preview:large","max-video-preview":"max-video-preview:-1"},"canonical":"https:\/\/jumeaux91.fr\/blog\/abattage-de-larbre-en-hommage-a-ilan-halimi-le-parquet-fait-appel-de-la-relaxe-de-lacte-antisemite\/","og_locale":"fr_FR","og_type":"article","og_title":"Abattage de l'arbre en hommage \u00e0 Ilan Halimi : le parquet fait appel de la relaxe de l'acte antis\u00e9mite - JUMEAUX91","og_description":"Par Dorine Goth Publi\u00e9 le 24 oct. 2025 \u00e0 18h24 La question de l\u2019antis\u00e9mitisme sera de nouveau au c\u0153ur des d\u00e9bats. Deux jours apr\u00e8s le jugement de deux fr\u00e8res pour l\u2019abattage de l\u2019olivier en hommage \u00e0 Ilan Halimi, le parquet de Bobigny a annonc\u00e9, vendredi 24&nbsp;octobre 2025, sa d\u00e9cision d\u2019interjeter appel. Dans son premier jugement,&hellip; Poursuivre la lecture Abattage de l&rsquo;arbre en hommage \u00e0 Ilan Halimi : le parquet fait appel de la relaxe de l&rsquo;acte antis\u00e9mite","og_url":"https:\/\/jumeaux91.fr\/blog\/abattage-de-larbre-en-hommage-a-ilan-halimi-le-parquet-fait-appel-de-la-relaxe-de-lacte-antisemite\/","og_site_name":"JUMEAUX91","article_published_time":"2025-10-24T08:24:00+00:00","og_image":[{"url":"https:\/\/jumeaux91.fr\/blog\/wp-content\/uploads\/2025\/10\/abattage-de-larbre-en-hommage-a-ilan-halimi-le-parquet-fait-appel-de-la-relaxe-de-lacte-antisemite.jpg","type":"","width":"","height":""}],"author":"Claude DAYRES","twitter_card":"summary_large_image","twitter_misc":{"\u00c9crit par":"Claude DAYRES","Dur\u00e9e de lecture estim\u00e9e":"2 minutes"},"schema":{"@context":"https:\/\/schema.org","@graph":[{"@type":"Article","@id":"https:\/\/jumeaux91.fr\/blog\/abattage-de-larbre-en-hommage-a-ilan-halimi-le-parquet-fait-appel-de-la-relaxe-de-lacte-antisemite\/#article","isPartOf":{"@id":"https:\/\/jumeaux91.fr\/blog\/abattage-de-larbre-en-hommage-a-ilan-halimi-le-parquet-fait-appel-de-la-relaxe-de-lacte-antisemite\/"},"author":{"name":"Claude DAYRES","@id":"https:\/\/jumeaux91.fr\/blog\/#\/schema\/person\/21da06e9f119b9f64e5d45dbbd32d3fb"},"headline":"Abattage de l&rsquo;arbre en hommage \u00e0 Ilan Halimi : le parquet fait appel de la relaxe de l&rsquo;acte antis\u00e9mite","datePublished":"2025-10-24T08:24:00+00:00","mainEntityOfPage":{"@id":"https:\/\/jumeaux91.fr\/blog\/abattage-de-larbre-en-hommage-a-ilan-halimi-le-parquet-fait-appel-de-la-relaxe-de-lacte-antisemite\/"},"wordCount":494,"publisher":{"@id":"https:\/\/jumeaux91.fr\/blog\/#organization"},"image":{"@id":"https:\/\/jumeaux91.fr\/blog\/abattage-de-larbre-en-hommage-a-ilan-halimi-le-parquet-fait-appel-de-la-relaxe-de-lacte-antisemite\/#primaryimage"},"thumbnailUrl":"https:\/\/jumeaux91.fr\/blog\/wp-content\/uploads\/2025\/10\/abattage-de-larbre-en-hommage-a-ilan-halimi-le-parquet-fait-appel-de-la-relaxe-de-lacte-antisemite.jpg","articleSection":["Posts Fr\u00e8res Jumeaux De L'Essonnes:"],"inLanguage":"fr-FR"},{"@type":"WebPage","@id":"https:\/\/jumeaux91.fr\/blog\/abattage-de-larbre-en-hommage-a-ilan-halimi-le-parquet-fait-appel-de-la-relaxe-de-lacte-antisemite\/","url":"https:\/\/jumeaux91.fr\/blog\/abattage-de-larbre-en-hommage-a-ilan-halimi-le-parquet-fait-appel-de-la-relaxe-de-lacte-antisemite\/","name":"Abattage de l'arbre en hommage \u00e0 Ilan Halimi : le parquet fait appel de la relaxe de l'acte antis\u00e9mite - JUMEAUX91","isPartOf":{"@id":"https:\/\/jumeaux91.fr\/blog\/#website"},"primaryImageOfPage":{"@id":"https:\/\/jumeaux91.fr\/blog\/abattage-de-larbre-en-hommage-a-ilan-halimi-le-parquet-fait-appel-de-la-relaxe-de-lacte-antisemite\/#primaryimage"},"image":{"@id":"https:\/\/jumeaux91.fr\/blog\/abattage-de-larbre-en-hommage-a-ilan-halimi-le-parquet-fait-appel-de-la-relaxe-de-lacte-antisemite\/#primaryimage"},"thumbnailUrl":"https:\/\/jumeaux91.fr\/blog\/wp-content\/uploads\/2025\/10\/abattage-de-larbre-en-hommage-a-ilan-halimi-le-parquet-fait-appel-de-la-relaxe-de-lacte-antisemite.jpg","datePublished":"2025-10-24T08:24:00+00:00","breadcrumb":{"@id":"https:\/\/jumeaux91.fr\/blog\/abattage-de-larbre-en-hommage-a-ilan-halimi-le-parquet-fait-appel-de-la-relaxe-de-lacte-antisemite\/#breadcrumb"},"inLanguage":"fr-FR","potentialAction":[{"@type":"ReadAction","target":["https:\/\/jumeaux91.fr\/blog\/abattage-de-larbre-en-hommage-a-ilan-halimi-le-parquet-fait-appel-de-la-relaxe-de-lacte-antisemite\/"]}]},{"@type":"ImageObject","inLanguage":"fr-FR","@id":"https:\/\/jumeaux91.fr\/blog\/abattage-de-larbre-en-hommage-a-ilan-halimi-le-parquet-fait-appel-de-la-relaxe-de-lacte-antisemite\/#primaryimage","url":"https:\/\/jumeaux91.fr\/blog\/wp-content\/uploads\/2025\/10\/abattage-de-larbre-en-hommage-a-ilan-halimi-le-parquet-fait-appel-de-la-relaxe-de-lacte-antisemite.jpg","contentUrl":"https:\/\/jumeaux91.fr\/blog\/wp-content\/uploads\/2025\/10\/abattage-de-larbre-en-hommage-a-ilan-halimi-le-parquet-fait-appel-de-la-relaxe-de-lacte-antisemite.jpg","width":1065,"height":826,"caption":"Abattage de l'arbre en hommage \u00e0 Ilan Halimi : le parquet fait appel de la relaxe de l'acte antis\u00e9mite"},{"@type":"BreadcrumbList","@id":"https:\/\/jumeaux91.fr\/blog\/abattage-de-larbre-en-hommage-a-ilan-halimi-le-parquet-fait-appel-de-la-relaxe-de-lacte-antisemite\/#breadcrumb","itemListElement":[{"@type":"ListItem","position":1,"name":"Accueil","item":"https:\/\/jumeaux91.fr\/blog\/"},{"@type":"ListItem","position":2,"name":"Abattage de l&rsquo;arbre en hommage \u00e0 Ilan Halimi : le parquet fait appel de la relaxe de l&rsquo;acte antis\u00e9mite"}]},{"@type":"WebSite","@id":"https:\/\/jumeaux91.fr\/blog\/#website","url":"https:\/\/jumeaux91.fr\/blog\/","name":"JUMEAUX91","description":"Fr\u00e8res jumeaux de l&#039;Essonnes; informations et archives, \u00e0 savoir et retenir.","publisher":{"@id":"https:\/\/jumeaux91.fr\/blog\/#organization"},"potentialAction":[{"@type":"SearchAction","target":{"@type":"EntryPoint","urlTemplate":"https:\/\/jumeaux91.fr\/blog\/?s={search_term_string}"},"query-input":{"@type":"PropertyValueSpecification","valueRequired":true,"valueName":"search_term_string"}}],"inLanguage":"fr-FR"},{"@type":"Organization","@id":"https:\/\/jumeaux91.fr\/blog\/#organization","name":"jumeaux91","url":"https:\/\/jumeaux91.fr\/blog\/","logo":{"@type":"ImageObject","inLanguage":"fr-FR","@id":"https:\/\/jumeaux91.fr\/blog\/#\/schema\/logo\/image\/","url":"https:\/\/jumeaux91.fr\/blog\/wp-content\/uploads\/2023\/05\/cropped-cropped-logoJ_91.png","contentUrl":"https:\/\/jumeaux91.fr\/blog\/wp-content\/uploads\/2023\/05\/cropped-cropped-logoJ_91.png","width":512,"height":512,"caption":"jumeaux91"},"image":{"@id":"https:\/\/jumeaux91.fr\/blog\/#\/schema\/logo\/image\/"}},{"@type":"Person","@id":"https:\/\/jumeaux91.fr\/blog\/#\/schema\/person\/21da06e9f119b9f64e5d45dbbd32d3fb","name":"Claude DAYRES","image":{"@type":"ImageObject","inLanguage":"fr-FR","@id":"https:\/\/secure.gravatar.com\/avatar\/82eb951df6110a2c48d1bfa7a67d1ee6f0cd5df3cbf9c3586dd61e82db7172a5?s=96&d=mm&r=g","url":"https:\/\/secure.gravatar.com\/avatar\/82eb951df6110a2c48d1bfa7a67d1ee6f0cd5df3cbf9c3586dd61e82db7172a5?s=96&d=mm&r=g","contentUrl":"https:\/\/secure.gravatar.com\/avatar\/82eb951df6110a2c48d1bfa7a67d1ee6f0cd5df3cbf9c3586dd61e82db7172a5?s=96&d=mm&r=g","caption":"Claude DAYRES"},"url":"https:\/\/jumeaux91.fr\/blog\/author\/x91claude\/"}]}},"_links":{"self":[{"href":"https:\/\/jumeaux91.fr\/blog\/wp-json\/wp\/v2\/posts\/1831","targetHints":{"allow":["GET"]}}],"collection":[{"href":"https:\/\/jumeaux91.fr\/blog\/wp-json\/wp\/v2\/posts"}],"about":[{"href":"https:\/\/jumeaux91.fr\/blog\/wp-json\/wp\/v2\/types\/post"}],"author":[{"embeddable":true,"href":"https:\/\/jumeaux91.fr\/blog\/wp-json\/wp\/v2\/users\/2"}],"replies":[{"embeddable":true,"href":"https:\/\/jumeaux91.fr\/blog\/wp-json\/wp\/v2\/comments?post=1831"}],"version-history":[{"count":0,"href":"https:\/\/jumeaux91.fr\/blog\/wp-json\/wp\/v2\/posts\/1831\/revisions"}],"wp:featuredmedia":[{"embeddable":true,"href":"https:\/\/jumeaux91.fr\/blog\/wp-json\/wp\/v2\/media\/1832"}],"wp:attachment":[{"href":"https:\/\/jumeaux91.fr\/blog\/wp-json\/wp\/v2\/media?parent=1831"}],"wp:term":[{"taxonomy":"category","embeddable":true,"href":"https:\/\/jumeaux91.fr\/blog\/wp-json\/wp\/v2\/categories?post=1831"},{"taxonomy":"post_tag","embeddable":true,"href":"https:\/\/jumeaux91.fr\/blog\/wp-json\/wp\/v2\/tags?post=1831"}],"curies":[{"name":"wp","href":"https:\/\/api.w.org\/{rel}","templated":true}]}}