{"id":1839,"date":"2025-10-30T23:49:00","date_gmt":"2025-10-30T22:49:00","guid":{"rendered":"https:\/\/jumeaux91.fr\/blog\/mort-de-richard-bonnot-lancien-membre-du-groupe-les-charlots-est-decede-a-lage-de-77-ans\/"},"modified":"2025-10-30T23:49:00","modified_gmt":"2025-10-30T22:49:00","slug":"mort-de-richard-bonnot-lancien-membre-du-groupe-les-charlots-est-decede-a-lage-de-77-ans","status":"publish","type":"post","link":"https:\/\/jumeaux91.fr\/blog\/mort-de-richard-bonnot-lancien-membre-du-groupe-les-charlots-est-decede-a-lage-de-77-ans\/","title":{"rendered":"Mort de Richard Bonnot : l\u2019ancien membre du groupe \u00ab\u00a0Les Charlots\u00a0\u00bb est d\u00e9c\u00e9d\u00e9 \u00e0 l\u2019\u00e2ge de 77 ans"},"content":{"rendered":"<div><img decoding=\"async\" src=\"https:\/\/jumeaux91.fr\/blog\/wp-content\/uploads\/2025\/10\/mort-de-richard-bonnot-lancien-membre-du-groupe-les-charlots-est-decede-a-lage-de-77-ans.jpg\" class=\"ff-og-image-inserted\"><\/div>\n<p> Richard Bonnot, musicien, chanteur et ancien membre du groupe comique \u00ab\u00a0Les Charlots\u00a0\u00bb, est d\u00e9c\u00e9d\u00e9 \u00e0 l\u2019\u00e2ge de 77 ans, a annonc\u00e9 son ami G\u00e9rald Dahan le 28&nbsp;octobre 2025 sur Facebook. <\/p>\n<div> <!-- Pub DFP Position [outstream] --> <\/p>\n<p>Richard Bonnot, ancien membre des Charlots est d\u00e9c\u00e9d\u00e9, a-t-on appris le 28&nbsp;octobre dernier.<\/p>\n<p><!-- Pub DFP Position [article] --> <\/p>\n<h2 class=\"txt-int\">\u00ab\u00a0Immense tristesse\u00a0\u00bb<\/h2>\n<p>L\u2019auteur, compositeur, interpr\u00e8te et membre du groupe parodique <em>\u00ab\u00a0Les Charlots\u00a0\u00bb, <\/em>Richard Bonnot<em>, <\/em>est d\u00e9c\u00e9d\u00e9 \u00e0 l\u2019\u00e2ge de 77 ans, selon son ami G\u00e9rald Dahan sur Facebook.<\/p>\n<p><em>\u00ab\u00a0C\u2019est avec une immense tristesse que je vous annonce le d\u00e9c\u00e8s de mon ami de 30 ans, complice de sc\u00e8ne et pianiste Richard Bonnot\u00a0\u00bb<\/em>, \u00e9crit l\u2019humoriste et acteur G\u00e9rald Dahan le mardi 28&nbsp;octobre.<\/p>\n<h2 class=\"txt-int\">Il avait rejoint les Charlots en 1986<\/h2>\n<p><em>\u00ab\u00a0J\u2019adresse ici officiellement mes condol\u00e9ances \u00e0 ses deux fils et fr\u00e8res jumeaux Oscar et Arthur, mes filleuls, et enfants de ma partenaire des #Minikeums Lucile Gaut, qui ont h\u00e9rit\u00e9 d\u2019une fibre artistique singuli\u00e8re\u00a0\u00bb<\/em>, ajoute G\u00e9rald Dahan<\/p>\n<p>N\u00e9&nbsp;en 1957, Richard Bonnot avait rejoint <em>\u00ab\u00a0Les Charlots\u00a0\u00bb<\/em> en 1986 apr\u00e8s le d\u00e9part de&nbsp;l\u2019acteur fran\u00e7ais G\u00e9rard Rinaldi, qui avait d\u00e9cid\u00e9 de quitter le groupe.<\/p>\n<\/p><\/div>\n<p>La chronique se veut g\u00e9n\u00e9r\u00e9e de la fa\u00e7on la plus claire que possible. Dans le cas o\u00f9 vous souhaitez pr\u00e9senter des renseignements compl\u00e9mentaires \u00e0 cet article sur le sujet \u00ab\u00a0Fr\u00e8res jumeaux de l&rsquo;Essonnes\u00a0\u00bb il vous est possible d\u2019\u00e9crire aux contacts indiqu\u00e9s sur notre website. La raison d\u2019\u00eatre de jumeaux91.fr \u00e9tant de rassembler sur le web des posts sur le sujet de Fr\u00e8res jumeaux de l&rsquo;Essonnes puis les diffuser en r\u00e9pondant au mieux aux interrogations des gens. Vous pouvez tirer profit de cet article traitant le sujet \u00ab\u00a0Fr\u00e8res jumeaux de l&rsquo;Essonnes\u00a0\u00bb. Il est concoct\u00e9 par l\u2019\u00e9quipe jumeaux91.fr. Prochainement, nous rendrons accessibles au public d&rsquo;autres informations pertinentes sur le sujet \u00ab\u00a0Fr\u00e8res jumeaux de l&rsquo;Essonnes\u00a0\u00bb. Alors, consultez syst\u00e9matiquement notre blog.<\/p>\n","protected":false},"excerpt":{"rendered":"<p>Richard Bonnot, musicien, chanteur et ancien membre du groupe comique \u00ab\u00a0Les Charlots\u00a0\u00bb, est d\u00e9c\u00e9d\u00e9 \u00e0 l\u2019\u00e2ge de 77 ans, a annonc\u00e9 son ami G\u00e9rald Dahan le 28&nbsp;octobre 2025 sur Facebook. Richard Bonnot, ancien membre des Charlots est d\u00e9c\u00e9d\u00e9, a-t-on appris le 28&nbsp;octobre dernier. \u00ab\u00a0Immense tristesse\u00a0\u00bb L\u2019auteur, compositeur, interpr\u00e8te et membre du groupe parodique \u00ab\u00a0Les Charlots\u00a0\u00bb,&hellip; <a class=\"more-link\" href=\"https:\/\/jumeaux91.fr\/blog\/mort-de-richard-bonnot-lancien-membre-du-groupe-les-charlots-est-decede-a-lage-de-77-ans\/\">Poursuivre la lecture <span class=\"screen-reader-text\">Mort de Richard Bonnot : l\u2019ancien membre du groupe \u00ab\u00a0Les Charlots\u00a0\u00bb est d\u00e9c\u00e9d\u00e9 \u00e0 l\u2019\u00e2ge de 77 ans<\/span><\/a><\/p>\n","protected":false},"author":2,"featured_media":1840,"comment_status":"closed","ping_status":"closed","sticky":false,"template":"","format":"standard","meta":{"footnotes":""},"categories":[4],"tags":[],"class_list":["post-1839","post","type-post","status-publish","format-standard","has-post-thumbnail","hentry","category-posts-freres-jumeaux-de-lessonnes","entry"],"yoast_head":"<!-- This site is optimized with the Yoast SEO plugin v27.5 - https:\/\/yoast.com\/product\/yoast-seo-wordpress\/ -->\n<title>Mort de Richard Bonnot : l\u2019ancien membre du groupe &quot;Les Charlots&quot; est d\u00e9c\u00e9d\u00e9 \u00e0 l\u2019\u00e2ge de 77 ans - JUMEAUX91<\/title>\n<meta name=\"robots\" content=\"index, follow, max-snippet:-1, max-image-preview:large, max-video-preview:-1\" \/>\n<link rel=\"canonical\" href=\"https:\/\/jumeaux91.fr\/blog\/mort-de-richard-bonnot-lancien-membre-du-groupe-les-charlots-est-decede-a-lage-de-77-ans\/\" \/>\n<meta property=\"og:locale\" content=\"fr_FR\" \/>\n<meta property=\"og:type\" content=\"article\" \/>\n<meta property=\"og:title\" content=\"Mort de Richard Bonnot : l\u2019ancien membre du groupe &quot;Les Charlots&quot; est d\u00e9c\u00e9d\u00e9 \u00e0 l\u2019\u00e2ge de 77 ans - JUMEAUX91\" \/>\n<meta property=\"og:description\" content=\"Richard Bonnot, musicien, chanteur et ancien membre du groupe comique \u00ab\u00a0Les Charlots\u00a0\u00bb, est d\u00e9c\u00e9d\u00e9 \u00e0 l\u2019\u00e2ge de 77 ans, a annonc\u00e9 son ami G\u00e9rald Dahan le 28&nbsp;octobre 2025 sur Facebook. Richard Bonnot, ancien membre des Charlots est d\u00e9c\u00e9d\u00e9, a-t-on appris le 28&nbsp;octobre dernier. \u00ab\u00a0Immense tristesse\u00a0\u00bb L\u2019auteur, compositeur, interpr\u00e8te et membre du groupe parodique \u00ab\u00a0Les Charlots\u00a0\u00bb,&hellip; Poursuivre la lecture Mort de Richard Bonnot : l\u2019ancien membre du groupe \u00ab\u00a0Les Charlots\u00a0\u00bb est d\u00e9c\u00e9d\u00e9 \u00e0 l\u2019\u00e2ge de 77 ans\" \/>\n<meta property=\"og:url\" content=\"https:\/\/jumeaux91.fr\/blog\/mort-de-richard-bonnot-lancien-membre-du-groupe-les-charlots-est-decede-a-lage-de-77-ans\/\" \/>\n<meta property=\"og:site_name\" content=\"JUMEAUX91\" \/>\n<meta property=\"article:published_time\" content=\"2025-10-30T22:49:00+00:00\" \/>\n<meta property=\"og:image\" content=\"https:\/\/jumeaux91.fr\/blog\/wp-content\/uploads\/2025\/10\/mort-de-richard-bonnot-lancien-membre-du-groupe-les-charlots-est-decede-a-lage-de-77-ans.jpg\" \/>\n<meta name=\"author\" content=\"Claude DAYRES\" \/>\n<meta name=\"twitter:card\" content=\"summary_large_image\" \/>\n<meta name=\"twitter:label1\" content=\"\u00c9crit par\" \/>\n\t<meta name=\"twitter:data1\" content=\"Claude DAYRES\" \/>\n\t<meta name=\"twitter:label2\" content=\"Dur\u00e9e de lecture estim\u00e9e\" \/>\n\t<meta name=\"twitter:data2\" content=\"2 minutes\" \/>\n<script type=\"application\/ld+json\" class=\"yoast-schema-graph\">{\"@context\":\"https:\\\/\\\/schema.org\",\"@graph\":[{\"@type\":\"Article\",\"@id\":\"https:\\\/\\\/jumeaux91.fr\\\/blog\\\/mort-de-richard-bonnot-lancien-membre-du-groupe-les-charlots-est-decede-a-lage-de-77-ans\\\/#article\",\"isPartOf\":{\"@id\":\"https:\\\/\\\/jumeaux91.fr\\\/blog\\\/mort-de-richard-bonnot-lancien-membre-du-groupe-les-charlots-est-decede-a-lage-de-77-ans\\\/\"},\"author\":{\"name\":\"Claude DAYRES\",\"@id\":\"https:\\\/\\\/jumeaux91.fr\\\/blog\\\/#\\\/schema\\\/person\\\/21da06e9f119b9f64e5d45dbbd32d3fb\"},\"headline\":\"Mort de Richard Bonnot : l\u2019ancien membre du groupe \u00ab\u00a0Les Charlots\u00a0\u00bb est d\u00e9c\u00e9d\u00e9 \u00e0 l\u2019\u00e2ge de 77 ans\",\"datePublished\":\"2025-10-30T22:49:00+00:00\",\"mainEntityOfPage\":{\"@id\":\"https:\\\/\\\/jumeaux91.fr\\\/blog\\\/mort-de-richard-bonnot-lancien-membre-du-groupe-les-charlots-est-decede-a-lage-de-77-ans\\\/\"},\"wordCount\":357,\"publisher\":{\"@id\":\"https:\\\/\\\/jumeaux91.fr\\\/blog\\\/#organization\"},\"image\":{\"@id\":\"https:\\\/\\\/jumeaux91.fr\\\/blog\\\/mort-de-richard-bonnot-lancien-membre-du-groupe-les-charlots-est-decede-a-lage-de-77-ans\\\/#primaryimage\"},\"thumbnailUrl\":\"https:\\\/\\\/jumeaux91.fr\\\/blog\\\/wp-content\\\/uploads\\\/2025\\\/10\\\/mort-de-richard-bonnot-lancien-membre-du-groupe-les-charlots-est-decede-a-lage-de-77-ans.jpg\",\"articleSection\":[\"Posts Fr\u00e8res Jumeaux De L'Essonnes:\"],\"inLanguage\":\"fr-FR\"},{\"@type\":\"WebPage\",\"@id\":\"https:\\\/\\\/jumeaux91.fr\\\/blog\\\/mort-de-richard-bonnot-lancien-membre-du-groupe-les-charlots-est-decede-a-lage-de-77-ans\\\/\",\"url\":\"https:\\\/\\\/jumeaux91.fr\\\/blog\\\/mort-de-richard-bonnot-lancien-membre-du-groupe-les-charlots-est-decede-a-lage-de-77-ans\\\/\",\"name\":\"Mort de Richard Bonnot : l\u2019ancien membre du groupe \\\"Les Charlots\\\" est d\u00e9c\u00e9d\u00e9 \u00e0 l\u2019\u00e2ge de 77 ans - JUMEAUX91\",\"isPartOf\":{\"@id\":\"https:\\\/\\\/jumeaux91.fr\\\/blog\\\/#website\"},\"primaryImageOfPage\":{\"@id\":\"https:\\\/\\\/jumeaux91.fr\\\/blog\\\/mort-de-richard-bonnot-lancien-membre-du-groupe-les-charlots-est-decede-a-lage-de-77-ans\\\/#primaryimage\"},\"image\":{\"@id\":\"https:\\\/\\\/jumeaux91.fr\\\/blog\\\/mort-de-richard-bonnot-lancien-membre-du-groupe-les-charlots-est-decede-a-lage-de-77-ans\\\/#primaryimage\"},\"thumbnailUrl\":\"https:\\\/\\\/jumeaux91.fr\\\/blog\\\/wp-content\\\/uploads\\\/2025\\\/10\\\/mort-de-richard-bonnot-lancien-membre-du-groupe-les-charlots-est-decede-a-lage-de-77-ans.jpg\",\"datePublished\":\"2025-10-30T22:49:00+00:00\",\"breadcrumb\":{\"@id\":\"https:\\\/\\\/jumeaux91.fr\\\/blog\\\/mort-de-richard-bonnot-lancien-membre-du-groupe-les-charlots-est-decede-a-lage-de-77-ans\\\/#breadcrumb\"},\"inLanguage\":\"fr-FR\",\"potentialAction\":[{\"@type\":\"ReadAction\",\"target\":[\"https:\\\/\\\/jumeaux91.fr\\\/blog\\\/mort-de-richard-bonnot-lancien-membre-du-groupe-les-charlots-est-decede-a-lage-de-77-ans\\\/\"]}]},{\"@type\":\"ImageObject\",\"inLanguage\":\"fr-FR\",\"@id\":\"https:\\\/\\\/jumeaux91.fr\\\/blog\\\/mort-de-richard-bonnot-lancien-membre-du-groupe-les-charlots-est-decede-a-lage-de-77-ans\\\/#primaryimage\",\"url\":\"https:\\\/\\\/jumeaux91.fr\\\/blog\\\/wp-content\\\/uploads\\\/2025\\\/10\\\/mort-de-richard-bonnot-lancien-membre-du-groupe-les-charlots-est-decede-a-lage-de-77-ans.jpg\",\"contentUrl\":\"https:\\\/\\\/jumeaux91.fr\\\/blog\\\/wp-content\\\/uploads\\\/2025\\\/10\\\/mort-de-richard-bonnot-lancien-membre-du-groupe-les-charlots-est-decede-a-lage-de-77-ans.jpg\",\"width\":1200,\"height\":500,\"caption\":\"Mort de Richard Bonnot : l\u2019ancien membre du groupe \\\"Les Charlots\\\" est d\u00e9c\u00e9d\u00e9 \u00e0 l\u2019\u00e2ge de 77 ans\"},{\"@type\":\"BreadcrumbList\",\"@id\":\"https:\\\/\\\/jumeaux91.fr\\\/blog\\\/mort-de-richard-bonnot-lancien-membre-du-groupe-les-charlots-est-decede-a-lage-de-77-ans\\\/#breadcrumb\",\"itemListElement\":[{\"@type\":\"ListItem\",\"position\":1,\"name\":\"Accueil\",\"item\":\"https:\\\/\\\/jumeaux91.fr\\\/blog\\\/\"},{\"@type\":\"ListItem\",\"position\":2,\"name\":\"Mort de Richard Bonnot : l\u2019ancien membre du groupe \u00ab\u00a0Les Charlots\u00a0\u00bb est d\u00e9c\u00e9d\u00e9 \u00e0 l\u2019\u00e2ge de 77 ans\"}]},{\"@type\":\"WebSite\",\"@id\":\"https:\\\/\\\/jumeaux91.fr\\\/blog\\\/#website\",\"url\":\"https:\\\/\\\/jumeaux91.fr\\\/blog\\\/\",\"name\":\"JUMEAUX91\",\"description\":\"Fr\u00e8res jumeaux de l&#039;Essonnes; informations et archives, \u00e0 savoir et retenir.\",\"publisher\":{\"@id\":\"https:\\\/\\\/jumeaux91.fr\\\/blog\\\/#organization\"},\"potentialAction\":[{\"@type\":\"SearchAction\",\"target\":{\"@type\":\"EntryPoint\",\"urlTemplate\":\"https:\\\/\\\/jumeaux91.fr\\\/blog\\\/?s={search_term_string}\"},\"query-input\":{\"@type\":\"PropertyValueSpecification\",\"valueRequired\":true,\"valueName\":\"search_term_string\"}}],\"inLanguage\":\"fr-FR\"},{\"@type\":\"Organization\",\"@id\":\"https:\\\/\\\/jumeaux91.fr\\\/blog\\\/#organization\",\"name\":\"jumeaux91\",\"url\":\"https:\\\/\\\/jumeaux91.fr\\\/blog\\\/\",\"logo\":{\"@type\":\"ImageObject\",\"inLanguage\":\"fr-FR\",\"@id\":\"https:\\\/\\\/jumeaux91.fr\\\/blog\\\/#\\\/schema\\\/logo\\\/image\\\/\",\"url\":\"https:\\\/\\\/jumeaux91.fr\\\/blog\\\/wp-content\\\/uploads\\\/2023\\\/05\\\/cropped-cropped-logoJ_91.png\",\"contentUrl\":\"https:\\\/\\\/jumeaux91.fr\\\/blog\\\/wp-content\\\/uploads\\\/2023\\\/05\\\/cropped-cropped-logoJ_91.png\",\"width\":512,\"height\":512,\"caption\":\"jumeaux91\"},\"image\":{\"@id\":\"https:\\\/\\\/jumeaux91.fr\\\/blog\\\/#\\\/schema\\\/logo\\\/image\\\/\"}},{\"@type\":\"Person\",\"@id\":\"https:\\\/\\\/jumeaux91.fr\\\/blog\\\/#\\\/schema\\\/person\\\/21da06e9f119b9f64e5d45dbbd32d3fb\",\"name\":\"Claude DAYRES\",\"image\":{\"@type\":\"ImageObject\",\"inLanguage\":\"fr-FR\",\"@id\":\"https:\\\/\\\/secure.gravatar.com\\\/avatar\\\/82eb951df6110a2c48d1bfa7a67d1ee6f0cd5df3cbf9c3586dd61e82db7172a5?s=96&d=mm&r=g\",\"url\":\"https:\\\/\\\/secure.gravatar.com\\\/avatar\\\/82eb951df6110a2c48d1bfa7a67d1ee6f0cd5df3cbf9c3586dd61e82db7172a5?s=96&d=mm&r=g\",\"contentUrl\":\"https:\\\/\\\/secure.gravatar.com\\\/avatar\\\/82eb951df6110a2c48d1bfa7a67d1ee6f0cd5df3cbf9c3586dd61e82db7172a5?s=96&d=mm&r=g\",\"caption\":\"Claude DAYRES\"},\"url\":\"https:\\\/\\\/jumeaux91.fr\\\/blog\\\/author\\\/x91claude\\\/\"}]}<\/script>\n<!-- \/ Yoast SEO plugin. -->","yoast_head_json":{"title":"Mort de Richard Bonnot : l\u2019ancien membre du groupe \"Les Charlots\" est d\u00e9c\u00e9d\u00e9 \u00e0 l\u2019\u00e2ge de 77 ans - JUMEAUX91","robots":{"index":"index","follow":"follow","max-snippet":"max-snippet:-1","max-image-preview":"max-image-preview:large","max-video-preview":"max-video-preview:-1"},"canonical":"https:\/\/jumeaux91.fr\/blog\/mort-de-richard-bonnot-lancien-membre-du-groupe-les-charlots-est-decede-a-lage-de-77-ans\/","og_locale":"fr_FR","og_type":"article","og_title":"Mort de Richard Bonnot : l\u2019ancien membre du groupe \"Les Charlots\" est d\u00e9c\u00e9d\u00e9 \u00e0 l\u2019\u00e2ge de 77 ans - JUMEAUX91","og_description":"Richard Bonnot, musicien, chanteur et ancien membre du groupe comique \u00ab\u00a0Les Charlots\u00a0\u00bb, est d\u00e9c\u00e9d\u00e9 \u00e0 l\u2019\u00e2ge de 77 ans, a annonc\u00e9 son ami G\u00e9rald Dahan le 28&nbsp;octobre 2025 sur Facebook. Richard Bonnot, ancien membre des Charlots est d\u00e9c\u00e9d\u00e9, a-t-on appris le 28&nbsp;octobre dernier. \u00ab\u00a0Immense tristesse\u00a0\u00bb L\u2019auteur, compositeur, interpr\u00e8te et membre du groupe parodique \u00ab\u00a0Les Charlots\u00a0\u00bb,&hellip; Poursuivre la lecture Mort de Richard Bonnot : l\u2019ancien membre du groupe \u00ab\u00a0Les Charlots\u00a0\u00bb est d\u00e9c\u00e9d\u00e9 \u00e0 l\u2019\u00e2ge de 77 ans","og_url":"https:\/\/jumeaux91.fr\/blog\/mort-de-richard-bonnot-lancien-membre-du-groupe-les-charlots-est-decede-a-lage-de-77-ans\/","og_site_name":"JUMEAUX91","article_published_time":"2025-10-30T22:49:00+00:00","og_image":[{"url":"https:\/\/jumeaux91.fr\/blog\/wp-content\/uploads\/2025\/10\/mort-de-richard-bonnot-lancien-membre-du-groupe-les-charlots-est-decede-a-lage-de-77-ans.jpg","type":"","width":"","height":""}],"author":"Claude DAYRES","twitter_card":"summary_large_image","twitter_misc":{"\u00c9crit par":"Claude DAYRES","Dur\u00e9e de lecture estim\u00e9e":"2 minutes"},"schema":{"@context":"https:\/\/schema.org","@graph":[{"@type":"Article","@id":"https:\/\/jumeaux91.fr\/blog\/mort-de-richard-bonnot-lancien-membre-du-groupe-les-charlots-est-decede-a-lage-de-77-ans\/#article","isPartOf":{"@id":"https:\/\/jumeaux91.fr\/blog\/mort-de-richard-bonnot-lancien-membre-du-groupe-les-charlots-est-decede-a-lage-de-77-ans\/"},"author":{"name":"Claude DAYRES","@id":"https:\/\/jumeaux91.fr\/blog\/#\/schema\/person\/21da06e9f119b9f64e5d45dbbd32d3fb"},"headline":"Mort de Richard Bonnot : l\u2019ancien membre du groupe \u00ab\u00a0Les Charlots\u00a0\u00bb est d\u00e9c\u00e9d\u00e9 \u00e0 l\u2019\u00e2ge de 77 ans","datePublished":"2025-10-30T22:49:00+00:00","mainEntityOfPage":{"@id":"https:\/\/jumeaux91.fr\/blog\/mort-de-richard-bonnot-lancien-membre-du-groupe-les-charlots-est-decede-a-lage-de-77-ans\/"},"wordCount":357,"publisher":{"@id":"https:\/\/jumeaux91.fr\/blog\/#organization"},"image":{"@id":"https:\/\/jumeaux91.fr\/blog\/mort-de-richard-bonnot-lancien-membre-du-groupe-les-charlots-est-decede-a-lage-de-77-ans\/#primaryimage"},"thumbnailUrl":"https:\/\/jumeaux91.fr\/blog\/wp-content\/uploads\/2025\/10\/mort-de-richard-bonnot-lancien-membre-du-groupe-les-charlots-est-decede-a-lage-de-77-ans.jpg","articleSection":["Posts Fr\u00e8res Jumeaux De L'Essonnes:"],"inLanguage":"fr-FR"},{"@type":"WebPage","@id":"https:\/\/jumeaux91.fr\/blog\/mort-de-richard-bonnot-lancien-membre-du-groupe-les-charlots-est-decede-a-lage-de-77-ans\/","url":"https:\/\/jumeaux91.fr\/blog\/mort-de-richard-bonnot-lancien-membre-du-groupe-les-charlots-est-decede-a-lage-de-77-ans\/","name":"Mort de Richard Bonnot : l\u2019ancien membre du groupe \"Les Charlots\" est d\u00e9c\u00e9d\u00e9 \u00e0 l\u2019\u00e2ge de 77 ans - JUMEAUX91","isPartOf":{"@id":"https:\/\/jumeaux91.fr\/blog\/#website"},"primaryImageOfPage":{"@id":"https:\/\/jumeaux91.fr\/blog\/mort-de-richard-bonnot-lancien-membre-du-groupe-les-charlots-est-decede-a-lage-de-77-ans\/#primaryimage"},"image":{"@id":"https:\/\/jumeaux91.fr\/blog\/mort-de-richard-bonnot-lancien-membre-du-groupe-les-charlots-est-decede-a-lage-de-77-ans\/#primaryimage"},"thumbnailUrl":"https:\/\/jumeaux91.fr\/blog\/wp-content\/uploads\/2025\/10\/mort-de-richard-bonnot-lancien-membre-du-groupe-les-charlots-est-decede-a-lage-de-77-ans.jpg","datePublished":"2025-10-30T22:49:00+00:00","breadcrumb":{"@id":"https:\/\/jumeaux91.fr\/blog\/mort-de-richard-bonnot-lancien-membre-du-groupe-les-charlots-est-decede-a-lage-de-77-ans\/#breadcrumb"},"inLanguage":"fr-FR","potentialAction":[{"@type":"ReadAction","target":["https:\/\/jumeaux91.fr\/blog\/mort-de-richard-bonnot-lancien-membre-du-groupe-les-charlots-est-decede-a-lage-de-77-ans\/"]}]},{"@type":"ImageObject","inLanguage":"fr-FR","@id":"https:\/\/jumeaux91.fr\/blog\/mort-de-richard-bonnot-lancien-membre-du-groupe-les-charlots-est-decede-a-lage-de-77-ans\/#primaryimage","url":"https:\/\/jumeaux91.fr\/blog\/wp-content\/uploads\/2025\/10\/mort-de-richard-bonnot-lancien-membre-du-groupe-les-charlots-est-decede-a-lage-de-77-ans.jpg","contentUrl":"https:\/\/jumeaux91.fr\/blog\/wp-content\/uploads\/2025\/10\/mort-de-richard-bonnot-lancien-membre-du-groupe-les-charlots-est-decede-a-lage-de-77-ans.jpg","width":1200,"height":500,"caption":"Mort de Richard Bonnot : l\u2019ancien membre du groupe \"Les Charlots\" est d\u00e9c\u00e9d\u00e9 \u00e0 l\u2019\u00e2ge de 77 ans"},{"@type":"BreadcrumbList","@id":"https:\/\/jumeaux91.fr\/blog\/mort-de-richard-bonnot-lancien-membre-du-groupe-les-charlots-est-decede-a-lage-de-77-ans\/#breadcrumb","itemListElement":[{"@type":"ListItem","position":1,"name":"Accueil","item":"https:\/\/jumeaux91.fr\/blog\/"},{"@type":"ListItem","position":2,"name":"Mort de Richard Bonnot : l\u2019ancien membre du groupe \u00ab\u00a0Les Charlots\u00a0\u00bb est d\u00e9c\u00e9d\u00e9 \u00e0 l\u2019\u00e2ge de 77 ans"}]},{"@type":"WebSite","@id":"https:\/\/jumeaux91.fr\/blog\/#website","url":"https:\/\/jumeaux91.fr\/blog\/","name":"JUMEAUX91","description":"Fr\u00e8res jumeaux de l&#039;Essonnes; informations et archives, \u00e0 savoir et retenir.","publisher":{"@id":"https:\/\/jumeaux91.fr\/blog\/#organization"},"potentialAction":[{"@type":"SearchAction","target":{"@type":"EntryPoint","urlTemplate":"https:\/\/jumeaux91.fr\/blog\/?s={search_term_string}"},"query-input":{"@type":"PropertyValueSpecification","valueRequired":true,"valueName":"search_term_string"}}],"inLanguage":"fr-FR"},{"@type":"Organization","@id":"https:\/\/jumeaux91.fr\/blog\/#organization","name":"jumeaux91","url":"https:\/\/jumeaux91.fr\/blog\/","logo":{"@type":"ImageObject","inLanguage":"fr-FR","@id":"https:\/\/jumeaux91.fr\/blog\/#\/schema\/logo\/image\/","url":"https:\/\/jumeaux91.fr\/blog\/wp-content\/uploads\/2023\/05\/cropped-cropped-logoJ_91.png","contentUrl":"https:\/\/jumeaux91.fr\/blog\/wp-content\/uploads\/2023\/05\/cropped-cropped-logoJ_91.png","width":512,"height":512,"caption":"jumeaux91"},"image":{"@id":"https:\/\/jumeaux91.fr\/blog\/#\/schema\/logo\/image\/"}},{"@type":"Person","@id":"https:\/\/jumeaux91.fr\/blog\/#\/schema\/person\/21da06e9f119b9f64e5d45dbbd32d3fb","name":"Claude DAYRES","image":{"@type":"ImageObject","inLanguage":"fr-FR","@id":"https:\/\/secure.gravatar.com\/avatar\/82eb951df6110a2c48d1bfa7a67d1ee6f0cd5df3cbf9c3586dd61e82db7172a5?s=96&d=mm&r=g","url":"https:\/\/secure.gravatar.com\/avatar\/82eb951df6110a2c48d1bfa7a67d1ee6f0cd5df3cbf9c3586dd61e82db7172a5?s=96&d=mm&r=g","contentUrl":"https:\/\/secure.gravatar.com\/avatar\/82eb951df6110a2c48d1bfa7a67d1ee6f0cd5df3cbf9c3586dd61e82db7172a5?s=96&d=mm&r=g","caption":"Claude DAYRES"},"url":"https:\/\/jumeaux91.fr\/blog\/author\/x91claude\/"}]}},"_links":{"self":[{"href":"https:\/\/jumeaux91.fr\/blog\/wp-json\/wp\/v2\/posts\/1839","targetHints":{"allow":["GET"]}}],"collection":[{"href":"https:\/\/jumeaux91.fr\/blog\/wp-json\/wp\/v2\/posts"}],"about":[{"href":"https:\/\/jumeaux91.fr\/blog\/wp-json\/wp\/v2\/types\/post"}],"author":[{"embeddable":true,"href":"https:\/\/jumeaux91.fr\/blog\/wp-json\/wp\/v2\/users\/2"}],"replies":[{"embeddable":true,"href":"https:\/\/jumeaux91.fr\/blog\/wp-json\/wp\/v2\/comments?post=1839"}],"version-history":[{"count":0,"href":"https:\/\/jumeaux91.fr\/blog\/wp-json\/wp\/v2\/posts\/1839\/revisions"}],"wp:featuredmedia":[{"embeddable":true,"href":"https:\/\/jumeaux91.fr\/blog\/wp-json\/wp\/v2\/media\/1840"}],"wp:attachment":[{"href":"https:\/\/jumeaux91.fr\/blog\/wp-json\/wp\/v2\/media?parent=1839"}],"wp:term":[{"taxonomy":"category","embeddable":true,"href":"https:\/\/jumeaux91.fr\/blog\/wp-json\/wp\/v2\/categories?post=1839"},{"taxonomy":"post_tag","embeddable":true,"href":"https:\/\/jumeaux91.fr\/blog\/wp-json\/wp\/v2\/tags?post=1839"}],"curies":[{"name":"wp","href":"https:\/\/api.w.org\/{rel}","templated":true}]}}