{"id":1856,"date":"2015-09-12T21:27:00","date_gmt":"2015-09-12T20:27:00","guid":{"rendered":"https:\/\/jumeaux91.fr\/blog\/les-freres-leccese-jumeaux-et-adversaires-dun-jour\/"},"modified":"2015-09-12T21:27:00","modified_gmt":"2015-09-12T20:27:00","slug":"les-freres-leccese-jumeaux-et-adversaires-dun-jour","status":"publish","type":"post","link":"https:\/\/jumeaux91.fr\/blog\/les-freres-leccese-jumeaux-et-adversaires-dun-jour\/","title":{"rendered":"Les fr\u00e8res Leccese, jumeaux et adversaires d&rsquo;un jour"},"content":{"rendered":"<div><img decoding=\"async\" src=\"https:\/\/jumeaux91.fr\/blog\/wp-content\/uploads\/2025\/11\/les-freres-leccese-jumeaux-et-adversaires-dun-jour.jpg\" class=\"ff-og-image-inserted\"><\/div>\n<div class=\"body-text\">\n<p>L&rsquo;un est droitier, l&rsquo;autre gaucher. Le premier est n\u00e9 le 24 septembre, \u00e0 23h50 ; le second le 25, \u00e0 00h10. L&rsquo;un \u00e9tait meneur de jeu, l&rsquo;autre d\u00e9fenseur. Et pourtant&#8230; Laurent et Ludovic Leccese sont fr\u00e8res, <em>\u00ab\u00a0de vrais jumeaux\u00a0\u00bb<\/em> m\u00eame, et seront oppos\u00e9s l&rsquo;un \u00e0 l&rsquo;autre cet apr\u00e8s-midi lors du derby entre l&rsquo;ES La Ciotat et le SO Cassis, qui se jouera sur la pelouse du Pignier. Une rencontre particuli\u00e8re \u00e0 plus d&rsquo;un titre pour les deux fr\u00e8res Leccese.<\/p>\n<\/div>\n<div class=\"body-text\">\n<p>D&rsquo;abord parce que ce sera <em>\u00ab\u00a0la premi\u00e8re fois que l&rsquo;on va jouer l&rsquo;un contre l&rsquo;autre\u00a0\u00bb<\/em>, sourient-ils, eux qui ont souvent jou\u00e9 ensemble \u00e0 Cassis, St-Cyr et La Ciotat. <em>\u00ab\u00a0On se conna\u00eet par coeur, on sait comment on va jouer et comment on va essayer de motiver notre \u00e9quipe\u00a0\u00bb<\/em>, assure Laurent, entra\u00eeneur de l&rsquo;ES La Ciotat.<\/p>\n<\/div>\n<div class=\"body-text\">\n<p>Ensuite, parce que Ludovic, entra\u00eeneur-joueur du SO Cassis, va retrouver son ancien club, ses ex-co\u00e9quipiers, mais \u00e9galement un&#8230; autre membre de sa famille, Xavier, son petit fr\u00e8re. <em>\u00ab\u00a0Je connais toute l&rsquo;\u00e9quipe, certains joueurs sont des amis, ce sont tous mes anciens partenaires et puis&#8230; Il y a mes deux fr\u00e8res et je sais que Laurent<\/em> (Leccese)<em> va inventer quelque chose tactiquement\u00a0\u00bb<\/em>, poursuit Ludovic dans un \u00e9clat de rire.<\/p>\n<\/div>\n<div class=\"body-text\">\n<p>Enfin, parce que ce 3e tour de coupe de France entre Cassis et La Ciotat va replonger les deux villes dans leur glorieux pass\u00e9 respectif. <em>\u00ab\u00a0Pour moi, c&rsquo;est un Milan-Inter en Italie\u00a0\u00bb<\/em>, s&#8217;emporte un brin Laurent.<\/p>\n<\/div>\n<div class=\"body-text\">\n<p><strong>La Ciotat favorite<\/strong><\/p>\n<\/div>\n<div class=\"body-text\">\n<p>Hasard du calendrier, le derby milanais se dispute \u00e9galement ce soir. Un peu plus t\u00f4t dans l&rsquo;apr\u00e8s-midi, Cassidains et Ciotadens s&rsquo;en seront donn\u00e9 \u00e0 coeur joie.<\/p>\n<\/div>\n<div class=\"body-text\">\n<p><em>\u00ab\u00a0J&rsquo;ai vu na\u00eetre Laurent et Ludovic,<\/em> raconte Renault Vaschetto, le pr\u00e9sident de Cassis. <em>Quand j&rsquo;ai vu qu&rsquo;on avait tir\u00e9 La Ciotat, je me suis d&rsquo;abord dit que le match n&rsquo;irait pas \u00e0 son terme&#8230; Mais avec du recul, je pense que \u00e7a va \u00eatre une belle f\u00eate pour le football.\u00a0\u00bb<\/em><\/p>\n<\/div>\n<div class=\"body-text\">\n<p>Mais au-del\u00e0 de ces rivalit\u00e9s de clocher, l&rsquo;enjeu de la rencontre reste de taille pour Cassis et La Ciotat, deux \u00e9quipes qui \u00e9voluent respectivement en Promotion de Premi\u00e8re Division et en PHA, avec un 4e tour de coupe de France en ligne de mire. <em>\u00ab\u00a0On est favoris,<\/em> assume Laurent Leccese, le coach ciotaden. <em>On a beaucoup de respect pour Cassis, mais on n&rsquo;a pas le droit de perdre si on veut avoir des pr\u00e9tentions en PHA.\u00a0\u00bb<\/em><em>\u00ab\u00a0Pour nous, c&rsquo;est du bonus,<\/em> estime Ludovic. <em>On a fait un exploit face \u00e0 Venelles au 2e tour<\/em> (1-2) <em>et si on gagne, ce sera un miracle.\u00a0\u00bb<\/em><\/p>\n<\/div>\n<div class=\"body-text\">\n<p>Mais une chose est s\u00fbre. <em>\u00ab\u00a0Celui qui perd va en entendre parler pendant longtemps<\/em>\u00ab\u00a0, assure Laurent. <em>\u00ab\u00a0Jusqu&rsquo;\u00e0 la fin de sa vie\u00a0\u00bb<\/em>, conclut Ludovic.<\/p>\n<\/div>\n<p><h2>&nbsp;<\/h2>\n<\/p>\n<section class=\"relative z-10\"><\/section>\n<div class=\"body-text\">\n<p><strong>Coupe de France, 3e tour.&nbsp;<\/strong><strong>SO Cassis &#8211; ES La Ciotat.<\/strong><br \/><strong>Arbitre :<\/strong> M. Chakrouni assist\u00e9 de&nbsp;MM. Epinoux et Ben Amor.&nbsp;<strong>D\u00e9l\u00e9gu\u00e9 :<\/strong> Mme Tomassone.<br \/><strong>SO Cassis :<\/strong> Machares (g.) &#8211; C. Moscardini,&nbsp;Alonza, Abdou, Boussekine,&nbsp;Y. Moscardini, L. Leccese, Houmadi,&nbsp;Artufel, Gossart, Lopes, M&rsquo;Dere, Senedal, Benferhat, Fabiano, Vives.<br \/><strong>Entra\u00eeneur :<\/strong> Ludovic Leccese.<br \/><strong>SC La Ciotat :<\/strong> Lefebvre, Rossi (g.) &#8211;&nbsp;Martinez, Porlier, X. Leccese, Sanchez,&nbsp;N. Perrin, Devigne, R. Perrin, Posalski,&nbsp;N. Tassaro, G. Tassaro, Rafin, Jouen,&nbsp;Fabre, Haryouly.<br \/><strong>Entra\u00eeneur :<\/strong> Laurent Leccese.<\/p>\n<\/div>\n<p>La chronique se veut g\u00e9n\u00e9r\u00e9e de la fa\u00e7on la plus claire que possible. Dans le cas o\u00f9 vous souhaitez pr\u00e9senter des renseignements compl\u00e9mentaires \u00e0 cet article sur le sujet \u00ab\u00a0Fr\u00e8res jumeaux de l&rsquo;Essonnes\u00a0\u00bb il vous est possible d\u2019\u00e9crire aux contacts indiqu\u00e9s sur notre website. La raison d\u2019\u00eatre de jumeaux91.fr \u00e9tant de rassembler sur le web des posts sur le sujet de Fr\u00e8res jumeaux de l&rsquo;Essonnes puis les diffuser en r\u00e9pondant au mieux aux interrogations des gens. Vous pouvez tirer profit de cet article traitant le sujet \u00ab\u00a0Fr\u00e8res jumeaux de l&rsquo;Essonnes\u00a0\u00bb. Il est concoct\u00e9 par l\u2019\u00e9quipe jumeaux91.fr. Prochainement, nous rendrons accessibles au public d&rsquo;autres informations pertinentes sur le sujet \u00ab\u00a0Fr\u00e8res jumeaux de l&rsquo;Essonnes\u00a0\u00bb. Alors, consultez syst\u00e9matiquement notre blog.<\/p>\n","protected":false},"excerpt":{"rendered":"<p>L&rsquo;un est droitier, l&rsquo;autre gaucher. Le premier est n\u00e9 le 24 septembre, \u00e0 23h50 ; le second le 25, \u00e0 00h10. L&rsquo;un \u00e9tait meneur de jeu, l&rsquo;autre d\u00e9fenseur. Et pourtant&#8230; Laurent et Ludovic Leccese sont fr\u00e8res, \u00ab\u00a0de vrais jumeaux\u00a0\u00bb m\u00eame, et seront oppos\u00e9s l&rsquo;un \u00e0 l&rsquo;autre cet apr\u00e8s-midi lors du derby entre l&rsquo;ES La Ciotat&hellip; <a class=\"more-link\" href=\"https:\/\/jumeaux91.fr\/blog\/les-freres-leccese-jumeaux-et-adversaires-dun-jour\/\">Poursuivre la lecture <span class=\"screen-reader-text\">Les fr\u00e8res Leccese, jumeaux et adversaires d&rsquo;un jour<\/span><\/a><\/p>\n","protected":false},"author":2,"featured_media":1857,"comment_status":"closed","ping_status":"closed","sticky":false,"template":"","format":"standard","meta":{"footnotes":""},"categories":[4],"tags":[],"class_list":["post-1856","post","type-post","status-publish","format-standard","has-post-thumbnail","hentry","category-posts-freres-jumeaux-de-lessonnes","entry"],"yoast_head":"<!-- This site is optimized with the Yoast SEO plugin v27.5 - https:\/\/yoast.com\/product\/yoast-seo-wordpress\/ -->\n<title>Les fr\u00e8res Leccese, jumeaux et adversaires d&#039;un jour - JUMEAUX91<\/title>\n<meta name=\"robots\" content=\"index, follow, max-snippet:-1, max-image-preview:large, max-video-preview:-1\" \/>\n<link rel=\"canonical\" href=\"https:\/\/jumeaux91.fr\/blog\/les-freres-leccese-jumeaux-et-adversaires-dun-jour\/\" \/>\n<meta property=\"og:locale\" content=\"fr_FR\" \/>\n<meta property=\"og:type\" content=\"article\" \/>\n<meta property=\"og:title\" content=\"Les fr\u00e8res Leccese, jumeaux et adversaires d&#039;un jour - JUMEAUX91\" \/>\n<meta property=\"og:description\" content=\"L&rsquo;un est droitier, l&rsquo;autre gaucher. Le premier est n\u00e9 le 24 septembre, \u00e0 23h50 ; le second le 25, \u00e0 00h10. L&rsquo;un \u00e9tait meneur de jeu, l&rsquo;autre d\u00e9fenseur. Et pourtant&#8230; Laurent et Ludovic Leccese sont fr\u00e8res, \u00ab\u00a0de vrais jumeaux\u00a0\u00bb m\u00eame, et seront oppos\u00e9s l&rsquo;un \u00e0 l&rsquo;autre cet apr\u00e8s-midi lors du derby entre l&rsquo;ES La Ciotat&hellip; Poursuivre la lecture Les fr\u00e8res Leccese, jumeaux et adversaires d&rsquo;un jour\" \/>\n<meta property=\"og:url\" content=\"https:\/\/jumeaux91.fr\/blog\/les-freres-leccese-jumeaux-et-adversaires-dun-jour\/\" \/>\n<meta property=\"og:site_name\" content=\"JUMEAUX91\" \/>\n<meta property=\"article:published_time\" content=\"2015-09-12T20:27:00+00:00\" \/>\n<meta property=\"og:image\" content=\"https:\/\/jumeaux91.fr\/blog\/wp-content\/uploads\/2025\/11\/les-freres-leccese-jumeaux-et-adversaires-dun-jour.jpg\" \/>\n<meta name=\"author\" content=\"Claude DAYRES\" \/>\n<meta name=\"twitter:card\" content=\"summary_large_image\" \/>\n<meta name=\"twitter:label1\" content=\"\u00c9crit par\" \/>\n\t<meta name=\"twitter:data1\" content=\"Claude DAYRES\" \/>\n\t<meta name=\"twitter:label2\" content=\"Dur\u00e9e de lecture estim\u00e9e\" \/>\n\t<meta name=\"twitter:data2\" content=\"3 minutes\" \/>\n<script type=\"application\/ld+json\" class=\"yoast-schema-graph\">{\"@context\":\"https:\\\/\\\/schema.org\",\"@graph\":[{\"@type\":\"Article\",\"@id\":\"https:\\\/\\\/jumeaux91.fr\\\/blog\\\/les-freres-leccese-jumeaux-et-adversaires-dun-jour\\\/#article\",\"isPartOf\":{\"@id\":\"https:\\\/\\\/jumeaux91.fr\\\/blog\\\/les-freres-leccese-jumeaux-et-adversaires-dun-jour\\\/\"},\"author\":{\"name\":\"Claude DAYRES\",\"@id\":\"https:\\\/\\\/jumeaux91.fr\\\/blog\\\/#\\\/schema\\\/person\\\/21da06e9f119b9f64e5d45dbbd32d3fb\"},\"headline\":\"Les fr\u00e8res Leccese, jumeaux et adversaires d&rsquo;un jour\",\"datePublished\":\"2015-09-12T20:27:00+00:00\",\"mainEntityOfPage\":{\"@id\":\"https:\\\/\\\/jumeaux91.fr\\\/blog\\\/les-freres-leccese-jumeaux-et-adversaires-dun-jour\\\/\"},\"wordCount\":726,\"publisher\":{\"@id\":\"https:\\\/\\\/jumeaux91.fr\\\/blog\\\/#organization\"},\"image\":{\"@id\":\"https:\\\/\\\/jumeaux91.fr\\\/blog\\\/les-freres-leccese-jumeaux-et-adversaires-dun-jour\\\/#primaryimage\"},\"thumbnailUrl\":\"https:\\\/\\\/jumeaux91.fr\\\/blog\\\/wp-content\\\/uploads\\\/2025\\\/11\\\/les-freres-leccese-jumeaux-et-adversaires-dun-jour.jpg\",\"articleSection\":[\"Posts Fr\u00e8res Jumeaux De L'Essonnes:\"],\"inLanguage\":\"fr-FR\"},{\"@type\":\"WebPage\",\"@id\":\"https:\\\/\\\/jumeaux91.fr\\\/blog\\\/les-freres-leccese-jumeaux-et-adversaires-dun-jour\\\/\",\"url\":\"https:\\\/\\\/jumeaux91.fr\\\/blog\\\/les-freres-leccese-jumeaux-et-adversaires-dun-jour\\\/\",\"name\":\"Les fr\u00e8res Leccese, jumeaux et adversaires d'un jour - JUMEAUX91\",\"isPartOf\":{\"@id\":\"https:\\\/\\\/jumeaux91.fr\\\/blog\\\/#website\"},\"primaryImageOfPage\":{\"@id\":\"https:\\\/\\\/jumeaux91.fr\\\/blog\\\/les-freres-leccese-jumeaux-et-adversaires-dun-jour\\\/#primaryimage\"},\"image\":{\"@id\":\"https:\\\/\\\/jumeaux91.fr\\\/blog\\\/les-freres-leccese-jumeaux-et-adversaires-dun-jour\\\/#primaryimage\"},\"thumbnailUrl\":\"https:\\\/\\\/jumeaux91.fr\\\/blog\\\/wp-content\\\/uploads\\\/2025\\\/11\\\/les-freres-leccese-jumeaux-et-adversaires-dun-jour.jpg\",\"datePublished\":\"2015-09-12T20:27:00+00:00\",\"breadcrumb\":{\"@id\":\"https:\\\/\\\/jumeaux91.fr\\\/blog\\\/les-freres-leccese-jumeaux-et-adversaires-dun-jour\\\/#breadcrumb\"},\"inLanguage\":\"fr-FR\",\"potentialAction\":[{\"@type\":\"ReadAction\",\"target\":[\"https:\\\/\\\/jumeaux91.fr\\\/blog\\\/les-freres-leccese-jumeaux-et-adversaires-dun-jour\\\/\"]}]},{\"@type\":\"ImageObject\",\"inLanguage\":\"fr-FR\",\"@id\":\"https:\\\/\\\/jumeaux91.fr\\\/blog\\\/les-freres-leccese-jumeaux-et-adversaires-dun-jour\\\/#primaryimage\",\"url\":\"https:\\\/\\\/jumeaux91.fr\\\/blog\\\/wp-content\\\/uploads\\\/2025\\\/11\\\/les-freres-leccese-jumeaux-et-adversaires-dun-jour.jpg\",\"contentUrl\":\"https:\\\/\\\/jumeaux91.fr\\\/blog\\\/wp-content\\\/uploads\\\/2025\\\/11\\\/les-freres-leccese-jumeaux-et-adversaires-dun-jour.jpg\",\"width\":1800,\"height\":1279,\"caption\":\"Les fr\u00e8res Leccese, jumeaux et adversaires d'un jour\"},{\"@type\":\"BreadcrumbList\",\"@id\":\"https:\\\/\\\/jumeaux91.fr\\\/blog\\\/les-freres-leccese-jumeaux-et-adversaires-dun-jour\\\/#breadcrumb\",\"itemListElement\":[{\"@type\":\"ListItem\",\"position\":1,\"name\":\"Accueil\",\"item\":\"https:\\\/\\\/jumeaux91.fr\\\/blog\\\/\"},{\"@type\":\"ListItem\",\"position\":2,\"name\":\"Les fr\u00e8res Leccese, jumeaux et adversaires d&rsquo;un jour\"}]},{\"@type\":\"WebSite\",\"@id\":\"https:\\\/\\\/jumeaux91.fr\\\/blog\\\/#website\",\"url\":\"https:\\\/\\\/jumeaux91.fr\\\/blog\\\/\",\"name\":\"JUMEAUX91\",\"description\":\"Fr\u00e8res jumeaux de l&#039;Essonnes; informations et archives, \u00e0 savoir et retenir.\",\"publisher\":{\"@id\":\"https:\\\/\\\/jumeaux91.fr\\\/blog\\\/#organization\"},\"potentialAction\":[{\"@type\":\"SearchAction\",\"target\":{\"@type\":\"EntryPoint\",\"urlTemplate\":\"https:\\\/\\\/jumeaux91.fr\\\/blog\\\/?s={search_term_string}\"},\"query-input\":{\"@type\":\"PropertyValueSpecification\",\"valueRequired\":true,\"valueName\":\"search_term_string\"}}],\"inLanguage\":\"fr-FR\"},{\"@type\":\"Organization\",\"@id\":\"https:\\\/\\\/jumeaux91.fr\\\/blog\\\/#organization\",\"name\":\"jumeaux91\",\"url\":\"https:\\\/\\\/jumeaux91.fr\\\/blog\\\/\",\"logo\":{\"@type\":\"ImageObject\",\"inLanguage\":\"fr-FR\",\"@id\":\"https:\\\/\\\/jumeaux91.fr\\\/blog\\\/#\\\/schema\\\/logo\\\/image\\\/\",\"url\":\"https:\\\/\\\/jumeaux91.fr\\\/blog\\\/wp-content\\\/uploads\\\/2023\\\/05\\\/cropped-cropped-logoJ_91.png\",\"contentUrl\":\"https:\\\/\\\/jumeaux91.fr\\\/blog\\\/wp-content\\\/uploads\\\/2023\\\/05\\\/cropped-cropped-logoJ_91.png\",\"width\":512,\"height\":512,\"caption\":\"jumeaux91\"},\"image\":{\"@id\":\"https:\\\/\\\/jumeaux91.fr\\\/blog\\\/#\\\/schema\\\/logo\\\/image\\\/\"}},{\"@type\":\"Person\",\"@id\":\"https:\\\/\\\/jumeaux91.fr\\\/blog\\\/#\\\/schema\\\/person\\\/21da06e9f119b9f64e5d45dbbd32d3fb\",\"name\":\"Claude DAYRES\",\"image\":{\"@type\":\"ImageObject\",\"inLanguage\":\"fr-FR\",\"@id\":\"https:\\\/\\\/secure.gravatar.com\\\/avatar\\\/82eb951df6110a2c48d1bfa7a67d1ee6f0cd5df3cbf9c3586dd61e82db7172a5?s=96&d=mm&r=g\",\"url\":\"https:\\\/\\\/secure.gravatar.com\\\/avatar\\\/82eb951df6110a2c48d1bfa7a67d1ee6f0cd5df3cbf9c3586dd61e82db7172a5?s=96&d=mm&r=g\",\"contentUrl\":\"https:\\\/\\\/secure.gravatar.com\\\/avatar\\\/82eb951df6110a2c48d1bfa7a67d1ee6f0cd5df3cbf9c3586dd61e82db7172a5?s=96&d=mm&r=g\",\"caption\":\"Claude DAYRES\"},\"url\":\"https:\\\/\\\/jumeaux91.fr\\\/blog\\\/author\\\/x91claude\\\/\"}]}<\/script>\n<!-- \/ Yoast SEO plugin. -->","yoast_head_json":{"title":"Les fr\u00e8res Leccese, jumeaux et adversaires d'un jour - JUMEAUX91","robots":{"index":"index","follow":"follow","max-snippet":"max-snippet:-1","max-image-preview":"max-image-preview:large","max-video-preview":"max-video-preview:-1"},"canonical":"https:\/\/jumeaux91.fr\/blog\/les-freres-leccese-jumeaux-et-adversaires-dun-jour\/","og_locale":"fr_FR","og_type":"article","og_title":"Les fr\u00e8res Leccese, jumeaux et adversaires d'un jour - JUMEAUX91","og_description":"L&rsquo;un est droitier, l&rsquo;autre gaucher. Le premier est n\u00e9 le 24 septembre, \u00e0 23h50 ; le second le 25, \u00e0 00h10. L&rsquo;un \u00e9tait meneur de jeu, l&rsquo;autre d\u00e9fenseur. Et pourtant&#8230; Laurent et Ludovic Leccese sont fr\u00e8res, \u00ab\u00a0de vrais jumeaux\u00a0\u00bb m\u00eame, et seront oppos\u00e9s l&rsquo;un \u00e0 l&rsquo;autre cet apr\u00e8s-midi lors du derby entre l&rsquo;ES La Ciotat&hellip; Poursuivre la lecture Les fr\u00e8res Leccese, jumeaux et adversaires d&rsquo;un jour","og_url":"https:\/\/jumeaux91.fr\/blog\/les-freres-leccese-jumeaux-et-adversaires-dun-jour\/","og_site_name":"JUMEAUX91","article_published_time":"2015-09-12T20:27:00+00:00","og_image":[{"url":"https:\/\/jumeaux91.fr\/blog\/wp-content\/uploads\/2025\/11\/les-freres-leccese-jumeaux-et-adversaires-dun-jour.jpg","type":"","width":"","height":""}],"author":"Claude DAYRES","twitter_card":"summary_large_image","twitter_misc":{"\u00c9crit par":"Claude DAYRES","Dur\u00e9e de lecture estim\u00e9e":"3 minutes"},"schema":{"@context":"https:\/\/schema.org","@graph":[{"@type":"Article","@id":"https:\/\/jumeaux91.fr\/blog\/les-freres-leccese-jumeaux-et-adversaires-dun-jour\/#article","isPartOf":{"@id":"https:\/\/jumeaux91.fr\/blog\/les-freres-leccese-jumeaux-et-adversaires-dun-jour\/"},"author":{"name":"Claude DAYRES","@id":"https:\/\/jumeaux91.fr\/blog\/#\/schema\/person\/21da06e9f119b9f64e5d45dbbd32d3fb"},"headline":"Les fr\u00e8res Leccese, jumeaux et adversaires d&rsquo;un jour","datePublished":"2015-09-12T20:27:00+00:00","mainEntityOfPage":{"@id":"https:\/\/jumeaux91.fr\/blog\/les-freres-leccese-jumeaux-et-adversaires-dun-jour\/"},"wordCount":726,"publisher":{"@id":"https:\/\/jumeaux91.fr\/blog\/#organization"},"image":{"@id":"https:\/\/jumeaux91.fr\/blog\/les-freres-leccese-jumeaux-et-adversaires-dun-jour\/#primaryimage"},"thumbnailUrl":"https:\/\/jumeaux91.fr\/blog\/wp-content\/uploads\/2025\/11\/les-freres-leccese-jumeaux-et-adversaires-dun-jour.jpg","articleSection":["Posts Fr\u00e8res Jumeaux De L'Essonnes:"],"inLanguage":"fr-FR"},{"@type":"WebPage","@id":"https:\/\/jumeaux91.fr\/blog\/les-freres-leccese-jumeaux-et-adversaires-dun-jour\/","url":"https:\/\/jumeaux91.fr\/blog\/les-freres-leccese-jumeaux-et-adversaires-dun-jour\/","name":"Les fr\u00e8res Leccese, jumeaux et adversaires d'un jour - JUMEAUX91","isPartOf":{"@id":"https:\/\/jumeaux91.fr\/blog\/#website"},"primaryImageOfPage":{"@id":"https:\/\/jumeaux91.fr\/blog\/les-freres-leccese-jumeaux-et-adversaires-dun-jour\/#primaryimage"},"image":{"@id":"https:\/\/jumeaux91.fr\/blog\/les-freres-leccese-jumeaux-et-adversaires-dun-jour\/#primaryimage"},"thumbnailUrl":"https:\/\/jumeaux91.fr\/blog\/wp-content\/uploads\/2025\/11\/les-freres-leccese-jumeaux-et-adversaires-dun-jour.jpg","datePublished":"2015-09-12T20:27:00+00:00","breadcrumb":{"@id":"https:\/\/jumeaux91.fr\/blog\/les-freres-leccese-jumeaux-et-adversaires-dun-jour\/#breadcrumb"},"inLanguage":"fr-FR","potentialAction":[{"@type":"ReadAction","target":["https:\/\/jumeaux91.fr\/blog\/les-freres-leccese-jumeaux-et-adversaires-dun-jour\/"]}]},{"@type":"ImageObject","inLanguage":"fr-FR","@id":"https:\/\/jumeaux91.fr\/blog\/les-freres-leccese-jumeaux-et-adversaires-dun-jour\/#primaryimage","url":"https:\/\/jumeaux91.fr\/blog\/wp-content\/uploads\/2025\/11\/les-freres-leccese-jumeaux-et-adversaires-dun-jour.jpg","contentUrl":"https:\/\/jumeaux91.fr\/blog\/wp-content\/uploads\/2025\/11\/les-freres-leccese-jumeaux-et-adversaires-dun-jour.jpg","width":1800,"height":1279,"caption":"Les fr\u00e8res Leccese, jumeaux et adversaires d'un jour"},{"@type":"BreadcrumbList","@id":"https:\/\/jumeaux91.fr\/blog\/les-freres-leccese-jumeaux-et-adversaires-dun-jour\/#breadcrumb","itemListElement":[{"@type":"ListItem","position":1,"name":"Accueil","item":"https:\/\/jumeaux91.fr\/blog\/"},{"@type":"ListItem","position":2,"name":"Les fr\u00e8res Leccese, jumeaux et adversaires d&rsquo;un jour"}]},{"@type":"WebSite","@id":"https:\/\/jumeaux91.fr\/blog\/#website","url":"https:\/\/jumeaux91.fr\/blog\/","name":"JUMEAUX91","description":"Fr\u00e8res jumeaux de l&#039;Essonnes; informations et archives, \u00e0 savoir et retenir.","publisher":{"@id":"https:\/\/jumeaux91.fr\/blog\/#organization"},"potentialAction":[{"@type":"SearchAction","target":{"@type":"EntryPoint","urlTemplate":"https:\/\/jumeaux91.fr\/blog\/?s={search_term_string}"},"query-input":{"@type":"PropertyValueSpecification","valueRequired":true,"valueName":"search_term_string"}}],"inLanguage":"fr-FR"},{"@type":"Organization","@id":"https:\/\/jumeaux91.fr\/blog\/#organization","name":"jumeaux91","url":"https:\/\/jumeaux91.fr\/blog\/","logo":{"@type":"ImageObject","inLanguage":"fr-FR","@id":"https:\/\/jumeaux91.fr\/blog\/#\/schema\/logo\/image\/","url":"https:\/\/jumeaux91.fr\/blog\/wp-content\/uploads\/2023\/05\/cropped-cropped-logoJ_91.png","contentUrl":"https:\/\/jumeaux91.fr\/blog\/wp-content\/uploads\/2023\/05\/cropped-cropped-logoJ_91.png","width":512,"height":512,"caption":"jumeaux91"},"image":{"@id":"https:\/\/jumeaux91.fr\/blog\/#\/schema\/logo\/image\/"}},{"@type":"Person","@id":"https:\/\/jumeaux91.fr\/blog\/#\/schema\/person\/21da06e9f119b9f64e5d45dbbd32d3fb","name":"Claude DAYRES","image":{"@type":"ImageObject","inLanguage":"fr-FR","@id":"https:\/\/secure.gravatar.com\/avatar\/82eb951df6110a2c48d1bfa7a67d1ee6f0cd5df3cbf9c3586dd61e82db7172a5?s=96&d=mm&r=g","url":"https:\/\/secure.gravatar.com\/avatar\/82eb951df6110a2c48d1bfa7a67d1ee6f0cd5df3cbf9c3586dd61e82db7172a5?s=96&d=mm&r=g","contentUrl":"https:\/\/secure.gravatar.com\/avatar\/82eb951df6110a2c48d1bfa7a67d1ee6f0cd5df3cbf9c3586dd61e82db7172a5?s=96&d=mm&r=g","caption":"Claude DAYRES"},"url":"https:\/\/jumeaux91.fr\/blog\/author\/x91claude\/"}]}},"_links":{"self":[{"href":"https:\/\/jumeaux91.fr\/blog\/wp-json\/wp\/v2\/posts\/1856","targetHints":{"allow":["GET"]}}],"collection":[{"href":"https:\/\/jumeaux91.fr\/blog\/wp-json\/wp\/v2\/posts"}],"about":[{"href":"https:\/\/jumeaux91.fr\/blog\/wp-json\/wp\/v2\/types\/post"}],"author":[{"embeddable":true,"href":"https:\/\/jumeaux91.fr\/blog\/wp-json\/wp\/v2\/users\/2"}],"replies":[{"embeddable":true,"href":"https:\/\/jumeaux91.fr\/blog\/wp-json\/wp\/v2\/comments?post=1856"}],"version-history":[{"count":0,"href":"https:\/\/jumeaux91.fr\/blog\/wp-json\/wp\/v2\/posts\/1856\/revisions"}],"wp:featuredmedia":[{"embeddable":true,"href":"https:\/\/jumeaux91.fr\/blog\/wp-json\/wp\/v2\/media\/1857"}],"wp:attachment":[{"href":"https:\/\/jumeaux91.fr\/blog\/wp-json\/wp\/v2\/media?parent=1856"}],"wp:term":[{"taxonomy":"category","embeddable":true,"href":"https:\/\/jumeaux91.fr\/blog\/wp-json\/wp\/v2\/categories?post=1856"},{"taxonomy":"post_tag","embeddable":true,"href":"https:\/\/jumeaux91.fr\/blog\/wp-json\/wp\/v2\/tags?post=1856"}],"curies":[{"name":"wp","href":"https:\/\/api.w.org\/{rel}","templated":true}]}}