{"id":1865,"date":"2025-11-11T09:45:00","date_gmt":"2025-11-11T08:45:00","guid":{"rendered":"https:\/\/jumeaux91.fr\/blog\/parc-animalier-les-ours-de-goldau-sz-ont-recu-un-sapin-de-noel-decore-de-pommes\/"},"modified":"2025-11-11T09:45:00","modified_gmt":"2025-11-11T08:45:00","slug":"parc-animalier-les-ours-de-goldau-sz-ont-recu-un-sapin-de-noel-decore-de-pommes","status":"publish","type":"post","link":"https:\/\/jumeaux91.fr\/blog\/parc-animalier-les-ours-de-goldau-sz-ont-recu-un-sapin-de-noel-decore-de-pommes\/","title":{"rendered":"Parc animalier. Les ours de Goldau (SZ) ont re\u00e7u un sapin de No\u00ebl d\u00e9cor\u00e9 de pommes"},"content":{"rendered":"<div><img decoding=\"async\" src=\"https:\/\/jumeaux91.fr\/blog\/wp-content\/uploads\/2025\/11\/parc-animalier-les-ours-de-goldau-sz-ont-recu-un-sapin-de-noel-decore-de-pommes.jpg\" class=\"ff-og-image-inserted\"><\/div>\n<div class=\"tw-raw-block prose dark:prose-dark md:prose-md paragraph-1-base\">\n<p>Les ours du parc animalier de Goldau (SZ) ont re\u00e7u un cadeau pour le r\u00e9veillon de No\u00ebl. Les gardiens ont install\u00e9 jeudi apr\u00e8s-midi un sapin d\u00e9cor\u00e9 de pommes, carottes et miel dans leur enclos.<\/p>\n<p>Les fr\u00e8res jumeaux Takis et Arko ont d\u00fb se dresser sur la pointe des pieds pour atteindre le festin accroch\u00e9 aux plus hautes branches. Contrairement \u00e0&#8230;<\/p>\n<\/div>\n<p>La chronique se veut g\u00e9n\u00e9r\u00e9e de la fa\u00e7on la plus claire que possible. Dans le cas o\u00f9 vous souhaitez pr\u00e9senter des renseignements compl\u00e9mentaires \u00e0 cet article sur le sujet \u00ab\u00a0Fr\u00e8res jumeaux de l&rsquo;Essonnes\u00a0\u00bb il vous est possible d\u2019\u00e9crire aux contacts indiqu\u00e9s sur notre website. La raison d\u2019\u00eatre de jumeaux91.fr \u00e9tant de rassembler sur le web des posts sur le sujet de Fr\u00e8res jumeaux de l&rsquo;Essonnes puis les diffuser en r\u00e9pondant au mieux aux interrogations des gens. Vous pouvez tirer profit de cet article traitant le sujet \u00ab\u00a0Fr\u00e8res jumeaux de l&rsquo;Essonnes\u00a0\u00bb. Il est concoct\u00e9 par l\u2019\u00e9quipe jumeaux91.fr. Prochainement, nous rendrons accessibles au public d&rsquo;autres informations pertinentes sur le sujet \u00ab\u00a0Fr\u00e8res jumeaux de l&rsquo;Essonnes\u00a0\u00bb. Alors, consultez syst\u00e9matiquement notre blog.<\/p>\n","protected":false},"excerpt":{"rendered":"<p>Les ours du parc animalier de Goldau (SZ) ont re\u00e7u un cadeau pour le r\u00e9veillon de No\u00ebl. Les gardiens ont install\u00e9 jeudi apr\u00e8s-midi un sapin d\u00e9cor\u00e9 de pommes, carottes et miel dans leur enclos. Les fr\u00e8res jumeaux Takis et Arko ont d\u00fb se dresser sur la pointe des pieds pour atteindre le festin accroch\u00e9 aux&hellip; <a class=\"more-link\" href=\"https:\/\/jumeaux91.fr\/blog\/parc-animalier-les-ours-de-goldau-sz-ont-recu-un-sapin-de-noel-decore-de-pommes\/\">Poursuivre la lecture <span class=\"screen-reader-text\">Parc animalier. Les ours de Goldau (SZ) ont re\u00e7u un sapin de No\u00ebl d\u00e9cor\u00e9 de pommes<\/span><\/a><\/p>\n","protected":false},"author":2,"featured_media":1866,"comment_status":"closed","ping_status":"closed","sticky":false,"template":"","format":"standard","meta":{"footnotes":""},"categories":[4],"tags":[],"class_list":["post-1865","post","type-post","status-publish","format-standard","has-post-thumbnail","hentry","category-posts-freres-jumeaux-de-lessonnes","entry"],"yoast_head":"<!-- This site is optimized with the Yoast SEO plugin v27.5 - https:\/\/yoast.com\/product\/yoast-seo-wordpress\/ -->\n<title>Parc animalier. Les ours de Goldau (SZ) ont re\u00e7u un sapin de No\u00ebl d\u00e9cor\u00e9 de pommes - JUMEAUX91<\/title>\n<meta name=\"robots\" content=\"index, follow, max-snippet:-1, max-image-preview:large, max-video-preview:-1\" \/>\n<link rel=\"canonical\" href=\"https:\/\/jumeaux91.fr\/blog\/parc-animalier-les-ours-de-goldau-sz-ont-recu-un-sapin-de-noel-decore-de-pommes\/\" \/>\n<meta property=\"og:locale\" content=\"fr_FR\" \/>\n<meta property=\"og:type\" content=\"article\" \/>\n<meta property=\"og:title\" content=\"Parc animalier. Les ours de Goldau (SZ) ont re\u00e7u un sapin de No\u00ebl d\u00e9cor\u00e9 de pommes - JUMEAUX91\" \/>\n<meta property=\"og:description\" content=\"Les ours du parc animalier de Goldau (SZ) ont re\u00e7u un cadeau pour le r\u00e9veillon de No\u00ebl. Les gardiens ont install\u00e9 jeudi apr\u00e8s-midi un sapin d\u00e9cor\u00e9 de pommes, carottes et miel dans leur enclos. Les fr\u00e8res jumeaux Takis et Arko ont d\u00fb se dresser sur la pointe des pieds pour atteindre le festin accroch\u00e9 aux&hellip; Poursuivre la lecture Parc animalier. Les ours de Goldau (SZ) ont re\u00e7u un sapin de No\u00ebl d\u00e9cor\u00e9 de pommes\" \/>\n<meta property=\"og:url\" content=\"https:\/\/jumeaux91.fr\/blog\/parc-animalier-les-ours-de-goldau-sz-ont-recu-un-sapin-de-noel-decore-de-pommes\/\" \/>\n<meta property=\"og:site_name\" content=\"JUMEAUX91\" \/>\n<meta property=\"article:published_time\" content=\"2025-11-11T08:45:00+00:00\" \/>\n<meta property=\"og:image\" content=\"https:\/\/jumeaux91.fr\/blog\/wp-content\/uploads\/2025\/11\/parc-animalier-les-ours-de-goldau-sz-ont-recu-un-sapin-de-noel-decore-de-pommes.jpg\" \/>\n<meta name=\"author\" content=\"Claude DAYRES\" \/>\n<meta name=\"twitter:card\" content=\"summary_large_image\" \/>\n<meta name=\"twitter:label1\" content=\"\u00c9crit par\" \/>\n\t<meta name=\"twitter:data1\" content=\"Claude DAYRES\" \/>\n\t<meta name=\"twitter:label2\" content=\"Dur\u00e9e de lecture estim\u00e9e\" \/>\n\t<meta name=\"twitter:data2\" content=\"1 minute\" \/>\n<script type=\"application\/ld+json\" class=\"yoast-schema-graph\">{\"@context\":\"https:\\\/\\\/schema.org\",\"@graph\":[{\"@type\":\"Article\",\"@id\":\"https:\\\/\\\/jumeaux91.fr\\\/blog\\\/parc-animalier-les-ours-de-goldau-sz-ont-recu-un-sapin-de-noel-decore-de-pommes\\\/#article\",\"isPartOf\":{\"@id\":\"https:\\\/\\\/jumeaux91.fr\\\/blog\\\/parc-animalier-les-ours-de-goldau-sz-ont-recu-un-sapin-de-noel-decore-de-pommes\\\/\"},\"author\":{\"name\":\"Claude DAYRES\",\"@id\":\"https:\\\/\\\/jumeaux91.fr\\\/blog\\\/#\\\/schema\\\/person\\\/21da06e9f119b9f64e5d45dbbd32d3fb\"},\"headline\":\"Parc animalier. Les ours de Goldau (SZ) ont re\u00e7u un sapin de No\u00ebl d\u00e9cor\u00e9 de pommes\",\"datePublished\":\"2025-11-11T08:45:00+00:00\",\"mainEntityOfPage\":{\"@id\":\"https:\\\/\\\/jumeaux91.fr\\\/blog\\\/parc-animalier-les-ours-de-goldau-sz-ont-recu-un-sapin-de-noel-decore-de-pommes\\\/\"},\"wordCount\":223,\"publisher\":{\"@id\":\"https:\\\/\\\/jumeaux91.fr\\\/blog\\\/#organization\"},\"image\":{\"@id\":\"https:\\\/\\\/jumeaux91.fr\\\/blog\\\/parc-animalier-les-ours-de-goldau-sz-ont-recu-un-sapin-de-noel-decore-de-pommes\\\/#primaryimage\"},\"thumbnailUrl\":\"https:\\\/\\\/jumeaux91.fr\\\/blog\\\/wp-content\\\/uploads\\\/2025\\\/11\\\/parc-animalier-les-ours-de-goldau-sz-ont-recu-un-sapin-de-noel-decore-de-pommes.jpg\",\"articleSection\":[\"Posts Fr\u00e8res Jumeaux De L'Essonnes:\"],\"inLanguage\":\"fr-FR\"},{\"@type\":\"WebPage\",\"@id\":\"https:\\\/\\\/jumeaux91.fr\\\/blog\\\/parc-animalier-les-ours-de-goldau-sz-ont-recu-un-sapin-de-noel-decore-de-pommes\\\/\",\"url\":\"https:\\\/\\\/jumeaux91.fr\\\/blog\\\/parc-animalier-les-ours-de-goldau-sz-ont-recu-un-sapin-de-noel-decore-de-pommes\\\/\",\"name\":\"Parc animalier. Les ours de Goldau (SZ) ont re\u00e7u un sapin de No\u00ebl d\u00e9cor\u00e9 de pommes - JUMEAUX91\",\"isPartOf\":{\"@id\":\"https:\\\/\\\/jumeaux91.fr\\\/blog\\\/#website\"},\"primaryImageOfPage\":{\"@id\":\"https:\\\/\\\/jumeaux91.fr\\\/blog\\\/parc-animalier-les-ours-de-goldau-sz-ont-recu-un-sapin-de-noel-decore-de-pommes\\\/#primaryimage\"},\"image\":{\"@id\":\"https:\\\/\\\/jumeaux91.fr\\\/blog\\\/parc-animalier-les-ours-de-goldau-sz-ont-recu-un-sapin-de-noel-decore-de-pommes\\\/#primaryimage\"},\"thumbnailUrl\":\"https:\\\/\\\/jumeaux91.fr\\\/blog\\\/wp-content\\\/uploads\\\/2025\\\/11\\\/parc-animalier-les-ours-de-goldau-sz-ont-recu-un-sapin-de-noel-decore-de-pommes.jpg\",\"datePublished\":\"2025-11-11T08:45:00+00:00\",\"breadcrumb\":{\"@id\":\"https:\\\/\\\/jumeaux91.fr\\\/blog\\\/parc-animalier-les-ours-de-goldau-sz-ont-recu-un-sapin-de-noel-decore-de-pommes\\\/#breadcrumb\"},\"inLanguage\":\"fr-FR\",\"potentialAction\":[{\"@type\":\"ReadAction\",\"target\":[\"https:\\\/\\\/jumeaux91.fr\\\/blog\\\/parc-animalier-les-ours-de-goldau-sz-ont-recu-un-sapin-de-noel-decore-de-pommes\\\/\"]}]},{\"@type\":\"ImageObject\",\"inLanguage\":\"fr-FR\",\"@id\":\"https:\\\/\\\/jumeaux91.fr\\\/blog\\\/parc-animalier-les-ours-de-goldau-sz-ont-recu-un-sapin-de-noel-decore-de-pommes\\\/#primaryimage\",\"url\":\"https:\\\/\\\/jumeaux91.fr\\\/blog\\\/wp-content\\\/uploads\\\/2025\\\/11\\\/parc-animalier-les-ours-de-goldau-sz-ont-recu-un-sapin-de-noel-decore-de-pommes.jpg\",\"contentUrl\":\"https:\\\/\\\/jumeaux91.fr\\\/blog\\\/wp-content\\\/uploads\\\/2025\\\/11\\\/parc-animalier-les-ours-de-goldau-sz-ont-recu-un-sapin-de-noel-decore-de-pommes.jpg\",\"width\":1024,\"height\":768,\"caption\":\"Parc animalier\"},{\"@type\":\"BreadcrumbList\",\"@id\":\"https:\\\/\\\/jumeaux91.fr\\\/blog\\\/parc-animalier-les-ours-de-goldau-sz-ont-recu-un-sapin-de-noel-decore-de-pommes\\\/#breadcrumb\",\"itemListElement\":[{\"@type\":\"ListItem\",\"position\":1,\"name\":\"Accueil\",\"item\":\"https:\\\/\\\/jumeaux91.fr\\\/blog\\\/\"},{\"@type\":\"ListItem\",\"position\":2,\"name\":\"Parc animalier. Les ours de Goldau (SZ) ont re\u00e7u un sapin de No\u00ebl d\u00e9cor\u00e9 de pommes\"}]},{\"@type\":\"WebSite\",\"@id\":\"https:\\\/\\\/jumeaux91.fr\\\/blog\\\/#website\",\"url\":\"https:\\\/\\\/jumeaux91.fr\\\/blog\\\/\",\"name\":\"JUMEAUX91\",\"description\":\"Fr\u00e8res jumeaux de l&#039;Essonnes; informations et archives, \u00e0 savoir et retenir.\",\"publisher\":{\"@id\":\"https:\\\/\\\/jumeaux91.fr\\\/blog\\\/#organization\"},\"potentialAction\":[{\"@type\":\"SearchAction\",\"target\":{\"@type\":\"EntryPoint\",\"urlTemplate\":\"https:\\\/\\\/jumeaux91.fr\\\/blog\\\/?s={search_term_string}\"},\"query-input\":{\"@type\":\"PropertyValueSpecification\",\"valueRequired\":true,\"valueName\":\"search_term_string\"}}],\"inLanguage\":\"fr-FR\"},{\"@type\":\"Organization\",\"@id\":\"https:\\\/\\\/jumeaux91.fr\\\/blog\\\/#organization\",\"name\":\"jumeaux91\",\"url\":\"https:\\\/\\\/jumeaux91.fr\\\/blog\\\/\",\"logo\":{\"@type\":\"ImageObject\",\"inLanguage\":\"fr-FR\",\"@id\":\"https:\\\/\\\/jumeaux91.fr\\\/blog\\\/#\\\/schema\\\/logo\\\/image\\\/\",\"url\":\"https:\\\/\\\/jumeaux91.fr\\\/blog\\\/wp-content\\\/uploads\\\/2023\\\/05\\\/cropped-cropped-logoJ_91.png\",\"contentUrl\":\"https:\\\/\\\/jumeaux91.fr\\\/blog\\\/wp-content\\\/uploads\\\/2023\\\/05\\\/cropped-cropped-logoJ_91.png\",\"width\":512,\"height\":512,\"caption\":\"jumeaux91\"},\"image\":{\"@id\":\"https:\\\/\\\/jumeaux91.fr\\\/blog\\\/#\\\/schema\\\/logo\\\/image\\\/\"}},{\"@type\":\"Person\",\"@id\":\"https:\\\/\\\/jumeaux91.fr\\\/blog\\\/#\\\/schema\\\/person\\\/21da06e9f119b9f64e5d45dbbd32d3fb\",\"name\":\"Claude DAYRES\",\"image\":{\"@type\":\"ImageObject\",\"inLanguage\":\"fr-FR\",\"@id\":\"https:\\\/\\\/secure.gravatar.com\\\/avatar\\\/82eb951df6110a2c48d1bfa7a67d1ee6f0cd5df3cbf9c3586dd61e82db7172a5?s=96&d=mm&r=g\",\"url\":\"https:\\\/\\\/secure.gravatar.com\\\/avatar\\\/82eb951df6110a2c48d1bfa7a67d1ee6f0cd5df3cbf9c3586dd61e82db7172a5?s=96&d=mm&r=g\",\"contentUrl\":\"https:\\\/\\\/secure.gravatar.com\\\/avatar\\\/82eb951df6110a2c48d1bfa7a67d1ee6f0cd5df3cbf9c3586dd61e82db7172a5?s=96&d=mm&r=g\",\"caption\":\"Claude DAYRES\"},\"url\":\"https:\\\/\\\/jumeaux91.fr\\\/blog\\\/author\\\/x91claude\\\/\"}]}<\/script>\n<!-- \/ Yoast SEO plugin. -->","yoast_head_json":{"title":"Parc animalier. Les ours de Goldau (SZ) ont re\u00e7u un sapin de No\u00ebl d\u00e9cor\u00e9 de pommes - JUMEAUX91","robots":{"index":"index","follow":"follow","max-snippet":"max-snippet:-1","max-image-preview":"max-image-preview:large","max-video-preview":"max-video-preview:-1"},"canonical":"https:\/\/jumeaux91.fr\/blog\/parc-animalier-les-ours-de-goldau-sz-ont-recu-un-sapin-de-noel-decore-de-pommes\/","og_locale":"fr_FR","og_type":"article","og_title":"Parc animalier. Les ours de Goldau (SZ) ont re\u00e7u un sapin de No\u00ebl d\u00e9cor\u00e9 de pommes - JUMEAUX91","og_description":"Les ours du parc animalier de Goldau (SZ) ont re\u00e7u un cadeau pour le r\u00e9veillon de No\u00ebl. Les gardiens ont install\u00e9 jeudi apr\u00e8s-midi un sapin d\u00e9cor\u00e9 de pommes, carottes et miel dans leur enclos. Les fr\u00e8res jumeaux Takis et Arko ont d\u00fb se dresser sur la pointe des pieds pour atteindre le festin accroch\u00e9 aux&hellip; Poursuivre la lecture Parc animalier. Les ours de Goldau (SZ) ont re\u00e7u un sapin de No\u00ebl d\u00e9cor\u00e9 de pommes","og_url":"https:\/\/jumeaux91.fr\/blog\/parc-animalier-les-ours-de-goldau-sz-ont-recu-un-sapin-de-noel-decore-de-pommes\/","og_site_name":"JUMEAUX91","article_published_time":"2025-11-11T08:45:00+00:00","og_image":[{"url":"https:\/\/jumeaux91.fr\/blog\/wp-content\/uploads\/2025\/11\/parc-animalier-les-ours-de-goldau-sz-ont-recu-un-sapin-de-noel-decore-de-pommes.jpg","type":"","width":"","height":""}],"author":"Claude DAYRES","twitter_card":"summary_large_image","twitter_misc":{"\u00c9crit par":"Claude DAYRES","Dur\u00e9e de lecture estim\u00e9e":"1 minute"},"schema":{"@context":"https:\/\/schema.org","@graph":[{"@type":"Article","@id":"https:\/\/jumeaux91.fr\/blog\/parc-animalier-les-ours-de-goldau-sz-ont-recu-un-sapin-de-noel-decore-de-pommes\/#article","isPartOf":{"@id":"https:\/\/jumeaux91.fr\/blog\/parc-animalier-les-ours-de-goldau-sz-ont-recu-un-sapin-de-noel-decore-de-pommes\/"},"author":{"name":"Claude DAYRES","@id":"https:\/\/jumeaux91.fr\/blog\/#\/schema\/person\/21da06e9f119b9f64e5d45dbbd32d3fb"},"headline":"Parc animalier. Les ours de Goldau (SZ) ont re\u00e7u un sapin de No\u00ebl d\u00e9cor\u00e9 de pommes","datePublished":"2025-11-11T08:45:00+00:00","mainEntityOfPage":{"@id":"https:\/\/jumeaux91.fr\/blog\/parc-animalier-les-ours-de-goldau-sz-ont-recu-un-sapin-de-noel-decore-de-pommes\/"},"wordCount":223,"publisher":{"@id":"https:\/\/jumeaux91.fr\/blog\/#organization"},"image":{"@id":"https:\/\/jumeaux91.fr\/blog\/parc-animalier-les-ours-de-goldau-sz-ont-recu-un-sapin-de-noel-decore-de-pommes\/#primaryimage"},"thumbnailUrl":"https:\/\/jumeaux91.fr\/blog\/wp-content\/uploads\/2025\/11\/parc-animalier-les-ours-de-goldau-sz-ont-recu-un-sapin-de-noel-decore-de-pommes.jpg","articleSection":["Posts Fr\u00e8res Jumeaux De L'Essonnes:"],"inLanguage":"fr-FR"},{"@type":"WebPage","@id":"https:\/\/jumeaux91.fr\/blog\/parc-animalier-les-ours-de-goldau-sz-ont-recu-un-sapin-de-noel-decore-de-pommes\/","url":"https:\/\/jumeaux91.fr\/blog\/parc-animalier-les-ours-de-goldau-sz-ont-recu-un-sapin-de-noel-decore-de-pommes\/","name":"Parc animalier. Les ours de Goldau (SZ) ont re\u00e7u un sapin de No\u00ebl d\u00e9cor\u00e9 de pommes - JUMEAUX91","isPartOf":{"@id":"https:\/\/jumeaux91.fr\/blog\/#website"},"primaryImageOfPage":{"@id":"https:\/\/jumeaux91.fr\/blog\/parc-animalier-les-ours-de-goldau-sz-ont-recu-un-sapin-de-noel-decore-de-pommes\/#primaryimage"},"image":{"@id":"https:\/\/jumeaux91.fr\/blog\/parc-animalier-les-ours-de-goldau-sz-ont-recu-un-sapin-de-noel-decore-de-pommes\/#primaryimage"},"thumbnailUrl":"https:\/\/jumeaux91.fr\/blog\/wp-content\/uploads\/2025\/11\/parc-animalier-les-ours-de-goldau-sz-ont-recu-un-sapin-de-noel-decore-de-pommes.jpg","datePublished":"2025-11-11T08:45:00+00:00","breadcrumb":{"@id":"https:\/\/jumeaux91.fr\/blog\/parc-animalier-les-ours-de-goldau-sz-ont-recu-un-sapin-de-noel-decore-de-pommes\/#breadcrumb"},"inLanguage":"fr-FR","potentialAction":[{"@type":"ReadAction","target":["https:\/\/jumeaux91.fr\/blog\/parc-animalier-les-ours-de-goldau-sz-ont-recu-un-sapin-de-noel-decore-de-pommes\/"]}]},{"@type":"ImageObject","inLanguage":"fr-FR","@id":"https:\/\/jumeaux91.fr\/blog\/parc-animalier-les-ours-de-goldau-sz-ont-recu-un-sapin-de-noel-decore-de-pommes\/#primaryimage","url":"https:\/\/jumeaux91.fr\/blog\/wp-content\/uploads\/2025\/11\/parc-animalier-les-ours-de-goldau-sz-ont-recu-un-sapin-de-noel-decore-de-pommes.jpg","contentUrl":"https:\/\/jumeaux91.fr\/blog\/wp-content\/uploads\/2025\/11\/parc-animalier-les-ours-de-goldau-sz-ont-recu-un-sapin-de-noel-decore-de-pommes.jpg","width":1024,"height":768,"caption":"Parc animalier"},{"@type":"BreadcrumbList","@id":"https:\/\/jumeaux91.fr\/blog\/parc-animalier-les-ours-de-goldau-sz-ont-recu-un-sapin-de-noel-decore-de-pommes\/#breadcrumb","itemListElement":[{"@type":"ListItem","position":1,"name":"Accueil","item":"https:\/\/jumeaux91.fr\/blog\/"},{"@type":"ListItem","position":2,"name":"Parc animalier. Les ours de Goldau (SZ) ont re\u00e7u un sapin de No\u00ebl d\u00e9cor\u00e9 de pommes"}]},{"@type":"WebSite","@id":"https:\/\/jumeaux91.fr\/blog\/#website","url":"https:\/\/jumeaux91.fr\/blog\/","name":"JUMEAUX91","description":"Fr\u00e8res jumeaux de l&#039;Essonnes; informations et archives, \u00e0 savoir et retenir.","publisher":{"@id":"https:\/\/jumeaux91.fr\/blog\/#organization"},"potentialAction":[{"@type":"SearchAction","target":{"@type":"EntryPoint","urlTemplate":"https:\/\/jumeaux91.fr\/blog\/?s={search_term_string}"},"query-input":{"@type":"PropertyValueSpecification","valueRequired":true,"valueName":"search_term_string"}}],"inLanguage":"fr-FR"},{"@type":"Organization","@id":"https:\/\/jumeaux91.fr\/blog\/#organization","name":"jumeaux91","url":"https:\/\/jumeaux91.fr\/blog\/","logo":{"@type":"ImageObject","inLanguage":"fr-FR","@id":"https:\/\/jumeaux91.fr\/blog\/#\/schema\/logo\/image\/","url":"https:\/\/jumeaux91.fr\/blog\/wp-content\/uploads\/2023\/05\/cropped-cropped-logoJ_91.png","contentUrl":"https:\/\/jumeaux91.fr\/blog\/wp-content\/uploads\/2023\/05\/cropped-cropped-logoJ_91.png","width":512,"height":512,"caption":"jumeaux91"},"image":{"@id":"https:\/\/jumeaux91.fr\/blog\/#\/schema\/logo\/image\/"}},{"@type":"Person","@id":"https:\/\/jumeaux91.fr\/blog\/#\/schema\/person\/21da06e9f119b9f64e5d45dbbd32d3fb","name":"Claude DAYRES","image":{"@type":"ImageObject","inLanguage":"fr-FR","@id":"https:\/\/secure.gravatar.com\/avatar\/82eb951df6110a2c48d1bfa7a67d1ee6f0cd5df3cbf9c3586dd61e82db7172a5?s=96&d=mm&r=g","url":"https:\/\/secure.gravatar.com\/avatar\/82eb951df6110a2c48d1bfa7a67d1ee6f0cd5df3cbf9c3586dd61e82db7172a5?s=96&d=mm&r=g","contentUrl":"https:\/\/secure.gravatar.com\/avatar\/82eb951df6110a2c48d1bfa7a67d1ee6f0cd5df3cbf9c3586dd61e82db7172a5?s=96&d=mm&r=g","caption":"Claude DAYRES"},"url":"https:\/\/jumeaux91.fr\/blog\/author\/x91claude\/"}]}},"_links":{"self":[{"href":"https:\/\/jumeaux91.fr\/blog\/wp-json\/wp\/v2\/posts\/1865","targetHints":{"allow":["GET"]}}],"collection":[{"href":"https:\/\/jumeaux91.fr\/blog\/wp-json\/wp\/v2\/posts"}],"about":[{"href":"https:\/\/jumeaux91.fr\/blog\/wp-json\/wp\/v2\/types\/post"}],"author":[{"embeddable":true,"href":"https:\/\/jumeaux91.fr\/blog\/wp-json\/wp\/v2\/users\/2"}],"replies":[{"embeddable":true,"href":"https:\/\/jumeaux91.fr\/blog\/wp-json\/wp\/v2\/comments?post=1865"}],"version-history":[{"count":0,"href":"https:\/\/jumeaux91.fr\/blog\/wp-json\/wp\/v2\/posts\/1865\/revisions"}],"wp:featuredmedia":[{"embeddable":true,"href":"https:\/\/jumeaux91.fr\/blog\/wp-json\/wp\/v2\/media\/1866"}],"wp:attachment":[{"href":"https:\/\/jumeaux91.fr\/blog\/wp-json\/wp\/v2\/media?parent=1865"}],"wp:term":[{"taxonomy":"category","embeddable":true,"href":"https:\/\/jumeaux91.fr\/blog\/wp-json\/wp\/v2\/categories?post=1865"},{"taxonomy":"post_tag","embeddable":true,"href":"https:\/\/jumeaux91.fr\/blog\/wp-json\/wp\/v2\/tags?post=1865"}],"curies":[{"name":"wp","href":"https:\/\/api.w.org\/{rel}","templated":true}]}}