{"id":1867,"date":"2025-11-11T21:23:00","date_gmt":"2025-11-11T20:23:00","guid":{"rendered":"https:\/\/jumeaux91.fr\/blog\/antisemitisme-le-crif-reunit-gerard-larcher-et-yael-braun-pivet-pour-dresser-un-bilan-sur-ce-fleau\/"},"modified":"2025-11-11T21:23:00","modified_gmt":"2025-11-11T20:23:00","slug":"antisemitisme-le-crif-reunit-gerard-larcher-et-yael-braun-pivet-pour-dresser-un-bilan-sur-ce-fleau","status":"publish","type":"post","link":"https:\/\/jumeaux91.fr\/blog\/antisemitisme-le-crif-reunit-gerard-larcher-et-yael-braun-pivet-pour-dresser-un-bilan-sur-ce-fleau\/","title":{"rendered":"Antis\u00e9mitisme : le Crif r\u00e9unit G\u00e9rard Larcher et Ya\u00ebl Braun-Pivet pour dresser un bilan sur ce fl\u00e9au"},"content":{"rendered":"<div><img decoding=\"async\" src=\"https:\/\/jumeaux91.fr\/blog\/wp-content\/uploads\/2025\/11\/antisemitisme-le-crif-reunit-gerard-larcher-et-yael-braun-pivet-pour-dresser-un-bilan-sur-ce-fleau.png\" class=\"ff-og-image-inserted\"><\/div>\n<div class=\"field field-name-body field-type-text-with-summary\">\n<p class=\"dm_article-chapeau\">Deux ans apr\u00e8s la marche historique \u00abPour la R\u00e9publique, contre l\u2019antis\u00e9mitisme\u00bb, organis\u00e9e \u00e0 l&rsquo;initiative conjointe de G\u00e9rard Larcher et Ya\u00ebl Braun-Pivet, le Crif doit dresser un bilan de ce fl\u00e9au, ce mercredi, avec le pr\u00e9sident du S\u00e9nat et son homologue de l&rsquo;Assembl\u00e9e nationale.&nbsp;<\/p>\n<p>Une probl\u00e9matique majeure. Le conseil repr\u00e9sentatif des institutions juives de France (Crif) rencontrera G\u00e9rard Larcher, pr\u00e9sident du S\u00e9nat, et Ya\u00ebl Braun-Pivet, pr\u00e9sidente de l&rsquo;Assembl\u00e9e nationale, ce mercredi 12 novembre, \u00e0 la Maison de la Chimie \u00e0 Paris, concernant l\u2019antis\u00e9mitisme dans l&rsquo;Hexagone.<\/p>\n<p>Cette soir\u00e9e de d\u00e9bats et d&rsquo;\u00e9changes survient deux ans jour pour jour apr\u00e8s la \u00abgrande marche civique\u00bb contre l\u2019antis\u00e9mitisme, qui avait r\u00e9uni des milliers de personnes dans plusieurs villes fran\u00e7aises, \u00e0 la suite de la multiplication des actes contre les juifs depuis l&rsquo;attaque du Hamas contre Isra\u00ebl le <a href=\"https:\/\/www.cnews.fr\/monde\/2025-10-22\/attaques-du-7-octobre-2023-il-y-2000-terroristes-du-hamas-terrifiants-qui-disent\" target=\"_blank\" rel=\"nofollow\">7 octobre 2023<\/a>.<\/p>\n<p>\u00c0 cette occasion, une nouvelle \u00e9tude IPSOS sur ce fl\u00e9au sera pr\u00e9sent\u00e9e, suivie d\u2019un d\u00e9bat entre l&rsquo;avocat Richard Malka et l&rsquo;\u00e9ditorialiste Franz-Olivier Giesbert, anim\u00e9 par la journaliste Wendy Bouchard.<\/p>\n<p>Malgr\u00e9 une baisse de 27 % des actes antis\u00e9mites durant les six premiers mois de 2025 par rapport \u00e0 l&rsquo;ann\u00e9e derni\u00e8re, les chiffres restent nettement sup\u00e9rieurs \u00e0 ceux enregistr\u00e9s avant le conflit \u00e0 <a href=\"https:\/\/www.cnews.fr\/gaza\" target=\"_blank\" rel=\"nofollow\">Gaza<\/a>.<\/p>\n<p>De janvier \u00e0 juin, 646 actes antis\u00e9mites ont \u00e9t\u00e9 recens\u00e9s par le minist\u00e8re de l&rsquo;Int\u00e9rieur. Pr\u00e8s de deux tiers de ces faits (422) concernaient des atteintes aux personnes, les 224 autres \u00e9tant des atteintes aux biens.<\/p>\n<h2 class=\"dm_article-paragraph-title-2\">105.000 participants r\u00e9unis \u00e0 Paris en 2023 lors de la marche contre l&rsquo;antis\u00e9mitisme<\/h2>\n<p>Le mois dernier, une pol\u00e9mique a \u00e9clat\u00e9 apr\u00e8s que le tribunal n&rsquo;a pas reconnu le caract\u00e8re antis\u00e9mite de l&rsquo;abattage de l\u2019olivier en m\u00e9moire d\u2019<a href=\"https:\/\/www.cnews.fr\/france\/2025-10-24\/abattage-de-lolivier-pour-ilan-halimi-le-parquet-de-bobigny-fait-appel-du\" target=\"_blank\" rel=\"nofollow\">Ilan Halimi<\/a>, jeune Fran\u00e7ais juif tortur\u00e9 et assassin\u00e9 en 2006, \u00e0 \u00c9pinay-sur-Seine (\u00cele-de-France), en ao\u00fbt dernier. Les mis en cause, des fr\u00e8res jumeaux de 19 ans, ont \u00e9t\u00e9 condamn\u00e9s \u00e0 huit mois de prison ferme et huit mois de prison avec sursis. Le parquet de Bobigny a fait appel de cette d\u00e9cision.<\/p>\n<p>\u00abLe 7-Octobre a servi d&rsquo;appel mondial lanc\u00e9 au passage \u00e0 l&rsquo;acte antis\u00e9mite\u00bb, affirmait Yonathan Arfi, le pr\u00e9sident du Crif, \u00e0 l&rsquo;AFP en d\u00e9but d&rsquo;ann\u00e9e.<\/p>\n<p>En 2023, la marche \u00abPour la R\u00e9publique, contre l\u2019antis\u00e9mitisme\u00bb avait rassembl\u00e9 105.000 participants rien que dans la capitale fran\u00e7aise, dont les ex-pr\u00e9sidents Fran\u00e7ois Hollande et <a href=\"https:\/\/www.cnews.fr\/nicolas-sarkozy\" target=\"_blank\" rel=\"nofollow\">Nicolas Sarkozy<\/a>, ainsi que les anciens premiers ministres Jean Castex, \u00c9douard Philippe, Bernard Cazeneuve, Manuel Valls, Jean-Marc Ayrault et \u00c9lisabeth Borne.<\/p>\n<p>D&rsquo;autres personnalit\u00e9s comme S\u00e9bastien Chenu, Marine Le Pen, <a href=\"https:\/\/www.cnews.fr\/jordan-bardella\" target=\"_blank\" rel=\"nofollow\">Jordan Bardella<\/a>, Marine Tondelier, Sandrine Rousseau, Marion Mar\u00e9chal, \u00c9ric Zemmour, Rachida Dati, Fran\u00e7ois Baroin et Eric Ciotti \u00e9taient aussi pr\u00e9sentes.<\/p>\n<p>Il s&rsquo;agissait de la neuvi\u00e8me manifestation contre l&rsquo;antis\u00e9mitisme en France depuis le d\u00e9but des ann\u00e9es 1980.<\/p>\n<\/p><\/div>\n<p> La chronique se veut g\u00e9n\u00e9r\u00e9e de la fa\u00e7on la plus claire que possible. Dans le cas o\u00f9 vous souhaitez pr\u00e9senter des renseignements compl\u00e9mentaires \u00e0 cet article sur le sujet \u00ab\u00a0Fr\u00e8res jumeaux de l&rsquo;Essonnes\u00a0\u00bb il vous est possible d\u2019\u00e9crire aux contacts indiqu\u00e9s sur notre website. La raison d\u2019\u00eatre de jumeaux91.fr \u00e9tant de rassembler sur le web des posts sur le sujet de Fr\u00e8res jumeaux de l&rsquo;Essonnes puis les diffuser en r\u00e9pondant au mieux aux interrogations des gens. Vous pouvez tirer profit de cet article traitant le sujet \u00ab\u00a0Fr\u00e8res jumeaux de l&rsquo;Essonnes\u00a0\u00bb. Il est concoct\u00e9 par l\u2019\u00e9quipe jumeaux91.fr. Prochainement, nous rendrons accessibles au public d&rsquo;autres informations pertinentes sur le sujet \u00ab\u00a0Fr\u00e8res jumeaux de l&rsquo;Essonnes\u00a0\u00bb. Alors, consultez syst\u00e9matiquement notre blog.<\/p>\n","protected":false},"excerpt":{"rendered":"<p>Deux ans apr\u00e8s la marche historique \u00abPour la R\u00e9publique, contre l\u2019antis\u00e9mitisme\u00bb, organis\u00e9e \u00e0 l&rsquo;initiative conjointe de G\u00e9rard Larcher et Ya\u00ebl Braun-Pivet, le Crif doit dresser un bilan de ce fl\u00e9au, ce mercredi, avec le pr\u00e9sident du S\u00e9nat et son homologue de l&rsquo;Assembl\u00e9e nationale.&nbsp; Une probl\u00e9matique majeure. Le conseil repr\u00e9sentatif des institutions juives de France (Crif)&hellip; <a class=\"more-link\" href=\"https:\/\/jumeaux91.fr\/blog\/antisemitisme-le-crif-reunit-gerard-larcher-et-yael-braun-pivet-pour-dresser-un-bilan-sur-ce-fleau\/\">Poursuivre la lecture <span class=\"screen-reader-text\">Antis\u00e9mitisme : le Crif r\u00e9unit G\u00e9rard Larcher et Ya\u00ebl Braun-Pivet pour dresser un bilan sur ce fl\u00e9au<\/span><\/a><\/p>\n","protected":false},"author":2,"featured_media":1868,"comment_status":"closed","ping_status":"closed","sticky":false,"template":"","format":"standard","meta":{"footnotes":""},"categories":[4],"tags":[],"class_list":["post-1867","post","type-post","status-publish","format-standard","has-post-thumbnail","hentry","category-posts-freres-jumeaux-de-lessonnes","entry"],"yoast_head":"<!-- This site is optimized with the Yoast SEO plugin v27.5 - https:\/\/yoast.com\/product\/yoast-seo-wordpress\/ -->\n<title>Antis\u00e9mitisme : le Crif r\u00e9unit G\u00e9rard Larcher et Ya\u00ebl Braun-Pivet pour dresser un bilan sur ce fl\u00e9au - JUMEAUX91<\/title>\n<meta name=\"robots\" content=\"index, follow, max-snippet:-1, max-image-preview:large, max-video-preview:-1\" \/>\n<link rel=\"canonical\" href=\"https:\/\/jumeaux91.fr\/blog\/antisemitisme-le-crif-reunit-gerard-larcher-et-yael-braun-pivet-pour-dresser-un-bilan-sur-ce-fleau\/\" \/>\n<meta property=\"og:locale\" content=\"fr_FR\" \/>\n<meta property=\"og:type\" content=\"article\" \/>\n<meta property=\"og:title\" content=\"Antis\u00e9mitisme : le Crif r\u00e9unit G\u00e9rard Larcher et Ya\u00ebl Braun-Pivet pour dresser un bilan sur ce fl\u00e9au - JUMEAUX91\" \/>\n<meta property=\"og:description\" content=\"Deux ans apr\u00e8s la marche historique \u00abPour la R\u00e9publique, contre l\u2019antis\u00e9mitisme\u00bb, organis\u00e9e \u00e0 l&rsquo;initiative conjointe de G\u00e9rard Larcher et Ya\u00ebl Braun-Pivet, le Crif doit dresser un bilan de ce fl\u00e9au, ce mercredi, avec le pr\u00e9sident du S\u00e9nat et son homologue de l&rsquo;Assembl\u00e9e nationale.&nbsp; Une probl\u00e9matique majeure. Le conseil repr\u00e9sentatif des institutions juives de France (Crif)&hellip; Poursuivre la lecture Antis\u00e9mitisme : le Crif r\u00e9unit G\u00e9rard Larcher et Ya\u00ebl Braun-Pivet pour dresser un bilan sur ce fl\u00e9au\" \/>\n<meta property=\"og:url\" content=\"https:\/\/jumeaux91.fr\/blog\/antisemitisme-le-crif-reunit-gerard-larcher-et-yael-braun-pivet-pour-dresser-un-bilan-sur-ce-fleau\/\" \/>\n<meta property=\"og:site_name\" content=\"JUMEAUX91\" \/>\n<meta property=\"article:published_time\" content=\"2025-11-11T20:23:00+00:00\" \/>\n<meta property=\"og:image\" content=\"https:\/\/jumeaux91.fr\/blog\/wp-content\/uploads\/2025\/11\/antisemitisme-le-crif-reunit-gerard-larcher-et-yael-braun-pivet-pour-dresser-un-bilan-sur-ce-fleau.png\" \/>\n<meta name=\"author\" content=\"Claude DAYRES\" \/>\n<meta name=\"twitter:card\" content=\"summary_large_image\" \/>\n<meta name=\"twitter:label1\" content=\"\u00c9crit par\" \/>\n\t<meta name=\"twitter:data1\" content=\"Claude DAYRES\" \/>\n\t<meta name=\"twitter:label2\" content=\"Dur\u00e9e de lecture estim\u00e9e\" \/>\n\t<meta name=\"twitter:data2\" content=\"3 minutes\" \/>\n<script type=\"application\/ld+json\" class=\"yoast-schema-graph\">{\"@context\":\"https:\\\/\\\/schema.org\",\"@graph\":[{\"@type\":\"Article\",\"@id\":\"https:\\\/\\\/jumeaux91.fr\\\/blog\\\/antisemitisme-le-crif-reunit-gerard-larcher-et-yael-braun-pivet-pour-dresser-un-bilan-sur-ce-fleau\\\/#article\",\"isPartOf\":{\"@id\":\"https:\\\/\\\/jumeaux91.fr\\\/blog\\\/antisemitisme-le-crif-reunit-gerard-larcher-et-yael-braun-pivet-pour-dresser-un-bilan-sur-ce-fleau\\\/\"},\"author\":{\"name\":\"Claude DAYRES\",\"@id\":\"https:\\\/\\\/jumeaux91.fr\\\/blog\\\/#\\\/schema\\\/person\\\/21da06e9f119b9f64e5d45dbbd32d3fb\"},\"headline\":\"Antis\u00e9mitisme : le Crif r\u00e9unit G\u00e9rard Larcher et Ya\u00ebl Braun-Pivet pour dresser un bilan sur ce fl\u00e9au\",\"datePublished\":\"2025-11-11T20:23:00+00:00\",\"mainEntityOfPage\":{\"@id\":\"https:\\\/\\\/jumeaux91.fr\\\/blog\\\/antisemitisme-le-crif-reunit-gerard-larcher-et-yael-braun-pivet-pour-dresser-un-bilan-sur-ce-fleau\\\/\"},\"wordCount\":664,\"publisher\":{\"@id\":\"https:\\\/\\\/jumeaux91.fr\\\/blog\\\/#organization\"},\"image\":{\"@id\":\"https:\\\/\\\/jumeaux91.fr\\\/blog\\\/antisemitisme-le-crif-reunit-gerard-larcher-et-yael-braun-pivet-pour-dresser-un-bilan-sur-ce-fleau\\\/#primaryimage\"},\"thumbnailUrl\":\"https:\\\/\\\/jumeaux91.fr\\\/blog\\\/wp-content\\\/uploads\\\/2025\\\/11\\\/antisemitisme-le-crif-reunit-gerard-larcher-et-yael-braun-pivet-pour-dresser-un-bilan-sur-ce-fleau.png\",\"articleSection\":[\"Posts Fr\u00e8res Jumeaux De L'Essonnes:\"],\"inLanguage\":\"fr-FR\"},{\"@type\":\"WebPage\",\"@id\":\"https:\\\/\\\/jumeaux91.fr\\\/blog\\\/antisemitisme-le-crif-reunit-gerard-larcher-et-yael-braun-pivet-pour-dresser-un-bilan-sur-ce-fleau\\\/\",\"url\":\"https:\\\/\\\/jumeaux91.fr\\\/blog\\\/antisemitisme-le-crif-reunit-gerard-larcher-et-yael-braun-pivet-pour-dresser-un-bilan-sur-ce-fleau\\\/\",\"name\":\"Antis\u00e9mitisme : le Crif r\u00e9unit G\u00e9rard Larcher et Ya\u00ebl Braun-Pivet pour dresser un bilan sur ce fl\u00e9au - JUMEAUX91\",\"isPartOf\":{\"@id\":\"https:\\\/\\\/jumeaux91.fr\\\/blog\\\/#website\"},\"primaryImageOfPage\":{\"@id\":\"https:\\\/\\\/jumeaux91.fr\\\/blog\\\/antisemitisme-le-crif-reunit-gerard-larcher-et-yael-braun-pivet-pour-dresser-un-bilan-sur-ce-fleau\\\/#primaryimage\"},\"image\":{\"@id\":\"https:\\\/\\\/jumeaux91.fr\\\/blog\\\/antisemitisme-le-crif-reunit-gerard-larcher-et-yael-braun-pivet-pour-dresser-un-bilan-sur-ce-fleau\\\/#primaryimage\"},\"thumbnailUrl\":\"https:\\\/\\\/jumeaux91.fr\\\/blog\\\/wp-content\\\/uploads\\\/2025\\\/11\\\/antisemitisme-le-crif-reunit-gerard-larcher-et-yael-braun-pivet-pour-dresser-un-bilan-sur-ce-fleau.png\",\"datePublished\":\"2025-11-11T20:23:00+00:00\",\"breadcrumb\":{\"@id\":\"https:\\\/\\\/jumeaux91.fr\\\/blog\\\/antisemitisme-le-crif-reunit-gerard-larcher-et-yael-braun-pivet-pour-dresser-un-bilan-sur-ce-fleau\\\/#breadcrumb\"},\"inLanguage\":\"fr-FR\",\"potentialAction\":[{\"@type\":\"ReadAction\",\"target\":[\"https:\\\/\\\/jumeaux91.fr\\\/blog\\\/antisemitisme-le-crif-reunit-gerard-larcher-et-yael-braun-pivet-pour-dresser-un-bilan-sur-ce-fleau\\\/\"]}]},{\"@type\":\"ImageObject\",\"inLanguage\":\"fr-FR\",\"@id\":\"https:\\\/\\\/jumeaux91.fr\\\/blog\\\/antisemitisme-le-crif-reunit-gerard-larcher-et-yael-braun-pivet-pour-dresser-un-bilan-sur-ce-fleau\\\/#primaryimage\",\"url\":\"https:\\\/\\\/jumeaux91.fr\\\/blog\\\/wp-content\\\/uploads\\\/2025\\\/11\\\/antisemitisme-le-crif-reunit-gerard-larcher-et-yael-braun-pivet-pour-dresser-un-bilan-sur-ce-fleau.png\",\"contentUrl\":\"https:\\\/\\\/jumeaux91.fr\\\/blog\\\/wp-content\\\/uploads\\\/2025\\\/11\\\/antisemitisme-le-crif-reunit-gerard-larcher-et-yael-braun-pivet-pour-dresser-un-bilan-sur-ce-fleau.png\",\"width\":750,\"height\":422,\"caption\":\"Antis\u00e9mitisme : le Crif r\u00e9unit G\u00e9rard Larcher et Ya\u00ebl Braun Pivet pour dresser un bilan sur ce fl\u00e9au\"},{\"@type\":\"BreadcrumbList\",\"@id\":\"https:\\\/\\\/jumeaux91.fr\\\/blog\\\/antisemitisme-le-crif-reunit-gerard-larcher-et-yael-braun-pivet-pour-dresser-un-bilan-sur-ce-fleau\\\/#breadcrumb\",\"itemListElement\":[{\"@type\":\"ListItem\",\"position\":1,\"name\":\"Accueil\",\"item\":\"https:\\\/\\\/jumeaux91.fr\\\/blog\\\/\"},{\"@type\":\"ListItem\",\"position\":2,\"name\":\"Antis\u00e9mitisme : le Crif r\u00e9unit G\u00e9rard Larcher et Ya\u00ebl Braun-Pivet pour dresser un bilan sur ce fl\u00e9au\"}]},{\"@type\":\"WebSite\",\"@id\":\"https:\\\/\\\/jumeaux91.fr\\\/blog\\\/#website\",\"url\":\"https:\\\/\\\/jumeaux91.fr\\\/blog\\\/\",\"name\":\"JUMEAUX91\",\"description\":\"Fr\u00e8res jumeaux de l&#039;Essonnes; informations et archives, \u00e0 savoir et retenir.\",\"publisher\":{\"@id\":\"https:\\\/\\\/jumeaux91.fr\\\/blog\\\/#organization\"},\"potentialAction\":[{\"@type\":\"SearchAction\",\"target\":{\"@type\":\"EntryPoint\",\"urlTemplate\":\"https:\\\/\\\/jumeaux91.fr\\\/blog\\\/?s={search_term_string}\"},\"query-input\":{\"@type\":\"PropertyValueSpecification\",\"valueRequired\":true,\"valueName\":\"search_term_string\"}}],\"inLanguage\":\"fr-FR\"},{\"@type\":\"Organization\",\"@id\":\"https:\\\/\\\/jumeaux91.fr\\\/blog\\\/#organization\",\"name\":\"jumeaux91\",\"url\":\"https:\\\/\\\/jumeaux91.fr\\\/blog\\\/\",\"logo\":{\"@type\":\"ImageObject\",\"inLanguage\":\"fr-FR\",\"@id\":\"https:\\\/\\\/jumeaux91.fr\\\/blog\\\/#\\\/schema\\\/logo\\\/image\\\/\",\"url\":\"https:\\\/\\\/jumeaux91.fr\\\/blog\\\/wp-content\\\/uploads\\\/2023\\\/05\\\/cropped-cropped-logoJ_91.png\",\"contentUrl\":\"https:\\\/\\\/jumeaux91.fr\\\/blog\\\/wp-content\\\/uploads\\\/2023\\\/05\\\/cropped-cropped-logoJ_91.png\",\"width\":512,\"height\":512,\"caption\":\"jumeaux91\"},\"image\":{\"@id\":\"https:\\\/\\\/jumeaux91.fr\\\/blog\\\/#\\\/schema\\\/logo\\\/image\\\/\"}},{\"@type\":\"Person\",\"@id\":\"https:\\\/\\\/jumeaux91.fr\\\/blog\\\/#\\\/schema\\\/person\\\/21da06e9f119b9f64e5d45dbbd32d3fb\",\"name\":\"Claude DAYRES\",\"image\":{\"@type\":\"ImageObject\",\"inLanguage\":\"fr-FR\",\"@id\":\"https:\\\/\\\/secure.gravatar.com\\\/avatar\\\/82eb951df6110a2c48d1bfa7a67d1ee6f0cd5df3cbf9c3586dd61e82db7172a5?s=96&d=mm&r=g\",\"url\":\"https:\\\/\\\/secure.gravatar.com\\\/avatar\\\/82eb951df6110a2c48d1bfa7a67d1ee6f0cd5df3cbf9c3586dd61e82db7172a5?s=96&d=mm&r=g\",\"contentUrl\":\"https:\\\/\\\/secure.gravatar.com\\\/avatar\\\/82eb951df6110a2c48d1bfa7a67d1ee6f0cd5df3cbf9c3586dd61e82db7172a5?s=96&d=mm&r=g\",\"caption\":\"Claude DAYRES\"},\"url\":\"https:\\\/\\\/jumeaux91.fr\\\/blog\\\/author\\\/x91claude\\\/\"}]}<\/script>\n<!-- \/ Yoast SEO plugin. -->","yoast_head_json":{"title":"Antis\u00e9mitisme : le Crif r\u00e9unit G\u00e9rard Larcher et Ya\u00ebl Braun-Pivet pour dresser un bilan sur ce fl\u00e9au - JUMEAUX91","robots":{"index":"index","follow":"follow","max-snippet":"max-snippet:-1","max-image-preview":"max-image-preview:large","max-video-preview":"max-video-preview:-1"},"canonical":"https:\/\/jumeaux91.fr\/blog\/antisemitisme-le-crif-reunit-gerard-larcher-et-yael-braun-pivet-pour-dresser-un-bilan-sur-ce-fleau\/","og_locale":"fr_FR","og_type":"article","og_title":"Antis\u00e9mitisme : le Crif r\u00e9unit G\u00e9rard Larcher et Ya\u00ebl Braun-Pivet pour dresser un bilan sur ce fl\u00e9au - JUMEAUX91","og_description":"Deux ans apr\u00e8s la marche historique \u00abPour la R\u00e9publique, contre l\u2019antis\u00e9mitisme\u00bb, organis\u00e9e \u00e0 l&rsquo;initiative conjointe de G\u00e9rard Larcher et Ya\u00ebl Braun-Pivet, le Crif doit dresser un bilan de ce fl\u00e9au, ce mercredi, avec le pr\u00e9sident du S\u00e9nat et son homologue de l&rsquo;Assembl\u00e9e nationale.&nbsp; Une probl\u00e9matique majeure. Le conseil repr\u00e9sentatif des institutions juives de France (Crif)&hellip; Poursuivre la lecture Antis\u00e9mitisme : le Crif r\u00e9unit G\u00e9rard Larcher et Ya\u00ebl Braun-Pivet pour dresser un bilan sur ce fl\u00e9au","og_url":"https:\/\/jumeaux91.fr\/blog\/antisemitisme-le-crif-reunit-gerard-larcher-et-yael-braun-pivet-pour-dresser-un-bilan-sur-ce-fleau\/","og_site_name":"JUMEAUX91","article_published_time":"2025-11-11T20:23:00+00:00","og_image":[{"url":"https:\/\/jumeaux91.fr\/blog\/wp-content\/uploads\/2025\/11\/antisemitisme-le-crif-reunit-gerard-larcher-et-yael-braun-pivet-pour-dresser-un-bilan-sur-ce-fleau.png","type":"","width":"","height":""}],"author":"Claude DAYRES","twitter_card":"summary_large_image","twitter_misc":{"\u00c9crit par":"Claude DAYRES","Dur\u00e9e de lecture estim\u00e9e":"3 minutes"},"schema":{"@context":"https:\/\/schema.org","@graph":[{"@type":"Article","@id":"https:\/\/jumeaux91.fr\/blog\/antisemitisme-le-crif-reunit-gerard-larcher-et-yael-braun-pivet-pour-dresser-un-bilan-sur-ce-fleau\/#article","isPartOf":{"@id":"https:\/\/jumeaux91.fr\/blog\/antisemitisme-le-crif-reunit-gerard-larcher-et-yael-braun-pivet-pour-dresser-un-bilan-sur-ce-fleau\/"},"author":{"name":"Claude DAYRES","@id":"https:\/\/jumeaux91.fr\/blog\/#\/schema\/person\/21da06e9f119b9f64e5d45dbbd32d3fb"},"headline":"Antis\u00e9mitisme : le Crif r\u00e9unit G\u00e9rard Larcher et Ya\u00ebl Braun-Pivet pour dresser un bilan sur ce fl\u00e9au","datePublished":"2025-11-11T20:23:00+00:00","mainEntityOfPage":{"@id":"https:\/\/jumeaux91.fr\/blog\/antisemitisme-le-crif-reunit-gerard-larcher-et-yael-braun-pivet-pour-dresser-un-bilan-sur-ce-fleau\/"},"wordCount":664,"publisher":{"@id":"https:\/\/jumeaux91.fr\/blog\/#organization"},"image":{"@id":"https:\/\/jumeaux91.fr\/blog\/antisemitisme-le-crif-reunit-gerard-larcher-et-yael-braun-pivet-pour-dresser-un-bilan-sur-ce-fleau\/#primaryimage"},"thumbnailUrl":"https:\/\/jumeaux91.fr\/blog\/wp-content\/uploads\/2025\/11\/antisemitisme-le-crif-reunit-gerard-larcher-et-yael-braun-pivet-pour-dresser-un-bilan-sur-ce-fleau.png","articleSection":["Posts Fr\u00e8res Jumeaux De L'Essonnes:"],"inLanguage":"fr-FR"},{"@type":"WebPage","@id":"https:\/\/jumeaux91.fr\/blog\/antisemitisme-le-crif-reunit-gerard-larcher-et-yael-braun-pivet-pour-dresser-un-bilan-sur-ce-fleau\/","url":"https:\/\/jumeaux91.fr\/blog\/antisemitisme-le-crif-reunit-gerard-larcher-et-yael-braun-pivet-pour-dresser-un-bilan-sur-ce-fleau\/","name":"Antis\u00e9mitisme : le Crif r\u00e9unit G\u00e9rard Larcher et Ya\u00ebl Braun-Pivet pour dresser un bilan sur ce fl\u00e9au - JUMEAUX91","isPartOf":{"@id":"https:\/\/jumeaux91.fr\/blog\/#website"},"primaryImageOfPage":{"@id":"https:\/\/jumeaux91.fr\/blog\/antisemitisme-le-crif-reunit-gerard-larcher-et-yael-braun-pivet-pour-dresser-un-bilan-sur-ce-fleau\/#primaryimage"},"image":{"@id":"https:\/\/jumeaux91.fr\/blog\/antisemitisme-le-crif-reunit-gerard-larcher-et-yael-braun-pivet-pour-dresser-un-bilan-sur-ce-fleau\/#primaryimage"},"thumbnailUrl":"https:\/\/jumeaux91.fr\/blog\/wp-content\/uploads\/2025\/11\/antisemitisme-le-crif-reunit-gerard-larcher-et-yael-braun-pivet-pour-dresser-un-bilan-sur-ce-fleau.png","datePublished":"2025-11-11T20:23:00+00:00","breadcrumb":{"@id":"https:\/\/jumeaux91.fr\/blog\/antisemitisme-le-crif-reunit-gerard-larcher-et-yael-braun-pivet-pour-dresser-un-bilan-sur-ce-fleau\/#breadcrumb"},"inLanguage":"fr-FR","potentialAction":[{"@type":"ReadAction","target":["https:\/\/jumeaux91.fr\/blog\/antisemitisme-le-crif-reunit-gerard-larcher-et-yael-braun-pivet-pour-dresser-un-bilan-sur-ce-fleau\/"]}]},{"@type":"ImageObject","inLanguage":"fr-FR","@id":"https:\/\/jumeaux91.fr\/blog\/antisemitisme-le-crif-reunit-gerard-larcher-et-yael-braun-pivet-pour-dresser-un-bilan-sur-ce-fleau\/#primaryimage","url":"https:\/\/jumeaux91.fr\/blog\/wp-content\/uploads\/2025\/11\/antisemitisme-le-crif-reunit-gerard-larcher-et-yael-braun-pivet-pour-dresser-un-bilan-sur-ce-fleau.png","contentUrl":"https:\/\/jumeaux91.fr\/blog\/wp-content\/uploads\/2025\/11\/antisemitisme-le-crif-reunit-gerard-larcher-et-yael-braun-pivet-pour-dresser-un-bilan-sur-ce-fleau.png","width":750,"height":422,"caption":"Antis\u00e9mitisme : le Crif r\u00e9unit G\u00e9rard Larcher et Ya\u00ebl Braun Pivet pour dresser un bilan sur ce fl\u00e9au"},{"@type":"BreadcrumbList","@id":"https:\/\/jumeaux91.fr\/blog\/antisemitisme-le-crif-reunit-gerard-larcher-et-yael-braun-pivet-pour-dresser-un-bilan-sur-ce-fleau\/#breadcrumb","itemListElement":[{"@type":"ListItem","position":1,"name":"Accueil","item":"https:\/\/jumeaux91.fr\/blog\/"},{"@type":"ListItem","position":2,"name":"Antis\u00e9mitisme : le Crif r\u00e9unit G\u00e9rard Larcher et Ya\u00ebl Braun-Pivet pour dresser un bilan sur ce fl\u00e9au"}]},{"@type":"WebSite","@id":"https:\/\/jumeaux91.fr\/blog\/#website","url":"https:\/\/jumeaux91.fr\/blog\/","name":"JUMEAUX91","description":"Fr\u00e8res jumeaux de l&#039;Essonnes; informations et archives, \u00e0 savoir et retenir.","publisher":{"@id":"https:\/\/jumeaux91.fr\/blog\/#organization"},"potentialAction":[{"@type":"SearchAction","target":{"@type":"EntryPoint","urlTemplate":"https:\/\/jumeaux91.fr\/blog\/?s={search_term_string}"},"query-input":{"@type":"PropertyValueSpecification","valueRequired":true,"valueName":"search_term_string"}}],"inLanguage":"fr-FR"},{"@type":"Organization","@id":"https:\/\/jumeaux91.fr\/blog\/#organization","name":"jumeaux91","url":"https:\/\/jumeaux91.fr\/blog\/","logo":{"@type":"ImageObject","inLanguage":"fr-FR","@id":"https:\/\/jumeaux91.fr\/blog\/#\/schema\/logo\/image\/","url":"https:\/\/jumeaux91.fr\/blog\/wp-content\/uploads\/2023\/05\/cropped-cropped-logoJ_91.png","contentUrl":"https:\/\/jumeaux91.fr\/blog\/wp-content\/uploads\/2023\/05\/cropped-cropped-logoJ_91.png","width":512,"height":512,"caption":"jumeaux91"},"image":{"@id":"https:\/\/jumeaux91.fr\/blog\/#\/schema\/logo\/image\/"}},{"@type":"Person","@id":"https:\/\/jumeaux91.fr\/blog\/#\/schema\/person\/21da06e9f119b9f64e5d45dbbd32d3fb","name":"Claude DAYRES","image":{"@type":"ImageObject","inLanguage":"fr-FR","@id":"https:\/\/secure.gravatar.com\/avatar\/82eb951df6110a2c48d1bfa7a67d1ee6f0cd5df3cbf9c3586dd61e82db7172a5?s=96&d=mm&r=g","url":"https:\/\/secure.gravatar.com\/avatar\/82eb951df6110a2c48d1bfa7a67d1ee6f0cd5df3cbf9c3586dd61e82db7172a5?s=96&d=mm&r=g","contentUrl":"https:\/\/secure.gravatar.com\/avatar\/82eb951df6110a2c48d1bfa7a67d1ee6f0cd5df3cbf9c3586dd61e82db7172a5?s=96&d=mm&r=g","caption":"Claude DAYRES"},"url":"https:\/\/jumeaux91.fr\/blog\/author\/x91claude\/"}]}},"_links":{"self":[{"href":"https:\/\/jumeaux91.fr\/blog\/wp-json\/wp\/v2\/posts\/1867","targetHints":{"allow":["GET"]}}],"collection":[{"href":"https:\/\/jumeaux91.fr\/blog\/wp-json\/wp\/v2\/posts"}],"about":[{"href":"https:\/\/jumeaux91.fr\/blog\/wp-json\/wp\/v2\/types\/post"}],"author":[{"embeddable":true,"href":"https:\/\/jumeaux91.fr\/blog\/wp-json\/wp\/v2\/users\/2"}],"replies":[{"embeddable":true,"href":"https:\/\/jumeaux91.fr\/blog\/wp-json\/wp\/v2\/comments?post=1867"}],"version-history":[{"count":0,"href":"https:\/\/jumeaux91.fr\/blog\/wp-json\/wp\/v2\/posts\/1867\/revisions"}],"wp:featuredmedia":[{"embeddable":true,"href":"https:\/\/jumeaux91.fr\/blog\/wp-json\/wp\/v2\/media\/1868"}],"wp:attachment":[{"href":"https:\/\/jumeaux91.fr\/blog\/wp-json\/wp\/v2\/media?parent=1867"}],"wp:term":[{"taxonomy":"category","embeddable":true,"href":"https:\/\/jumeaux91.fr\/blog\/wp-json\/wp\/v2\/categories?post=1867"},{"taxonomy":"post_tag","embeddable":true,"href":"https:\/\/jumeaux91.fr\/blog\/wp-json\/wp\/v2\/tags?post=1867"}],"curies":[{"name":"wp","href":"https:\/\/api.w.org\/{rel}","templated":true}]}}