{"id":1871,"date":"2025-11-13T15:47:00","date_gmt":"2025-11-13T14:47:00","guid":{"rendered":"https:\/\/jumeaux91.fr\/blog\/lequipe-de-france-de-beach-volley-en-quete-dune-premiere-medaille-aux-championnats-du-monde\/"},"modified":"2025-11-13T15:47:00","modified_gmt":"2025-11-13T14:47:00","slug":"lequipe-de-france-de-beach-volley-en-quete-dune-premiere-medaille-aux-championnats-du-monde","status":"publish","type":"post","link":"https:\/\/jumeaux91.fr\/blog\/lequipe-de-france-de-beach-volley-en-quete-dune-premiere-medaille-aux-championnats-du-monde\/","title":{"rendered":"L&rsquo;\u00e9quipe de France de beach-volley en qu\u00eate d&rsquo;une premi\u00e8re m\u00e9daille aux Championnats du monde"},"content":{"rendered":"<div><img decoding=\"async\" src=\"https:\/\/jumeaux91.fr\/blog\/wp-content\/uploads\/2025\/11\/lequipe-de-france-de-beach-volley-en-quete-dune-premiere-medaille-aux-championnats-du-monde.jpg\" class=\"ff-og-image-inserted\"><\/div>\n<p><span class=\"Cmp--mobile\" data-v-534aed4e>En vous abonnant, vous acc\u00e9dez<br data-v-534aed4e><b data-v-534aed4e>\u00e0 la source de r\u00e9f\u00e9rence<\/b><br data-v-534aed4e> sur l&rsquo;actu sportive.<\/span> <span class=\"Cmp--desktop\" data-v-534aed4e>En vous abonnant, vous acc\u00e9dez <b data-v-534aed4e>\u00e0 la source de r\u00e9f\u00e9rence<\/b> sur l&rsquo;actu sportive.<\/span><\/p>\n<p><span class=\"Cmp--mobile\" data-v-534aed4e>accepter les cookies et acc\u00e9der<br data-v-534aed4e> \u00e0 L&rsquo;\u00c9quipe gratuitement<\/span> <span class=\"Cmp--desktop\" data-v-534aed4e>accepter les cookies et acc\u00e9der \u00e0 L&rsquo;\u00c9quipe gratuitement<\/span><\/p>\n<div data-v-534aed4e> L&rsquo;\u00c9quipe, <a href=\"https:\/\/www.lequipe.fr\/Page\/Informations-legales-de-l-equipe-et-les-societes-de-son-groupe\/1185337\" rel=\"noopener nofollow\" class=\"Link\" data-v-1da41fd6 data-v-534aed4e target=\"_blank\"> les soci\u00e9t\u00e9s de son groupe<\/a> et <button class=\"button--unstyled link\" data-v-534aed4e> leurs 272 partenaires <\/button> utilisent des cookies ou traceurs pour stocker et\/ou acc\u00e9der \u00e0 des informations sur votre terminal et traiter des donn\u00e9es personnelles vous concernant. Cela nous permet de vous afficher de la publicit\u00e9 personnalis\u00e9e en fonction de votre navigation, de vos donn\u00e9es de profil ou de votre localisation, de personnaliser le contenu \u00e9ditorial, de mesurer l&rsquo;audience de notre site et de permettre l&rsquo;interaction avec les r\u00e9seaux sociaux. Pour acc\u00e9der gratuitement au site (hors contenus exclusifs abonn\u00e9s), vous devez accepter l&rsquo;utilisation des traceurs de publicit\u00e9 personnalis\u00e9e, par L&rsquo;\u00c9quipe et des tiers partenaires. En cas de refus, navigation et fonctionnalit\u00e9s seront limit\u00e9es sur le site. Vos pr\u00e9f\u00e9rences s&rsquo;appliqueront uniquement \u00e0 nos sites et pourront \u00eatre modifi\u00e9es \u00e0 tout moment via le menu \u00ab <button class=\"button--unstyled link\" data-v-534aed4e> param\u00e9trer mon consentement <\/button> \u00bb. Plus d&rsquo;informations : <a href=\"https:\/\/www.lequipe.fr\/Page\/Politique-de-confidentialite\/1183897\" rel=\"noopener nofollow\" class=\"Link\" data-v-1da41fd6 data-v-534aed4e target=\"_blank\">politique de confidentialit\u00e9<\/a>. <\/div>\n<p>La chronique se veut g\u00e9n\u00e9r\u00e9e de la fa\u00e7on la plus claire que possible. Dans le cas o\u00f9 vous souhaitez pr\u00e9senter des renseignements compl\u00e9mentaires \u00e0 cet article sur le sujet \u00ab\u00a0Fr\u00e8res jumeaux de l&rsquo;Essonnes\u00a0\u00bb il vous est possible d\u2019\u00e9crire aux contacts indiqu\u00e9s sur notre website. La raison d\u2019\u00eatre de jumeaux91.fr \u00e9tant de rassembler sur le web des posts sur le sujet de Fr\u00e8res jumeaux de l&rsquo;Essonnes puis les diffuser en r\u00e9pondant au mieux aux interrogations des gens. Vous pouvez tirer profit de cet article traitant le sujet \u00ab\u00a0Fr\u00e8res jumeaux de l&rsquo;Essonnes\u00a0\u00bb. Il est concoct\u00e9 par l\u2019\u00e9quipe jumeaux91.fr. Prochainement, nous rendrons accessibles au public d&rsquo;autres informations pertinentes sur le sujet \u00ab\u00a0Fr\u00e8res jumeaux de l&rsquo;Essonnes\u00a0\u00bb. Alors, consultez syst\u00e9matiquement notre blog.<\/p>\n","protected":false},"excerpt":{"rendered":"<p>En vous abonnant, vous acc\u00e9dez\u00e0 la source de r\u00e9f\u00e9rence sur l&rsquo;actu sportive. En vous abonnant, vous acc\u00e9dez \u00e0 la source de r\u00e9f\u00e9rence sur l&rsquo;actu sportive. accepter les cookies et acc\u00e9der \u00e0 L&rsquo;\u00c9quipe gratuitement accepter les cookies et acc\u00e9der \u00e0 L&rsquo;\u00c9quipe gratuitement L&rsquo;\u00c9quipe, les soci\u00e9t\u00e9s de son groupe et leurs 272 partenaires utilisent des cookies ou&hellip; <a class=\"more-link\" href=\"https:\/\/jumeaux91.fr\/blog\/lequipe-de-france-de-beach-volley-en-quete-dune-premiere-medaille-aux-championnats-du-monde\/\">Poursuivre la lecture <span class=\"screen-reader-text\">L&rsquo;\u00e9quipe de France de beach-volley en qu\u00eate d&rsquo;une premi\u00e8re m\u00e9daille aux Championnats du monde<\/span><\/a><\/p>\n","protected":false},"author":2,"featured_media":1872,"comment_status":"closed","ping_status":"closed","sticky":false,"template":"","format":"standard","meta":{"footnotes":""},"categories":[4],"tags":[],"class_list":["post-1871","post","type-post","status-publish","format-standard","has-post-thumbnail","hentry","category-posts-freres-jumeaux-de-lessonnes","entry"],"yoast_head":"<!-- This site is optimized with the Yoast SEO plugin v27.5 - https:\/\/yoast.com\/product\/yoast-seo-wordpress\/ -->\n<title>L&#039;\u00e9quipe de France de beach-volley en qu\u00eate d&#039;une premi\u00e8re m\u00e9daille aux Championnats du monde - JUMEAUX91<\/title>\n<meta name=\"robots\" content=\"index, follow, max-snippet:-1, max-image-preview:large, max-video-preview:-1\" \/>\n<link rel=\"canonical\" href=\"https:\/\/jumeaux91.fr\/blog\/lequipe-de-france-de-beach-volley-en-quete-dune-premiere-medaille-aux-championnats-du-monde\/\" \/>\n<meta property=\"og:locale\" content=\"fr_FR\" \/>\n<meta property=\"og:type\" content=\"article\" \/>\n<meta property=\"og:title\" content=\"L&#039;\u00e9quipe de France de beach-volley en qu\u00eate d&#039;une premi\u00e8re m\u00e9daille aux Championnats du monde - JUMEAUX91\" \/>\n<meta property=\"og:description\" content=\"En vous abonnant, vous acc\u00e9dez\u00e0 la source de r\u00e9f\u00e9rence sur l&rsquo;actu sportive. En vous abonnant, vous acc\u00e9dez \u00e0 la source de r\u00e9f\u00e9rence sur l&rsquo;actu sportive. accepter les cookies et acc\u00e9der \u00e0 L&rsquo;\u00c9quipe gratuitement accepter les cookies et acc\u00e9der \u00e0 L&rsquo;\u00c9quipe gratuitement L&rsquo;\u00c9quipe, les soci\u00e9t\u00e9s de son groupe et leurs 272 partenaires utilisent des cookies ou&hellip; Poursuivre la lecture L&rsquo;\u00e9quipe de France de beach-volley en qu\u00eate d&rsquo;une premi\u00e8re m\u00e9daille aux Championnats du monde\" \/>\n<meta property=\"og:url\" content=\"https:\/\/jumeaux91.fr\/blog\/lequipe-de-france-de-beach-volley-en-quete-dune-premiere-medaille-aux-championnats-du-monde\/\" \/>\n<meta property=\"og:site_name\" content=\"JUMEAUX91\" \/>\n<meta property=\"article:published_time\" content=\"2025-11-13T14:47:00+00:00\" \/>\n<meta property=\"og:image\" content=\"https:\/\/jumeaux91.fr\/blog\/wp-content\/uploads\/2025\/11\/lequipe-de-france-de-beach-volley-en-quete-dune-premiere-medaille-aux-championnats-du-monde.jpg\" \/>\n<meta name=\"author\" content=\"Claude DAYRES\" \/>\n<meta name=\"twitter:card\" content=\"summary_large_image\" \/>\n<meta name=\"twitter:label1\" content=\"\u00c9crit par\" \/>\n\t<meta name=\"twitter:data1\" content=\"Claude DAYRES\" \/>\n\t<meta name=\"twitter:label2\" content=\"Dur\u00e9e de lecture estim\u00e9e\" \/>\n\t<meta name=\"twitter:data2\" content=\"2 minutes\" \/>\n<script type=\"application\/ld+json\" class=\"yoast-schema-graph\">{\"@context\":\"https:\\\/\\\/schema.org\",\"@graph\":[{\"@type\":\"Article\",\"@id\":\"https:\\\/\\\/jumeaux91.fr\\\/blog\\\/lequipe-de-france-de-beach-volley-en-quete-dune-premiere-medaille-aux-championnats-du-monde\\\/#article\",\"isPartOf\":{\"@id\":\"https:\\\/\\\/jumeaux91.fr\\\/blog\\\/lequipe-de-france-de-beach-volley-en-quete-dune-premiere-medaille-aux-championnats-du-monde\\\/\"},\"author\":{\"name\":\"Claude DAYRES\",\"@id\":\"https:\\\/\\\/jumeaux91.fr\\\/blog\\\/#\\\/schema\\\/person\\\/21da06e9f119b9f64e5d45dbbd32d3fb\"},\"headline\":\"L&rsquo;\u00e9quipe de France de beach-volley en qu\u00eate d&rsquo;une premi\u00e8re m\u00e9daille aux Championnats du monde\",\"datePublished\":\"2025-11-13T14:47:00+00:00\",\"mainEntityOfPage\":{\"@id\":\"https:\\\/\\\/jumeaux91.fr\\\/blog\\\/lequipe-de-france-de-beach-volley-en-quete-dune-premiere-medaille-aux-championnats-du-monde\\\/\"},\"wordCount\":364,\"publisher\":{\"@id\":\"https:\\\/\\\/jumeaux91.fr\\\/blog\\\/#organization\"},\"image\":{\"@id\":\"https:\\\/\\\/jumeaux91.fr\\\/blog\\\/lequipe-de-france-de-beach-volley-en-quete-dune-premiere-medaille-aux-championnats-du-monde\\\/#primaryimage\"},\"thumbnailUrl\":\"https:\\\/\\\/jumeaux91.fr\\\/blog\\\/wp-content\\\/uploads\\\/2025\\\/11\\\/lequipe-de-france-de-beach-volley-en-quete-dune-premiere-medaille-aux-championnats-du-monde.jpg\",\"articleSection\":[\"Posts Fr\u00e8res Jumeaux De L'Essonnes:\"],\"inLanguage\":\"fr-FR\"},{\"@type\":\"WebPage\",\"@id\":\"https:\\\/\\\/jumeaux91.fr\\\/blog\\\/lequipe-de-france-de-beach-volley-en-quete-dune-premiere-medaille-aux-championnats-du-monde\\\/\",\"url\":\"https:\\\/\\\/jumeaux91.fr\\\/blog\\\/lequipe-de-france-de-beach-volley-en-quete-dune-premiere-medaille-aux-championnats-du-monde\\\/\",\"name\":\"L'\u00e9quipe de France de beach-volley en qu\u00eate d'une premi\u00e8re m\u00e9daille aux Championnats du monde - JUMEAUX91\",\"isPartOf\":{\"@id\":\"https:\\\/\\\/jumeaux91.fr\\\/blog\\\/#website\"},\"primaryImageOfPage\":{\"@id\":\"https:\\\/\\\/jumeaux91.fr\\\/blog\\\/lequipe-de-france-de-beach-volley-en-quete-dune-premiere-medaille-aux-championnats-du-monde\\\/#primaryimage\"},\"image\":{\"@id\":\"https:\\\/\\\/jumeaux91.fr\\\/blog\\\/lequipe-de-france-de-beach-volley-en-quete-dune-premiere-medaille-aux-championnats-du-monde\\\/#primaryimage\"},\"thumbnailUrl\":\"https:\\\/\\\/jumeaux91.fr\\\/blog\\\/wp-content\\\/uploads\\\/2025\\\/11\\\/lequipe-de-france-de-beach-volley-en-quete-dune-premiere-medaille-aux-championnats-du-monde.jpg\",\"datePublished\":\"2025-11-13T14:47:00+00:00\",\"breadcrumb\":{\"@id\":\"https:\\\/\\\/jumeaux91.fr\\\/blog\\\/lequipe-de-france-de-beach-volley-en-quete-dune-premiere-medaille-aux-championnats-du-monde\\\/#breadcrumb\"},\"inLanguage\":\"fr-FR\",\"potentialAction\":[{\"@type\":\"ReadAction\",\"target\":[\"https:\\\/\\\/jumeaux91.fr\\\/blog\\\/lequipe-de-france-de-beach-volley-en-quete-dune-premiere-medaille-aux-championnats-du-monde\\\/\"]}]},{\"@type\":\"ImageObject\",\"inLanguage\":\"fr-FR\",\"@id\":\"https:\\\/\\\/jumeaux91.fr\\\/blog\\\/lequipe-de-france-de-beach-volley-en-quete-dune-premiere-medaille-aux-championnats-du-monde\\\/#primaryimage\",\"url\":\"https:\\\/\\\/jumeaux91.fr\\\/blog\\\/wp-content\\\/uploads\\\/2025\\\/11\\\/lequipe-de-france-de-beach-volley-en-quete-dune-premiere-medaille-aux-championnats-du-monde.jpg\",\"contentUrl\":\"https:\\\/\\\/jumeaux91.fr\\\/blog\\\/wp-content\\\/uploads\\\/2025\\\/11\\\/lequipe-de-france-de-beach-volley-en-quete-dune-premiere-medaille-aux-championnats-du-monde.jpg\",\"width\":1200,\"height\":800,\"caption\":\"L'\u00e9quipe de France de beach volley en qu\u00eate d'une premi\u00e8re m\u00e9daille aux Championnats du monde\"},{\"@type\":\"BreadcrumbList\",\"@id\":\"https:\\\/\\\/jumeaux91.fr\\\/blog\\\/lequipe-de-france-de-beach-volley-en-quete-dune-premiere-medaille-aux-championnats-du-monde\\\/#breadcrumb\",\"itemListElement\":[{\"@type\":\"ListItem\",\"position\":1,\"name\":\"Accueil\",\"item\":\"https:\\\/\\\/jumeaux91.fr\\\/blog\\\/\"},{\"@type\":\"ListItem\",\"position\":2,\"name\":\"L&rsquo;\u00e9quipe de France de beach-volley en qu\u00eate d&rsquo;une premi\u00e8re m\u00e9daille aux Championnats du monde\"}]},{\"@type\":\"WebSite\",\"@id\":\"https:\\\/\\\/jumeaux91.fr\\\/blog\\\/#website\",\"url\":\"https:\\\/\\\/jumeaux91.fr\\\/blog\\\/\",\"name\":\"JUMEAUX91\",\"description\":\"Fr\u00e8res jumeaux de l&#039;Essonnes; informations et archives, \u00e0 savoir et retenir.\",\"publisher\":{\"@id\":\"https:\\\/\\\/jumeaux91.fr\\\/blog\\\/#organization\"},\"potentialAction\":[{\"@type\":\"SearchAction\",\"target\":{\"@type\":\"EntryPoint\",\"urlTemplate\":\"https:\\\/\\\/jumeaux91.fr\\\/blog\\\/?s={search_term_string}\"},\"query-input\":{\"@type\":\"PropertyValueSpecification\",\"valueRequired\":true,\"valueName\":\"search_term_string\"}}],\"inLanguage\":\"fr-FR\"},{\"@type\":\"Organization\",\"@id\":\"https:\\\/\\\/jumeaux91.fr\\\/blog\\\/#organization\",\"name\":\"jumeaux91\",\"url\":\"https:\\\/\\\/jumeaux91.fr\\\/blog\\\/\",\"logo\":{\"@type\":\"ImageObject\",\"inLanguage\":\"fr-FR\",\"@id\":\"https:\\\/\\\/jumeaux91.fr\\\/blog\\\/#\\\/schema\\\/logo\\\/image\\\/\",\"url\":\"https:\\\/\\\/jumeaux91.fr\\\/blog\\\/wp-content\\\/uploads\\\/2023\\\/05\\\/cropped-cropped-logoJ_91.png\",\"contentUrl\":\"https:\\\/\\\/jumeaux91.fr\\\/blog\\\/wp-content\\\/uploads\\\/2023\\\/05\\\/cropped-cropped-logoJ_91.png\",\"width\":512,\"height\":512,\"caption\":\"jumeaux91\"},\"image\":{\"@id\":\"https:\\\/\\\/jumeaux91.fr\\\/blog\\\/#\\\/schema\\\/logo\\\/image\\\/\"}},{\"@type\":\"Person\",\"@id\":\"https:\\\/\\\/jumeaux91.fr\\\/blog\\\/#\\\/schema\\\/person\\\/21da06e9f119b9f64e5d45dbbd32d3fb\",\"name\":\"Claude DAYRES\",\"image\":{\"@type\":\"ImageObject\",\"inLanguage\":\"fr-FR\",\"@id\":\"https:\\\/\\\/secure.gravatar.com\\\/avatar\\\/82eb951df6110a2c48d1bfa7a67d1ee6f0cd5df3cbf9c3586dd61e82db7172a5?s=96&d=mm&r=g\",\"url\":\"https:\\\/\\\/secure.gravatar.com\\\/avatar\\\/82eb951df6110a2c48d1bfa7a67d1ee6f0cd5df3cbf9c3586dd61e82db7172a5?s=96&d=mm&r=g\",\"contentUrl\":\"https:\\\/\\\/secure.gravatar.com\\\/avatar\\\/82eb951df6110a2c48d1bfa7a67d1ee6f0cd5df3cbf9c3586dd61e82db7172a5?s=96&d=mm&r=g\",\"caption\":\"Claude DAYRES\"},\"url\":\"https:\\\/\\\/jumeaux91.fr\\\/blog\\\/author\\\/x91claude\\\/\"}]}<\/script>\n<!-- \/ Yoast SEO plugin. -->","yoast_head_json":{"title":"L'\u00e9quipe de France de beach-volley en qu\u00eate d'une premi\u00e8re m\u00e9daille aux Championnats du monde - JUMEAUX91","robots":{"index":"index","follow":"follow","max-snippet":"max-snippet:-1","max-image-preview":"max-image-preview:large","max-video-preview":"max-video-preview:-1"},"canonical":"https:\/\/jumeaux91.fr\/blog\/lequipe-de-france-de-beach-volley-en-quete-dune-premiere-medaille-aux-championnats-du-monde\/","og_locale":"fr_FR","og_type":"article","og_title":"L'\u00e9quipe de France de beach-volley en qu\u00eate d'une premi\u00e8re m\u00e9daille aux Championnats du monde - JUMEAUX91","og_description":"En vous abonnant, vous acc\u00e9dez\u00e0 la source de r\u00e9f\u00e9rence sur l&rsquo;actu sportive. En vous abonnant, vous acc\u00e9dez \u00e0 la source de r\u00e9f\u00e9rence sur l&rsquo;actu sportive. accepter les cookies et acc\u00e9der \u00e0 L&rsquo;\u00c9quipe gratuitement accepter les cookies et acc\u00e9der \u00e0 L&rsquo;\u00c9quipe gratuitement L&rsquo;\u00c9quipe, les soci\u00e9t\u00e9s de son groupe et leurs 272 partenaires utilisent des cookies ou&hellip; Poursuivre la lecture L&rsquo;\u00e9quipe de France de beach-volley en qu\u00eate d&rsquo;une premi\u00e8re m\u00e9daille aux Championnats du monde","og_url":"https:\/\/jumeaux91.fr\/blog\/lequipe-de-france-de-beach-volley-en-quete-dune-premiere-medaille-aux-championnats-du-monde\/","og_site_name":"JUMEAUX91","article_published_time":"2025-11-13T14:47:00+00:00","og_image":[{"url":"https:\/\/jumeaux91.fr\/blog\/wp-content\/uploads\/2025\/11\/lequipe-de-france-de-beach-volley-en-quete-dune-premiere-medaille-aux-championnats-du-monde.jpg","type":"","width":"","height":""}],"author":"Claude DAYRES","twitter_card":"summary_large_image","twitter_misc":{"\u00c9crit par":"Claude DAYRES","Dur\u00e9e de lecture estim\u00e9e":"2 minutes"},"schema":{"@context":"https:\/\/schema.org","@graph":[{"@type":"Article","@id":"https:\/\/jumeaux91.fr\/blog\/lequipe-de-france-de-beach-volley-en-quete-dune-premiere-medaille-aux-championnats-du-monde\/#article","isPartOf":{"@id":"https:\/\/jumeaux91.fr\/blog\/lequipe-de-france-de-beach-volley-en-quete-dune-premiere-medaille-aux-championnats-du-monde\/"},"author":{"name":"Claude DAYRES","@id":"https:\/\/jumeaux91.fr\/blog\/#\/schema\/person\/21da06e9f119b9f64e5d45dbbd32d3fb"},"headline":"L&rsquo;\u00e9quipe de France de beach-volley en qu\u00eate d&rsquo;une premi\u00e8re m\u00e9daille aux Championnats du monde","datePublished":"2025-11-13T14:47:00+00:00","mainEntityOfPage":{"@id":"https:\/\/jumeaux91.fr\/blog\/lequipe-de-france-de-beach-volley-en-quete-dune-premiere-medaille-aux-championnats-du-monde\/"},"wordCount":364,"publisher":{"@id":"https:\/\/jumeaux91.fr\/blog\/#organization"},"image":{"@id":"https:\/\/jumeaux91.fr\/blog\/lequipe-de-france-de-beach-volley-en-quete-dune-premiere-medaille-aux-championnats-du-monde\/#primaryimage"},"thumbnailUrl":"https:\/\/jumeaux91.fr\/blog\/wp-content\/uploads\/2025\/11\/lequipe-de-france-de-beach-volley-en-quete-dune-premiere-medaille-aux-championnats-du-monde.jpg","articleSection":["Posts Fr\u00e8res Jumeaux De L'Essonnes:"],"inLanguage":"fr-FR"},{"@type":"WebPage","@id":"https:\/\/jumeaux91.fr\/blog\/lequipe-de-france-de-beach-volley-en-quete-dune-premiere-medaille-aux-championnats-du-monde\/","url":"https:\/\/jumeaux91.fr\/blog\/lequipe-de-france-de-beach-volley-en-quete-dune-premiere-medaille-aux-championnats-du-monde\/","name":"L'\u00e9quipe de France de beach-volley en qu\u00eate d'une premi\u00e8re m\u00e9daille aux Championnats du monde - JUMEAUX91","isPartOf":{"@id":"https:\/\/jumeaux91.fr\/blog\/#website"},"primaryImageOfPage":{"@id":"https:\/\/jumeaux91.fr\/blog\/lequipe-de-france-de-beach-volley-en-quete-dune-premiere-medaille-aux-championnats-du-monde\/#primaryimage"},"image":{"@id":"https:\/\/jumeaux91.fr\/blog\/lequipe-de-france-de-beach-volley-en-quete-dune-premiere-medaille-aux-championnats-du-monde\/#primaryimage"},"thumbnailUrl":"https:\/\/jumeaux91.fr\/blog\/wp-content\/uploads\/2025\/11\/lequipe-de-france-de-beach-volley-en-quete-dune-premiere-medaille-aux-championnats-du-monde.jpg","datePublished":"2025-11-13T14:47:00+00:00","breadcrumb":{"@id":"https:\/\/jumeaux91.fr\/blog\/lequipe-de-france-de-beach-volley-en-quete-dune-premiere-medaille-aux-championnats-du-monde\/#breadcrumb"},"inLanguage":"fr-FR","potentialAction":[{"@type":"ReadAction","target":["https:\/\/jumeaux91.fr\/blog\/lequipe-de-france-de-beach-volley-en-quete-dune-premiere-medaille-aux-championnats-du-monde\/"]}]},{"@type":"ImageObject","inLanguage":"fr-FR","@id":"https:\/\/jumeaux91.fr\/blog\/lequipe-de-france-de-beach-volley-en-quete-dune-premiere-medaille-aux-championnats-du-monde\/#primaryimage","url":"https:\/\/jumeaux91.fr\/blog\/wp-content\/uploads\/2025\/11\/lequipe-de-france-de-beach-volley-en-quete-dune-premiere-medaille-aux-championnats-du-monde.jpg","contentUrl":"https:\/\/jumeaux91.fr\/blog\/wp-content\/uploads\/2025\/11\/lequipe-de-france-de-beach-volley-en-quete-dune-premiere-medaille-aux-championnats-du-monde.jpg","width":1200,"height":800,"caption":"L'\u00e9quipe de France de beach volley en qu\u00eate d'une premi\u00e8re m\u00e9daille aux Championnats du monde"},{"@type":"BreadcrumbList","@id":"https:\/\/jumeaux91.fr\/blog\/lequipe-de-france-de-beach-volley-en-quete-dune-premiere-medaille-aux-championnats-du-monde\/#breadcrumb","itemListElement":[{"@type":"ListItem","position":1,"name":"Accueil","item":"https:\/\/jumeaux91.fr\/blog\/"},{"@type":"ListItem","position":2,"name":"L&rsquo;\u00e9quipe de France de beach-volley en qu\u00eate d&rsquo;une premi\u00e8re m\u00e9daille aux Championnats du monde"}]},{"@type":"WebSite","@id":"https:\/\/jumeaux91.fr\/blog\/#website","url":"https:\/\/jumeaux91.fr\/blog\/","name":"JUMEAUX91","description":"Fr\u00e8res jumeaux de l&#039;Essonnes; informations et archives, \u00e0 savoir et retenir.","publisher":{"@id":"https:\/\/jumeaux91.fr\/blog\/#organization"},"potentialAction":[{"@type":"SearchAction","target":{"@type":"EntryPoint","urlTemplate":"https:\/\/jumeaux91.fr\/blog\/?s={search_term_string}"},"query-input":{"@type":"PropertyValueSpecification","valueRequired":true,"valueName":"search_term_string"}}],"inLanguage":"fr-FR"},{"@type":"Organization","@id":"https:\/\/jumeaux91.fr\/blog\/#organization","name":"jumeaux91","url":"https:\/\/jumeaux91.fr\/blog\/","logo":{"@type":"ImageObject","inLanguage":"fr-FR","@id":"https:\/\/jumeaux91.fr\/blog\/#\/schema\/logo\/image\/","url":"https:\/\/jumeaux91.fr\/blog\/wp-content\/uploads\/2023\/05\/cropped-cropped-logoJ_91.png","contentUrl":"https:\/\/jumeaux91.fr\/blog\/wp-content\/uploads\/2023\/05\/cropped-cropped-logoJ_91.png","width":512,"height":512,"caption":"jumeaux91"},"image":{"@id":"https:\/\/jumeaux91.fr\/blog\/#\/schema\/logo\/image\/"}},{"@type":"Person","@id":"https:\/\/jumeaux91.fr\/blog\/#\/schema\/person\/21da06e9f119b9f64e5d45dbbd32d3fb","name":"Claude DAYRES","image":{"@type":"ImageObject","inLanguage":"fr-FR","@id":"https:\/\/secure.gravatar.com\/avatar\/82eb951df6110a2c48d1bfa7a67d1ee6f0cd5df3cbf9c3586dd61e82db7172a5?s=96&d=mm&r=g","url":"https:\/\/secure.gravatar.com\/avatar\/82eb951df6110a2c48d1bfa7a67d1ee6f0cd5df3cbf9c3586dd61e82db7172a5?s=96&d=mm&r=g","contentUrl":"https:\/\/secure.gravatar.com\/avatar\/82eb951df6110a2c48d1bfa7a67d1ee6f0cd5df3cbf9c3586dd61e82db7172a5?s=96&d=mm&r=g","caption":"Claude DAYRES"},"url":"https:\/\/jumeaux91.fr\/blog\/author\/x91claude\/"}]}},"_links":{"self":[{"href":"https:\/\/jumeaux91.fr\/blog\/wp-json\/wp\/v2\/posts\/1871","targetHints":{"allow":["GET"]}}],"collection":[{"href":"https:\/\/jumeaux91.fr\/blog\/wp-json\/wp\/v2\/posts"}],"about":[{"href":"https:\/\/jumeaux91.fr\/blog\/wp-json\/wp\/v2\/types\/post"}],"author":[{"embeddable":true,"href":"https:\/\/jumeaux91.fr\/blog\/wp-json\/wp\/v2\/users\/2"}],"replies":[{"embeddable":true,"href":"https:\/\/jumeaux91.fr\/blog\/wp-json\/wp\/v2\/comments?post=1871"}],"version-history":[{"count":0,"href":"https:\/\/jumeaux91.fr\/blog\/wp-json\/wp\/v2\/posts\/1871\/revisions"}],"wp:featuredmedia":[{"embeddable":true,"href":"https:\/\/jumeaux91.fr\/blog\/wp-json\/wp\/v2\/media\/1872"}],"wp:attachment":[{"href":"https:\/\/jumeaux91.fr\/blog\/wp-json\/wp\/v2\/media?parent=1871"}],"wp:term":[{"taxonomy":"category","embeddable":true,"href":"https:\/\/jumeaux91.fr\/blog\/wp-json\/wp\/v2\/categories?post=1871"},{"taxonomy":"post_tag","embeddable":true,"href":"https:\/\/jumeaux91.fr\/blog\/wp-json\/wp\/v2\/tags?post=1871"}],"curies":[{"name":"wp","href":"https:\/\/api.w.org\/{rel}","templated":true}]}}