{"id":1876,"date":"2025-11-20T02:38:00","date_gmt":"2025-11-20T01:38:00","guid":{"rendered":"https:\/\/jumeaux91.fr\/blog\/adolescents-et-criminels-comment-ont-ils-bascule-affaire-andy\/"},"modified":"2025-11-20T02:38:00","modified_gmt":"2025-11-20T01:38:00","slug":"adolescents-et-criminels-comment-ont-ils-bascule-affaire-andy","status":"publish","type":"post","link":"https:\/\/jumeaux91.fr\/blog\/adolescents-et-criminels-comment-ont-ils-bascule-affaire-andy\/","title":{"rendered":"Adolescents et criminels : comment ont-ils bascul\u00e9 ? : Affaire Andy"},"content":{"rendered":"<figure class=\"component left image\"> <img decoding=\"async\" class=\"img_preview_image\" src=\"https:\/\/jumeaux91.fr\/blog\/wp-content\/uploads\/2025\/11\/adolescents-et-criminels-comment-ont-ils-bascule-affaire-andy.jpg\" width=\"200\" height=\"155\" alt=\"Adolescents et criminels : comment ont-ils bascul\u00e9 ? : Affaire Andy\"><\/figure>\n<p>Andy, un jeune gar\u00e7on de 16 ans, vit avec sa famille \u00e0 Albitreccia, pr\u00e8s d&rsquo;Ajaccio, en Corse. Ensemble, ils renvoient l&rsquo;image d&rsquo;une famille id\u00e9ale. Mais le 11 ao\u00fbt 2009, un sc\u00e9nario macabre se d\u00e9voile. Andy prend le fusil \u00e0 pompe de son p\u00e8re et ex\u00e9cute toute sa famille, \u00e0 commencer par ses parents, puis ses deux petits fr\u00e8res jumeaux. Pourquoi et comment cet adolescent appr\u00e9ci\u00e9 et sans histoires a-t-il pu commettre ces meurtres ? La chronique se veut g\u00e9n\u00e9r\u00e9e de la fa\u00e7on la plus claire que possible. Dans le cas o\u00f9 vous souhaitez pr\u00e9senter des renseignements compl\u00e9mentaires \u00e0 cet article sur le sujet \u00ab\u00a0Fr\u00e8res jumeaux de l&rsquo;Essonnes\u00a0\u00bb il vous est possible d\u2019\u00e9crire aux contacts indiqu\u00e9s sur notre website. La raison d\u2019\u00eatre de jumeaux91.fr \u00e9tant de rassembler sur le web des posts sur le sujet de Fr\u00e8res jumeaux de l&rsquo;Essonnes puis les diffuser en r\u00e9pondant au mieux aux interrogations des gens. Vous pouvez tirer profit de cet article traitant le sujet \u00ab\u00a0Fr\u00e8res jumeaux de l&rsquo;Essonnes\u00a0\u00bb. Il est concoct\u00e9 par l\u2019\u00e9quipe jumeaux91.fr. Prochainement, nous rendrons accessibles au public d&rsquo;autres informations pertinentes sur le sujet \u00ab\u00a0Fr\u00e8res jumeaux de l&rsquo;Essonnes\u00a0\u00bb. Alors, consultez syst\u00e9matiquement notre blog.<\/p>\n","protected":false},"excerpt":{"rendered":"<p>Andy, un jeune gar\u00e7on de 16 ans, vit avec sa famille \u00e0 Albitreccia, pr\u00e8s d&rsquo;Ajaccio, en Corse. Ensemble, ils renvoient l&rsquo;image d&rsquo;une famille id\u00e9ale. Mais le 11 ao\u00fbt 2009, un sc\u00e9nario macabre se d\u00e9voile. Andy prend le fusil \u00e0 pompe de son p\u00e8re et ex\u00e9cute toute sa famille, \u00e0 commencer par ses parents, puis ses&hellip; <a class=\"more-link\" href=\"https:\/\/jumeaux91.fr\/blog\/adolescents-et-criminels-comment-ont-ils-bascule-affaire-andy\/\">Poursuivre la lecture <span class=\"screen-reader-text\">Adolescents et criminels : comment ont-ils bascul\u00e9 ? : Affaire Andy<\/span><\/a><\/p>\n","protected":false},"author":2,"featured_media":1877,"comment_status":"closed","ping_status":"closed","sticky":false,"template":"","format":"standard","meta":{"footnotes":""},"categories":[4],"tags":[],"class_list":["post-1876","post","type-post","status-publish","format-standard","has-post-thumbnail","hentry","category-posts-freres-jumeaux-de-lessonnes","entry"],"yoast_head":"<!-- This site is optimized with the Yoast SEO plugin v27.5 - https:\/\/yoast.com\/product\/yoast-seo-wordpress\/ -->\n<title>Adolescents et criminels : comment ont-ils bascul\u00e9 ? : Affaire Andy - JUMEAUX91<\/title>\n<meta name=\"robots\" content=\"index, follow, max-snippet:-1, max-image-preview:large, max-video-preview:-1\" \/>\n<link rel=\"canonical\" href=\"https:\/\/jumeaux91.fr\/blog\/adolescents-et-criminels-comment-ont-ils-bascule-affaire-andy\/\" \/>\n<meta property=\"og:locale\" content=\"fr_FR\" \/>\n<meta property=\"og:type\" content=\"article\" \/>\n<meta property=\"og:title\" content=\"Adolescents et criminels : comment ont-ils bascul\u00e9 ? : Affaire Andy - JUMEAUX91\" \/>\n<meta property=\"og:description\" content=\"Andy, un jeune gar\u00e7on de 16 ans, vit avec sa famille \u00e0 Albitreccia, pr\u00e8s d&rsquo;Ajaccio, en Corse. Ensemble, ils renvoient l&rsquo;image d&rsquo;une famille id\u00e9ale. Mais le 11 ao\u00fbt 2009, un sc\u00e9nario macabre se d\u00e9voile. Andy prend le fusil \u00e0 pompe de son p\u00e8re et ex\u00e9cute toute sa famille, \u00e0 commencer par ses parents, puis ses&hellip; Poursuivre la lecture Adolescents et criminels : comment ont-ils bascul\u00e9 ? : Affaire Andy\" \/>\n<meta property=\"og:url\" content=\"https:\/\/jumeaux91.fr\/blog\/adolescents-et-criminels-comment-ont-ils-bascule-affaire-andy\/\" \/>\n<meta property=\"og:site_name\" content=\"JUMEAUX91\" \/>\n<meta property=\"article:published_time\" content=\"2025-11-20T01:38:00+00:00\" \/>\n<meta property=\"og:image\" content=\"https:\/\/jumeaux91.fr\/blog\/wp-content\/uploads\/2025\/11\/adolescents-et-criminels-comment-ont-ils-bascule-affaire-andy.jpg\" \/>\n<meta name=\"author\" content=\"Claude DAYRES\" \/>\n<meta name=\"twitter:card\" content=\"summary_large_image\" \/>\n<meta name=\"twitter:label1\" content=\"\u00c9crit par\" \/>\n\t<meta name=\"twitter:data1\" content=\"Claude DAYRES\" \/>\n\t<meta name=\"twitter:label2\" content=\"Dur\u00e9e de lecture estim\u00e9e\" \/>\n\t<meta name=\"twitter:data2\" content=\"1 minute\" \/>\n<script type=\"application\/ld+json\" class=\"yoast-schema-graph\">{\"@context\":\"https:\\\/\\\/schema.org\",\"@graph\":[{\"@type\":\"Article\",\"@id\":\"https:\\\/\\\/jumeaux91.fr\\\/blog\\\/adolescents-et-criminels-comment-ont-ils-bascule-affaire-andy\\\/#article\",\"isPartOf\":{\"@id\":\"https:\\\/\\\/jumeaux91.fr\\\/blog\\\/adolescents-et-criminels-comment-ont-ils-bascule-affaire-andy\\\/\"},\"author\":{\"name\":\"Claude DAYRES\",\"@id\":\"https:\\\/\\\/jumeaux91.fr\\\/blog\\\/#\\\/schema\\\/person\\\/21da06e9f119b9f64e5d45dbbd32d3fb\"},\"headline\":\"Adolescents et criminels : comment ont-ils bascul\u00e9 ? : Affaire Andy\",\"datePublished\":\"2025-11-20T01:38:00+00:00\",\"mainEntityOfPage\":{\"@id\":\"https:\\\/\\\/jumeaux91.fr\\\/blog\\\/adolescents-et-criminels-comment-ont-ils-bascule-affaire-andy\\\/\"},\"wordCount\":227,\"publisher\":{\"@id\":\"https:\\\/\\\/jumeaux91.fr\\\/blog\\\/#organization\"},\"image\":{\"@id\":\"https:\\\/\\\/jumeaux91.fr\\\/blog\\\/adolescents-et-criminels-comment-ont-ils-bascule-affaire-andy\\\/#primaryimage\"},\"thumbnailUrl\":\"https:\\\/\\\/jumeaux91.fr\\\/blog\\\/wp-content\\\/uploads\\\/2025\\\/11\\\/adolescents-et-criminels-comment-ont-ils-bascule-affaire-andy.jpg\",\"articleSection\":[\"Posts Fr\u00e8res Jumeaux De L'Essonnes:\"],\"inLanguage\":\"fr-FR\"},{\"@type\":\"WebPage\",\"@id\":\"https:\\\/\\\/jumeaux91.fr\\\/blog\\\/adolescents-et-criminels-comment-ont-ils-bascule-affaire-andy\\\/\",\"url\":\"https:\\\/\\\/jumeaux91.fr\\\/blog\\\/adolescents-et-criminels-comment-ont-ils-bascule-affaire-andy\\\/\",\"name\":\"Adolescents et criminels : comment ont-ils bascul\u00e9 ? : Affaire Andy - JUMEAUX91\",\"isPartOf\":{\"@id\":\"https:\\\/\\\/jumeaux91.fr\\\/blog\\\/#website\"},\"primaryImageOfPage\":{\"@id\":\"https:\\\/\\\/jumeaux91.fr\\\/blog\\\/adolescents-et-criminels-comment-ont-ils-bascule-affaire-andy\\\/#primaryimage\"},\"image\":{\"@id\":\"https:\\\/\\\/jumeaux91.fr\\\/blog\\\/adolescents-et-criminels-comment-ont-ils-bascule-affaire-andy\\\/#primaryimage\"},\"thumbnailUrl\":\"https:\\\/\\\/jumeaux91.fr\\\/blog\\\/wp-content\\\/uploads\\\/2025\\\/11\\\/adolescents-et-criminels-comment-ont-ils-bascule-affaire-andy.jpg\",\"datePublished\":\"2025-11-20T01:38:00+00:00\",\"breadcrumb\":{\"@id\":\"https:\\\/\\\/jumeaux91.fr\\\/blog\\\/adolescents-et-criminels-comment-ont-ils-bascule-affaire-andy\\\/#breadcrumb\"},\"inLanguage\":\"fr-FR\",\"potentialAction\":[{\"@type\":\"ReadAction\",\"target\":[\"https:\\\/\\\/jumeaux91.fr\\\/blog\\\/adolescents-et-criminels-comment-ont-ils-bascule-affaire-andy\\\/\"]}]},{\"@type\":\"ImageObject\",\"inLanguage\":\"fr-FR\",\"@id\":\"https:\\\/\\\/jumeaux91.fr\\\/blog\\\/adolescents-et-criminels-comment-ont-ils-bascule-affaire-andy\\\/#primaryimage\",\"url\":\"https:\\\/\\\/jumeaux91.fr\\\/blog\\\/wp-content\\\/uploads\\\/2025\\\/11\\\/adolescents-et-criminels-comment-ont-ils-bascule-affaire-andy.jpg\",\"contentUrl\":\"https:\\\/\\\/jumeaux91.fr\\\/blog\\\/wp-content\\\/uploads\\\/2025\\\/11\\\/adolescents-et-criminels-comment-ont-ils-bascule-affaire-andy.jpg\",\"width\":200,\"height\":155,\"caption\":\"Adolescents et criminels : comment ont ils bascul\u00e9 ? : Affaire Andy\"},{\"@type\":\"BreadcrumbList\",\"@id\":\"https:\\\/\\\/jumeaux91.fr\\\/blog\\\/adolescents-et-criminels-comment-ont-ils-bascule-affaire-andy\\\/#breadcrumb\",\"itemListElement\":[{\"@type\":\"ListItem\",\"position\":1,\"name\":\"Accueil\",\"item\":\"https:\\\/\\\/jumeaux91.fr\\\/blog\\\/\"},{\"@type\":\"ListItem\",\"position\":2,\"name\":\"Adolescents et criminels : comment ont-ils bascul\u00e9 ? : Affaire Andy\"}]},{\"@type\":\"WebSite\",\"@id\":\"https:\\\/\\\/jumeaux91.fr\\\/blog\\\/#website\",\"url\":\"https:\\\/\\\/jumeaux91.fr\\\/blog\\\/\",\"name\":\"JUMEAUX91\",\"description\":\"Fr\u00e8res jumeaux de l&#039;Essonnes; informations et archives, \u00e0 savoir et retenir.\",\"publisher\":{\"@id\":\"https:\\\/\\\/jumeaux91.fr\\\/blog\\\/#organization\"},\"potentialAction\":[{\"@type\":\"SearchAction\",\"target\":{\"@type\":\"EntryPoint\",\"urlTemplate\":\"https:\\\/\\\/jumeaux91.fr\\\/blog\\\/?s={search_term_string}\"},\"query-input\":{\"@type\":\"PropertyValueSpecification\",\"valueRequired\":true,\"valueName\":\"search_term_string\"}}],\"inLanguage\":\"fr-FR\"},{\"@type\":\"Organization\",\"@id\":\"https:\\\/\\\/jumeaux91.fr\\\/blog\\\/#organization\",\"name\":\"jumeaux91\",\"url\":\"https:\\\/\\\/jumeaux91.fr\\\/blog\\\/\",\"logo\":{\"@type\":\"ImageObject\",\"inLanguage\":\"fr-FR\",\"@id\":\"https:\\\/\\\/jumeaux91.fr\\\/blog\\\/#\\\/schema\\\/logo\\\/image\\\/\",\"url\":\"https:\\\/\\\/jumeaux91.fr\\\/blog\\\/wp-content\\\/uploads\\\/2023\\\/05\\\/cropped-cropped-logoJ_91.png\",\"contentUrl\":\"https:\\\/\\\/jumeaux91.fr\\\/blog\\\/wp-content\\\/uploads\\\/2023\\\/05\\\/cropped-cropped-logoJ_91.png\",\"width\":512,\"height\":512,\"caption\":\"jumeaux91\"},\"image\":{\"@id\":\"https:\\\/\\\/jumeaux91.fr\\\/blog\\\/#\\\/schema\\\/logo\\\/image\\\/\"}},{\"@type\":\"Person\",\"@id\":\"https:\\\/\\\/jumeaux91.fr\\\/blog\\\/#\\\/schema\\\/person\\\/21da06e9f119b9f64e5d45dbbd32d3fb\",\"name\":\"Claude DAYRES\",\"image\":{\"@type\":\"ImageObject\",\"inLanguage\":\"fr-FR\",\"@id\":\"https:\\\/\\\/secure.gravatar.com\\\/avatar\\\/82eb951df6110a2c48d1bfa7a67d1ee6f0cd5df3cbf9c3586dd61e82db7172a5?s=96&d=mm&r=g\",\"url\":\"https:\\\/\\\/secure.gravatar.com\\\/avatar\\\/82eb951df6110a2c48d1bfa7a67d1ee6f0cd5df3cbf9c3586dd61e82db7172a5?s=96&d=mm&r=g\",\"contentUrl\":\"https:\\\/\\\/secure.gravatar.com\\\/avatar\\\/82eb951df6110a2c48d1bfa7a67d1ee6f0cd5df3cbf9c3586dd61e82db7172a5?s=96&d=mm&r=g\",\"caption\":\"Claude DAYRES\"},\"url\":\"https:\\\/\\\/jumeaux91.fr\\\/blog\\\/author\\\/x91claude\\\/\"}]}<\/script>\n<!-- \/ Yoast SEO plugin. -->","yoast_head_json":{"title":"Adolescents et criminels : comment ont-ils bascul\u00e9 ? : Affaire Andy - JUMEAUX91","robots":{"index":"index","follow":"follow","max-snippet":"max-snippet:-1","max-image-preview":"max-image-preview:large","max-video-preview":"max-video-preview:-1"},"canonical":"https:\/\/jumeaux91.fr\/blog\/adolescents-et-criminels-comment-ont-ils-bascule-affaire-andy\/","og_locale":"fr_FR","og_type":"article","og_title":"Adolescents et criminels : comment ont-ils bascul\u00e9 ? : Affaire Andy - JUMEAUX91","og_description":"Andy, un jeune gar\u00e7on de 16 ans, vit avec sa famille \u00e0 Albitreccia, pr\u00e8s d&rsquo;Ajaccio, en Corse. Ensemble, ils renvoient l&rsquo;image d&rsquo;une famille id\u00e9ale. Mais le 11 ao\u00fbt 2009, un sc\u00e9nario macabre se d\u00e9voile. Andy prend le fusil \u00e0 pompe de son p\u00e8re et ex\u00e9cute toute sa famille, \u00e0 commencer par ses parents, puis ses&hellip; Poursuivre la lecture Adolescents et criminels : comment ont-ils bascul\u00e9 ? : Affaire Andy","og_url":"https:\/\/jumeaux91.fr\/blog\/adolescents-et-criminels-comment-ont-ils-bascule-affaire-andy\/","og_site_name":"JUMEAUX91","article_published_time":"2025-11-20T01:38:00+00:00","og_image":[{"url":"https:\/\/jumeaux91.fr\/blog\/wp-content\/uploads\/2025\/11\/adolescents-et-criminels-comment-ont-ils-bascule-affaire-andy.jpg","type":"","width":"","height":""}],"author":"Claude DAYRES","twitter_card":"summary_large_image","twitter_misc":{"\u00c9crit par":"Claude DAYRES","Dur\u00e9e de lecture estim\u00e9e":"1 minute"},"schema":{"@context":"https:\/\/schema.org","@graph":[{"@type":"Article","@id":"https:\/\/jumeaux91.fr\/blog\/adolescents-et-criminels-comment-ont-ils-bascule-affaire-andy\/#article","isPartOf":{"@id":"https:\/\/jumeaux91.fr\/blog\/adolescents-et-criminels-comment-ont-ils-bascule-affaire-andy\/"},"author":{"name":"Claude DAYRES","@id":"https:\/\/jumeaux91.fr\/blog\/#\/schema\/person\/21da06e9f119b9f64e5d45dbbd32d3fb"},"headline":"Adolescents et criminels : comment ont-ils bascul\u00e9 ? : Affaire Andy","datePublished":"2025-11-20T01:38:00+00:00","mainEntityOfPage":{"@id":"https:\/\/jumeaux91.fr\/blog\/adolescents-et-criminels-comment-ont-ils-bascule-affaire-andy\/"},"wordCount":227,"publisher":{"@id":"https:\/\/jumeaux91.fr\/blog\/#organization"},"image":{"@id":"https:\/\/jumeaux91.fr\/blog\/adolescents-et-criminels-comment-ont-ils-bascule-affaire-andy\/#primaryimage"},"thumbnailUrl":"https:\/\/jumeaux91.fr\/blog\/wp-content\/uploads\/2025\/11\/adolescents-et-criminels-comment-ont-ils-bascule-affaire-andy.jpg","articleSection":["Posts Fr\u00e8res Jumeaux De L'Essonnes:"],"inLanguage":"fr-FR"},{"@type":"WebPage","@id":"https:\/\/jumeaux91.fr\/blog\/adolescents-et-criminels-comment-ont-ils-bascule-affaire-andy\/","url":"https:\/\/jumeaux91.fr\/blog\/adolescents-et-criminels-comment-ont-ils-bascule-affaire-andy\/","name":"Adolescents et criminels : comment ont-ils bascul\u00e9 ? : Affaire Andy - JUMEAUX91","isPartOf":{"@id":"https:\/\/jumeaux91.fr\/blog\/#website"},"primaryImageOfPage":{"@id":"https:\/\/jumeaux91.fr\/blog\/adolescents-et-criminels-comment-ont-ils-bascule-affaire-andy\/#primaryimage"},"image":{"@id":"https:\/\/jumeaux91.fr\/blog\/adolescents-et-criminels-comment-ont-ils-bascule-affaire-andy\/#primaryimage"},"thumbnailUrl":"https:\/\/jumeaux91.fr\/blog\/wp-content\/uploads\/2025\/11\/adolescents-et-criminels-comment-ont-ils-bascule-affaire-andy.jpg","datePublished":"2025-11-20T01:38:00+00:00","breadcrumb":{"@id":"https:\/\/jumeaux91.fr\/blog\/adolescents-et-criminels-comment-ont-ils-bascule-affaire-andy\/#breadcrumb"},"inLanguage":"fr-FR","potentialAction":[{"@type":"ReadAction","target":["https:\/\/jumeaux91.fr\/blog\/adolescents-et-criminels-comment-ont-ils-bascule-affaire-andy\/"]}]},{"@type":"ImageObject","inLanguage":"fr-FR","@id":"https:\/\/jumeaux91.fr\/blog\/adolescents-et-criminels-comment-ont-ils-bascule-affaire-andy\/#primaryimage","url":"https:\/\/jumeaux91.fr\/blog\/wp-content\/uploads\/2025\/11\/adolescents-et-criminels-comment-ont-ils-bascule-affaire-andy.jpg","contentUrl":"https:\/\/jumeaux91.fr\/blog\/wp-content\/uploads\/2025\/11\/adolescents-et-criminels-comment-ont-ils-bascule-affaire-andy.jpg","width":200,"height":155,"caption":"Adolescents et criminels : comment ont ils bascul\u00e9 ? : Affaire Andy"},{"@type":"BreadcrumbList","@id":"https:\/\/jumeaux91.fr\/blog\/adolescents-et-criminels-comment-ont-ils-bascule-affaire-andy\/#breadcrumb","itemListElement":[{"@type":"ListItem","position":1,"name":"Accueil","item":"https:\/\/jumeaux91.fr\/blog\/"},{"@type":"ListItem","position":2,"name":"Adolescents et criminels : comment ont-ils bascul\u00e9 ? : Affaire Andy"}]},{"@type":"WebSite","@id":"https:\/\/jumeaux91.fr\/blog\/#website","url":"https:\/\/jumeaux91.fr\/blog\/","name":"JUMEAUX91","description":"Fr\u00e8res jumeaux de l&#039;Essonnes; informations et archives, \u00e0 savoir et retenir.","publisher":{"@id":"https:\/\/jumeaux91.fr\/blog\/#organization"},"potentialAction":[{"@type":"SearchAction","target":{"@type":"EntryPoint","urlTemplate":"https:\/\/jumeaux91.fr\/blog\/?s={search_term_string}"},"query-input":{"@type":"PropertyValueSpecification","valueRequired":true,"valueName":"search_term_string"}}],"inLanguage":"fr-FR"},{"@type":"Organization","@id":"https:\/\/jumeaux91.fr\/blog\/#organization","name":"jumeaux91","url":"https:\/\/jumeaux91.fr\/blog\/","logo":{"@type":"ImageObject","inLanguage":"fr-FR","@id":"https:\/\/jumeaux91.fr\/blog\/#\/schema\/logo\/image\/","url":"https:\/\/jumeaux91.fr\/blog\/wp-content\/uploads\/2023\/05\/cropped-cropped-logoJ_91.png","contentUrl":"https:\/\/jumeaux91.fr\/blog\/wp-content\/uploads\/2023\/05\/cropped-cropped-logoJ_91.png","width":512,"height":512,"caption":"jumeaux91"},"image":{"@id":"https:\/\/jumeaux91.fr\/blog\/#\/schema\/logo\/image\/"}},{"@type":"Person","@id":"https:\/\/jumeaux91.fr\/blog\/#\/schema\/person\/21da06e9f119b9f64e5d45dbbd32d3fb","name":"Claude DAYRES","image":{"@type":"ImageObject","inLanguage":"fr-FR","@id":"https:\/\/secure.gravatar.com\/avatar\/82eb951df6110a2c48d1bfa7a67d1ee6f0cd5df3cbf9c3586dd61e82db7172a5?s=96&d=mm&r=g","url":"https:\/\/secure.gravatar.com\/avatar\/82eb951df6110a2c48d1bfa7a67d1ee6f0cd5df3cbf9c3586dd61e82db7172a5?s=96&d=mm&r=g","contentUrl":"https:\/\/secure.gravatar.com\/avatar\/82eb951df6110a2c48d1bfa7a67d1ee6f0cd5df3cbf9c3586dd61e82db7172a5?s=96&d=mm&r=g","caption":"Claude DAYRES"},"url":"https:\/\/jumeaux91.fr\/blog\/author\/x91claude\/"}]}},"_links":{"self":[{"href":"https:\/\/jumeaux91.fr\/blog\/wp-json\/wp\/v2\/posts\/1876","targetHints":{"allow":["GET"]}}],"collection":[{"href":"https:\/\/jumeaux91.fr\/blog\/wp-json\/wp\/v2\/posts"}],"about":[{"href":"https:\/\/jumeaux91.fr\/blog\/wp-json\/wp\/v2\/types\/post"}],"author":[{"embeddable":true,"href":"https:\/\/jumeaux91.fr\/blog\/wp-json\/wp\/v2\/users\/2"}],"replies":[{"embeddable":true,"href":"https:\/\/jumeaux91.fr\/blog\/wp-json\/wp\/v2\/comments?post=1876"}],"version-history":[{"count":0,"href":"https:\/\/jumeaux91.fr\/blog\/wp-json\/wp\/v2\/posts\/1876\/revisions"}],"wp:featuredmedia":[{"embeddable":true,"href":"https:\/\/jumeaux91.fr\/blog\/wp-json\/wp\/v2\/media\/1877"}],"wp:attachment":[{"href":"https:\/\/jumeaux91.fr\/blog\/wp-json\/wp\/v2\/media?parent=1876"}],"wp:term":[{"taxonomy":"category","embeddable":true,"href":"https:\/\/jumeaux91.fr\/blog\/wp-json\/wp\/v2\/categories?post=1876"},{"taxonomy":"post_tag","embeddable":true,"href":"https:\/\/jumeaux91.fr\/blog\/wp-json\/wp\/v2\/tags?post=1876"}],"curies":[{"name":"wp","href":"https:\/\/api.w.org\/{rel}","templated":true}]}}