{"id":1878,"date":"2025-11-23T22:07:00","date_gmt":"2025-11-23T21:07:00","guid":{"rendered":"https:\/\/jumeaux91.fr\/blog\/frederic-de-lamour-est-dans-le-pre-a-embrasse-la-pretendante-de-son-frere-jumeau\/"},"modified":"2025-11-23T22:07:00","modified_gmt":"2025-11-23T21:07:00","slug":"frederic-de-lamour-est-dans-le-pre-a-embrasse-la-pretendante-de-son-frere-jumeau","status":"publish","type":"post","link":"https:\/\/jumeaux91.fr\/blog\/frederic-de-lamour-est-dans-le-pre-a-embrasse-la-pretendante-de-son-frere-jumeau\/","title":{"rendered":"Fr\u00e9d\u00e9ric, de L\u2019Amour est dans le pr\u00e9, a embrass\u00e9\u2026 la pr\u00e9tendante de son fr\u00e8re jumeau"},"content":{"rendered":"<p> \tLa soir\u00e9e finale de L\u2019Amour est dans le pr\u00e9 a r\u00e9serv\u00e9 son lot de surprises : Fr\u00e9d\u00e9ric a \u00e9chang\u00e9 un bisou avec St\u00e9phanie\u2026 l\u2019ancienne pr\u00e9tendante de son fr\u00e8re Dominique. Une sc\u00e8ne qui n\u2019a pas manqu\u00e9 de faire r\u00e9agir. <!-- \/\/ builder=DFPTagBuilder, site=RTLINFO, pageType=node, context=\/Sections\/People\/RTL inside, position=hdr-flexs-m-1, edition=, domain=www.rtl.be --> <\/p>\n<p>Dominique et Fr\u00e9d\u00e9ric, les jumeaux \u00e9leveurs de bovins install\u00e9s \u00e0 Saint-Sauveur, ont marqu\u00e9 cette saison de<em> L\u2019Amour est dans le pr\u00e9<\/em> par leur complicit\u00e9 et leurs personnalit\u00e9s tr\u00e8s diff\u00e9rentes. Si Dominique est extraverti et aime faire la f\u00eate, Fr\u00e9d\u00e9ric est plus discret, mais tous deux partageaient le m\u00eame souhait : enfin trouver l\u2019\u00e2me s\u0153ur.<\/p>\n<p>Mais les aventures sentimentales des deux fr\u00e8res ne se sont pas d\u00e9roul\u00e9es comme pr\u00e9vu. Fr\u00e9d\u00e9ric a rapidement mis fin \u00e0 son histoire avec Claudia, d\u00e8s leur arriv\u00e9e en Turquie. Malgr\u00e9 cette rupture express, les deux ont su conserver une relation amicale.<\/p>\n<p><!-- \/\/ builder=DFPTagBuilder, site=RTLINFO, pageType=node, context=\/Sections\/People\/RTL inside, position=inr-flexmv-m-1, edition=, domain=www.rtl.be --> <!-- \/\/ builder=DFPTagBuilder, site=RTLINFO, pageType=node, context=\/Sections\/People\/RTL inside, position=inr-flexsv-d-1, edition=, domain=www.rtl.be --> <\/p>\n<aside class=\"r-stories\">\n<h5 class=\"r-stories--label\">\u00c0 lire aussi<\/h5>\n<p>  <!-- scald=4420141:ena_mini --> <\/p>\n<figure role=\"img\" class=\"r-ratio--1-1 \" aria-label=\"Dominique.jpg\"> <img decoding=\"async\" data-copyright=\"L\u2019Amour est dans le pr\u00e9\" class=\"r-img\" src=\"https:\/\/jumeaux91.fr\/blog\/wp-content\/uploads\/2025\/11\/frederic-de-lamour-est-dans-le-pre-a-embrasse-la-pretendante-de-son-frere-jumeau.jpg\" alt=\"Dominique.jpg\"> <\/figure>\n<p><!-- END scald=4420141 --> <a class=\"r-stories--link\" href=\"http:\/\/eng-master.rtl.be\/people\/rtl-inside\/lamour-est-dans-le-pre\/il-est-coince-du-cote-de-sa-maman-la-pression-familiale-aura-t-elle-raison-du\/2025-11-19\/article\/770896\" target=\"_blank\" rel=\"nofollow\">\u00ab&nbsp;Il est coinc\u00e9 du c\u00f4t\u00e9 de sa maman&nbsp;\u00bb&nbsp;: la pression familiale aura-t-elle raison du couple form\u00e9 par Dominique et St\u00e9phanie dans&nbsp;L\u2019Amour est dans le pr\u00e9&nbsp;?<\/a><br \/>\n<\/aside>\n<p><!-- END scald=4426903 --><\/p>\n<p>Dominique, de son c\u00f4t\u00e9, est parti en Italie avec St\u00e9phanie. Mais tr\u00e8s vite, le doute s\u2019est install\u00e9. \u00abIl me manque un petit quelque chose de mon c\u00f4t\u00e9\u00bb, confiait-il. \u00abToi, tu ressens plus pour moi que l\u2019inverse.\u00bb La connexion n\u2019a pas \u00e9t\u00e9 au rendez-vous.<\/p>\n<h2 class=\"sub-head\">Une soir\u00e9e finale pleine de rebondissements<\/h2>\n<p>Tout semblait donc termin\u00e9 pour ces deux histoires\u2026 jusqu\u2019\u00e0 la soir\u00e9e finale. R\u00e9unis avec les autres candidats pour f\u00eater la fin de l\u2019aventure, Fr\u00e9d\u00e9ric et Dominique \u00e9taient loin d\u2019imaginer que la soir\u00e9e allait prendre une telle tournure.<\/p>\n<p>Pendant la soir\u00e9e, certains invit\u00e9s ont rep\u00e9r\u00e9 un moment de complicit\u00e9 entre Fr\u00e9d\u00e9ric et St\u00e9phanie, l\u2019ancienne pr\u00e9tendante de Dominique. \u00ab J\u2019ai vu St\u00e9phanie embrasser Dominique ou Fr\u00e9d\u00e9ric, je ne sais pas, mais pas celui avec qui elle \u00e9tait partie en voyage \u00bb, raconte Marie \u00e0 Wendy lors d\u2019un d\u00e9brief de la soir\u00e9e. \u00ab Apr\u00e8s, c\u2019est juste un petit bisou, ce n\u2019est rien de grave. \u00bb<\/p>\n<p><!-- \/\/ builder=DFPTagBuilder, site=RTLINFO, pageType=node, context=\/Sections\/People\/RTL inside, position=inr-flexs-m-1, edition=, domain=www.rtl.be --> <!-- \/\/ builder=DFPTagBuilder, site=RTLINFO, pageType=node, context=\/Sections\/People\/RTL inside, position=inr-flexm-d-1, edition=, domain=www.rtl.be --> <\/p>\n<p>Mais ce \u00abpetit bisou\u00bb a rapidement attir\u00e9 l\u2019attention de Maria del Rio, qui a confront\u00e9 les deux fr\u00e8res. \u00abFr\u00e9d\u00e9ric, il y a eu un petit rapprochement avec St\u00e9phanie ?\u00bb, demande-t-elle. Fr\u00e9d\u00e9ric r\u00e9pond simplement : \u00abElle m\u2019a fait un bisou, mais c\u2019\u00e9tait juste amical, rien de plus.\u00bb<\/p>\n<h2 class=\"sub-head\">Comment Dominique a-t-il pris la nouvelle ?<\/h2>\n<p>De son c\u00f4t\u00e9, Dominique apprend la nouvelle en direct. \u00ab Je l\u2019apprends aujourd\u2019hui \u00bb, r\u00e9agit-il, un peu surpris. Et quand on lui demande ce que \u00e7a lui fait, il le prend avec philosophie : \u00ab \u00c7a reste juste un bisou d\u2019amiti\u00e9. \u00bb<\/p>\n<aside class=\"r-stories\">\n<h5 class=\"r-stories--label\">\u00c0 lire aussi<\/h5>\n<p>  <!-- scald=4417235:ena_mini --> <\/p>\n<figure role=\"img\" class=\"r-ratio--1-1 \" aria-label=\"Frederic.jpg\"> <img decoding=\"async\" data-copyright=\"L\u2019Amour est dans le pr\u00e9\" class=\"r-img\" src=\"https:\/\/jumeaux91.fr\/blog\/wp-content\/uploads\/2025\/11\/frederic-de-lamour-est-dans-le-pre-a-embrasse-la-pretendante-de-son-frere-jumeau-1.jpg\" alt=\"Frederic.jpg\"> <\/figure>\n<p><!-- END scald=4417235 --> <a class=\"r-stories--link\" href=\"http:\/\/eng-master.rtl.be\/people\/rtl-inside\/lamour-est-dans-le-pre\/tu-parles-beaucoup-tu-metouffes-dans-lamour-est-dans-le-pre-le-sejour-de\/2025-11-17\/article\/770656\" target=\"_blank\" rel=\"nofollow\">\u00ab&nbsp;Tu parles beaucoup, tu m\u2019\u00e9touffes&nbsp;\u00bb&nbsp;: dans L\u2019Amour est dans le pr\u00e9, le s\u00e9jour de Fr\u00e9d\u00e9ric tourne \u00e0 la confrontation avec sa pr\u00e9tendante<\/a><br \/>\n<\/aside>\n<p><!-- END scald=4426904 --><\/p>\n<p>Fr\u00e9d\u00e9ric, lui, insiste : il ne s\u2019est rien pass\u00e9 de plus apr\u00e8s la soir\u00e9e. \u00ab Je suis reparti seul. \u00bb<\/p>\n<p><strong>Envie de (re)vivre les moments forts de la saison ? Les \u00e9pisodes de L\u2019Amour est dans le pr\u00e9 vous attendent en streaming sur <a href=\"https:\/\/www.rtlplay.be\/rtlplay\/lamour-est-dans-le-pre~4d95209c-9501-4b98-85a3-2d5bb7d47b67\" class=\"r-stories--HyPlink\" id=\"Hyp-\" target=\"_blank\" rel=\"nofollow\">RTL play<\/a>.<\/strong><\/p>\n<p><!-- \/\/ builder=DFPTagBuilder, site=RTLINFO, pageType=node, context=\/Sections\/People\/RTL inside, position=inr-flexm-d-99, edition=, domain=www.rtl.be --> <!-- \/\/ builder=DFPTagBuilder, site=RTLINFO, pageType=node, context=\/Sections\/People\/RTL inside, position=inr-flexmv-m-99, edition=, domain=www.rtl.be --><br \/>\n<a class=\"r-btn r-btn--tag\" href=\"https:\/\/www.rtl.be\/331478\/free-tags\/lamour-est-dans-le-pre\" title=\"L'Amour est dans le pr\u00e9\" target=\"_blank\" rel=\"nofollow\">L&rsquo;Amour est dans le pr\u00e9<\/a><\/p>\n<p>La chronique se veut g\u00e9n\u00e9r\u00e9e de la fa\u00e7on la plus claire que possible. Dans le cas o\u00f9 vous souhaitez pr\u00e9senter des renseignements compl\u00e9mentaires \u00e0 cet article sur le sujet \u00ab\u00a0Fr\u00e8res jumeaux de l&rsquo;Essonnes\u00a0\u00bb il vous est possible d\u2019\u00e9crire aux contacts indiqu\u00e9s sur notre website. La raison d\u2019\u00eatre de jumeaux91.fr \u00e9tant de rassembler sur le web des posts sur le sujet de Fr\u00e8res jumeaux de l&rsquo;Essonnes puis les diffuser en r\u00e9pondant au mieux aux interrogations des gens. Vous pouvez tirer profit de cet article traitant le sujet \u00ab\u00a0Fr\u00e8res jumeaux de l&rsquo;Essonnes\u00a0\u00bb. Il est concoct\u00e9 par l\u2019\u00e9quipe jumeaux91.fr. Prochainement, nous rendrons accessibles au public d&rsquo;autres informations pertinentes sur le sujet \u00ab\u00a0Fr\u00e8res jumeaux de l&rsquo;Essonnes\u00a0\u00bb. Alors, consultez syst\u00e9matiquement notre blog.<\/p>\n","protected":false},"excerpt":{"rendered":"<p>La soir\u00e9e finale de L\u2019Amour est dans le pr\u00e9 a r\u00e9serv\u00e9 son lot de surprises : Fr\u00e9d\u00e9ric a \u00e9chang\u00e9 un bisou avec St\u00e9phanie\u2026 l\u2019ancienne pr\u00e9tendante de son fr\u00e8re Dominique. Une sc\u00e8ne qui n\u2019a pas manqu\u00e9 de faire r\u00e9agir. Dominique et Fr\u00e9d\u00e9ric, les jumeaux \u00e9leveurs de bovins install\u00e9s \u00e0 Saint-Sauveur, ont marqu\u00e9 cette saison de L\u2019Amour&hellip; <a class=\"more-link\" href=\"https:\/\/jumeaux91.fr\/blog\/frederic-de-lamour-est-dans-le-pre-a-embrasse-la-pretendante-de-son-frere-jumeau\/\">Poursuivre la lecture <span class=\"screen-reader-text\">Fr\u00e9d\u00e9ric, de L\u2019Amour est dans le pr\u00e9, a embrass\u00e9\u2026 la pr\u00e9tendante de son fr\u00e8re jumeau<\/span><\/a><\/p>\n","protected":false},"author":2,"featured_media":1879,"comment_status":"closed","ping_status":"closed","sticky":false,"template":"","format":"standard","meta":{"footnotes":""},"categories":[4],"tags":[],"class_list":["post-1878","post","type-post","status-publish","format-standard","has-post-thumbnail","hentry","category-posts-freres-jumeaux-de-lessonnes","entry"],"yoast_head":"<!-- This site is optimized with the Yoast SEO plugin v27.5 - https:\/\/yoast.com\/product\/yoast-seo-wordpress\/ -->\n<title>Fr\u00e9d\u00e9ric, de L\u2019Amour est dans le pr\u00e9, a embrass\u00e9\u2026 la pr\u00e9tendante de son fr\u00e8re jumeau - JUMEAUX91<\/title>\n<meta name=\"robots\" content=\"index, follow, max-snippet:-1, max-image-preview:large, max-video-preview:-1\" \/>\n<link rel=\"canonical\" href=\"https:\/\/jumeaux91.fr\/blog\/frederic-de-lamour-est-dans-le-pre-a-embrasse-la-pretendante-de-son-frere-jumeau\/\" \/>\n<meta property=\"og:locale\" content=\"fr_FR\" \/>\n<meta property=\"og:type\" content=\"article\" \/>\n<meta property=\"og:title\" content=\"Fr\u00e9d\u00e9ric, de L\u2019Amour est dans le pr\u00e9, a embrass\u00e9\u2026 la pr\u00e9tendante de son fr\u00e8re jumeau - JUMEAUX91\" \/>\n<meta property=\"og:description\" content=\"La soir\u00e9e finale de L\u2019Amour est dans le pr\u00e9 a r\u00e9serv\u00e9 son lot de surprises : Fr\u00e9d\u00e9ric a \u00e9chang\u00e9 un bisou avec St\u00e9phanie\u2026 l\u2019ancienne pr\u00e9tendante de son fr\u00e8re Dominique. Une sc\u00e8ne qui n\u2019a pas manqu\u00e9 de faire r\u00e9agir. Dominique et Fr\u00e9d\u00e9ric, les jumeaux \u00e9leveurs de bovins install\u00e9s \u00e0 Saint-Sauveur, ont marqu\u00e9 cette saison de L\u2019Amour&hellip; Poursuivre la lecture Fr\u00e9d\u00e9ric, de L\u2019Amour est dans le pr\u00e9, a embrass\u00e9\u2026 la pr\u00e9tendante de son fr\u00e8re jumeau\" \/>\n<meta property=\"og:url\" content=\"https:\/\/jumeaux91.fr\/blog\/frederic-de-lamour-est-dans-le-pre-a-embrasse-la-pretendante-de-son-frere-jumeau\/\" \/>\n<meta property=\"og:site_name\" content=\"JUMEAUX91\" \/>\n<meta property=\"article:published_time\" content=\"2025-11-23T21:07:00+00:00\" \/>\n<meta property=\"og:image\" content=\"https:\/\/jumeaux91.fr\/blog\/wp-content\/uploads\/2025\/11\/frederic-de-lamour-est-dans-le-pre-a-embrasse-la-pretendante-de-son-frere-jumeau.jpg\" \/>\n<meta name=\"author\" content=\"Claude DAYRES\" \/>\n<meta name=\"twitter:card\" content=\"summary_large_image\" \/>\n<meta name=\"twitter:label1\" content=\"\u00c9crit par\" \/>\n\t<meta name=\"twitter:data1\" content=\"Claude DAYRES\" \/>\n\t<meta name=\"twitter:label2\" content=\"Dur\u00e9e de lecture estim\u00e9e\" \/>\n\t<meta name=\"twitter:data2\" content=\"3 minutes\" \/>\n<script type=\"application\/ld+json\" class=\"yoast-schema-graph\">{\"@context\":\"https:\\\/\\\/schema.org\",\"@graph\":[{\"@type\":\"Article\",\"@id\":\"https:\\\/\\\/jumeaux91.fr\\\/blog\\\/frederic-de-lamour-est-dans-le-pre-a-embrasse-la-pretendante-de-son-frere-jumeau\\\/#article\",\"isPartOf\":{\"@id\":\"https:\\\/\\\/jumeaux91.fr\\\/blog\\\/frederic-de-lamour-est-dans-le-pre-a-embrasse-la-pretendante-de-son-frere-jumeau\\\/\"},\"author\":{\"name\":\"Claude DAYRES\",\"@id\":\"https:\\\/\\\/jumeaux91.fr\\\/blog\\\/#\\\/schema\\\/person\\\/21da06e9f119b9f64e5d45dbbd32d3fb\"},\"headline\":\"Fr\u00e9d\u00e9ric, de L\u2019Amour est dans le pr\u00e9, a embrass\u00e9\u2026 la pr\u00e9tendante de son fr\u00e8re jumeau\",\"datePublished\":\"2025-11-23T21:07:00+00:00\",\"mainEntityOfPage\":{\"@id\":\"https:\\\/\\\/jumeaux91.fr\\\/blog\\\/frederic-de-lamour-est-dans-le-pre-a-embrasse-la-pretendante-de-son-frere-jumeau\\\/\"},\"wordCount\":725,\"publisher\":{\"@id\":\"https:\\\/\\\/jumeaux91.fr\\\/blog\\\/#organization\"},\"image\":{\"@id\":\"https:\\\/\\\/jumeaux91.fr\\\/blog\\\/frederic-de-lamour-est-dans-le-pre-a-embrasse-la-pretendante-de-son-frere-jumeau\\\/#primaryimage\"},\"thumbnailUrl\":\"https:\\\/\\\/jumeaux91.fr\\\/blog\\\/wp-content\\\/uploads\\\/2025\\\/11\\\/frederic-de-lamour-est-dans-le-pre-a-embrasse-la-pretendante-de-son-frere-jumeau.jpg\",\"articleSection\":[\"Posts Fr\u00e8res Jumeaux De L'Essonnes:\"],\"inLanguage\":\"fr-FR\"},{\"@type\":\"WebPage\",\"@id\":\"https:\\\/\\\/jumeaux91.fr\\\/blog\\\/frederic-de-lamour-est-dans-le-pre-a-embrasse-la-pretendante-de-son-frere-jumeau\\\/\",\"url\":\"https:\\\/\\\/jumeaux91.fr\\\/blog\\\/frederic-de-lamour-est-dans-le-pre-a-embrasse-la-pretendante-de-son-frere-jumeau\\\/\",\"name\":\"Fr\u00e9d\u00e9ric, de L\u2019Amour est dans le pr\u00e9, a embrass\u00e9\u2026 la pr\u00e9tendante de son fr\u00e8re jumeau - JUMEAUX91\",\"isPartOf\":{\"@id\":\"https:\\\/\\\/jumeaux91.fr\\\/blog\\\/#website\"},\"primaryImageOfPage\":{\"@id\":\"https:\\\/\\\/jumeaux91.fr\\\/blog\\\/frederic-de-lamour-est-dans-le-pre-a-embrasse-la-pretendante-de-son-frere-jumeau\\\/#primaryimage\"},\"image\":{\"@id\":\"https:\\\/\\\/jumeaux91.fr\\\/blog\\\/frederic-de-lamour-est-dans-le-pre-a-embrasse-la-pretendante-de-son-frere-jumeau\\\/#primaryimage\"},\"thumbnailUrl\":\"https:\\\/\\\/jumeaux91.fr\\\/blog\\\/wp-content\\\/uploads\\\/2025\\\/11\\\/frederic-de-lamour-est-dans-le-pre-a-embrasse-la-pretendante-de-son-frere-jumeau.jpg\",\"datePublished\":\"2025-11-23T21:07:00+00:00\",\"breadcrumb\":{\"@id\":\"https:\\\/\\\/jumeaux91.fr\\\/blog\\\/frederic-de-lamour-est-dans-le-pre-a-embrasse-la-pretendante-de-son-frere-jumeau\\\/#breadcrumb\"},\"inLanguage\":\"fr-FR\",\"potentialAction\":[{\"@type\":\"ReadAction\",\"target\":[\"https:\\\/\\\/jumeaux91.fr\\\/blog\\\/frederic-de-lamour-est-dans-le-pre-a-embrasse-la-pretendante-de-son-frere-jumeau\\\/\"]}]},{\"@type\":\"ImageObject\",\"inLanguage\":\"fr-FR\",\"@id\":\"https:\\\/\\\/jumeaux91.fr\\\/blog\\\/frederic-de-lamour-est-dans-le-pre-a-embrasse-la-pretendante-de-son-frere-jumeau\\\/#primaryimage\",\"url\":\"https:\\\/\\\/jumeaux91.fr\\\/blog\\\/wp-content\\\/uploads\\\/2025\\\/11\\\/frederic-de-lamour-est-dans-le-pre-a-embrasse-la-pretendante-de-son-frere-jumeau.jpg\",\"contentUrl\":\"https:\\\/\\\/jumeaux91.fr\\\/blog\\\/wp-content\\\/uploads\\\/2025\\\/11\\\/frederic-de-lamour-est-dans-le-pre-a-embrasse-la-pretendante-de-son-frere-jumeau.jpg\",\"width\":185,\"height\":185,\"caption\":\"Fr\u00e9d\u00e9ric, de L\u2019Amour est dans le pr\u00e9, a embrass\u00e9\u2026 la pr\u00e9tendante de son fr\u00e8re jumeau\"},{\"@type\":\"BreadcrumbList\",\"@id\":\"https:\\\/\\\/jumeaux91.fr\\\/blog\\\/frederic-de-lamour-est-dans-le-pre-a-embrasse-la-pretendante-de-son-frere-jumeau\\\/#breadcrumb\",\"itemListElement\":[{\"@type\":\"ListItem\",\"position\":1,\"name\":\"Accueil\",\"item\":\"https:\\\/\\\/jumeaux91.fr\\\/blog\\\/\"},{\"@type\":\"ListItem\",\"position\":2,\"name\":\"Fr\u00e9d\u00e9ric, de L\u2019Amour est dans le pr\u00e9, a embrass\u00e9\u2026 la pr\u00e9tendante de son fr\u00e8re jumeau\"}]},{\"@type\":\"WebSite\",\"@id\":\"https:\\\/\\\/jumeaux91.fr\\\/blog\\\/#website\",\"url\":\"https:\\\/\\\/jumeaux91.fr\\\/blog\\\/\",\"name\":\"JUMEAUX91\",\"description\":\"Fr\u00e8res jumeaux de l&#039;Essonnes; informations et archives, \u00e0 savoir et retenir.\",\"publisher\":{\"@id\":\"https:\\\/\\\/jumeaux91.fr\\\/blog\\\/#organization\"},\"potentialAction\":[{\"@type\":\"SearchAction\",\"target\":{\"@type\":\"EntryPoint\",\"urlTemplate\":\"https:\\\/\\\/jumeaux91.fr\\\/blog\\\/?s={search_term_string}\"},\"query-input\":{\"@type\":\"PropertyValueSpecification\",\"valueRequired\":true,\"valueName\":\"search_term_string\"}}],\"inLanguage\":\"fr-FR\"},{\"@type\":\"Organization\",\"@id\":\"https:\\\/\\\/jumeaux91.fr\\\/blog\\\/#organization\",\"name\":\"jumeaux91\",\"url\":\"https:\\\/\\\/jumeaux91.fr\\\/blog\\\/\",\"logo\":{\"@type\":\"ImageObject\",\"inLanguage\":\"fr-FR\",\"@id\":\"https:\\\/\\\/jumeaux91.fr\\\/blog\\\/#\\\/schema\\\/logo\\\/image\\\/\",\"url\":\"https:\\\/\\\/jumeaux91.fr\\\/blog\\\/wp-content\\\/uploads\\\/2023\\\/05\\\/cropped-cropped-logoJ_91.png\",\"contentUrl\":\"https:\\\/\\\/jumeaux91.fr\\\/blog\\\/wp-content\\\/uploads\\\/2023\\\/05\\\/cropped-cropped-logoJ_91.png\",\"width\":512,\"height\":512,\"caption\":\"jumeaux91\"},\"image\":{\"@id\":\"https:\\\/\\\/jumeaux91.fr\\\/blog\\\/#\\\/schema\\\/logo\\\/image\\\/\"}},{\"@type\":\"Person\",\"@id\":\"https:\\\/\\\/jumeaux91.fr\\\/blog\\\/#\\\/schema\\\/person\\\/21da06e9f119b9f64e5d45dbbd32d3fb\",\"name\":\"Claude DAYRES\",\"image\":{\"@type\":\"ImageObject\",\"inLanguage\":\"fr-FR\",\"@id\":\"https:\\\/\\\/secure.gravatar.com\\\/avatar\\\/82eb951df6110a2c48d1bfa7a67d1ee6f0cd5df3cbf9c3586dd61e82db7172a5?s=96&d=mm&r=g\",\"url\":\"https:\\\/\\\/secure.gravatar.com\\\/avatar\\\/82eb951df6110a2c48d1bfa7a67d1ee6f0cd5df3cbf9c3586dd61e82db7172a5?s=96&d=mm&r=g\",\"contentUrl\":\"https:\\\/\\\/secure.gravatar.com\\\/avatar\\\/82eb951df6110a2c48d1bfa7a67d1ee6f0cd5df3cbf9c3586dd61e82db7172a5?s=96&d=mm&r=g\",\"caption\":\"Claude DAYRES\"},\"url\":\"https:\\\/\\\/jumeaux91.fr\\\/blog\\\/author\\\/x91claude\\\/\"}]}<\/script>\n<!-- \/ Yoast SEO plugin. -->","yoast_head_json":{"title":"Fr\u00e9d\u00e9ric, de L\u2019Amour est dans le pr\u00e9, a embrass\u00e9\u2026 la pr\u00e9tendante de son fr\u00e8re jumeau - JUMEAUX91","robots":{"index":"index","follow":"follow","max-snippet":"max-snippet:-1","max-image-preview":"max-image-preview:large","max-video-preview":"max-video-preview:-1"},"canonical":"https:\/\/jumeaux91.fr\/blog\/frederic-de-lamour-est-dans-le-pre-a-embrasse-la-pretendante-de-son-frere-jumeau\/","og_locale":"fr_FR","og_type":"article","og_title":"Fr\u00e9d\u00e9ric, de L\u2019Amour est dans le pr\u00e9, a embrass\u00e9\u2026 la pr\u00e9tendante de son fr\u00e8re jumeau - JUMEAUX91","og_description":"La soir\u00e9e finale de L\u2019Amour est dans le pr\u00e9 a r\u00e9serv\u00e9 son lot de surprises : Fr\u00e9d\u00e9ric a \u00e9chang\u00e9 un bisou avec St\u00e9phanie\u2026 l\u2019ancienne pr\u00e9tendante de son fr\u00e8re Dominique. Une sc\u00e8ne qui n\u2019a pas manqu\u00e9 de faire r\u00e9agir. Dominique et Fr\u00e9d\u00e9ric, les jumeaux \u00e9leveurs de bovins install\u00e9s \u00e0 Saint-Sauveur, ont marqu\u00e9 cette saison de L\u2019Amour&hellip; Poursuivre la lecture Fr\u00e9d\u00e9ric, de L\u2019Amour est dans le pr\u00e9, a embrass\u00e9\u2026 la pr\u00e9tendante de son fr\u00e8re jumeau","og_url":"https:\/\/jumeaux91.fr\/blog\/frederic-de-lamour-est-dans-le-pre-a-embrasse-la-pretendante-de-son-frere-jumeau\/","og_site_name":"JUMEAUX91","article_published_time":"2025-11-23T21:07:00+00:00","og_image":[{"url":"https:\/\/jumeaux91.fr\/blog\/wp-content\/uploads\/2025\/11\/frederic-de-lamour-est-dans-le-pre-a-embrasse-la-pretendante-de-son-frere-jumeau.jpg","type":"","width":"","height":""}],"author":"Claude DAYRES","twitter_card":"summary_large_image","twitter_misc":{"\u00c9crit par":"Claude DAYRES","Dur\u00e9e de lecture estim\u00e9e":"3 minutes"},"schema":{"@context":"https:\/\/schema.org","@graph":[{"@type":"Article","@id":"https:\/\/jumeaux91.fr\/blog\/frederic-de-lamour-est-dans-le-pre-a-embrasse-la-pretendante-de-son-frere-jumeau\/#article","isPartOf":{"@id":"https:\/\/jumeaux91.fr\/blog\/frederic-de-lamour-est-dans-le-pre-a-embrasse-la-pretendante-de-son-frere-jumeau\/"},"author":{"name":"Claude DAYRES","@id":"https:\/\/jumeaux91.fr\/blog\/#\/schema\/person\/21da06e9f119b9f64e5d45dbbd32d3fb"},"headline":"Fr\u00e9d\u00e9ric, de L\u2019Amour est dans le pr\u00e9, a embrass\u00e9\u2026 la pr\u00e9tendante de son fr\u00e8re jumeau","datePublished":"2025-11-23T21:07:00+00:00","mainEntityOfPage":{"@id":"https:\/\/jumeaux91.fr\/blog\/frederic-de-lamour-est-dans-le-pre-a-embrasse-la-pretendante-de-son-frere-jumeau\/"},"wordCount":725,"publisher":{"@id":"https:\/\/jumeaux91.fr\/blog\/#organization"},"image":{"@id":"https:\/\/jumeaux91.fr\/blog\/frederic-de-lamour-est-dans-le-pre-a-embrasse-la-pretendante-de-son-frere-jumeau\/#primaryimage"},"thumbnailUrl":"https:\/\/jumeaux91.fr\/blog\/wp-content\/uploads\/2025\/11\/frederic-de-lamour-est-dans-le-pre-a-embrasse-la-pretendante-de-son-frere-jumeau.jpg","articleSection":["Posts Fr\u00e8res Jumeaux De L'Essonnes:"],"inLanguage":"fr-FR"},{"@type":"WebPage","@id":"https:\/\/jumeaux91.fr\/blog\/frederic-de-lamour-est-dans-le-pre-a-embrasse-la-pretendante-de-son-frere-jumeau\/","url":"https:\/\/jumeaux91.fr\/blog\/frederic-de-lamour-est-dans-le-pre-a-embrasse-la-pretendante-de-son-frere-jumeau\/","name":"Fr\u00e9d\u00e9ric, de L\u2019Amour est dans le pr\u00e9, a embrass\u00e9\u2026 la pr\u00e9tendante de son fr\u00e8re jumeau - JUMEAUX91","isPartOf":{"@id":"https:\/\/jumeaux91.fr\/blog\/#website"},"primaryImageOfPage":{"@id":"https:\/\/jumeaux91.fr\/blog\/frederic-de-lamour-est-dans-le-pre-a-embrasse-la-pretendante-de-son-frere-jumeau\/#primaryimage"},"image":{"@id":"https:\/\/jumeaux91.fr\/blog\/frederic-de-lamour-est-dans-le-pre-a-embrasse-la-pretendante-de-son-frere-jumeau\/#primaryimage"},"thumbnailUrl":"https:\/\/jumeaux91.fr\/blog\/wp-content\/uploads\/2025\/11\/frederic-de-lamour-est-dans-le-pre-a-embrasse-la-pretendante-de-son-frere-jumeau.jpg","datePublished":"2025-11-23T21:07:00+00:00","breadcrumb":{"@id":"https:\/\/jumeaux91.fr\/blog\/frederic-de-lamour-est-dans-le-pre-a-embrasse-la-pretendante-de-son-frere-jumeau\/#breadcrumb"},"inLanguage":"fr-FR","potentialAction":[{"@type":"ReadAction","target":["https:\/\/jumeaux91.fr\/blog\/frederic-de-lamour-est-dans-le-pre-a-embrasse-la-pretendante-de-son-frere-jumeau\/"]}]},{"@type":"ImageObject","inLanguage":"fr-FR","@id":"https:\/\/jumeaux91.fr\/blog\/frederic-de-lamour-est-dans-le-pre-a-embrasse-la-pretendante-de-son-frere-jumeau\/#primaryimage","url":"https:\/\/jumeaux91.fr\/blog\/wp-content\/uploads\/2025\/11\/frederic-de-lamour-est-dans-le-pre-a-embrasse-la-pretendante-de-son-frere-jumeau.jpg","contentUrl":"https:\/\/jumeaux91.fr\/blog\/wp-content\/uploads\/2025\/11\/frederic-de-lamour-est-dans-le-pre-a-embrasse-la-pretendante-de-son-frere-jumeau.jpg","width":185,"height":185,"caption":"Fr\u00e9d\u00e9ric, de L\u2019Amour est dans le pr\u00e9, a embrass\u00e9\u2026 la pr\u00e9tendante de son fr\u00e8re jumeau"},{"@type":"BreadcrumbList","@id":"https:\/\/jumeaux91.fr\/blog\/frederic-de-lamour-est-dans-le-pre-a-embrasse-la-pretendante-de-son-frere-jumeau\/#breadcrumb","itemListElement":[{"@type":"ListItem","position":1,"name":"Accueil","item":"https:\/\/jumeaux91.fr\/blog\/"},{"@type":"ListItem","position":2,"name":"Fr\u00e9d\u00e9ric, de L\u2019Amour est dans le pr\u00e9, a embrass\u00e9\u2026 la pr\u00e9tendante de son fr\u00e8re jumeau"}]},{"@type":"WebSite","@id":"https:\/\/jumeaux91.fr\/blog\/#website","url":"https:\/\/jumeaux91.fr\/blog\/","name":"JUMEAUX91","description":"Fr\u00e8res jumeaux de l&#039;Essonnes; informations et archives, \u00e0 savoir et retenir.","publisher":{"@id":"https:\/\/jumeaux91.fr\/blog\/#organization"},"potentialAction":[{"@type":"SearchAction","target":{"@type":"EntryPoint","urlTemplate":"https:\/\/jumeaux91.fr\/blog\/?s={search_term_string}"},"query-input":{"@type":"PropertyValueSpecification","valueRequired":true,"valueName":"search_term_string"}}],"inLanguage":"fr-FR"},{"@type":"Organization","@id":"https:\/\/jumeaux91.fr\/blog\/#organization","name":"jumeaux91","url":"https:\/\/jumeaux91.fr\/blog\/","logo":{"@type":"ImageObject","inLanguage":"fr-FR","@id":"https:\/\/jumeaux91.fr\/blog\/#\/schema\/logo\/image\/","url":"https:\/\/jumeaux91.fr\/blog\/wp-content\/uploads\/2023\/05\/cropped-cropped-logoJ_91.png","contentUrl":"https:\/\/jumeaux91.fr\/blog\/wp-content\/uploads\/2023\/05\/cropped-cropped-logoJ_91.png","width":512,"height":512,"caption":"jumeaux91"},"image":{"@id":"https:\/\/jumeaux91.fr\/blog\/#\/schema\/logo\/image\/"}},{"@type":"Person","@id":"https:\/\/jumeaux91.fr\/blog\/#\/schema\/person\/21da06e9f119b9f64e5d45dbbd32d3fb","name":"Claude DAYRES","image":{"@type":"ImageObject","inLanguage":"fr-FR","@id":"https:\/\/secure.gravatar.com\/avatar\/82eb951df6110a2c48d1bfa7a67d1ee6f0cd5df3cbf9c3586dd61e82db7172a5?s=96&d=mm&r=g","url":"https:\/\/secure.gravatar.com\/avatar\/82eb951df6110a2c48d1bfa7a67d1ee6f0cd5df3cbf9c3586dd61e82db7172a5?s=96&d=mm&r=g","contentUrl":"https:\/\/secure.gravatar.com\/avatar\/82eb951df6110a2c48d1bfa7a67d1ee6f0cd5df3cbf9c3586dd61e82db7172a5?s=96&d=mm&r=g","caption":"Claude DAYRES"},"url":"https:\/\/jumeaux91.fr\/blog\/author\/x91claude\/"}]}},"_links":{"self":[{"href":"https:\/\/jumeaux91.fr\/blog\/wp-json\/wp\/v2\/posts\/1878","targetHints":{"allow":["GET"]}}],"collection":[{"href":"https:\/\/jumeaux91.fr\/blog\/wp-json\/wp\/v2\/posts"}],"about":[{"href":"https:\/\/jumeaux91.fr\/blog\/wp-json\/wp\/v2\/types\/post"}],"author":[{"embeddable":true,"href":"https:\/\/jumeaux91.fr\/blog\/wp-json\/wp\/v2\/users\/2"}],"replies":[{"embeddable":true,"href":"https:\/\/jumeaux91.fr\/blog\/wp-json\/wp\/v2\/comments?post=1878"}],"version-history":[{"count":0,"href":"https:\/\/jumeaux91.fr\/blog\/wp-json\/wp\/v2\/posts\/1878\/revisions"}],"wp:featuredmedia":[{"embeddable":true,"href":"https:\/\/jumeaux91.fr\/blog\/wp-json\/wp\/v2\/media\/1879"}],"wp:attachment":[{"href":"https:\/\/jumeaux91.fr\/blog\/wp-json\/wp\/v2\/media?parent=1878"}],"wp:term":[{"taxonomy":"category","embeddable":true,"href":"https:\/\/jumeaux91.fr\/blog\/wp-json\/wp\/v2\/categories?post=1878"},{"taxonomy":"post_tag","embeddable":true,"href":"https:\/\/jumeaux91.fr\/blog\/wp-json\/wp\/v2\/tags?post=1878"}],"curies":[{"name":"wp","href":"https:\/\/api.w.org\/{rel}","templated":true}]}}