{"id":1887,"date":"2025-11-30T04:34:00","date_gmt":"2025-11-30T03:34:00","guid":{"rendered":"https:\/\/jumeaux91.fr\/blog\/litalie-se-dechire-autour-de-la-famille-de-la-foret-des-neoruraux-vivant-en-autarcie\/"},"modified":"2025-11-30T04:34:00","modified_gmt":"2025-11-30T03:34:00","slug":"litalie-se-dechire-autour-de-la-famille-de-la-foret-des-neoruraux-vivant-en-autarcie","status":"publish","type":"post","link":"https:\/\/jumeaux91.fr\/blog\/litalie-se-dechire-autour-de-la-famille-de-la-foret-des-neoruraux-vivant-en-autarcie\/","title":{"rendered":"L\u2019Italie se d\u00e9chire autour de la \u00abfamille de la for\u00eat\u00bb, des n\u00e9oruraux vivant en autarcie"},"content":{"rendered":"<div><img decoding=\"async\" src=\"https:\/\/www.liberation.fr\/resizer\/v2\/623A6O624VGEBOIJP3G34JLAXY.jpg?smart=true&amp;auth=73ca7713735be3b775915d6171a51098c7b99282f3a73db73554f02f4566f053&amp;quality=70&amp;width=1200&amp;height=630\" class=\"ff-og-image-inserted\"><\/div>\n<div class=\"TextElement__Container-sc-koi3k7-0 gcxGlf\">\n<p class=\"sc-cPiKLX AiZTS text-element\">Il y a encore dix jours, les deux parents et leurs trois enfants vivaient pratiquement \u00e0 l\u2019\u00e9cart du monde, au fin fond des Abruzzes, entour\u00e9s des canards, des chiens, de l\u2019\u00e2ne Gallipoli et du cheval Lee. Toute l\u2019Italie les conna\u00eet d\u00e9sormais comme <i>\u00abla famiglia nel bosco\u00bb,<\/i> \u00abla famille de la for\u00eat\u00bb, qui divise l\u2019opinion publique sur la question de la protection de l\u2019enfance et du retour \u00e0 la nature \u2013 mais qui permet aussi <a href=\"https:\/\/www.liberation.fr\/tags\/giorgia-meloni\/\" target=\"_blank\" rel title=\"https:\/\/www.liberation.fr\/tags\/giorgia-meloni\/\" rel=\"nofollow\">au gouvernement d\u2019extr\u00eame droite de Giorgia Meloni<\/a> de mener une nouvelle attaque contre l\u2019autonomie de la magistrature.<\/p>\n<\/div>\n<div class=\"TextElement__Container-sc-koi3k7-0 gcxGlf\">\n<p class=\"sc-cPiKLX AiZTS text-element\"><i>\u00abQue les juges et les assistants sociaux ne nous cassent pas les pieds\u00bb, <\/i>a menac\u00e9 Matteo Salvini, vice-pr\u00e9sident (Ligue) du Conseil des ministres. A la mi-novembre, au nom de la tutelle des enfants, le tribunal pour mineurs de L\u2019Aquila, dans le centre du pays, a ordonn\u00e9 le retrait de la fillette de 8 ans et des jumeaux de 6 ans de la famille de la for\u00eat, et leur placement dans un foyer.<\/p>\n<\/div>\n<div class=\"TextElement__Container-sc-koi3k7-0 gcxGlf\">\n<p class=\"sc-cPiKLX AiZTS text-element\">En 2021, les parents, l\u2019Australienne Catherine Birmingham et le Britannique Nathan Trevallion, avaient d\u00e9cid\u00e9 de s\u2019installer dans les environs de Palmoli, un village de 800 habitants, perdu dans la province de Chieti, \u00e0 environ 200 kilom\u00e8tres \u00e0 l\u2019est de Rome.<\/p>\n<\/div>\n<div class=\"TextElement__Container-sc-koi3k7-0 gcxGlf\">\n<p class=\"sc-cPiKLX AiZTS text-element\">Attir\u00e9s par l\u2019exp\u00e9rience de la cinquantaine de familles \u00abn\u00e9orurales\u00bb d\u00e9j\u00e0 implant\u00e9es dans la zone, l\u2019ancienne professeure d\u2019\u00e9quitation et le vendeur de meub<\/p>\n<\/div>\n<p>La chronique se veut g\u00e9n\u00e9r\u00e9e de la fa\u00e7on la plus claire que possible. Dans le cas o\u00f9 vous souhaitez pr\u00e9senter des renseignements compl\u00e9mentaires \u00e0 cet article sur le sujet \u00ab\u00a0Fr\u00e8res jumeaux de l&rsquo;Essonnes\u00a0\u00bb il vous est possible d\u2019\u00e9crire aux contacts indiqu\u00e9s sur notre website. La raison d\u2019\u00eatre de jumeaux91.fr \u00e9tant de rassembler sur le web des posts sur le sujet de Fr\u00e8res jumeaux de l&rsquo;Essonnes puis les diffuser en r\u00e9pondant au mieux aux interrogations des gens. Vous pouvez tirer profit de cet article traitant le sujet \u00ab\u00a0Fr\u00e8res jumeaux de l&rsquo;Essonnes\u00a0\u00bb. Il est concoct\u00e9 par l\u2019\u00e9quipe jumeaux91.fr. Prochainement, nous rendrons accessibles au public d&rsquo;autres informations pertinentes sur le sujet \u00ab\u00a0Fr\u00e8res jumeaux de l&rsquo;Essonnes\u00a0\u00bb. Alors, consultez syst\u00e9matiquement notre blog.<\/p>\n","protected":false},"excerpt":{"rendered":"<p>Il y a encore dix jours, les deux parents et leurs trois enfants vivaient pratiquement \u00e0 l\u2019\u00e9cart du monde, au fin fond des Abruzzes, entour\u00e9s des canards, des chiens, de l\u2019\u00e2ne Gallipoli et du cheval Lee. Toute l\u2019Italie les conna\u00eet d\u00e9sormais comme \u00abla famiglia nel bosco\u00bb, \u00abla famille de la for\u00eat\u00bb, qui divise l\u2019opinion publique&hellip; <a class=\"more-link\" href=\"https:\/\/jumeaux91.fr\/blog\/litalie-se-dechire-autour-de-la-famille-de-la-foret-des-neoruraux-vivant-en-autarcie\/\">Poursuivre la lecture <span class=\"screen-reader-text\">L\u2019Italie se d\u00e9chire autour de la \u00abfamille de la for\u00eat\u00bb, des n\u00e9oruraux vivant en autarcie<\/span><\/a><\/p>\n","protected":false},"author":2,"featured_media":0,"comment_status":"closed","ping_status":"closed","sticky":false,"template":"","format":"standard","meta":{"footnotes":""},"categories":[4],"tags":[],"class_list":["post-1887","post","type-post","status-publish","format-standard","hentry","category-posts-freres-jumeaux-de-lessonnes","entry"],"yoast_head":"<!-- This site is optimized with the Yoast SEO plugin v27.5 - https:\/\/yoast.com\/product\/yoast-seo-wordpress\/ -->\n<title>L\u2019Italie se d\u00e9chire autour de la \u00abfamille de la for\u00eat\u00bb, des n\u00e9oruraux vivant en autarcie - JUMEAUX91<\/title>\n<meta name=\"robots\" content=\"index, follow, max-snippet:-1, max-image-preview:large, max-video-preview:-1\" \/>\n<link rel=\"canonical\" href=\"https:\/\/jumeaux91.fr\/blog\/litalie-se-dechire-autour-de-la-famille-de-la-foret-des-neoruraux-vivant-en-autarcie\/\" \/>\n<meta property=\"og:locale\" content=\"fr_FR\" \/>\n<meta property=\"og:type\" content=\"article\" \/>\n<meta property=\"og:title\" content=\"L\u2019Italie se d\u00e9chire autour de la \u00abfamille de la for\u00eat\u00bb, des n\u00e9oruraux vivant en autarcie - JUMEAUX91\" \/>\n<meta property=\"og:description\" content=\"Il y a encore dix jours, les deux parents et leurs trois enfants vivaient pratiquement \u00e0 l\u2019\u00e9cart du monde, au fin fond des Abruzzes, entour\u00e9s des canards, des chiens, de l\u2019\u00e2ne Gallipoli et du cheval Lee. Toute l\u2019Italie les conna\u00eet d\u00e9sormais comme \u00abla famiglia nel bosco\u00bb, \u00abla famille de la for\u00eat\u00bb, qui divise l\u2019opinion publique&hellip; Poursuivre la lecture L\u2019Italie se d\u00e9chire autour de la \u00abfamille de la for\u00eat\u00bb, des n\u00e9oruraux vivant en autarcie\" \/>\n<meta property=\"og:url\" content=\"https:\/\/jumeaux91.fr\/blog\/litalie-se-dechire-autour-de-la-famille-de-la-foret-des-neoruraux-vivant-en-autarcie\/\" \/>\n<meta property=\"og:site_name\" content=\"JUMEAUX91\" \/>\n<meta property=\"article:published_time\" content=\"2025-11-30T03:34:00+00:00\" \/>\n<meta property=\"og:image\" content=\"https:\/\/www.liberation.fr\/resizer\/v2\/623A6O624VGEBOIJP3G34JLAXY.jpg?smart=true&amp;auth=73ca7713735be3b775915d6171a51098c7b99282f3a73db73554f02f4566f053&amp;quality=70&amp;width=1200&amp;height=630\" \/>\n<meta name=\"author\" content=\"Claude DAYRES\" \/>\n<meta name=\"twitter:card\" content=\"summary_large_image\" \/>\n<meta name=\"twitter:label1\" content=\"\u00c9crit par\" \/>\n\t<meta name=\"twitter:data1\" content=\"Claude DAYRES\" \/>\n\t<meta name=\"twitter:label2\" content=\"Dur\u00e9e de lecture estim\u00e9e\" \/>\n\t<meta name=\"twitter:data2\" content=\"2 minutes\" \/>\n<script type=\"application\/ld+json\" class=\"yoast-schema-graph\">{\"@context\":\"https:\\\/\\\/schema.org\",\"@graph\":[{\"@type\":\"Article\",\"@id\":\"https:\\\/\\\/jumeaux91.fr\\\/blog\\\/litalie-se-dechire-autour-de-la-famille-de-la-foret-des-neoruraux-vivant-en-autarcie\\\/#article\",\"isPartOf\":{\"@id\":\"https:\\\/\\\/jumeaux91.fr\\\/blog\\\/litalie-se-dechire-autour-de-la-famille-de-la-foret-des-neoruraux-vivant-en-autarcie\\\/\"},\"author\":{\"name\":\"Claude DAYRES\",\"@id\":\"https:\\\/\\\/jumeaux91.fr\\\/blog\\\/#\\\/schema\\\/person\\\/21da06e9f119b9f64e5d45dbbd32d3fb\"},\"headline\":\"L\u2019Italie se d\u00e9chire autour de la \u00abfamille de la for\u00eat\u00bb, des n\u00e9oruraux vivant en autarcie\",\"datePublished\":\"2025-11-30T03:34:00+00:00\",\"mainEntityOfPage\":{\"@id\":\"https:\\\/\\\/jumeaux91.fr\\\/blog\\\/litalie-se-dechire-autour-de-la-famille-de-la-foret-des-neoruraux-vivant-en-autarcie\\\/\"},\"wordCount\":401,\"publisher\":{\"@id\":\"https:\\\/\\\/jumeaux91.fr\\\/blog\\\/#organization\"},\"image\":{\"@id\":\"https:\\\/\\\/jumeaux91.fr\\\/blog\\\/litalie-se-dechire-autour-de-la-famille-de-la-foret-des-neoruraux-vivant-en-autarcie\\\/#primaryimage\"},\"thumbnailUrl\":\"https:\\\/\\\/www.liberation.fr\\\/resizer\\\/v2\\\/623A6O624VGEBOIJP3G34JLAXY.jpg?smart=true&amp;auth=73ca7713735be3b775915d6171a51098c7b99282f3a73db73554f02f4566f053&amp;quality=70&amp;width=1200&amp;height=630\",\"articleSection\":[\"Posts Fr\u00e8res Jumeaux De L'Essonnes:\"],\"inLanguage\":\"fr-FR\"},{\"@type\":\"WebPage\",\"@id\":\"https:\\\/\\\/jumeaux91.fr\\\/blog\\\/litalie-se-dechire-autour-de-la-famille-de-la-foret-des-neoruraux-vivant-en-autarcie\\\/\",\"url\":\"https:\\\/\\\/jumeaux91.fr\\\/blog\\\/litalie-se-dechire-autour-de-la-famille-de-la-foret-des-neoruraux-vivant-en-autarcie\\\/\",\"name\":\"L\u2019Italie se d\u00e9chire autour de la \u00abfamille de la for\u00eat\u00bb, des n\u00e9oruraux vivant en autarcie - JUMEAUX91\",\"isPartOf\":{\"@id\":\"https:\\\/\\\/jumeaux91.fr\\\/blog\\\/#website\"},\"primaryImageOfPage\":{\"@id\":\"https:\\\/\\\/jumeaux91.fr\\\/blog\\\/litalie-se-dechire-autour-de-la-famille-de-la-foret-des-neoruraux-vivant-en-autarcie\\\/#primaryimage\"},\"image\":{\"@id\":\"https:\\\/\\\/jumeaux91.fr\\\/blog\\\/litalie-se-dechire-autour-de-la-famille-de-la-foret-des-neoruraux-vivant-en-autarcie\\\/#primaryimage\"},\"thumbnailUrl\":\"https:\\\/\\\/www.liberation.fr\\\/resizer\\\/v2\\\/623A6O624VGEBOIJP3G34JLAXY.jpg?smart=true&amp;auth=73ca7713735be3b775915d6171a51098c7b99282f3a73db73554f02f4566f053&amp;quality=70&amp;width=1200&amp;height=630\",\"datePublished\":\"2025-11-30T03:34:00+00:00\",\"breadcrumb\":{\"@id\":\"https:\\\/\\\/jumeaux91.fr\\\/blog\\\/litalie-se-dechire-autour-de-la-famille-de-la-foret-des-neoruraux-vivant-en-autarcie\\\/#breadcrumb\"},\"inLanguage\":\"fr-FR\",\"potentialAction\":[{\"@type\":\"ReadAction\",\"target\":[\"https:\\\/\\\/jumeaux91.fr\\\/blog\\\/litalie-se-dechire-autour-de-la-famille-de-la-foret-des-neoruraux-vivant-en-autarcie\\\/\"]}]},{\"@type\":\"ImageObject\",\"inLanguage\":\"fr-FR\",\"@id\":\"https:\\\/\\\/jumeaux91.fr\\\/blog\\\/litalie-se-dechire-autour-de-la-famille-de-la-foret-des-neoruraux-vivant-en-autarcie\\\/#primaryimage\",\"url\":\"https:\\\/\\\/www.liberation.fr\\\/resizer\\\/v2\\\/623A6O624VGEBOIJP3G34JLAXY.jpg?smart=true&amp;auth=73ca7713735be3b775915d6171a51098c7b99282f3a73db73554f02f4566f053&amp;quality=70&amp;width=1200&amp;height=630\",\"contentUrl\":\"https:\\\/\\\/www.liberation.fr\\\/resizer\\\/v2\\\/623A6O624VGEBOIJP3G34JLAXY.jpg?smart=true&amp;auth=73ca7713735be3b775915d6171a51098c7b99282f3a73db73554f02f4566f053&amp;quality=70&amp;width=1200&amp;height=630\"},{\"@type\":\"BreadcrumbList\",\"@id\":\"https:\\\/\\\/jumeaux91.fr\\\/blog\\\/litalie-se-dechire-autour-de-la-famille-de-la-foret-des-neoruraux-vivant-en-autarcie\\\/#breadcrumb\",\"itemListElement\":[{\"@type\":\"ListItem\",\"position\":1,\"name\":\"Accueil\",\"item\":\"https:\\\/\\\/jumeaux91.fr\\\/blog\\\/\"},{\"@type\":\"ListItem\",\"position\":2,\"name\":\"L\u2019Italie se d\u00e9chire autour de la \u00abfamille de la for\u00eat\u00bb, des n\u00e9oruraux vivant en autarcie\"}]},{\"@type\":\"WebSite\",\"@id\":\"https:\\\/\\\/jumeaux91.fr\\\/blog\\\/#website\",\"url\":\"https:\\\/\\\/jumeaux91.fr\\\/blog\\\/\",\"name\":\"JUMEAUX91\",\"description\":\"Fr\u00e8res jumeaux de l&#039;Essonnes; informations et archives, \u00e0 savoir et retenir.\",\"publisher\":{\"@id\":\"https:\\\/\\\/jumeaux91.fr\\\/blog\\\/#organization\"},\"potentialAction\":[{\"@type\":\"SearchAction\",\"target\":{\"@type\":\"EntryPoint\",\"urlTemplate\":\"https:\\\/\\\/jumeaux91.fr\\\/blog\\\/?s={search_term_string}\"},\"query-input\":{\"@type\":\"PropertyValueSpecification\",\"valueRequired\":true,\"valueName\":\"search_term_string\"}}],\"inLanguage\":\"fr-FR\"},{\"@type\":\"Organization\",\"@id\":\"https:\\\/\\\/jumeaux91.fr\\\/blog\\\/#organization\",\"name\":\"jumeaux91\",\"url\":\"https:\\\/\\\/jumeaux91.fr\\\/blog\\\/\",\"logo\":{\"@type\":\"ImageObject\",\"inLanguage\":\"fr-FR\",\"@id\":\"https:\\\/\\\/jumeaux91.fr\\\/blog\\\/#\\\/schema\\\/logo\\\/image\\\/\",\"url\":\"https:\\\/\\\/jumeaux91.fr\\\/blog\\\/wp-content\\\/uploads\\\/2023\\\/05\\\/cropped-cropped-logoJ_91.png\",\"contentUrl\":\"https:\\\/\\\/jumeaux91.fr\\\/blog\\\/wp-content\\\/uploads\\\/2023\\\/05\\\/cropped-cropped-logoJ_91.png\",\"width\":512,\"height\":512,\"caption\":\"jumeaux91\"},\"image\":{\"@id\":\"https:\\\/\\\/jumeaux91.fr\\\/blog\\\/#\\\/schema\\\/logo\\\/image\\\/\"}},{\"@type\":\"Person\",\"@id\":\"https:\\\/\\\/jumeaux91.fr\\\/blog\\\/#\\\/schema\\\/person\\\/21da06e9f119b9f64e5d45dbbd32d3fb\",\"name\":\"Claude DAYRES\",\"image\":{\"@type\":\"ImageObject\",\"inLanguage\":\"fr-FR\",\"@id\":\"https:\\\/\\\/secure.gravatar.com\\\/avatar\\\/82eb951df6110a2c48d1bfa7a67d1ee6f0cd5df3cbf9c3586dd61e82db7172a5?s=96&d=mm&r=g\",\"url\":\"https:\\\/\\\/secure.gravatar.com\\\/avatar\\\/82eb951df6110a2c48d1bfa7a67d1ee6f0cd5df3cbf9c3586dd61e82db7172a5?s=96&d=mm&r=g\",\"contentUrl\":\"https:\\\/\\\/secure.gravatar.com\\\/avatar\\\/82eb951df6110a2c48d1bfa7a67d1ee6f0cd5df3cbf9c3586dd61e82db7172a5?s=96&d=mm&r=g\",\"caption\":\"Claude DAYRES\"},\"url\":\"https:\\\/\\\/jumeaux91.fr\\\/blog\\\/author\\\/x91claude\\\/\"}]}<\/script>\n<!-- \/ Yoast SEO plugin. -->","yoast_head_json":{"title":"L\u2019Italie se d\u00e9chire autour de la \u00abfamille de la for\u00eat\u00bb, des n\u00e9oruraux vivant en autarcie - JUMEAUX91","robots":{"index":"index","follow":"follow","max-snippet":"max-snippet:-1","max-image-preview":"max-image-preview:large","max-video-preview":"max-video-preview:-1"},"canonical":"https:\/\/jumeaux91.fr\/blog\/litalie-se-dechire-autour-de-la-famille-de-la-foret-des-neoruraux-vivant-en-autarcie\/","og_locale":"fr_FR","og_type":"article","og_title":"L\u2019Italie se d\u00e9chire autour de la \u00abfamille de la for\u00eat\u00bb, des n\u00e9oruraux vivant en autarcie - JUMEAUX91","og_description":"Il y a encore dix jours, les deux parents et leurs trois enfants vivaient pratiquement \u00e0 l\u2019\u00e9cart du monde, au fin fond des Abruzzes, entour\u00e9s des canards, des chiens, de l\u2019\u00e2ne Gallipoli et du cheval Lee. Toute l\u2019Italie les conna\u00eet d\u00e9sormais comme \u00abla famiglia nel bosco\u00bb, \u00abla famille de la for\u00eat\u00bb, qui divise l\u2019opinion publique&hellip; Poursuivre la lecture L\u2019Italie se d\u00e9chire autour de la \u00abfamille de la for\u00eat\u00bb, des n\u00e9oruraux vivant en autarcie","og_url":"https:\/\/jumeaux91.fr\/blog\/litalie-se-dechire-autour-de-la-famille-de-la-foret-des-neoruraux-vivant-en-autarcie\/","og_site_name":"JUMEAUX91","article_published_time":"2025-11-30T03:34:00+00:00","og_image":[{"url":"https:\/\/www.liberation.fr\/resizer\/v2\/623A6O624VGEBOIJP3G34JLAXY.jpg?smart=true&amp;auth=73ca7713735be3b775915d6171a51098c7b99282f3a73db73554f02f4566f053&amp;quality=70&amp;width=1200&amp;height=630","type":"","width":"","height":""}],"author":"Claude DAYRES","twitter_card":"summary_large_image","twitter_misc":{"\u00c9crit par":"Claude DAYRES","Dur\u00e9e de lecture estim\u00e9e":"2 minutes"},"schema":{"@context":"https:\/\/schema.org","@graph":[{"@type":"Article","@id":"https:\/\/jumeaux91.fr\/blog\/litalie-se-dechire-autour-de-la-famille-de-la-foret-des-neoruraux-vivant-en-autarcie\/#article","isPartOf":{"@id":"https:\/\/jumeaux91.fr\/blog\/litalie-se-dechire-autour-de-la-famille-de-la-foret-des-neoruraux-vivant-en-autarcie\/"},"author":{"name":"Claude DAYRES","@id":"https:\/\/jumeaux91.fr\/blog\/#\/schema\/person\/21da06e9f119b9f64e5d45dbbd32d3fb"},"headline":"L\u2019Italie se d\u00e9chire autour de la \u00abfamille de la for\u00eat\u00bb, des n\u00e9oruraux vivant en autarcie","datePublished":"2025-11-30T03:34:00+00:00","mainEntityOfPage":{"@id":"https:\/\/jumeaux91.fr\/blog\/litalie-se-dechire-autour-de-la-famille-de-la-foret-des-neoruraux-vivant-en-autarcie\/"},"wordCount":401,"publisher":{"@id":"https:\/\/jumeaux91.fr\/blog\/#organization"},"image":{"@id":"https:\/\/jumeaux91.fr\/blog\/litalie-se-dechire-autour-de-la-famille-de-la-foret-des-neoruraux-vivant-en-autarcie\/#primaryimage"},"thumbnailUrl":"https:\/\/www.liberation.fr\/resizer\/v2\/623A6O624VGEBOIJP3G34JLAXY.jpg?smart=true&amp;auth=73ca7713735be3b775915d6171a51098c7b99282f3a73db73554f02f4566f053&amp;quality=70&amp;width=1200&amp;height=630","articleSection":["Posts Fr\u00e8res Jumeaux De L'Essonnes:"],"inLanguage":"fr-FR"},{"@type":"WebPage","@id":"https:\/\/jumeaux91.fr\/blog\/litalie-se-dechire-autour-de-la-famille-de-la-foret-des-neoruraux-vivant-en-autarcie\/","url":"https:\/\/jumeaux91.fr\/blog\/litalie-se-dechire-autour-de-la-famille-de-la-foret-des-neoruraux-vivant-en-autarcie\/","name":"L\u2019Italie se d\u00e9chire autour de la \u00abfamille de la for\u00eat\u00bb, des n\u00e9oruraux vivant en autarcie - JUMEAUX91","isPartOf":{"@id":"https:\/\/jumeaux91.fr\/blog\/#website"},"primaryImageOfPage":{"@id":"https:\/\/jumeaux91.fr\/blog\/litalie-se-dechire-autour-de-la-famille-de-la-foret-des-neoruraux-vivant-en-autarcie\/#primaryimage"},"image":{"@id":"https:\/\/jumeaux91.fr\/blog\/litalie-se-dechire-autour-de-la-famille-de-la-foret-des-neoruraux-vivant-en-autarcie\/#primaryimage"},"thumbnailUrl":"https:\/\/www.liberation.fr\/resizer\/v2\/623A6O624VGEBOIJP3G34JLAXY.jpg?smart=true&amp;auth=73ca7713735be3b775915d6171a51098c7b99282f3a73db73554f02f4566f053&amp;quality=70&amp;width=1200&amp;height=630","datePublished":"2025-11-30T03:34:00+00:00","breadcrumb":{"@id":"https:\/\/jumeaux91.fr\/blog\/litalie-se-dechire-autour-de-la-famille-de-la-foret-des-neoruraux-vivant-en-autarcie\/#breadcrumb"},"inLanguage":"fr-FR","potentialAction":[{"@type":"ReadAction","target":["https:\/\/jumeaux91.fr\/blog\/litalie-se-dechire-autour-de-la-famille-de-la-foret-des-neoruraux-vivant-en-autarcie\/"]}]},{"@type":"ImageObject","inLanguage":"fr-FR","@id":"https:\/\/jumeaux91.fr\/blog\/litalie-se-dechire-autour-de-la-famille-de-la-foret-des-neoruraux-vivant-en-autarcie\/#primaryimage","url":"https:\/\/www.liberation.fr\/resizer\/v2\/623A6O624VGEBOIJP3G34JLAXY.jpg?smart=true&amp;auth=73ca7713735be3b775915d6171a51098c7b99282f3a73db73554f02f4566f053&amp;quality=70&amp;width=1200&amp;height=630","contentUrl":"https:\/\/www.liberation.fr\/resizer\/v2\/623A6O624VGEBOIJP3G34JLAXY.jpg?smart=true&amp;auth=73ca7713735be3b775915d6171a51098c7b99282f3a73db73554f02f4566f053&amp;quality=70&amp;width=1200&amp;height=630"},{"@type":"BreadcrumbList","@id":"https:\/\/jumeaux91.fr\/blog\/litalie-se-dechire-autour-de-la-famille-de-la-foret-des-neoruraux-vivant-en-autarcie\/#breadcrumb","itemListElement":[{"@type":"ListItem","position":1,"name":"Accueil","item":"https:\/\/jumeaux91.fr\/blog\/"},{"@type":"ListItem","position":2,"name":"L\u2019Italie se d\u00e9chire autour de la \u00abfamille de la for\u00eat\u00bb, des n\u00e9oruraux vivant en autarcie"}]},{"@type":"WebSite","@id":"https:\/\/jumeaux91.fr\/blog\/#website","url":"https:\/\/jumeaux91.fr\/blog\/","name":"JUMEAUX91","description":"Fr\u00e8res jumeaux de l&#039;Essonnes; informations et archives, \u00e0 savoir et retenir.","publisher":{"@id":"https:\/\/jumeaux91.fr\/blog\/#organization"},"potentialAction":[{"@type":"SearchAction","target":{"@type":"EntryPoint","urlTemplate":"https:\/\/jumeaux91.fr\/blog\/?s={search_term_string}"},"query-input":{"@type":"PropertyValueSpecification","valueRequired":true,"valueName":"search_term_string"}}],"inLanguage":"fr-FR"},{"@type":"Organization","@id":"https:\/\/jumeaux91.fr\/blog\/#organization","name":"jumeaux91","url":"https:\/\/jumeaux91.fr\/blog\/","logo":{"@type":"ImageObject","inLanguage":"fr-FR","@id":"https:\/\/jumeaux91.fr\/blog\/#\/schema\/logo\/image\/","url":"https:\/\/jumeaux91.fr\/blog\/wp-content\/uploads\/2023\/05\/cropped-cropped-logoJ_91.png","contentUrl":"https:\/\/jumeaux91.fr\/blog\/wp-content\/uploads\/2023\/05\/cropped-cropped-logoJ_91.png","width":512,"height":512,"caption":"jumeaux91"},"image":{"@id":"https:\/\/jumeaux91.fr\/blog\/#\/schema\/logo\/image\/"}},{"@type":"Person","@id":"https:\/\/jumeaux91.fr\/blog\/#\/schema\/person\/21da06e9f119b9f64e5d45dbbd32d3fb","name":"Claude DAYRES","image":{"@type":"ImageObject","inLanguage":"fr-FR","@id":"https:\/\/secure.gravatar.com\/avatar\/82eb951df6110a2c48d1bfa7a67d1ee6f0cd5df3cbf9c3586dd61e82db7172a5?s=96&d=mm&r=g","url":"https:\/\/secure.gravatar.com\/avatar\/82eb951df6110a2c48d1bfa7a67d1ee6f0cd5df3cbf9c3586dd61e82db7172a5?s=96&d=mm&r=g","contentUrl":"https:\/\/secure.gravatar.com\/avatar\/82eb951df6110a2c48d1bfa7a67d1ee6f0cd5df3cbf9c3586dd61e82db7172a5?s=96&d=mm&r=g","caption":"Claude DAYRES"},"url":"https:\/\/jumeaux91.fr\/blog\/author\/x91claude\/"}]}},"_links":{"self":[{"href":"https:\/\/jumeaux91.fr\/blog\/wp-json\/wp\/v2\/posts\/1887","targetHints":{"allow":["GET"]}}],"collection":[{"href":"https:\/\/jumeaux91.fr\/blog\/wp-json\/wp\/v2\/posts"}],"about":[{"href":"https:\/\/jumeaux91.fr\/blog\/wp-json\/wp\/v2\/types\/post"}],"author":[{"embeddable":true,"href":"https:\/\/jumeaux91.fr\/blog\/wp-json\/wp\/v2\/users\/2"}],"replies":[{"embeddable":true,"href":"https:\/\/jumeaux91.fr\/blog\/wp-json\/wp\/v2\/comments?post=1887"}],"version-history":[{"count":0,"href":"https:\/\/jumeaux91.fr\/blog\/wp-json\/wp\/v2\/posts\/1887\/revisions"}],"wp:attachment":[{"href":"https:\/\/jumeaux91.fr\/blog\/wp-json\/wp\/v2\/media?parent=1887"}],"wp:term":[{"taxonomy":"category","embeddable":true,"href":"https:\/\/jumeaux91.fr\/blog\/wp-json\/wp\/v2\/categories?post=1887"},{"taxonomy":"post_tag","embeddable":true,"href":"https:\/\/jumeaux91.fr\/blog\/wp-json\/wp\/v2\/tags?post=1887"}],"curies":[{"name":"wp","href":"https:\/\/api.w.org\/{rel}","templated":true}]}}