{"id":1893,"date":"2025-12-02T02:03:00","date_gmt":"2025-12-02T01:03:00","guid":{"rendered":"https:\/\/jumeaux91.fr\/blog\/bd-soli-deo-gloria-la-partition-dune-vie\/"},"modified":"2025-12-02T02:03:00","modified_gmt":"2025-12-02T01:03:00","slug":"bd-soli-deo-gloria-la-partition-dune-vie","status":"publish","type":"post","link":"https:\/\/jumeaux91.fr\/blog\/bd-soli-deo-gloria-la-partition-dune-vie\/","title":{"rendered":"[BD] \u00abSoli Deo Gloria\u00bb : la partition d\u2019une vie"},"content":{"rendered":"<div><img decoding=\"async\" src=\"https:\/\/jumeaux91.fr\/blog\/wp-content\/uploads\/2025\/12\/bd-soli-deo-gloria-la-partition-dune-vie.jpg\" class=\"ff-og-image-inserted\"><\/div>\n<h4>\n<p>Comme dans un conte des fr\u00e8res Grimm, deux jumeaux s\u2019\u00e9chappent de la mis\u00e8re qui leur est promise et r\u00e9inventent leur destin en musique au c\u0153ur du si\u00e8cle des Lumi\u00e8res. \u00c9poustouflant dans le fond et dans la forme.<\/p>\n<\/h4>\n<p class=\"text\">Il est rare, car complexe, de mat\u00e9rialiser la musique. De lui donner du souffle et du corps sur le papier. De d\u00e9peindre les joies et les douleurs de l\u2019acte cr\u00e9atif, et ce, jusqu\u2019\u00e0 leur lib\u00e9ration purificatrice sur sc\u00e8ne. En ce sens, Jean-Christophe Deveney et \u00c9douard Cour signent ici une \u0153uvre qui fait date. L\u2019id\u00e9e de d\u00e9part, confie le sc\u00e9nariste, est pourtant assez simple\u202f: \u00ab\u00c0 quel point l\u2019art peut \u00e9lever, nous faire changer? Et est-ce vraiment le cas ?\u00bb<\/p>\n<p><!-- \/21869038834\/Inreads --> <\/p>\n<p class=\"text\">En partant de ce questionnement, il d\u00e9roule une \u00e9pop\u00e9e sur le d\u00e9passement et l\u2019accomplissement de soi, un peu comme dans une fable d\u2019apprentissage des fr\u00e8res Grimm. Cette r\u00e9f\u00e9rence aux conteurs tient \u00e0 une double \u00e9vidence : l\u2019enracinement du r\u00e9cit dans une campagne mis\u00e9reuse d\u2019Allemagne et les pr\u00e9noms des protagonistes, Hans et Helma, proches de Hansel et Gretel.<\/p>\n<p class=\"text\">Deux jumeaux qui, n\u00e9s sous le \u00abciel bas\u00bb du Saint-Empire romain germanique, ont un avenir \u00abtrac\u00e9 dans les sillons\u00bb, lit-on : celui d\u2019une vie \u00ab\u00e2pre et aust\u00e8re\u00bb, rythm\u00e9e par le travail de la terre et les pri\u00e8res adress\u00e9es au ciel. Mais ils ont un don : une oreille aiguis\u00e9e et un chant harmonieux, capable d\u2019imiter celui des oiseaux. Le cadeau d\u2019un fl\u00fbtiau par un oncle finit par les convaincre\u202f: la musique fera partie int\u00e9grante de leur vie.<\/p>\n<p class=\"text\">Celle-ci s\u2019acc\u00e9l\u00e8re durement quand leur famille est massacr\u00e9e par des bandits. Livr\u00e9s \u00e0 eux-m\u00eame, ils commencent leur p\u00e9riple dans une for\u00eat sombre en compagnie d\u2019un ermite qui leur fait d\u00e9couvrir la richesse des sons de la nature, puis dans un pensionnat religieux o\u00f9 ils apprennent les bases du solf\u00e8ge et enfin aupr\u00e8s d\u2019un chef militaire m\u00e9lomane, qui leur permet d\u2019acc\u00e9der aux plus belles partitions de leur \u00e9poque. Parmi elles, il en est une sign\u00e9e d\u2019une myst\u00e9rieuse locution\u202f: \u00abSoli Deo Gloria\u00bb (\u00ab\u00c0 Dieu seul la gloire\u00bb en latin).<\/p>\n<p class=\"text\">Mais \u00e7a ne s\u2019arr\u00eate pas l\u00e0\u202f: le prince Silvio et sa \u00abcour flottante\u00bb tombent sous le charme de deux talentueux adolescents. Hans, devenu compositeur, et Helma, soprano, poursuivent leur formation aupr\u00e8s d\u2019un maestro, un certain Aldiviva (toute ressemblance avec Vivaldi n\u2019est en aucun cas fortuite).<\/p>\n<p>&lt;!&#8211;<\/p>\n<div class=\"blockquote text-left\">&#8211;&gt;<\/p>\n<blockquote>\n<h3>Que seraient les hommes sans musique?<\/h3>\n<\/blockquote>\n<p>&lt;!&#8211;<span class=\"author\">, <\/span><span class=\"function\"><\/span>&#8211;&gt;&lt;!&#8211;<\/div>\n<p>&#8211;&gt;<\/p>\n<p class=\"text\">Les palais de plusieurs villes europ\u00e9ennes (Amsterdam, Venise, Rome, Naples, Leipzig) seront les t\u00e9moins silencieux de leur r\u00e9ussite, de leur \u00e9chec et de leurs d\u00e9ceptions, dans lesquels ils seront confront\u00e9s \u00e0 toute une galerie de figures romanesques : luthiers, compositeurs, castrats, impr\u00e9sarios, et ce, jusqu\u2019au pape lui-m\u00eame !<\/p>\n<p class=\"text\">Toujours dans des jeux patronymiques et toponymiques, leur destin va se m\u00ealer \u00e0 celui de Stradivarius ou de Jean-S\u00e9bastien Bach au c\u0153ur d\u2019un si\u00e8cle des Lumi\u00e8res finalement pas si flamboyant, parsem\u00e9 de guerres, de pillages, d\u2019\u00e9pid\u00e9mies et d\u2019obscurantisme religieux.<\/p>\n<p class=\"text\">\u00abQue seraient les hommes sans la musique ?\u00bb, questionne \u00e0 juste titre un des personnages de l\u2019histoire. On lui r\u00e9pondrait que, parfois, oui, elle permet de surmonter la violence et l\u2019injustice du monde. Mais, surtout, elle donne l\u2019occasion d\u2019accoucher d\u2019un superbe ouvrage, sorti il y a seulement quelques semaines, d\u00e9j\u00e0 r\u00e9imprim\u00e9 plusieurs fois et en lice pour le Grand Prix de la Critique ACBD (dont le laur\u00e9at est annonc\u00e9 aujourd\u2019hui).<\/p>\n<p class=\"text\"><i>Soli Deo Gloria<\/i> le m\u00e9rite, \u00e9poustouflant de bout en bout. Saluons d\u2019abord Jean-Christophe Deveney (auteur il y a un an des <i>M\u00e9t\u00e9ores<\/i> avec Tommy Redolfi) pour ce r\u00e9cit \u00e9pique qui se lit d\u2019une traite (malgr\u00e9 275\u202fpages fournies), v\u00e9ritable ode au baroque, entre obscurit\u00e9 et lumi\u00e8re.<\/p>\n<p class=\"text\">Comme arrim\u00e9e \u00e0 cette dualit\u00e9, l\u2019atmosph\u00e8re mise en place par le dessinateur \u00c9douard Cour est \u00e0 couper le souffle, malgr\u00e9 son apparente aust\u00e9rit\u00e9 : un trait inspir\u00e9 du manga, des gravures (notamment celles de Rembrandt et de Goya) et de vieilles lithographies, d\u2019un noir et blanc profond d\u2019o\u00f9 jaillit la couleur, comme une d\u00e9charge \u00e9lectrique, \u00e0 chaque note, \u00e0 chaque m\u00e9lodie.<\/p>\n<p class=\"text\">Dans la marge, m\u00eame, un bout de partition, discret, qui se d\u00e9roule du d\u00e9but \u00e0 la fin. \u00abL\u2019art, comme la foi, peut \u00eatre une forme de transcendance, une mani\u00e8re de s\u2019\u00e9lever\u00bb, pr\u00e9cise le sc\u00e9nariste, qui r\u00e9pond ainsi \u00e0 son interrogation initiale. Sa d\u00e9monstration est, en tout cas, le plus convaincant des exemples.<\/p>\n<div class=\"box shadowinfobox-middle\">\n<h4>L\u2019histoire<\/h4>\n<p>N\u00e9s sous le ciel crasseux du Saint-Empire romain germanique, Hans et Helma \u00e9taient destin\u00e9s \u00e0 une vie de labeur et de pauvret\u00e9. Leur don et leur amour pour la musique s\u2019offriront \u00e0 eux comme un espoir, une lueur dans leur quotidien sombre et terreux. Gr\u00e2ce \u00e0 elle, ils d\u00e9couvriront la beaut\u00e9 et la cruaut\u00e9 du monde\u2026<\/p>\n<\/div>\n<p> La chronique se veut g\u00e9n\u00e9r\u00e9e de la fa\u00e7on la plus claire que possible. Dans le cas o\u00f9 vous souhaitez pr\u00e9senter des renseignements compl\u00e9mentaires \u00e0 cet article sur le sujet \u00ab\u00a0Fr\u00e8res jumeaux de l&rsquo;Essonnes\u00a0\u00bb il vous est possible d\u2019\u00e9crire aux contacts indiqu\u00e9s sur notre website. La raison d\u2019\u00eatre de jumeaux91.fr \u00e9tant de rassembler sur le web des posts sur le sujet de Fr\u00e8res jumeaux de l&rsquo;Essonnes puis les diffuser en r\u00e9pondant au mieux aux interrogations des gens. Vous pouvez tirer profit de cet article traitant le sujet \u00ab\u00a0Fr\u00e8res jumeaux de l&rsquo;Essonnes\u00a0\u00bb. Il est concoct\u00e9 par l\u2019\u00e9quipe jumeaux91.fr. Prochainement, nous rendrons accessibles au public d&rsquo;autres informations pertinentes sur le sujet \u00ab\u00a0Fr\u00e8res jumeaux de l&rsquo;Essonnes\u00a0\u00bb. Alors, consultez syst\u00e9matiquement notre blog.<\/p>\n","protected":false},"excerpt":{"rendered":"<p>Comme dans un conte des fr\u00e8res Grimm, deux jumeaux s\u2019\u00e9chappent de la mis\u00e8re qui leur est promise et r\u00e9inventent leur destin en musique au c\u0153ur du si\u00e8cle des Lumi\u00e8res. \u00c9poustouflant dans le fond et dans la forme. Il est rare, car complexe, de mat\u00e9rialiser la musique. De lui donner du souffle et du corps sur&hellip; <a class=\"more-link\" href=\"https:\/\/jumeaux91.fr\/blog\/bd-soli-deo-gloria-la-partition-dune-vie\/\">Poursuivre la lecture <span class=\"screen-reader-text\">[BD] \u00abSoli Deo Gloria\u00bb : la partition d\u2019une vie<\/span><\/a><\/p>\n","protected":false},"author":2,"featured_media":1894,"comment_status":"closed","ping_status":"closed","sticky":false,"template":"","format":"standard","meta":{"footnotes":""},"categories":[4],"tags":[],"class_list":["post-1893","post","type-post","status-publish","format-standard","has-post-thumbnail","hentry","category-posts-freres-jumeaux-de-lessonnes","entry"],"yoast_head":"<!-- This site is optimized with the Yoast SEO plugin v27.5 - https:\/\/yoast.com\/product\/yoast-seo-wordpress\/ -->\n<title>[BD] \u00abSoli Deo Gloria\u00bb : la partition d\u2019une vie - JUMEAUX91<\/title>\n<meta name=\"robots\" content=\"index, follow, max-snippet:-1, max-image-preview:large, max-video-preview:-1\" \/>\n<link rel=\"canonical\" href=\"https:\/\/jumeaux91.fr\/blog\/bd-soli-deo-gloria-la-partition-dune-vie\/\" \/>\n<meta property=\"og:locale\" content=\"fr_FR\" \/>\n<meta property=\"og:type\" content=\"article\" \/>\n<meta property=\"og:title\" content=\"[BD] \u00abSoli Deo Gloria\u00bb : la partition d\u2019une vie - JUMEAUX91\" \/>\n<meta property=\"og:description\" content=\"Comme dans un conte des fr\u00e8res Grimm, deux jumeaux s\u2019\u00e9chappent de la mis\u00e8re qui leur est promise et r\u00e9inventent leur destin en musique au c\u0153ur du si\u00e8cle des Lumi\u00e8res. \u00c9poustouflant dans le fond et dans la forme. Il est rare, car complexe, de mat\u00e9rialiser la musique. De lui donner du souffle et du corps sur&hellip; Poursuivre la lecture [BD] \u00abSoli Deo Gloria\u00bb : la partition d\u2019une vie\" \/>\n<meta property=\"og:url\" content=\"https:\/\/jumeaux91.fr\/blog\/bd-soli-deo-gloria-la-partition-dune-vie\/\" \/>\n<meta property=\"og:site_name\" content=\"JUMEAUX91\" \/>\n<meta property=\"article:published_time\" content=\"2025-12-02T01:03:00+00:00\" \/>\n<meta property=\"og:image\" content=\"https:\/\/jumeaux91.fr\/blog\/wp-content\/uploads\/2025\/12\/bd-soli-deo-gloria-la-partition-dune-vie.jpg\" \/>\n<meta name=\"author\" content=\"Claude DAYRES\" \/>\n<meta name=\"twitter:card\" content=\"summary_large_image\" \/>\n<meta name=\"twitter:label1\" content=\"\u00c9crit par\" \/>\n\t<meta name=\"twitter:data1\" content=\"Claude DAYRES\" \/>\n\t<meta name=\"twitter:label2\" content=\"Dur\u00e9e de lecture estim\u00e9e\" \/>\n\t<meta name=\"twitter:data2\" content=\"5 minutes\" \/>\n<script type=\"application\/ld+json\" class=\"yoast-schema-graph\">{\"@context\":\"https:\\\/\\\/schema.org\",\"@graph\":[{\"@type\":\"Article\",\"@id\":\"https:\\\/\\\/jumeaux91.fr\\\/blog\\\/bd-soli-deo-gloria-la-partition-dune-vie\\\/#article\",\"isPartOf\":{\"@id\":\"https:\\\/\\\/jumeaux91.fr\\\/blog\\\/bd-soli-deo-gloria-la-partition-dune-vie\\\/\"},\"author\":{\"name\":\"Claude DAYRES\",\"@id\":\"https:\\\/\\\/jumeaux91.fr\\\/blog\\\/#\\\/schema\\\/person\\\/21da06e9f119b9f64e5d45dbbd32d3fb\"},\"headline\":\"[BD] \u00abSoli Deo Gloria\u00bb : la partition d\u2019une vie\",\"datePublished\":\"2025-12-02T01:03:00+00:00\",\"mainEntityOfPage\":{\"@id\":\"https:\\\/\\\/jumeaux91.fr\\\/blog\\\/bd-soli-deo-gloria-la-partition-dune-vie\\\/\"},\"wordCount\":1018,\"publisher\":{\"@id\":\"https:\\\/\\\/jumeaux91.fr\\\/blog\\\/#organization\"},\"image\":{\"@id\":\"https:\\\/\\\/jumeaux91.fr\\\/blog\\\/bd-soli-deo-gloria-la-partition-dune-vie\\\/#primaryimage\"},\"thumbnailUrl\":\"https:\\\/\\\/jumeaux91.fr\\\/blog\\\/wp-content\\\/uploads\\\/2025\\\/12\\\/bd-soli-deo-gloria-la-partition-dune-vie.jpg\",\"articleSection\":[\"Posts Fr\u00e8res Jumeaux De L'Essonnes:\"],\"inLanguage\":\"fr-FR\"},{\"@type\":\"WebPage\",\"@id\":\"https:\\\/\\\/jumeaux91.fr\\\/blog\\\/bd-soli-deo-gloria-la-partition-dune-vie\\\/\",\"url\":\"https:\\\/\\\/jumeaux91.fr\\\/blog\\\/bd-soli-deo-gloria-la-partition-dune-vie\\\/\",\"name\":\"[BD] \u00abSoli Deo Gloria\u00bb : la partition d\u2019une vie - JUMEAUX91\",\"isPartOf\":{\"@id\":\"https:\\\/\\\/jumeaux91.fr\\\/blog\\\/#website\"},\"primaryImageOfPage\":{\"@id\":\"https:\\\/\\\/jumeaux91.fr\\\/blog\\\/bd-soli-deo-gloria-la-partition-dune-vie\\\/#primaryimage\"},\"image\":{\"@id\":\"https:\\\/\\\/jumeaux91.fr\\\/blog\\\/bd-soli-deo-gloria-la-partition-dune-vie\\\/#primaryimage\"},\"thumbnailUrl\":\"https:\\\/\\\/jumeaux91.fr\\\/blog\\\/wp-content\\\/uploads\\\/2025\\\/12\\\/bd-soli-deo-gloria-la-partition-dune-vie.jpg\",\"datePublished\":\"2025-12-02T01:03:00+00:00\",\"breadcrumb\":{\"@id\":\"https:\\\/\\\/jumeaux91.fr\\\/blog\\\/bd-soli-deo-gloria-la-partition-dune-vie\\\/#breadcrumb\"},\"inLanguage\":\"fr-FR\",\"potentialAction\":[{\"@type\":\"ReadAction\",\"target\":[\"https:\\\/\\\/jumeaux91.fr\\\/blog\\\/bd-soli-deo-gloria-la-partition-dune-vie\\\/\"]}]},{\"@type\":\"ImageObject\",\"inLanguage\":\"fr-FR\",\"@id\":\"https:\\\/\\\/jumeaux91.fr\\\/blog\\\/bd-soli-deo-gloria-la-partition-dune-vie\\\/#primaryimage\",\"url\":\"https:\\\/\\\/jumeaux91.fr\\\/blog\\\/wp-content\\\/uploads\\\/2025\\\/12\\\/bd-soli-deo-gloria-la-partition-dune-vie.jpg\",\"contentUrl\":\"https:\\\/\\\/jumeaux91.fr\\\/blog\\\/wp-content\\\/uploads\\\/2025\\\/12\\\/bd-soli-deo-gloria-la-partition-dune-vie.jpg\",\"width\":752,\"height\":450,\"caption\":\"[BD] \u00abSoli Deo Gloria\u00bb : la partition d\u2019une vie\"},{\"@type\":\"BreadcrumbList\",\"@id\":\"https:\\\/\\\/jumeaux91.fr\\\/blog\\\/bd-soli-deo-gloria-la-partition-dune-vie\\\/#breadcrumb\",\"itemListElement\":[{\"@type\":\"ListItem\",\"position\":1,\"name\":\"Accueil\",\"item\":\"https:\\\/\\\/jumeaux91.fr\\\/blog\\\/\"},{\"@type\":\"ListItem\",\"position\":2,\"name\":\"[BD] \u00abSoli Deo Gloria\u00bb : la partition d\u2019une vie\"}]},{\"@type\":\"WebSite\",\"@id\":\"https:\\\/\\\/jumeaux91.fr\\\/blog\\\/#website\",\"url\":\"https:\\\/\\\/jumeaux91.fr\\\/blog\\\/\",\"name\":\"JUMEAUX91\",\"description\":\"Fr\u00e8res jumeaux de l&#039;Essonnes; informations et archives, \u00e0 savoir et retenir.\",\"publisher\":{\"@id\":\"https:\\\/\\\/jumeaux91.fr\\\/blog\\\/#organization\"},\"potentialAction\":[{\"@type\":\"SearchAction\",\"target\":{\"@type\":\"EntryPoint\",\"urlTemplate\":\"https:\\\/\\\/jumeaux91.fr\\\/blog\\\/?s={search_term_string}\"},\"query-input\":{\"@type\":\"PropertyValueSpecification\",\"valueRequired\":true,\"valueName\":\"search_term_string\"}}],\"inLanguage\":\"fr-FR\"},{\"@type\":\"Organization\",\"@id\":\"https:\\\/\\\/jumeaux91.fr\\\/blog\\\/#organization\",\"name\":\"jumeaux91\",\"url\":\"https:\\\/\\\/jumeaux91.fr\\\/blog\\\/\",\"logo\":{\"@type\":\"ImageObject\",\"inLanguage\":\"fr-FR\",\"@id\":\"https:\\\/\\\/jumeaux91.fr\\\/blog\\\/#\\\/schema\\\/logo\\\/image\\\/\",\"url\":\"https:\\\/\\\/jumeaux91.fr\\\/blog\\\/wp-content\\\/uploads\\\/2023\\\/05\\\/cropped-cropped-logoJ_91.png\",\"contentUrl\":\"https:\\\/\\\/jumeaux91.fr\\\/blog\\\/wp-content\\\/uploads\\\/2023\\\/05\\\/cropped-cropped-logoJ_91.png\",\"width\":512,\"height\":512,\"caption\":\"jumeaux91\"},\"image\":{\"@id\":\"https:\\\/\\\/jumeaux91.fr\\\/blog\\\/#\\\/schema\\\/logo\\\/image\\\/\"}},{\"@type\":\"Person\",\"@id\":\"https:\\\/\\\/jumeaux91.fr\\\/blog\\\/#\\\/schema\\\/person\\\/21da06e9f119b9f64e5d45dbbd32d3fb\",\"name\":\"Claude DAYRES\",\"image\":{\"@type\":\"ImageObject\",\"inLanguage\":\"fr-FR\",\"@id\":\"https:\\\/\\\/secure.gravatar.com\\\/avatar\\\/82eb951df6110a2c48d1bfa7a67d1ee6f0cd5df3cbf9c3586dd61e82db7172a5?s=96&d=mm&r=g\",\"url\":\"https:\\\/\\\/secure.gravatar.com\\\/avatar\\\/82eb951df6110a2c48d1bfa7a67d1ee6f0cd5df3cbf9c3586dd61e82db7172a5?s=96&d=mm&r=g\",\"contentUrl\":\"https:\\\/\\\/secure.gravatar.com\\\/avatar\\\/82eb951df6110a2c48d1bfa7a67d1ee6f0cd5df3cbf9c3586dd61e82db7172a5?s=96&d=mm&r=g\",\"caption\":\"Claude DAYRES\"},\"url\":\"https:\\\/\\\/jumeaux91.fr\\\/blog\\\/author\\\/x91claude\\\/\"}]}<\/script>\n<!-- \/ Yoast SEO plugin. -->","yoast_head_json":{"title":"[BD] \u00abSoli Deo Gloria\u00bb : la partition d\u2019une vie - JUMEAUX91","robots":{"index":"index","follow":"follow","max-snippet":"max-snippet:-1","max-image-preview":"max-image-preview:large","max-video-preview":"max-video-preview:-1"},"canonical":"https:\/\/jumeaux91.fr\/blog\/bd-soli-deo-gloria-la-partition-dune-vie\/","og_locale":"fr_FR","og_type":"article","og_title":"[BD] \u00abSoli Deo Gloria\u00bb : la partition d\u2019une vie - JUMEAUX91","og_description":"Comme dans un conte des fr\u00e8res Grimm, deux jumeaux s\u2019\u00e9chappent de la mis\u00e8re qui leur est promise et r\u00e9inventent leur destin en musique au c\u0153ur du si\u00e8cle des Lumi\u00e8res. \u00c9poustouflant dans le fond et dans la forme. Il est rare, car complexe, de mat\u00e9rialiser la musique. De lui donner du souffle et du corps sur&hellip; Poursuivre la lecture [BD] \u00abSoli Deo Gloria\u00bb : la partition d\u2019une vie","og_url":"https:\/\/jumeaux91.fr\/blog\/bd-soli-deo-gloria-la-partition-dune-vie\/","og_site_name":"JUMEAUX91","article_published_time":"2025-12-02T01:03:00+00:00","og_image":[{"url":"https:\/\/jumeaux91.fr\/blog\/wp-content\/uploads\/2025\/12\/bd-soli-deo-gloria-la-partition-dune-vie.jpg","type":"","width":"","height":""}],"author":"Claude DAYRES","twitter_card":"summary_large_image","twitter_misc":{"\u00c9crit par":"Claude DAYRES","Dur\u00e9e de lecture estim\u00e9e":"5 minutes"},"schema":{"@context":"https:\/\/schema.org","@graph":[{"@type":"Article","@id":"https:\/\/jumeaux91.fr\/blog\/bd-soli-deo-gloria-la-partition-dune-vie\/#article","isPartOf":{"@id":"https:\/\/jumeaux91.fr\/blog\/bd-soli-deo-gloria-la-partition-dune-vie\/"},"author":{"name":"Claude DAYRES","@id":"https:\/\/jumeaux91.fr\/blog\/#\/schema\/person\/21da06e9f119b9f64e5d45dbbd32d3fb"},"headline":"[BD] \u00abSoli Deo Gloria\u00bb : la partition d\u2019une vie","datePublished":"2025-12-02T01:03:00+00:00","mainEntityOfPage":{"@id":"https:\/\/jumeaux91.fr\/blog\/bd-soli-deo-gloria-la-partition-dune-vie\/"},"wordCount":1018,"publisher":{"@id":"https:\/\/jumeaux91.fr\/blog\/#organization"},"image":{"@id":"https:\/\/jumeaux91.fr\/blog\/bd-soli-deo-gloria-la-partition-dune-vie\/#primaryimage"},"thumbnailUrl":"https:\/\/jumeaux91.fr\/blog\/wp-content\/uploads\/2025\/12\/bd-soli-deo-gloria-la-partition-dune-vie.jpg","articleSection":["Posts Fr\u00e8res Jumeaux De L'Essonnes:"],"inLanguage":"fr-FR"},{"@type":"WebPage","@id":"https:\/\/jumeaux91.fr\/blog\/bd-soli-deo-gloria-la-partition-dune-vie\/","url":"https:\/\/jumeaux91.fr\/blog\/bd-soli-deo-gloria-la-partition-dune-vie\/","name":"[BD] \u00abSoli Deo Gloria\u00bb : la partition d\u2019une vie - JUMEAUX91","isPartOf":{"@id":"https:\/\/jumeaux91.fr\/blog\/#website"},"primaryImageOfPage":{"@id":"https:\/\/jumeaux91.fr\/blog\/bd-soli-deo-gloria-la-partition-dune-vie\/#primaryimage"},"image":{"@id":"https:\/\/jumeaux91.fr\/blog\/bd-soli-deo-gloria-la-partition-dune-vie\/#primaryimage"},"thumbnailUrl":"https:\/\/jumeaux91.fr\/blog\/wp-content\/uploads\/2025\/12\/bd-soli-deo-gloria-la-partition-dune-vie.jpg","datePublished":"2025-12-02T01:03:00+00:00","breadcrumb":{"@id":"https:\/\/jumeaux91.fr\/blog\/bd-soli-deo-gloria-la-partition-dune-vie\/#breadcrumb"},"inLanguage":"fr-FR","potentialAction":[{"@type":"ReadAction","target":["https:\/\/jumeaux91.fr\/blog\/bd-soli-deo-gloria-la-partition-dune-vie\/"]}]},{"@type":"ImageObject","inLanguage":"fr-FR","@id":"https:\/\/jumeaux91.fr\/blog\/bd-soli-deo-gloria-la-partition-dune-vie\/#primaryimage","url":"https:\/\/jumeaux91.fr\/blog\/wp-content\/uploads\/2025\/12\/bd-soli-deo-gloria-la-partition-dune-vie.jpg","contentUrl":"https:\/\/jumeaux91.fr\/blog\/wp-content\/uploads\/2025\/12\/bd-soli-deo-gloria-la-partition-dune-vie.jpg","width":752,"height":450,"caption":"[BD] \u00abSoli Deo Gloria\u00bb : la partition d\u2019une vie"},{"@type":"BreadcrumbList","@id":"https:\/\/jumeaux91.fr\/blog\/bd-soli-deo-gloria-la-partition-dune-vie\/#breadcrumb","itemListElement":[{"@type":"ListItem","position":1,"name":"Accueil","item":"https:\/\/jumeaux91.fr\/blog\/"},{"@type":"ListItem","position":2,"name":"[BD] \u00abSoli Deo Gloria\u00bb : la partition d\u2019une vie"}]},{"@type":"WebSite","@id":"https:\/\/jumeaux91.fr\/blog\/#website","url":"https:\/\/jumeaux91.fr\/blog\/","name":"JUMEAUX91","description":"Fr\u00e8res jumeaux de l&#039;Essonnes; informations et archives, \u00e0 savoir et retenir.","publisher":{"@id":"https:\/\/jumeaux91.fr\/blog\/#organization"},"potentialAction":[{"@type":"SearchAction","target":{"@type":"EntryPoint","urlTemplate":"https:\/\/jumeaux91.fr\/blog\/?s={search_term_string}"},"query-input":{"@type":"PropertyValueSpecification","valueRequired":true,"valueName":"search_term_string"}}],"inLanguage":"fr-FR"},{"@type":"Organization","@id":"https:\/\/jumeaux91.fr\/blog\/#organization","name":"jumeaux91","url":"https:\/\/jumeaux91.fr\/blog\/","logo":{"@type":"ImageObject","inLanguage":"fr-FR","@id":"https:\/\/jumeaux91.fr\/blog\/#\/schema\/logo\/image\/","url":"https:\/\/jumeaux91.fr\/blog\/wp-content\/uploads\/2023\/05\/cropped-cropped-logoJ_91.png","contentUrl":"https:\/\/jumeaux91.fr\/blog\/wp-content\/uploads\/2023\/05\/cropped-cropped-logoJ_91.png","width":512,"height":512,"caption":"jumeaux91"},"image":{"@id":"https:\/\/jumeaux91.fr\/blog\/#\/schema\/logo\/image\/"}},{"@type":"Person","@id":"https:\/\/jumeaux91.fr\/blog\/#\/schema\/person\/21da06e9f119b9f64e5d45dbbd32d3fb","name":"Claude DAYRES","image":{"@type":"ImageObject","inLanguage":"fr-FR","@id":"https:\/\/secure.gravatar.com\/avatar\/82eb951df6110a2c48d1bfa7a67d1ee6f0cd5df3cbf9c3586dd61e82db7172a5?s=96&d=mm&r=g","url":"https:\/\/secure.gravatar.com\/avatar\/82eb951df6110a2c48d1bfa7a67d1ee6f0cd5df3cbf9c3586dd61e82db7172a5?s=96&d=mm&r=g","contentUrl":"https:\/\/secure.gravatar.com\/avatar\/82eb951df6110a2c48d1bfa7a67d1ee6f0cd5df3cbf9c3586dd61e82db7172a5?s=96&d=mm&r=g","caption":"Claude DAYRES"},"url":"https:\/\/jumeaux91.fr\/blog\/author\/x91claude\/"}]}},"_links":{"self":[{"href":"https:\/\/jumeaux91.fr\/blog\/wp-json\/wp\/v2\/posts\/1893","targetHints":{"allow":["GET"]}}],"collection":[{"href":"https:\/\/jumeaux91.fr\/blog\/wp-json\/wp\/v2\/posts"}],"about":[{"href":"https:\/\/jumeaux91.fr\/blog\/wp-json\/wp\/v2\/types\/post"}],"author":[{"embeddable":true,"href":"https:\/\/jumeaux91.fr\/blog\/wp-json\/wp\/v2\/users\/2"}],"replies":[{"embeddable":true,"href":"https:\/\/jumeaux91.fr\/blog\/wp-json\/wp\/v2\/comments?post=1893"}],"version-history":[{"count":0,"href":"https:\/\/jumeaux91.fr\/blog\/wp-json\/wp\/v2\/posts\/1893\/revisions"}],"wp:featuredmedia":[{"embeddable":true,"href":"https:\/\/jumeaux91.fr\/blog\/wp-json\/wp\/v2\/media\/1894"}],"wp:attachment":[{"href":"https:\/\/jumeaux91.fr\/blog\/wp-json\/wp\/v2\/media?parent=1893"}],"wp:term":[{"taxonomy":"category","embeddable":true,"href":"https:\/\/jumeaux91.fr\/blog\/wp-json\/wp\/v2\/categories?post=1893"},{"taxonomy":"post_tag","embeddable":true,"href":"https:\/\/jumeaux91.fr\/blog\/wp-json\/wp\/v2\/tags?post=1893"}],"curies":[{"name":"wp","href":"https:\/\/api.w.org\/{rel}","templated":true}]}}