{"id":1907,"date":"2025-12-04T08:37:00","date_gmt":"2025-12-04T07:37:00","guid":{"rendered":"https:\/\/jumeaux91.fr\/blog\/arsenal-soffre-les-jumeaux-quintero\/"},"modified":"2025-12-04T08:37:00","modified_gmt":"2025-12-04T07:37:00","slug":"arsenal-soffre-les-jumeaux-quintero","status":"publish","type":"post","link":"https:\/\/jumeaux91.fr\/blog\/arsenal-soffre-les-jumeaux-quintero\/","title":{"rendered":"Arsenal s\u2019offre les jumeaux Quintero"},"content":{"rendered":"<div><img decoding=\"async\" src=\"https:\/\/jumeaux91.fr\/blog\/wp-content\/uploads\/2025\/12\/arsenal-soffre-les-jumeaux-quintero.jpg\" class=\"ff-og-image-inserted\"><\/div>\n<div data-live-id=\"articleContent.isLive\" data-live-value=\"17648841020\" data-live=\"0\" data-live-reload=\"1\">\n<p>Arsenal s\u2019offre un beau pari sur l\u2019avenir. Ces derniers jours, la presse anglaise affirmait que les Gunners \u00e9taient sur le point de recruter les jumeaux de l\u2019Independiente del Valle, Edwin et Holger Quintero, tous deux \u00e2g\u00e9s de 16 ans. Le premier est ailier droit, tandis que le second est un milieu offensif. Ce jeudi, <a href=\"https:\/\/www.footmercato.net\/club\/arsenal\/\" target=\"_blank\" rel=\"nofollow\">Arsenal<\/a> vient d\u2019officialiser l\u2019arriv\u00e9e des deux \u00c9quatoriens en 2027, lorsqu\u2019ils seront majeurs. <\/p>\n<div class=\"adWrapper adWrapper--m\"> <span>La suite apr\u00e8s cette publicit\u00e9<\/span> <\/div>\n<p><em>\u00abL\u2019Arsenal Football Club a conclu un accord pour recruter les fr\u00e8res jumeaux Edwin et Holger Quintero, qui \u00e9voluent actuellement au sein du club \u00e9quatorien Independiente del Valle. Les jumeaux rejoindront notre \u00e9quipe en ao\u00fbt 2027. Ces jeunes joueurs tr\u00e8s prometteurs, \u00e2g\u00e9s de 16 ans, ont grandi \u00e0 Esmeraldas, en \u00c9quateur, et rejoindront le club \u00e0 l\u2019\u00e2ge de 18 ans. (\u2026) Edwin et Holger sont reconnus comme deux des jeunes talents les plus prometteurs d\u2019Am\u00e9rique du Sud, affichant des performances r\u00e9guli\u00e8res et impressionnantes au niveau junior, tant en club qu\u2019en s\u00e9lection nationale. Les deux joueurs ont \u00e9t\u00e9 s\u00e9lectionn\u00e9s en \u00e9quipe nationale U17 de l\u2019\u00c9quateur. Edwin est gaucher, rapide et habile en dribble. Il \u00e9volue au poste d\u2019ailier droit, aime prendre ses adversaires \u00e0 revers et dispose d\u2019un large \u00e9ventail de comp\u00e9tences. Holger est un milieu offensif droitier dou\u00e9 techniquement qui relie le jeu gr\u00e2ce \u00e0 sa vision progressive et poss\u00e8de \u00e9galement la capacit\u00e9 de battre ses adversaires gr\u00e2ce \u00e0 sa rapidit\u00e9. Nous collaborerons \u00e9troitement avec l\u2019Independiente del Valle pour le d\u00e9veloppement et le bien-\u00eatre d\u2019Edwin et Holger jusqu\u2019\u00e0 leur arriv\u00e9e \u00e0 Arsenal\u00bb<\/em>, indique le communiqu\u00e9.<\/p>\n<\/p><\/div>\n<p> <span>Pub. le <time datetime=\"2025-12-04T15:35:53+00:00\">04\/12\/2025 16:35<\/time><\/span> <span>&#8211; MAJ le <time datetime=\"2025-12-04T21:35:02+00:00\">04\/12\/2025 22:35<\/time><\/span> <\/p>\n<p>La chronique se veut g\u00e9n\u00e9r\u00e9e de la fa\u00e7on la plus claire que possible. Dans le cas o\u00f9 vous souhaitez pr\u00e9senter des renseignements compl\u00e9mentaires \u00e0 cet article sur le sujet \u00ab\u00a0Fr\u00e8res jumeaux de l&rsquo;Essonnes\u00a0\u00bb il vous est possible d\u2019\u00e9crire aux contacts indiqu\u00e9s sur notre website. La raison d\u2019\u00eatre de jumeaux91.fr \u00e9tant de rassembler sur le web des posts sur le sujet de Fr\u00e8res jumeaux de l&rsquo;Essonnes puis les diffuser en r\u00e9pondant au mieux aux interrogations des gens. Vous pouvez tirer profit de cet article traitant le sujet \u00ab\u00a0Fr\u00e8res jumeaux de l&rsquo;Essonnes\u00a0\u00bb. Il est concoct\u00e9 par l\u2019\u00e9quipe jumeaux91.fr. Prochainement, nous rendrons accessibles au public d&rsquo;autres informations pertinentes sur le sujet \u00ab\u00a0Fr\u00e8res jumeaux de l&rsquo;Essonnes\u00a0\u00bb. Alors, consultez syst\u00e9matiquement notre blog.<\/p>\n","protected":false},"excerpt":{"rendered":"<p>Arsenal s\u2019offre un beau pari sur l\u2019avenir. Ces derniers jours, la presse anglaise affirmait que les Gunners \u00e9taient sur le point de recruter les jumeaux de l\u2019Independiente del Valle, Edwin et Holger Quintero, tous deux \u00e2g\u00e9s de 16 ans. Le premier est ailier droit, tandis que le second est un milieu offensif. Ce jeudi, Arsenal&hellip; <a class=\"more-link\" href=\"https:\/\/jumeaux91.fr\/blog\/arsenal-soffre-les-jumeaux-quintero\/\">Poursuivre la lecture <span class=\"screen-reader-text\">Arsenal s\u2019offre les jumeaux Quintero<\/span><\/a><\/p>\n","protected":false},"author":2,"featured_media":1908,"comment_status":"closed","ping_status":"closed","sticky":false,"template":"","format":"standard","meta":{"footnotes":""},"categories":[4],"tags":[],"class_list":["post-1907","post","type-post","status-publish","format-standard","has-post-thumbnail","hentry","category-posts-freres-jumeaux-de-lessonnes","entry"],"yoast_head":"<!-- This site is optimized with the Yoast SEO plugin v27.5 - https:\/\/yoast.com\/product\/yoast-seo-wordpress\/ -->\n<title>Arsenal s\u2019offre les jumeaux Quintero - JUMEAUX91<\/title>\n<meta name=\"robots\" content=\"index, follow, max-snippet:-1, max-image-preview:large, max-video-preview:-1\" \/>\n<link rel=\"canonical\" href=\"https:\/\/jumeaux91.fr\/blog\/arsenal-soffre-les-jumeaux-quintero\/\" \/>\n<meta property=\"og:locale\" content=\"fr_FR\" \/>\n<meta property=\"og:type\" content=\"article\" \/>\n<meta property=\"og:title\" content=\"Arsenal s\u2019offre les jumeaux Quintero - JUMEAUX91\" \/>\n<meta property=\"og:description\" content=\"Arsenal s\u2019offre un beau pari sur l\u2019avenir. Ces derniers jours, la presse anglaise affirmait que les Gunners \u00e9taient sur le point de recruter les jumeaux de l\u2019Independiente del Valle, Edwin et Holger Quintero, tous deux \u00e2g\u00e9s de 16 ans. Le premier est ailier droit, tandis que le second est un milieu offensif. Ce jeudi, Arsenal&hellip; Poursuivre la lecture Arsenal s\u2019offre les jumeaux Quintero\" \/>\n<meta property=\"og:url\" content=\"https:\/\/jumeaux91.fr\/blog\/arsenal-soffre-les-jumeaux-quintero\/\" \/>\n<meta property=\"og:site_name\" content=\"JUMEAUX91\" \/>\n<meta property=\"article:published_time\" content=\"2025-12-04T07:37:00+00:00\" \/>\n<meta property=\"og:image\" content=\"https:\/\/jumeaux91.fr\/blog\/wp-content\/uploads\/2025\/12\/arsenal-soffre-les-jumeaux-quintero.jpg\" \/>\n<meta name=\"author\" content=\"Claude DAYRES\" \/>\n<meta name=\"twitter:card\" content=\"summary_large_image\" \/>\n<meta name=\"twitter:label1\" content=\"\u00c9crit par\" \/>\n\t<meta name=\"twitter:data1\" content=\"Claude DAYRES\" \/>\n\t<meta name=\"twitter:label2\" content=\"Dur\u00e9e de lecture estim\u00e9e\" \/>\n\t<meta name=\"twitter:data2\" content=\"2 minutes\" \/>\n<script type=\"application\/ld+json\" class=\"yoast-schema-graph\">{\"@context\":\"https:\\\/\\\/schema.org\",\"@graph\":[{\"@type\":\"Article\",\"@id\":\"https:\\\/\\\/jumeaux91.fr\\\/blog\\\/arsenal-soffre-les-jumeaux-quintero\\\/#article\",\"isPartOf\":{\"@id\":\"https:\\\/\\\/jumeaux91.fr\\\/blog\\\/arsenal-soffre-les-jumeaux-quintero\\\/\"},\"author\":{\"name\":\"Claude DAYRES\",\"@id\":\"https:\\\/\\\/jumeaux91.fr\\\/blog\\\/#\\\/schema\\\/person\\\/21da06e9f119b9f64e5d45dbbd32d3fb\"},\"headline\":\"Arsenal s\u2019offre les jumeaux Quintero\",\"datePublished\":\"2025-12-04T07:37:00+00:00\",\"mainEntityOfPage\":{\"@id\":\"https:\\\/\\\/jumeaux91.fr\\\/blog\\\/arsenal-soffre-les-jumeaux-quintero\\\/\"},\"wordCount\":428,\"publisher\":{\"@id\":\"https:\\\/\\\/jumeaux91.fr\\\/blog\\\/#organization\"},\"image\":{\"@id\":\"https:\\\/\\\/jumeaux91.fr\\\/blog\\\/arsenal-soffre-les-jumeaux-quintero\\\/#primaryimage\"},\"thumbnailUrl\":\"https:\\\/\\\/jumeaux91.fr\\\/blog\\\/wp-content\\\/uploads\\\/2025\\\/12\\\/arsenal-soffre-les-jumeaux-quintero.jpg\",\"articleSection\":[\"Posts Fr\u00e8res Jumeaux De L'Essonnes:\"],\"inLanguage\":\"fr-FR\"},{\"@type\":\"WebPage\",\"@id\":\"https:\\\/\\\/jumeaux91.fr\\\/blog\\\/arsenal-soffre-les-jumeaux-quintero\\\/\",\"url\":\"https:\\\/\\\/jumeaux91.fr\\\/blog\\\/arsenal-soffre-les-jumeaux-quintero\\\/\",\"name\":\"Arsenal s\u2019offre les jumeaux Quintero - JUMEAUX91\",\"isPartOf\":{\"@id\":\"https:\\\/\\\/jumeaux91.fr\\\/blog\\\/#website\"},\"primaryImageOfPage\":{\"@id\":\"https:\\\/\\\/jumeaux91.fr\\\/blog\\\/arsenal-soffre-les-jumeaux-quintero\\\/#primaryimage\"},\"image\":{\"@id\":\"https:\\\/\\\/jumeaux91.fr\\\/blog\\\/arsenal-soffre-les-jumeaux-quintero\\\/#primaryimage\"},\"thumbnailUrl\":\"https:\\\/\\\/jumeaux91.fr\\\/blog\\\/wp-content\\\/uploads\\\/2025\\\/12\\\/arsenal-soffre-les-jumeaux-quintero.jpg\",\"datePublished\":\"2025-12-04T07:37:00+00:00\",\"breadcrumb\":{\"@id\":\"https:\\\/\\\/jumeaux91.fr\\\/blog\\\/arsenal-soffre-les-jumeaux-quintero\\\/#breadcrumb\"},\"inLanguage\":\"fr-FR\",\"potentialAction\":[{\"@type\":\"ReadAction\",\"target\":[\"https:\\\/\\\/jumeaux91.fr\\\/blog\\\/arsenal-soffre-les-jumeaux-quintero\\\/\"]}]},{\"@type\":\"ImageObject\",\"inLanguage\":\"fr-FR\",\"@id\":\"https:\\\/\\\/jumeaux91.fr\\\/blog\\\/arsenal-soffre-les-jumeaux-quintero\\\/#primaryimage\",\"url\":\"https:\\\/\\\/jumeaux91.fr\\\/blog\\\/wp-content\\\/uploads\\\/2025\\\/12\\\/arsenal-soffre-les-jumeaux-quintero.jpg\",\"contentUrl\":\"https:\\\/\\\/jumeaux91.fr\\\/blog\\\/wp-content\\\/uploads\\\/2025\\\/12\\\/arsenal-soffre-les-jumeaux-quintero.jpg\",\"width\":1200,\"height\":675,\"caption\":\"Arsenal s\u2019offre les jumeaux Quintero\"},{\"@type\":\"BreadcrumbList\",\"@id\":\"https:\\\/\\\/jumeaux91.fr\\\/blog\\\/arsenal-soffre-les-jumeaux-quintero\\\/#breadcrumb\",\"itemListElement\":[{\"@type\":\"ListItem\",\"position\":1,\"name\":\"Accueil\",\"item\":\"https:\\\/\\\/jumeaux91.fr\\\/blog\\\/\"},{\"@type\":\"ListItem\",\"position\":2,\"name\":\"Arsenal s\u2019offre les jumeaux Quintero\"}]},{\"@type\":\"WebSite\",\"@id\":\"https:\\\/\\\/jumeaux91.fr\\\/blog\\\/#website\",\"url\":\"https:\\\/\\\/jumeaux91.fr\\\/blog\\\/\",\"name\":\"JUMEAUX91\",\"description\":\"Fr\u00e8res jumeaux de l&#039;Essonnes; informations et archives, \u00e0 savoir et retenir.\",\"publisher\":{\"@id\":\"https:\\\/\\\/jumeaux91.fr\\\/blog\\\/#organization\"},\"potentialAction\":[{\"@type\":\"SearchAction\",\"target\":{\"@type\":\"EntryPoint\",\"urlTemplate\":\"https:\\\/\\\/jumeaux91.fr\\\/blog\\\/?s={search_term_string}\"},\"query-input\":{\"@type\":\"PropertyValueSpecification\",\"valueRequired\":true,\"valueName\":\"search_term_string\"}}],\"inLanguage\":\"fr-FR\"},{\"@type\":\"Organization\",\"@id\":\"https:\\\/\\\/jumeaux91.fr\\\/blog\\\/#organization\",\"name\":\"jumeaux91\",\"url\":\"https:\\\/\\\/jumeaux91.fr\\\/blog\\\/\",\"logo\":{\"@type\":\"ImageObject\",\"inLanguage\":\"fr-FR\",\"@id\":\"https:\\\/\\\/jumeaux91.fr\\\/blog\\\/#\\\/schema\\\/logo\\\/image\\\/\",\"url\":\"https:\\\/\\\/jumeaux91.fr\\\/blog\\\/wp-content\\\/uploads\\\/2023\\\/05\\\/cropped-cropped-logoJ_91.png\",\"contentUrl\":\"https:\\\/\\\/jumeaux91.fr\\\/blog\\\/wp-content\\\/uploads\\\/2023\\\/05\\\/cropped-cropped-logoJ_91.png\",\"width\":512,\"height\":512,\"caption\":\"jumeaux91\"},\"image\":{\"@id\":\"https:\\\/\\\/jumeaux91.fr\\\/blog\\\/#\\\/schema\\\/logo\\\/image\\\/\"}},{\"@type\":\"Person\",\"@id\":\"https:\\\/\\\/jumeaux91.fr\\\/blog\\\/#\\\/schema\\\/person\\\/21da06e9f119b9f64e5d45dbbd32d3fb\",\"name\":\"Claude DAYRES\",\"image\":{\"@type\":\"ImageObject\",\"inLanguage\":\"fr-FR\",\"@id\":\"https:\\\/\\\/secure.gravatar.com\\\/avatar\\\/82eb951df6110a2c48d1bfa7a67d1ee6f0cd5df3cbf9c3586dd61e82db7172a5?s=96&d=mm&r=g\",\"url\":\"https:\\\/\\\/secure.gravatar.com\\\/avatar\\\/82eb951df6110a2c48d1bfa7a67d1ee6f0cd5df3cbf9c3586dd61e82db7172a5?s=96&d=mm&r=g\",\"contentUrl\":\"https:\\\/\\\/secure.gravatar.com\\\/avatar\\\/82eb951df6110a2c48d1bfa7a67d1ee6f0cd5df3cbf9c3586dd61e82db7172a5?s=96&d=mm&r=g\",\"caption\":\"Claude DAYRES\"},\"url\":\"https:\\\/\\\/jumeaux91.fr\\\/blog\\\/author\\\/x91claude\\\/\"}]}<\/script>\n<!-- \/ Yoast SEO plugin. -->","yoast_head_json":{"title":"Arsenal s\u2019offre les jumeaux Quintero - JUMEAUX91","robots":{"index":"index","follow":"follow","max-snippet":"max-snippet:-1","max-image-preview":"max-image-preview:large","max-video-preview":"max-video-preview:-1"},"canonical":"https:\/\/jumeaux91.fr\/blog\/arsenal-soffre-les-jumeaux-quintero\/","og_locale":"fr_FR","og_type":"article","og_title":"Arsenal s\u2019offre les jumeaux Quintero - JUMEAUX91","og_description":"Arsenal s\u2019offre un beau pari sur l\u2019avenir. Ces derniers jours, la presse anglaise affirmait que les Gunners \u00e9taient sur le point de recruter les jumeaux de l\u2019Independiente del Valle, Edwin et Holger Quintero, tous deux \u00e2g\u00e9s de 16 ans. Le premier est ailier droit, tandis que le second est un milieu offensif. Ce jeudi, Arsenal&hellip; Poursuivre la lecture Arsenal s\u2019offre les jumeaux Quintero","og_url":"https:\/\/jumeaux91.fr\/blog\/arsenal-soffre-les-jumeaux-quintero\/","og_site_name":"JUMEAUX91","article_published_time":"2025-12-04T07:37:00+00:00","og_image":[{"url":"https:\/\/jumeaux91.fr\/blog\/wp-content\/uploads\/2025\/12\/arsenal-soffre-les-jumeaux-quintero.jpg","type":"","width":"","height":""}],"author":"Claude DAYRES","twitter_card":"summary_large_image","twitter_misc":{"\u00c9crit par":"Claude DAYRES","Dur\u00e9e de lecture estim\u00e9e":"2 minutes"},"schema":{"@context":"https:\/\/schema.org","@graph":[{"@type":"Article","@id":"https:\/\/jumeaux91.fr\/blog\/arsenal-soffre-les-jumeaux-quintero\/#article","isPartOf":{"@id":"https:\/\/jumeaux91.fr\/blog\/arsenal-soffre-les-jumeaux-quintero\/"},"author":{"name":"Claude DAYRES","@id":"https:\/\/jumeaux91.fr\/blog\/#\/schema\/person\/21da06e9f119b9f64e5d45dbbd32d3fb"},"headline":"Arsenal s\u2019offre les jumeaux Quintero","datePublished":"2025-12-04T07:37:00+00:00","mainEntityOfPage":{"@id":"https:\/\/jumeaux91.fr\/blog\/arsenal-soffre-les-jumeaux-quintero\/"},"wordCount":428,"publisher":{"@id":"https:\/\/jumeaux91.fr\/blog\/#organization"},"image":{"@id":"https:\/\/jumeaux91.fr\/blog\/arsenal-soffre-les-jumeaux-quintero\/#primaryimage"},"thumbnailUrl":"https:\/\/jumeaux91.fr\/blog\/wp-content\/uploads\/2025\/12\/arsenal-soffre-les-jumeaux-quintero.jpg","articleSection":["Posts Fr\u00e8res Jumeaux De L'Essonnes:"],"inLanguage":"fr-FR"},{"@type":"WebPage","@id":"https:\/\/jumeaux91.fr\/blog\/arsenal-soffre-les-jumeaux-quintero\/","url":"https:\/\/jumeaux91.fr\/blog\/arsenal-soffre-les-jumeaux-quintero\/","name":"Arsenal s\u2019offre les jumeaux Quintero - JUMEAUX91","isPartOf":{"@id":"https:\/\/jumeaux91.fr\/blog\/#website"},"primaryImageOfPage":{"@id":"https:\/\/jumeaux91.fr\/blog\/arsenal-soffre-les-jumeaux-quintero\/#primaryimage"},"image":{"@id":"https:\/\/jumeaux91.fr\/blog\/arsenal-soffre-les-jumeaux-quintero\/#primaryimage"},"thumbnailUrl":"https:\/\/jumeaux91.fr\/blog\/wp-content\/uploads\/2025\/12\/arsenal-soffre-les-jumeaux-quintero.jpg","datePublished":"2025-12-04T07:37:00+00:00","breadcrumb":{"@id":"https:\/\/jumeaux91.fr\/blog\/arsenal-soffre-les-jumeaux-quintero\/#breadcrumb"},"inLanguage":"fr-FR","potentialAction":[{"@type":"ReadAction","target":["https:\/\/jumeaux91.fr\/blog\/arsenal-soffre-les-jumeaux-quintero\/"]}]},{"@type":"ImageObject","inLanguage":"fr-FR","@id":"https:\/\/jumeaux91.fr\/blog\/arsenal-soffre-les-jumeaux-quintero\/#primaryimage","url":"https:\/\/jumeaux91.fr\/blog\/wp-content\/uploads\/2025\/12\/arsenal-soffre-les-jumeaux-quintero.jpg","contentUrl":"https:\/\/jumeaux91.fr\/blog\/wp-content\/uploads\/2025\/12\/arsenal-soffre-les-jumeaux-quintero.jpg","width":1200,"height":675,"caption":"Arsenal s\u2019offre les jumeaux Quintero"},{"@type":"BreadcrumbList","@id":"https:\/\/jumeaux91.fr\/blog\/arsenal-soffre-les-jumeaux-quintero\/#breadcrumb","itemListElement":[{"@type":"ListItem","position":1,"name":"Accueil","item":"https:\/\/jumeaux91.fr\/blog\/"},{"@type":"ListItem","position":2,"name":"Arsenal s\u2019offre les jumeaux Quintero"}]},{"@type":"WebSite","@id":"https:\/\/jumeaux91.fr\/blog\/#website","url":"https:\/\/jumeaux91.fr\/blog\/","name":"JUMEAUX91","description":"Fr\u00e8res jumeaux de l&#039;Essonnes; informations et archives, \u00e0 savoir et retenir.","publisher":{"@id":"https:\/\/jumeaux91.fr\/blog\/#organization"},"potentialAction":[{"@type":"SearchAction","target":{"@type":"EntryPoint","urlTemplate":"https:\/\/jumeaux91.fr\/blog\/?s={search_term_string}"},"query-input":{"@type":"PropertyValueSpecification","valueRequired":true,"valueName":"search_term_string"}}],"inLanguage":"fr-FR"},{"@type":"Organization","@id":"https:\/\/jumeaux91.fr\/blog\/#organization","name":"jumeaux91","url":"https:\/\/jumeaux91.fr\/blog\/","logo":{"@type":"ImageObject","inLanguage":"fr-FR","@id":"https:\/\/jumeaux91.fr\/blog\/#\/schema\/logo\/image\/","url":"https:\/\/jumeaux91.fr\/blog\/wp-content\/uploads\/2023\/05\/cropped-cropped-logoJ_91.png","contentUrl":"https:\/\/jumeaux91.fr\/blog\/wp-content\/uploads\/2023\/05\/cropped-cropped-logoJ_91.png","width":512,"height":512,"caption":"jumeaux91"},"image":{"@id":"https:\/\/jumeaux91.fr\/blog\/#\/schema\/logo\/image\/"}},{"@type":"Person","@id":"https:\/\/jumeaux91.fr\/blog\/#\/schema\/person\/21da06e9f119b9f64e5d45dbbd32d3fb","name":"Claude DAYRES","image":{"@type":"ImageObject","inLanguage":"fr-FR","@id":"https:\/\/secure.gravatar.com\/avatar\/82eb951df6110a2c48d1bfa7a67d1ee6f0cd5df3cbf9c3586dd61e82db7172a5?s=96&d=mm&r=g","url":"https:\/\/secure.gravatar.com\/avatar\/82eb951df6110a2c48d1bfa7a67d1ee6f0cd5df3cbf9c3586dd61e82db7172a5?s=96&d=mm&r=g","contentUrl":"https:\/\/secure.gravatar.com\/avatar\/82eb951df6110a2c48d1bfa7a67d1ee6f0cd5df3cbf9c3586dd61e82db7172a5?s=96&d=mm&r=g","caption":"Claude DAYRES"},"url":"https:\/\/jumeaux91.fr\/blog\/author\/x91claude\/"}]}},"_links":{"self":[{"href":"https:\/\/jumeaux91.fr\/blog\/wp-json\/wp\/v2\/posts\/1907","targetHints":{"allow":["GET"]}}],"collection":[{"href":"https:\/\/jumeaux91.fr\/blog\/wp-json\/wp\/v2\/posts"}],"about":[{"href":"https:\/\/jumeaux91.fr\/blog\/wp-json\/wp\/v2\/types\/post"}],"author":[{"embeddable":true,"href":"https:\/\/jumeaux91.fr\/blog\/wp-json\/wp\/v2\/users\/2"}],"replies":[{"embeddable":true,"href":"https:\/\/jumeaux91.fr\/blog\/wp-json\/wp\/v2\/comments?post=1907"}],"version-history":[{"count":0,"href":"https:\/\/jumeaux91.fr\/blog\/wp-json\/wp\/v2\/posts\/1907\/revisions"}],"wp:featuredmedia":[{"embeddable":true,"href":"https:\/\/jumeaux91.fr\/blog\/wp-json\/wp\/v2\/media\/1908"}],"wp:attachment":[{"href":"https:\/\/jumeaux91.fr\/blog\/wp-json\/wp\/v2\/media?parent=1907"}],"wp:term":[{"taxonomy":"category","embeddable":true,"href":"https:\/\/jumeaux91.fr\/blog\/wp-json\/wp\/v2\/categories?post=1907"},{"taxonomy":"post_tag","embeddable":true,"href":"https:\/\/jumeaux91.fr\/blog\/wp-json\/wp\/v2\/tags?post=1907"}],"curies":[{"name":"wp","href":"https:\/\/api.w.org\/{rel}","templated":true}]}}