{"id":1915,"date":"2025-12-11T07:31:00","date_gmt":"2025-12-11T06:31:00","guid":{"rendered":"https:\/\/jumeaux91.fr\/blog\/famille-princiere-de-monaco-jazmin-grace-grimaldi-adresse-un-tendre-message-a-jacques-et-gabriella-pour-leur-anniversaire\/"},"modified":"2025-12-11T07:31:00","modified_gmt":"2025-12-11T06:31:00","slug":"famille-princiere-de-monaco-jazmin-grace-grimaldi-adresse-un-tendre-message-a-jacques-et-gabriella-pour-leur-anniversaire","status":"publish","type":"post","link":"https:\/\/jumeaux91.fr\/blog\/famille-princiere-de-monaco-jazmin-grace-grimaldi-adresse-un-tendre-message-a-jacques-et-gabriella-pour-leur-anniversaire\/","title":{"rendered":"Famille princi\u00e8re de Monaco : Jazmin Grace Grimaldi adresse un tendre message \u00e0 Jacques et Gabriella pour leur anniversaire"},"content":{"rendered":"<div><img decoding=\"async\" src=\"https:\/\/www.parismatch.be\/resizer\/v2\/RTRZAPZKCREFXBBQJGFTNHG5VU.jpg?auth=79244b099fa7fecf1e2035d46c20d46cbf99f2f5a41befadde6423067c432d4f&amp;width=1200&amp;height=630&amp;quality=85&amp;focal=3000%2C2000\" class=\"ff-og-image-inserted\"><\/div>\n<p class=\"ap-StoryElement ap-StoryElement--mb ap-StoryText\">Un message lik\u00e9 par Alexandra de Hanovre, Camille Gottlieb, Louis et Pauline Ducruet, les cousins des enfants ainsi que par leur grande s\u0153ur, Jazmin Grace. Sur son compte Instagram personnel, la jeune femme de 33 ans a \u00e9galement tenu \u00e0 envoyer un message \u00e0 Jacques et Gabriella, repartageant une publication de <i>Hello Monaco<\/i> montrant les jumeaux dans leurs jeunes ann\u00e9es, install\u00e9s devant un sapin, boules de No\u00ebl en main.<\/p>\n<p><a href=\"https:\/\/www.parismatch.be\/actualites\/people\/2025\/12\/10\/jacques-et-gabriella-de-monaco-fetent-leurs-onze-ans-le-palais-devoile-des-portraits-inedits-pour-loccasion-photos-L67LERKFIZBMBBSMCY7YO7MQB4\/\" target=\"_self\" class=\"ap-StoryInterstitialLink ap-StoryElement ap-StoryElement--mb\" rel=\"nofollow\">Jacques et Gabriella de Monaco f\u00eatent leurs onze ans : le Palais d\u00e9voile des portraits in\u00e9dits pour l&rsquo;occasion (photos)<\/a><\/p>\n<h2 class=\"ap-Title ap-StoryElement\">\u00ab\u00a0Mon fr\u00e8re et ma s\u0153ur\u00a0\u00bb<\/h2>\n<p class=\"ap-StoryElement ap-StoryElement--mb ap-StoryText\">En commentaire, Jazmin Grace \u00e9crit<i> \u00ab\u00a0joyeux anniversaire \u00e0 mon fr\u00e8re et ma s\u0153ur\u00a0\u00bb<\/i>, accompagnant son message d&rsquo;un \u00e9moji c\u0153ur, agr\u00e9ment\u00e9 d&rsquo;un ruban. Un moyen pour la jeune femme d&rsquo;envoyer de l&rsquo;amour \u00e0 sa fratrie, m\u00eame \u00e0 plusieurs milliers de kilom\u00e8tres de distance. N\u00e9e d&rsquo;une maman am\u00e9ricaine, Jazmin vit en Californie, mais se rend r\u00e9guli\u00e8rement \u00e0 Monaco aupr\u00e8s de son p\u00e8re.<\/p>\n<p class=\"ap-StoryElement ap-StoryElement--mb ap-StoryText\">En 2023, \u00e0 l&rsquo;occasion des 9 ans de Jacques et Gabriella, Jazmin Grace avait d\u00e9j\u00e0 adress\u00e9 ses v\u0153ux d&rsquo;anniversaire aux enfants, partageant pour l&rsquo;occasion une tr\u00e8s rare photo de la fratrie r\u00e9unie, l&rsquo;aspirante com\u00e9dienne prenant la pose avec les jumeaux, ainsi qu&rsquo;avec son fr\u00e8re cadet, Alexandre.<\/p>\n<p>La chronique se veut g\u00e9n\u00e9r\u00e9e de la fa\u00e7on la plus claire que possible. Dans le cas o\u00f9 vous souhaitez pr\u00e9senter des renseignements compl\u00e9mentaires \u00e0 cet article sur le sujet \u00ab\u00a0Fr\u00e8res jumeaux de l&rsquo;Essonnes\u00a0\u00bb il vous est possible d\u2019\u00e9crire aux contacts indiqu\u00e9s sur notre website. La raison d\u2019\u00eatre de jumeaux91.fr \u00e9tant de rassembler sur le web des posts sur le sujet de Fr\u00e8res jumeaux de l&rsquo;Essonnes puis les diffuser en r\u00e9pondant au mieux aux interrogations des gens. Vous pouvez tirer profit de cet article traitant le sujet \u00ab\u00a0Fr\u00e8res jumeaux de l&rsquo;Essonnes\u00a0\u00bb. Il est concoct\u00e9 par l\u2019\u00e9quipe jumeaux91.fr. Prochainement, nous rendrons accessibles au public d&rsquo;autres informations pertinentes sur le sujet \u00ab\u00a0Fr\u00e8res jumeaux de l&rsquo;Essonnes\u00a0\u00bb. Alors, consultez syst\u00e9matiquement notre blog.<\/p>\n","protected":false},"excerpt":{"rendered":"<p>Un message lik\u00e9 par Alexandra de Hanovre, Camille Gottlieb, Louis et Pauline Ducruet, les cousins des enfants ainsi que par leur grande s\u0153ur, Jazmin Grace. Sur son compte Instagram personnel, la jeune femme de 33 ans a \u00e9galement tenu \u00e0 envoyer un message \u00e0 Jacques et Gabriella, repartageant une publication de Hello Monaco montrant les&hellip; <a class=\"more-link\" href=\"https:\/\/jumeaux91.fr\/blog\/famille-princiere-de-monaco-jazmin-grace-grimaldi-adresse-un-tendre-message-a-jacques-et-gabriella-pour-leur-anniversaire\/\">Poursuivre la lecture <span class=\"screen-reader-text\">Famille princi\u00e8re de Monaco : Jazmin Grace Grimaldi adresse un tendre message \u00e0 Jacques et Gabriella pour leur anniversaire<\/span><\/a><\/p>\n","protected":false},"author":2,"featured_media":0,"comment_status":"closed","ping_status":"closed","sticky":false,"template":"","format":"standard","meta":{"footnotes":""},"categories":[4],"tags":[],"class_list":["post-1915","post","type-post","status-publish","format-standard","hentry","category-posts-freres-jumeaux-de-lessonnes","entry"],"yoast_head":"<!-- This site is optimized with the Yoast SEO plugin v27.5 - https:\/\/yoast.com\/product\/yoast-seo-wordpress\/ -->\n<title>Famille princi\u00e8re de Monaco : Jazmin Grace Grimaldi adresse un tendre message \u00e0 Jacques et Gabriella pour leur anniversaire - JUMEAUX91<\/title>\n<meta name=\"robots\" content=\"index, follow, max-snippet:-1, max-image-preview:large, max-video-preview:-1\" \/>\n<link rel=\"canonical\" href=\"https:\/\/jumeaux91.fr\/blog\/famille-princiere-de-monaco-jazmin-grace-grimaldi-adresse-un-tendre-message-a-jacques-et-gabriella-pour-leur-anniversaire\/\" \/>\n<meta property=\"og:locale\" content=\"fr_FR\" \/>\n<meta property=\"og:type\" content=\"article\" \/>\n<meta property=\"og:title\" content=\"Famille princi\u00e8re de Monaco : Jazmin Grace Grimaldi adresse un tendre message \u00e0 Jacques et Gabriella pour leur anniversaire - JUMEAUX91\" \/>\n<meta property=\"og:description\" content=\"Un message lik\u00e9 par Alexandra de Hanovre, Camille Gottlieb, Louis et Pauline Ducruet, les cousins des enfants ainsi que par leur grande s\u0153ur, Jazmin Grace. Sur son compte Instagram personnel, la jeune femme de 33 ans a \u00e9galement tenu \u00e0 envoyer un message \u00e0 Jacques et Gabriella, repartageant une publication de Hello Monaco montrant les&hellip; Poursuivre la lecture Famille princi\u00e8re de Monaco : Jazmin Grace Grimaldi adresse un tendre message \u00e0 Jacques et Gabriella pour leur anniversaire\" \/>\n<meta property=\"og:url\" content=\"https:\/\/jumeaux91.fr\/blog\/famille-princiere-de-monaco-jazmin-grace-grimaldi-adresse-un-tendre-message-a-jacques-et-gabriella-pour-leur-anniversaire\/\" \/>\n<meta property=\"og:site_name\" content=\"JUMEAUX91\" \/>\n<meta property=\"article:published_time\" content=\"2025-12-11T06:31:00+00:00\" \/>\n<meta property=\"og:image\" content=\"https:\/\/www.parismatch.be\/resizer\/v2\/RTRZAPZKCREFXBBQJGFTNHG5VU.jpg?auth=79244b099fa7fecf1e2035d46c20d46cbf99f2f5a41befadde6423067c432d4f&amp;width=1200&amp;height=630&amp;quality=85&amp;focal=3000%2C2000\" \/>\n<meta name=\"author\" content=\"Claude DAYRES\" \/>\n<meta name=\"twitter:card\" content=\"summary_large_image\" \/>\n<meta name=\"twitter:label1\" content=\"\u00c9crit par\" \/>\n\t<meta name=\"twitter:data1\" content=\"Claude DAYRES\" \/>\n\t<meta name=\"twitter:label2\" content=\"Dur\u00e9e de lecture estim\u00e9e\" \/>\n\t<meta name=\"twitter:data2\" content=\"2 minutes\" \/>\n<script type=\"application\/ld+json\" class=\"yoast-schema-graph\">{\"@context\":\"https:\\\/\\\/schema.org\",\"@graph\":[{\"@type\":\"Article\",\"@id\":\"https:\\\/\\\/jumeaux91.fr\\\/blog\\\/famille-princiere-de-monaco-jazmin-grace-grimaldi-adresse-un-tendre-message-a-jacques-et-gabriella-pour-leur-anniversaire\\\/#article\",\"isPartOf\":{\"@id\":\"https:\\\/\\\/jumeaux91.fr\\\/blog\\\/famille-princiere-de-monaco-jazmin-grace-grimaldi-adresse-un-tendre-message-a-jacques-et-gabriella-pour-leur-anniversaire\\\/\"},\"author\":{\"name\":\"Claude DAYRES\",\"@id\":\"https:\\\/\\\/jumeaux91.fr\\\/blog\\\/#\\\/schema\\\/person\\\/21da06e9f119b9f64e5d45dbbd32d3fb\"},\"headline\":\"Famille princi\u00e8re de Monaco : Jazmin Grace Grimaldi adresse un tendre message \u00e0 Jacques et Gabriella pour leur anniversaire\",\"datePublished\":\"2025-12-11T06:31:00+00:00\",\"mainEntityOfPage\":{\"@id\":\"https:\\\/\\\/jumeaux91.fr\\\/blog\\\/famille-princiere-de-monaco-jazmin-grace-grimaldi-adresse-un-tendre-message-a-jacques-et-gabriella-pour-leur-anniversaire\\\/\"},\"wordCount\":383,\"publisher\":{\"@id\":\"https:\\\/\\\/jumeaux91.fr\\\/blog\\\/#organization\"},\"image\":{\"@id\":\"https:\\\/\\\/jumeaux91.fr\\\/blog\\\/famille-princiere-de-monaco-jazmin-grace-grimaldi-adresse-un-tendre-message-a-jacques-et-gabriella-pour-leur-anniversaire\\\/#primaryimage\"},\"thumbnailUrl\":\"https:\\\/\\\/www.parismatch.be\\\/resizer\\\/v2\\\/RTRZAPZKCREFXBBQJGFTNHG5VU.jpg?auth=79244b099fa7fecf1e2035d46c20d46cbf99f2f5a41befadde6423067c432d4f&amp;width=1200&amp;height=630&amp;quality=85&amp;focal=3000%2C2000\",\"articleSection\":[\"Posts Fr\u00e8res Jumeaux De L'Essonnes:\"],\"inLanguage\":\"fr-FR\"},{\"@type\":\"WebPage\",\"@id\":\"https:\\\/\\\/jumeaux91.fr\\\/blog\\\/famille-princiere-de-monaco-jazmin-grace-grimaldi-adresse-un-tendre-message-a-jacques-et-gabriella-pour-leur-anniversaire\\\/\",\"url\":\"https:\\\/\\\/jumeaux91.fr\\\/blog\\\/famille-princiere-de-monaco-jazmin-grace-grimaldi-adresse-un-tendre-message-a-jacques-et-gabriella-pour-leur-anniversaire\\\/\",\"name\":\"Famille princi\u00e8re de Monaco : Jazmin Grace Grimaldi adresse un tendre message \u00e0 Jacques et Gabriella pour leur anniversaire - JUMEAUX91\",\"isPartOf\":{\"@id\":\"https:\\\/\\\/jumeaux91.fr\\\/blog\\\/#website\"},\"primaryImageOfPage\":{\"@id\":\"https:\\\/\\\/jumeaux91.fr\\\/blog\\\/famille-princiere-de-monaco-jazmin-grace-grimaldi-adresse-un-tendre-message-a-jacques-et-gabriella-pour-leur-anniversaire\\\/#primaryimage\"},\"image\":{\"@id\":\"https:\\\/\\\/jumeaux91.fr\\\/blog\\\/famille-princiere-de-monaco-jazmin-grace-grimaldi-adresse-un-tendre-message-a-jacques-et-gabriella-pour-leur-anniversaire\\\/#primaryimage\"},\"thumbnailUrl\":\"https:\\\/\\\/www.parismatch.be\\\/resizer\\\/v2\\\/RTRZAPZKCREFXBBQJGFTNHG5VU.jpg?auth=79244b099fa7fecf1e2035d46c20d46cbf99f2f5a41befadde6423067c432d4f&amp;width=1200&amp;height=630&amp;quality=85&amp;focal=3000%2C2000\",\"datePublished\":\"2025-12-11T06:31:00+00:00\",\"breadcrumb\":{\"@id\":\"https:\\\/\\\/jumeaux91.fr\\\/blog\\\/famille-princiere-de-monaco-jazmin-grace-grimaldi-adresse-un-tendre-message-a-jacques-et-gabriella-pour-leur-anniversaire\\\/#breadcrumb\"},\"inLanguage\":\"fr-FR\",\"potentialAction\":[{\"@type\":\"ReadAction\",\"target\":[\"https:\\\/\\\/jumeaux91.fr\\\/blog\\\/famille-princiere-de-monaco-jazmin-grace-grimaldi-adresse-un-tendre-message-a-jacques-et-gabriella-pour-leur-anniversaire\\\/\"]}]},{\"@type\":\"ImageObject\",\"inLanguage\":\"fr-FR\",\"@id\":\"https:\\\/\\\/jumeaux91.fr\\\/blog\\\/famille-princiere-de-monaco-jazmin-grace-grimaldi-adresse-un-tendre-message-a-jacques-et-gabriella-pour-leur-anniversaire\\\/#primaryimage\",\"url\":\"https:\\\/\\\/www.parismatch.be\\\/resizer\\\/v2\\\/RTRZAPZKCREFXBBQJGFTNHG5VU.jpg?auth=79244b099fa7fecf1e2035d46c20d46cbf99f2f5a41befadde6423067c432d4f&amp;width=1200&amp;height=630&amp;quality=85&amp;focal=3000%2C2000\",\"contentUrl\":\"https:\\\/\\\/www.parismatch.be\\\/resizer\\\/v2\\\/RTRZAPZKCREFXBBQJGFTNHG5VU.jpg?auth=79244b099fa7fecf1e2035d46c20d46cbf99f2f5a41befadde6423067c432d4f&amp;width=1200&amp;height=630&amp;quality=85&amp;focal=3000%2C2000\"},{\"@type\":\"BreadcrumbList\",\"@id\":\"https:\\\/\\\/jumeaux91.fr\\\/blog\\\/famille-princiere-de-monaco-jazmin-grace-grimaldi-adresse-un-tendre-message-a-jacques-et-gabriella-pour-leur-anniversaire\\\/#breadcrumb\",\"itemListElement\":[{\"@type\":\"ListItem\",\"position\":1,\"name\":\"Accueil\",\"item\":\"https:\\\/\\\/jumeaux91.fr\\\/blog\\\/\"},{\"@type\":\"ListItem\",\"position\":2,\"name\":\"Famille princi\u00e8re de Monaco : Jazmin Grace Grimaldi adresse un tendre message \u00e0 Jacques et Gabriella pour leur anniversaire\"}]},{\"@type\":\"WebSite\",\"@id\":\"https:\\\/\\\/jumeaux91.fr\\\/blog\\\/#website\",\"url\":\"https:\\\/\\\/jumeaux91.fr\\\/blog\\\/\",\"name\":\"JUMEAUX91\",\"description\":\"Fr\u00e8res jumeaux de l&#039;Essonnes; informations et archives, \u00e0 savoir et retenir.\",\"publisher\":{\"@id\":\"https:\\\/\\\/jumeaux91.fr\\\/blog\\\/#organization\"},\"potentialAction\":[{\"@type\":\"SearchAction\",\"target\":{\"@type\":\"EntryPoint\",\"urlTemplate\":\"https:\\\/\\\/jumeaux91.fr\\\/blog\\\/?s={search_term_string}\"},\"query-input\":{\"@type\":\"PropertyValueSpecification\",\"valueRequired\":true,\"valueName\":\"search_term_string\"}}],\"inLanguage\":\"fr-FR\"},{\"@type\":\"Organization\",\"@id\":\"https:\\\/\\\/jumeaux91.fr\\\/blog\\\/#organization\",\"name\":\"jumeaux91\",\"url\":\"https:\\\/\\\/jumeaux91.fr\\\/blog\\\/\",\"logo\":{\"@type\":\"ImageObject\",\"inLanguage\":\"fr-FR\",\"@id\":\"https:\\\/\\\/jumeaux91.fr\\\/blog\\\/#\\\/schema\\\/logo\\\/image\\\/\",\"url\":\"https:\\\/\\\/jumeaux91.fr\\\/blog\\\/wp-content\\\/uploads\\\/2023\\\/05\\\/cropped-cropped-logoJ_91.png\",\"contentUrl\":\"https:\\\/\\\/jumeaux91.fr\\\/blog\\\/wp-content\\\/uploads\\\/2023\\\/05\\\/cropped-cropped-logoJ_91.png\",\"width\":512,\"height\":512,\"caption\":\"jumeaux91\"},\"image\":{\"@id\":\"https:\\\/\\\/jumeaux91.fr\\\/blog\\\/#\\\/schema\\\/logo\\\/image\\\/\"}},{\"@type\":\"Person\",\"@id\":\"https:\\\/\\\/jumeaux91.fr\\\/blog\\\/#\\\/schema\\\/person\\\/21da06e9f119b9f64e5d45dbbd32d3fb\",\"name\":\"Claude DAYRES\",\"image\":{\"@type\":\"ImageObject\",\"inLanguage\":\"fr-FR\",\"@id\":\"https:\\\/\\\/secure.gravatar.com\\\/avatar\\\/82eb951df6110a2c48d1bfa7a67d1ee6f0cd5df3cbf9c3586dd61e82db7172a5?s=96&d=mm&r=g\",\"url\":\"https:\\\/\\\/secure.gravatar.com\\\/avatar\\\/82eb951df6110a2c48d1bfa7a67d1ee6f0cd5df3cbf9c3586dd61e82db7172a5?s=96&d=mm&r=g\",\"contentUrl\":\"https:\\\/\\\/secure.gravatar.com\\\/avatar\\\/82eb951df6110a2c48d1bfa7a67d1ee6f0cd5df3cbf9c3586dd61e82db7172a5?s=96&d=mm&r=g\",\"caption\":\"Claude DAYRES\"},\"url\":\"https:\\\/\\\/jumeaux91.fr\\\/blog\\\/author\\\/x91claude\\\/\"}]}<\/script>\n<!-- \/ Yoast SEO plugin. -->","yoast_head_json":{"title":"Famille princi\u00e8re de Monaco : Jazmin Grace Grimaldi adresse un tendre message \u00e0 Jacques et Gabriella pour leur anniversaire - JUMEAUX91","robots":{"index":"index","follow":"follow","max-snippet":"max-snippet:-1","max-image-preview":"max-image-preview:large","max-video-preview":"max-video-preview:-1"},"canonical":"https:\/\/jumeaux91.fr\/blog\/famille-princiere-de-monaco-jazmin-grace-grimaldi-adresse-un-tendre-message-a-jacques-et-gabriella-pour-leur-anniversaire\/","og_locale":"fr_FR","og_type":"article","og_title":"Famille princi\u00e8re de Monaco : Jazmin Grace Grimaldi adresse un tendre message \u00e0 Jacques et Gabriella pour leur anniversaire - JUMEAUX91","og_description":"Un message lik\u00e9 par Alexandra de Hanovre, Camille Gottlieb, Louis et Pauline Ducruet, les cousins des enfants ainsi que par leur grande s\u0153ur, Jazmin Grace. Sur son compte Instagram personnel, la jeune femme de 33 ans a \u00e9galement tenu \u00e0 envoyer un message \u00e0 Jacques et Gabriella, repartageant une publication de Hello Monaco montrant les&hellip; Poursuivre la lecture Famille princi\u00e8re de Monaco : Jazmin Grace Grimaldi adresse un tendre message \u00e0 Jacques et Gabriella pour leur anniversaire","og_url":"https:\/\/jumeaux91.fr\/blog\/famille-princiere-de-monaco-jazmin-grace-grimaldi-adresse-un-tendre-message-a-jacques-et-gabriella-pour-leur-anniversaire\/","og_site_name":"JUMEAUX91","article_published_time":"2025-12-11T06:31:00+00:00","og_image":[{"url":"https:\/\/www.parismatch.be\/resizer\/v2\/RTRZAPZKCREFXBBQJGFTNHG5VU.jpg?auth=79244b099fa7fecf1e2035d46c20d46cbf99f2f5a41befadde6423067c432d4f&amp;width=1200&amp;height=630&amp;quality=85&amp;focal=3000%2C2000","type":"","width":"","height":""}],"author":"Claude DAYRES","twitter_card":"summary_large_image","twitter_misc":{"\u00c9crit par":"Claude DAYRES","Dur\u00e9e de lecture estim\u00e9e":"2 minutes"},"schema":{"@context":"https:\/\/schema.org","@graph":[{"@type":"Article","@id":"https:\/\/jumeaux91.fr\/blog\/famille-princiere-de-monaco-jazmin-grace-grimaldi-adresse-un-tendre-message-a-jacques-et-gabriella-pour-leur-anniversaire\/#article","isPartOf":{"@id":"https:\/\/jumeaux91.fr\/blog\/famille-princiere-de-monaco-jazmin-grace-grimaldi-adresse-un-tendre-message-a-jacques-et-gabriella-pour-leur-anniversaire\/"},"author":{"name":"Claude DAYRES","@id":"https:\/\/jumeaux91.fr\/blog\/#\/schema\/person\/21da06e9f119b9f64e5d45dbbd32d3fb"},"headline":"Famille princi\u00e8re de Monaco : Jazmin Grace Grimaldi adresse un tendre message \u00e0 Jacques et Gabriella pour leur anniversaire","datePublished":"2025-12-11T06:31:00+00:00","mainEntityOfPage":{"@id":"https:\/\/jumeaux91.fr\/blog\/famille-princiere-de-monaco-jazmin-grace-grimaldi-adresse-un-tendre-message-a-jacques-et-gabriella-pour-leur-anniversaire\/"},"wordCount":383,"publisher":{"@id":"https:\/\/jumeaux91.fr\/blog\/#organization"},"image":{"@id":"https:\/\/jumeaux91.fr\/blog\/famille-princiere-de-monaco-jazmin-grace-grimaldi-adresse-un-tendre-message-a-jacques-et-gabriella-pour-leur-anniversaire\/#primaryimage"},"thumbnailUrl":"https:\/\/www.parismatch.be\/resizer\/v2\/RTRZAPZKCREFXBBQJGFTNHG5VU.jpg?auth=79244b099fa7fecf1e2035d46c20d46cbf99f2f5a41befadde6423067c432d4f&amp;width=1200&amp;height=630&amp;quality=85&amp;focal=3000%2C2000","articleSection":["Posts Fr\u00e8res Jumeaux De L'Essonnes:"],"inLanguage":"fr-FR"},{"@type":"WebPage","@id":"https:\/\/jumeaux91.fr\/blog\/famille-princiere-de-monaco-jazmin-grace-grimaldi-adresse-un-tendre-message-a-jacques-et-gabriella-pour-leur-anniversaire\/","url":"https:\/\/jumeaux91.fr\/blog\/famille-princiere-de-monaco-jazmin-grace-grimaldi-adresse-un-tendre-message-a-jacques-et-gabriella-pour-leur-anniversaire\/","name":"Famille princi\u00e8re de Monaco : Jazmin Grace Grimaldi adresse un tendre message \u00e0 Jacques et Gabriella pour leur anniversaire - JUMEAUX91","isPartOf":{"@id":"https:\/\/jumeaux91.fr\/blog\/#website"},"primaryImageOfPage":{"@id":"https:\/\/jumeaux91.fr\/blog\/famille-princiere-de-monaco-jazmin-grace-grimaldi-adresse-un-tendre-message-a-jacques-et-gabriella-pour-leur-anniversaire\/#primaryimage"},"image":{"@id":"https:\/\/jumeaux91.fr\/blog\/famille-princiere-de-monaco-jazmin-grace-grimaldi-adresse-un-tendre-message-a-jacques-et-gabriella-pour-leur-anniversaire\/#primaryimage"},"thumbnailUrl":"https:\/\/www.parismatch.be\/resizer\/v2\/RTRZAPZKCREFXBBQJGFTNHG5VU.jpg?auth=79244b099fa7fecf1e2035d46c20d46cbf99f2f5a41befadde6423067c432d4f&amp;width=1200&amp;height=630&amp;quality=85&amp;focal=3000%2C2000","datePublished":"2025-12-11T06:31:00+00:00","breadcrumb":{"@id":"https:\/\/jumeaux91.fr\/blog\/famille-princiere-de-monaco-jazmin-grace-grimaldi-adresse-un-tendre-message-a-jacques-et-gabriella-pour-leur-anniversaire\/#breadcrumb"},"inLanguage":"fr-FR","potentialAction":[{"@type":"ReadAction","target":["https:\/\/jumeaux91.fr\/blog\/famille-princiere-de-monaco-jazmin-grace-grimaldi-adresse-un-tendre-message-a-jacques-et-gabriella-pour-leur-anniversaire\/"]}]},{"@type":"ImageObject","inLanguage":"fr-FR","@id":"https:\/\/jumeaux91.fr\/blog\/famille-princiere-de-monaco-jazmin-grace-grimaldi-adresse-un-tendre-message-a-jacques-et-gabriella-pour-leur-anniversaire\/#primaryimage","url":"https:\/\/www.parismatch.be\/resizer\/v2\/RTRZAPZKCREFXBBQJGFTNHG5VU.jpg?auth=79244b099fa7fecf1e2035d46c20d46cbf99f2f5a41befadde6423067c432d4f&amp;width=1200&amp;height=630&amp;quality=85&amp;focal=3000%2C2000","contentUrl":"https:\/\/www.parismatch.be\/resizer\/v2\/RTRZAPZKCREFXBBQJGFTNHG5VU.jpg?auth=79244b099fa7fecf1e2035d46c20d46cbf99f2f5a41befadde6423067c432d4f&amp;width=1200&amp;height=630&amp;quality=85&amp;focal=3000%2C2000"},{"@type":"BreadcrumbList","@id":"https:\/\/jumeaux91.fr\/blog\/famille-princiere-de-monaco-jazmin-grace-grimaldi-adresse-un-tendre-message-a-jacques-et-gabriella-pour-leur-anniversaire\/#breadcrumb","itemListElement":[{"@type":"ListItem","position":1,"name":"Accueil","item":"https:\/\/jumeaux91.fr\/blog\/"},{"@type":"ListItem","position":2,"name":"Famille princi\u00e8re de Monaco : Jazmin Grace Grimaldi adresse un tendre message \u00e0 Jacques et Gabriella pour leur anniversaire"}]},{"@type":"WebSite","@id":"https:\/\/jumeaux91.fr\/blog\/#website","url":"https:\/\/jumeaux91.fr\/blog\/","name":"JUMEAUX91","description":"Fr\u00e8res jumeaux de l&#039;Essonnes; informations et archives, \u00e0 savoir et retenir.","publisher":{"@id":"https:\/\/jumeaux91.fr\/blog\/#organization"},"potentialAction":[{"@type":"SearchAction","target":{"@type":"EntryPoint","urlTemplate":"https:\/\/jumeaux91.fr\/blog\/?s={search_term_string}"},"query-input":{"@type":"PropertyValueSpecification","valueRequired":true,"valueName":"search_term_string"}}],"inLanguage":"fr-FR"},{"@type":"Organization","@id":"https:\/\/jumeaux91.fr\/blog\/#organization","name":"jumeaux91","url":"https:\/\/jumeaux91.fr\/blog\/","logo":{"@type":"ImageObject","inLanguage":"fr-FR","@id":"https:\/\/jumeaux91.fr\/blog\/#\/schema\/logo\/image\/","url":"https:\/\/jumeaux91.fr\/blog\/wp-content\/uploads\/2023\/05\/cropped-cropped-logoJ_91.png","contentUrl":"https:\/\/jumeaux91.fr\/blog\/wp-content\/uploads\/2023\/05\/cropped-cropped-logoJ_91.png","width":512,"height":512,"caption":"jumeaux91"},"image":{"@id":"https:\/\/jumeaux91.fr\/blog\/#\/schema\/logo\/image\/"}},{"@type":"Person","@id":"https:\/\/jumeaux91.fr\/blog\/#\/schema\/person\/21da06e9f119b9f64e5d45dbbd32d3fb","name":"Claude DAYRES","image":{"@type":"ImageObject","inLanguage":"fr-FR","@id":"https:\/\/secure.gravatar.com\/avatar\/82eb951df6110a2c48d1bfa7a67d1ee6f0cd5df3cbf9c3586dd61e82db7172a5?s=96&d=mm&r=g","url":"https:\/\/secure.gravatar.com\/avatar\/82eb951df6110a2c48d1bfa7a67d1ee6f0cd5df3cbf9c3586dd61e82db7172a5?s=96&d=mm&r=g","contentUrl":"https:\/\/secure.gravatar.com\/avatar\/82eb951df6110a2c48d1bfa7a67d1ee6f0cd5df3cbf9c3586dd61e82db7172a5?s=96&d=mm&r=g","caption":"Claude DAYRES"},"url":"https:\/\/jumeaux91.fr\/blog\/author\/x91claude\/"}]}},"_links":{"self":[{"href":"https:\/\/jumeaux91.fr\/blog\/wp-json\/wp\/v2\/posts\/1915","targetHints":{"allow":["GET"]}}],"collection":[{"href":"https:\/\/jumeaux91.fr\/blog\/wp-json\/wp\/v2\/posts"}],"about":[{"href":"https:\/\/jumeaux91.fr\/blog\/wp-json\/wp\/v2\/types\/post"}],"author":[{"embeddable":true,"href":"https:\/\/jumeaux91.fr\/blog\/wp-json\/wp\/v2\/users\/2"}],"replies":[{"embeddable":true,"href":"https:\/\/jumeaux91.fr\/blog\/wp-json\/wp\/v2\/comments?post=1915"}],"version-history":[{"count":0,"href":"https:\/\/jumeaux91.fr\/blog\/wp-json\/wp\/v2\/posts\/1915\/revisions"}],"wp:attachment":[{"href":"https:\/\/jumeaux91.fr\/blog\/wp-json\/wp\/v2\/media?parent=1915"}],"wp:term":[{"taxonomy":"category","embeddable":true,"href":"https:\/\/jumeaux91.fr\/blog\/wp-json\/wp\/v2\/categories?post=1915"},{"taxonomy":"post_tag","embeddable":true,"href":"https:\/\/jumeaux91.fr\/blog\/wp-json\/wp\/v2\/tags?post=1915"}],"curies":[{"name":"wp","href":"https:\/\/api.w.org\/{rel}","templated":true}]}}