{"id":1937,"date":"2025-12-25T20:07:00","date_gmt":"2025-12-25T19:07:00","guid":{"rendered":"https:\/\/jumeaux91.fr\/blog\/castres-week-end-demotion-chai-les-jumeaux\/"},"modified":"2025-12-25T20:07:00","modified_gmt":"2025-12-25T19:07:00","slug":"castres-week-end-demotion-chai-les-jumeaux","status":"publish","type":"post","link":"https:\/\/jumeaux91.fr\/blog\/castres-week-end-demotion-chai-les-jumeaux\/","title":{"rendered":"Castres. Week-end d\u2019\u00e9motion Chai les jumeaux"},"content":{"rendered":"<div><img decoding=\"async\" src=\"https:\/\/jumeaux91.fr\/blog\/wp-content\/uploads\/2025\/12\/castres-week-end-demotion-chai-les-jumeaux.jpg\" class=\"ff-og-image-inserted\"><\/div>\n<p><!-- Pub DFP Position [outstream] --> <\/p>\n<p>C\u2019est une page qui se tourne, rue Castelmoutou, \u00e0 Castres. Ce week-end, Benjamin et Nicolas Marvielle tireront leur r\u00e9v\u00e9rence, apr\u00e8s huit ann\u00e9es pass\u00e9es \u00e0 faire vivre l\u2019une des adresses les plus conviviales du centre-ville : Chai les jumeaux.<\/p>\n<p><!-- Pub DFP Position [article] --> <\/p>\n<p>Ouverts sans \u00eatre issus du m\u00e9tier, les deux fr\u00e8res avaient lanc\u00e9 Chai les jumeaux avec une id\u00e9e simple : cr\u00e9er un endroit o\u00f9 l\u2019on se sent \u00ab\u00a0comme \u00e0 la maison\u00a0\u00bb. Pari r\u00e9ussi. \u00ab\u00a0On s\u2019est r\u00e9gal\u00e9s. Huit ans de bonheur\u00a0\u00bb, r\u00e9sume Benjamin Marvielle, sans nostalgie excessive mais avec beaucoup de reconnaissance.<\/p>\n<p>L\u2019aventure a connu des hauts, des moments presque magiques, notamment lors de la premi\u00e8re ann\u00e9e, marqu\u00e9e par le titre de champion de France du Castres Olympique et la Coupe du monde de football. \u00ab\u00a0Un vrai conte de f\u00e9es\u00a0\u00bb, se souvient-il. Puis sont venues les p\u00e9riodes plus difficiles, le Covid, les incertitudes, les adaptations permanentes. Mais aussi, et surtout, le soutien ind\u00e9fectible des clients. \u00ab\u00a0Les messages qu\u2019on re\u00e7oit depuis l\u2019annonce de la fermeture, \u00e7a fait chaud au c\u0153ur.\u00a0\u00bb<\/p>\n<h2 class=\"txt-int\">Martin nouveau patron des lieux<\/h2>\n<p>Alors pourquoi arr\u00eater ? La r\u00e9ponse est simple : la famille. \u00ab\u00a0La restauration, c\u2019est tr\u00e8s prenant. Aujourd\u2019hui, avec un petit gar\u00e7on de deux ans et demi, ce n\u2019\u00e9tait plus compatible\u00a0\u00bb, explique Benjamin. Une d\u00e9cision assum\u00e9e, prise sans regret.<\/p>\n<p>Chai les jumeaux ne dispara\u00eet pas pour autant. Le lieu sera repris par Martin, salari\u00e9 de la maison, bien connu des clients. Le nom restera, malgr\u00e9 l\u2019absence future des jumeaux. Ce week-end, les habitu\u00e9s viendront donc une derni\u00e8re fois saluer Benjamin et Nicolas derri\u00e8re le comptoir. Non pas pour dire adieu, mais pour remercier.<\/p>\n<p> La chronique se veut g\u00e9n\u00e9r\u00e9e de la fa\u00e7on la plus claire que possible. Dans le cas o\u00f9 vous souhaitez pr\u00e9senter des renseignements compl\u00e9mentaires \u00e0 cet article sur le sujet \u00ab\u00a0Fr\u00e8res jumeaux de l&rsquo;Essonnes\u00a0\u00bb il vous est possible d\u2019\u00e9crire aux contacts indiqu\u00e9s sur notre website. La raison d\u2019\u00eatre de jumeaux91.fr \u00e9tant de rassembler sur le web des posts sur le sujet de Fr\u00e8res jumeaux de l&rsquo;Essonnes puis les diffuser en r\u00e9pondant au mieux aux interrogations des gens. Vous pouvez tirer profit de cet article traitant le sujet \u00ab\u00a0Fr\u00e8res jumeaux de l&rsquo;Essonnes\u00a0\u00bb. Il est concoct\u00e9 par l\u2019\u00e9quipe jumeaux91.fr. Prochainement, nous rendrons accessibles au public d&rsquo;autres informations pertinentes sur le sujet \u00ab\u00a0Fr\u00e8res jumeaux de l&rsquo;Essonnes\u00a0\u00bb. Alors, consultez syst\u00e9matiquement notre blog.<\/p>\n","protected":false},"excerpt":{"rendered":"<p>C\u2019est une page qui se tourne, rue Castelmoutou, \u00e0 Castres. Ce week-end, Benjamin et Nicolas Marvielle tireront leur r\u00e9v\u00e9rence, apr\u00e8s huit ann\u00e9es pass\u00e9es \u00e0 faire vivre l\u2019une des adresses les plus conviviales du centre-ville : Chai les jumeaux. Ouverts sans \u00eatre issus du m\u00e9tier, les deux fr\u00e8res avaient lanc\u00e9 Chai les jumeaux avec une id\u00e9e&hellip; <a class=\"more-link\" href=\"https:\/\/jumeaux91.fr\/blog\/castres-week-end-demotion-chai-les-jumeaux\/\">Poursuivre la lecture <span class=\"screen-reader-text\">Castres. Week-end d\u2019\u00e9motion Chai les jumeaux<\/span><\/a><\/p>\n","protected":false},"author":2,"featured_media":1938,"comment_status":"closed","ping_status":"closed","sticky":false,"template":"","format":"standard","meta":{"footnotes":""},"categories":[4],"tags":[],"class_list":["post-1937","post","type-post","status-publish","format-standard","has-post-thumbnail","hentry","category-posts-freres-jumeaux-de-lessonnes","entry"],"yoast_head":"<!-- This site is optimized with the Yoast SEO plugin v27.5 - https:\/\/yoast.com\/product\/yoast-seo-wordpress\/ -->\n<title>Castres. Week-end d\u2019\u00e9motion Chai les jumeaux - JUMEAUX91<\/title>\n<meta name=\"robots\" content=\"index, follow, max-snippet:-1, max-image-preview:large, max-video-preview:-1\" \/>\n<link rel=\"canonical\" href=\"https:\/\/jumeaux91.fr\/blog\/castres-week-end-demotion-chai-les-jumeaux\/\" \/>\n<meta property=\"og:locale\" content=\"fr_FR\" \/>\n<meta property=\"og:type\" content=\"article\" \/>\n<meta property=\"og:title\" content=\"Castres. Week-end d\u2019\u00e9motion Chai les jumeaux - JUMEAUX91\" \/>\n<meta property=\"og:description\" content=\"C\u2019est une page qui se tourne, rue Castelmoutou, \u00e0 Castres. Ce week-end, Benjamin et Nicolas Marvielle tireront leur r\u00e9v\u00e9rence, apr\u00e8s huit ann\u00e9es pass\u00e9es \u00e0 faire vivre l\u2019une des adresses les plus conviviales du centre-ville : Chai les jumeaux. Ouverts sans \u00eatre issus du m\u00e9tier, les deux fr\u00e8res avaient lanc\u00e9 Chai les jumeaux avec une id\u00e9e&hellip; Poursuivre la lecture Castres. Week-end d\u2019\u00e9motion Chai les jumeaux\" \/>\n<meta property=\"og:url\" content=\"https:\/\/jumeaux91.fr\/blog\/castres-week-end-demotion-chai-les-jumeaux\/\" \/>\n<meta property=\"og:site_name\" content=\"JUMEAUX91\" \/>\n<meta property=\"article:published_time\" content=\"2025-12-25T19:07:00+00:00\" \/>\n<meta property=\"og:image\" content=\"https:\/\/jumeaux91.fr\/blog\/wp-content\/uploads\/2025\/12\/castres-week-end-demotion-chai-les-jumeaux.jpg\" \/>\n<meta name=\"author\" content=\"Claude DAYRES\" \/>\n<meta name=\"twitter:card\" content=\"summary_large_image\" \/>\n<meta name=\"twitter:label1\" content=\"\u00c9crit par\" \/>\n\t<meta name=\"twitter:data1\" content=\"Claude DAYRES\" \/>\n\t<meta name=\"twitter:label2\" content=\"Dur\u00e9e de lecture estim\u00e9e\" \/>\n\t<meta name=\"twitter:data2\" content=\"2 minutes\" \/>\n<script type=\"application\/ld+json\" class=\"yoast-schema-graph\">{\"@context\":\"https:\\\/\\\/schema.org\",\"@graph\":[{\"@type\":\"Article\",\"@id\":\"https:\\\/\\\/jumeaux91.fr\\\/blog\\\/castres-week-end-demotion-chai-les-jumeaux\\\/#article\",\"isPartOf\":{\"@id\":\"https:\\\/\\\/jumeaux91.fr\\\/blog\\\/castres-week-end-demotion-chai-les-jumeaux\\\/\"},\"author\":{\"name\":\"Claude DAYRES\",\"@id\":\"https:\\\/\\\/jumeaux91.fr\\\/blog\\\/#\\\/schema\\\/person\\\/21da06e9f119b9f64e5d45dbbd32d3fb\"},\"headline\":\"Castres. Week-end d\u2019\u00e9motion Chai les jumeaux\",\"datePublished\":\"2025-12-25T19:07:00+00:00\",\"mainEntityOfPage\":{\"@id\":\"https:\\\/\\\/jumeaux91.fr\\\/blog\\\/castres-week-end-demotion-chai-les-jumeaux\\\/\"},\"wordCount\":443,\"publisher\":{\"@id\":\"https:\\\/\\\/jumeaux91.fr\\\/blog\\\/#organization\"},\"image\":{\"@id\":\"https:\\\/\\\/jumeaux91.fr\\\/blog\\\/castres-week-end-demotion-chai-les-jumeaux\\\/#primaryimage\"},\"thumbnailUrl\":\"https:\\\/\\\/jumeaux91.fr\\\/blog\\\/wp-content\\\/uploads\\\/2025\\\/12\\\/castres-week-end-demotion-chai-les-jumeaux.jpg\",\"articleSection\":[\"Posts Fr\u00e8res Jumeaux De L'Essonnes:\"],\"inLanguage\":\"fr-FR\"},{\"@type\":\"WebPage\",\"@id\":\"https:\\\/\\\/jumeaux91.fr\\\/blog\\\/castres-week-end-demotion-chai-les-jumeaux\\\/\",\"url\":\"https:\\\/\\\/jumeaux91.fr\\\/blog\\\/castres-week-end-demotion-chai-les-jumeaux\\\/\",\"name\":\"Castres. Week-end d\u2019\u00e9motion Chai les jumeaux - JUMEAUX91\",\"isPartOf\":{\"@id\":\"https:\\\/\\\/jumeaux91.fr\\\/blog\\\/#website\"},\"primaryImageOfPage\":{\"@id\":\"https:\\\/\\\/jumeaux91.fr\\\/blog\\\/castres-week-end-demotion-chai-les-jumeaux\\\/#primaryimage\"},\"image\":{\"@id\":\"https:\\\/\\\/jumeaux91.fr\\\/blog\\\/castres-week-end-demotion-chai-les-jumeaux\\\/#primaryimage\"},\"thumbnailUrl\":\"https:\\\/\\\/jumeaux91.fr\\\/blog\\\/wp-content\\\/uploads\\\/2025\\\/12\\\/castres-week-end-demotion-chai-les-jumeaux.jpg\",\"datePublished\":\"2025-12-25T19:07:00+00:00\",\"breadcrumb\":{\"@id\":\"https:\\\/\\\/jumeaux91.fr\\\/blog\\\/castres-week-end-demotion-chai-les-jumeaux\\\/#breadcrumb\"},\"inLanguage\":\"fr-FR\",\"potentialAction\":[{\"@type\":\"ReadAction\",\"target\":[\"https:\\\/\\\/jumeaux91.fr\\\/blog\\\/castres-week-end-demotion-chai-les-jumeaux\\\/\"]}]},{\"@type\":\"ImageObject\",\"inLanguage\":\"fr-FR\",\"@id\":\"https:\\\/\\\/jumeaux91.fr\\\/blog\\\/castres-week-end-demotion-chai-les-jumeaux\\\/#primaryimage\",\"url\":\"https:\\\/\\\/jumeaux91.fr\\\/blog\\\/wp-content\\\/uploads\\\/2025\\\/12\\\/castres-week-end-demotion-chai-les-jumeaux.jpg\",\"contentUrl\":\"https:\\\/\\\/jumeaux91.fr\\\/blog\\\/wp-content\\\/uploads\\\/2025\\\/12\\\/castres-week-end-demotion-chai-les-jumeaux.jpg\",\"width\":1200,\"height\":675,\"caption\":\"Castres\"},{\"@type\":\"BreadcrumbList\",\"@id\":\"https:\\\/\\\/jumeaux91.fr\\\/blog\\\/castres-week-end-demotion-chai-les-jumeaux\\\/#breadcrumb\",\"itemListElement\":[{\"@type\":\"ListItem\",\"position\":1,\"name\":\"Accueil\",\"item\":\"https:\\\/\\\/jumeaux91.fr\\\/blog\\\/\"},{\"@type\":\"ListItem\",\"position\":2,\"name\":\"Castres. Week-end d\u2019\u00e9motion Chai les jumeaux\"}]},{\"@type\":\"WebSite\",\"@id\":\"https:\\\/\\\/jumeaux91.fr\\\/blog\\\/#website\",\"url\":\"https:\\\/\\\/jumeaux91.fr\\\/blog\\\/\",\"name\":\"JUMEAUX91\",\"description\":\"Fr\u00e8res jumeaux de l&#039;Essonnes; informations et archives, \u00e0 savoir et retenir.\",\"publisher\":{\"@id\":\"https:\\\/\\\/jumeaux91.fr\\\/blog\\\/#organization\"},\"potentialAction\":[{\"@type\":\"SearchAction\",\"target\":{\"@type\":\"EntryPoint\",\"urlTemplate\":\"https:\\\/\\\/jumeaux91.fr\\\/blog\\\/?s={search_term_string}\"},\"query-input\":{\"@type\":\"PropertyValueSpecification\",\"valueRequired\":true,\"valueName\":\"search_term_string\"}}],\"inLanguage\":\"fr-FR\"},{\"@type\":\"Organization\",\"@id\":\"https:\\\/\\\/jumeaux91.fr\\\/blog\\\/#organization\",\"name\":\"jumeaux91\",\"url\":\"https:\\\/\\\/jumeaux91.fr\\\/blog\\\/\",\"logo\":{\"@type\":\"ImageObject\",\"inLanguage\":\"fr-FR\",\"@id\":\"https:\\\/\\\/jumeaux91.fr\\\/blog\\\/#\\\/schema\\\/logo\\\/image\\\/\",\"url\":\"https:\\\/\\\/jumeaux91.fr\\\/blog\\\/wp-content\\\/uploads\\\/2023\\\/05\\\/cropped-cropped-logoJ_91.png\",\"contentUrl\":\"https:\\\/\\\/jumeaux91.fr\\\/blog\\\/wp-content\\\/uploads\\\/2023\\\/05\\\/cropped-cropped-logoJ_91.png\",\"width\":512,\"height\":512,\"caption\":\"jumeaux91\"},\"image\":{\"@id\":\"https:\\\/\\\/jumeaux91.fr\\\/blog\\\/#\\\/schema\\\/logo\\\/image\\\/\"}},{\"@type\":\"Person\",\"@id\":\"https:\\\/\\\/jumeaux91.fr\\\/blog\\\/#\\\/schema\\\/person\\\/21da06e9f119b9f64e5d45dbbd32d3fb\",\"name\":\"Claude DAYRES\",\"image\":{\"@type\":\"ImageObject\",\"inLanguage\":\"fr-FR\",\"@id\":\"https:\\\/\\\/secure.gravatar.com\\\/avatar\\\/82eb951df6110a2c48d1bfa7a67d1ee6f0cd5df3cbf9c3586dd61e82db7172a5?s=96&d=mm&r=g\",\"url\":\"https:\\\/\\\/secure.gravatar.com\\\/avatar\\\/82eb951df6110a2c48d1bfa7a67d1ee6f0cd5df3cbf9c3586dd61e82db7172a5?s=96&d=mm&r=g\",\"contentUrl\":\"https:\\\/\\\/secure.gravatar.com\\\/avatar\\\/82eb951df6110a2c48d1bfa7a67d1ee6f0cd5df3cbf9c3586dd61e82db7172a5?s=96&d=mm&r=g\",\"caption\":\"Claude DAYRES\"},\"url\":\"https:\\\/\\\/jumeaux91.fr\\\/blog\\\/author\\\/x91claude\\\/\"}]}<\/script>\n<!-- \/ Yoast SEO plugin. -->","yoast_head_json":{"title":"Castres. Week-end d\u2019\u00e9motion Chai les jumeaux - JUMEAUX91","robots":{"index":"index","follow":"follow","max-snippet":"max-snippet:-1","max-image-preview":"max-image-preview:large","max-video-preview":"max-video-preview:-1"},"canonical":"https:\/\/jumeaux91.fr\/blog\/castres-week-end-demotion-chai-les-jumeaux\/","og_locale":"fr_FR","og_type":"article","og_title":"Castres. Week-end d\u2019\u00e9motion Chai les jumeaux - JUMEAUX91","og_description":"C\u2019est une page qui se tourne, rue Castelmoutou, \u00e0 Castres. Ce week-end, Benjamin et Nicolas Marvielle tireront leur r\u00e9v\u00e9rence, apr\u00e8s huit ann\u00e9es pass\u00e9es \u00e0 faire vivre l\u2019une des adresses les plus conviviales du centre-ville : Chai les jumeaux. Ouverts sans \u00eatre issus du m\u00e9tier, les deux fr\u00e8res avaient lanc\u00e9 Chai les jumeaux avec une id\u00e9e&hellip; Poursuivre la lecture Castres. Week-end d\u2019\u00e9motion Chai les jumeaux","og_url":"https:\/\/jumeaux91.fr\/blog\/castres-week-end-demotion-chai-les-jumeaux\/","og_site_name":"JUMEAUX91","article_published_time":"2025-12-25T19:07:00+00:00","og_image":[{"url":"https:\/\/jumeaux91.fr\/blog\/wp-content\/uploads\/2025\/12\/castres-week-end-demotion-chai-les-jumeaux.jpg","type":"","width":"","height":""}],"author":"Claude DAYRES","twitter_card":"summary_large_image","twitter_misc":{"\u00c9crit par":"Claude DAYRES","Dur\u00e9e de lecture estim\u00e9e":"2 minutes"},"schema":{"@context":"https:\/\/schema.org","@graph":[{"@type":"Article","@id":"https:\/\/jumeaux91.fr\/blog\/castres-week-end-demotion-chai-les-jumeaux\/#article","isPartOf":{"@id":"https:\/\/jumeaux91.fr\/blog\/castres-week-end-demotion-chai-les-jumeaux\/"},"author":{"name":"Claude DAYRES","@id":"https:\/\/jumeaux91.fr\/blog\/#\/schema\/person\/21da06e9f119b9f64e5d45dbbd32d3fb"},"headline":"Castres. Week-end d\u2019\u00e9motion Chai les jumeaux","datePublished":"2025-12-25T19:07:00+00:00","mainEntityOfPage":{"@id":"https:\/\/jumeaux91.fr\/blog\/castres-week-end-demotion-chai-les-jumeaux\/"},"wordCount":443,"publisher":{"@id":"https:\/\/jumeaux91.fr\/blog\/#organization"},"image":{"@id":"https:\/\/jumeaux91.fr\/blog\/castres-week-end-demotion-chai-les-jumeaux\/#primaryimage"},"thumbnailUrl":"https:\/\/jumeaux91.fr\/blog\/wp-content\/uploads\/2025\/12\/castres-week-end-demotion-chai-les-jumeaux.jpg","articleSection":["Posts Fr\u00e8res Jumeaux De L'Essonnes:"],"inLanguage":"fr-FR"},{"@type":"WebPage","@id":"https:\/\/jumeaux91.fr\/blog\/castres-week-end-demotion-chai-les-jumeaux\/","url":"https:\/\/jumeaux91.fr\/blog\/castres-week-end-demotion-chai-les-jumeaux\/","name":"Castres. Week-end d\u2019\u00e9motion Chai les jumeaux - JUMEAUX91","isPartOf":{"@id":"https:\/\/jumeaux91.fr\/blog\/#website"},"primaryImageOfPage":{"@id":"https:\/\/jumeaux91.fr\/blog\/castres-week-end-demotion-chai-les-jumeaux\/#primaryimage"},"image":{"@id":"https:\/\/jumeaux91.fr\/blog\/castres-week-end-demotion-chai-les-jumeaux\/#primaryimage"},"thumbnailUrl":"https:\/\/jumeaux91.fr\/blog\/wp-content\/uploads\/2025\/12\/castres-week-end-demotion-chai-les-jumeaux.jpg","datePublished":"2025-12-25T19:07:00+00:00","breadcrumb":{"@id":"https:\/\/jumeaux91.fr\/blog\/castres-week-end-demotion-chai-les-jumeaux\/#breadcrumb"},"inLanguage":"fr-FR","potentialAction":[{"@type":"ReadAction","target":["https:\/\/jumeaux91.fr\/blog\/castres-week-end-demotion-chai-les-jumeaux\/"]}]},{"@type":"ImageObject","inLanguage":"fr-FR","@id":"https:\/\/jumeaux91.fr\/blog\/castres-week-end-demotion-chai-les-jumeaux\/#primaryimage","url":"https:\/\/jumeaux91.fr\/blog\/wp-content\/uploads\/2025\/12\/castres-week-end-demotion-chai-les-jumeaux.jpg","contentUrl":"https:\/\/jumeaux91.fr\/blog\/wp-content\/uploads\/2025\/12\/castres-week-end-demotion-chai-les-jumeaux.jpg","width":1200,"height":675,"caption":"Castres"},{"@type":"BreadcrumbList","@id":"https:\/\/jumeaux91.fr\/blog\/castres-week-end-demotion-chai-les-jumeaux\/#breadcrumb","itemListElement":[{"@type":"ListItem","position":1,"name":"Accueil","item":"https:\/\/jumeaux91.fr\/blog\/"},{"@type":"ListItem","position":2,"name":"Castres. Week-end d\u2019\u00e9motion Chai les jumeaux"}]},{"@type":"WebSite","@id":"https:\/\/jumeaux91.fr\/blog\/#website","url":"https:\/\/jumeaux91.fr\/blog\/","name":"JUMEAUX91","description":"Fr\u00e8res jumeaux de l&#039;Essonnes; informations et archives, \u00e0 savoir et retenir.","publisher":{"@id":"https:\/\/jumeaux91.fr\/blog\/#organization"},"potentialAction":[{"@type":"SearchAction","target":{"@type":"EntryPoint","urlTemplate":"https:\/\/jumeaux91.fr\/blog\/?s={search_term_string}"},"query-input":{"@type":"PropertyValueSpecification","valueRequired":true,"valueName":"search_term_string"}}],"inLanguage":"fr-FR"},{"@type":"Organization","@id":"https:\/\/jumeaux91.fr\/blog\/#organization","name":"jumeaux91","url":"https:\/\/jumeaux91.fr\/blog\/","logo":{"@type":"ImageObject","inLanguage":"fr-FR","@id":"https:\/\/jumeaux91.fr\/blog\/#\/schema\/logo\/image\/","url":"https:\/\/jumeaux91.fr\/blog\/wp-content\/uploads\/2023\/05\/cropped-cropped-logoJ_91.png","contentUrl":"https:\/\/jumeaux91.fr\/blog\/wp-content\/uploads\/2023\/05\/cropped-cropped-logoJ_91.png","width":512,"height":512,"caption":"jumeaux91"},"image":{"@id":"https:\/\/jumeaux91.fr\/blog\/#\/schema\/logo\/image\/"}},{"@type":"Person","@id":"https:\/\/jumeaux91.fr\/blog\/#\/schema\/person\/21da06e9f119b9f64e5d45dbbd32d3fb","name":"Claude DAYRES","image":{"@type":"ImageObject","inLanguage":"fr-FR","@id":"https:\/\/secure.gravatar.com\/avatar\/82eb951df6110a2c48d1bfa7a67d1ee6f0cd5df3cbf9c3586dd61e82db7172a5?s=96&d=mm&r=g","url":"https:\/\/secure.gravatar.com\/avatar\/82eb951df6110a2c48d1bfa7a67d1ee6f0cd5df3cbf9c3586dd61e82db7172a5?s=96&d=mm&r=g","contentUrl":"https:\/\/secure.gravatar.com\/avatar\/82eb951df6110a2c48d1bfa7a67d1ee6f0cd5df3cbf9c3586dd61e82db7172a5?s=96&d=mm&r=g","caption":"Claude DAYRES"},"url":"https:\/\/jumeaux91.fr\/blog\/author\/x91claude\/"}]}},"_links":{"self":[{"href":"https:\/\/jumeaux91.fr\/blog\/wp-json\/wp\/v2\/posts\/1937","targetHints":{"allow":["GET"]}}],"collection":[{"href":"https:\/\/jumeaux91.fr\/blog\/wp-json\/wp\/v2\/posts"}],"about":[{"href":"https:\/\/jumeaux91.fr\/blog\/wp-json\/wp\/v2\/types\/post"}],"author":[{"embeddable":true,"href":"https:\/\/jumeaux91.fr\/blog\/wp-json\/wp\/v2\/users\/2"}],"replies":[{"embeddable":true,"href":"https:\/\/jumeaux91.fr\/blog\/wp-json\/wp\/v2\/comments?post=1937"}],"version-history":[{"count":0,"href":"https:\/\/jumeaux91.fr\/blog\/wp-json\/wp\/v2\/posts\/1937\/revisions"}],"wp:featuredmedia":[{"embeddable":true,"href":"https:\/\/jumeaux91.fr\/blog\/wp-json\/wp\/v2\/media\/1938"}],"wp:attachment":[{"href":"https:\/\/jumeaux91.fr\/blog\/wp-json\/wp\/v2\/media?parent=1937"}],"wp:term":[{"taxonomy":"category","embeddable":true,"href":"https:\/\/jumeaux91.fr\/blog\/wp-json\/wp\/v2\/categories?post=1937"},{"taxonomy":"post_tag","embeddable":true,"href":"https:\/\/jumeaux91.fr\/blog\/wp-json\/wp\/v2\/tags?post=1937"}],"curies":[{"name":"wp","href":"https:\/\/api.w.org\/{rel}","templated":true}]}}