{"id":1941,"date":"2025-12-29T06:10:00","date_gmt":"2025-12-29T05:10:00","guid":{"rendered":"https:\/\/jumeaux91.fr\/blog\/100-psg-le-mag-ep-53-speciale-paris-fc-il-ny-a-pas-eu-de-derby-psg-pfc-depuis-1979\/"},"modified":"2025-12-29T06:10:00","modified_gmt":"2025-12-29T05:10:00","slug":"100-psg-le-mag-ep-53-speciale-paris-fc-il-ny-a-pas-eu-de-derby-psg-pfc-depuis-1979","status":"publish","type":"post","link":"https:\/\/jumeaux91.fr\/blog\/100-psg-le-mag-ep-53-speciale-paris-fc-il-ny-a-pas-eu-de-derby-psg-pfc-depuis-1979\/","title":{"rendered":"100% PSG le Mag (Ep. 53) \u2013 Sp\u00e9ciale Paris FC : \u00ab Il n\u2019y a pas eu de derby PSG-PFC depuis 1979"},"content":{"rendered":"<div><img decoding=\"async\" src=\"https:\/\/jumeaux91.fr\/blog\/wp-content\/uploads\/2025\/12\/100-psg-le-mag-ep-53-speciale-paris-fc-il-ny-a-pas-eu-de-derby-psg-pfc-depuis-1979.jpg\" class=\"ff-og-image-inserted\"><\/div>\n<p>Chaque semaine, Pia Clemens vous propose une plong\u00e9e dans le pass\u00e9, le pr\u00e9sent ou le futur du PSG. Ce vendredi, on se penche sur les prochaines retrouvailles de deux fr\u00e8res jumeaux dont les destins se sont r\u00e9v\u00e9l\u00e9s diam\u00e9tralement oppos\u00e9s\u2026<\/p>\n<div><!--[!--><!--[--><!--[--><!--[!--><!--[!--><!--[--><!--[--><!--[!--><!--[--><!--&gt;\n\n<p>[!--><!--[--><!--[--><!--[!--><!--[!--><!--[--><!--[!--><!--[--><!--[!--><!--[--><!--&gt;-->Dans les prochains jours, le PSG s&rsquo;appr\u00eate \u00e0 affronter deux fois son (tr\u00e8s) proche voisin du Paris FC. Deux derbys qui se joueront au Parc des Princes, alors que la derni\u00e8re confrontation entre les deux fr\u00e8res de lait s&rsquo;est jou\u00e9e en&#8230; 1978. L&rsquo;occasion de se pencher sur ce club encore un peu myst\u00e9rieux et en pleine mutation, avec en studio le journaliste Julien Froment, auteur d&rsquo;un podcast et d&rsquo;un livre sur la naissance commune des deux clubs puis leur douloureuse scission, mais aussi le jeune ing\u00e9nieur a\u00e9ronautique Paul Alexandre, supporter du Paris FC depuis 2015.<!--&gt;--><!--&gt;]--><!--]--><!--]--><!--]--><!--]--><!--]--><!--]--><!--]--><!--]--><!--]--><!--&gt;<\/p>\n\n--><!--]--><!--]--><!--]--><!--]--><!--]--><!--]--><!--[!--><!--[!--><!--[--><!--[!--><!--[!--><!--[!--><!--[--><!--&gt;[--><!--]--><!--&gt;]--><!--]--><!--]--><!--]--><!--]--><!--]--><!--]--><!--[!--><!--[!--><!--[--><!--[--><!--[!--><!--[--><!--&gt;\n\n<p>[!--><!--[--><!--[--><!--[!--><!--[!--><!--[--><!--[!--><!--[--><!--[!--><!--[--><!--&gt;-->00:00 Etre supporter du Paris FC<!--&gt;--><!--&gt;]--><!--]--><!--]--><!--]--><!--]--><!--]--><!--]--><!--]--><!--]--><!--]--><!--&gt;<\/p>\n\n--><!--]--><!--]--><!--]--><!--]--><!--]--><!--]--><!--[!--><!--[!--><!--[--><!--[--><!--[!--><!--[--><!--&gt;\n\n<p>[!--><!--[--><!--[--><!--[!--><!--[!--><!--[--><!--[!--><!--[--><!--[!--><!--[--><!--&gt;-->10:23 Le PFC et le PSG, deux jumeaux n\u00e9s ensemble<!--&gt;--><!--&gt;]--><!--]--><!--]--><!--]--><!--]--><!--]--><!--]--><!--]--><!--]--><!--]--><!--&gt;<\/p>\n\n--><!--]--><!--]--><!--]--><!--]--><!--]--><!--]--><!--[!--><!--[!--><!--[--><!--[--><!--[!--><!--[--><!--&gt;\n\n<p>[!--><!--[--><!--[--><!--[!--><!--[!--><!--[--><!--[!--><!--[--><!--[!--><!--[--><!--&gt;-->24:23 La Nuit du M\u00e9ridien&nbsp;: le Paris FC a-t-il trahi le PSG&nbsp;?<!--&gt;--><!--&gt;]--><!--]--><!--]--><!--]--><!--]--><!--]--><!--]--><!--]--><!--]--><!--]--><!--&gt;<\/p>\n\n--><!--]--><!--]--><!--]--><!--]--><!--]--><!--]--><!--[!--><!--[!--><!--[--><!--[--><!--[!--><!--[--><!--&gt;\n\n<p>[!--><!--[--><!--[--><!--[!--><!--[!--><!--[--><!--[!--><!--[--><!--[!--><!--[--><!--&gt;-->32:10 La cohabitation des deux clubs en L1 sera-t-elle sereine&nbsp;?<!--&gt;--><!--&gt;]--><!--]--><!--]--><!--]--><!--]--><!--]--><!--]--><!--]--><!--]--><!--]--><!--&gt;<\/p>\n\n--><!--]--><!--]--><!--]--><!--]--><!--]--><!--]--><!--[!--><!--[!--><!--[--><!--[--><!--[!--><!--[--><!--&gt;\n\n<p>[!--><!--[--><!--[--><!--[!--><!--[!--><!--[--><!--[!--><!--[--><!--[!--><!--[--><!--&gt;-->37:34 Famille Arnault, Red Bull&#8230; le nouveau projet du PFC<!--&gt;--><!--&gt;]--><!--]--><!--]--><!--]--><!--]--><!--]--><!--]--><!--]--><!--]--><!--]--><!--&gt;<\/p>\n\n--><!--]--><!--]--><!--]--><!--]--><!--]--><!--]--><!--[!--><!--[!--><!--[--><!--[--><!--[!--><!--[--><!--&gt;\n\n<p>[!--><!--[--><!--[--><!--[!--><!--[!--><!--[--><!--[!--><!--[--><!--[!--><!--[--><!--&gt;-->47:59 La vie \u00e0 Jean Bouin<!--&gt;--><!--&gt;]--><!--]--><!--]--><!--]--><!--]--><!--]--><!--]--><!--]--><!--]--><!--]--><!--&gt;<\/p>\n\n--><!--]--><!--]--><!--]--><!--]--><!--]--><!--]--><!--[!--><!--[!--><!--[--><!--[--><!--[!--><!--[--><!--&gt;\n\n<p>[!--><!--[--><!--[--><!--[!--><!--[!--><!--[--><!--[!--><!--[--><!--[!--><!--[--><!--&gt;-->56:31 L&rsquo;effectif actuel&#8230; avec 5 joueurs partis \u00e0 la CAN<!--&gt;--><!--&gt;]--><!--]--><!--]--><!--]--><!--]--><!--]--><!--]--><!--]--><!--]--><!--]--><!--&gt;<\/p>\n\n--><!--]--><!--]--><!--]--><!--]--><!--]--><!--]--><!--[!--><!--[!--><!--[--><!--[--><!--[!--><!--[--><!--&gt;\n\n<p>[!--><!--[--><!--[--><!--[!--><!--[!--><!--[--><!--[!--><!--[--><!--[!--><!--[--><!--&gt;-->01:10:01 Les ultras du PFC&nbsp;: de l&rsquo;eau dans le gaz entre le Old Clan et les Ultras Lutetia<!--&gt;--><!--&gt;]--><!--]--><!--]--><!--]--><!--]--><!--]--><!--]--><!--]--><!--]--><!--]--><!--&gt;<\/p>\n\n--><!--]--><!--]--><!--]--><!--]--><!--]--><!--]--><!--]--><!--]--><!--]--><!--&gt;<\/div>\n\nLa chronique se veut g\u00e9n\u00e9r\u00e9e de la fa\u00e7on la plus claire que possible. Dans le cas o\u00f9 vous souhaitez pr\u00e9senter des renseignements compl\u00e9mentaires \u00e0 cet article sur le sujet \"Fr\u00e8res jumeaux de l'Essonnes\" il vous est possible d\u2019\u00e9crire aux contacts indiqu\u00e9s sur notre website. La raison d\u2019\u00eatre de jumeaux91.fr \u00e9tant de rassembler sur le web des posts sur le sujet de Fr\u00e8res jumeaux de l'Essonnes puis les diffuser en r\u00e9pondant au mieux aux interrogations des gens. Vous pouvez tirer profit de cet article traitant le sujet \"Fr\u00e8res jumeaux de l'Essonnes\". Il est concoct\u00e9 par l\u2019\u00e9quipe jumeaux91.fr. Prochainement, nous rendrons accessibles au public d'autres informations pertinentes sur le sujet \"Fr\u00e8res jumeaux de l'Essonnes\". Alors, consultez syst\u00e9matiquement notre blog.--><\/p>\n","protected":false},"excerpt":{"rendered":"<p>Chaque semaine, Pia Clemens vous propose une plong\u00e9e dans le pass\u00e9, le pr\u00e9sent ou le futur du PSG. Ce vendredi, on se penche sur les prochaines retrouvailles de deux fr\u00e8res jumeaux dont les destins se sont r\u00e9v\u00e9l\u00e9s diam\u00e9tralement oppos\u00e9s\u2026 Dans les prochains jours, le PSG s&rsquo;appr\u00eate \u00e0 affronter deux fois son (tr\u00e8s) proche voisin du&hellip; <a class=\"more-link\" href=\"https:\/\/jumeaux91.fr\/blog\/100-psg-le-mag-ep-53-speciale-paris-fc-il-ny-a-pas-eu-de-derby-psg-pfc-depuis-1979\/\">Poursuivre la lecture <span class=\"screen-reader-text\">100% PSG le Mag (Ep. 53) \u2013 Sp\u00e9ciale Paris FC : \u00ab Il n\u2019y a pas eu de derby PSG-PFC depuis 1979<\/span><\/a><\/p>\n","protected":false},"author":2,"featured_media":1942,"comment_status":"closed","ping_status":"closed","sticky":false,"template":"","format":"standard","meta":{"footnotes":""},"categories":[4],"tags":[],"class_list":["post-1941","post","type-post","status-publish","format-standard","has-post-thumbnail","hentry","category-posts-freres-jumeaux-de-lessonnes","entry"],"yoast_head":"<!-- This site is optimized with the Yoast SEO plugin v27.5 - https:\/\/yoast.com\/product\/yoast-seo-wordpress\/ -->\n<title>100% PSG le Mag (Ep. 53) \u2013 Sp\u00e9ciale Paris FC : \u00ab Il n\u2019y a pas eu de derby PSG-PFC depuis 1979 - JUMEAUX91<\/title>\n<meta name=\"robots\" content=\"index, follow, max-snippet:-1, max-image-preview:large, max-video-preview:-1\" \/>\n<link rel=\"canonical\" href=\"https:\/\/jumeaux91.fr\/blog\/100-psg-le-mag-ep-53-speciale-paris-fc-il-ny-a-pas-eu-de-derby-psg-pfc-depuis-1979\/\" \/>\n<meta property=\"og:locale\" content=\"fr_FR\" \/>\n<meta property=\"og:type\" content=\"article\" \/>\n<meta property=\"og:title\" content=\"100% PSG le Mag (Ep. 53) \u2013 Sp\u00e9ciale Paris FC : \u00ab Il n\u2019y a pas eu de derby PSG-PFC depuis 1979 - JUMEAUX91\" \/>\n<meta property=\"og:description\" content=\"Chaque semaine, Pia Clemens vous propose une plong\u00e9e dans le pass\u00e9, le pr\u00e9sent ou le futur du PSG. Ce vendredi, on se penche sur les prochaines retrouvailles de deux fr\u00e8res jumeaux dont les destins se sont r\u00e9v\u00e9l\u00e9s diam\u00e9tralement oppos\u00e9s\u2026 Dans les prochains jours, le PSG s&rsquo;appr\u00eate \u00e0 affronter deux fois son (tr\u00e8s) proche voisin du&hellip; Poursuivre la lecture 100% PSG le Mag (Ep. 53) \u2013 Sp\u00e9ciale Paris FC : \u00ab Il n\u2019y a pas eu de derby PSG-PFC depuis 1979\" \/>\n<meta property=\"og:url\" content=\"https:\/\/jumeaux91.fr\/blog\/100-psg-le-mag-ep-53-speciale-paris-fc-il-ny-a-pas-eu-de-derby-psg-pfc-depuis-1979\/\" \/>\n<meta property=\"og:site_name\" content=\"JUMEAUX91\" \/>\n<meta property=\"article:published_time\" content=\"2025-12-29T05:10:00+00:00\" \/>\n<meta property=\"og:image\" content=\"https:\/\/jumeaux91.fr\/blog\/wp-content\/uploads\/2025\/12\/100-psg-le-mag-ep-53-speciale-paris-fc-il-ny-a-pas-eu-de-derby-psg-pfc-depuis-1979.jpg\" \/>\n<meta name=\"author\" content=\"Claude DAYRES\" \/>\n<meta name=\"twitter:card\" content=\"summary_large_image\" \/>\n<meta name=\"twitter:label1\" content=\"\u00c9crit par\" \/>\n\t<meta name=\"twitter:data1\" content=\"Claude DAYRES\" \/>\n\t<meta name=\"twitter:label2\" content=\"Dur\u00e9e de lecture estim\u00e9e\" \/>\n\t<meta name=\"twitter:data2\" content=\"1 minute\" \/>\n<script type=\"application\/ld+json\" class=\"yoast-schema-graph\">{\"@context\":\"https:\\\/\\\/schema.org\",\"@graph\":[{\"@type\":\"Article\",\"@id\":\"https:\\\/\\\/jumeaux91.fr\\\/blog\\\/100-psg-le-mag-ep-53-speciale-paris-fc-il-ny-a-pas-eu-de-derby-psg-pfc-depuis-1979\\\/#article\",\"isPartOf\":{\"@id\":\"https:\\\/\\\/jumeaux91.fr\\\/blog\\\/100-psg-le-mag-ep-53-speciale-paris-fc-il-ny-a-pas-eu-de-derby-psg-pfc-depuis-1979\\\/\"},\"author\":{\"name\":\"Claude DAYRES\",\"@id\":\"https:\\\/\\\/jumeaux91.fr\\\/blog\\\/#\\\/schema\\\/person\\\/21da06e9f119b9f64e5d45dbbd32d3fb\"},\"headline\":\"100% PSG le Mag (Ep. 53) \u2013 Sp\u00e9ciale Paris FC : \u00ab Il n\u2019y a pas eu de derby PSG-PFC depuis 1979\",\"datePublished\":\"2025-12-29T05:10:00+00:00\",\"mainEntityOfPage\":{\"@id\":\"https:\\\/\\\/jumeaux91.fr\\\/blog\\\/100-psg-le-mag-ep-53-speciale-paris-fc-il-ny-a-pas-eu-de-derby-psg-pfc-depuis-1979\\\/\"},\"wordCount\":249,\"publisher\":{\"@id\":\"https:\\\/\\\/jumeaux91.fr\\\/blog\\\/#organization\"},\"image\":{\"@id\":\"https:\\\/\\\/jumeaux91.fr\\\/blog\\\/100-psg-le-mag-ep-53-speciale-paris-fc-il-ny-a-pas-eu-de-derby-psg-pfc-depuis-1979\\\/#primaryimage\"},\"thumbnailUrl\":\"https:\\\/\\\/jumeaux91.fr\\\/blog\\\/wp-content\\\/uploads\\\/2025\\\/12\\\/100-psg-le-mag-ep-53-speciale-paris-fc-il-ny-a-pas-eu-de-derby-psg-pfc-depuis-1979.jpg\",\"articleSection\":[\"Posts Fr\u00e8res Jumeaux De L'Essonnes:\"],\"inLanguage\":\"fr-FR\"},{\"@type\":\"WebPage\",\"@id\":\"https:\\\/\\\/jumeaux91.fr\\\/blog\\\/100-psg-le-mag-ep-53-speciale-paris-fc-il-ny-a-pas-eu-de-derby-psg-pfc-depuis-1979\\\/\",\"url\":\"https:\\\/\\\/jumeaux91.fr\\\/blog\\\/100-psg-le-mag-ep-53-speciale-paris-fc-il-ny-a-pas-eu-de-derby-psg-pfc-depuis-1979\\\/\",\"name\":\"100% PSG le Mag (Ep. 53) \u2013 Sp\u00e9ciale Paris FC : \u00ab Il n\u2019y a pas eu de derby PSG-PFC depuis 1979 - JUMEAUX91\",\"isPartOf\":{\"@id\":\"https:\\\/\\\/jumeaux91.fr\\\/blog\\\/#website\"},\"primaryImageOfPage\":{\"@id\":\"https:\\\/\\\/jumeaux91.fr\\\/blog\\\/100-psg-le-mag-ep-53-speciale-paris-fc-il-ny-a-pas-eu-de-derby-psg-pfc-depuis-1979\\\/#primaryimage\"},\"image\":{\"@id\":\"https:\\\/\\\/jumeaux91.fr\\\/blog\\\/100-psg-le-mag-ep-53-speciale-paris-fc-il-ny-a-pas-eu-de-derby-psg-pfc-depuis-1979\\\/#primaryimage\"},\"thumbnailUrl\":\"https:\\\/\\\/jumeaux91.fr\\\/blog\\\/wp-content\\\/uploads\\\/2025\\\/12\\\/100-psg-le-mag-ep-53-speciale-paris-fc-il-ny-a-pas-eu-de-derby-psg-pfc-depuis-1979.jpg\",\"datePublished\":\"2025-12-29T05:10:00+00:00\",\"breadcrumb\":{\"@id\":\"https:\\\/\\\/jumeaux91.fr\\\/blog\\\/100-psg-le-mag-ep-53-speciale-paris-fc-il-ny-a-pas-eu-de-derby-psg-pfc-depuis-1979\\\/#breadcrumb\"},\"inLanguage\":\"fr-FR\",\"potentialAction\":[{\"@type\":\"ReadAction\",\"target\":[\"https:\\\/\\\/jumeaux91.fr\\\/blog\\\/100-psg-le-mag-ep-53-speciale-paris-fc-il-ny-a-pas-eu-de-derby-psg-pfc-depuis-1979\\\/\"]}]},{\"@type\":\"ImageObject\",\"inLanguage\":\"fr-FR\",\"@id\":\"https:\\\/\\\/jumeaux91.fr\\\/blog\\\/100-psg-le-mag-ep-53-speciale-paris-fc-il-ny-a-pas-eu-de-derby-psg-pfc-depuis-1979\\\/#primaryimage\",\"url\":\"https:\\\/\\\/jumeaux91.fr\\\/blog\\\/wp-content\\\/uploads\\\/2025\\\/12\\\/100-psg-le-mag-ep-53-speciale-paris-fc-il-ny-a-pas-eu-de-derby-psg-pfc-depuis-1979.jpg\",\"contentUrl\":\"https:\\\/\\\/jumeaux91.fr\\\/blog\\\/wp-content\\\/uploads\\\/2025\\\/12\\\/100-psg-le-mag-ep-53-speciale-paris-fc-il-ny-a-pas-eu-de-derby-psg-pfc-depuis-1979.jpg\",\"width\":1200,\"height\":680,\"caption\":\"100% PSG le Mag (Ep\"},{\"@type\":\"BreadcrumbList\",\"@id\":\"https:\\\/\\\/jumeaux91.fr\\\/blog\\\/100-psg-le-mag-ep-53-speciale-paris-fc-il-ny-a-pas-eu-de-derby-psg-pfc-depuis-1979\\\/#breadcrumb\",\"itemListElement\":[{\"@type\":\"ListItem\",\"position\":1,\"name\":\"Accueil\",\"item\":\"https:\\\/\\\/jumeaux91.fr\\\/blog\\\/\"},{\"@type\":\"ListItem\",\"position\":2,\"name\":\"100% PSG le Mag (Ep. 53) \u2013 Sp\u00e9ciale Paris FC : \u00ab Il n\u2019y a pas eu de derby PSG-PFC depuis 1979\"}]},{\"@type\":\"WebSite\",\"@id\":\"https:\\\/\\\/jumeaux91.fr\\\/blog\\\/#website\",\"url\":\"https:\\\/\\\/jumeaux91.fr\\\/blog\\\/\",\"name\":\"JUMEAUX91\",\"description\":\"Fr\u00e8res jumeaux de l&#039;Essonnes; informations et archives, \u00e0 savoir et retenir.\",\"publisher\":{\"@id\":\"https:\\\/\\\/jumeaux91.fr\\\/blog\\\/#organization\"},\"potentialAction\":[{\"@type\":\"SearchAction\",\"target\":{\"@type\":\"EntryPoint\",\"urlTemplate\":\"https:\\\/\\\/jumeaux91.fr\\\/blog\\\/?s={search_term_string}\"},\"query-input\":{\"@type\":\"PropertyValueSpecification\",\"valueRequired\":true,\"valueName\":\"search_term_string\"}}],\"inLanguage\":\"fr-FR\"},{\"@type\":\"Organization\",\"@id\":\"https:\\\/\\\/jumeaux91.fr\\\/blog\\\/#organization\",\"name\":\"jumeaux91\",\"url\":\"https:\\\/\\\/jumeaux91.fr\\\/blog\\\/\",\"logo\":{\"@type\":\"ImageObject\",\"inLanguage\":\"fr-FR\",\"@id\":\"https:\\\/\\\/jumeaux91.fr\\\/blog\\\/#\\\/schema\\\/logo\\\/image\\\/\",\"url\":\"https:\\\/\\\/jumeaux91.fr\\\/blog\\\/wp-content\\\/uploads\\\/2023\\\/05\\\/cropped-cropped-logoJ_91.png\",\"contentUrl\":\"https:\\\/\\\/jumeaux91.fr\\\/blog\\\/wp-content\\\/uploads\\\/2023\\\/05\\\/cropped-cropped-logoJ_91.png\",\"width\":512,\"height\":512,\"caption\":\"jumeaux91\"},\"image\":{\"@id\":\"https:\\\/\\\/jumeaux91.fr\\\/blog\\\/#\\\/schema\\\/logo\\\/image\\\/\"}},{\"@type\":\"Person\",\"@id\":\"https:\\\/\\\/jumeaux91.fr\\\/blog\\\/#\\\/schema\\\/person\\\/21da06e9f119b9f64e5d45dbbd32d3fb\",\"name\":\"Claude DAYRES\",\"image\":{\"@type\":\"ImageObject\",\"inLanguage\":\"fr-FR\",\"@id\":\"https:\\\/\\\/secure.gravatar.com\\\/avatar\\\/82eb951df6110a2c48d1bfa7a67d1ee6f0cd5df3cbf9c3586dd61e82db7172a5?s=96&d=mm&r=g\",\"url\":\"https:\\\/\\\/secure.gravatar.com\\\/avatar\\\/82eb951df6110a2c48d1bfa7a67d1ee6f0cd5df3cbf9c3586dd61e82db7172a5?s=96&d=mm&r=g\",\"contentUrl\":\"https:\\\/\\\/secure.gravatar.com\\\/avatar\\\/82eb951df6110a2c48d1bfa7a67d1ee6f0cd5df3cbf9c3586dd61e82db7172a5?s=96&d=mm&r=g\",\"caption\":\"Claude DAYRES\"},\"url\":\"https:\\\/\\\/jumeaux91.fr\\\/blog\\\/author\\\/x91claude\\\/\"}]}<\/script>\n<!-- \/ Yoast SEO plugin. -->","yoast_head_json":{"title":"100% PSG le Mag (Ep. 53) \u2013 Sp\u00e9ciale Paris FC : \u00ab Il n\u2019y a pas eu de derby PSG-PFC depuis 1979 - JUMEAUX91","robots":{"index":"index","follow":"follow","max-snippet":"max-snippet:-1","max-image-preview":"max-image-preview:large","max-video-preview":"max-video-preview:-1"},"canonical":"https:\/\/jumeaux91.fr\/blog\/100-psg-le-mag-ep-53-speciale-paris-fc-il-ny-a-pas-eu-de-derby-psg-pfc-depuis-1979\/","og_locale":"fr_FR","og_type":"article","og_title":"100% PSG le Mag (Ep. 53) \u2013 Sp\u00e9ciale Paris FC : \u00ab Il n\u2019y a pas eu de derby PSG-PFC depuis 1979 - JUMEAUX91","og_description":"Chaque semaine, Pia Clemens vous propose une plong\u00e9e dans le pass\u00e9, le pr\u00e9sent ou le futur du PSG. Ce vendredi, on se penche sur les prochaines retrouvailles de deux fr\u00e8res jumeaux dont les destins se sont r\u00e9v\u00e9l\u00e9s diam\u00e9tralement oppos\u00e9s\u2026 Dans les prochains jours, le PSG s&rsquo;appr\u00eate \u00e0 affronter deux fois son (tr\u00e8s) proche voisin du&hellip; Poursuivre la lecture 100% PSG le Mag (Ep. 53) \u2013 Sp\u00e9ciale Paris FC : \u00ab Il n\u2019y a pas eu de derby PSG-PFC depuis 1979","og_url":"https:\/\/jumeaux91.fr\/blog\/100-psg-le-mag-ep-53-speciale-paris-fc-il-ny-a-pas-eu-de-derby-psg-pfc-depuis-1979\/","og_site_name":"JUMEAUX91","article_published_time":"2025-12-29T05:10:00+00:00","og_image":[{"url":"https:\/\/jumeaux91.fr\/blog\/wp-content\/uploads\/2025\/12\/100-psg-le-mag-ep-53-speciale-paris-fc-il-ny-a-pas-eu-de-derby-psg-pfc-depuis-1979.jpg","type":"","width":"","height":""}],"author":"Claude DAYRES","twitter_card":"summary_large_image","twitter_misc":{"\u00c9crit par":"Claude DAYRES","Dur\u00e9e de lecture estim\u00e9e":"1 minute"},"schema":{"@context":"https:\/\/schema.org","@graph":[{"@type":"Article","@id":"https:\/\/jumeaux91.fr\/blog\/100-psg-le-mag-ep-53-speciale-paris-fc-il-ny-a-pas-eu-de-derby-psg-pfc-depuis-1979\/#article","isPartOf":{"@id":"https:\/\/jumeaux91.fr\/blog\/100-psg-le-mag-ep-53-speciale-paris-fc-il-ny-a-pas-eu-de-derby-psg-pfc-depuis-1979\/"},"author":{"name":"Claude DAYRES","@id":"https:\/\/jumeaux91.fr\/blog\/#\/schema\/person\/21da06e9f119b9f64e5d45dbbd32d3fb"},"headline":"100% PSG le Mag (Ep. 53) \u2013 Sp\u00e9ciale Paris FC : \u00ab Il n\u2019y a pas eu de derby PSG-PFC depuis 1979","datePublished":"2025-12-29T05:10:00+00:00","mainEntityOfPage":{"@id":"https:\/\/jumeaux91.fr\/blog\/100-psg-le-mag-ep-53-speciale-paris-fc-il-ny-a-pas-eu-de-derby-psg-pfc-depuis-1979\/"},"wordCount":249,"publisher":{"@id":"https:\/\/jumeaux91.fr\/blog\/#organization"},"image":{"@id":"https:\/\/jumeaux91.fr\/blog\/100-psg-le-mag-ep-53-speciale-paris-fc-il-ny-a-pas-eu-de-derby-psg-pfc-depuis-1979\/#primaryimage"},"thumbnailUrl":"https:\/\/jumeaux91.fr\/blog\/wp-content\/uploads\/2025\/12\/100-psg-le-mag-ep-53-speciale-paris-fc-il-ny-a-pas-eu-de-derby-psg-pfc-depuis-1979.jpg","articleSection":["Posts Fr\u00e8res Jumeaux De L'Essonnes:"],"inLanguage":"fr-FR"},{"@type":"WebPage","@id":"https:\/\/jumeaux91.fr\/blog\/100-psg-le-mag-ep-53-speciale-paris-fc-il-ny-a-pas-eu-de-derby-psg-pfc-depuis-1979\/","url":"https:\/\/jumeaux91.fr\/blog\/100-psg-le-mag-ep-53-speciale-paris-fc-il-ny-a-pas-eu-de-derby-psg-pfc-depuis-1979\/","name":"100% PSG le Mag (Ep. 53) \u2013 Sp\u00e9ciale Paris FC : \u00ab Il n\u2019y a pas eu de derby PSG-PFC depuis 1979 - JUMEAUX91","isPartOf":{"@id":"https:\/\/jumeaux91.fr\/blog\/#website"},"primaryImageOfPage":{"@id":"https:\/\/jumeaux91.fr\/blog\/100-psg-le-mag-ep-53-speciale-paris-fc-il-ny-a-pas-eu-de-derby-psg-pfc-depuis-1979\/#primaryimage"},"image":{"@id":"https:\/\/jumeaux91.fr\/blog\/100-psg-le-mag-ep-53-speciale-paris-fc-il-ny-a-pas-eu-de-derby-psg-pfc-depuis-1979\/#primaryimage"},"thumbnailUrl":"https:\/\/jumeaux91.fr\/blog\/wp-content\/uploads\/2025\/12\/100-psg-le-mag-ep-53-speciale-paris-fc-il-ny-a-pas-eu-de-derby-psg-pfc-depuis-1979.jpg","datePublished":"2025-12-29T05:10:00+00:00","breadcrumb":{"@id":"https:\/\/jumeaux91.fr\/blog\/100-psg-le-mag-ep-53-speciale-paris-fc-il-ny-a-pas-eu-de-derby-psg-pfc-depuis-1979\/#breadcrumb"},"inLanguage":"fr-FR","potentialAction":[{"@type":"ReadAction","target":["https:\/\/jumeaux91.fr\/blog\/100-psg-le-mag-ep-53-speciale-paris-fc-il-ny-a-pas-eu-de-derby-psg-pfc-depuis-1979\/"]}]},{"@type":"ImageObject","inLanguage":"fr-FR","@id":"https:\/\/jumeaux91.fr\/blog\/100-psg-le-mag-ep-53-speciale-paris-fc-il-ny-a-pas-eu-de-derby-psg-pfc-depuis-1979\/#primaryimage","url":"https:\/\/jumeaux91.fr\/blog\/wp-content\/uploads\/2025\/12\/100-psg-le-mag-ep-53-speciale-paris-fc-il-ny-a-pas-eu-de-derby-psg-pfc-depuis-1979.jpg","contentUrl":"https:\/\/jumeaux91.fr\/blog\/wp-content\/uploads\/2025\/12\/100-psg-le-mag-ep-53-speciale-paris-fc-il-ny-a-pas-eu-de-derby-psg-pfc-depuis-1979.jpg","width":1200,"height":680,"caption":"100% PSG le Mag (Ep"},{"@type":"BreadcrumbList","@id":"https:\/\/jumeaux91.fr\/blog\/100-psg-le-mag-ep-53-speciale-paris-fc-il-ny-a-pas-eu-de-derby-psg-pfc-depuis-1979\/#breadcrumb","itemListElement":[{"@type":"ListItem","position":1,"name":"Accueil","item":"https:\/\/jumeaux91.fr\/blog\/"},{"@type":"ListItem","position":2,"name":"100% PSG le Mag (Ep. 53) \u2013 Sp\u00e9ciale Paris FC : \u00ab Il n\u2019y a pas eu de derby PSG-PFC depuis 1979"}]},{"@type":"WebSite","@id":"https:\/\/jumeaux91.fr\/blog\/#website","url":"https:\/\/jumeaux91.fr\/blog\/","name":"JUMEAUX91","description":"Fr\u00e8res jumeaux de l&#039;Essonnes; informations et archives, \u00e0 savoir et retenir.","publisher":{"@id":"https:\/\/jumeaux91.fr\/blog\/#organization"},"potentialAction":[{"@type":"SearchAction","target":{"@type":"EntryPoint","urlTemplate":"https:\/\/jumeaux91.fr\/blog\/?s={search_term_string}"},"query-input":{"@type":"PropertyValueSpecification","valueRequired":true,"valueName":"search_term_string"}}],"inLanguage":"fr-FR"},{"@type":"Organization","@id":"https:\/\/jumeaux91.fr\/blog\/#organization","name":"jumeaux91","url":"https:\/\/jumeaux91.fr\/blog\/","logo":{"@type":"ImageObject","inLanguage":"fr-FR","@id":"https:\/\/jumeaux91.fr\/blog\/#\/schema\/logo\/image\/","url":"https:\/\/jumeaux91.fr\/blog\/wp-content\/uploads\/2023\/05\/cropped-cropped-logoJ_91.png","contentUrl":"https:\/\/jumeaux91.fr\/blog\/wp-content\/uploads\/2023\/05\/cropped-cropped-logoJ_91.png","width":512,"height":512,"caption":"jumeaux91"},"image":{"@id":"https:\/\/jumeaux91.fr\/blog\/#\/schema\/logo\/image\/"}},{"@type":"Person","@id":"https:\/\/jumeaux91.fr\/blog\/#\/schema\/person\/21da06e9f119b9f64e5d45dbbd32d3fb","name":"Claude DAYRES","image":{"@type":"ImageObject","inLanguage":"fr-FR","@id":"https:\/\/secure.gravatar.com\/avatar\/82eb951df6110a2c48d1bfa7a67d1ee6f0cd5df3cbf9c3586dd61e82db7172a5?s=96&d=mm&r=g","url":"https:\/\/secure.gravatar.com\/avatar\/82eb951df6110a2c48d1bfa7a67d1ee6f0cd5df3cbf9c3586dd61e82db7172a5?s=96&d=mm&r=g","contentUrl":"https:\/\/secure.gravatar.com\/avatar\/82eb951df6110a2c48d1bfa7a67d1ee6f0cd5df3cbf9c3586dd61e82db7172a5?s=96&d=mm&r=g","caption":"Claude DAYRES"},"url":"https:\/\/jumeaux91.fr\/blog\/author\/x91claude\/"}]}},"_links":{"self":[{"href":"https:\/\/jumeaux91.fr\/blog\/wp-json\/wp\/v2\/posts\/1941","targetHints":{"allow":["GET"]}}],"collection":[{"href":"https:\/\/jumeaux91.fr\/blog\/wp-json\/wp\/v2\/posts"}],"about":[{"href":"https:\/\/jumeaux91.fr\/blog\/wp-json\/wp\/v2\/types\/post"}],"author":[{"embeddable":true,"href":"https:\/\/jumeaux91.fr\/blog\/wp-json\/wp\/v2\/users\/2"}],"replies":[{"embeddable":true,"href":"https:\/\/jumeaux91.fr\/blog\/wp-json\/wp\/v2\/comments?post=1941"}],"version-history":[{"count":0,"href":"https:\/\/jumeaux91.fr\/blog\/wp-json\/wp\/v2\/posts\/1941\/revisions"}],"wp:featuredmedia":[{"embeddable":true,"href":"https:\/\/jumeaux91.fr\/blog\/wp-json\/wp\/v2\/media\/1942"}],"wp:attachment":[{"href":"https:\/\/jumeaux91.fr\/blog\/wp-json\/wp\/v2\/media?parent=1941"}],"wp:term":[{"taxonomy":"category","embeddable":true,"href":"https:\/\/jumeaux91.fr\/blog\/wp-json\/wp\/v2\/categories?post=1941"},{"taxonomy":"post_tag","embeddable":true,"href":"https:\/\/jumeaux91.fr\/blog\/wp-json\/wp\/v2\/tags?post=1941"}],"curies":[{"name":"wp","href":"https:\/\/api.w.org\/{rel}","templated":true}]}}