{"id":1947,"date":"2026-01-07T01:24:00","date_gmt":"2026-01-07T00:24:00","guid":{"rendered":"https:\/\/jumeaux91.fr\/blog\/senegal-mali-lepreuve-de-separation-des-freres-siamois-par-mamadou-kasse\/"},"modified":"2026-01-07T01:24:00","modified_gmt":"2026-01-07T00:24:00","slug":"senegal-mali-lepreuve-de-separation-des-freres-siamois-par-mamadou-kasse","status":"publish","type":"post","link":"https:\/\/jumeaux91.fr\/blog\/senegal-mali-lepreuve-de-separation-des-freres-siamois-par-mamadou-kasse\/","title":{"rendered":"S\u00e9n\u00e9gal-Mali : L&rsquo;\u00e9preuve de s\u00e9paration des fr\u00e8res siamois ( par Mamadou Kass\u00e9)"},"content":{"rendered":"<p><br id=\"sep_para_1\" class=\"sep_para access\"> <\/p>\n<div id=\"para_1\" class=\"para_65370771 resize\">\n<div class=\"photo shadow top\"> <a href=\"void(0)\" rel=\"https:\/\/www.pressafrik.com\/photo\/art\/grande\/93570739-65370771.jpg?v=1767774166&amp;ibox\" title=\"S\u00e9n\u00e9gal-Mali : L'\u00e9preuve de s\u00e9paration des fr\u00e8res siamois ( par Mamadou Kass\u00e9)\" target=\"_blank\" rel=\"nofollow\"><br \/>\n<img decoding=\"async\" class=\"not-responsive\" src=\"https:\/\/jumeaux91.fr\/blog\/wp-content\/uploads\/2026\/01\/senegal-mali-lepreuve-de-separation-des-freres-siamois-par-mamadou-kasse.jpg\" alt=\"S\u00e9n\u00e9gal-Mali : L'\u00e9preuve de s\u00e9paration des fr\u00e8res siamois ( par Mamadou Kass\u00e9)\" title=\"S\u00e9n\u00e9gal-Mali : L'\u00e9preuve de s\u00e9paration des fr\u00e8res siamois ( par Mamadou Kass\u00e9)\" width=\"806\"><\/a> <\/div>\n<div class=\"texte\">\n<div class=\"access firstletter\"> Le match S\u00e9n\u00e9gal-Mali n&rsquo;est pas un match comme les autres. Pour des raisons&nbsp; historiques pour ne pas dire h\u00e9g\u00e9moniques, cette rencontre de quart de finale&nbsp; ne sera pas une simple opposition de styles.&nbsp; <br \/>Comme les pr\u00e9c\u00e9dents matchs, il sera marqu\u00e9 certes par une fraternit\u00e9 entre des fr\u00e8res jumeaux siamois s\u00e9par\u00e9s par les vicissitudes de histoire mais conscients de partager un anc\u00eatre commun.&nbsp; &nbsp; &nbsp; &nbsp; &nbsp; &nbsp; &nbsp; &nbsp; &nbsp; &nbsp; &nbsp; &nbsp; Entre les deux pays, il ne saurait y avoir d&rsquo;animosit\u00e9 mais plut\u00f4t d&rsquo;une adversit\u00e9 que seul le sport peut abriter. En 90 ou 120 minutes, l&rsquo;op\u00e9ration chirurgiclale du football va s\u00e9parer ceux que la nature \u00e0 rassembl\u00e9s. <\/p>\n<p>L&rsquo;espace senegalo-malien, foyer originel du Soudan, th\u00e9\u00e2tre d&rsquo;une premi\u00e8re tentative de f\u00e9d\u00e9ration en Afrique, est la m\u00e8re nourrici\u00e8re des filles et fils de ces deux pays.&nbsp;Toutes choses qui font que le match du vendredi 9 janvier, \u00e0 Tanger, sera \u00e0 l&rsquo;image des pr\u00e9c\u00e9dents, par son intensit\u00e9 mais aussi par son fair play. Sa particularit\u00e9 est qu&rsquo;il sera jou\u00e9 certes avec les jambes,&nbsp; mais surtout avec la t\u00eate et le c\u0153ur.&nbsp; &nbsp; &nbsp; &nbsp; &nbsp; &nbsp; &nbsp; &nbsp;&nbsp; <\/p>\n<p>Le S\u00e9n\u00e9gal attendu comme le favori eu \u00e9gard \u00e0 son parcours et ses r\u00e9sultats, se doit de prendre ce face \u00e0 face avec ce cousin non comme de la plaisanterie mais plut\u00f4t comme un d\u00e9fi impos\u00e9 par un parcours vers le succ\u00e8s. Il se doit donc d&rsquo;imposer son tempo, son rythme et son identit\u00e9 dans cette partie comme l&rsquo;ont fait les Ivoiriens face aux Burkinabe. C&rsquo;est l\u00e0 le v\u00e9ritable d\u00e9fi \u00e0&nbsp; surmonter.&nbsp;&nbsp; <br \/>L&rsquo;option sera de jouer sur ses atouts, \u00e0 savoir ma\u00eetrise technique, vitesse et vivacit\u00e9, surtout dans la zone de v\u00e9rit\u00e9 tout en veillant \u00e0 une bonne rigueur d\u00e9fensive.&nbsp; &nbsp; &nbsp; <br \/>&nbsp; &nbsp; &nbsp; &nbsp;&nbsp; <br \/>Si l&rsquo;on en juge par le spectacle pr\u00e9sent\u00e9 jusque-l\u00e0 dans cette CAN, le S\u00e9n\u00e9gal devrait pouvoir s&rsquo;en sortir.&nbsp; &nbsp; &nbsp; &nbsp; &nbsp; &nbsp; &nbsp; &nbsp; &nbsp; &nbsp;&nbsp; <br \/>Pourvu simplement d&rsquo;y mettre la t\u00eate et le c\u0153ur. <\/p>\n<\/div><\/div>\n<div class=\"hide_module_inside\"> <!-- article_connexe 10001169 --> <\/p>\n<div id=\"mod_10001169\" class=\"mod_10001169 wm-module fullbackground module-article_connexe\">\n<div class=\"entete\">\n<div class=\"fullmod\"> <span>Autres articles<\/span> <\/div>\n<\/div><\/div>\n<\/div><\/div>\n<p> La chronique se veut g\u00e9n\u00e9r\u00e9e de la fa\u00e7on la plus claire que possible. Dans le cas o\u00f9 vous souhaitez pr\u00e9senter des renseignements compl\u00e9mentaires \u00e0 cet article sur le sujet \u00ab\u00a0Fr\u00e8res jumeaux de l&rsquo;Essonnes\u00a0\u00bb il vous est possible d\u2019\u00e9crire aux contacts indiqu\u00e9s sur notre website. La raison d\u2019\u00eatre de jumeaux91.fr \u00e9tant de rassembler sur le web des posts sur le sujet de Fr\u00e8res jumeaux de l&rsquo;Essonnes puis les diffuser en r\u00e9pondant au mieux aux interrogations des gens. Vous pouvez tirer profit de cet article traitant le sujet \u00ab\u00a0Fr\u00e8res jumeaux de l&rsquo;Essonnes\u00a0\u00bb. Il est concoct\u00e9 par l\u2019\u00e9quipe jumeaux91.fr. Prochainement, nous rendrons accessibles au public d&rsquo;autres informations pertinentes sur le sujet \u00ab\u00a0Fr\u00e8res jumeaux de l&rsquo;Essonnes\u00a0\u00bb. Alors, consultez syst\u00e9matiquement notre blog.<\/p>\n","protected":false},"excerpt":{"rendered":"<p>Le match S\u00e9n\u00e9gal-Mali n&rsquo;est pas un match comme les autres. Pour des raisons&nbsp; historiques pour ne pas dire h\u00e9g\u00e9moniques, cette rencontre de quart de finale&nbsp; ne sera pas une simple opposition de styles.&nbsp; Comme les pr\u00e9c\u00e9dents matchs, il sera marqu\u00e9 certes par une fraternit\u00e9 entre des fr\u00e8res jumeaux siamois s\u00e9par\u00e9s par les vicissitudes de histoire&hellip; <a class=\"more-link\" href=\"https:\/\/jumeaux91.fr\/blog\/senegal-mali-lepreuve-de-separation-des-freres-siamois-par-mamadou-kasse\/\">Poursuivre la lecture <span class=\"screen-reader-text\">S\u00e9n\u00e9gal-Mali : L&rsquo;\u00e9preuve de s\u00e9paration des fr\u00e8res siamois ( par Mamadou Kass\u00e9)<\/span><\/a><\/p>\n","protected":false},"author":2,"featured_media":1948,"comment_status":"closed","ping_status":"closed","sticky":false,"template":"","format":"standard","meta":{"footnotes":""},"categories":[4],"tags":[],"class_list":["post-1947","post","type-post","status-publish","format-standard","has-post-thumbnail","hentry","category-posts-freres-jumeaux-de-lessonnes","entry"],"yoast_head":"<!-- This site is optimized with the Yoast SEO plugin v27.5 - https:\/\/yoast.com\/product\/yoast-seo-wordpress\/ -->\n<title>S\u00e9n\u00e9gal-Mali : L&#039;\u00e9preuve de s\u00e9paration des fr\u00e8res siamois ( par Mamadou Kass\u00e9) - JUMEAUX91<\/title>\n<meta name=\"robots\" content=\"index, follow, max-snippet:-1, max-image-preview:large, max-video-preview:-1\" \/>\n<link rel=\"canonical\" href=\"https:\/\/jumeaux91.fr\/blog\/senegal-mali-lepreuve-de-separation-des-freres-siamois-par-mamadou-kasse\/\" \/>\n<meta property=\"og:locale\" content=\"fr_FR\" \/>\n<meta property=\"og:type\" content=\"article\" \/>\n<meta property=\"og:title\" content=\"S\u00e9n\u00e9gal-Mali : L&#039;\u00e9preuve de s\u00e9paration des fr\u00e8res siamois ( par Mamadou Kass\u00e9) - JUMEAUX91\" \/>\n<meta property=\"og:description\" content=\"Le match S\u00e9n\u00e9gal-Mali n&rsquo;est pas un match comme les autres. Pour des raisons&nbsp; historiques pour ne pas dire h\u00e9g\u00e9moniques, cette rencontre de quart de finale&nbsp; ne sera pas une simple opposition de styles.&nbsp; Comme les pr\u00e9c\u00e9dents matchs, il sera marqu\u00e9 certes par une fraternit\u00e9 entre des fr\u00e8res jumeaux siamois s\u00e9par\u00e9s par les vicissitudes de histoire&hellip; Poursuivre la lecture S\u00e9n\u00e9gal-Mali : L&rsquo;\u00e9preuve de s\u00e9paration des fr\u00e8res siamois ( par Mamadou Kass\u00e9)\" \/>\n<meta property=\"og:url\" content=\"https:\/\/jumeaux91.fr\/blog\/senegal-mali-lepreuve-de-separation-des-freres-siamois-par-mamadou-kasse\/\" \/>\n<meta property=\"og:site_name\" content=\"JUMEAUX91\" \/>\n<meta property=\"article:published_time\" content=\"2026-01-07T00:24:00+00:00\" \/>\n<meta property=\"og:image\" content=\"https:\/\/jumeaux91.fr\/blog\/wp-content\/uploads\/2026\/01\/senegal-mali-lepreuve-de-separation-des-freres-siamois-par-mamadou-kasse.jpg\" \/>\n<meta name=\"author\" content=\"Claude DAYRES\" \/>\n<meta name=\"twitter:card\" content=\"summary_large_image\" \/>\n<meta name=\"twitter:label1\" content=\"\u00c9crit par\" \/>\n\t<meta name=\"twitter:data1\" content=\"Claude DAYRES\" \/>\n\t<meta name=\"twitter:label2\" content=\"Dur\u00e9e de lecture estim\u00e9e\" \/>\n\t<meta name=\"twitter:data2\" content=\"3 minutes\" \/>\n<script type=\"application\/ld+json\" class=\"yoast-schema-graph\">{\"@context\":\"https:\\\/\\\/schema.org\",\"@graph\":[{\"@type\":\"Article\",\"@id\":\"https:\\\/\\\/jumeaux91.fr\\\/blog\\\/senegal-mali-lepreuve-de-separation-des-freres-siamois-par-mamadou-kasse\\\/#article\",\"isPartOf\":{\"@id\":\"https:\\\/\\\/jumeaux91.fr\\\/blog\\\/senegal-mali-lepreuve-de-separation-des-freres-siamois-par-mamadou-kasse\\\/\"},\"author\":{\"name\":\"Claude DAYRES\",\"@id\":\"https:\\\/\\\/jumeaux91.fr\\\/blog\\\/#\\\/schema\\\/person\\\/21da06e9f119b9f64e5d45dbbd32d3fb\"},\"headline\":\"S\u00e9n\u00e9gal-Mali : L&rsquo;\u00e9preuve de s\u00e9paration des fr\u00e8res siamois ( par Mamadou Kass\u00e9)\",\"datePublished\":\"2026-01-07T00:24:00+00:00\",\"mainEntityOfPage\":{\"@id\":\"https:\\\/\\\/jumeaux91.fr\\\/blog\\\/senegal-mali-lepreuve-de-separation-des-freres-siamois-par-mamadou-kasse\\\/\"},\"wordCount\":545,\"publisher\":{\"@id\":\"https:\\\/\\\/jumeaux91.fr\\\/blog\\\/#organization\"},\"image\":{\"@id\":\"https:\\\/\\\/jumeaux91.fr\\\/blog\\\/senegal-mali-lepreuve-de-separation-des-freres-siamois-par-mamadou-kasse\\\/#primaryimage\"},\"thumbnailUrl\":\"https:\\\/\\\/jumeaux91.fr\\\/blog\\\/wp-content\\\/uploads\\\/2026\\\/01\\\/senegal-mali-lepreuve-de-separation-des-freres-siamois-par-mamadou-kasse.jpg\",\"articleSection\":[\"Posts Fr\u00e8res Jumeaux De L'Essonnes:\"],\"inLanguage\":\"fr-FR\"},{\"@type\":\"WebPage\",\"@id\":\"https:\\\/\\\/jumeaux91.fr\\\/blog\\\/senegal-mali-lepreuve-de-separation-des-freres-siamois-par-mamadou-kasse\\\/\",\"url\":\"https:\\\/\\\/jumeaux91.fr\\\/blog\\\/senegal-mali-lepreuve-de-separation-des-freres-siamois-par-mamadou-kasse\\\/\",\"name\":\"S\u00e9n\u00e9gal-Mali : L'\u00e9preuve de s\u00e9paration des fr\u00e8res siamois ( par Mamadou Kass\u00e9) - JUMEAUX91\",\"isPartOf\":{\"@id\":\"https:\\\/\\\/jumeaux91.fr\\\/blog\\\/#website\"},\"primaryImageOfPage\":{\"@id\":\"https:\\\/\\\/jumeaux91.fr\\\/blog\\\/senegal-mali-lepreuve-de-separation-des-freres-siamois-par-mamadou-kasse\\\/#primaryimage\"},\"image\":{\"@id\":\"https:\\\/\\\/jumeaux91.fr\\\/blog\\\/senegal-mali-lepreuve-de-separation-des-freres-siamois-par-mamadou-kasse\\\/#primaryimage\"},\"thumbnailUrl\":\"https:\\\/\\\/jumeaux91.fr\\\/blog\\\/wp-content\\\/uploads\\\/2026\\\/01\\\/senegal-mali-lepreuve-de-separation-des-freres-siamois-par-mamadou-kasse.jpg\",\"datePublished\":\"2026-01-07T00:24:00+00:00\",\"breadcrumb\":{\"@id\":\"https:\\\/\\\/jumeaux91.fr\\\/blog\\\/senegal-mali-lepreuve-de-separation-des-freres-siamois-par-mamadou-kasse\\\/#breadcrumb\"},\"inLanguage\":\"fr-FR\",\"potentialAction\":[{\"@type\":\"ReadAction\",\"target\":[\"https:\\\/\\\/jumeaux91.fr\\\/blog\\\/senegal-mali-lepreuve-de-separation-des-freres-siamois-par-mamadou-kasse\\\/\"]}]},{\"@type\":\"ImageObject\",\"inLanguage\":\"fr-FR\",\"@id\":\"https:\\\/\\\/jumeaux91.fr\\\/blog\\\/senegal-mali-lepreuve-de-separation-des-freres-siamois-par-mamadou-kasse\\\/#primaryimage\",\"url\":\"https:\\\/\\\/jumeaux91.fr\\\/blog\\\/wp-content\\\/uploads\\\/2026\\\/01\\\/senegal-mali-lepreuve-de-separation-des-freres-siamois-par-mamadou-kasse.jpg\",\"contentUrl\":\"https:\\\/\\\/jumeaux91.fr\\\/blog\\\/wp-content\\\/uploads\\\/2026\\\/01\\\/senegal-mali-lepreuve-de-separation-des-freres-siamois-par-mamadou-kasse.jpg\",\"width\":820,\"height\":606,\"caption\":\"S\u00e9n\u00e9gal Mali : L'\u00e9preuve de s\u00e9paration des fr\u00e8res siamois ( par Mamadou Kass\u00e9)\"},{\"@type\":\"BreadcrumbList\",\"@id\":\"https:\\\/\\\/jumeaux91.fr\\\/blog\\\/senegal-mali-lepreuve-de-separation-des-freres-siamois-par-mamadou-kasse\\\/#breadcrumb\",\"itemListElement\":[{\"@type\":\"ListItem\",\"position\":1,\"name\":\"Accueil\",\"item\":\"https:\\\/\\\/jumeaux91.fr\\\/blog\\\/\"},{\"@type\":\"ListItem\",\"position\":2,\"name\":\"S\u00e9n\u00e9gal-Mali : L&rsquo;\u00e9preuve de s\u00e9paration des fr\u00e8res siamois ( par Mamadou Kass\u00e9)\"}]},{\"@type\":\"WebSite\",\"@id\":\"https:\\\/\\\/jumeaux91.fr\\\/blog\\\/#website\",\"url\":\"https:\\\/\\\/jumeaux91.fr\\\/blog\\\/\",\"name\":\"JUMEAUX91\",\"description\":\"Fr\u00e8res jumeaux de l&#039;Essonnes; informations et archives, \u00e0 savoir et retenir.\",\"publisher\":{\"@id\":\"https:\\\/\\\/jumeaux91.fr\\\/blog\\\/#organization\"},\"potentialAction\":[{\"@type\":\"SearchAction\",\"target\":{\"@type\":\"EntryPoint\",\"urlTemplate\":\"https:\\\/\\\/jumeaux91.fr\\\/blog\\\/?s={search_term_string}\"},\"query-input\":{\"@type\":\"PropertyValueSpecification\",\"valueRequired\":true,\"valueName\":\"search_term_string\"}}],\"inLanguage\":\"fr-FR\"},{\"@type\":\"Organization\",\"@id\":\"https:\\\/\\\/jumeaux91.fr\\\/blog\\\/#organization\",\"name\":\"jumeaux91\",\"url\":\"https:\\\/\\\/jumeaux91.fr\\\/blog\\\/\",\"logo\":{\"@type\":\"ImageObject\",\"inLanguage\":\"fr-FR\",\"@id\":\"https:\\\/\\\/jumeaux91.fr\\\/blog\\\/#\\\/schema\\\/logo\\\/image\\\/\",\"url\":\"https:\\\/\\\/jumeaux91.fr\\\/blog\\\/wp-content\\\/uploads\\\/2023\\\/05\\\/cropped-cropped-logoJ_91.png\",\"contentUrl\":\"https:\\\/\\\/jumeaux91.fr\\\/blog\\\/wp-content\\\/uploads\\\/2023\\\/05\\\/cropped-cropped-logoJ_91.png\",\"width\":512,\"height\":512,\"caption\":\"jumeaux91\"},\"image\":{\"@id\":\"https:\\\/\\\/jumeaux91.fr\\\/blog\\\/#\\\/schema\\\/logo\\\/image\\\/\"}},{\"@type\":\"Person\",\"@id\":\"https:\\\/\\\/jumeaux91.fr\\\/blog\\\/#\\\/schema\\\/person\\\/21da06e9f119b9f64e5d45dbbd32d3fb\",\"name\":\"Claude DAYRES\",\"image\":{\"@type\":\"ImageObject\",\"inLanguage\":\"fr-FR\",\"@id\":\"https:\\\/\\\/secure.gravatar.com\\\/avatar\\\/82eb951df6110a2c48d1bfa7a67d1ee6f0cd5df3cbf9c3586dd61e82db7172a5?s=96&d=mm&r=g\",\"url\":\"https:\\\/\\\/secure.gravatar.com\\\/avatar\\\/82eb951df6110a2c48d1bfa7a67d1ee6f0cd5df3cbf9c3586dd61e82db7172a5?s=96&d=mm&r=g\",\"contentUrl\":\"https:\\\/\\\/secure.gravatar.com\\\/avatar\\\/82eb951df6110a2c48d1bfa7a67d1ee6f0cd5df3cbf9c3586dd61e82db7172a5?s=96&d=mm&r=g\",\"caption\":\"Claude DAYRES\"},\"url\":\"https:\\\/\\\/jumeaux91.fr\\\/blog\\\/author\\\/x91claude\\\/\"}]}<\/script>\n<!-- \/ Yoast SEO plugin. -->","yoast_head_json":{"title":"S\u00e9n\u00e9gal-Mali : L'\u00e9preuve de s\u00e9paration des fr\u00e8res siamois ( par Mamadou Kass\u00e9) - JUMEAUX91","robots":{"index":"index","follow":"follow","max-snippet":"max-snippet:-1","max-image-preview":"max-image-preview:large","max-video-preview":"max-video-preview:-1"},"canonical":"https:\/\/jumeaux91.fr\/blog\/senegal-mali-lepreuve-de-separation-des-freres-siamois-par-mamadou-kasse\/","og_locale":"fr_FR","og_type":"article","og_title":"S\u00e9n\u00e9gal-Mali : L'\u00e9preuve de s\u00e9paration des fr\u00e8res siamois ( par Mamadou Kass\u00e9) - JUMEAUX91","og_description":"Le match S\u00e9n\u00e9gal-Mali n&rsquo;est pas un match comme les autres. Pour des raisons&nbsp; historiques pour ne pas dire h\u00e9g\u00e9moniques, cette rencontre de quart de finale&nbsp; ne sera pas une simple opposition de styles.&nbsp; Comme les pr\u00e9c\u00e9dents matchs, il sera marqu\u00e9 certes par une fraternit\u00e9 entre des fr\u00e8res jumeaux siamois s\u00e9par\u00e9s par les vicissitudes de histoire&hellip; Poursuivre la lecture S\u00e9n\u00e9gal-Mali : L&rsquo;\u00e9preuve de s\u00e9paration des fr\u00e8res siamois ( par Mamadou Kass\u00e9)","og_url":"https:\/\/jumeaux91.fr\/blog\/senegal-mali-lepreuve-de-separation-des-freres-siamois-par-mamadou-kasse\/","og_site_name":"JUMEAUX91","article_published_time":"2026-01-07T00:24:00+00:00","og_image":[{"url":"https:\/\/jumeaux91.fr\/blog\/wp-content\/uploads\/2026\/01\/senegal-mali-lepreuve-de-separation-des-freres-siamois-par-mamadou-kasse.jpg","type":"","width":"","height":""}],"author":"Claude DAYRES","twitter_card":"summary_large_image","twitter_misc":{"\u00c9crit par":"Claude DAYRES","Dur\u00e9e de lecture estim\u00e9e":"3 minutes"},"schema":{"@context":"https:\/\/schema.org","@graph":[{"@type":"Article","@id":"https:\/\/jumeaux91.fr\/blog\/senegal-mali-lepreuve-de-separation-des-freres-siamois-par-mamadou-kasse\/#article","isPartOf":{"@id":"https:\/\/jumeaux91.fr\/blog\/senegal-mali-lepreuve-de-separation-des-freres-siamois-par-mamadou-kasse\/"},"author":{"name":"Claude DAYRES","@id":"https:\/\/jumeaux91.fr\/blog\/#\/schema\/person\/21da06e9f119b9f64e5d45dbbd32d3fb"},"headline":"S\u00e9n\u00e9gal-Mali : L&rsquo;\u00e9preuve de s\u00e9paration des fr\u00e8res siamois ( par Mamadou Kass\u00e9)","datePublished":"2026-01-07T00:24:00+00:00","mainEntityOfPage":{"@id":"https:\/\/jumeaux91.fr\/blog\/senegal-mali-lepreuve-de-separation-des-freres-siamois-par-mamadou-kasse\/"},"wordCount":545,"publisher":{"@id":"https:\/\/jumeaux91.fr\/blog\/#organization"},"image":{"@id":"https:\/\/jumeaux91.fr\/blog\/senegal-mali-lepreuve-de-separation-des-freres-siamois-par-mamadou-kasse\/#primaryimage"},"thumbnailUrl":"https:\/\/jumeaux91.fr\/blog\/wp-content\/uploads\/2026\/01\/senegal-mali-lepreuve-de-separation-des-freres-siamois-par-mamadou-kasse.jpg","articleSection":["Posts Fr\u00e8res Jumeaux De L'Essonnes:"],"inLanguage":"fr-FR"},{"@type":"WebPage","@id":"https:\/\/jumeaux91.fr\/blog\/senegal-mali-lepreuve-de-separation-des-freres-siamois-par-mamadou-kasse\/","url":"https:\/\/jumeaux91.fr\/blog\/senegal-mali-lepreuve-de-separation-des-freres-siamois-par-mamadou-kasse\/","name":"S\u00e9n\u00e9gal-Mali : L'\u00e9preuve de s\u00e9paration des fr\u00e8res siamois ( par Mamadou Kass\u00e9) - JUMEAUX91","isPartOf":{"@id":"https:\/\/jumeaux91.fr\/blog\/#website"},"primaryImageOfPage":{"@id":"https:\/\/jumeaux91.fr\/blog\/senegal-mali-lepreuve-de-separation-des-freres-siamois-par-mamadou-kasse\/#primaryimage"},"image":{"@id":"https:\/\/jumeaux91.fr\/blog\/senegal-mali-lepreuve-de-separation-des-freres-siamois-par-mamadou-kasse\/#primaryimage"},"thumbnailUrl":"https:\/\/jumeaux91.fr\/blog\/wp-content\/uploads\/2026\/01\/senegal-mali-lepreuve-de-separation-des-freres-siamois-par-mamadou-kasse.jpg","datePublished":"2026-01-07T00:24:00+00:00","breadcrumb":{"@id":"https:\/\/jumeaux91.fr\/blog\/senegal-mali-lepreuve-de-separation-des-freres-siamois-par-mamadou-kasse\/#breadcrumb"},"inLanguage":"fr-FR","potentialAction":[{"@type":"ReadAction","target":["https:\/\/jumeaux91.fr\/blog\/senegal-mali-lepreuve-de-separation-des-freres-siamois-par-mamadou-kasse\/"]}]},{"@type":"ImageObject","inLanguage":"fr-FR","@id":"https:\/\/jumeaux91.fr\/blog\/senegal-mali-lepreuve-de-separation-des-freres-siamois-par-mamadou-kasse\/#primaryimage","url":"https:\/\/jumeaux91.fr\/blog\/wp-content\/uploads\/2026\/01\/senegal-mali-lepreuve-de-separation-des-freres-siamois-par-mamadou-kasse.jpg","contentUrl":"https:\/\/jumeaux91.fr\/blog\/wp-content\/uploads\/2026\/01\/senegal-mali-lepreuve-de-separation-des-freres-siamois-par-mamadou-kasse.jpg","width":820,"height":606,"caption":"S\u00e9n\u00e9gal Mali : L'\u00e9preuve de s\u00e9paration des fr\u00e8res siamois ( par Mamadou Kass\u00e9)"},{"@type":"BreadcrumbList","@id":"https:\/\/jumeaux91.fr\/blog\/senegal-mali-lepreuve-de-separation-des-freres-siamois-par-mamadou-kasse\/#breadcrumb","itemListElement":[{"@type":"ListItem","position":1,"name":"Accueil","item":"https:\/\/jumeaux91.fr\/blog\/"},{"@type":"ListItem","position":2,"name":"S\u00e9n\u00e9gal-Mali : L&rsquo;\u00e9preuve de s\u00e9paration des fr\u00e8res siamois ( par Mamadou Kass\u00e9)"}]},{"@type":"WebSite","@id":"https:\/\/jumeaux91.fr\/blog\/#website","url":"https:\/\/jumeaux91.fr\/blog\/","name":"JUMEAUX91","description":"Fr\u00e8res jumeaux de l&#039;Essonnes; informations et archives, \u00e0 savoir et retenir.","publisher":{"@id":"https:\/\/jumeaux91.fr\/blog\/#organization"},"potentialAction":[{"@type":"SearchAction","target":{"@type":"EntryPoint","urlTemplate":"https:\/\/jumeaux91.fr\/blog\/?s={search_term_string}"},"query-input":{"@type":"PropertyValueSpecification","valueRequired":true,"valueName":"search_term_string"}}],"inLanguage":"fr-FR"},{"@type":"Organization","@id":"https:\/\/jumeaux91.fr\/blog\/#organization","name":"jumeaux91","url":"https:\/\/jumeaux91.fr\/blog\/","logo":{"@type":"ImageObject","inLanguage":"fr-FR","@id":"https:\/\/jumeaux91.fr\/blog\/#\/schema\/logo\/image\/","url":"https:\/\/jumeaux91.fr\/blog\/wp-content\/uploads\/2023\/05\/cropped-cropped-logoJ_91.png","contentUrl":"https:\/\/jumeaux91.fr\/blog\/wp-content\/uploads\/2023\/05\/cropped-cropped-logoJ_91.png","width":512,"height":512,"caption":"jumeaux91"},"image":{"@id":"https:\/\/jumeaux91.fr\/blog\/#\/schema\/logo\/image\/"}},{"@type":"Person","@id":"https:\/\/jumeaux91.fr\/blog\/#\/schema\/person\/21da06e9f119b9f64e5d45dbbd32d3fb","name":"Claude DAYRES","image":{"@type":"ImageObject","inLanguage":"fr-FR","@id":"https:\/\/secure.gravatar.com\/avatar\/82eb951df6110a2c48d1bfa7a67d1ee6f0cd5df3cbf9c3586dd61e82db7172a5?s=96&d=mm&r=g","url":"https:\/\/secure.gravatar.com\/avatar\/82eb951df6110a2c48d1bfa7a67d1ee6f0cd5df3cbf9c3586dd61e82db7172a5?s=96&d=mm&r=g","contentUrl":"https:\/\/secure.gravatar.com\/avatar\/82eb951df6110a2c48d1bfa7a67d1ee6f0cd5df3cbf9c3586dd61e82db7172a5?s=96&d=mm&r=g","caption":"Claude DAYRES"},"url":"https:\/\/jumeaux91.fr\/blog\/author\/x91claude\/"}]}},"_links":{"self":[{"href":"https:\/\/jumeaux91.fr\/blog\/wp-json\/wp\/v2\/posts\/1947","targetHints":{"allow":["GET"]}}],"collection":[{"href":"https:\/\/jumeaux91.fr\/blog\/wp-json\/wp\/v2\/posts"}],"about":[{"href":"https:\/\/jumeaux91.fr\/blog\/wp-json\/wp\/v2\/types\/post"}],"author":[{"embeddable":true,"href":"https:\/\/jumeaux91.fr\/blog\/wp-json\/wp\/v2\/users\/2"}],"replies":[{"embeddable":true,"href":"https:\/\/jumeaux91.fr\/blog\/wp-json\/wp\/v2\/comments?post=1947"}],"version-history":[{"count":0,"href":"https:\/\/jumeaux91.fr\/blog\/wp-json\/wp\/v2\/posts\/1947\/revisions"}],"wp:featuredmedia":[{"embeddable":true,"href":"https:\/\/jumeaux91.fr\/blog\/wp-json\/wp\/v2\/media\/1948"}],"wp:attachment":[{"href":"https:\/\/jumeaux91.fr\/blog\/wp-json\/wp\/v2\/media?parent=1947"}],"wp:term":[{"taxonomy":"category","embeddable":true,"href":"https:\/\/jumeaux91.fr\/blog\/wp-json\/wp\/v2\/categories?post=1947"},{"taxonomy":"post_tag","embeddable":true,"href":"https:\/\/jumeaux91.fr\/blog\/wp-json\/wp\/v2\/tags?post=1947"}],"curies":[{"name":"wp","href":"https:\/\/api.w.org\/{rel}","templated":true}]}}