{"id":2053,"date":"2026-04-02T03:32:00","date_gmt":"2026-04-02T01:32:00","guid":{"rendered":"https:\/\/jumeaux91.fr\/blog\/enceinte-apres-avoir-couche-avec-des-jumeaux-elle-ne-sait-pas-qui-est-le-pere-explications-avec-gaetan-delferiere-dans-le-cactus\/"},"modified":"2026-04-02T03:32:00","modified_gmt":"2026-04-02T01:32:00","slug":"enceinte-apres-avoir-couche-avec-des-jumeaux-elle-ne-sait-pas-qui-est-le-pere-explications-avec-gaetan-delferiere-dans-le-cactus","status":"publish","type":"post","link":"https:\/\/jumeaux91.fr\/blog\/enceinte-apres-avoir-couche-avec-des-jumeaux-elle-ne-sait-pas-qui-est-le-pere-explications-avec-gaetan-delferiere-dans-le-cactus\/","title":{"rendered":"Enceinte apr\u00e8s avoir couch\u00e9 avec des jumeaux, elle ne sait pas qui est le p\u00e8re : explications avec Ga\u00ebtan Delferi\u00e8re dans le Cactus"},"content":{"rendered":"<div><img decoding=\"async\" src=\"https:\/\/jumeaux91.fr\/blog\/wp-content\/uploads\/2026\/04\/enceinte-apres-avoir-couche-avec-des-jumeaux-elle-ne-sait-pas-qui-est-le-pere-explications-avec-gaetan-delferiere-dans-le-cactus.jpg\" class=\"ff-og-image-inserted\"><\/div>\n<p>C\u2019est une histoire digne des Feux de l\u2019Amour. Au Royaume Uni, une femme est tomb\u00e9e enceinte apr\u00e8s avoir eu des relations sexuelles avec des fr\u00e8res jumeaux \u00e0 quatre jours d\u2019intervalle. Aujourd\u2019hui, elle n\u2019a donc aucun moyen de savoir qui est le p\u00e8re de son enfant, les deux candidats potentiels ayant le m\u00eame ADN. Une affaire rocambolesque, qui a bien \u00e9videmment retenu toute l\u2019attention de Ga\u00ebtan Delferi\u00e8re.<\/p>\n<p>Cela dit, il reconna\u00eet avoir \u00e9prouv\u00e9 une certaine d\u00e9ception, en apprenant que la future maman avait couch\u00e9 avec les deux fr\u00e8res en connaissance de cause. Il n\u2019y a ni quiproquo ni jumeau mal\u00e9fique dans le tableau. Dans ce cas-ci, tout le monde \u00e9tait parfaitement au courant de la situation, m\u00eame les deux fr\u00e8res. Un point tr\u00e8s \u00e9tonnant pour l\u2019humoriste, qui personnellement, se verrait mal partager sa partenaire avec&nbsp;son propre fr\u00e8re. <em>\u00ab\u00a0Il est nareux. Des fois on boit un verre, je lui dis&nbsp;: tu veux go\u00fbter, et il me regarde avec un masque de d\u00e9go\u00fbt, comme si je lui avais propos\u00e9 de se rouler dans mes excr\u00e9ments. Donc faire l\u2019amour avec la m\u00eame personne, c\u2019est non\u00a0\u00bb<\/em>, explique-t-il.<\/p>\n<p>Quant aux jumeaux de notre histoire, ils ont saisi la justice pour revendiquer leurs droits parentaux, mais le tribunal a statu\u00e9 qu\u2019il \u00e9tait impossible de d\u00e9terminer qui \u00e9tait le p\u00e8re. <em>\u00ab\u00a0Donc juridiquement, c\u2019est \u00e0 la fois les deux et aucun des deux. Un peu comme le chat de Schr\u00f6dinger, mais avec des papas\u00a0\u00bb<\/em>, r\u00e9sume l\u2019humoriste.<\/p>\n<p>Une configuration familiale complexe, qui pr\u00e9sente n\u00e9anmoins certains avantages, estime-t-il. Etant lui-m\u00eame papa depuis peu, il r\u00eaverait lui aussi d\u2019avoir un fr\u00e8re jumeau pour prendre le relais de temps en temps.&nbsp;<em>\u00ab\u00a0Car&nbsp;franchement, pour \u00e9lever un enfant, il faut au moins \u00eatre trois\u00a0\u00bb<\/em>, conclut-il.<\/p>\n<p>La chronique se veut g\u00e9n\u00e9r\u00e9e de la fa\u00e7on la plus claire que possible. Dans le cas o\u00f9 vous souhaitez pr\u00e9senter des renseignements compl\u00e9mentaires \u00e0 cet article sur le sujet \u00ab\u00a0Fr\u00e8res jumeaux de l&rsquo;Essonnes\u00a0\u00bb il vous est possible d\u2019\u00e9crire aux contacts indiqu\u00e9s sur notre website. La raison d\u2019\u00eatre de jumeaux91.fr \u00e9tant de rassembler sur le web des posts sur le sujet de Fr\u00e8res jumeaux de l&rsquo;Essonnes puis les diffuser en r\u00e9pondant au mieux aux interrogations des gens. Vous pouvez tirer profit de cet article traitant le sujet \u00ab\u00a0Fr\u00e8res jumeaux de l&rsquo;Essonnes\u00a0\u00bb. Il est concoct\u00e9 par l\u2019\u00e9quipe jumeaux91.fr. Prochainement, nous rendrons accessibles au public d&rsquo;autres informations pertinentes sur le sujet \u00ab\u00a0Fr\u00e8res jumeaux de l&rsquo;Essonnes\u00a0\u00bb. Alors, consultez syst\u00e9matiquement notre blog.<\/p>\n","protected":false},"excerpt":{"rendered":"<p>C\u2019est une histoire digne des Feux de l\u2019Amour. Au Royaume Uni, une femme est tomb\u00e9e enceinte apr\u00e8s avoir eu des relations sexuelles avec des fr\u00e8res jumeaux \u00e0 quatre jours d\u2019intervalle. Aujourd\u2019hui, elle n\u2019a donc aucun moyen de savoir qui est le p\u00e8re de son enfant, les deux candidats potentiels ayant le m\u00eame ADN. Une affaire&hellip; <a class=\"more-link\" href=\"https:\/\/jumeaux91.fr\/blog\/enceinte-apres-avoir-couche-avec-des-jumeaux-elle-ne-sait-pas-qui-est-le-pere-explications-avec-gaetan-delferiere-dans-le-cactus\/\">Poursuivre la lecture <span class=\"screen-reader-text\">Enceinte apr\u00e8s avoir couch\u00e9 avec des jumeaux, elle ne sait pas qui est le p\u00e8re : explications avec Ga\u00ebtan Delferi\u00e8re dans le Cactus<\/span><\/a><\/p>\n","protected":false},"author":2,"featured_media":2054,"comment_status":"closed","ping_status":"closed","sticky":false,"template":"","format":"standard","meta":{"footnotes":""},"categories":[4],"tags":[],"class_list":["post-2053","post","type-post","status-publish","format-standard","has-post-thumbnail","hentry","category-posts-freres-jumeaux-de-lessonnes","entry"],"yoast_head":"<!-- This site is optimized with the Yoast SEO plugin v27.5 - https:\/\/yoast.com\/product\/yoast-seo-wordpress\/ -->\n<title>Enceinte apr\u00e8s avoir couch\u00e9 avec des jumeaux, elle ne sait pas qui est le p\u00e8re : explications avec Ga\u00ebtan Delferi\u00e8re dans le Cactus - JUMEAUX91<\/title>\n<meta name=\"robots\" content=\"index, follow, max-snippet:-1, max-image-preview:large, max-video-preview:-1\" \/>\n<link rel=\"canonical\" href=\"https:\/\/jumeaux91.fr\/blog\/enceinte-apres-avoir-couche-avec-des-jumeaux-elle-ne-sait-pas-qui-est-le-pere-explications-avec-gaetan-delferiere-dans-le-cactus\/\" \/>\n<meta property=\"og:locale\" content=\"fr_FR\" \/>\n<meta property=\"og:type\" content=\"article\" \/>\n<meta property=\"og:title\" content=\"Enceinte apr\u00e8s avoir couch\u00e9 avec des jumeaux, elle ne sait pas qui est le p\u00e8re : explications avec Ga\u00ebtan Delferi\u00e8re dans le Cactus - JUMEAUX91\" \/>\n<meta property=\"og:description\" content=\"C\u2019est une histoire digne des Feux de l\u2019Amour. Au Royaume Uni, une femme est tomb\u00e9e enceinte apr\u00e8s avoir eu des relations sexuelles avec des fr\u00e8res jumeaux \u00e0 quatre jours d\u2019intervalle. Aujourd\u2019hui, elle n\u2019a donc aucun moyen de savoir qui est le p\u00e8re de son enfant, les deux candidats potentiels ayant le m\u00eame ADN. Une affaire&hellip; Poursuivre la lecture Enceinte apr\u00e8s avoir couch\u00e9 avec des jumeaux, elle ne sait pas qui est le p\u00e8re : explications avec Ga\u00ebtan Delferi\u00e8re dans le Cactus\" \/>\n<meta property=\"og:url\" content=\"https:\/\/jumeaux91.fr\/blog\/enceinte-apres-avoir-couche-avec-des-jumeaux-elle-ne-sait-pas-qui-est-le-pere-explications-avec-gaetan-delferiere-dans-le-cactus\/\" \/>\n<meta property=\"og:site_name\" content=\"JUMEAUX91\" \/>\n<meta property=\"article:published_time\" content=\"2026-04-02T01:32:00+00:00\" \/>\n<meta property=\"og:image\" content=\"https:\/\/jumeaux91.fr\/blog\/wp-content\/uploads\/2026\/04\/enceinte-apres-avoir-couche-avec-des-jumeaux-elle-ne-sait-pas-qui-est-le-pere-explications-avec-gaetan-delferiere-dans-le-cactus.jpg\" \/>\n<meta name=\"author\" content=\"Claude DAYRES\" \/>\n<meta name=\"twitter:card\" content=\"summary_large_image\" \/>\n<meta name=\"twitter:label1\" content=\"\u00c9crit par\" \/>\n\t<meta name=\"twitter:data1\" content=\"Claude DAYRES\" \/>\n\t<meta name=\"twitter:label2\" content=\"Dur\u00e9e de lecture estim\u00e9e\" \/>\n\t<meta name=\"twitter:data2\" content=\"2 minutes\" \/>\n<script type=\"application\/ld+json\" class=\"yoast-schema-graph\">{\"@context\":\"https:\\\/\\\/schema.org\",\"@graph\":[{\"@type\":\"Article\",\"@id\":\"https:\\\/\\\/jumeaux91.fr\\\/blog\\\/enceinte-apres-avoir-couche-avec-des-jumeaux-elle-ne-sait-pas-qui-est-le-pere-explications-avec-gaetan-delferiere-dans-le-cactus\\\/#article\",\"isPartOf\":{\"@id\":\"https:\\\/\\\/jumeaux91.fr\\\/blog\\\/enceinte-apres-avoir-couche-avec-des-jumeaux-elle-ne-sait-pas-qui-est-le-pere-explications-avec-gaetan-delferiere-dans-le-cactus\\\/\"},\"author\":{\"name\":\"Claude DAYRES\",\"@id\":\"https:\\\/\\\/jumeaux91.fr\\\/blog\\\/#\\\/schema\\\/person\\\/21da06e9f119b9f64e5d45dbbd32d3fb\"},\"headline\":\"Enceinte apr\u00e8s avoir couch\u00e9 avec des jumeaux, elle ne sait pas qui est le p\u00e8re : explications avec Ga\u00ebtan Delferi\u00e8re dans le Cactus\",\"datePublished\":\"2026-04-02T01:32:00+00:00\",\"mainEntityOfPage\":{\"@id\":\"https:\\\/\\\/jumeaux91.fr\\\/blog\\\/enceinte-apres-avoir-couche-avec-des-jumeaux-elle-ne-sait-pas-qui-est-le-pere-explications-avec-gaetan-delferiere-dans-le-cactus\\\/\"},\"wordCount\":492,\"publisher\":{\"@id\":\"https:\\\/\\\/jumeaux91.fr\\\/blog\\\/#organization\"},\"image\":{\"@id\":\"https:\\\/\\\/jumeaux91.fr\\\/blog\\\/enceinte-apres-avoir-couche-avec-des-jumeaux-elle-ne-sait-pas-qui-est-le-pere-explications-avec-gaetan-delferiere-dans-le-cactus\\\/#primaryimage\"},\"thumbnailUrl\":\"https:\\\/\\\/jumeaux91.fr\\\/blog\\\/wp-content\\\/uploads\\\/2026\\\/04\\\/enceinte-apres-avoir-couche-avec-des-jumeaux-elle-ne-sait-pas-qui-est-le-pere-explications-avec-gaetan-delferiere-dans-le-cactus.jpg\",\"articleSection\":[\"Posts Fr\u00e8res Jumeaux De L'Essonnes:\"],\"inLanguage\":\"fr-FR\"},{\"@type\":\"WebPage\",\"@id\":\"https:\\\/\\\/jumeaux91.fr\\\/blog\\\/enceinte-apres-avoir-couche-avec-des-jumeaux-elle-ne-sait-pas-qui-est-le-pere-explications-avec-gaetan-delferiere-dans-le-cactus\\\/\",\"url\":\"https:\\\/\\\/jumeaux91.fr\\\/blog\\\/enceinte-apres-avoir-couche-avec-des-jumeaux-elle-ne-sait-pas-qui-est-le-pere-explications-avec-gaetan-delferiere-dans-le-cactus\\\/\",\"name\":\"Enceinte apr\u00e8s avoir couch\u00e9 avec des jumeaux, elle ne sait pas qui est le p\u00e8re : explications avec Ga\u00ebtan Delferi\u00e8re dans le Cactus - JUMEAUX91\",\"isPartOf\":{\"@id\":\"https:\\\/\\\/jumeaux91.fr\\\/blog\\\/#website\"},\"primaryImageOfPage\":{\"@id\":\"https:\\\/\\\/jumeaux91.fr\\\/blog\\\/enceinte-apres-avoir-couche-avec-des-jumeaux-elle-ne-sait-pas-qui-est-le-pere-explications-avec-gaetan-delferiere-dans-le-cactus\\\/#primaryimage\"},\"image\":{\"@id\":\"https:\\\/\\\/jumeaux91.fr\\\/blog\\\/enceinte-apres-avoir-couche-avec-des-jumeaux-elle-ne-sait-pas-qui-est-le-pere-explications-avec-gaetan-delferiere-dans-le-cactus\\\/#primaryimage\"},\"thumbnailUrl\":\"https:\\\/\\\/jumeaux91.fr\\\/blog\\\/wp-content\\\/uploads\\\/2026\\\/04\\\/enceinte-apres-avoir-couche-avec-des-jumeaux-elle-ne-sait-pas-qui-est-le-pere-explications-avec-gaetan-delferiere-dans-le-cactus.jpg\",\"datePublished\":\"2026-04-02T01:32:00+00:00\",\"breadcrumb\":{\"@id\":\"https:\\\/\\\/jumeaux91.fr\\\/blog\\\/enceinte-apres-avoir-couche-avec-des-jumeaux-elle-ne-sait-pas-qui-est-le-pere-explications-avec-gaetan-delferiere-dans-le-cactus\\\/#breadcrumb\"},\"inLanguage\":\"fr-FR\",\"potentialAction\":[{\"@type\":\"ReadAction\",\"target\":[\"https:\\\/\\\/jumeaux91.fr\\\/blog\\\/enceinte-apres-avoir-couche-avec-des-jumeaux-elle-ne-sait-pas-qui-est-le-pere-explications-avec-gaetan-delferiere-dans-le-cactus\\\/\"]}]},{\"@type\":\"ImageObject\",\"inLanguage\":\"fr-FR\",\"@id\":\"https:\\\/\\\/jumeaux91.fr\\\/blog\\\/enceinte-apres-avoir-couche-avec-des-jumeaux-elle-ne-sait-pas-qui-est-le-pere-explications-avec-gaetan-delferiere-dans-le-cactus\\\/#primaryimage\",\"url\":\"https:\\\/\\\/jumeaux91.fr\\\/blog\\\/wp-content\\\/uploads\\\/2026\\\/04\\\/enceinte-apres-avoir-couche-avec-des-jumeaux-elle-ne-sait-pas-qui-est-le-pere-explications-avec-gaetan-delferiere-dans-le-cactus.jpg\",\"contentUrl\":\"https:\\\/\\\/jumeaux91.fr\\\/blog\\\/wp-content\\\/uploads\\\/2026\\\/04\\\/enceinte-apres-avoir-couche-avec-des-jumeaux-elle-ne-sait-pas-qui-est-le-pere-explications-avec-gaetan-delferiere-dans-le-cactus.jpg\",\"width\":1920,\"height\":1080,\"caption\":\"Enceinte apr\u00e8s avoir couch\u00e9 avec des jumeaux, elle ne sait pas qui est le p\u00e8re : explications avec Ga\u00ebtan Delferi\u00e8re dans le Cactus\"},{\"@type\":\"BreadcrumbList\",\"@id\":\"https:\\\/\\\/jumeaux91.fr\\\/blog\\\/enceinte-apres-avoir-couche-avec-des-jumeaux-elle-ne-sait-pas-qui-est-le-pere-explications-avec-gaetan-delferiere-dans-le-cactus\\\/#breadcrumb\",\"itemListElement\":[{\"@type\":\"ListItem\",\"position\":1,\"name\":\"Accueil\",\"item\":\"https:\\\/\\\/jumeaux91.fr\\\/blog\\\/\"},{\"@type\":\"ListItem\",\"position\":2,\"name\":\"Enceinte apr\u00e8s avoir couch\u00e9 avec des jumeaux, elle ne sait pas qui est le p\u00e8re : explications avec Ga\u00ebtan Delferi\u00e8re dans le Cactus\"}]},{\"@type\":\"WebSite\",\"@id\":\"https:\\\/\\\/jumeaux91.fr\\\/blog\\\/#website\",\"url\":\"https:\\\/\\\/jumeaux91.fr\\\/blog\\\/\",\"name\":\"JUMEAUX91\",\"description\":\"Fr\u00e8res jumeaux de l&#039;Essonnes; informations et archives, \u00e0 savoir et retenir.\",\"publisher\":{\"@id\":\"https:\\\/\\\/jumeaux91.fr\\\/blog\\\/#organization\"},\"potentialAction\":[{\"@type\":\"SearchAction\",\"target\":{\"@type\":\"EntryPoint\",\"urlTemplate\":\"https:\\\/\\\/jumeaux91.fr\\\/blog\\\/?s={search_term_string}\"},\"query-input\":{\"@type\":\"PropertyValueSpecification\",\"valueRequired\":true,\"valueName\":\"search_term_string\"}}],\"inLanguage\":\"fr-FR\"},{\"@type\":\"Organization\",\"@id\":\"https:\\\/\\\/jumeaux91.fr\\\/blog\\\/#organization\",\"name\":\"jumeaux91\",\"url\":\"https:\\\/\\\/jumeaux91.fr\\\/blog\\\/\",\"logo\":{\"@type\":\"ImageObject\",\"inLanguage\":\"fr-FR\",\"@id\":\"https:\\\/\\\/jumeaux91.fr\\\/blog\\\/#\\\/schema\\\/logo\\\/image\\\/\",\"url\":\"https:\\\/\\\/jumeaux91.fr\\\/blog\\\/wp-content\\\/uploads\\\/2023\\\/05\\\/cropped-cropped-logoJ_91.png\",\"contentUrl\":\"https:\\\/\\\/jumeaux91.fr\\\/blog\\\/wp-content\\\/uploads\\\/2023\\\/05\\\/cropped-cropped-logoJ_91.png\",\"width\":512,\"height\":512,\"caption\":\"jumeaux91\"},\"image\":{\"@id\":\"https:\\\/\\\/jumeaux91.fr\\\/blog\\\/#\\\/schema\\\/logo\\\/image\\\/\"}},{\"@type\":\"Person\",\"@id\":\"https:\\\/\\\/jumeaux91.fr\\\/blog\\\/#\\\/schema\\\/person\\\/21da06e9f119b9f64e5d45dbbd32d3fb\",\"name\":\"Claude DAYRES\",\"image\":{\"@type\":\"ImageObject\",\"inLanguage\":\"fr-FR\",\"@id\":\"https:\\\/\\\/secure.gravatar.com\\\/avatar\\\/82eb951df6110a2c48d1bfa7a67d1ee6f0cd5df3cbf9c3586dd61e82db7172a5?s=96&d=mm&r=g\",\"url\":\"https:\\\/\\\/secure.gravatar.com\\\/avatar\\\/82eb951df6110a2c48d1bfa7a67d1ee6f0cd5df3cbf9c3586dd61e82db7172a5?s=96&d=mm&r=g\",\"contentUrl\":\"https:\\\/\\\/secure.gravatar.com\\\/avatar\\\/82eb951df6110a2c48d1bfa7a67d1ee6f0cd5df3cbf9c3586dd61e82db7172a5?s=96&d=mm&r=g\",\"caption\":\"Claude DAYRES\"},\"url\":\"https:\\\/\\\/jumeaux91.fr\\\/blog\\\/author\\\/x91claude\\\/\"}]}<\/script>\n<!-- \/ Yoast SEO plugin. -->","yoast_head_json":{"title":"Enceinte apr\u00e8s avoir couch\u00e9 avec des jumeaux, elle ne sait pas qui est le p\u00e8re : explications avec Ga\u00ebtan Delferi\u00e8re dans le Cactus - JUMEAUX91","robots":{"index":"index","follow":"follow","max-snippet":"max-snippet:-1","max-image-preview":"max-image-preview:large","max-video-preview":"max-video-preview:-1"},"canonical":"https:\/\/jumeaux91.fr\/blog\/enceinte-apres-avoir-couche-avec-des-jumeaux-elle-ne-sait-pas-qui-est-le-pere-explications-avec-gaetan-delferiere-dans-le-cactus\/","og_locale":"fr_FR","og_type":"article","og_title":"Enceinte apr\u00e8s avoir couch\u00e9 avec des jumeaux, elle ne sait pas qui est le p\u00e8re : explications avec Ga\u00ebtan Delferi\u00e8re dans le Cactus - JUMEAUX91","og_description":"C\u2019est une histoire digne des Feux de l\u2019Amour. Au Royaume Uni, une femme est tomb\u00e9e enceinte apr\u00e8s avoir eu des relations sexuelles avec des fr\u00e8res jumeaux \u00e0 quatre jours d\u2019intervalle. Aujourd\u2019hui, elle n\u2019a donc aucun moyen de savoir qui est le p\u00e8re de son enfant, les deux candidats potentiels ayant le m\u00eame ADN. Une affaire&hellip; Poursuivre la lecture Enceinte apr\u00e8s avoir couch\u00e9 avec des jumeaux, elle ne sait pas qui est le p\u00e8re : explications avec Ga\u00ebtan Delferi\u00e8re dans le Cactus","og_url":"https:\/\/jumeaux91.fr\/blog\/enceinte-apres-avoir-couche-avec-des-jumeaux-elle-ne-sait-pas-qui-est-le-pere-explications-avec-gaetan-delferiere-dans-le-cactus\/","og_site_name":"JUMEAUX91","article_published_time":"2026-04-02T01:32:00+00:00","og_image":[{"url":"https:\/\/jumeaux91.fr\/blog\/wp-content\/uploads\/2026\/04\/enceinte-apres-avoir-couche-avec-des-jumeaux-elle-ne-sait-pas-qui-est-le-pere-explications-avec-gaetan-delferiere-dans-le-cactus.jpg","type":"","width":"","height":""}],"author":"Claude DAYRES","twitter_card":"summary_large_image","twitter_misc":{"\u00c9crit par":"Claude DAYRES","Dur\u00e9e de lecture estim\u00e9e":"2 minutes"},"schema":{"@context":"https:\/\/schema.org","@graph":[{"@type":"Article","@id":"https:\/\/jumeaux91.fr\/blog\/enceinte-apres-avoir-couche-avec-des-jumeaux-elle-ne-sait-pas-qui-est-le-pere-explications-avec-gaetan-delferiere-dans-le-cactus\/#article","isPartOf":{"@id":"https:\/\/jumeaux91.fr\/blog\/enceinte-apres-avoir-couche-avec-des-jumeaux-elle-ne-sait-pas-qui-est-le-pere-explications-avec-gaetan-delferiere-dans-le-cactus\/"},"author":{"name":"Claude DAYRES","@id":"https:\/\/jumeaux91.fr\/blog\/#\/schema\/person\/21da06e9f119b9f64e5d45dbbd32d3fb"},"headline":"Enceinte apr\u00e8s avoir couch\u00e9 avec des jumeaux, elle ne sait pas qui est le p\u00e8re : explications avec Ga\u00ebtan Delferi\u00e8re dans le Cactus","datePublished":"2026-04-02T01:32:00+00:00","mainEntityOfPage":{"@id":"https:\/\/jumeaux91.fr\/blog\/enceinte-apres-avoir-couche-avec-des-jumeaux-elle-ne-sait-pas-qui-est-le-pere-explications-avec-gaetan-delferiere-dans-le-cactus\/"},"wordCount":492,"publisher":{"@id":"https:\/\/jumeaux91.fr\/blog\/#organization"},"image":{"@id":"https:\/\/jumeaux91.fr\/blog\/enceinte-apres-avoir-couche-avec-des-jumeaux-elle-ne-sait-pas-qui-est-le-pere-explications-avec-gaetan-delferiere-dans-le-cactus\/#primaryimage"},"thumbnailUrl":"https:\/\/jumeaux91.fr\/blog\/wp-content\/uploads\/2026\/04\/enceinte-apres-avoir-couche-avec-des-jumeaux-elle-ne-sait-pas-qui-est-le-pere-explications-avec-gaetan-delferiere-dans-le-cactus.jpg","articleSection":["Posts Fr\u00e8res Jumeaux De L'Essonnes:"],"inLanguage":"fr-FR"},{"@type":"WebPage","@id":"https:\/\/jumeaux91.fr\/blog\/enceinte-apres-avoir-couche-avec-des-jumeaux-elle-ne-sait-pas-qui-est-le-pere-explications-avec-gaetan-delferiere-dans-le-cactus\/","url":"https:\/\/jumeaux91.fr\/blog\/enceinte-apres-avoir-couche-avec-des-jumeaux-elle-ne-sait-pas-qui-est-le-pere-explications-avec-gaetan-delferiere-dans-le-cactus\/","name":"Enceinte apr\u00e8s avoir couch\u00e9 avec des jumeaux, elle ne sait pas qui est le p\u00e8re : explications avec Ga\u00ebtan Delferi\u00e8re dans le Cactus - JUMEAUX91","isPartOf":{"@id":"https:\/\/jumeaux91.fr\/blog\/#website"},"primaryImageOfPage":{"@id":"https:\/\/jumeaux91.fr\/blog\/enceinte-apres-avoir-couche-avec-des-jumeaux-elle-ne-sait-pas-qui-est-le-pere-explications-avec-gaetan-delferiere-dans-le-cactus\/#primaryimage"},"image":{"@id":"https:\/\/jumeaux91.fr\/blog\/enceinte-apres-avoir-couche-avec-des-jumeaux-elle-ne-sait-pas-qui-est-le-pere-explications-avec-gaetan-delferiere-dans-le-cactus\/#primaryimage"},"thumbnailUrl":"https:\/\/jumeaux91.fr\/blog\/wp-content\/uploads\/2026\/04\/enceinte-apres-avoir-couche-avec-des-jumeaux-elle-ne-sait-pas-qui-est-le-pere-explications-avec-gaetan-delferiere-dans-le-cactus.jpg","datePublished":"2026-04-02T01:32:00+00:00","breadcrumb":{"@id":"https:\/\/jumeaux91.fr\/blog\/enceinte-apres-avoir-couche-avec-des-jumeaux-elle-ne-sait-pas-qui-est-le-pere-explications-avec-gaetan-delferiere-dans-le-cactus\/#breadcrumb"},"inLanguage":"fr-FR","potentialAction":[{"@type":"ReadAction","target":["https:\/\/jumeaux91.fr\/blog\/enceinte-apres-avoir-couche-avec-des-jumeaux-elle-ne-sait-pas-qui-est-le-pere-explications-avec-gaetan-delferiere-dans-le-cactus\/"]}]},{"@type":"ImageObject","inLanguage":"fr-FR","@id":"https:\/\/jumeaux91.fr\/blog\/enceinte-apres-avoir-couche-avec-des-jumeaux-elle-ne-sait-pas-qui-est-le-pere-explications-avec-gaetan-delferiere-dans-le-cactus\/#primaryimage","url":"https:\/\/jumeaux91.fr\/blog\/wp-content\/uploads\/2026\/04\/enceinte-apres-avoir-couche-avec-des-jumeaux-elle-ne-sait-pas-qui-est-le-pere-explications-avec-gaetan-delferiere-dans-le-cactus.jpg","contentUrl":"https:\/\/jumeaux91.fr\/blog\/wp-content\/uploads\/2026\/04\/enceinte-apres-avoir-couche-avec-des-jumeaux-elle-ne-sait-pas-qui-est-le-pere-explications-avec-gaetan-delferiere-dans-le-cactus.jpg","width":1920,"height":1080,"caption":"Enceinte apr\u00e8s avoir couch\u00e9 avec des jumeaux, elle ne sait pas qui est le p\u00e8re : explications avec Ga\u00ebtan Delferi\u00e8re dans le Cactus"},{"@type":"BreadcrumbList","@id":"https:\/\/jumeaux91.fr\/blog\/enceinte-apres-avoir-couche-avec-des-jumeaux-elle-ne-sait-pas-qui-est-le-pere-explications-avec-gaetan-delferiere-dans-le-cactus\/#breadcrumb","itemListElement":[{"@type":"ListItem","position":1,"name":"Accueil","item":"https:\/\/jumeaux91.fr\/blog\/"},{"@type":"ListItem","position":2,"name":"Enceinte apr\u00e8s avoir couch\u00e9 avec des jumeaux, elle ne sait pas qui est le p\u00e8re : explications avec Ga\u00ebtan Delferi\u00e8re dans le Cactus"}]},{"@type":"WebSite","@id":"https:\/\/jumeaux91.fr\/blog\/#website","url":"https:\/\/jumeaux91.fr\/blog\/","name":"JUMEAUX91","description":"Fr\u00e8res jumeaux de l&#039;Essonnes; informations et archives, \u00e0 savoir et retenir.","publisher":{"@id":"https:\/\/jumeaux91.fr\/blog\/#organization"},"potentialAction":[{"@type":"SearchAction","target":{"@type":"EntryPoint","urlTemplate":"https:\/\/jumeaux91.fr\/blog\/?s={search_term_string}"},"query-input":{"@type":"PropertyValueSpecification","valueRequired":true,"valueName":"search_term_string"}}],"inLanguage":"fr-FR"},{"@type":"Organization","@id":"https:\/\/jumeaux91.fr\/blog\/#organization","name":"jumeaux91","url":"https:\/\/jumeaux91.fr\/blog\/","logo":{"@type":"ImageObject","inLanguage":"fr-FR","@id":"https:\/\/jumeaux91.fr\/blog\/#\/schema\/logo\/image\/","url":"https:\/\/jumeaux91.fr\/blog\/wp-content\/uploads\/2023\/05\/cropped-cropped-logoJ_91.png","contentUrl":"https:\/\/jumeaux91.fr\/blog\/wp-content\/uploads\/2023\/05\/cropped-cropped-logoJ_91.png","width":512,"height":512,"caption":"jumeaux91"},"image":{"@id":"https:\/\/jumeaux91.fr\/blog\/#\/schema\/logo\/image\/"}},{"@type":"Person","@id":"https:\/\/jumeaux91.fr\/blog\/#\/schema\/person\/21da06e9f119b9f64e5d45dbbd32d3fb","name":"Claude DAYRES","image":{"@type":"ImageObject","inLanguage":"fr-FR","@id":"https:\/\/secure.gravatar.com\/avatar\/82eb951df6110a2c48d1bfa7a67d1ee6f0cd5df3cbf9c3586dd61e82db7172a5?s=96&d=mm&r=g","url":"https:\/\/secure.gravatar.com\/avatar\/82eb951df6110a2c48d1bfa7a67d1ee6f0cd5df3cbf9c3586dd61e82db7172a5?s=96&d=mm&r=g","contentUrl":"https:\/\/secure.gravatar.com\/avatar\/82eb951df6110a2c48d1bfa7a67d1ee6f0cd5df3cbf9c3586dd61e82db7172a5?s=96&d=mm&r=g","caption":"Claude DAYRES"},"url":"https:\/\/jumeaux91.fr\/blog\/author\/x91claude\/"}]}},"_links":{"self":[{"href":"https:\/\/jumeaux91.fr\/blog\/wp-json\/wp\/v2\/posts\/2053","targetHints":{"allow":["GET"]}}],"collection":[{"href":"https:\/\/jumeaux91.fr\/blog\/wp-json\/wp\/v2\/posts"}],"about":[{"href":"https:\/\/jumeaux91.fr\/blog\/wp-json\/wp\/v2\/types\/post"}],"author":[{"embeddable":true,"href":"https:\/\/jumeaux91.fr\/blog\/wp-json\/wp\/v2\/users\/2"}],"replies":[{"embeddable":true,"href":"https:\/\/jumeaux91.fr\/blog\/wp-json\/wp\/v2\/comments?post=2053"}],"version-history":[{"count":0,"href":"https:\/\/jumeaux91.fr\/blog\/wp-json\/wp\/v2\/posts\/2053\/revisions"}],"wp:featuredmedia":[{"embeddable":true,"href":"https:\/\/jumeaux91.fr\/blog\/wp-json\/wp\/v2\/media\/2054"}],"wp:attachment":[{"href":"https:\/\/jumeaux91.fr\/blog\/wp-json\/wp\/v2\/media?parent=2053"}],"wp:term":[{"taxonomy":"category","embeddable":true,"href":"https:\/\/jumeaux91.fr\/blog\/wp-json\/wp\/v2\/categories?post=2053"},{"taxonomy":"post_tag","embeddable":true,"href":"https:\/\/jumeaux91.fr\/blog\/wp-json\/wp\/v2\/tags?post=2053"}],"curies":[{"name":"wp","href":"https:\/\/api.w.org\/{rel}","templated":true}]}}