{"id":2057,"date":"2026-04-02T08:14:00","date_gmt":"2026-04-02T06:14:00","guid":{"rendered":"https:\/\/jumeaux91.fr\/blog\/meurthe-et-moselle-les-jumeaux-ont-epouse-les-jumelles-les-quatre-sont-associes-et-voisins\/"},"modified":"2026-04-02T08:14:00","modified_gmt":"2026-04-02T06:14:00","slug":"meurthe-et-moselle-les-jumeaux-ont-epouse-les-jumelles-les-quatre-sont-associes-et-voisins","status":"publish","type":"post","link":"https:\/\/jumeaux91.fr\/blog\/meurthe-et-moselle-les-jumeaux-ont-epouse-les-jumelles-les-quatre-sont-associes-et-voisins\/","title":{"rendered":"Meurthe-et-Moselle Les jumeaux ont \u00e9pous\u00e9 les jumelles, les quatre sont associ\u00e9s et voisins"},"content":{"rendered":"<div><img decoding=\"async\" src=\"https:\/\/jumeaux91.fr\/blog\/wp-content\/uploads\/2026\/04\/meurthe-et-moselle-les-jumeaux-ont-epouse-les-jumelles-les-quatre-sont-associes-et-voisins.jpg\" class=\"ff-og-image-inserted\"><\/div>\n<div>\n<p>Apr\u00e8s un double coup de foudre au Salon de l&rsquo;agriculture en 2007, des fr\u00e8res jumeaux ont \u00e9pous\u00e9 des soeurs jumelles, rapportent nos confr\u00e8res de <a href=\"https:\/\/www.estrepublicain.fr\/societe\/2026\/04\/01\/insolite-a-ceintrey-ils-sont-jumeaux-et-jumelles-epoux-associes-et-voisins\" target=\"_blank\" rel=\"nofollow\"><i>L&rsquo;Est R\u00e9publicain<\/i><\/a><i>.<\/i><\/p>\n<\/div>\n<div>\n<p>Les deux couples,&nbsp;<span>Beno\u00eet et Emmanuelle d\u2019un c\u00f4t\u00e9, Xavier et Sarah de l\u2019autre, sont, 20 ans plus tard, \u00e0 la t\u00eate d&rsquo;une jardinerie pr\u00e8s de Nancy (Meurthe-et-Moselle), une affaire dans laquelle ils sont associ\u00e9s \u00e0 parts \u00e9gales. Les deux fr\u00e8res de 52 ans et les deux soeurs de 44 ans sont les heureux parents de quatre enfants au total : deux filles, de chaque c\u00f4t\u00e9, qui sont aujourd&rsquo;hui adolescentes.<\/span><span>&nbsp;Les s\u0153urs sont&nbsp;\u00e9videmment marraines de leurs filles respectives.<span>&nbsp;Et le soir, ils rentrent chacun dans leur maison&#8230; mitoyenne (bien entendu) d\u2019un village des environs du Saintois, en Lorraine.<\/span><\/span><\/p>\n<\/div>\n<div id>\n<div class=\"consentModule_text\">\n<p>Ce contenu est bloqu\u00e9 car vous n&rsquo;avez pas accept\u00e9 les cookies et autres traceurs.<\/p>\n<p>En cliquant sur <span class=\"bold\">\u00ab J\u2019accepte \u00bb<\/span>, les cookies et autres traceurs seront d\u00e9pos\u00e9s et vous pourrez visualiser les contenus <span class=\"consentModule_purpose\"><\/span> (<a href=\"https:\/\/www.ledauphine.com\/societe\/2026\/04\/02\/les-jumeaux-ont-epouse-les-jumelles-les-quatre-sont-associes-et-voisins\" class=\"consentModule_policy\" target=\"_blank\" title=\"Consulter la politique de protection des donn\u00e9es du fournisseur\" rel=\"nofollow\">plus d&rsquo;informations<\/a>).<\/p>\n<p>En cliquant sur <span class=\"bold\">\u00ab J\u2019accepte tous les cookies \u00bb<\/span>, vous autorisez des d\u00e9p\u00f4ts de cookies et autres traceurs pour le stockage de vos donn\u00e9es sur nos sites et applications \u00e0 des fins de personnalisation et de ciblage publicitaire.<\/p>\n<p class=\"consentModule_secondaryText\">Vous gardez la possibilit\u00e9 de retirer votre consentement \u00e0 tout moment en consultant notre <a href=\"https:\/\/www.ledauphine.com\/protection-des-donnees\" target=\"_blank\" title=\"Consulter notre politique de protection des donn\u00e9es\" rel=\"nofollow\">politique de protection des donn\u00e9es<\/a>. <br \/><a href=\"Didomi.notice.show()\" class=\"consentModule_cmp\" target=\"_blank\" rel=\"nofollow\">G\u00e9rer mes choix<\/a> <\/p>\n<p> <button class=\"acceptConsent\" id title=\"J'accepte\">J&rsquo;accepte<\/button> <button class=\"acceptAllConsent\" id title=\"J'accepte tous les cookies\">J&rsquo;accepte tous les cookies<\/button> <\/p>\n<\/p><\/div>\n<\/div>\n<div>\n<p><span><span>Pourtant, Sarah l&rsquo;assure : \u00ab&nbsp;Comme on savait ce que signifiait la particularit\u00e9 d\u2019\u00eatre jumelles, on s\u2019\u00e9tait toujours dit pendant l\u2019enfance qu\u2019on ne se sortirait jamais avec un jumeau.&nbsp;\u00bb<\/span><\/span><\/p>\n<\/div>\n<p>La chronique se veut g\u00e9n\u00e9r\u00e9e de la fa\u00e7on la plus claire que possible. Dans le cas o\u00f9 vous souhaitez pr\u00e9senter des renseignements compl\u00e9mentaires \u00e0 cet article sur le sujet \u00ab\u00a0Fr\u00e8res jumeaux de l&rsquo;Essonnes\u00a0\u00bb il vous est possible d\u2019\u00e9crire aux contacts indiqu\u00e9s sur notre website. La raison d\u2019\u00eatre de jumeaux91.fr \u00e9tant de rassembler sur le web des posts sur le sujet de Fr\u00e8res jumeaux de l&rsquo;Essonnes puis les diffuser en r\u00e9pondant au mieux aux interrogations des gens. Vous pouvez tirer profit de cet article traitant le sujet \u00ab\u00a0Fr\u00e8res jumeaux de l&rsquo;Essonnes\u00a0\u00bb. Il est concoct\u00e9 par l\u2019\u00e9quipe jumeaux91.fr. Prochainement, nous rendrons accessibles au public d&rsquo;autres informations pertinentes sur le sujet \u00ab\u00a0Fr\u00e8res jumeaux de l&rsquo;Essonnes\u00a0\u00bb. Alors, consultez syst\u00e9matiquement notre blog.<\/p>\n","protected":false},"excerpt":{"rendered":"<p>Apr\u00e8s un double coup de foudre au Salon de l&rsquo;agriculture en 2007, des fr\u00e8res jumeaux ont \u00e9pous\u00e9 des soeurs jumelles, rapportent nos confr\u00e8res de L&rsquo;Est R\u00e9publicain. Les deux couples,&nbsp;Beno\u00eet et Emmanuelle d\u2019un c\u00f4t\u00e9, Xavier et Sarah de l\u2019autre, sont, 20 ans plus tard, \u00e0 la t\u00eate d&rsquo;une jardinerie pr\u00e8s de Nancy (Meurthe-et-Moselle), une affaire dans&hellip; <a class=\"more-link\" href=\"https:\/\/jumeaux91.fr\/blog\/meurthe-et-moselle-les-jumeaux-ont-epouse-les-jumelles-les-quatre-sont-associes-et-voisins\/\">Poursuivre la lecture <span class=\"screen-reader-text\">Meurthe-et-Moselle Les jumeaux ont \u00e9pous\u00e9 les jumelles, les quatre sont associ\u00e9s et voisins<\/span><\/a><\/p>\n","protected":false},"author":2,"featured_media":2058,"comment_status":"closed","ping_status":"closed","sticky":false,"template":"","format":"standard","meta":{"footnotes":""},"categories":[4],"tags":[],"class_list":["post-2057","post","type-post","status-publish","format-standard","has-post-thumbnail","hentry","category-posts-freres-jumeaux-de-lessonnes","entry"],"yoast_head":"<!-- This site is optimized with the Yoast SEO plugin v27.5 - https:\/\/yoast.com\/product\/yoast-seo-wordpress\/ -->\n<title>Meurthe-et-Moselle Les jumeaux ont \u00e9pous\u00e9 les jumelles, les quatre sont associ\u00e9s et voisins - JUMEAUX91<\/title>\n<meta name=\"robots\" content=\"index, follow, max-snippet:-1, max-image-preview:large, max-video-preview:-1\" \/>\n<link rel=\"canonical\" href=\"https:\/\/jumeaux91.fr\/blog\/meurthe-et-moselle-les-jumeaux-ont-epouse-les-jumelles-les-quatre-sont-associes-et-voisins\/\" \/>\n<meta property=\"og:locale\" content=\"fr_FR\" \/>\n<meta property=\"og:type\" content=\"article\" \/>\n<meta property=\"og:title\" content=\"Meurthe-et-Moselle Les jumeaux ont \u00e9pous\u00e9 les jumelles, les quatre sont associ\u00e9s et voisins - JUMEAUX91\" \/>\n<meta property=\"og:description\" content=\"Apr\u00e8s un double coup de foudre au Salon de l&rsquo;agriculture en 2007, des fr\u00e8res jumeaux ont \u00e9pous\u00e9 des soeurs jumelles, rapportent nos confr\u00e8res de L&rsquo;Est R\u00e9publicain. Les deux couples,&nbsp;Beno\u00eet et Emmanuelle d\u2019un c\u00f4t\u00e9, Xavier et Sarah de l\u2019autre, sont, 20 ans plus tard, \u00e0 la t\u00eate d&rsquo;une jardinerie pr\u00e8s de Nancy (Meurthe-et-Moselle), une affaire dans&hellip; Poursuivre la lecture Meurthe-et-Moselle Les jumeaux ont \u00e9pous\u00e9 les jumelles, les quatre sont associ\u00e9s et voisins\" \/>\n<meta property=\"og:url\" content=\"https:\/\/jumeaux91.fr\/blog\/meurthe-et-moselle-les-jumeaux-ont-epouse-les-jumelles-les-quatre-sont-associes-et-voisins\/\" \/>\n<meta property=\"og:site_name\" content=\"JUMEAUX91\" \/>\n<meta property=\"article:published_time\" content=\"2026-04-02T06:14:00+00:00\" \/>\n<meta property=\"og:image\" content=\"https:\/\/jumeaux91.fr\/blog\/wp-content\/uploads\/2026\/04\/meurthe-et-moselle-les-jumeaux-ont-epouse-les-jumelles-les-quatre-sont-associes-et-voisins.jpg\" \/>\n<meta name=\"author\" content=\"Claude DAYRES\" \/>\n<meta name=\"twitter:card\" content=\"summary_large_image\" \/>\n<meta name=\"twitter:label1\" content=\"\u00c9crit par\" \/>\n\t<meta name=\"twitter:data1\" content=\"Claude DAYRES\" \/>\n\t<meta name=\"twitter:label2\" content=\"Dur\u00e9e de lecture estim\u00e9e\" \/>\n\t<meta name=\"twitter:data2\" content=\"2 minutes\" \/>\n<script type=\"application\/ld+json\" class=\"yoast-schema-graph\">{\"@context\":\"https:\\\/\\\/schema.org\",\"@graph\":[{\"@type\":\"Article\",\"@id\":\"https:\\\/\\\/jumeaux91.fr\\\/blog\\\/meurthe-et-moselle-les-jumeaux-ont-epouse-les-jumelles-les-quatre-sont-associes-et-voisins\\\/#article\",\"isPartOf\":{\"@id\":\"https:\\\/\\\/jumeaux91.fr\\\/blog\\\/meurthe-et-moselle-les-jumeaux-ont-epouse-les-jumelles-les-quatre-sont-associes-et-voisins\\\/\"},\"author\":{\"name\":\"Claude DAYRES\",\"@id\":\"https:\\\/\\\/jumeaux91.fr\\\/blog\\\/#\\\/schema\\\/person\\\/21da06e9f119b9f64e5d45dbbd32d3fb\"},\"headline\":\"Meurthe-et-Moselle Les jumeaux ont \u00e9pous\u00e9 les jumelles, les quatre sont associ\u00e9s et voisins\",\"datePublished\":\"2026-04-02T06:14:00+00:00\",\"mainEntityOfPage\":{\"@id\":\"https:\\\/\\\/jumeaux91.fr\\\/blog\\\/meurthe-et-moselle-les-jumeaux-ont-epouse-les-jumelles-les-quatre-sont-associes-et-voisins\\\/\"},\"wordCount\":434,\"publisher\":{\"@id\":\"https:\\\/\\\/jumeaux91.fr\\\/blog\\\/#organization\"},\"image\":{\"@id\":\"https:\\\/\\\/jumeaux91.fr\\\/blog\\\/meurthe-et-moselle-les-jumeaux-ont-epouse-les-jumelles-les-quatre-sont-associes-et-voisins\\\/#primaryimage\"},\"thumbnailUrl\":\"https:\\\/\\\/jumeaux91.fr\\\/blog\\\/wp-content\\\/uploads\\\/2026\\\/04\\\/meurthe-et-moselle-les-jumeaux-ont-epouse-les-jumelles-les-quatre-sont-associes-et-voisins.jpg\",\"articleSection\":[\"Posts Fr\u00e8res Jumeaux De L'Essonnes:\"],\"inLanguage\":\"fr-FR\"},{\"@type\":\"WebPage\",\"@id\":\"https:\\\/\\\/jumeaux91.fr\\\/blog\\\/meurthe-et-moselle-les-jumeaux-ont-epouse-les-jumelles-les-quatre-sont-associes-et-voisins\\\/\",\"url\":\"https:\\\/\\\/jumeaux91.fr\\\/blog\\\/meurthe-et-moselle-les-jumeaux-ont-epouse-les-jumelles-les-quatre-sont-associes-et-voisins\\\/\",\"name\":\"Meurthe-et-Moselle Les jumeaux ont \u00e9pous\u00e9 les jumelles, les quatre sont associ\u00e9s et voisins - JUMEAUX91\",\"isPartOf\":{\"@id\":\"https:\\\/\\\/jumeaux91.fr\\\/blog\\\/#website\"},\"primaryImageOfPage\":{\"@id\":\"https:\\\/\\\/jumeaux91.fr\\\/blog\\\/meurthe-et-moselle-les-jumeaux-ont-epouse-les-jumelles-les-quatre-sont-associes-et-voisins\\\/#primaryimage\"},\"image\":{\"@id\":\"https:\\\/\\\/jumeaux91.fr\\\/blog\\\/meurthe-et-moselle-les-jumeaux-ont-epouse-les-jumelles-les-quatre-sont-associes-et-voisins\\\/#primaryimage\"},\"thumbnailUrl\":\"https:\\\/\\\/jumeaux91.fr\\\/blog\\\/wp-content\\\/uploads\\\/2026\\\/04\\\/meurthe-et-moselle-les-jumeaux-ont-epouse-les-jumelles-les-quatre-sont-associes-et-voisins.jpg\",\"datePublished\":\"2026-04-02T06:14:00+00:00\",\"breadcrumb\":{\"@id\":\"https:\\\/\\\/jumeaux91.fr\\\/blog\\\/meurthe-et-moselle-les-jumeaux-ont-epouse-les-jumelles-les-quatre-sont-associes-et-voisins\\\/#breadcrumb\"},\"inLanguage\":\"fr-FR\",\"potentialAction\":[{\"@type\":\"ReadAction\",\"target\":[\"https:\\\/\\\/jumeaux91.fr\\\/blog\\\/meurthe-et-moselle-les-jumeaux-ont-epouse-les-jumelles-les-quatre-sont-associes-et-voisins\\\/\"]}]},{\"@type\":\"ImageObject\",\"inLanguage\":\"fr-FR\",\"@id\":\"https:\\\/\\\/jumeaux91.fr\\\/blog\\\/meurthe-et-moselle-les-jumeaux-ont-epouse-les-jumelles-les-quatre-sont-associes-et-voisins\\\/#primaryimage\",\"url\":\"https:\\\/\\\/jumeaux91.fr\\\/blog\\\/wp-content\\\/uploads\\\/2026\\\/04\\\/meurthe-et-moselle-les-jumeaux-ont-epouse-les-jumelles-les-quatre-sont-associes-et-voisins.jpg\",\"contentUrl\":\"https:\\\/\\\/jumeaux91.fr\\\/blog\\\/wp-content\\\/uploads\\\/2026\\\/04\\\/meurthe-et-moselle-les-jumeaux-ont-epouse-les-jumelles-les-quatre-sont-associes-et-voisins.jpg\",\"width\":1200,\"height\":630,\"caption\":\"Meurthe et Moselle Les jumeaux ont \u00e9pous\u00e9 les jumelles, les quatre sont associ\u00e9s et voisins\"},{\"@type\":\"BreadcrumbList\",\"@id\":\"https:\\\/\\\/jumeaux91.fr\\\/blog\\\/meurthe-et-moselle-les-jumeaux-ont-epouse-les-jumelles-les-quatre-sont-associes-et-voisins\\\/#breadcrumb\",\"itemListElement\":[{\"@type\":\"ListItem\",\"position\":1,\"name\":\"Accueil\",\"item\":\"https:\\\/\\\/jumeaux91.fr\\\/blog\\\/\"},{\"@type\":\"ListItem\",\"position\":2,\"name\":\"Meurthe-et-Moselle Les jumeaux ont \u00e9pous\u00e9 les jumelles, les quatre sont associ\u00e9s et voisins\"}]},{\"@type\":\"WebSite\",\"@id\":\"https:\\\/\\\/jumeaux91.fr\\\/blog\\\/#website\",\"url\":\"https:\\\/\\\/jumeaux91.fr\\\/blog\\\/\",\"name\":\"JUMEAUX91\",\"description\":\"Fr\u00e8res jumeaux de l&#039;Essonnes; informations et archives, \u00e0 savoir et retenir.\",\"publisher\":{\"@id\":\"https:\\\/\\\/jumeaux91.fr\\\/blog\\\/#organization\"},\"potentialAction\":[{\"@type\":\"SearchAction\",\"target\":{\"@type\":\"EntryPoint\",\"urlTemplate\":\"https:\\\/\\\/jumeaux91.fr\\\/blog\\\/?s={search_term_string}\"},\"query-input\":{\"@type\":\"PropertyValueSpecification\",\"valueRequired\":true,\"valueName\":\"search_term_string\"}}],\"inLanguage\":\"fr-FR\"},{\"@type\":\"Organization\",\"@id\":\"https:\\\/\\\/jumeaux91.fr\\\/blog\\\/#organization\",\"name\":\"jumeaux91\",\"url\":\"https:\\\/\\\/jumeaux91.fr\\\/blog\\\/\",\"logo\":{\"@type\":\"ImageObject\",\"inLanguage\":\"fr-FR\",\"@id\":\"https:\\\/\\\/jumeaux91.fr\\\/blog\\\/#\\\/schema\\\/logo\\\/image\\\/\",\"url\":\"https:\\\/\\\/jumeaux91.fr\\\/blog\\\/wp-content\\\/uploads\\\/2023\\\/05\\\/cropped-cropped-logoJ_91.png\",\"contentUrl\":\"https:\\\/\\\/jumeaux91.fr\\\/blog\\\/wp-content\\\/uploads\\\/2023\\\/05\\\/cropped-cropped-logoJ_91.png\",\"width\":512,\"height\":512,\"caption\":\"jumeaux91\"},\"image\":{\"@id\":\"https:\\\/\\\/jumeaux91.fr\\\/blog\\\/#\\\/schema\\\/logo\\\/image\\\/\"}},{\"@type\":\"Person\",\"@id\":\"https:\\\/\\\/jumeaux91.fr\\\/blog\\\/#\\\/schema\\\/person\\\/21da06e9f119b9f64e5d45dbbd32d3fb\",\"name\":\"Claude DAYRES\",\"image\":{\"@type\":\"ImageObject\",\"inLanguage\":\"fr-FR\",\"@id\":\"https:\\\/\\\/secure.gravatar.com\\\/avatar\\\/82eb951df6110a2c48d1bfa7a67d1ee6f0cd5df3cbf9c3586dd61e82db7172a5?s=96&d=mm&r=g\",\"url\":\"https:\\\/\\\/secure.gravatar.com\\\/avatar\\\/82eb951df6110a2c48d1bfa7a67d1ee6f0cd5df3cbf9c3586dd61e82db7172a5?s=96&d=mm&r=g\",\"contentUrl\":\"https:\\\/\\\/secure.gravatar.com\\\/avatar\\\/82eb951df6110a2c48d1bfa7a67d1ee6f0cd5df3cbf9c3586dd61e82db7172a5?s=96&d=mm&r=g\",\"caption\":\"Claude DAYRES\"},\"url\":\"https:\\\/\\\/jumeaux91.fr\\\/blog\\\/author\\\/x91claude\\\/\"}]}<\/script>\n<!-- \/ Yoast SEO plugin. -->","yoast_head_json":{"title":"Meurthe-et-Moselle Les jumeaux ont \u00e9pous\u00e9 les jumelles, les quatre sont associ\u00e9s et voisins - JUMEAUX91","robots":{"index":"index","follow":"follow","max-snippet":"max-snippet:-1","max-image-preview":"max-image-preview:large","max-video-preview":"max-video-preview:-1"},"canonical":"https:\/\/jumeaux91.fr\/blog\/meurthe-et-moselle-les-jumeaux-ont-epouse-les-jumelles-les-quatre-sont-associes-et-voisins\/","og_locale":"fr_FR","og_type":"article","og_title":"Meurthe-et-Moselle Les jumeaux ont \u00e9pous\u00e9 les jumelles, les quatre sont associ\u00e9s et voisins - JUMEAUX91","og_description":"Apr\u00e8s un double coup de foudre au Salon de l&rsquo;agriculture en 2007, des fr\u00e8res jumeaux ont \u00e9pous\u00e9 des soeurs jumelles, rapportent nos confr\u00e8res de L&rsquo;Est R\u00e9publicain. Les deux couples,&nbsp;Beno\u00eet et Emmanuelle d\u2019un c\u00f4t\u00e9, Xavier et Sarah de l\u2019autre, sont, 20 ans plus tard, \u00e0 la t\u00eate d&rsquo;une jardinerie pr\u00e8s de Nancy (Meurthe-et-Moselle), une affaire dans&hellip; Poursuivre la lecture Meurthe-et-Moselle Les jumeaux ont \u00e9pous\u00e9 les jumelles, les quatre sont associ\u00e9s et voisins","og_url":"https:\/\/jumeaux91.fr\/blog\/meurthe-et-moselle-les-jumeaux-ont-epouse-les-jumelles-les-quatre-sont-associes-et-voisins\/","og_site_name":"JUMEAUX91","article_published_time":"2026-04-02T06:14:00+00:00","og_image":[{"url":"https:\/\/jumeaux91.fr\/blog\/wp-content\/uploads\/2026\/04\/meurthe-et-moselle-les-jumeaux-ont-epouse-les-jumelles-les-quatre-sont-associes-et-voisins.jpg","type":"","width":"","height":""}],"author":"Claude DAYRES","twitter_card":"summary_large_image","twitter_misc":{"\u00c9crit par":"Claude DAYRES","Dur\u00e9e de lecture estim\u00e9e":"2 minutes"},"schema":{"@context":"https:\/\/schema.org","@graph":[{"@type":"Article","@id":"https:\/\/jumeaux91.fr\/blog\/meurthe-et-moselle-les-jumeaux-ont-epouse-les-jumelles-les-quatre-sont-associes-et-voisins\/#article","isPartOf":{"@id":"https:\/\/jumeaux91.fr\/blog\/meurthe-et-moselle-les-jumeaux-ont-epouse-les-jumelles-les-quatre-sont-associes-et-voisins\/"},"author":{"name":"Claude DAYRES","@id":"https:\/\/jumeaux91.fr\/blog\/#\/schema\/person\/21da06e9f119b9f64e5d45dbbd32d3fb"},"headline":"Meurthe-et-Moselle Les jumeaux ont \u00e9pous\u00e9 les jumelles, les quatre sont associ\u00e9s et voisins","datePublished":"2026-04-02T06:14:00+00:00","mainEntityOfPage":{"@id":"https:\/\/jumeaux91.fr\/blog\/meurthe-et-moselle-les-jumeaux-ont-epouse-les-jumelles-les-quatre-sont-associes-et-voisins\/"},"wordCount":434,"publisher":{"@id":"https:\/\/jumeaux91.fr\/blog\/#organization"},"image":{"@id":"https:\/\/jumeaux91.fr\/blog\/meurthe-et-moselle-les-jumeaux-ont-epouse-les-jumelles-les-quatre-sont-associes-et-voisins\/#primaryimage"},"thumbnailUrl":"https:\/\/jumeaux91.fr\/blog\/wp-content\/uploads\/2026\/04\/meurthe-et-moselle-les-jumeaux-ont-epouse-les-jumelles-les-quatre-sont-associes-et-voisins.jpg","articleSection":["Posts Fr\u00e8res Jumeaux De L'Essonnes:"],"inLanguage":"fr-FR"},{"@type":"WebPage","@id":"https:\/\/jumeaux91.fr\/blog\/meurthe-et-moselle-les-jumeaux-ont-epouse-les-jumelles-les-quatre-sont-associes-et-voisins\/","url":"https:\/\/jumeaux91.fr\/blog\/meurthe-et-moselle-les-jumeaux-ont-epouse-les-jumelles-les-quatre-sont-associes-et-voisins\/","name":"Meurthe-et-Moselle Les jumeaux ont \u00e9pous\u00e9 les jumelles, les quatre sont associ\u00e9s et voisins - JUMEAUX91","isPartOf":{"@id":"https:\/\/jumeaux91.fr\/blog\/#website"},"primaryImageOfPage":{"@id":"https:\/\/jumeaux91.fr\/blog\/meurthe-et-moselle-les-jumeaux-ont-epouse-les-jumelles-les-quatre-sont-associes-et-voisins\/#primaryimage"},"image":{"@id":"https:\/\/jumeaux91.fr\/blog\/meurthe-et-moselle-les-jumeaux-ont-epouse-les-jumelles-les-quatre-sont-associes-et-voisins\/#primaryimage"},"thumbnailUrl":"https:\/\/jumeaux91.fr\/blog\/wp-content\/uploads\/2026\/04\/meurthe-et-moselle-les-jumeaux-ont-epouse-les-jumelles-les-quatre-sont-associes-et-voisins.jpg","datePublished":"2026-04-02T06:14:00+00:00","breadcrumb":{"@id":"https:\/\/jumeaux91.fr\/blog\/meurthe-et-moselle-les-jumeaux-ont-epouse-les-jumelles-les-quatre-sont-associes-et-voisins\/#breadcrumb"},"inLanguage":"fr-FR","potentialAction":[{"@type":"ReadAction","target":["https:\/\/jumeaux91.fr\/blog\/meurthe-et-moselle-les-jumeaux-ont-epouse-les-jumelles-les-quatre-sont-associes-et-voisins\/"]}]},{"@type":"ImageObject","inLanguage":"fr-FR","@id":"https:\/\/jumeaux91.fr\/blog\/meurthe-et-moselle-les-jumeaux-ont-epouse-les-jumelles-les-quatre-sont-associes-et-voisins\/#primaryimage","url":"https:\/\/jumeaux91.fr\/blog\/wp-content\/uploads\/2026\/04\/meurthe-et-moselle-les-jumeaux-ont-epouse-les-jumelles-les-quatre-sont-associes-et-voisins.jpg","contentUrl":"https:\/\/jumeaux91.fr\/blog\/wp-content\/uploads\/2026\/04\/meurthe-et-moselle-les-jumeaux-ont-epouse-les-jumelles-les-quatre-sont-associes-et-voisins.jpg","width":1200,"height":630,"caption":"Meurthe et Moselle Les jumeaux ont \u00e9pous\u00e9 les jumelles, les quatre sont associ\u00e9s et voisins"},{"@type":"BreadcrumbList","@id":"https:\/\/jumeaux91.fr\/blog\/meurthe-et-moselle-les-jumeaux-ont-epouse-les-jumelles-les-quatre-sont-associes-et-voisins\/#breadcrumb","itemListElement":[{"@type":"ListItem","position":1,"name":"Accueil","item":"https:\/\/jumeaux91.fr\/blog\/"},{"@type":"ListItem","position":2,"name":"Meurthe-et-Moselle Les jumeaux ont \u00e9pous\u00e9 les jumelles, les quatre sont associ\u00e9s et voisins"}]},{"@type":"WebSite","@id":"https:\/\/jumeaux91.fr\/blog\/#website","url":"https:\/\/jumeaux91.fr\/blog\/","name":"JUMEAUX91","description":"Fr\u00e8res jumeaux de l&#039;Essonnes; informations et archives, \u00e0 savoir et retenir.","publisher":{"@id":"https:\/\/jumeaux91.fr\/blog\/#organization"},"potentialAction":[{"@type":"SearchAction","target":{"@type":"EntryPoint","urlTemplate":"https:\/\/jumeaux91.fr\/blog\/?s={search_term_string}"},"query-input":{"@type":"PropertyValueSpecification","valueRequired":true,"valueName":"search_term_string"}}],"inLanguage":"fr-FR"},{"@type":"Organization","@id":"https:\/\/jumeaux91.fr\/blog\/#organization","name":"jumeaux91","url":"https:\/\/jumeaux91.fr\/blog\/","logo":{"@type":"ImageObject","inLanguage":"fr-FR","@id":"https:\/\/jumeaux91.fr\/blog\/#\/schema\/logo\/image\/","url":"https:\/\/jumeaux91.fr\/blog\/wp-content\/uploads\/2023\/05\/cropped-cropped-logoJ_91.png","contentUrl":"https:\/\/jumeaux91.fr\/blog\/wp-content\/uploads\/2023\/05\/cropped-cropped-logoJ_91.png","width":512,"height":512,"caption":"jumeaux91"},"image":{"@id":"https:\/\/jumeaux91.fr\/blog\/#\/schema\/logo\/image\/"}},{"@type":"Person","@id":"https:\/\/jumeaux91.fr\/blog\/#\/schema\/person\/21da06e9f119b9f64e5d45dbbd32d3fb","name":"Claude DAYRES","image":{"@type":"ImageObject","inLanguage":"fr-FR","@id":"https:\/\/secure.gravatar.com\/avatar\/82eb951df6110a2c48d1bfa7a67d1ee6f0cd5df3cbf9c3586dd61e82db7172a5?s=96&d=mm&r=g","url":"https:\/\/secure.gravatar.com\/avatar\/82eb951df6110a2c48d1bfa7a67d1ee6f0cd5df3cbf9c3586dd61e82db7172a5?s=96&d=mm&r=g","contentUrl":"https:\/\/secure.gravatar.com\/avatar\/82eb951df6110a2c48d1bfa7a67d1ee6f0cd5df3cbf9c3586dd61e82db7172a5?s=96&d=mm&r=g","caption":"Claude DAYRES"},"url":"https:\/\/jumeaux91.fr\/blog\/author\/x91claude\/"}]}},"_links":{"self":[{"href":"https:\/\/jumeaux91.fr\/blog\/wp-json\/wp\/v2\/posts\/2057","targetHints":{"allow":["GET"]}}],"collection":[{"href":"https:\/\/jumeaux91.fr\/blog\/wp-json\/wp\/v2\/posts"}],"about":[{"href":"https:\/\/jumeaux91.fr\/blog\/wp-json\/wp\/v2\/types\/post"}],"author":[{"embeddable":true,"href":"https:\/\/jumeaux91.fr\/blog\/wp-json\/wp\/v2\/users\/2"}],"replies":[{"embeddable":true,"href":"https:\/\/jumeaux91.fr\/blog\/wp-json\/wp\/v2\/comments?post=2057"}],"version-history":[{"count":0,"href":"https:\/\/jumeaux91.fr\/blog\/wp-json\/wp\/v2\/posts\/2057\/revisions"}],"wp:featuredmedia":[{"embeddable":true,"href":"https:\/\/jumeaux91.fr\/blog\/wp-json\/wp\/v2\/media\/2058"}],"wp:attachment":[{"href":"https:\/\/jumeaux91.fr\/blog\/wp-json\/wp\/v2\/media?parent=2057"}],"wp:term":[{"taxonomy":"category","embeddable":true,"href":"https:\/\/jumeaux91.fr\/blog\/wp-json\/wp\/v2\/categories?post=2057"},{"taxonomy":"post_tag","embeddable":true,"href":"https:\/\/jumeaux91.fr\/blog\/wp-json\/wp\/v2\/tags?post=2057"}],"curies":[{"name":"wp","href":"https:\/\/api.w.org\/{rel}","templated":true}]}}