{"id":2070,"date":"2026-04-12T00:30:00","date_gmt":"2026-04-11T22:30:00","guid":{"rendered":"https:\/\/jumeaux91.fr\/blog\/de-lexil-pakistanais-a-la-tete-dun-petit-empire-de-superettes-a-toulouse-la-success-story-de-ces-deux-jumeaux-de-26-ans\/"},"modified":"2026-04-12T00:30:00","modified_gmt":"2026-04-11T22:30:00","slug":"de-lexil-pakistanais-a-la-tete-dun-petit-empire-de-superettes-a-toulouse-la-success-story-de-ces-deux-jumeaux-de-26-ans","status":"publish","type":"post","link":"https:\/\/jumeaux91.fr\/blog\/de-lexil-pakistanais-a-la-tete-dun-petit-empire-de-superettes-a-toulouse-la-success-story-de-ces-deux-jumeaux-de-26-ans\/","title":{"rendered":"De l\u2019exil pakistanais \u00e0 la t\u00eate d\u2019un petit empire de sup\u00e9rettes \u00e0 Toulouse : la success-story de ces deux jumeaux de 26 ans"},"content":{"rendered":"<p> <span class=\"article-full__chapo-label hide-on-small-only\">l&rsquo;essentiel<\/span> PORTRAIT. Partis de rien, Saqlain et Hussnain, des jumeaux d\u2019origine pakistanaise \u00e2g\u00e9s de 26 ans, ont construit un v\u00e9ritable petit empire de sup\u00e9rettes \u00e0 Toulouse. Pass\u00e9s par Airbus et Air France, ils sont maintenant tous deux \u00e0 la t\u00eate de quatre \u00e9tablissements et viennent de lancer leur boisson \u00e9nergisante. Leur success-story. <\/p>\n<div data-state=\"fixed-height\" data-selection=\"disabled\"> <!-- Pub DFP Position [outstream] --> <\/p>\n<p>Ils n\u2019avaient que 16 ans lorsque Saqlain et Hussnain, des jumeaux d\u2019origine pakistanaise, sont arriv\u00e9s en France. Un d\u00e9m\u00e9nagement d\u00e9cid\u00e9 par leur p\u00e8re pour une raison bien particuli\u00e8re&nbsp;: leur passion commune pour les avions.<\/p>\n<p><!-- Pub DFP Position [article] --> <\/p>\n<p>\u00ab\u00a0On a toujours \u00e9t\u00e9 passionn\u00e9s. D\u00e9j\u00e0 au Pakistan, quand on voyait des avions dans le ciel, on se disait qu\u2019on voulait en construire\u00a0\u00bb, raconte Hussnain. Touch\u00e9 par l\u2019enthousiasme de ses fils, leur p\u00e8re choisit de s\u2019installer en Europe, les menant \u00e0 travers plusieurs pays avant de se rapprocher de la capitale de l\u2019a\u00e9ronautique&nbsp;: Toulouse.<\/p>\n<p>C\u2019est l\u00e0 que les deux fr\u00e8res poursuivent leur scolarit\u00e9. Ils int\u00e8grent d\u2019abord le coll\u00e8ge Toulouse-Lautrec, o\u00f9 ils doivent apprendre le fran\u00e7ais, avant de rejoindre le lyc\u00e9e. Et pas n\u2019importe lequel&nbsp;: le lyc\u00e9e Airbus.&nbsp;<\/p>\n<p>\u00ab\u00a0C\u2019est gr\u00e2ce \u00e0 notre professeur de technologie que nous avons pu y entrer. Il nous a accompagn\u00e9s, aid\u00e9s \u00e0 pr\u00e9parer nos CV et nos lettres de motivation\u00a0\u00bb, explique l\u2019un d\u2019eux.<\/p>\n<h2 class=\"txt-int\">Une entr\u00e9e remarqu\u00e9e au lyc\u00e9e Airbus<\/h2>\n<p>\u00ab\u00a0Nous avons pass\u00e9 les concours et, sur pr\u00e8s de 1&nbsp;000 candidatures, nous avons \u00e9t\u00e9 retenus. Nous \u00e9tions fiers d\u2019\u00eatre les premiers \u00e9l\u00e8ves \u00e9trangers du lyc\u00e9e\u00a0\u00bb, confie Saqlain. Les deux fr\u00e8res r\u00e9ussissent brillamment les \u00e9preuves \u00e9crites, au point d\u2019\u00eatre admissibles avant m\u00eame les oraux.<\/p>\n<p>Mais leur parcours se complique rapidement. Ils redoublent leur seconde, non pas en raison de leurs r\u00e9sultats scolaires, mais \u00e0 cause de leur ma\u00eetrise encore fragile du fran\u00e7ais. Apr\u00e8s leur passage en premi\u00e8re, ils sont finalement orient\u00e9s vers un CAP a\u00e9ronautique, option avionique. \u00ab\u00a0On ne nous a pas laiss\u00e9 le choix de continuer dans la fili\u00e8re g\u00e9n\u00e9rale parce qu\u2019on ne parlait pas suffisamment bien fran\u00e7ais. Le lyc\u00e9e estimait que nous faire redoubler encore co\u00fbterait trop cher\u00a0\u00bb, regrettent-ils.<\/p>\n<h2 class=\"txt-int\">De l\u2019a\u00e9ronautique au commerce<\/h2>\n<p>Malgr\u00e9 ces obstacles, Saqlain et Hussnain poursuivent leur formation et d\u00e9crochent un emploi chez un sous-traitant du secteur a\u00e9ronautique. Leur trajectoire semble toute trac\u00e9e, jusqu\u2019\u00e0 la crise sanitaire.<br \/>\u00ab\u00a0Avec le Covid, nous avons \u00e9t\u00e9 licenci\u00e9s tous les deux. Cela nous a pouss\u00e9s \u00e0 r\u00e9fl\u00e9chir \u00e0 notre avenir. L\u2019id\u00e9e de devenir nos propres patrons s\u2019est impos\u00e9e progressivement.\u00a0\u00bb<\/p>\n<p>Attir\u00e9s par le commerce, ils envisagent d\u2019ouvrir une franchise de sup\u00e9rette. Mais faute de moyens financiers, ils encha\u00eenent les missions pour constituer un capital&nbsp;: int\u00e9rim, retour temporaire chez Airbus, puis postes d\u2019agents d\u2019escale chez Air France.<\/p>\n<h2 class=\"txt-int\">Une ascension rapide<\/h2>\n<p>Leur pers\u00e9v\u00e9rance finit par payer. En 2024, ils ouvrent leur premi\u00e8re franchise, rue des Pharaons \u00e0 Toulouse. \u00ab\u00a0On g\u00e9rait tout \u00e0 deux. L\u2019un commen\u00e7ait \u00e0 5&nbsp;heures du matin, l\u2019autre prenait le relais jusqu\u2019\u00e0 4&nbsp;heures le lendemain.\u00a0\u00bb Le succ\u00e8s est rapide, avec un chiffre d\u2019affaires en constante progression.<\/p>\n<p>La m\u00eame ann\u00e9e, ils reprennent une deuxi\u00e8me boutique rue des Pr\u00eatres, puis une troisi\u00e8me place Dupuy il y a un an, et enfin une quatri\u00e8me rue de la Colombette, il y a quatre mois. Aujourd\u2019hui, les deux entrepreneurs dirigent une \u00e9quipe d\u2019une trentaine de salari\u00e9s. \u00ab\u00a0On forme aussi des stagiaires et des personnes qui souhaitent, comme nous, se lancer dans la franchise\u00a0\u00bb, expliquent-ils avec fiert\u00e9.<\/p>\n<h2 class=\"txt-int\">Une nouvelle ambition&nbsp;: leur propre boisson<\/h2>\n<p>Mais leur ambition ne s\u2019arr\u00eate pas l\u00e0. Entre l\u2019ouverture de leurs troisi\u00e8me et quatri\u00e8me magasins, ils lancent un nouveau projet&nbsp;: une boisson \u00e9nergisante baptis\u00e9e Fusyo. \u00ab\u00a0Notre culture nous pousse \u00e0 ne jamais nous arr\u00eater. On sait que c\u2019est maintenant que tout se joue\u00a0\u00bb, affirme Hussnain.<\/p>\n<div class=\"center-align\" data-protec-aida=\"image\">\n<figure class=\"std-img\" data-src=\"https:\/\/images.ladepeche.fr\/api\/v1\/images\/view\/69d905636e0b022f7d017c32\/original\/image.jpg?v=1\"> <img class=\"std-img__img responsive-img\" data-src=\"https:\/\/jumeaux91.fr\/blog\/wp-content\/uploads\/2026\/04\/de-lexil-pakistanais-a-la-tete-dun-petit-empire-de-superettes-a-toulouse-la-success-story-de-ces-deux-jumeaux-de-26-ans.jpg\" alt=\"Fusyo, la toute nouvelle boisson \u00e9nergisante des jumeaux.\"><figcaption class=\"article-full__media-infos\"> <span class=\"article-full__media-legend\">Fusyo, la toute nouvelle boisson \u00e9nergisante des jumeaux.<\/span> <span class=\"article-full__media-author\">DDM &#8211; LAURENT DARD<\/span> <\/figcaption><\/figure>\n<\/div>\n<p>Leur gamme se compose de trois r\u00e9f\u00e9rences moins sucr\u00e9es que celles d\u00e9j\u00e0 propos\u00e9es sur le march\u00e9, plus vitamin\u00e9e et vendue \u00e0 un prix accessible de 1,50&nbsp;euro maximum. \u00ab\u00a0On est partis d\u2019un constat simple&nbsp;: les jeunes consomment de plus en plus ce type de boissons.\u00a0\u00bb Aujourd\u2019hui, leurs produits sont vendus dans leurs propres boutiques, mais aussi dans d\u2019autres commerces.<\/p>\n<p>Les deux fr\u00e8res ne comptent pas s\u2019arr\u00eater en si bon chemin. Entre nouvelles ouvertures et futurs projets, leur parcours s\u2019impose d\u00e9j\u00e0 comme une v\u00e9ritable success story alors qu\u2019ils n\u2019ont que 26 ans \u2013 et elle ne fait que commencer.<\/p>\n<\/p><\/div>\n<p>La chronique se veut g\u00e9n\u00e9r\u00e9e de la fa\u00e7on la plus claire que possible. Dans le cas o\u00f9 vous souhaitez pr\u00e9senter des renseignements compl\u00e9mentaires \u00e0 cet article sur le sujet \u00ab\u00a0Fr\u00e8res jumeaux de l&rsquo;Essonnes\u00a0\u00bb il vous est possible d\u2019\u00e9crire aux contacts indiqu\u00e9s sur notre website. La raison d\u2019\u00eatre de jumeaux91.fr \u00e9tant de rassembler sur le web des posts sur le sujet de Fr\u00e8res jumeaux de l&rsquo;Essonnes puis les diffuser en r\u00e9pondant au mieux aux interrogations des gens. Vous pouvez tirer profit de cet article traitant le sujet \u00ab\u00a0Fr\u00e8res jumeaux de l&rsquo;Essonnes\u00a0\u00bb. Il est concoct\u00e9 par l\u2019\u00e9quipe jumeaux91.fr. Prochainement, nous rendrons accessibles au public d&rsquo;autres informations pertinentes sur le sujet \u00ab\u00a0Fr\u00e8res jumeaux de l&rsquo;Essonnes\u00a0\u00bb. Alors, consultez syst\u00e9matiquement notre blog.<\/p>\n","protected":false},"excerpt":{"rendered":"<p>l&rsquo;essentiel PORTRAIT. Partis de rien, Saqlain et Hussnain, des jumeaux d\u2019origine pakistanaise \u00e2g\u00e9s de 26 ans, ont construit un v\u00e9ritable petit empire de sup\u00e9rettes \u00e0 Toulouse. Pass\u00e9s par Airbus et Air France, ils sont maintenant tous deux \u00e0 la t\u00eate de quatre \u00e9tablissements et viennent de lancer leur boisson \u00e9nergisante. Leur success-story. Ils n\u2019avaient que&hellip; <a class=\"more-link\" href=\"https:\/\/jumeaux91.fr\/blog\/de-lexil-pakistanais-a-la-tete-dun-petit-empire-de-superettes-a-toulouse-la-success-story-de-ces-deux-jumeaux-de-26-ans\/\">Poursuivre la lecture <span class=\"screen-reader-text\">De l\u2019exil pakistanais \u00e0 la t\u00eate d\u2019un petit empire de sup\u00e9rettes \u00e0 Toulouse : la success-story de ces deux jumeaux de 26 ans<\/span><\/a><\/p>\n","protected":false},"author":2,"featured_media":2071,"comment_status":"closed","ping_status":"closed","sticky":false,"template":"","format":"standard","meta":{"footnotes":""},"categories":[4],"tags":[],"class_list":["post-2070","post","type-post","status-publish","format-standard","has-post-thumbnail","hentry","category-posts-freres-jumeaux-de-lessonnes","entry"],"yoast_head":"<!-- This site is optimized with the Yoast SEO plugin v27.5 - https:\/\/yoast.com\/product\/yoast-seo-wordpress\/ -->\n<title>De l\u2019exil pakistanais \u00e0 la t\u00eate d\u2019un petit empire de sup\u00e9rettes \u00e0 Toulouse : la success-story de ces deux jumeaux de 26 ans - JUMEAUX91<\/title>\n<meta name=\"robots\" content=\"index, follow, max-snippet:-1, max-image-preview:large, max-video-preview:-1\" \/>\n<link rel=\"canonical\" href=\"https:\/\/jumeaux91.fr\/blog\/de-lexil-pakistanais-a-la-tete-dun-petit-empire-de-superettes-a-toulouse-la-success-story-de-ces-deux-jumeaux-de-26-ans\/\" \/>\n<meta property=\"og:locale\" content=\"fr_FR\" \/>\n<meta property=\"og:type\" content=\"article\" \/>\n<meta property=\"og:title\" content=\"De l\u2019exil pakistanais \u00e0 la t\u00eate d\u2019un petit empire de sup\u00e9rettes \u00e0 Toulouse : la success-story de ces deux jumeaux de 26 ans - JUMEAUX91\" \/>\n<meta property=\"og:description\" content=\"l&rsquo;essentiel PORTRAIT. Partis de rien, Saqlain et Hussnain, des jumeaux d\u2019origine pakistanaise \u00e2g\u00e9s de 26 ans, ont construit un v\u00e9ritable petit empire de sup\u00e9rettes \u00e0 Toulouse. Pass\u00e9s par Airbus et Air France, ils sont maintenant tous deux \u00e0 la t\u00eate de quatre \u00e9tablissements et viennent de lancer leur boisson \u00e9nergisante. Leur success-story. Ils n\u2019avaient que&hellip; Poursuivre la lecture De l\u2019exil pakistanais \u00e0 la t\u00eate d\u2019un petit empire de sup\u00e9rettes \u00e0 Toulouse : la success-story de ces deux jumeaux de 26 ans\" \/>\n<meta property=\"og:url\" content=\"https:\/\/jumeaux91.fr\/blog\/de-lexil-pakistanais-a-la-tete-dun-petit-empire-de-superettes-a-toulouse-la-success-story-de-ces-deux-jumeaux-de-26-ans\/\" \/>\n<meta property=\"og:site_name\" content=\"JUMEAUX91\" \/>\n<meta property=\"article:published_time\" content=\"2026-04-11T22:30:00+00:00\" \/>\n<meta property=\"og:image\" content=\"https:\/\/jumeaux91.fr\/blog\/wp-content\/uploads\/2026\/04\/de-lexil-pakistanais-a-la-tete-dun-petit-empire-de-superettes-a-toulouse-la-success-story-de-ces-deux-jumeaux-de-26-ans.jpg\" \/>\n<meta name=\"author\" content=\"Claude DAYRES\" \/>\n<meta name=\"twitter:card\" content=\"summary_large_image\" \/>\n<meta name=\"twitter:label1\" content=\"\u00c9crit par\" \/>\n\t<meta name=\"twitter:data1\" content=\"Claude DAYRES\" \/>\n\t<meta name=\"twitter:label2\" content=\"Dur\u00e9e de lecture estim\u00e9e\" \/>\n\t<meta name=\"twitter:data2\" content=\"5 minutes\" \/>\n<script type=\"application\/ld+json\" class=\"yoast-schema-graph\">{\"@context\":\"https:\\\/\\\/schema.org\",\"@graph\":[{\"@type\":\"Article\",\"@id\":\"https:\\\/\\\/jumeaux91.fr\\\/blog\\\/de-lexil-pakistanais-a-la-tete-dun-petit-empire-de-superettes-a-toulouse-la-success-story-de-ces-deux-jumeaux-de-26-ans\\\/#article\",\"isPartOf\":{\"@id\":\"https:\\\/\\\/jumeaux91.fr\\\/blog\\\/de-lexil-pakistanais-a-la-tete-dun-petit-empire-de-superettes-a-toulouse-la-success-story-de-ces-deux-jumeaux-de-26-ans\\\/\"},\"author\":{\"name\":\"Claude DAYRES\",\"@id\":\"https:\\\/\\\/jumeaux91.fr\\\/blog\\\/#\\\/schema\\\/person\\\/21da06e9f119b9f64e5d45dbbd32d3fb\"},\"headline\":\"De l\u2019exil pakistanais \u00e0 la t\u00eate d\u2019un petit empire de sup\u00e9rettes \u00e0 Toulouse : la success-story de ces deux jumeaux de 26 ans\",\"datePublished\":\"2026-04-11T22:30:00+00:00\",\"mainEntityOfPage\":{\"@id\":\"https:\\\/\\\/jumeaux91.fr\\\/blog\\\/de-lexil-pakistanais-a-la-tete-dun-petit-empire-de-superettes-a-toulouse-la-success-story-de-ces-deux-jumeaux-de-26-ans\\\/\"},\"wordCount\":982,\"publisher\":{\"@id\":\"https:\\\/\\\/jumeaux91.fr\\\/blog\\\/#organization\"},\"image\":{\"@id\":\"https:\\\/\\\/jumeaux91.fr\\\/blog\\\/de-lexil-pakistanais-a-la-tete-dun-petit-empire-de-superettes-a-toulouse-la-success-story-de-ces-deux-jumeaux-de-26-ans\\\/#primaryimage\"},\"thumbnailUrl\":\"https:\\\/\\\/jumeaux91.fr\\\/blog\\\/wp-content\\\/uploads\\\/2026\\\/04\\\/de-lexil-pakistanais-a-la-tete-dun-petit-empire-de-superettes-a-toulouse-la-success-story-de-ces-deux-jumeaux-de-26-ans.jpg\",\"articleSection\":[\"Posts Fr\u00e8res Jumeaux De L'Essonnes:\"],\"inLanguage\":\"fr-FR\"},{\"@type\":\"WebPage\",\"@id\":\"https:\\\/\\\/jumeaux91.fr\\\/blog\\\/de-lexil-pakistanais-a-la-tete-dun-petit-empire-de-superettes-a-toulouse-la-success-story-de-ces-deux-jumeaux-de-26-ans\\\/\",\"url\":\"https:\\\/\\\/jumeaux91.fr\\\/blog\\\/de-lexil-pakistanais-a-la-tete-dun-petit-empire-de-superettes-a-toulouse-la-success-story-de-ces-deux-jumeaux-de-26-ans\\\/\",\"name\":\"De l\u2019exil pakistanais \u00e0 la t\u00eate d\u2019un petit empire de sup\u00e9rettes \u00e0 Toulouse : la success-story de ces deux jumeaux de 26 ans - JUMEAUX91\",\"isPartOf\":{\"@id\":\"https:\\\/\\\/jumeaux91.fr\\\/blog\\\/#website\"},\"primaryImageOfPage\":{\"@id\":\"https:\\\/\\\/jumeaux91.fr\\\/blog\\\/de-lexil-pakistanais-a-la-tete-dun-petit-empire-de-superettes-a-toulouse-la-success-story-de-ces-deux-jumeaux-de-26-ans\\\/#primaryimage\"},\"image\":{\"@id\":\"https:\\\/\\\/jumeaux91.fr\\\/blog\\\/de-lexil-pakistanais-a-la-tete-dun-petit-empire-de-superettes-a-toulouse-la-success-story-de-ces-deux-jumeaux-de-26-ans\\\/#primaryimage\"},\"thumbnailUrl\":\"https:\\\/\\\/jumeaux91.fr\\\/blog\\\/wp-content\\\/uploads\\\/2026\\\/04\\\/de-lexil-pakistanais-a-la-tete-dun-petit-empire-de-superettes-a-toulouse-la-success-story-de-ces-deux-jumeaux-de-26-ans.jpg\",\"datePublished\":\"2026-04-11T22:30:00+00:00\",\"breadcrumb\":{\"@id\":\"https:\\\/\\\/jumeaux91.fr\\\/blog\\\/de-lexil-pakistanais-a-la-tete-dun-petit-empire-de-superettes-a-toulouse-la-success-story-de-ces-deux-jumeaux-de-26-ans\\\/#breadcrumb\"},\"inLanguage\":\"fr-FR\",\"potentialAction\":[{\"@type\":\"ReadAction\",\"target\":[\"https:\\\/\\\/jumeaux91.fr\\\/blog\\\/de-lexil-pakistanais-a-la-tete-dun-petit-empire-de-superettes-a-toulouse-la-success-story-de-ces-deux-jumeaux-de-26-ans\\\/\"]}]},{\"@type\":\"ImageObject\",\"inLanguage\":\"fr-FR\",\"@id\":\"https:\\\/\\\/jumeaux91.fr\\\/blog\\\/de-lexil-pakistanais-a-la-tete-dun-petit-empire-de-superettes-a-toulouse-la-success-story-de-ces-deux-jumeaux-de-26-ans\\\/#primaryimage\",\"url\":\"https:\\\/\\\/jumeaux91.fr\\\/blog\\\/wp-content\\\/uploads\\\/2026\\\/04\\\/de-lexil-pakistanais-a-la-tete-dun-petit-empire-de-superettes-a-toulouse-la-success-story-de-ces-deux-jumeaux-de-26-ans.jpg\",\"contentUrl\":\"https:\\\/\\\/jumeaux91.fr\\\/blog\\\/wp-content\\\/uploads\\\/2026\\\/04\\\/de-lexil-pakistanais-a-la-tete-dun-petit-empire-de-superettes-a-toulouse-la-success-story-de-ces-deux-jumeaux-de-26-ans.jpg\",\"width\":780,\"height\":520,\"caption\":\"De l\u2019exil pakistanais \u00e0 la t\u00eate d\u2019un petit empire de sup\u00e9rettes \u00e0 Toulouse : la success story de ces deux jumeaux de 26 ans\"},{\"@type\":\"BreadcrumbList\",\"@id\":\"https:\\\/\\\/jumeaux91.fr\\\/blog\\\/de-lexil-pakistanais-a-la-tete-dun-petit-empire-de-superettes-a-toulouse-la-success-story-de-ces-deux-jumeaux-de-26-ans\\\/#breadcrumb\",\"itemListElement\":[{\"@type\":\"ListItem\",\"position\":1,\"name\":\"Accueil\",\"item\":\"https:\\\/\\\/jumeaux91.fr\\\/blog\\\/\"},{\"@type\":\"ListItem\",\"position\":2,\"name\":\"De l\u2019exil pakistanais \u00e0 la t\u00eate d\u2019un petit empire de sup\u00e9rettes \u00e0 Toulouse : la success-story de ces deux jumeaux de 26 ans\"}]},{\"@type\":\"WebSite\",\"@id\":\"https:\\\/\\\/jumeaux91.fr\\\/blog\\\/#website\",\"url\":\"https:\\\/\\\/jumeaux91.fr\\\/blog\\\/\",\"name\":\"JUMEAUX91\",\"description\":\"Fr\u00e8res jumeaux de l&#039;Essonnes; informations et archives, \u00e0 savoir et retenir.\",\"publisher\":{\"@id\":\"https:\\\/\\\/jumeaux91.fr\\\/blog\\\/#organization\"},\"potentialAction\":[{\"@type\":\"SearchAction\",\"target\":{\"@type\":\"EntryPoint\",\"urlTemplate\":\"https:\\\/\\\/jumeaux91.fr\\\/blog\\\/?s={search_term_string}\"},\"query-input\":{\"@type\":\"PropertyValueSpecification\",\"valueRequired\":true,\"valueName\":\"search_term_string\"}}],\"inLanguage\":\"fr-FR\"},{\"@type\":\"Organization\",\"@id\":\"https:\\\/\\\/jumeaux91.fr\\\/blog\\\/#organization\",\"name\":\"jumeaux91\",\"url\":\"https:\\\/\\\/jumeaux91.fr\\\/blog\\\/\",\"logo\":{\"@type\":\"ImageObject\",\"inLanguage\":\"fr-FR\",\"@id\":\"https:\\\/\\\/jumeaux91.fr\\\/blog\\\/#\\\/schema\\\/logo\\\/image\\\/\",\"url\":\"https:\\\/\\\/jumeaux91.fr\\\/blog\\\/wp-content\\\/uploads\\\/2023\\\/05\\\/cropped-cropped-logoJ_91.png\",\"contentUrl\":\"https:\\\/\\\/jumeaux91.fr\\\/blog\\\/wp-content\\\/uploads\\\/2023\\\/05\\\/cropped-cropped-logoJ_91.png\",\"width\":512,\"height\":512,\"caption\":\"jumeaux91\"},\"image\":{\"@id\":\"https:\\\/\\\/jumeaux91.fr\\\/blog\\\/#\\\/schema\\\/logo\\\/image\\\/\"}},{\"@type\":\"Person\",\"@id\":\"https:\\\/\\\/jumeaux91.fr\\\/blog\\\/#\\\/schema\\\/person\\\/21da06e9f119b9f64e5d45dbbd32d3fb\",\"name\":\"Claude DAYRES\",\"image\":{\"@type\":\"ImageObject\",\"inLanguage\":\"fr-FR\",\"@id\":\"https:\\\/\\\/secure.gravatar.com\\\/avatar\\\/82eb951df6110a2c48d1bfa7a67d1ee6f0cd5df3cbf9c3586dd61e82db7172a5?s=96&d=mm&r=g\",\"url\":\"https:\\\/\\\/secure.gravatar.com\\\/avatar\\\/82eb951df6110a2c48d1bfa7a67d1ee6f0cd5df3cbf9c3586dd61e82db7172a5?s=96&d=mm&r=g\",\"contentUrl\":\"https:\\\/\\\/secure.gravatar.com\\\/avatar\\\/82eb951df6110a2c48d1bfa7a67d1ee6f0cd5df3cbf9c3586dd61e82db7172a5?s=96&d=mm&r=g\",\"caption\":\"Claude DAYRES\"},\"url\":\"https:\\\/\\\/jumeaux91.fr\\\/blog\\\/author\\\/x91claude\\\/\"}]}<\/script>\n<!-- \/ Yoast SEO plugin. -->","yoast_head_json":{"title":"De l\u2019exil pakistanais \u00e0 la t\u00eate d\u2019un petit empire de sup\u00e9rettes \u00e0 Toulouse : la success-story de ces deux jumeaux de 26 ans - JUMEAUX91","robots":{"index":"index","follow":"follow","max-snippet":"max-snippet:-1","max-image-preview":"max-image-preview:large","max-video-preview":"max-video-preview:-1"},"canonical":"https:\/\/jumeaux91.fr\/blog\/de-lexil-pakistanais-a-la-tete-dun-petit-empire-de-superettes-a-toulouse-la-success-story-de-ces-deux-jumeaux-de-26-ans\/","og_locale":"fr_FR","og_type":"article","og_title":"De l\u2019exil pakistanais \u00e0 la t\u00eate d\u2019un petit empire de sup\u00e9rettes \u00e0 Toulouse : la success-story de ces deux jumeaux de 26 ans - JUMEAUX91","og_description":"l&rsquo;essentiel PORTRAIT. Partis de rien, Saqlain et Hussnain, des jumeaux d\u2019origine pakistanaise \u00e2g\u00e9s de 26 ans, ont construit un v\u00e9ritable petit empire de sup\u00e9rettes \u00e0 Toulouse. Pass\u00e9s par Airbus et Air France, ils sont maintenant tous deux \u00e0 la t\u00eate de quatre \u00e9tablissements et viennent de lancer leur boisson \u00e9nergisante. Leur success-story. Ils n\u2019avaient que&hellip; Poursuivre la lecture De l\u2019exil pakistanais \u00e0 la t\u00eate d\u2019un petit empire de sup\u00e9rettes \u00e0 Toulouse : la success-story de ces deux jumeaux de 26 ans","og_url":"https:\/\/jumeaux91.fr\/blog\/de-lexil-pakistanais-a-la-tete-dun-petit-empire-de-superettes-a-toulouse-la-success-story-de-ces-deux-jumeaux-de-26-ans\/","og_site_name":"JUMEAUX91","article_published_time":"2026-04-11T22:30:00+00:00","og_image":[{"url":"https:\/\/jumeaux91.fr\/blog\/wp-content\/uploads\/2026\/04\/de-lexil-pakistanais-a-la-tete-dun-petit-empire-de-superettes-a-toulouse-la-success-story-de-ces-deux-jumeaux-de-26-ans.jpg","type":"","width":"","height":""}],"author":"Claude DAYRES","twitter_card":"summary_large_image","twitter_misc":{"\u00c9crit par":"Claude DAYRES","Dur\u00e9e de lecture estim\u00e9e":"5 minutes"},"schema":{"@context":"https:\/\/schema.org","@graph":[{"@type":"Article","@id":"https:\/\/jumeaux91.fr\/blog\/de-lexil-pakistanais-a-la-tete-dun-petit-empire-de-superettes-a-toulouse-la-success-story-de-ces-deux-jumeaux-de-26-ans\/#article","isPartOf":{"@id":"https:\/\/jumeaux91.fr\/blog\/de-lexil-pakistanais-a-la-tete-dun-petit-empire-de-superettes-a-toulouse-la-success-story-de-ces-deux-jumeaux-de-26-ans\/"},"author":{"name":"Claude DAYRES","@id":"https:\/\/jumeaux91.fr\/blog\/#\/schema\/person\/21da06e9f119b9f64e5d45dbbd32d3fb"},"headline":"De l\u2019exil pakistanais \u00e0 la t\u00eate d\u2019un petit empire de sup\u00e9rettes \u00e0 Toulouse : la success-story de ces deux jumeaux de 26 ans","datePublished":"2026-04-11T22:30:00+00:00","mainEntityOfPage":{"@id":"https:\/\/jumeaux91.fr\/blog\/de-lexil-pakistanais-a-la-tete-dun-petit-empire-de-superettes-a-toulouse-la-success-story-de-ces-deux-jumeaux-de-26-ans\/"},"wordCount":982,"publisher":{"@id":"https:\/\/jumeaux91.fr\/blog\/#organization"},"image":{"@id":"https:\/\/jumeaux91.fr\/blog\/de-lexil-pakistanais-a-la-tete-dun-petit-empire-de-superettes-a-toulouse-la-success-story-de-ces-deux-jumeaux-de-26-ans\/#primaryimage"},"thumbnailUrl":"https:\/\/jumeaux91.fr\/blog\/wp-content\/uploads\/2026\/04\/de-lexil-pakistanais-a-la-tete-dun-petit-empire-de-superettes-a-toulouse-la-success-story-de-ces-deux-jumeaux-de-26-ans.jpg","articleSection":["Posts Fr\u00e8res Jumeaux De L'Essonnes:"],"inLanguage":"fr-FR"},{"@type":"WebPage","@id":"https:\/\/jumeaux91.fr\/blog\/de-lexil-pakistanais-a-la-tete-dun-petit-empire-de-superettes-a-toulouse-la-success-story-de-ces-deux-jumeaux-de-26-ans\/","url":"https:\/\/jumeaux91.fr\/blog\/de-lexil-pakistanais-a-la-tete-dun-petit-empire-de-superettes-a-toulouse-la-success-story-de-ces-deux-jumeaux-de-26-ans\/","name":"De l\u2019exil pakistanais \u00e0 la t\u00eate d\u2019un petit empire de sup\u00e9rettes \u00e0 Toulouse : la success-story de ces deux jumeaux de 26 ans - JUMEAUX91","isPartOf":{"@id":"https:\/\/jumeaux91.fr\/blog\/#website"},"primaryImageOfPage":{"@id":"https:\/\/jumeaux91.fr\/blog\/de-lexil-pakistanais-a-la-tete-dun-petit-empire-de-superettes-a-toulouse-la-success-story-de-ces-deux-jumeaux-de-26-ans\/#primaryimage"},"image":{"@id":"https:\/\/jumeaux91.fr\/blog\/de-lexil-pakistanais-a-la-tete-dun-petit-empire-de-superettes-a-toulouse-la-success-story-de-ces-deux-jumeaux-de-26-ans\/#primaryimage"},"thumbnailUrl":"https:\/\/jumeaux91.fr\/blog\/wp-content\/uploads\/2026\/04\/de-lexil-pakistanais-a-la-tete-dun-petit-empire-de-superettes-a-toulouse-la-success-story-de-ces-deux-jumeaux-de-26-ans.jpg","datePublished":"2026-04-11T22:30:00+00:00","breadcrumb":{"@id":"https:\/\/jumeaux91.fr\/blog\/de-lexil-pakistanais-a-la-tete-dun-petit-empire-de-superettes-a-toulouse-la-success-story-de-ces-deux-jumeaux-de-26-ans\/#breadcrumb"},"inLanguage":"fr-FR","potentialAction":[{"@type":"ReadAction","target":["https:\/\/jumeaux91.fr\/blog\/de-lexil-pakistanais-a-la-tete-dun-petit-empire-de-superettes-a-toulouse-la-success-story-de-ces-deux-jumeaux-de-26-ans\/"]}]},{"@type":"ImageObject","inLanguage":"fr-FR","@id":"https:\/\/jumeaux91.fr\/blog\/de-lexil-pakistanais-a-la-tete-dun-petit-empire-de-superettes-a-toulouse-la-success-story-de-ces-deux-jumeaux-de-26-ans\/#primaryimage","url":"https:\/\/jumeaux91.fr\/blog\/wp-content\/uploads\/2026\/04\/de-lexil-pakistanais-a-la-tete-dun-petit-empire-de-superettes-a-toulouse-la-success-story-de-ces-deux-jumeaux-de-26-ans.jpg","contentUrl":"https:\/\/jumeaux91.fr\/blog\/wp-content\/uploads\/2026\/04\/de-lexil-pakistanais-a-la-tete-dun-petit-empire-de-superettes-a-toulouse-la-success-story-de-ces-deux-jumeaux-de-26-ans.jpg","width":780,"height":520,"caption":"De l\u2019exil pakistanais \u00e0 la t\u00eate d\u2019un petit empire de sup\u00e9rettes \u00e0 Toulouse : la success story de ces deux jumeaux de 26 ans"},{"@type":"BreadcrumbList","@id":"https:\/\/jumeaux91.fr\/blog\/de-lexil-pakistanais-a-la-tete-dun-petit-empire-de-superettes-a-toulouse-la-success-story-de-ces-deux-jumeaux-de-26-ans\/#breadcrumb","itemListElement":[{"@type":"ListItem","position":1,"name":"Accueil","item":"https:\/\/jumeaux91.fr\/blog\/"},{"@type":"ListItem","position":2,"name":"De l\u2019exil pakistanais \u00e0 la t\u00eate d\u2019un petit empire de sup\u00e9rettes \u00e0 Toulouse : la success-story de ces deux jumeaux de 26 ans"}]},{"@type":"WebSite","@id":"https:\/\/jumeaux91.fr\/blog\/#website","url":"https:\/\/jumeaux91.fr\/blog\/","name":"JUMEAUX91","description":"Fr\u00e8res jumeaux de l&#039;Essonnes; informations et archives, \u00e0 savoir et retenir.","publisher":{"@id":"https:\/\/jumeaux91.fr\/blog\/#organization"},"potentialAction":[{"@type":"SearchAction","target":{"@type":"EntryPoint","urlTemplate":"https:\/\/jumeaux91.fr\/blog\/?s={search_term_string}"},"query-input":{"@type":"PropertyValueSpecification","valueRequired":true,"valueName":"search_term_string"}}],"inLanguage":"fr-FR"},{"@type":"Organization","@id":"https:\/\/jumeaux91.fr\/blog\/#organization","name":"jumeaux91","url":"https:\/\/jumeaux91.fr\/blog\/","logo":{"@type":"ImageObject","inLanguage":"fr-FR","@id":"https:\/\/jumeaux91.fr\/blog\/#\/schema\/logo\/image\/","url":"https:\/\/jumeaux91.fr\/blog\/wp-content\/uploads\/2023\/05\/cropped-cropped-logoJ_91.png","contentUrl":"https:\/\/jumeaux91.fr\/blog\/wp-content\/uploads\/2023\/05\/cropped-cropped-logoJ_91.png","width":512,"height":512,"caption":"jumeaux91"},"image":{"@id":"https:\/\/jumeaux91.fr\/blog\/#\/schema\/logo\/image\/"}},{"@type":"Person","@id":"https:\/\/jumeaux91.fr\/blog\/#\/schema\/person\/21da06e9f119b9f64e5d45dbbd32d3fb","name":"Claude DAYRES","image":{"@type":"ImageObject","inLanguage":"fr-FR","@id":"https:\/\/secure.gravatar.com\/avatar\/82eb951df6110a2c48d1bfa7a67d1ee6f0cd5df3cbf9c3586dd61e82db7172a5?s=96&d=mm&r=g","url":"https:\/\/secure.gravatar.com\/avatar\/82eb951df6110a2c48d1bfa7a67d1ee6f0cd5df3cbf9c3586dd61e82db7172a5?s=96&d=mm&r=g","contentUrl":"https:\/\/secure.gravatar.com\/avatar\/82eb951df6110a2c48d1bfa7a67d1ee6f0cd5df3cbf9c3586dd61e82db7172a5?s=96&d=mm&r=g","caption":"Claude DAYRES"},"url":"https:\/\/jumeaux91.fr\/blog\/author\/x91claude\/"}]}},"_links":{"self":[{"href":"https:\/\/jumeaux91.fr\/blog\/wp-json\/wp\/v2\/posts\/2070","targetHints":{"allow":["GET"]}}],"collection":[{"href":"https:\/\/jumeaux91.fr\/blog\/wp-json\/wp\/v2\/posts"}],"about":[{"href":"https:\/\/jumeaux91.fr\/blog\/wp-json\/wp\/v2\/types\/post"}],"author":[{"embeddable":true,"href":"https:\/\/jumeaux91.fr\/blog\/wp-json\/wp\/v2\/users\/2"}],"replies":[{"embeddable":true,"href":"https:\/\/jumeaux91.fr\/blog\/wp-json\/wp\/v2\/comments?post=2070"}],"version-history":[{"count":0,"href":"https:\/\/jumeaux91.fr\/blog\/wp-json\/wp\/v2\/posts\/2070\/revisions"}],"wp:featuredmedia":[{"embeddable":true,"href":"https:\/\/jumeaux91.fr\/blog\/wp-json\/wp\/v2\/media\/2071"}],"wp:attachment":[{"href":"https:\/\/jumeaux91.fr\/blog\/wp-json\/wp\/v2\/media?parent=2070"}],"wp:term":[{"taxonomy":"category","embeddable":true,"href":"https:\/\/jumeaux91.fr\/blog\/wp-json\/wp\/v2\/categories?post=2070"},{"taxonomy":"post_tag","embeddable":true,"href":"https:\/\/jumeaux91.fr\/blog\/wp-json\/wp\/v2\/tags?post=2070"}],"curies":[{"name":"wp","href":"https:\/\/api.w.org\/{rel}","templated":true}]}}