{"id":2076,"date":"2026-04-16T12:12:00","date_gmt":"2026-04-16T10:12:00","guid":{"rendered":"https:\/\/jumeaux91.fr\/blog\/jonathan-et-kevin-borlee-etre-jumeaux-cest-une-charge-emotionnelle-que-nont-pas-nos-adversaires\/"},"modified":"2026-04-16T12:12:00","modified_gmt":"2026-04-16T10:12:00","slug":"jonathan-et-kevin-borlee-etre-jumeaux-cest-une-charge-emotionnelle-que-nont-pas-nos-adversaires","status":"publish","type":"post","link":"https:\/\/jumeaux91.fr\/blog\/jonathan-et-kevin-borlee-etre-jumeaux-cest-une-charge-emotionnelle-que-nont-pas-nos-adversaires\/","title":{"rendered":"Jonathan et K\u00e9vin Borl\u00e9e : \u00ab \u00catre jumeaux, c&rsquo;est une charge \u00e9motionnelle que n&rsquo;ont pas nos adversaires \u00bb"},"content":{"rendered":"<div><img decoding=\"async\" src=\"https:\/\/jumeaux91.fr\/blog\/wp-content\/uploads\/2026\/04\/jonathan-et-kevin-borlee-etre-jumeaux-cest-une-charge-emotionnelle-que-nont-pas-nos-adversaires.jpg\" class=\"ff-og-image-inserted\"><\/div>\n<div class=\"ArticleTags article__tags\" data-v-7f3c73e1 data-v-93f0dd62><!--&gt;\n\n<p><span class=\"pellet pellet-premium pellet-rounded pellet-small\" data-v-93f0dd62><\/span><span data-v-93f0dd62>issu du magazine<\/span><\/p>\n\n<\/div>\n\n\n\n<p>Jonathan et K\u00e9vin Borl\u00e9e : \u00ab \u00catre jumeaux, c'est une charge \u00e9motionnelle que n'ont pas nos adversaires \u00bb<\/p>\n\n\n\n<p>K\u00e9vin Borl\u00e9e, champion d'Europe 2010 du 400 m, et son jumeau Jonathan forment l'ossature du relais 4 x 400 m belge, champion d'Europe en 2012, 2016, 2018. Ils nous racontent ce qu'il y a de particulier \u00e0 courir ensemble et \u00e0 \u00eatre parfois des adversaires lors des comp\u00e9titions en individuel.<\/p>\n\nLa chronique se veut g\u00e9n\u00e9r\u00e9e de la fa\u00e7on la plus claire que possible. Dans le cas o\u00f9 vous souhaitez pr\u00e9senter des renseignements compl\u00e9mentaires \u00e0 cet article sur le sujet \"Fr\u00e8res jumeaux de l'Essonnes\" il vous est possible d\u2019\u00e9crire aux contacts indiqu\u00e9s sur notre website. La raison d\u2019\u00eatre de jumeaux91.fr \u00e9tant de rassembler sur le web des posts sur le sujet de Fr\u00e8res jumeaux de l'Essonnes puis les diffuser en r\u00e9pondant au mieux aux interrogations des gens. Vous pouvez tirer profit de cet article traitant le sujet \"Fr\u00e8res jumeaux de l'Essonnes\". Il est concoct\u00e9 par l\u2019\u00e9quipe jumeaux91.fr. Prochainement, nous rendrons accessibles au public d'autres informations pertinentes sur le sujet \"Fr\u00e8res jumeaux de l'Essonnes\". Alors, consultez syst\u00e9matiquement notre blog.--><\/p>\n","protected":false},"excerpt":{"rendered":"","protected":false},"author":2,"featured_media":2077,"comment_status":"closed","ping_status":"closed","sticky":false,"template":"","format":"standard","meta":{"footnotes":""},"categories":[4],"tags":[],"class_list":["post-2076","post","type-post","status-publish","format-standard","has-post-thumbnail","hentry","category-posts-freres-jumeaux-de-lessonnes","entry"],"yoast_head":"<!-- This site is optimized with the Yoast SEO plugin v27.5 - https:\/\/yoast.com\/product\/yoast-seo-wordpress\/ -->\n<title>Jonathan et K\u00e9vin Borl\u00e9e : \u00ab \u00catre jumeaux, c&#039;est une charge \u00e9motionnelle que n&#039;ont pas nos adversaires \u00bb - JUMEAUX91<\/title>\n<meta name=\"robots\" content=\"index, follow, max-snippet:-1, max-image-preview:large, max-video-preview:-1\" \/>\n<link rel=\"canonical\" href=\"https:\/\/jumeaux91.fr\/blog\/jonathan-et-kevin-borlee-etre-jumeaux-cest-une-charge-emotionnelle-que-nont-pas-nos-adversaires\/\" \/>\n<meta property=\"og:locale\" content=\"fr_FR\" \/>\n<meta property=\"og:type\" content=\"article\" \/>\n<meta property=\"og:title\" content=\"Jonathan et K\u00e9vin Borl\u00e9e : \u00ab \u00catre jumeaux, c&#039;est une charge \u00e9motionnelle que n&#039;ont pas nos adversaires \u00bb - JUMEAUX91\" \/>\n<meta property=\"og:url\" content=\"https:\/\/jumeaux91.fr\/blog\/jonathan-et-kevin-borlee-etre-jumeaux-cest-une-charge-emotionnelle-que-nont-pas-nos-adversaires\/\" \/>\n<meta property=\"og:site_name\" content=\"JUMEAUX91\" \/>\n<meta property=\"article:published_time\" content=\"2026-04-16T10:12:00+00:00\" \/>\n<meta property=\"og:image\" content=\"https:\/\/jumeaux91.fr\/blog\/wp-content\/uploads\/2026\/04\/jonathan-et-kevin-borlee-etre-jumeaux-cest-une-charge-emotionnelle-que-nont-pas-nos-adversaires.jpg\" \/>\n<meta name=\"author\" content=\"Claude DAYRES\" \/>\n<meta name=\"twitter:card\" content=\"summary_large_image\" \/>\n<meta name=\"twitter:label1\" content=\"\u00c9crit par\" \/>\n\t<meta name=\"twitter:data1\" content=\"Claude DAYRES\" \/>\n<script type=\"application\/ld+json\" class=\"yoast-schema-graph\">{\"@context\":\"https:\\\/\\\/schema.org\",\"@graph\":[{\"@type\":\"Article\",\"@id\":\"https:\\\/\\\/jumeaux91.fr\\\/blog\\\/jonathan-et-kevin-borlee-etre-jumeaux-cest-une-charge-emotionnelle-que-nont-pas-nos-adversaires\\\/#article\",\"isPartOf\":{\"@id\":\"https:\\\/\\\/jumeaux91.fr\\\/blog\\\/jonathan-et-kevin-borlee-etre-jumeaux-cest-une-charge-emotionnelle-que-nont-pas-nos-adversaires\\\/\"},\"author\":{\"name\":\"Claude DAYRES\",\"@id\":\"https:\\\/\\\/jumeaux91.fr\\\/blog\\\/#\\\/schema\\\/person\\\/21da06e9f119b9f64e5d45dbbd32d3fb\"},\"headline\":\"Jonathan et K\u00e9vin Borl\u00e9e : \u00ab \u00catre jumeaux, c&rsquo;est une charge \u00e9motionnelle que n&rsquo;ont pas nos adversaires \u00bb\",\"datePublished\":\"2026-04-16T10:12:00+00:00\",\"mainEntityOfPage\":{\"@id\":\"https:\\\/\\\/jumeaux91.fr\\\/blog\\\/jonathan-et-kevin-borlee-etre-jumeaux-cest-une-charge-emotionnelle-que-nont-pas-nos-adversaires\\\/\"},\"wordCount\":19,\"publisher\":{\"@id\":\"https:\\\/\\\/jumeaux91.fr\\\/blog\\\/#organization\"},\"image\":{\"@id\":\"https:\\\/\\\/jumeaux91.fr\\\/blog\\\/jonathan-et-kevin-borlee-etre-jumeaux-cest-une-charge-emotionnelle-que-nont-pas-nos-adversaires\\\/#primaryimage\"},\"thumbnailUrl\":\"https:\\\/\\\/jumeaux91.fr\\\/blog\\\/wp-content\\\/uploads\\\/2026\\\/04\\\/jonathan-et-kevin-borlee-etre-jumeaux-cest-une-charge-emotionnelle-que-nont-pas-nos-adversaires.jpg\",\"articleSection\":[\"Posts Fr\u00e8res Jumeaux De L'Essonnes:\"],\"inLanguage\":\"fr-FR\"},{\"@type\":\"WebPage\",\"@id\":\"https:\\\/\\\/jumeaux91.fr\\\/blog\\\/jonathan-et-kevin-borlee-etre-jumeaux-cest-une-charge-emotionnelle-que-nont-pas-nos-adversaires\\\/\",\"url\":\"https:\\\/\\\/jumeaux91.fr\\\/blog\\\/jonathan-et-kevin-borlee-etre-jumeaux-cest-une-charge-emotionnelle-que-nont-pas-nos-adversaires\\\/\",\"name\":\"Jonathan et K\u00e9vin Borl\u00e9e : \u00ab \u00catre jumeaux, c'est une charge \u00e9motionnelle que n'ont pas nos adversaires \u00bb - JUMEAUX91\",\"isPartOf\":{\"@id\":\"https:\\\/\\\/jumeaux91.fr\\\/blog\\\/#website\"},\"primaryImageOfPage\":{\"@id\":\"https:\\\/\\\/jumeaux91.fr\\\/blog\\\/jonathan-et-kevin-borlee-etre-jumeaux-cest-une-charge-emotionnelle-que-nont-pas-nos-adversaires\\\/#primaryimage\"},\"image\":{\"@id\":\"https:\\\/\\\/jumeaux91.fr\\\/blog\\\/jonathan-et-kevin-borlee-etre-jumeaux-cest-une-charge-emotionnelle-que-nont-pas-nos-adversaires\\\/#primaryimage\"},\"thumbnailUrl\":\"https:\\\/\\\/jumeaux91.fr\\\/blog\\\/wp-content\\\/uploads\\\/2026\\\/04\\\/jonathan-et-kevin-borlee-etre-jumeaux-cest-une-charge-emotionnelle-que-nont-pas-nos-adversaires.jpg\",\"datePublished\":\"2026-04-16T10:12:00+00:00\",\"breadcrumb\":{\"@id\":\"https:\\\/\\\/jumeaux91.fr\\\/blog\\\/jonathan-et-kevin-borlee-etre-jumeaux-cest-une-charge-emotionnelle-que-nont-pas-nos-adversaires\\\/#breadcrumb\"},\"inLanguage\":\"fr-FR\",\"potentialAction\":[{\"@type\":\"ReadAction\",\"target\":[\"https:\\\/\\\/jumeaux91.fr\\\/blog\\\/jonathan-et-kevin-borlee-etre-jumeaux-cest-une-charge-emotionnelle-que-nont-pas-nos-adversaires\\\/\"]}]},{\"@type\":\"ImageObject\",\"inLanguage\":\"fr-FR\",\"@id\":\"https:\\\/\\\/jumeaux91.fr\\\/blog\\\/jonathan-et-kevin-borlee-etre-jumeaux-cest-une-charge-emotionnelle-que-nont-pas-nos-adversaires\\\/#primaryimage\",\"url\":\"https:\\\/\\\/jumeaux91.fr\\\/blog\\\/wp-content\\\/uploads\\\/2026\\\/04\\\/jonathan-et-kevin-borlee-etre-jumeaux-cest-une-charge-emotionnelle-que-nont-pas-nos-adversaires.jpg\",\"contentUrl\":\"https:\\\/\\\/jumeaux91.fr\\\/blog\\\/wp-content\\\/uploads\\\/2026\\\/04\\\/jonathan-et-kevin-borlee-etre-jumeaux-cest-une-charge-emotionnelle-que-nont-pas-nos-adversaires.jpg\",\"width\":640,\"height\":320,\"caption\":\"Jonathan et K\u00e9vin Borl\u00e9e : \u00ab \u00catre jumeaux, c'est une charge \u00e9motionnelle que n'ont pas nos adversaires \u00bb\"},{\"@type\":\"BreadcrumbList\",\"@id\":\"https:\\\/\\\/jumeaux91.fr\\\/blog\\\/jonathan-et-kevin-borlee-etre-jumeaux-cest-une-charge-emotionnelle-que-nont-pas-nos-adversaires\\\/#breadcrumb\",\"itemListElement\":[{\"@type\":\"ListItem\",\"position\":1,\"name\":\"Accueil\",\"item\":\"https:\\\/\\\/jumeaux91.fr\\\/blog\\\/\"},{\"@type\":\"ListItem\",\"position\":2,\"name\":\"Jonathan et K\u00e9vin Borl\u00e9e : \u00ab \u00catre jumeaux, c&rsquo;est une charge \u00e9motionnelle que n&rsquo;ont pas nos adversaires \u00bb\"}]},{\"@type\":\"WebSite\",\"@id\":\"https:\\\/\\\/jumeaux91.fr\\\/blog\\\/#website\",\"url\":\"https:\\\/\\\/jumeaux91.fr\\\/blog\\\/\",\"name\":\"JUMEAUX91\",\"description\":\"Fr\u00e8res jumeaux de l&#039;Essonnes; informations et archives, \u00e0 savoir et retenir.\",\"publisher\":{\"@id\":\"https:\\\/\\\/jumeaux91.fr\\\/blog\\\/#organization\"},\"potentialAction\":[{\"@type\":\"SearchAction\",\"target\":{\"@type\":\"EntryPoint\",\"urlTemplate\":\"https:\\\/\\\/jumeaux91.fr\\\/blog\\\/?s={search_term_string}\"},\"query-input\":{\"@type\":\"PropertyValueSpecification\",\"valueRequired\":true,\"valueName\":\"search_term_string\"}}],\"inLanguage\":\"fr-FR\"},{\"@type\":\"Organization\",\"@id\":\"https:\\\/\\\/jumeaux91.fr\\\/blog\\\/#organization\",\"name\":\"jumeaux91\",\"url\":\"https:\\\/\\\/jumeaux91.fr\\\/blog\\\/\",\"logo\":{\"@type\":\"ImageObject\",\"inLanguage\":\"fr-FR\",\"@id\":\"https:\\\/\\\/jumeaux91.fr\\\/blog\\\/#\\\/schema\\\/logo\\\/image\\\/\",\"url\":\"https:\\\/\\\/jumeaux91.fr\\\/blog\\\/wp-content\\\/uploads\\\/2023\\\/05\\\/cropped-cropped-logoJ_91.png\",\"contentUrl\":\"https:\\\/\\\/jumeaux91.fr\\\/blog\\\/wp-content\\\/uploads\\\/2023\\\/05\\\/cropped-cropped-logoJ_91.png\",\"width\":512,\"height\":512,\"caption\":\"jumeaux91\"},\"image\":{\"@id\":\"https:\\\/\\\/jumeaux91.fr\\\/blog\\\/#\\\/schema\\\/logo\\\/image\\\/\"}},{\"@type\":\"Person\",\"@id\":\"https:\\\/\\\/jumeaux91.fr\\\/blog\\\/#\\\/schema\\\/person\\\/21da06e9f119b9f64e5d45dbbd32d3fb\",\"name\":\"Claude DAYRES\",\"image\":{\"@type\":\"ImageObject\",\"inLanguage\":\"fr-FR\",\"@id\":\"https:\\\/\\\/secure.gravatar.com\\\/avatar\\\/82eb951df6110a2c48d1bfa7a67d1ee6f0cd5df3cbf9c3586dd61e82db7172a5?s=96&d=mm&r=g\",\"url\":\"https:\\\/\\\/secure.gravatar.com\\\/avatar\\\/82eb951df6110a2c48d1bfa7a67d1ee6f0cd5df3cbf9c3586dd61e82db7172a5?s=96&d=mm&r=g\",\"contentUrl\":\"https:\\\/\\\/secure.gravatar.com\\\/avatar\\\/82eb951df6110a2c48d1bfa7a67d1ee6f0cd5df3cbf9c3586dd61e82db7172a5?s=96&d=mm&r=g\",\"caption\":\"Claude DAYRES\"},\"url\":\"https:\\\/\\\/jumeaux91.fr\\\/blog\\\/author\\\/x91claude\\\/\"}]}<\/script>\n<!-- \/ Yoast SEO plugin. -->","yoast_head_json":{"title":"Jonathan et K\u00e9vin Borl\u00e9e : \u00ab \u00catre jumeaux, c'est une charge \u00e9motionnelle que n'ont pas nos adversaires \u00bb - JUMEAUX91","robots":{"index":"index","follow":"follow","max-snippet":"max-snippet:-1","max-image-preview":"max-image-preview:large","max-video-preview":"max-video-preview:-1"},"canonical":"https:\/\/jumeaux91.fr\/blog\/jonathan-et-kevin-borlee-etre-jumeaux-cest-une-charge-emotionnelle-que-nont-pas-nos-adversaires\/","og_locale":"fr_FR","og_type":"article","og_title":"Jonathan et K\u00e9vin Borl\u00e9e : \u00ab \u00catre jumeaux, c'est une charge \u00e9motionnelle que n'ont pas nos adversaires \u00bb - JUMEAUX91","og_url":"https:\/\/jumeaux91.fr\/blog\/jonathan-et-kevin-borlee-etre-jumeaux-cest-une-charge-emotionnelle-que-nont-pas-nos-adversaires\/","og_site_name":"JUMEAUX91","article_published_time":"2026-04-16T10:12:00+00:00","og_image":[{"url":"https:\/\/jumeaux91.fr\/blog\/wp-content\/uploads\/2026\/04\/jonathan-et-kevin-borlee-etre-jumeaux-cest-une-charge-emotionnelle-que-nont-pas-nos-adversaires.jpg","type":"","width":"","height":""}],"author":"Claude DAYRES","twitter_card":"summary_large_image","twitter_misc":{"\u00c9crit par":"Claude DAYRES"},"schema":{"@context":"https:\/\/schema.org","@graph":[{"@type":"Article","@id":"https:\/\/jumeaux91.fr\/blog\/jonathan-et-kevin-borlee-etre-jumeaux-cest-une-charge-emotionnelle-que-nont-pas-nos-adversaires\/#article","isPartOf":{"@id":"https:\/\/jumeaux91.fr\/blog\/jonathan-et-kevin-borlee-etre-jumeaux-cest-une-charge-emotionnelle-que-nont-pas-nos-adversaires\/"},"author":{"name":"Claude DAYRES","@id":"https:\/\/jumeaux91.fr\/blog\/#\/schema\/person\/21da06e9f119b9f64e5d45dbbd32d3fb"},"headline":"Jonathan et K\u00e9vin Borl\u00e9e : \u00ab \u00catre jumeaux, c&rsquo;est une charge \u00e9motionnelle que n&rsquo;ont pas nos adversaires \u00bb","datePublished":"2026-04-16T10:12:00+00:00","mainEntityOfPage":{"@id":"https:\/\/jumeaux91.fr\/blog\/jonathan-et-kevin-borlee-etre-jumeaux-cest-une-charge-emotionnelle-que-nont-pas-nos-adversaires\/"},"wordCount":19,"publisher":{"@id":"https:\/\/jumeaux91.fr\/blog\/#organization"},"image":{"@id":"https:\/\/jumeaux91.fr\/blog\/jonathan-et-kevin-borlee-etre-jumeaux-cest-une-charge-emotionnelle-que-nont-pas-nos-adversaires\/#primaryimage"},"thumbnailUrl":"https:\/\/jumeaux91.fr\/blog\/wp-content\/uploads\/2026\/04\/jonathan-et-kevin-borlee-etre-jumeaux-cest-une-charge-emotionnelle-que-nont-pas-nos-adversaires.jpg","articleSection":["Posts Fr\u00e8res Jumeaux De L'Essonnes:"],"inLanguage":"fr-FR"},{"@type":"WebPage","@id":"https:\/\/jumeaux91.fr\/blog\/jonathan-et-kevin-borlee-etre-jumeaux-cest-une-charge-emotionnelle-que-nont-pas-nos-adversaires\/","url":"https:\/\/jumeaux91.fr\/blog\/jonathan-et-kevin-borlee-etre-jumeaux-cest-une-charge-emotionnelle-que-nont-pas-nos-adversaires\/","name":"Jonathan et K\u00e9vin Borl\u00e9e : \u00ab \u00catre jumeaux, c'est une charge \u00e9motionnelle que n'ont pas nos adversaires \u00bb - JUMEAUX91","isPartOf":{"@id":"https:\/\/jumeaux91.fr\/blog\/#website"},"primaryImageOfPage":{"@id":"https:\/\/jumeaux91.fr\/blog\/jonathan-et-kevin-borlee-etre-jumeaux-cest-une-charge-emotionnelle-que-nont-pas-nos-adversaires\/#primaryimage"},"image":{"@id":"https:\/\/jumeaux91.fr\/blog\/jonathan-et-kevin-borlee-etre-jumeaux-cest-une-charge-emotionnelle-que-nont-pas-nos-adversaires\/#primaryimage"},"thumbnailUrl":"https:\/\/jumeaux91.fr\/blog\/wp-content\/uploads\/2026\/04\/jonathan-et-kevin-borlee-etre-jumeaux-cest-une-charge-emotionnelle-que-nont-pas-nos-adversaires.jpg","datePublished":"2026-04-16T10:12:00+00:00","breadcrumb":{"@id":"https:\/\/jumeaux91.fr\/blog\/jonathan-et-kevin-borlee-etre-jumeaux-cest-une-charge-emotionnelle-que-nont-pas-nos-adversaires\/#breadcrumb"},"inLanguage":"fr-FR","potentialAction":[{"@type":"ReadAction","target":["https:\/\/jumeaux91.fr\/blog\/jonathan-et-kevin-borlee-etre-jumeaux-cest-une-charge-emotionnelle-que-nont-pas-nos-adversaires\/"]}]},{"@type":"ImageObject","inLanguage":"fr-FR","@id":"https:\/\/jumeaux91.fr\/blog\/jonathan-et-kevin-borlee-etre-jumeaux-cest-une-charge-emotionnelle-que-nont-pas-nos-adversaires\/#primaryimage","url":"https:\/\/jumeaux91.fr\/blog\/wp-content\/uploads\/2026\/04\/jonathan-et-kevin-borlee-etre-jumeaux-cest-une-charge-emotionnelle-que-nont-pas-nos-adversaires.jpg","contentUrl":"https:\/\/jumeaux91.fr\/blog\/wp-content\/uploads\/2026\/04\/jonathan-et-kevin-borlee-etre-jumeaux-cest-une-charge-emotionnelle-que-nont-pas-nos-adversaires.jpg","width":640,"height":320,"caption":"Jonathan et K\u00e9vin Borl\u00e9e : \u00ab \u00catre jumeaux, c'est une charge \u00e9motionnelle que n'ont pas nos adversaires \u00bb"},{"@type":"BreadcrumbList","@id":"https:\/\/jumeaux91.fr\/blog\/jonathan-et-kevin-borlee-etre-jumeaux-cest-une-charge-emotionnelle-que-nont-pas-nos-adversaires\/#breadcrumb","itemListElement":[{"@type":"ListItem","position":1,"name":"Accueil","item":"https:\/\/jumeaux91.fr\/blog\/"},{"@type":"ListItem","position":2,"name":"Jonathan et K\u00e9vin Borl\u00e9e : \u00ab \u00catre jumeaux, c&rsquo;est une charge \u00e9motionnelle que n&rsquo;ont pas nos adversaires \u00bb"}]},{"@type":"WebSite","@id":"https:\/\/jumeaux91.fr\/blog\/#website","url":"https:\/\/jumeaux91.fr\/blog\/","name":"JUMEAUX91","description":"Fr\u00e8res jumeaux de l&#039;Essonnes; informations et archives, \u00e0 savoir et retenir.","publisher":{"@id":"https:\/\/jumeaux91.fr\/blog\/#organization"},"potentialAction":[{"@type":"SearchAction","target":{"@type":"EntryPoint","urlTemplate":"https:\/\/jumeaux91.fr\/blog\/?s={search_term_string}"},"query-input":{"@type":"PropertyValueSpecification","valueRequired":true,"valueName":"search_term_string"}}],"inLanguage":"fr-FR"},{"@type":"Organization","@id":"https:\/\/jumeaux91.fr\/blog\/#organization","name":"jumeaux91","url":"https:\/\/jumeaux91.fr\/blog\/","logo":{"@type":"ImageObject","inLanguage":"fr-FR","@id":"https:\/\/jumeaux91.fr\/blog\/#\/schema\/logo\/image\/","url":"https:\/\/jumeaux91.fr\/blog\/wp-content\/uploads\/2023\/05\/cropped-cropped-logoJ_91.png","contentUrl":"https:\/\/jumeaux91.fr\/blog\/wp-content\/uploads\/2023\/05\/cropped-cropped-logoJ_91.png","width":512,"height":512,"caption":"jumeaux91"},"image":{"@id":"https:\/\/jumeaux91.fr\/blog\/#\/schema\/logo\/image\/"}},{"@type":"Person","@id":"https:\/\/jumeaux91.fr\/blog\/#\/schema\/person\/21da06e9f119b9f64e5d45dbbd32d3fb","name":"Claude DAYRES","image":{"@type":"ImageObject","inLanguage":"fr-FR","@id":"https:\/\/secure.gravatar.com\/avatar\/82eb951df6110a2c48d1bfa7a67d1ee6f0cd5df3cbf9c3586dd61e82db7172a5?s=96&d=mm&r=g","url":"https:\/\/secure.gravatar.com\/avatar\/82eb951df6110a2c48d1bfa7a67d1ee6f0cd5df3cbf9c3586dd61e82db7172a5?s=96&d=mm&r=g","contentUrl":"https:\/\/secure.gravatar.com\/avatar\/82eb951df6110a2c48d1bfa7a67d1ee6f0cd5df3cbf9c3586dd61e82db7172a5?s=96&d=mm&r=g","caption":"Claude DAYRES"},"url":"https:\/\/jumeaux91.fr\/blog\/author\/x91claude\/"}]}},"_links":{"self":[{"href":"https:\/\/jumeaux91.fr\/blog\/wp-json\/wp\/v2\/posts\/2076","targetHints":{"allow":["GET"]}}],"collection":[{"href":"https:\/\/jumeaux91.fr\/blog\/wp-json\/wp\/v2\/posts"}],"about":[{"href":"https:\/\/jumeaux91.fr\/blog\/wp-json\/wp\/v2\/types\/post"}],"author":[{"embeddable":true,"href":"https:\/\/jumeaux91.fr\/blog\/wp-json\/wp\/v2\/users\/2"}],"replies":[{"embeddable":true,"href":"https:\/\/jumeaux91.fr\/blog\/wp-json\/wp\/v2\/comments?post=2076"}],"version-history":[{"count":0,"href":"https:\/\/jumeaux91.fr\/blog\/wp-json\/wp\/v2\/posts\/2076\/revisions"}],"wp:featuredmedia":[{"embeddable":true,"href":"https:\/\/jumeaux91.fr\/blog\/wp-json\/wp\/v2\/media\/2077"}],"wp:attachment":[{"href":"https:\/\/jumeaux91.fr\/blog\/wp-json\/wp\/v2\/media?parent=2076"}],"wp:term":[{"taxonomy":"category","embeddable":true,"href":"https:\/\/jumeaux91.fr\/blog\/wp-json\/wp\/v2\/categories?post=2076"},{"taxonomy":"post_tag","embeddable":true,"href":"https:\/\/jumeaux91.fr\/blog\/wp-json\/wp\/v2\/tags?post=2076"}],"curies":[{"name":"wp","href":"https:\/\/api.w.org\/{rel}","templated":true}]}}