{"id":283,"date":"2023-12-29T07:42:11","date_gmt":"2023-12-29T06:42:11","guid":{"rendered":"https:\/\/jumeaux91.fr\/blog\/tetes-couronnees-lannee-2023-des-jeunes-princes-et-princesses-en-6-photos\/"},"modified":"2023-12-29T07:42:11","modified_gmt":"2023-12-29T06:42:11","slug":"tetes-couronnees-lannee-2023-des-jeunes-princes-et-princesses-en-6-photos","status":"publish","type":"post","link":"https:\/\/jumeaux91.fr\/blog\/tetes-couronnees-lannee-2023-des-jeunes-princes-et-princesses-en-6-photos\/","title":{"rendered":"T\u00eates couronn\u00e9es : l&rsquo;ann\u00e9e 2023 des jeunes princes et princesses en 6 photos"},"content":{"rendered":"<div>Du prince Louis, qui s&rsquo;amuse (et s&rsquo;amuse), \u00e0 ses grands fr\u00e8res George et Charlotte, en passant par les jumeaux de Monaco : l&rsquo;ann\u00e9e qui s&rsquo;ach\u00e8ve a aussi vu d\u00e9filer les petits royaux.<\/div>\n<p><!-- no image --><a href=\"https:\/\/www.msn.com\/fr-fr\/divertissement\/celebrites\/t%C3%AAtes-couronn%C3%A9es-lann%C3%A9e-2023-des-jeunes-princes-et-princesses-en-6-photos\/ar-AA1mbnu2\" target=\"_blank\" rel=\"nofollow\">Aller \u00e0 la source<\/a><br \/>La chronique se veut g\u00e9n\u00e9r\u00e9e de la fa\u00e7on la plus claire que possible. Dans le cas o\u00f9 vous souhaitez pr\u00e9senter des renseignements compl\u00e9mentaires \u00e0 cet article sur le sujet \u00ab\u00a0Fr\u00e8res jumeaux de l&rsquo;Essonnes\u00a0\u00bb il vous est possible d\u2019\u00e9crire aux contacts indiqu\u00e9s sur notre website. La raison d\u2019\u00eatre de jumeaux91.fr \u00e9tant de rassembler sur le web des posts sur le sujet de Fr\u00e8res jumeaux de l&rsquo;Essonnes puis les diffuser en r\u00e9pondant au mieux aux interrogations des gens. Vous pouvez tirer profit de cet article traitant le sujet \u00ab\u00a0Fr\u00e8res jumeaux de l&rsquo;Essonnes\u00a0\u00bb. Il est concoct\u00e9 par l\u2019\u00e9quipe jumeaux91.fr. Prochainement, nous rendrons accessibles au public d&rsquo;autres informations pertinentes sur le sujet \u00ab\u00a0Fr\u00e8res jumeaux de l&rsquo;Essonnes\u00a0\u00bb. Alors, consultez syst\u00e9matiquement notre blog.<\/p>\n","protected":false},"excerpt":{"rendered":"<p>Du prince Louis, qui s&rsquo;amuse (et s&rsquo;amuse), \u00e0 ses grands fr\u00e8res George et Charlotte, en passant par les jumeaux de Monaco : l&rsquo;ann\u00e9e qui s&rsquo;ach\u00e8ve a aussi vu d\u00e9filer les petits royaux. Aller \u00e0 la sourceLa chronique se veut g\u00e9n\u00e9r\u00e9e de la fa\u00e7on la plus claire que possible. Dans le cas o\u00f9 vous souhaitez pr\u00e9senter&hellip; <a class=\"more-link\" href=\"https:\/\/jumeaux91.fr\/blog\/tetes-couronnees-lannee-2023-des-jeunes-princes-et-princesses-en-6-photos\/\">Poursuivre la lecture <span class=\"screen-reader-text\">T\u00eates couronn\u00e9es : l&rsquo;ann\u00e9e 2023 des jeunes princes et princesses en 6 photos<\/span><\/a><\/p>\n","protected":false},"author":2,"featured_media":0,"comment_status":"closed","ping_status":"closed","sticky":false,"template":"","format":"standard","meta":{"footnotes":""},"categories":[4],"tags":[],"class_list":["post-283","post","type-post","status-publish","format-standard","hentry","category-posts-freres-jumeaux-de-lessonnes","entry"],"yoast_head":"<!-- This site is optimized with the Yoast SEO plugin v27.5 - https:\/\/yoast.com\/product\/yoast-seo-wordpress\/ -->\n<title>T\u00eates couronn\u00e9es : l&#039;ann\u00e9e 2023 des jeunes princes et princesses en 6 photos - JUMEAUX91<\/title>\n<meta name=\"robots\" content=\"index, follow, max-snippet:-1, max-image-preview:large, max-video-preview:-1\" \/>\n<link rel=\"canonical\" href=\"https:\/\/jumeaux91.fr\/blog\/tetes-couronnees-lannee-2023-des-jeunes-princes-et-princesses-en-6-photos\/\" \/>\n<meta property=\"og:locale\" content=\"fr_FR\" \/>\n<meta property=\"og:type\" content=\"article\" \/>\n<meta property=\"og:title\" content=\"T\u00eates couronn\u00e9es : l&#039;ann\u00e9e 2023 des jeunes princes et princesses en 6 photos - JUMEAUX91\" \/>\n<meta property=\"og:description\" content=\"Du prince Louis, qui s&rsquo;amuse (et s&rsquo;amuse), \u00e0 ses grands fr\u00e8res George et Charlotte, en passant par les jumeaux de Monaco : l&rsquo;ann\u00e9e qui s&rsquo;ach\u00e8ve a aussi vu d\u00e9filer les petits royaux. Aller \u00e0 la sourceLa chronique se veut g\u00e9n\u00e9r\u00e9e de la fa\u00e7on la plus claire que possible. Dans le cas o\u00f9 vous souhaitez pr\u00e9senter&hellip; Poursuivre la lecture T\u00eates couronn\u00e9es : l&rsquo;ann\u00e9e 2023 des jeunes princes et princesses en 6 photos\" \/>\n<meta property=\"og:url\" content=\"https:\/\/jumeaux91.fr\/blog\/tetes-couronnees-lannee-2023-des-jeunes-princes-et-princesses-en-6-photos\/\" \/>\n<meta property=\"og:site_name\" content=\"JUMEAUX91\" \/>\n<meta property=\"article:published_time\" content=\"2023-12-29T06:42:11+00:00\" \/>\n<meta name=\"author\" content=\"Claude DAYRES\" \/>\n<meta name=\"twitter:card\" content=\"summary_large_image\" \/>\n<meta name=\"twitter:label1\" content=\"\u00c9crit par\" \/>\n\t<meta name=\"twitter:data1\" content=\"Claude DAYRES\" \/>\n\t<meta name=\"twitter:label2\" content=\"Dur\u00e9e de lecture estim\u00e9e\" \/>\n\t<meta name=\"twitter:data2\" content=\"1 minute\" \/>\n<script type=\"application\/ld+json\" class=\"yoast-schema-graph\">{\"@context\":\"https:\\\/\\\/schema.org\",\"@graph\":[{\"@type\":\"Article\",\"@id\":\"https:\\\/\\\/jumeaux91.fr\\\/blog\\\/tetes-couronnees-lannee-2023-des-jeunes-princes-et-princesses-en-6-photos\\\/#article\",\"isPartOf\":{\"@id\":\"https:\\\/\\\/jumeaux91.fr\\\/blog\\\/tetes-couronnees-lannee-2023-des-jeunes-princes-et-princesses-en-6-photos\\\/\"},\"author\":{\"name\":\"Claude DAYRES\",\"@id\":\"https:\\\/\\\/jumeaux91.fr\\\/blog\\\/#\\\/schema\\\/person\\\/21da06e9f119b9f64e5d45dbbd32d3fb\"},\"headline\":\"T\u00eates couronn\u00e9es : l&rsquo;ann\u00e9e 2023 des jeunes princes et princesses en 6 photos\",\"datePublished\":\"2023-12-29T06:42:11+00:00\",\"mainEntityOfPage\":{\"@id\":\"https:\\\/\\\/jumeaux91.fr\\\/blog\\\/tetes-couronnees-lannee-2023-des-jeunes-princes-et-princesses-en-6-photos\\\/\"},\"wordCount\":194,\"publisher\":{\"@id\":\"https:\\\/\\\/jumeaux91.fr\\\/blog\\\/#organization\"},\"articleSection\":[\"Posts Fr\u00e8res Jumeaux De L'Essonnes:\"],\"inLanguage\":\"fr-FR\"},{\"@type\":\"WebPage\",\"@id\":\"https:\\\/\\\/jumeaux91.fr\\\/blog\\\/tetes-couronnees-lannee-2023-des-jeunes-princes-et-princesses-en-6-photos\\\/\",\"url\":\"https:\\\/\\\/jumeaux91.fr\\\/blog\\\/tetes-couronnees-lannee-2023-des-jeunes-princes-et-princesses-en-6-photos\\\/\",\"name\":\"T\u00eates couronn\u00e9es : l'ann\u00e9e 2023 des jeunes princes et princesses en 6 photos - JUMEAUX91\",\"isPartOf\":{\"@id\":\"https:\\\/\\\/jumeaux91.fr\\\/blog\\\/#website\"},\"datePublished\":\"2023-12-29T06:42:11+00:00\",\"breadcrumb\":{\"@id\":\"https:\\\/\\\/jumeaux91.fr\\\/blog\\\/tetes-couronnees-lannee-2023-des-jeunes-princes-et-princesses-en-6-photos\\\/#breadcrumb\"},\"inLanguage\":\"fr-FR\",\"potentialAction\":[{\"@type\":\"ReadAction\",\"target\":[\"https:\\\/\\\/jumeaux91.fr\\\/blog\\\/tetes-couronnees-lannee-2023-des-jeunes-princes-et-princesses-en-6-photos\\\/\"]}]},{\"@type\":\"BreadcrumbList\",\"@id\":\"https:\\\/\\\/jumeaux91.fr\\\/blog\\\/tetes-couronnees-lannee-2023-des-jeunes-princes-et-princesses-en-6-photos\\\/#breadcrumb\",\"itemListElement\":[{\"@type\":\"ListItem\",\"position\":1,\"name\":\"Accueil\",\"item\":\"https:\\\/\\\/jumeaux91.fr\\\/blog\\\/\"},{\"@type\":\"ListItem\",\"position\":2,\"name\":\"T\u00eates couronn\u00e9es : l&rsquo;ann\u00e9e 2023 des jeunes princes et princesses en 6 photos\"}]},{\"@type\":\"WebSite\",\"@id\":\"https:\\\/\\\/jumeaux91.fr\\\/blog\\\/#website\",\"url\":\"https:\\\/\\\/jumeaux91.fr\\\/blog\\\/\",\"name\":\"JUMEAUX91\",\"description\":\"Fr\u00e8res jumeaux de l&#039;Essonnes; informations et archives, \u00e0 savoir et retenir.\",\"publisher\":{\"@id\":\"https:\\\/\\\/jumeaux91.fr\\\/blog\\\/#organization\"},\"potentialAction\":[{\"@type\":\"SearchAction\",\"target\":{\"@type\":\"EntryPoint\",\"urlTemplate\":\"https:\\\/\\\/jumeaux91.fr\\\/blog\\\/?s={search_term_string}\"},\"query-input\":{\"@type\":\"PropertyValueSpecification\",\"valueRequired\":true,\"valueName\":\"search_term_string\"}}],\"inLanguage\":\"fr-FR\"},{\"@type\":\"Organization\",\"@id\":\"https:\\\/\\\/jumeaux91.fr\\\/blog\\\/#organization\",\"name\":\"jumeaux91\",\"url\":\"https:\\\/\\\/jumeaux91.fr\\\/blog\\\/\",\"logo\":{\"@type\":\"ImageObject\",\"inLanguage\":\"fr-FR\",\"@id\":\"https:\\\/\\\/jumeaux91.fr\\\/blog\\\/#\\\/schema\\\/logo\\\/image\\\/\",\"url\":\"https:\\\/\\\/jumeaux91.fr\\\/blog\\\/wp-content\\\/uploads\\\/2023\\\/05\\\/cropped-cropped-logoJ_91.png\",\"contentUrl\":\"https:\\\/\\\/jumeaux91.fr\\\/blog\\\/wp-content\\\/uploads\\\/2023\\\/05\\\/cropped-cropped-logoJ_91.png\",\"width\":512,\"height\":512,\"caption\":\"jumeaux91\"},\"image\":{\"@id\":\"https:\\\/\\\/jumeaux91.fr\\\/blog\\\/#\\\/schema\\\/logo\\\/image\\\/\"}},{\"@type\":\"Person\",\"@id\":\"https:\\\/\\\/jumeaux91.fr\\\/blog\\\/#\\\/schema\\\/person\\\/21da06e9f119b9f64e5d45dbbd32d3fb\",\"name\":\"Claude DAYRES\",\"image\":{\"@type\":\"ImageObject\",\"inLanguage\":\"fr-FR\",\"@id\":\"https:\\\/\\\/secure.gravatar.com\\\/avatar\\\/82eb951df6110a2c48d1bfa7a67d1ee6f0cd5df3cbf9c3586dd61e82db7172a5?s=96&d=mm&r=g\",\"url\":\"https:\\\/\\\/secure.gravatar.com\\\/avatar\\\/82eb951df6110a2c48d1bfa7a67d1ee6f0cd5df3cbf9c3586dd61e82db7172a5?s=96&d=mm&r=g\",\"contentUrl\":\"https:\\\/\\\/secure.gravatar.com\\\/avatar\\\/82eb951df6110a2c48d1bfa7a67d1ee6f0cd5df3cbf9c3586dd61e82db7172a5?s=96&d=mm&r=g\",\"caption\":\"Claude DAYRES\"},\"url\":\"https:\\\/\\\/jumeaux91.fr\\\/blog\\\/author\\\/x91claude\\\/\"}]}<\/script>\n<!-- \/ Yoast SEO plugin. -->","yoast_head_json":{"title":"T\u00eates couronn\u00e9es : l'ann\u00e9e 2023 des jeunes princes et princesses en 6 photos - JUMEAUX91","robots":{"index":"index","follow":"follow","max-snippet":"max-snippet:-1","max-image-preview":"max-image-preview:large","max-video-preview":"max-video-preview:-1"},"canonical":"https:\/\/jumeaux91.fr\/blog\/tetes-couronnees-lannee-2023-des-jeunes-princes-et-princesses-en-6-photos\/","og_locale":"fr_FR","og_type":"article","og_title":"T\u00eates couronn\u00e9es : l'ann\u00e9e 2023 des jeunes princes et princesses en 6 photos - JUMEAUX91","og_description":"Du prince Louis, qui s&rsquo;amuse (et s&rsquo;amuse), \u00e0 ses grands fr\u00e8res George et Charlotte, en passant par les jumeaux de Monaco : l&rsquo;ann\u00e9e qui s&rsquo;ach\u00e8ve a aussi vu d\u00e9filer les petits royaux. Aller \u00e0 la sourceLa chronique se veut g\u00e9n\u00e9r\u00e9e de la fa\u00e7on la plus claire que possible. Dans le cas o\u00f9 vous souhaitez pr\u00e9senter&hellip; Poursuivre la lecture T\u00eates couronn\u00e9es : l&rsquo;ann\u00e9e 2023 des jeunes princes et princesses en 6 photos","og_url":"https:\/\/jumeaux91.fr\/blog\/tetes-couronnees-lannee-2023-des-jeunes-princes-et-princesses-en-6-photos\/","og_site_name":"JUMEAUX91","article_published_time":"2023-12-29T06:42:11+00:00","author":"Claude DAYRES","twitter_card":"summary_large_image","twitter_misc":{"\u00c9crit par":"Claude DAYRES","Dur\u00e9e de lecture estim\u00e9e":"1 minute"},"schema":{"@context":"https:\/\/schema.org","@graph":[{"@type":"Article","@id":"https:\/\/jumeaux91.fr\/blog\/tetes-couronnees-lannee-2023-des-jeunes-princes-et-princesses-en-6-photos\/#article","isPartOf":{"@id":"https:\/\/jumeaux91.fr\/blog\/tetes-couronnees-lannee-2023-des-jeunes-princes-et-princesses-en-6-photos\/"},"author":{"name":"Claude DAYRES","@id":"https:\/\/jumeaux91.fr\/blog\/#\/schema\/person\/21da06e9f119b9f64e5d45dbbd32d3fb"},"headline":"T\u00eates couronn\u00e9es : l&rsquo;ann\u00e9e 2023 des jeunes princes et princesses en 6 photos","datePublished":"2023-12-29T06:42:11+00:00","mainEntityOfPage":{"@id":"https:\/\/jumeaux91.fr\/blog\/tetes-couronnees-lannee-2023-des-jeunes-princes-et-princesses-en-6-photos\/"},"wordCount":194,"publisher":{"@id":"https:\/\/jumeaux91.fr\/blog\/#organization"},"articleSection":["Posts Fr\u00e8res Jumeaux De L'Essonnes:"],"inLanguage":"fr-FR"},{"@type":"WebPage","@id":"https:\/\/jumeaux91.fr\/blog\/tetes-couronnees-lannee-2023-des-jeunes-princes-et-princesses-en-6-photos\/","url":"https:\/\/jumeaux91.fr\/blog\/tetes-couronnees-lannee-2023-des-jeunes-princes-et-princesses-en-6-photos\/","name":"T\u00eates couronn\u00e9es : l'ann\u00e9e 2023 des jeunes princes et princesses en 6 photos - JUMEAUX91","isPartOf":{"@id":"https:\/\/jumeaux91.fr\/blog\/#website"},"datePublished":"2023-12-29T06:42:11+00:00","breadcrumb":{"@id":"https:\/\/jumeaux91.fr\/blog\/tetes-couronnees-lannee-2023-des-jeunes-princes-et-princesses-en-6-photos\/#breadcrumb"},"inLanguage":"fr-FR","potentialAction":[{"@type":"ReadAction","target":["https:\/\/jumeaux91.fr\/blog\/tetes-couronnees-lannee-2023-des-jeunes-princes-et-princesses-en-6-photos\/"]}]},{"@type":"BreadcrumbList","@id":"https:\/\/jumeaux91.fr\/blog\/tetes-couronnees-lannee-2023-des-jeunes-princes-et-princesses-en-6-photos\/#breadcrumb","itemListElement":[{"@type":"ListItem","position":1,"name":"Accueil","item":"https:\/\/jumeaux91.fr\/blog\/"},{"@type":"ListItem","position":2,"name":"T\u00eates couronn\u00e9es : l&rsquo;ann\u00e9e 2023 des jeunes princes et princesses en 6 photos"}]},{"@type":"WebSite","@id":"https:\/\/jumeaux91.fr\/blog\/#website","url":"https:\/\/jumeaux91.fr\/blog\/","name":"JUMEAUX91","description":"Fr\u00e8res jumeaux de l&#039;Essonnes; informations et archives, \u00e0 savoir et retenir.","publisher":{"@id":"https:\/\/jumeaux91.fr\/blog\/#organization"},"potentialAction":[{"@type":"SearchAction","target":{"@type":"EntryPoint","urlTemplate":"https:\/\/jumeaux91.fr\/blog\/?s={search_term_string}"},"query-input":{"@type":"PropertyValueSpecification","valueRequired":true,"valueName":"search_term_string"}}],"inLanguage":"fr-FR"},{"@type":"Organization","@id":"https:\/\/jumeaux91.fr\/blog\/#organization","name":"jumeaux91","url":"https:\/\/jumeaux91.fr\/blog\/","logo":{"@type":"ImageObject","inLanguage":"fr-FR","@id":"https:\/\/jumeaux91.fr\/blog\/#\/schema\/logo\/image\/","url":"https:\/\/jumeaux91.fr\/blog\/wp-content\/uploads\/2023\/05\/cropped-cropped-logoJ_91.png","contentUrl":"https:\/\/jumeaux91.fr\/blog\/wp-content\/uploads\/2023\/05\/cropped-cropped-logoJ_91.png","width":512,"height":512,"caption":"jumeaux91"},"image":{"@id":"https:\/\/jumeaux91.fr\/blog\/#\/schema\/logo\/image\/"}},{"@type":"Person","@id":"https:\/\/jumeaux91.fr\/blog\/#\/schema\/person\/21da06e9f119b9f64e5d45dbbd32d3fb","name":"Claude DAYRES","image":{"@type":"ImageObject","inLanguage":"fr-FR","@id":"https:\/\/secure.gravatar.com\/avatar\/82eb951df6110a2c48d1bfa7a67d1ee6f0cd5df3cbf9c3586dd61e82db7172a5?s=96&d=mm&r=g","url":"https:\/\/secure.gravatar.com\/avatar\/82eb951df6110a2c48d1bfa7a67d1ee6f0cd5df3cbf9c3586dd61e82db7172a5?s=96&d=mm&r=g","contentUrl":"https:\/\/secure.gravatar.com\/avatar\/82eb951df6110a2c48d1bfa7a67d1ee6f0cd5df3cbf9c3586dd61e82db7172a5?s=96&d=mm&r=g","caption":"Claude DAYRES"},"url":"https:\/\/jumeaux91.fr\/blog\/author\/x91claude\/"}]}},"_links":{"self":[{"href":"https:\/\/jumeaux91.fr\/blog\/wp-json\/wp\/v2\/posts\/283","targetHints":{"allow":["GET"]}}],"collection":[{"href":"https:\/\/jumeaux91.fr\/blog\/wp-json\/wp\/v2\/posts"}],"about":[{"href":"https:\/\/jumeaux91.fr\/blog\/wp-json\/wp\/v2\/types\/post"}],"author":[{"embeddable":true,"href":"https:\/\/jumeaux91.fr\/blog\/wp-json\/wp\/v2\/users\/2"}],"replies":[{"embeddable":true,"href":"https:\/\/jumeaux91.fr\/blog\/wp-json\/wp\/v2\/comments?post=283"}],"version-history":[{"count":0,"href":"https:\/\/jumeaux91.fr\/blog\/wp-json\/wp\/v2\/posts\/283\/revisions"}],"wp:attachment":[{"href":"https:\/\/jumeaux91.fr\/blog\/wp-json\/wp\/v2\/media?parent=283"}],"wp:term":[{"taxonomy":"category","embeddable":true,"href":"https:\/\/jumeaux91.fr\/blog\/wp-json\/wp\/v2\/categories?post=283"},{"taxonomy":"post_tag","embeddable":true,"href":"https:\/\/jumeaux91.fr\/blog\/wp-json\/wp\/v2\/tags?post=283"}],"curies":[{"name":"wp","href":"https:\/\/api.w.org\/{rel}","templated":true}]}}