{"id":311,"date":"2024-02-03T10:44:37","date_gmt":"2024-02-03T09:44:37","guid":{"rendered":"https:\/\/jumeaux91.fr\/blog\/lhistoire-du-mysterieux-tresor-corse-de-lava\/"},"modified":"2024-02-03T10:44:37","modified_gmt":"2024-02-03T09:44:37","slug":"lhistoire-du-mysterieux-tresor-corse-de-lava","status":"publish","type":"post","link":"https:\/\/jumeaux91.fr\/blog\/lhistoire-du-mysterieux-tresor-corse-de-lava\/","title":{"rendered":"L&rsquo;histoire du myst\u00e9rieux tr\u00e9sor corse de Lava"},"content":{"rendered":"<div>C&rsquo;est l\u2019histoire d\u2019un tr\u00e9sor sous-marin. Un tr\u00e9sor d\u00e9couvert il y a 40 ans en Corse, par les fr\u00e8res jumeaux Ange et F\u00e9lix Biancamaria. Cette semaine, lundi 30 janvier, l&rsquo;un des fr\u00e8res a \u00e9t\u00e9 condamn\u00e9 &#8230;<\/div>\n<p><!-- no image --><a href=\"https:\/\/www.bfmtv.com\/podcasts\/le-titre-a-la-une-junior\/l-histoire-du-mysterieux-tresor-corse-de-lava_EN-202402030103.html\" target=\"_blank\" rel=\"nofollow\">Aller \u00e0 la source<\/a><br \/>La chronique se veut g\u00e9n\u00e9r\u00e9e de la fa\u00e7on la plus claire que possible. Dans le cas o\u00f9 vous souhaitez pr\u00e9senter des renseignements compl\u00e9mentaires \u00e0 cet article sur le sujet \u00ab\u00a0Fr\u00e8res jumeaux de l&rsquo;Essonnes\u00a0\u00bb il vous est possible d\u2019\u00e9crire aux contacts indiqu\u00e9s sur notre website. La raison d\u2019\u00eatre de jumeaux91.fr \u00e9tant de rassembler sur le web des posts sur le sujet de Fr\u00e8res jumeaux de l&rsquo;Essonnes puis les diffuser en r\u00e9pondant au mieux aux interrogations des gens. Vous pouvez tirer profit de cet article traitant le sujet \u00ab\u00a0Fr\u00e8res jumeaux de l&rsquo;Essonnes\u00a0\u00bb. Il est concoct\u00e9 par l\u2019\u00e9quipe jumeaux91.fr. Prochainement, nous rendrons accessibles au public d&rsquo;autres informations pertinentes sur le sujet \u00ab\u00a0Fr\u00e8res jumeaux de l&rsquo;Essonnes\u00a0\u00bb. Alors, consultez syst\u00e9matiquement notre blog.<\/p>\n","protected":false},"excerpt":{"rendered":"<p>C&rsquo;est l\u2019histoire d\u2019un tr\u00e9sor sous-marin. Un tr\u00e9sor d\u00e9couvert il y a 40 ans en Corse, par les fr\u00e8res jumeaux Ange et F\u00e9lix Biancamaria. Cette semaine, lundi 30 janvier, l&rsquo;un des fr\u00e8res a \u00e9t\u00e9 condamn\u00e9 &#8230; Aller \u00e0 la sourceLa chronique se veut g\u00e9n\u00e9r\u00e9e de la fa\u00e7on la plus claire que possible. Dans le cas o\u00f9&hellip; <a class=\"more-link\" href=\"https:\/\/jumeaux91.fr\/blog\/lhistoire-du-mysterieux-tresor-corse-de-lava\/\">Poursuivre la lecture <span class=\"screen-reader-text\">L&rsquo;histoire du myst\u00e9rieux tr\u00e9sor corse de Lava<\/span><\/a><\/p>\n","protected":false},"author":2,"featured_media":0,"comment_status":"closed","ping_status":"closed","sticky":false,"template":"","format":"standard","meta":{"footnotes":""},"categories":[4],"tags":[],"class_list":["post-311","post","type-post","status-publish","format-standard","hentry","category-posts-freres-jumeaux-de-lessonnes","entry"],"yoast_head":"<!-- This site is optimized with the Yoast SEO plugin v27.5 - https:\/\/yoast.com\/product\/yoast-seo-wordpress\/ -->\n<title>L&#039;histoire du myst\u00e9rieux tr\u00e9sor corse de Lava - JUMEAUX91<\/title>\n<meta name=\"robots\" content=\"index, follow, max-snippet:-1, max-image-preview:large, max-video-preview:-1\" \/>\n<link rel=\"canonical\" href=\"https:\/\/jumeaux91.fr\/blog\/lhistoire-du-mysterieux-tresor-corse-de-lava\/\" \/>\n<meta property=\"og:locale\" content=\"fr_FR\" \/>\n<meta property=\"og:type\" content=\"article\" \/>\n<meta property=\"og:title\" content=\"L&#039;histoire du myst\u00e9rieux tr\u00e9sor corse de Lava - JUMEAUX91\" \/>\n<meta property=\"og:description\" content=\"C&rsquo;est l\u2019histoire d\u2019un tr\u00e9sor sous-marin. Un tr\u00e9sor d\u00e9couvert il y a 40 ans en Corse, par les fr\u00e8res jumeaux Ange et F\u00e9lix Biancamaria. Cette semaine, lundi 30 janvier, l&rsquo;un des fr\u00e8res a \u00e9t\u00e9 condamn\u00e9 &#8230; Aller \u00e0 la sourceLa chronique se veut g\u00e9n\u00e9r\u00e9e de la fa\u00e7on la plus claire que possible. Dans le cas o\u00f9&hellip; Poursuivre la lecture L&rsquo;histoire du myst\u00e9rieux tr\u00e9sor corse de Lava\" \/>\n<meta property=\"og:url\" content=\"https:\/\/jumeaux91.fr\/blog\/lhistoire-du-mysterieux-tresor-corse-de-lava\/\" \/>\n<meta property=\"og:site_name\" content=\"JUMEAUX91\" \/>\n<meta property=\"article:published_time\" content=\"2024-02-03T09:44:37+00:00\" \/>\n<meta name=\"author\" content=\"Claude DAYRES\" \/>\n<meta name=\"twitter:card\" content=\"summary_large_image\" \/>\n<meta name=\"twitter:label1\" content=\"\u00c9crit par\" \/>\n\t<meta name=\"twitter:data1\" content=\"Claude DAYRES\" \/>\n\t<meta name=\"twitter:label2\" content=\"Dur\u00e9e de lecture estim\u00e9e\" \/>\n\t<meta name=\"twitter:data2\" content=\"1 minute\" \/>\n<script type=\"application\/ld+json\" class=\"yoast-schema-graph\">{\"@context\":\"https:\\\/\\\/schema.org\",\"@graph\":[{\"@type\":\"Article\",\"@id\":\"https:\\\/\\\/jumeaux91.fr\\\/blog\\\/lhistoire-du-mysterieux-tresor-corse-de-lava\\\/#article\",\"isPartOf\":{\"@id\":\"https:\\\/\\\/jumeaux91.fr\\\/blog\\\/lhistoire-du-mysterieux-tresor-corse-de-lava\\\/\"},\"author\":{\"name\":\"Claude DAYRES\",\"@id\":\"https:\\\/\\\/jumeaux91.fr\\\/blog\\\/#\\\/schema\\\/person\\\/21da06e9f119b9f64e5d45dbbd32d3fb\"},\"headline\":\"L&rsquo;histoire du myst\u00e9rieux tr\u00e9sor corse de Lava\",\"datePublished\":\"2024-02-03T09:44:37+00:00\",\"mainEntityOfPage\":{\"@id\":\"https:\\\/\\\/jumeaux91.fr\\\/blog\\\/lhistoire-du-mysterieux-tresor-corse-de-lava\\\/\"},\"wordCount\":194,\"publisher\":{\"@id\":\"https:\\\/\\\/jumeaux91.fr\\\/blog\\\/#organization\"},\"articleSection\":[\"Posts Fr\u00e8res Jumeaux De L'Essonnes:\"],\"inLanguage\":\"fr-FR\"},{\"@type\":\"WebPage\",\"@id\":\"https:\\\/\\\/jumeaux91.fr\\\/blog\\\/lhistoire-du-mysterieux-tresor-corse-de-lava\\\/\",\"url\":\"https:\\\/\\\/jumeaux91.fr\\\/blog\\\/lhistoire-du-mysterieux-tresor-corse-de-lava\\\/\",\"name\":\"L'histoire du myst\u00e9rieux tr\u00e9sor corse de Lava - JUMEAUX91\",\"isPartOf\":{\"@id\":\"https:\\\/\\\/jumeaux91.fr\\\/blog\\\/#website\"},\"datePublished\":\"2024-02-03T09:44:37+00:00\",\"breadcrumb\":{\"@id\":\"https:\\\/\\\/jumeaux91.fr\\\/blog\\\/lhistoire-du-mysterieux-tresor-corse-de-lava\\\/#breadcrumb\"},\"inLanguage\":\"fr-FR\",\"potentialAction\":[{\"@type\":\"ReadAction\",\"target\":[\"https:\\\/\\\/jumeaux91.fr\\\/blog\\\/lhistoire-du-mysterieux-tresor-corse-de-lava\\\/\"]}]},{\"@type\":\"BreadcrumbList\",\"@id\":\"https:\\\/\\\/jumeaux91.fr\\\/blog\\\/lhistoire-du-mysterieux-tresor-corse-de-lava\\\/#breadcrumb\",\"itemListElement\":[{\"@type\":\"ListItem\",\"position\":1,\"name\":\"Accueil\",\"item\":\"https:\\\/\\\/jumeaux91.fr\\\/blog\\\/\"},{\"@type\":\"ListItem\",\"position\":2,\"name\":\"L&rsquo;histoire du myst\u00e9rieux tr\u00e9sor corse de Lava\"}]},{\"@type\":\"WebSite\",\"@id\":\"https:\\\/\\\/jumeaux91.fr\\\/blog\\\/#website\",\"url\":\"https:\\\/\\\/jumeaux91.fr\\\/blog\\\/\",\"name\":\"JUMEAUX91\",\"description\":\"Fr\u00e8res jumeaux de l&#039;Essonnes; informations et archives, \u00e0 savoir et retenir.\",\"publisher\":{\"@id\":\"https:\\\/\\\/jumeaux91.fr\\\/blog\\\/#organization\"},\"potentialAction\":[{\"@type\":\"SearchAction\",\"target\":{\"@type\":\"EntryPoint\",\"urlTemplate\":\"https:\\\/\\\/jumeaux91.fr\\\/blog\\\/?s={search_term_string}\"},\"query-input\":{\"@type\":\"PropertyValueSpecification\",\"valueRequired\":true,\"valueName\":\"search_term_string\"}}],\"inLanguage\":\"fr-FR\"},{\"@type\":\"Organization\",\"@id\":\"https:\\\/\\\/jumeaux91.fr\\\/blog\\\/#organization\",\"name\":\"jumeaux91\",\"url\":\"https:\\\/\\\/jumeaux91.fr\\\/blog\\\/\",\"logo\":{\"@type\":\"ImageObject\",\"inLanguage\":\"fr-FR\",\"@id\":\"https:\\\/\\\/jumeaux91.fr\\\/blog\\\/#\\\/schema\\\/logo\\\/image\\\/\",\"url\":\"https:\\\/\\\/jumeaux91.fr\\\/blog\\\/wp-content\\\/uploads\\\/2023\\\/05\\\/cropped-cropped-logoJ_91.png\",\"contentUrl\":\"https:\\\/\\\/jumeaux91.fr\\\/blog\\\/wp-content\\\/uploads\\\/2023\\\/05\\\/cropped-cropped-logoJ_91.png\",\"width\":512,\"height\":512,\"caption\":\"jumeaux91\"},\"image\":{\"@id\":\"https:\\\/\\\/jumeaux91.fr\\\/blog\\\/#\\\/schema\\\/logo\\\/image\\\/\"}},{\"@type\":\"Person\",\"@id\":\"https:\\\/\\\/jumeaux91.fr\\\/blog\\\/#\\\/schema\\\/person\\\/21da06e9f119b9f64e5d45dbbd32d3fb\",\"name\":\"Claude DAYRES\",\"image\":{\"@type\":\"ImageObject\",\"inLanguage\":\"fr-FR\",\"@id\":\"https:\\\/\\\/secure.gravatar.com\\\/avatar\\\/82eb951df6110a2c48d1bfa7a67d1ee6f0cd5df3cbf9c3586dd61e82db7172a5?s=96&d=mm&r=g\",\"url\":\"https:\\\/\\\/secure.gravatar.com\\\/avatar\\\/82eb951df6110a2c48d1bfa7a67d1ee6f0cd5df3cbf9c3586dd61e82db7172a5?s=96&d=mm&r=g\",\"contentUrl\":\"https:\\\/\\\/secure.gravatar.com\\\/avatar\\\/82eb951df6110a2c48d1bfa7a67d1ee6f0cd5df3cbf9c3586dd61e82db7172a5?s=96&d=mm&r=g\",\"caption\":\"Claude DAYRES\"},\"url\":\"https:\\\/\\\/jumeaux91.fr\\\/blog\\\/author\\\/x91claude\\\/\"}]}<\/script>\n<!-- \/ Yoast SEO plugin. -->","yoast_head_json":{"title":"L'histoire du myst\u00e9rieux tr\u00e9sor corse de Lava - JUMEAUX91","robots":{"index":"index","follow":"follow","max-snippet":"max-snippet:-1","max-image-preview":"max-image-preview:large","max-video-preview":"max-video-preview:-1"},"canonical":"https:\/\/jumeaux91.fr\/blog\/lhistoire-du-mysterieux-tresor-corse-de-lava\/","og_locale":"fr_FR","og_type":"article","og_title":"L'histoire du myst\u00e9rieux tr\u00e9sor corse de Lava - JUMEAUX91","og_description":"C&rsquo;est l\u2019histoire d\u2019un tr\u00e9sor sous-marin. Un tr\u00e9sor d\u00e9couvert il y a 40 ans en Corse, par les fr\u00e8res jumeaux Ange et F\u00e9lix Biancamaria. Cette semaine, lundi 30 janvier, l&rsquo;un des fr\u00e8res a \u00e9t\u00e9 condamn\u00e9 &#8230; Aller \u00e0 la sourceLa chronique se veut g\u00e9n\u00e9r\u00e9e de la fa\u00e7on la plus claire que possible. Dans le cas o\u00f9&hellip; Poursuivre la lecture L&rsquo;histoire du myst\u00e9rieux tr\u00e9sor corse de Lava","og_url":"https:\/\/jumeaux91.fr\/blog\/lhistoire-du-mysterieux-tresor-corse-de-lava\/","og_site_name":"JUMEAUX91","article_published_time":"2024-02-03T09:44:37+00:00","author":"Claude DAYRES","twitter_card":"summary_large_image","twitter_misc":{"\u00c9crit par":"Claude DAYRES","Dur\u00e9e de lecture estim\u00e9e":"1 minute"},"schema":{"@context":"https:\/\/schema.org","@graph":[{"@type":"Article","@id":"https:\/\/jumeaux91.fr\/blog\/lhistoire-du-mysterieux-tresor-corse-de-lava\/#article","isPartOf":{"@id":"https:\/\/jumeaux91.fr\/blog\/lhistoire-du-mysterieux-tresor-corse-de-lava\/"},"author":{"name":"Claude DAYRES","@id":"https:\/\/jumeaux91.fr\/blog\/#\/schema\/person\/21da06e9f119b9f64e5d45dbbd32d3fb"},"headline":"L&rsquo;histoire du myst\u00e9rieux tr\u00e9sor corse de Lava","datePublished":"2024-02-03T09:44:37+00:00","mainEntityOfPage":{"@id":"https:\/\/jumeaux91.fr\/blog\/lhistoire-du-mysterieux-tresor-corse-de-lava\/"},"wordCount":194,"publisher":{"@id":"https:\/\/jumeaux91.fr\/blog\/#organization"},"articleSection":["Posts Fr\u00e8res Jumeaux De L'Essonnes:"],"inLanguage":"fr-FR"},{"@type":"WebPage","@id":"https:\/\/jumeaux91.fr\/blog\/lhistoire-du-mysterieux-tresor-corse-de-lava\/","url":"https:\/\/jumeaux91.fr\/blog\/lhistoire-du-mysterieux-tresor-corse-de-lava\/","name":"L'histoire du myst\u00e9rieux tr\u00e9sor corse de Lava - JUMEAUX91","isPartOf":{"@id":"https:\/\/jumeaux91.fr\/blog\/#website"},"datePublished":"2024-02-03T09:44:37+00:00","breadcrumb":{"@id":"https:\/\/jumeaux91.fr\/blog\/lhistoire-du-mysterieux-tresor-corse-de-lava\/#breadcrumb"},"inLanguage":"fr-FR","potentialAction":[{"@type":"ReadAction","target":["https:\/\/jumeaux91.fr\/blog\/lhistoire-du-mysterieux-tresor-corse-de-lava\/"]}]},{"@type":"BreadcrumbList","@id":"https:\/\/jumeaux91.fr\/blog\/lhistoire-du-mysterieux-tresor-corse-de-lava\/#breadcrumb","itemListElement":[{"@type":"ListItem","position":1,"name":"Accueil","item":"https:\/\/jumeaux91.fr\/blog\/"},{"@type":"ListItem","position":2,"name":"L&rsquo;histoire du myst\u00e9rieux tr\u00e9sor corse de Lava"}]},{"@type":"WebSite","@id":"https:\/\/jumeaux91.fr\/blog\/#website","url":"https:\/\/jumeaux91.fr\/blog\/","name":"JUMEAUX91","description":"Fr\u00e8res jumeaux de l&#039;Essonnes; informations et archives, \u00e0 savoir et retenir.","publisher":{"@id":"https:\/\/jumeaux91.fr\/blog\/#organization"},"potentialAction":[{"@type":"SearchAction","target":{"@type":"EntryPoint","urlTemplate":"https:\/\/jumeaux91.fr\/blog\/?s={search_term_string}"},"query-input":{"@type":"PropertyValueSpecification","valueRequired":true,"valueName":"search_term_string"}}],"inLanguage":"fr-FR"},{"@type":"Organization","@id":"https:\/\/jumeaux91.fr\/blog\/#organization","name":"jumeaux91","url":"https:\/\/jumeaux91.fr\/blog\/","logo":{"@type":"ImageObject","inLanguage":"fr-FR","@id":"https:\/\/jumeaux91.fr\/blog\/#\/schema\/logo\/image\/","url":"https:\/\/jumeaux91.fr\/blog\/wp-content\/uploads\/2023\/05\/cropped-cropped-logoJ_91.png","contentUrl":"https:\/\/jumeaux91.fr\/blog\/wp-content\/uploads\/2023\/05\/cropped-cropped-logoJ_91.png","width":512,"height":512,"caption":"jumeaux91"},"image":{"@id":"https:\/\/jumeaux91.fr\/blog\/#\/schema\/logo\/image\/"}},{"@type":"Person","@id":"https:\/\/jumeaux91.fr\/blog\/#\/schema\/person\/21da06e9f119b9f64e5d45dbbd32d3fb","name":"Claude DAYRES","image":{"@type":"ImageObject","inLanguage":"fr-FR","@id":"https:\/\/secure.gravatar.com\/avatar\/82eb951df6110a2c48d1bfa7a67d1ee6f0cd5df3cbf9c3586dd61e82db7172a5?s=96&d=mm&r=g","url":"https:\/\/secure.gravatar.com\/avatar\/82eb951df6110a2c48d1bfa7a67d1ee6f0cd5df3cbf9c3586dd61e82db7172a5?s=96&d=mm&r=g","contentUrl":"https:\/\/secure.gravatar.com\/avatar\/82eb951df6110a2c48d1bfa7a67d1ee6f0cd5df3cbf9c3586dd61e82db7172a5?s=96&d=mm&r=g","caption":"Claude DAYRES"},"url":"https:\/\/jumeaux91.fr\/blog\/author\/x91claude\/"}]}},"_links":{"self":[{"href":"https:\/\/jumeaux91.fr\/blog\/wp-json\/wp\/v2\/posts\/311","targetHints":{"allow":["GET"]}}],"collection":[{"href":"https:\/\/jumeaux91.fr\/blog\/wp-json\/wp\/v2\/posts"}],"about":[{"href":"https:\/\/jumeaux91.fr\/blog\/wp-json\/wp\/v2\/types\/post"}],"author":[{"embeddable":true,"href":"https:\/\/jumeaux91.fr\/blog\/wp-json\/wp\/v2\/users\/2"}],"replies":[{"embeddable":true,"href":"https:\/\/jumeaux91.fr\/blog\/wp-json\/wp\/v2\/comments?post=311"}],"version-history":[{"count":0,"href":"https:\/\/jumeaux91.fr\/blog\/wp-json\/wp\/v2\/posts\/311\/revisions"}],"wp:attachment":[{"href":"https:\/\/jumeaux91.fr\/blog\/wp-json\/wp\/v2\/media?parent=311"}],"wp:term":[{"taxonomy":"category","embeddable":true,"href":"https:\/\/jumeaux91.fr\/blog\/wp-json\/wp\/v2\/categories?post=311"},{"taxonomy":"post_tag","embeddable":true,"href":"https:\/\/jumeaux91.fr\/blog\/wp-json\/wp\/v2\/tags?post=311"}],"curies":[{"name":"wp","href":"https:\/\/api.w.org\/{rel}","templated":true}]}}