{"id":416,"date":"2024-05-24T19:43:50","date_gmt":"2024-05-24T17:43:50","guid":{"rendered":"https:\/\/jumeaux91.fr\/blog\/football-p2-brabant-flamand-les-freres-maxime-et-benjamin-renson-montent-en-p1-avec-houtem-oplinter\/"},"modified":"2024-05-24T19:43:50","modified_gmt":"2024-05-24T17:43:50","slug":"football-p2-brabant-flamand-les-freres-maxime-et-benjamin-renson-montent-en-p1-avec-houtem-oplinter","status":"publish","type":"post","link":"https:\/\/jumeaux91.fr\/blog\/football-p2-brabant-flamand-les-freres-maxime-et-benjamin-renson-montent-en-p1-avec-houtem-oplinter\/","title":{"rendered":"Football (P2 brabant flamand) : les fr\u00e8res Maxime et Benjamin Renson montent en P1 avec Houtem-Oplinter"},"content":{"rendered":"<div>On a pris des nouvelles des fr\u00e8res jumeaux Maxime et Benjamin Renson. Exil\u00e9s \u00e0 Houtem-Oplinter en P2 du Brabant flamand, les deux anciens Fizois de 37 ans se sont \u00e9clat\u00e9s l\u00e0-bas en s&rsquo;offrant une mont\u00e9 &#8230;<\/div>\n<p><!-- no image --><a href=\"https:\/\/www.lavenir.net\/regions\/huy-waremme\/sports\/2024\/05\/24\/football-p2-brabant-flamand-les-freres-maxime-et-benjamin-renson-montent-en-p1-avec-houtem-oplinter-TZ5G25XSHFBKNDRT7H3MQSH5PQ\/\" target=\"_blank\" rel=\"nofollow\">Aller \u00e0 la source<\/a><br \/>La chronique se veut g\u00e9n\u00e9r\u00e9e de la fa\u00e7on la plus claire que possible. Dans le cas o\u00f9 vous souhaitez pr\u00e9senter des renseignements compl\u00e9mentaires \u00e0 cet article sur le sujet \u00ab\u00a0Fr\u00e8res jumeaux de l&rsquo;Essonnes\u00a0\u00bb il vous est possible d\u2019\u00e9crire aux contacts indiqu\u00e9s sur notre website. La raison d\u2019\u00eatre de jumeaux91.fr \u00e9tant de rassembler sur le web des posts sur le sujet de Fr\u00e8res jumeaux de l&rsquo;Essonnes puis les diffuser en r\u00e9pondant au mieux aux interrogations des gens. Vous pouvez tirer profit de cet article traitant le sujet \u00ab\u00a0Fr\u00e8res jumeaux de l&rsquo;Essonnes\u00a0\u00bb. Il est concoct\u00e9 par l\u2019\u00e9quipe jumeaux91.fr. Prochainement, nous rendrons accessibles au public d&rsquo;autres informations pertinentes sur le sujet \u00ab\u00a0Fr\u00e8res jumeaux de l&rsquo;Essonnes\u00a0\u00bb. Alors, consultez syst\u00e9matiquement notre blog.<\/p>\n","protected":false},"excerpt":{"rendered":"<p>On a pris des nouvelles des fr\u00e8res jumeaux Maxime et Benjamin Renson. Exil\u00e9s \u00e0 Houtem-Oplinter en P2 du Brabant flamand, les deux anciens Fizois de 37 ans se sont \u00e9clat\u00e9s l\u00e0-bas en s&rsquo;offrant une mont\u00e9 &#8230; Aller \u00e0 la sourceLa chronique se veut g\u00e9n\u00e9r\u00e9e de la fa\u00e7on la plus claire que possible. Dans le cas&hellip; <a class=\"more-link\" href=\"https:\/\/jumeaux91.fr\/blog\/football-p2-brabant-flamand-les-freres-maxime-et-benjamin-renson-montent-en-p1-avec-houtem-oplinter\/\">Poursuivre la lecture <span class=\"screen-reader-text\">Football (P2 brabant flamand) : les fr\u00e8res Maxime et Benjamin Renson montent en P1 avec Houtem-Oplinter<\/span><\/a><\/p>\n","protected":false},"author":2,"featured_media":594,"comment_status":"closed","ping_status":"closed","sticky":false,"template":"","format":"standard","meta":{"footnotes":""},"categories":[4],"tags":[],"class_list":["post-416","post","type-post","status-publish","format-standard","has-post-thumbnail","hentry","category-posts-freres-jumeaux-de-lessonnes","entry"],"yoast_head":"<!-- This site is optimized with the Yoast SEO plugin v27.5 - https:\/\/yoast.com\/product\/yoast-seo-wordpress\/ -->\n<title>Football (P2 brabant flamand) : les fr\u00e8res Maxime et Benjamin Renson montent en P1 avec Houtem-Oplinter - JUMEAUX91<\/title>\n<meta name=\"robots\" content=\"index, follow, max-snippet:-1, max-image-preview:large, max-video-preview:-1\" \/>\n<link rel=\"canonical\" href=\"https:\/\/jumeaux91.fr\/blog\/football-p2-brabant-flamand-les-freres-maxime-et-benjamin-renson-montent-en-p1-avec-houtem-oplinter\/\" \/>\n<meta property=\"og:locale\" content=\"fr_FR\" \/>\n<meta property=\"og:type\" content=\"article\" \/>\n<meta property=\"og:title\" content=\"Football (P2 brabant flamand) : les fr\u00e8res Maxime et Benjamin Renson montent en P1 avec Houtem-Oplinter - JUMEAUX91\" \/>\n<meta property=\"og:description\" content=\"On a pris des nouvelles des fr\u00e8res jumeaux Maxime et Benjamin Renson. Exil\u00e9s \u00e0 Houtem-Oplinter en P2 du Brabant flamand, les deux anciens Fizois de 37 ans se sont \u00e9clat\u00e9s l\u00e0-bas en s&rsquo;offrant une mont\u00e9 &#8230; Aller \u00e0 la sourceLa chronique se veut g\u00e9n\u00e9r\u00e9e de la fa\u00e7on la plus claire que possible. Dans le cas&hellip; Poursuivre la lecture Football (P2 brabant flamand) : les fr\u00e8res Maxime et Benjamin Renson montent en P1 avec Houtem-Oplinter\" \/>\n<meta property=\"og:url\" content=\"https:\/\/jumeaux91.fr\/blog\/football-p2-brabant-flamand-les-freres-maxime-et-benjamin-renson-montent-en-p1-avec-houtem-oplinter\/\" \/>\n<meta property=\"og:site_name\" content=\"JUMEAUX91\" \/>\n<meta property=\"article:published_time\" content=\"2024-05-24T17:43:50+00:00\" \/>\n<meta name=\"author\" content=\"Claude DAYRES\" \/>\n<meta name=\"twitter:card\" content=\"summary_large_image\" \/>\n<meta name=\"twitter:label1\" content=\"\u00c9crit par\" \/>\n\t<meta name=\"twitter:data1\" content=\"Claude DAYRES\" \/>\n\t<meta name=\"twitter:label2\" content=\"Dur\u00e9e de lecture estim\u00e9e\" \/>\n\t<meta name=\"twitter:data2\" content=\"1 minute\" \/>\n<script type=\"application\/ld+json\" class=\"yoast-schema-graph\">{\"@context\":\"https:\\\/\\\/schema.org\",\"@graph\":[{\"@type\":\"Article\",\"@id\":\"https:\\\/\\\/jumeaux91.fr\\\/blog\\\/football-p2-brabant-flamand-les-freres-maxime-et-benjamin-renson-montent-en-p1-avec-houtem-oplinter\\\/#article\",\"isPartOf\":{\"@id\":\"https:\\\/\\\/jumeaux91.fr\\\/blog\\\/football-p2-brabant-flamand-les-freres-maxime-et-benjamin-renson-montent-en-p1-avec-houtem-oplinter\\\/\"},\"author\":{\"name\":\"Claude DAYRES\",\"@id\":\"https:\\\/\\\/jumeaux91.fr\\\/blog\\\/#\\\/schema\\\/person\\\/21da06e9f119b9f64e5d45dbbd32d3fb\"},\"headline\":\"Football (P2 brabant flamand) : les fr\u00e8res Maxime et Benjamin Renson montent en P1 avec Houtem-Oplinter\",\"datePublished\":\"2024-05-24T17:43:50+00:00\",\"mainEntityOfPage\":{\"@id\":\"https:\\\/\\\/jumeaux91.fr\\\/blog\\\/football-p2-brabant-flamand-les-freres-maxime-et-benjamin-renson-montent-en-p1-avec-houtem-oplinter\\\/\"},\"wordCount\":196,\"publisher\":{\"@id\":\"https:\\\/\\\/jumeaux91.fr\\\/blog\\\/#organization\"},\"image\":{\"@id\":\"https:\\\/\\\/jumeaux91.fr\\\/blog\\\/football-p2-brabant-flamand-les-freres-maxime-et-benjamin-renson-montent-en-p1-avec-houtem-oplinter\\\/#primaryimage\"},\"thumbnailUrl\":\"https:\\\/\\\/jumeaux91.fr\\\/blog\\\/wp-content\\\/uploads\\\/2024\\\/09\\\/football-p2-brabant-flamand-les-freres-maxime-et-benjamin-renson-montent-en-p1-avec-houtem-oplinter.jpg\",\"articleSection\":[\"Posts Fr\u00e8res Jumeaux De L'Essonnes:\"],\"inLanguage\":\"fr-FR\"},{\"@type\":\"WebPage\",\"@id\":\"https:\\\/\\\/jumeaux91.fr\\\/blog\\\/football-p2-brabant-flamand-les-freres-maxime-et-benjamin-renson-montent-en-p1-avec-houtem-oplinter\\\/\",\"url\":\"https:\\\/\\\/jumeaux91.fr\\\/blog\\\/football-p2-brabant-flamand-les-freres-maxime-et-benjamin-renson-montent-en-p1-avec-houtem-oplinter\\\/\",\"name\":\"Football (P2 brabant flamand) : les fr\u00e8res Maxime et Benjamin Renson montent en P1 avec Houtem-Oplinter - JUMEAUX91\",\"isPartOf\":{\"@id\":\"https:\\\/\\\/jumeaux91.fr\\\/blog\\\/#website\"},\"primaryImageOfPage\":{\"@id\":\"https:\\\/\\\/jumeaux91.fr\\\/blog\\\/football-p2-brabant-flamand-les-freres-maxime-et-benjamin-renson-montent-en-p1-avec-houtem-oplinter\\\/#primaryimage\"},\"image\":{\"@id\":\"https:\\\/\\\/jumeaux91.fr\\\/blog\\\/football-p2-brabant-flamand-les-freres-maxime-et-benjamin-renson-montent-en-p1-avec-houtem-oplinter\\\/#primaryimage\"},\"thumbnailUrl\":\"https:\\\/\\\/jumeaux91.fr\\\/blog\\\/wp-content\\\/uploads\\\/2024\\\/09\\\/football-p2-brabant-flamand-les-freres-maxime-et-benjamin-renson-montent-en-p1-avec-houtem-oplinter.jpg\",\"datePublished\":\"2024-05-24T17:43:50+00:00\",\"breadcrumb\":{\"@id\":\"https:\\\/\\\/jumeaux91.fr\\\/blog\\\/football-p2-brabant-flamand-les-freres-maxime-et-benjamin-renson-montent-en-p1-avec-houtem-oplinter\\\/#breadcrumb\"},\"inLanguage\":\"fr-FR\",\"potentialAction\":[{\"@type\":\"ReadAction\",\"target\":[\"https:\\\/\\\/jumeaux91.fr\\\/blog\\\/football-p2-brabant-flamand-les-freres-maxime-et-benjamin-renson-montent-en-p1-avec-houtem-oplinter\\\/\"]}]},{\"@type\":\"ImageObject\",\"inLanguage\":\"fr-FR\",\"@id\":\"https:\\\/\\\/jumeaux91.fr\\\/blog\\\/football-p2-brabant-flamand-les-freres-maxime-et-benjamin-renson-montent-en-p1-avec-houtem-oplinter\\\/#primaryimage\",\"url\":\"https:\\\/\\\/jumeaux91.fr\\\/blog\\\/wp-content\\\/uploads\\\/2024\\\/09\\\/football-p2-brabant-flamand-les-freres-maxime-et-benjamin-renson-montent-en-p1-avec-houtem-oplinter.jpg\",\"contentUrl\":\"https:\\\/\\\/jumeaux91.fr\\\/blog\\\/wp-content\\\/uploads\\\/2024\\\/09\\\/football-p2-brabant-flamand-les-freres-maxime-et-benjamin-renson-montent-en-p1-avec-houtem-oplinter.jpg\",\"width\":768,\"height\":512,\"caption\":\"football p2 brabant flamand les freres maxime et benjamin renson montent en p1 avec houtem oplinter\"},{\"@type\":\"BreadcrumbList\",\"@id\":\"https:\\\/\\\/jumeaux91.fr\\\/blog\\\/football-p2-brabant-flamand-les-freres-maxime-et-benjamin-renson-montent-en-p1-avec-houtem-oplinter\\\/#breadcrumb\",\"itemListElement\":[{\"@type\":\"ListItem\",\"position\":1,\"name\":\"Accueil\",\"item\":\"https:\\\/\\\/jumeaux91.fr\\\/blog\\\/\"},{\"@type\":\"ListItem\",\"position\":2,\"name\":\"Football (P2 brabant flamand) : les fr\u00e8res Maxime et Benjamin Renson montent en P1 avec Houtem-Oplinter\"}]},{\"@type\":\"WebSite\",\"@id\":\"https:\\\/\\\/jumeaux91.fr\\\/blog\\\/#website\",\"url\":\"https:\\\/\\\/jumeaux91.fr\\\/blog\\\/\",\"name\":\"JUMEAUX91\",\"description\":\"Fr\u00e8res jumeaux de l&#039;Essonnes; informations et archives, \u00e0 savoir et retenir.\",\"publisher\":{\"@id\":\"https:\\\/\\\/jumeaux91.fr\\\/blog\\\/#organization\"},\"potentialAction\":[{\"@type\":\"SearchAction\",\"target\":{\"@type\":\"EntryPoint\",\"urlTemplate\":\"https:\\\/\\\/jumeaux91.fr\\\/blog\\\/?s={search_term_string}\"},\"query-input\":{\"@type\":\"PropertyValueSpecification\",\"valueRequired\":true,\"valueName\":\"search_term_string\"}}],\"inLanguage\":\"fr-FR\"},{\"@type\":\"Organization\",\"@id\":\"https:\\\/\\\/jumeaux91.fr\\\/blog\\\/#organization\",\"name\":\"jumeaux91\",\"url\":\"https:\\\/\\\/jumeaux91.fr\\\/blog\\\/\",\"logo\":{\"@type\":\"ImageObject\",\"inLanguage\":\"fr-FR\",\"@id\":\"https:\\\/\\\/jumeaux91.fr\\\/blog\\\/#\\\/schema\\\/logo\\\/image\\\/\",\"url\":\"https:\\\/\\\/jumeaux91.fr\\\/blog\\\/wp-content\\\/uploads\\\/2023\\\/05\\\/cropped-cropped-logoJ_91.png\",\"contentUrl\":\"https:\\\/\\\/jumeaux91.fr\\\/blog\\\/wp-content\\\/uploads\\\/2023\\\/05\\\/cropped-cropped-logoJ_91.png\",\"width\":512,\"height\":512,\"caption\":\"jumeaux91\"},\"image\":{\"@id\":\"https:\\\/\\\/jumeaux91.fr\\\/blog\\\/#\\\/schema\\\/logo\\\/image\\\/\"}},{\"@type\":\"Person\",\"@id\":\"https:\\\/\\\/jumeaux91.fr\\\/blog\\\/#\\\/schema\\\/person\\\/21da06e9f119b9f64e5d45dbbd32d3fb\",\"name\":\"Claude DAYRES\",\"image\":{\"@type\":\"ImageObject\",\"inLanguage\":\"fr-FR\",\"@id\":\"https:\\\/\\\/secure.gravatar.com\\\/avatar\\\/82eb951df6110a2c48d1bfa7a67d1ee6f0cd5df3cbf9c3586dd61e82db7172a5?s=96&d=mm&r=g\",\"url\":\"https:\\\/\\\/secure.gravatar.com\\\/avatar\\\/82eb951df6110a2c48d1bfa7a67d1ee6f0cd5df3cbf9c3586dd61e82db7172a5?s=96&d=mm&r=g\",\"contentUrl\":\"https:\\\/\\\/secure.gravatar.com\\\/avatar\\\/82eb951df6110a2c48d1bfa7a67d1ee6f0cd5df3cbf9c3586dd61e82db7172a5?s=96&d=mm&r=g\",\"caption\":\"Claude DAYRES\"},\"url\":\"https:\\\/\\\/jumeaux91.fr\\\/blog\\\/author\\\/x91claude\\\/\"}]}<\/script>\n<!-- \/ Yoast SEO plugin. -->","yoast_head_json":{"title":"Football (P2 brabant flamand) : les fr\u00e8res Maxime et Benjamin Renson montent en P1 avec Houtem-Oplinter - JUMEAUX91","robots":{"index":"index","follow":"follow","max-snippet":"max-snippet:-1","max-image-preview":"max-image-preview:large","max-video-preview":"max-video-preview:-1"},"canonical":"https:\/\/jumeaux91.fr\/blog\/football-p2-brabant-flamand-les-freres-maxime-et-benjamin-renson-montent-en-p1-avec-houtem-oplinter\/","og_locale":"fr_FR","og_type":"article","og_title":"Football (P2 brabant flamand) : les fr\u00e8res Maxime et Benjamin Renson montent en P1 avec Houtem-Oplinter - JUMEAUX91","og_description":"On a pris des nouvelles des fr\u00e8res jumeaux Maxime et Benjamin Renson. Exil\u00e9s \u00e0 Houtem-Oplinter en P2 du Brabant flamand, les deux anciens Fizois de 37 ans se sont \u00e9clat\u00e9s l\u00e0-bas en s&rsquo;offrant une mont\u00e9 &#8230; Aller \u00e0 la sourceLa chronique se veut g\u00e9n\u00e9r\u00e9e de la fa\u00e7on la plus claire que possible. Dans le cas&hellip; Poursuivre la lecture Football (P2 brabant flamand) : les fr\u00e8res Maxime et Benjamin Renson montent en P1 avec Houtem-Oplinter","og_url":"https:\/\/jumeaux91.fr\/blog\/football-p2-brabant-flamand-les-freres-maxime-et-benjamin-renson-montent-en-p1-avec-houtem-oplinter\/","og_site_name":"JUMEAUX91","article_published_time":"2024-05-24T17:43:50+00:00","author":"Claude DAYRES","twitter_card":"summary_large_image","twitter_misc":{"\u00c9crit par":"Claude DAYRES","Dur\u00e9e de lecture estim\u00e9e":"1 minute"},"schema":{"@context":"https:\/\/schema.org","@graph":[{"@type":"Article","@id":"https:\/\/jumeaux91.fr\/blog\/football-p2-brabant-flamand-les-freres-maxime-et-benjamin-renson-montent-en-p1-avec-houtem-oplinter\/#article","isPartOf":{"@id":"https:\/\/jumeaux91.fr\/blog\/football-p2-brabant-flamand-les-freres-maxime-et-benjamin-renson-montent-en-p1-avec-houtem-oplinter\/"},"author":{"name":"Claude DAYRES","@id":"https:\/\/jumeaux91.fr\/blog\/#\/schema\/person\/21da06e9f119b9f64e5d45dbbd32d3fb"},"headline":"Football (P2 brabant flamand) : les fr\u00e8res Maxime et Benjamin Renson montent en P1 avec Houtem-Oplinter","datePublished":"2024-05-24T17:43:50+00:00","mainEntityOfPage":{"@id":"https:\/\/jumeaux91.fr\/blog\/football-p2-brabant-flamand-les-freres-maxime-et-benjamin-renson-montent-en-p1-avec-houtem-oplinter\/"},"wordCount":196,"publisher":{"@id":"https:\/\/jumeaux91.fr\/blog\/#organization"},"image":{"@id":"https:\/\/jumeaux91.fr\/blog\/football-p2-brabant-flamand-les-freres-maxime-et-benjamin-renson-montent-en-p1-avec-houtem-oplinter\/#primaryimage"},"thumbnailUrl":"https:\/\/jumeaux91.fr\/blog\/wp-content\/uploads\/2024\/09\/football-p2-brabant-flamand-les-freres-maxime-et-benjamin-renson-montent-en-p1-avec-houtem-oplinter.jpg","articleSection":["Posts Fr\u00e8res Jumeaux De L'Essonnes:"],"inLanguage":"fr-FR"},{"@type":"WebPage","@id":"https:\/\/jumeaux91.fr\/blog\/football-p2-brabant-flamand-les-freres-maxime-et-benjamin-renson-montent-en-p1-avec-houtem-oplinter\/","url":"https:\/\/jumeaux91.fr\/blog\/football-p2-brabant-flamand-les-freres-maxime-et-benjamin-renson-montent-en-p1-avec-houtem-oplinter\/","name":"Football (P2 brabant flamand) : les fr\u00e8res Maxime et Benjamin Renson montent en P1 avec Houtem-Oplinter - JUMEAUX91","isPartOf":{"@id":"https:\/\/jumeaux91.fr\/blog\/#website"},"primaryImageOfPage":{"@id":"https:\/\/jumeaux91.fr\/blog\/football-p2-brabant-flamand-les-freres-maxime-et-benjamin-renson-montent-en-p1-avec-houtem-oplinter\/#primaryimage"},"image":{"@id":"https:\/\/jumeaux91.fr\/blog\/football-p2-brabant-flamand-les-freres-maxime-et-benjamin-renson-montent-en-p1-avec-houtem-oplinter\/#primaryimage"},"thumbnailUrl":"https:\/\/jumeaux91.fr\/blog\/wp-content\/uploads\/2024\/09\/football-p2-brabant-flamand-les-freres-maxime-et-benjamin-renson-montent-en-p1-avec-houtem-oplinter.jpg","datePublished":"2024-05-24T17:43:50+00:00","breadcrumb":{"@id":"https:\/\/jumeaux91.fr\/blog\/football-p2-brabant-flamand-les-freres-maxime-et-benjamin-renson-montent-en-p1-avec-houtem-oplinter\/#breadcrumb"},"inLanguage":"fr-FR","potentialAction":[{"@type":"ReadAction","target":["https:\/\/jumeaux91.fr\/blog\/football-p2-brabant-flamand-les-freres-maxime-et-benjamin-renson-montent-en-p1-avec-houtem-oplinter\/"]}]},{"@type":"ImageObject","inLanguage":"fr-FR","@id":"https:\/\/jumeaux91.fr\/blog\/football-p2-brabant-flamand-les-freres-maxime-et-benjamin-renson-montent-en-p1-avec-houtem-oplinter\/#primaryimage","url":"https:\/\/jumeaux91.fr\/blog\/wp-content\/uploads\/2024\/09\/football-p2-brabant-flamand-les-freres-maxime-et-benjamin-renson-montent-en-p1-avec-houtem-oplinter.jpg","contentUrl":"https:\/\/jumeaux91.fr\/blog\/wp-content\/uploads\/2024\/09\/football-p2-brabant-flamand-les-freres-maxime-et-benjamin-renson-montent-en-p1-avec-houtem-oplinter.jpg","width":768,"height":512,"caption":"football p2 brabant flamand les freres maxime et benjamin renson montent en p1 avec houtem oplinter"},{"@type":"BreadcrumbList","@id":"https:\/\/jumeaux91.fr\/blog\/football-p2-brabant-flamand-les-freres-maxime-et-benjamin-renson-montent-en-p1-avec-houtem-oplinter\/#breadcrumb","itemListElement":[{"@type":"ListItem","position":1,"name":"Accueil","item":"https:\/\/jumeaux91.fr\/blog\/"},{"@type":"ListItem","position":2,"name":"Football (P2 brabant flamand) : les fr\u00e8res Maxime et Benjamin Renson montent en P1 avec Houtem-Oplinter"}]},{"@type":"WebSite","@id":"https:\/\/jumeaux91.fr\/blog\/#website","url":"https:\/\/jumeaux91.fr\/blog\/","name":"JUMEAUX91","description":"Fr\u00e8res jumeaux de l&#039;Essonnes; informations et archives, \u00e0 savoir et retenir.","publisher":{"@id":"https:\/\/jumeaux91.fr\/blog\/#organization"},"potentialAction":[{"@type":"SearchAction","target":{"@type":"EntryPoint","urlTemplate":"https:\/\/jumeaux91.fr\/blog\/?s={search_term_string}"},"query-input":{"@type":"PropertyValueSpecification","valueRequired":true,"valueName":"search_term_string"}}],"inLanguage":"fr-FR"},{"@type":"Organization","@id":"https:\/\/jumeaux91.fr\/blog\/#organization","name":"jumeaux91","url":"https:\/\/jumeaux91.fr\/blog\/","logo":{"@type":"ImageObject","inLanguage":"fr-FR","@id":"https:\/\/jumeaux91.fr\/blog\/#\/schema\/logo\/image\/","url":"https:\/\/jumeaux91.fr\/blog\/wp-content\/uploads\/2023\/05\/cropped-cropped-logoJ_91.png","contentUrl":"https:\/\/jumeaux91.fr\/blog\/wp-content\/uploads\/2023\/05\/cropped-cropped-logoJ_91.png","width":512,"height":512,"caption":"jumeaux91"},"image":{"@id":"https:\/\/jumeaux91.fr\/blog\/#\/schema\/logo\/image\/"}},{"@type":"Person","@id":"https:\/\/jumeaux91.fr\/blog\/#\/schema\/person\/21da06e9f119b9f64e5d45dbbd32d3fb","name":"Claude DAYRES","image":{"@type":"ImageObject","inLanguage":"fr-FR","@id":"https:\/\/secure.gravatar.com\/avatar\/82eb951df6110a2c48d1bfa7a67d1ee6f0cd5df3cbf9c3586dd61e82db7172a5?s=96&d=mm&r=g","url":"https:\/\/secure.gravatar.com\/avatar\/82eb951df6110a2c48d1bfa7a67d1ee6f0cd5df3cbf9c3586dd61e82db7172a5?s=96&d=mm&r=g","contentUrl":"https:\/\/secure.gravatar.com\/avatar\/82eb951df6110a2c48d1bfa7a67d1ee6f0cd5df3cbf9c3586dd61e82db7172a5?s=96&d=mm&r=g","caption":"Claude DAYRES"},"url":"https:\/\/jumeaux91.fr\/blog\/author\/x91claude\/"}]}},"_links":{"self":[{"href":"https:\/\/jumeaux91.fr\/blog\/wp-json\/wp\/v2\/posts\/416","targetHints":{"allow":["GET"]}}],"collection":[{"href":"https:\/\/jumeaux91.fr\/blog\/wp-json\/wp\/v2\/posts"}],"about":[{"href":"https:\/\/jumeaux91.fr\/blog\/wp-json\/wp\/v2\/types\/post"}],"author":[{"embeddable":true,"href":"https:\/\/jumeaux91.fr\/blog\/wp-json\/wp\/v2\/users\/2"}],"replies":[{"embeddable":true,"href":"https:\/\/jumeaux91.fr\/blog\/wp-json\/wp\/v2\/comments?post=416"}],"version-history":[{"count":0,"href":"https:\/\/jumeaux91.fr\/blog\/wp-json\/wp\/v2\/posts\/416\/revisions"}],"wp:featuredmedia":[{"embeddable":true,"href":"https:\/\/jumeaux91.fr\/blog\/wp-json\/wp\/v2\/media\/594"}],"wp:attachment":[{"href":"https:\/\/jumeaux91.fr\/blog\/wp-json\/wp\/v2\/media?parent=416"}],"wp:term":[{"taxonomy":"category","embeddable":true,"href":"https:\/\/jumeaux91.fr\/blog\/wp-json\/wp\/v2\/categories?post=416"},{"taxonomy":"post_tag","embeddable":true,"href":"https:\/\/jumeaux91.fr\/blog\/wp-json\/wp\/v2\/tags?post=416"}],"curies":[{"name":"wp","href":"https:\/\/api.w.org\/{rel}","templated":true}]}}