{"id":484,"date":"2024-08-12T09:10:38","date_gmt":"2024-08-12T07:10:38","guid":{"rendered":"https:\/\/jumeaux91.fr\/blog\/val-doise-deux-jumeaux-de-5-ans-meurent-dans-lincendie-dun-appartement\/"},"modified":"2024-08-12T09:10:38","modified_gmt":"2024-08-12T07:10:38","slug":"val-doise-deux-jumeaux-de-5-ans-meurent-dans-lincendie-dun-appartement","status":"publish","type":"post","link":"https:\/\/jumeaux91.fr\/blog\/val-doise-deux-jumeaux-de-5-ans-meurent-dans-lincendie-dun-appartement\/","title":{"rendered":"Val-d&rsquo;Oise Deux jumeaux de 5 ans meurent dans l&rsquo;incendie d&rsquo;un appartement"},"content":{"rendered":"<div>Les deux jeunes fr\u00e8res jumeaux sont morts dans l&rsquo;incendie qui a touch\u00e9, vendredi, l&rsquo;appartement du Val-d&rsquo;Oise dans lequel ils avaient \u00e9t\u00e9 laiss\u00e9s seuls un court instant. La r\u00e9daction avec AFP &#8211; &#8230;<\/div>\n<p><!-- no image --><a href=\"http:\/\/www.bing.com\/news\/apiclick.aspx?ref=FexRss&#038;aid=&#038;tid=66b9b56512984204820bd505a8521a44&#038;url=https:%2F%2Fwww.lalsace.fr%2Ffaits-divers-justice%2F2024%2F08%2F06%2Fdeux-jumeaux-de-5-ans-meurent-dans-l-incendie-d-un-appartement&#038;c=10399252518880657475&#038;mkt=fr-fr\" target=\"_blank\" rel=\"nofollow\">Aller \u00e0 la source<\/a><br \/>La chronique se veut g\u00e9n\u00e9r\u00e9e de la fa\u00e7on la plus claire que possible. Dans le cas o\u00f9 vous souhaitez pr\u00e9senter des renseignements compl\u00e9mentaires \u00e0 cet article sur le sujet \u00ab\u00a0Fr\u00e8res jumeaux de l&rsquo;Essonnes\u00a0\u00bb il vous est possible d\u2019\u00e9crire aux contacts indiqu\u00e9s sur notre website. La raison d\u2019\u00eatre de jumeaux91.fr \u00e9tant de rassembler sur le web des posts sur le sujet de Fr\u00e8res jumeaux de l&rsquo;Essonnes puis les diffuser en r\u00e9pondant au mieux aux interrogations des gens. Vous pouvez tirer profit de cet article traitant le sujet \u00ab\u00a0Fr\u00e8res jumeaux de l&rsquo;Essonnes\u00a0\u00bb. Il est concoct\u00e9 par l\u2019\u00e9quipe jumeaux91.fr. Prochainement, nous rendrons accessibles au public d&rsquo;autres informations pertinentes sur le sujet \u00ab\u00a0Fr\u00e8res jumeaux de l&rsquo;Essonnes\u00a0\u00bb. Alors, consultez syst\u00e9matiquement notre blog.<\/p>\n","protected":false},"excerpt":{"rendered":"<p>Les deux jeunes fr\u00e8res jumeaux sont morts dans l&rsquo;incendie qui a touch\u00e9, vendredi, l&rsquo;appartement du Val-d&rsquo;Oise dans lequel ils avaient \u00e9t\u00e9 laiss\u00e9s seuls un court instant. La r\u00e9daction avec AFP &#8211; &#8230; Aller \u00e0 la sourceLa chronique se veut g\u00e9n\u00e9r\u00e9e de la fa\u00e7on la plus claire que possible. Dans le cas o\u00f9 vous souhaitez pr\u00e9senter&hellip; <a class=\"more-link\" href=\"https:\/\/jumeaux91.fr\/blog\/val-doise-deux-jumeaux-de-5-ans-meurent-dans-lincendie-dun-appartement\/\">Poursuivre la lecture <span class=\"screen-reader-text\">Val-d&rsquo;Oise Deux jumeaux de 5 ans meurent dans l&rsquo;incendie d&rsquo;un appartement<\/span><\/a><\/p>\n","protected":false},"author":2,"featured_media":526,"comment_status":"closed","ping_status":"closed","sticky":false,"template":"","format":"standard","meta":{"footnotes":""},"categories":[4],"tags":[],"class_list":["post-484","post","type-post","status-publish","format-standard","has-post-thumbnail","hentry","category-posts-freres-jumeaux-de-lessonnes","entry"],"yoast_head":"<!-- This site is optimized with the Yoast SEO plugin v27.5 - https:\/\/yoast.com\/product\/yoast-seo-wordpress\/ -->\n<title>Val-d&#039;Oise Deux jumeaux de 5 ans meurent dans l&#039;incendie d&#039;un appartement - JUMEAUX91<\/title>\n<meta name=\"robots\" content=\"index, follow, max-snippet:-1, max-image-preview:large, max-video-preview:-1\" \/>\n<link rel=\"canonical\" href=\"https:\/\/jumeaux91.fr\/blog\/val-doise-deux-jumeaux-de-5-ans-meurent-dans-lincendie-dun-appartement\/\" \/>\n<meta property=\"og:locale\" content=\"fr_FR\" \/>\n<meta property=\"og:type\" content=\"article\" \/>\n<meta property=\"og:title\" content=\"Val-d&#039;Oise Deux jumeaux de 5 ans meurent dans l&#039;incendie d&#039;un appartement - JUMEAUX91\" \/>\n<meta property=\"og:description\" content=\"Les deux jeunes fr\u00e8res jumeaux sont morts dans l&rsquo;incendie qui a touch\u00e9, vendredi, l&rsquo;appartement du Val-d&rsquo;Oise dans lequel ils avaient \u00e9t\u00e9 laiss\u00e9s seuls un court instant. La r\u00e9daction avec AFP &#8211; &#8230; Aller \u00e0 la sourceLa chronique se veut g\u00e9n\u00e9r\u00e9e de la fa\u00e7on la plus claire que possible. Dans le cas o\u00f9 vous souhaitez pr\u00e9senter&hellip; Poursuivre la lecture Val-d&rsquo;Oise Deux jumeaux de 5 ans meurent dans l&rsquo;incendie d&rsquo;un appartement\" \/>\n<meta property=\"og:url\" content=\"https:\/\/jumeaux91.fr\/blog\/val-doise-deux-jumeaux-de-5-ans-meurent-dans-lincendie-dun-appartement\/\" \/>\n<meta property=\"og:site_name\" content=\"JUMEAUX91\" \/>\n<meta property=\"article:published_time\" content=\"2024-08-12T07:10:38+00:00\" \/>\n<meta name=\"author\" content=\"Claude DAYRES\" \/>\n<meta name=\"twitter:card\" content=\"summary_large_image\" \/>\n<meta name=\"twitter:label1\" content=\"\u00c9crit par\" \/>\n\t<meta name=\"twitter:data1\" content=\"Claude DAYRES\" \/>\n\t<meta name=\"twitter:label2\" content=\"Dur\u00e9e de lecture estim\u00e9e\" \/>\n\t<meta name=\"twitter:data2\" content=\"1 minute\" \/>\n<script type=\"application\/ld+json\" class=\"yoast-schema-graph\">{\"@context\":\"https:\\\/\\\/schema.org\",\"@graph\":[{\"@type\":\"Article\",\"@id\":\"https:\\\/\\\/jumeaux91.fr\\\/blog\\\/val-doise-deux-jumeaux-de-5-ans-meurent-dans-lincendie-dun-appartement\\\/#article\",\"isPartOf\":{\"@id\":\"https:\\\/\\\/jumeaux91.fr\\\/blog\\\/val-doise-deux-jumeaux-de-5-ans-meurent-dans-lincendie-dun-appartement\\\/\"},\"author\":{\"name\":\"Claude DAYRES\",\"@id\":\"https:\\\/\\\/jumeaux91.fr\\\/blog\\\/#\\\/schema\\\/person\\\/21da06e9f119b9f64e5d45dbbd32d3fb\"},\"headline\":\"Val-d&rsquo;Oise Deux jumeaux de 5 ans meurent dans l&rsquo;incendie d&rsquo;un appartement\",\"datePublished\":\"2024-08-12T07:10:38+00:00\",\"mainEntityOfPage\":{\"@id\":\"https:\\\/\\\/jumeaux91.fr\\\/blog\\\/val-doise-deux-jumeaux-de-5-ans-meurent-dans-lincendie-dun-appartement\\\/\"},\"wordCount\":192,\"publisher\":{\"@id\":\"https:\\\/\\\/jumeaux91.fr\\\/blog\\\/#organization\"},\"image\":{\"@id\":\"https:\\\/\\\/jumeaux91.fr\\\/blog\\\/val-doise-deux-jumeaux-de-5-ans-meurent-dans-lincendie-dun-appartement\\\/#primaryimage\"},\"thumbnailUrl\":\"https:\\\/\\\/jumeaux91.fr\\\/blog\\\/wp-content\\\/uploads\\\/2024\\\/09\\\/val-doise-deux-jumeaux-de-5-ans-meurent-dans-lincendie-dun-appartement.jpg\",\"articleSection\":[\"Posts Fr\u00e8res Jumeaux De L'Essonnes:\"],\"inLanguage\":\"fr-FR\"},{\"@type\":\"WebPage\",\"@id\":\"https:\\\/\\\/jumeaux91.fr\\\/blog\\\/val-doise-deux-jumeaux-de-5-ans-meurent-dans-lincendie-dun-appartement\\\/\",\"url\":\"https:\\\/\\\/jumeaux91.fr\\\/blog\\\/val-doise-deux-jumeaux-de-5-ans-meurent-dans-lincendie-dun-appartement\\\/\",\"name\":\"Val-d'Oise Deux jumeaux de 5 ans meurent dans l'incendie d'un appartement - JUMEAUX91\",\"isPartOf\":{\"@id\":\"https:\\\/\\\/jumeaux91.fr\\\/blog\\\/#website\"},\"primaryImageOfPage\":{\"@id\":\"https:\\\/\\\/jumeaux91.fr\\\/blog\\\/val-doise-deux-jumeaux-de-5-ans-meurent-dans-lincendie-dun-appartement\\\/#primaryimage\"},\"image\":{\"@id\":\"https:\\\/\\\/jumeaux91.fr\\\/blog\\\/val-doise-deux-jumeaux-de-5-ans-meurent-dans-lincendie-dun-appartement\\\/#primaryimage\"},\"thumbnailUrl\":\"https:\\\/\\\/jumeaux91.fr\\\/blog\\\/wp-content\\\/uploads\\\/2024\\\/09\\\/val-doise-deux-jumeaux-de-5-ans-meurent-dans-lincendie-dun-appartement.jpg\",\"datePublished\":\"2024-08-12T07:10:38+00:00\",\"breadcrumb\":{\"@id\":\"https:\\\/\\\/jumeaux91.fr\\\/blog\\\/val-doise-deux-jumeaux-de-5-ans-meurent-dans-lincendie-dun-appartement\\\/#breadcrumb\"},\"inLanguage\":\"fr-FR\",\"potentialAction\":[{\"@type\":\"ReadAction\",\"target\":[\"https:\\\/\\\/jumeaux91.fr\\\/blog\\\/val-doise-deux-jumeaux-de-5-ans-meurent-dans-lincendie-dun-appartement\\\/\"]}]},{\"@type\":\"ImageObject\",\"inLanguage\":\"fr-FR\",\"@id\":\"https:\\\/\\\/jumeaux91.fr\\\/blog\\\/val-doise-deux-jumeaux-de-5-ans-meurent-dans-lincendie-dun-appartement\\\/#primaryimage\",\"url\":\"https:\\\/\\\/jumeaux91.fr\\\/blog\\\/wp-content\\\/uploads\\\/2024\\\/09\\\/val-doise-deux-jumeaux-de-5-ans-meurent-dans-lincendie-dun-appartement.jpg\",\"contentUrl\":\"https:\\\/\\\/jumeaux91.fr\\\/blog\\\/wp-content\\\/uploads\\\/2024\\\/09\\\/val-doise-deux-jumeaux-de-5-ans-meurent-dans-lincendie-dun-appartement.jpg\",\"width\":1600,\"height\":1067,\"caption\":\"val doise deux jumeaux de 5 ans meurent dans lincendie dun appartement\"},{\"@type\":\"BreadcrumbList\",\"@id\":\"https:\\\/\\\/jumeaux91.fr\\\/blog\\\/val-doise-deux-jumeaux-de-5-ans-meurent-dans-lincendie-dun-appartement\\\/#breadcrumb\",\"itemListElement\":[{\"@type\":\"ListItem\",\"position\":1,\"name\":\"Accueil\",\"item\":\"https:\\\/\\\/jumeaux91.fr\\\/blog\\\/\"},{\"@type\":\"ListItem\",\"position\":2,\"name\":\"Val-d&rsquo;Oise Deux jumeaux de 5 ans meurent dans l&rsquo;incendie d&rsquo;un appartement\"}]},{\"@type\":\"WebSite\",\"@id\":\"https:\\\/\\\/jumeaux91.fr\\\/blog\\\/#website\",\"url\":\"https:\\\/\\\/jumeaux91.fr\\\/blog\\\/\",\"name\":\"JUMEAUX91\",\"description\":\"Fr\u00e8res jumeaux de l&#039;Essonnes; informations et archives, \u00e0 savoir et retenir.\",\"publisher\":{\"@id\":\"https:\\\/\\\/jumeaux91.fr\\\/blog\\\/#organization\"},\"potentialAction\":[{\"@type\":\"SearchAction\",\"target\":{\"@type\":\"EntryPoint\",\"urlTemplate\":\"https:\\\/\\\/jumeaux91.fr\\\/blog\\\/?s={search_term_string}\"},\"query-input\":{\"@type\":\"PropertyValueSpecification\",\"valueRequired\":true,\"valueName\":\"search_term_string\"}}],\"inLanguage\":\"fr-FR\"},{\"@type\":\"Organization\",\"@id\":\"https:\\\/\\\/jumeaux91.fr\\\/blog\\\/#organization\",\"name\":\"jumeaux91\",\"url\":\"https:\\\/\\\/jumeaux91.fr\\\/blog\\\/\",\"logo\":{\"@type\":\"ImageObject\",\"inLanguage\":\"fr-FR\",\"@id\":\"https:\\\/\\\/jumeaux91.fr\\\/blog\\\/#\\\/schema\\\/logo\\\/image\\\/\",\"url\":\"https:\\\/\\\/jumeaux91.fr\\\/blog\\\/wp-content\\\/uploads\\\/2023\\\/05\\\/cropped-cropped-logoJ_91.png\",\"contentUrl\":\"https:\\\/\\\/jumeaux91.fr\\\/blog\\\/wp-content\\\/uploads\\\/2023\\\/05\\\/cropped-cropped-logoJ_91.png\",\"width\":512,\"height\":512,\"caption\":\"jumeaux91\"},\"image\":{\"@id\":\"https:\\\/\\\/jumeaux91.fr\\\/blog\\\/#\\\/schema\\\/logo\\\/image\\\/\"}},{\"@type\":\"Person\",\"@id\":\"https:\\\/\\\/jumeaux91.fr\\\/blog\\\/#\\\/schema\\\/person\\\/21da06e9f119b9f64e5d45dbbd32d3fb\",\"name\":\"Claude DAYRES\",\"image\":{\"@type\":\"ImageObject\",\"inLanguage\":\"fr-FR\",\"@id\":\"https:\\\/\\\/secure.gravatar.com\\\/avatar\\\/82eb951df6110a2c48d1bfa7a67d1ee6f0cd5df3cbf9c3586dd61e82db7172a5?s=96&d=mm&r=g\",\"url\":\"https:\\\/\\\/secure.gravatar.com\\\/avatar\\\/82eb951df6110a2c48d1bfa7a67d1ee6f0cd5df3cbf9c3586dd61e82db7172a5?s=96&d=mm&r=g\",\"contentUrl\":\"https:\\\/\\\/secure.gravatar.com\\\/avatar\\\/82eb951df6110a2c48d1bfa7a67d1ee6f0cd5df3cbf9c3586dd61e82db7172a5?s=96&d=mm&r=g\",\"caption\":\"Claude DAYRES\"},\"url\":\"https:\\\/\\\/jumeaux91.fr\\\/blog\\\/author\\\/x91claude\\\/\"}]}<\/script>\n<!-- \/ Yoast SEO plugin. -->","yoast_head_json":{"title":"Val-d'Oise Deux jumeaux de 5 ans meurent dans l'incendie d'un appartement - JUMEAUX91","robots":{"index":"index","follow":"follow","max-snippet":"max-snippet:-1","max-image-preview":"max-image-preview:large","max-video-preview":"max-video-preview:-1"},"canonical":"https:\/\/jumeaux91.fr\/blog\/val-doise-deux-jumeaux-de-5-ans-meurent-dans-lincendie-dun-appartement\/","og_locale":"fr_FR","og_type":"article","og_title":"Val-d'Oise Deux jumeaux de 5 ans meurent dans l'incendie d'un appartement - JUMEAUX91","og_description":"Les deux jeunes fr\u00e8res jumeaux sont morts dans l&rsquo;incendie qui a touch\u00e9, vendredi, l&rsquo;appartement du Val-d&rsquo;Oise dans lequel ils avaient \u00e9t\u00e9 laiss\u00e9s seuls un court instant. La r\u00e9daction avec AFP &#8211; &#8230; Aller \u00e0 la sourceLa chronique se veut g\u00e9n\u00e9r\u00e9e de la fa\u00e7on la plus claire que possible. Dans le cas o\u00f9 vous souhaitez pr\u00e9senter&hellip; Poursuivre la lecture Val-d&rsquo;Oise Deux jumeaux de 5 ans meurent dans l&rsquo;incendie d&rsquo;un appartement","og_url":"https:\/\/jumeaux91.fr\/blog\/val-doise-deux-jumeaux-de-5-ans-meurent-dans-lincendie-dun-appartement\/","og_site_name":"JUMEAUX91","article_published_time":"2024-08-12T07:10:38+00:00","author":"Claude DAYRES","twitter_card":"summary_large_image","twitter_misc":{"\u00c9crit par":"Claude DAYRES","Dur\u00e9e de lecture estim\u00e9e":"1 minute"},"schema":{"@context":"https:\/\/schema.org","@graph":[{"@type":"Article","@id":"https:\/\/jumeaux91.fr\/blog\/val-doise-deux-jumeaux-de-5-ans-meurent-dans-lincendie-dun-appartement\/#article","isPartOf":{"@id":"https:\/\/jumeaux91.fr\/blog\/val-doise-deux-jumeaux-de-5-ans-meurent-dans-lincendie-dun-appartement\/"},"author":{"name":"Claude DAYRES","@id":"https:\/\/jumeaux91.fr\/blog\/#\/schema\/person\/21da06e9f119b9f64e5d45dbbd32d3fb"},"headline":"Val-d&rsquo;Oise Deux jumeaux de 5 ans meurent dans l&rsquo;incendie d&rsquo;un appartement","datePublished":"2024-08-12T07:10:38+00:00","mainEntityOfPage":{"@id":"https:\/\/jumeaux91.fr\/blog\/val-doise-deux-jumeaux-de-5-ans-meurent-dans-lincendie-dun-appartement\/"},"wordCount":192,"publisher":{"@id":"https:\/\/jumeaux91.fr\/blog\/#organization"},"image":{"@id":"https:\/\/jumeaux91.fr\/blog\/val-doise-deux-jumeaux-de-5-ans-meurent-dans-lincendie-dun-appartement\/#primaryimage"},"thumbnailUrl":"https:\/\/jumeaux91.fr\/blog\/wp-content\/uploads\/2024\/09\/val-doise-deux-jumeaux-de-5-ans-meurent-dans-lincendie-dun-appartement.jpg","articleSection":["Posts Fr\u00e8res Jumeaux De L'Essonnes:"],"inLanguage":"fr-FR"},{"@type":"WebPage","@id":"https:\/\/jumeaux91.fr\/blog\/val-doise-deux-jumeaux-de-5-ans-meurent-dans-lincendie-dun-appartement\/","url":"https:\/\/jumeaux91.fr\/blog\/val-doise-deux-jumeaux-de-5-ans-meurent-dans-lincendie-dun-appartement\/","name":"Val-d'Oise Deux jumeaux de 5 ans meurent dans l'incendie d'un appartement - JUMEAUX91","isPartOf":{"@id":"https:\/\/jumeaux91.fr\/blog\/#website"},"primaryImageOfPage":{"@id":"https:\/\/jumeaux91.fr\/blog\/val-doise-deux-jumeaux-de-5-ans-meurent-dans-lincendie-dun-appartement\/#primaryimage"},"image":{"@id":"https:\/\/jumeaux91.fr\/blog\/val-doise-deux-jumeaux-de-5-ans-meurent-dans-lincendie-dun-appartement\/#primaryimage"},"thumbnailUrl":"https:\/\/jumeaux91.fr\/blog\/wp-content\/uploads\/2024\/09\/val-doise-deux-jumeaux-de-5-ans-meurent-dans-lincendie-dun-appartement.jpg","datePublished":"2024-08-12T07:10:38+00:00","breadcrumb":{"@id":"https:\/\/jumeaux91.fr\/blog\/val-doise-deux-jumeaux-de-5-ans-meurent-dans-lincendie-dun-appartement\/#breadcrumb"},"inLanguage":"fr-FR","potentialAction":[{"@type":"ReadAction","target":["https:\/\/jumeaux91.fr\/blog\/val-doise-deux-jumeaux-de-5-ans-meurent-dans-lincendie-dun-appartement\/"]}]},{"@type":"ImageObject","inLanguage":"fr-FR","@id":"https:\/\/jumeaux91.fr\/blog\/val-doise-deux-jumeaux-de-5-ans-meurent-dans-lincendie-dun-appartement\/#primaryimage","url":"https:\/\/jumeaux91.fr\/blog\/wp-content\/uploads\/2024\/09\/val-doise-deux-jumeaux-de-5-ans-meurent-dans-lincendie-dun-appartement.jpg","contentUrl":"https:\/\/jumeaux91.fr\/blog\/wp-content\/uploads\/2024\/09\/val-doise-deux-jumeaux-de-5-ans-meurent-dans-lincendie-dun-appartement.jpg","width":1600,"height":1067,"caption":"val doise deux jumeaux de 5 ans meurent dans lincendie dun appartement"},{"@type":"BreadcrumbList","@id":"https:\/\/jumeaux91.fr\/blog\/val-doise-deux-jumeaux-de-5-ans-meurent-dans-lincendie-dun-appartement\/#breadcrumb","itemListElement":[{"@type":"ListItem","position":1,"name":"Accueil","item":"https:\/\/jumeaux91.fr\/blog\/"},{"@type":"ListItem","position":2,"name":"Val-d&rsquo;Oise Deux jumeaux de 5 ans meurent dans l&rsquo;incendie d&rsquo;un appartement"}]},{"@type":"WebSite","@id":"https:\/\/jumeaux91.fr\/blog\/#website","url":"https:\/\/jumeaux91.fr\/blog\/","name":"JUMEAUX91","description":"Fr\u00e8res jumeaux de l&#039;Essonnes; informations et archives, \u00e0 savoir et retenir.","publisher":{"@id":"https:\/\/jumeaux91.fr\/blog\/#organization"},"potentialAction":[{"@type":"SearchAction","target":{"@type":"EntryPoint","urlTemplate":"https:\/\/jumeaux91.fr\/blog\/?s={search_term_string}"},"query-input":{"@type":"PropertyValueSpecification","valueRequired":true,"valueName":"search_term_string"}}],"inLanguage":"fr-FR"},{"@type":"Organization","@id":"https:\/\/jumeaux91.fr\/blog\/#organization","name":"jumeaux91","url":"https:\/\/jumeaux91.fr\/blog\/","logo":{"@type":"ImageObject","inLanguage":"fr-FR","@id":"https:\/\/jumeaux91.fr\/blog\/#\/schema\/logo\/image\/","url":"https:\/\/jumeaux91.fr\/blog\/wp-content\/uploads\/2023\/05\/cropped-cropped-logoJ_91.png","contentUrl":"https:\/\/jumeaux91.fr\/blog\/wp-content\/uploads\/2023\/05\/cropped-cropped-logoJ_91.png","width":512,"height":512,"caption":"jumeaux91"},"image":{"@id":"https:\/\/jumeaux91.fr\/blog\/#\/schema\/logo\/image\/"}},{"@type":"Person","@id":"https:\/\/jumeaux91.fr\/blog\/#\/schema\/person\/21da06e9f119b9f64e5d45dbbd32d3fb","name":"Claude DAYRES","image":{"@type":"ImageObject","inLanguage":"fr-FR","@id":"https:\/\/secure.gravatar.com\/avatar\/82eb951df6110a2c48d1bfa7a67d1ee6f0cd5df3cbf9c3586dd61e82db7172a5?s=96&d=mm&r=g","url":"https:\/\/secure.gravatar.com\/avatar\/82eb951df6110a2c48d1bfa7a67d1ee6f0cd5df3cbf9c3586dd61e82db7172a5?s=96&d=mm&r=g","contentUrl":"https:\/\/secure.gravatar.com\/avatar\/82eb951df6110a2c48d1bfa7a67d1ee6f0cd5df3cbf9c3586dd61e82db7172a5?s=96&d=mm&r=g","caption":"Claude DAYRES"},"url":"https:\/\/jumeaux91.fr\/blog\/author\/x91claude\/"}]}},"_links":{"self":[{"href":"https:\/\/jumeaux91.fr\/blog\/wp-json\/wp\/v2\/posts\/484","targetHints":{"allow":["GET"]}}],"collection":[{"href":"https:\/\/jumeaux91.fr\/blog\/wp-json\/wp\/v2\/posts"}],"about":[{"href":"https:\/\/jumeaux91.fr\/blog\/wp-json\/wp\/v2\/types\/post"}],"author":[{"embeddable":true,"href":"https:\/\/jumeaux91.fr\/blog\/wp-json\/wp\/v2\/users\/2"}],"replies":[{"embeddable":true,"href":"https:\/\/jumeaux91.fr\/blog\/wp-json\/wp\/v2\/comments?post=484"}],"version-history":[{"count":0,"href":"https:\/\/jumeaux91.fr\/blog\/wp-json\/wp\/v2\/posts\/484\/revisions"}],"wp:featuredmedia":[{"embeddable":true,"href":"https:\/\/jumeaux91.fr\/blog\/wp-json\/wp\/v2\/media\/526"}],"wp:attachment":[{"href":"https:\/\/jumeaux91.fr\/blog\/wp-json\/wp\/v2\/media?parent=484"}],"wp:term":[{"taxonomy":"category","embeddable":true,"href":"https:\/\/jumeaux91.fr\/blog\/wp-json\/wp\/v2\/categories?post=484"},{"taxonomy":"post_tag","embeddable":true,"href":"https:\/\/jumeaux91.fr\/blog\/wp-json\/wp\/v2\/tags?post=484"}],"curies":[{"name":"wp","href":"https:\/\/api.w.org\/{rel}","templated":true}]}}