{"id":492,"date":"2024-08-28T15:42:09","date_gmt":"2024-08-28T13:42:09","guid":{"rendered":"https:\/\/jumeaux91.fr\/blog\/jumeaux-mais-pas-trop-avec-ahmed-sylla-et-bertrand-usclat-diffuse-sur-m6-vendredi-30-aout-2024-video\/"},"modified":"2024-08-28T15:42:09","modified_gmt":"2024-08-28T13:42:09","slug":"jumeaux-mais-pas-trop-avec-ahmed-sylla-et-bertrand-usclat-diffuse-sur-m6-vendredi-30-aout-2024-video","status":"publish","type":"post","link":"https:\/\/jumeaux91.fr\/blog\/jumeaux-mais-pas-trop-avec-ahmed-sylla-et-bertrand-usclat-diffuse-sur-m6-vendredi-30-aout-2024-video\/","title":{"rendered":"\u00ab\u00a0Jumeaux mais pas trop\u00a0\u00bb avec Ahmed Sylla et Bertrand Usclat diffus\u00e9 sur M6 vendredi 30 ao\u00fbt 2024 (vid\u00e9o)"},"content":{"rendered":"<div>Vendredi 30 ao\u00fbt 2024 \u00e0 21:10, M6 diffusera \u00ab\u00a0Jumeaux mais pas trop\u00a0\u00bb, un film d&rsquo;Olivier Ducray et Wilfried M\u00e9ance, sorti en 2021 au cin\u00e9ma et in\u00e9dit en clair \u00e0 la t\u00e9l\u00e9vision.<\/div>\n<p><!-- no image --><a href=\"https:\/\/www.coulisses-tv.fr\/index.php\/cin%c3%a9ma\/item\/38698-jumeaux-mais-pas-trop-avec-ahmed-sylla-et-bertrand-usclat-diffus%c3%a9-sur-m6-vendredi-30-ao%c3%bbt-2024-vid%c3%a9o\" target=\"_blank\" rel=\"nofollow\">Aller \u00e0 la source<\/a><br \/>La chronique se veut g\u00e9n\u00e9r\u00e9e de la fa\u00e7on la plus claire que possible. Dans le cas o\u00f9 vous souhaitez pr\u00e9senter des renseignements compl\u00e9mentaires \u00e0 cet article sur le sujet \u00ab\u00a0Fr\u00e8res jumeaux de l&rsquo;Essonnes\u00a0\u00bb il vous est possible d\u2019\u00e9crire aux contacts indiqu\u00e9s sur notre website. La raison d\u2019\u00eatre de jumeaux91.fr \u00e9tant de rassembler sur le web des posts sur le sujet de Fr\u00e8res jumeaux de l&rsquo;Essonnes puis les diffuser en r\u00e9pondant au mieux aux interrogations des gens. Vous pouvez tirer profit de cet article traitant le sujet \u00ab\u00a0Fr\u00e8res jumeaux de l&rsquo;Essonnes\u00a0\u00bb. Il est concoct\u00e9 par l\u2019\u00e9quipe jumeaux91.fr. Prochainement, nous rendrons accessibles au public d&rsquo;autres informations pertinentes sur le sujet \u00ab\u00a0Fr\u00e8res jumeaux de l&rsquo;Essonnes\u00a0\u00bb. Alors, consultez syst\u00e9matiquement notre blog.<\/p>\n","protected":false},"excerpt":{"rendered":"<p>Vendredi 30 ao\u00fbt 2024 \u00e0 21:10, M6 diffusera \u00ab\u00a0Jumeaux mais pas trop\u00a0\u00bb, un film d&rsquo;Olivier Ducray et Wilfried M\u00e9ance, sorti en 2021 au cin\u00e9ma et in\u00e9dit en clair \u00e0 la t\u00e9l\u00e9vision. Aller \u00e0 la sourceLa chronique se veut g\u00e9n\u00e9r\u00e9e de la fa\u00e7on la plus claire que possible. Dans le cas o\u00f9 vous souhaitez pr\u00e9senter des&hellip; <a class=\"more-link\" href=\"https:\/\/jumeaux91.fr\/blog\/jumeaux-mais-pas-trop-avec-ahmed-sylla-et-bertrand-usclat-diffuse-sur-m6-vendredi-30-aout-2024-video\/\">Poursuivre la lecture <span class=\"screen-reader-text\">\u00ab\u00a0Jumeaux mais pas trop\u00a0\u00bb avec Ahmed Sylla et Bertrand Usclat diffus\u00e9 sur M6 vendredi 30 ao\u00fbt 2024 (vid\u00e9o)<\/span><\/a><\/p>\n","protected":false},"author":2,"featured_media":518,"comment_status":"closed","ping_status":"closed","sticky":false,"template":"","format":"standard","meta":{"footnotes":""},"categories":[4],"tags":[],"class_list":["post-492","post","type-post","status-publish","format-standard","has-post-thumbnail","hentry","category-posts-freres-jumeaux-de-lessonnes","entry"],"yoast_head":"<!-- This site is optimized with the Yoast SEO plugin v27.5 - https:\/\/yoast.com\/product\/yoast-seo-wordpress\/ -->\n<title>&quot;Jumeaux mais pas trop&quot; avec Ahmed Sylla et Bertrand Usclat diffus\u00e9 sur M6 vendredi 30 ao\u00fbt 2024 (vid\u00e9o) - JUMEAUX91<\/title>\n<meta name=\"robots\" content=\"index, follow, max-snippet:-1, max-image-preview:large, max-video-preview:-1\" \/>\n<link rel=\"canonical\" href=\"https:\/\/jumeaux91.fr\/blog\/jumeaux-mais-pas-trop-avec-ahmed-sylla-et-bertrand-usclat-diffuse-sur-m6-vendredi-30-aout-2024-video\/\" \/>\n<meta property=\"og:locale\" content=\"fr_FR\" \/>\n<meta property=\"og:type\" content=\"article\" \/>\n<meta property=\"og:title\" content=\"&quot;Jumeaux mais pas trop&quot; avec Ahmed Sylla et Bertrand Usclat diffus\u00e9 sur M6 vendredi 30 ao\u00fbt 2024 (vid\u00e9o) - JUMEAUX91\" \/>\n<meta property=\"og:description\" content=\"Vendredi 30 ao\u00fbt 2024 \u00e0 21:10, M6 diffusera \u00ab\u00a0Jumeaux mais pas trop\u00a0\u00bb, un film d&rsquo;Olivier Ducray et Wilfried M\u00e9ance, sorti en 2021 au cin\u00e9ma et in\u00e9dit en clair \u00e0 la t\u00e9l\u00e9vision. Aller \u00e0 la sourceLa chronique se veut g\u00e9n\u00e9r\u00e9e de la fa\u00e7on la plus claire que possible. Dans le cas o\u00f9 vous souhaitez pr\u00e9senter des&hellip; Poursuivre la lecture \u00ab\u00a0Jumeaux mais pas trop\u00a0\u00bb avec Ahmed Sylla et Bertrand Usclat diffus\u00e9 sur M6 vendredi 30 ao\u00fbt 2024 (vid\u00e9o)\" \/>\n<meta property=\"og:url\" content=\"https:\/\/jumeaux91.fr\/blog\/jumeaux-mais-pas-trop-avec-ahmed-sylla-et-bertrand-usclat-diffuse-sur-m6-vendredi-30-aout-2024-video\/\" \/>\n<meta property=\"og:site_name\" content=\"JUMEAUX91\" \/>\n<meta property=\"article:published_time\" content=\"2024-08-28T13:42:09+00:00\" \/>\n<meta name=\"author\" content=\"Claude DAYRES\" \/>\n<meta name=\"twitter:card\" content=\"summary_large_image\" \/>\n<meta name=\"twitter:label1\" content=\"\u00c9crit par\" \/>\n\t<meta name=\"twitter:data1\" content=\"Claude DAYRES\" \/>\n\t<meta name=\"twitter:label2\" content=\"Dur\u00e9e de lecture estim\u00e9e\" \/>\n\t<meta name=\"twitter:data2\" content=\"1 minute\" \/>\n<script type=\"application\/ld+json\" class=\"yoast-schema-graph\">{\"@context\":\"https:\\\/\\\/schema.org\",\"@graph\":[{\"@type\":\"Article\",\"@id\":\"https:\\\/\\\/jumeaux91.fr\\\/blog\\\/jumeaux-mais-pas-trop-avec-ahmed-sylla-et-bertrand-usclat-diffuse-sur-m6-vendredi-30-aout-2024-video\\\/#article\",\"isPartOf\":{\"@id\":\"https:\\\/\\\/jumeaux91.fr\\\/blog\\\/jumeaux-mais-pas-trop-avec-ahmed-sylla-et-bertrand-usclat-diffuse-sur-m6-vendredi-30-aout-2024-video\\\/\"},\"author\":{\"name\":\"Claude DAYRES\",\"@id\":\"https:\\\/\\\/jumeaux91.fr\\\/blog\\\/#\\\/schema\\\/person\\\/21da06e9f119b9f64e5d45dbbd32d3fb\"},\"headline\":\"\u00ab\u00a0Jumeaux mais pas trop\u00a0\u00bb avec Ahmed Sylla et Bertrand Usclat diffus\u00e9 sur M6 vendredi 30 ao\u00fbt 2024 (vid\u00e9o)\",\"datePublished\":\"2024-08-28T13:42:09+00:00\",\"mainEntityOfPage\":{\"@id\":\"https:\\\/\\\/jumeaux91.fr\\\/blog\\\/jumeaux-mais-pas-trop-avec-ahmed-sylla-et-bertrand-usclat-diffuse-sur-m6-vendredi-30-aout-2024-video\\\/\"},\"wordCount\":192,\"publisher\":{\"@id\":\"https:\\\/\\\/jumeaux91.fr\\\/blog\\\/#organization\"},\"image\":{\"@id\":\"https:\\\/\\\/jumeaux91.fr\\\/blog\\\/jumeaux-mais-pas-trop-avec-ahmed-sylla-et-bertrand-usclat-diffuse-sur-m6-vendredi-30-aout-2024-video\\\/#primaryimage\"},\"thumbnailUrl\":\"https:\\\/\\\/jumeaux91.fr\\\/blog\\\/wp-content\\\/uploads\\\/2024\\\/09\\\/jumeaux-mais-pas-trop-avec-ahmed-sylla-et-bertrand-usclat-diffuse-sur-m6-vendredi-30-aout-2024-video.webp\",\"articleSection\":[\"Posts Fr\u00e8res Jumeaux De L'Essonnes:\"],\"inLanguage\":\"fr-FR\"},{\"@type\":\"WebPage\",\"@id\":\"https:\\\/\\\/jumeaux91.fr\\\/blog\\\/jumeaux-mais-pas-trop-avec-ahmed-sylla-et-bertrand-usclat-diffuse-sur-m6-vendredi-30-aout-2024-video\\\/\",\"url\":\"https:\\\/\\\/jumeaux91.fr\\\/blog\\\/jumeaux-mais-pas-trop-avec-ahmed-sylla-et-bertrand-usclat-diffuse-sur-m6-vendredi-30-aout-2024-video\\\/\",\"name\":\"\\\"Jumeaux mais pas trop\\\" avec Ahmed Sylla et Bertrand Usclat diffus\u00e9 sur M6 vendredi 30 ao\u00fbt 2024 (vid\u00e9o) - JUMEAUX91\",\"isPartOf\":{\"@id\":\"https:\\\/\\\/jumeaux91.fr\\\/blog\\\/#website\"},\"primaryImageOfPage\":{\"@id\":\"https:\\\/\\\/jumeaux91.fr\\\/blog\\\/jumeaux-mais-pas-trop-avec-ahmed-sylla-et-bertrand-usclat-diffuse-sur-m6-vendredi-30-aout-2024-video\\\/#primaryimage\"},\"image\":{\"@id\":\"https:\\\/\\\/jumeaux91.fr\\\/blog\\\/jumeaux-mais-pas-trop-avec-ahmed-sylla-et-bertrand-usclat-diffuse-sur-m6-vendredi-30-aout-2024-video\\\/#primaryimage\"},\"thumbnailUrl\":\"https:\\\/\\\/jumeaux91.fr\\\/blog\\\/wp-content\\\/uploads\\\/2024\\\/09\\\/jumeaux-mais-pas-trop-avec-ahmed-sylla-et-bertrand-usclat-diffuse-sur-m6-vendredi-30-aout-2024-video.webp\",\"datePublished\":\"2024-08-28T13:42:09+00:00\",\"breadcrumb\":{\"@id\":\"https:\\\/\\\/jumeaux91.fr\\\/blog\\\/jumeaux-mais-pas-trop-avec-ahmed-sylla-et-bertrand-usclat-diffuse-sur-m6-vendredi-30-aout-2024-video\\\/#breadcrumb\"},\"inLanguage\":\"fr-FR\",\"potentialAction\":[{\"@type\":\"ReadAction\",\"target\":[\"https:\\\/\\\/jumeaux91.fr\\\/blog\\\/jumeaux-mais-pas-trop-avec-ahmed-sylla-et-bertrand-usclat-diffuse-sur-m6-vendredi-30-aout-2024-video\\\/\"]}]},{\"@type\":\"ImageObject\",\"inLanguage\":\"fr-FR\",\"@id\":\"https:\\\/\\\/jumeaux91.fr\\\/blog\\\/jumeaux-mais-pas-trop-avec-ahmed-sylla-et-bertrand-usclat-diffuse-sur-m6-vendredi-30-aout-2024-video\\\/#primaryimage\",\"url\":\"https:\\\/\\\/jumeaux91.fr\\\/blog\\\/wp-content\\\/uploads\\\/2024\\\/09\\\/jumeaux-mais-pas-trop-avec-ahmed-sylla-et-bertrand-usclat-diffuse-sur-m6-vendredi-30-aout-2024-video.webp\",\"contentUrl\":\"https:\\\/\\\/jumeaux91.fr\\\/blog\\\/wp-content\\\/uploads\\\/2024\\\/09\\\/jumeaux-mais-pas-trop-avec-ahmed-sylla-et-bertrand-usclat-diffuse-sur-m6-vendredi-30-aout-2024-video.webp\",\"width\":650,\"height\":359,\"caption\":\"jumeaux mais pas trop avec ahmed sylla et bertrand usclat diffuse sur m6 vendredi 30 aout 2024 video\"},{\"@type\":\"BreadcrumbList\",\"@id\":\"https:\\\/\\\/jumeaux91.fr\\\/blog\\\/jumeaux-mais-pas-trop-avec-ahmed-sylla-et-bertrand-usclat-diffuse-sur-m6-vendredi-30-aout-2024-video\\\/#breadcrumb\",\"itemListElement\":[{\"@type\":\"ListItem\",\"position\":1,\"name\":\"Accueil\",\"item\":\"https:\\\/\\\/jumeaux91.fr\\\/blog\\\/\"},{\"@type\":\"ListItem\",\"position\":2,\"name\":\"\u00ab\u00a0Jumeaux mais pas trop\u00a0\u00bb avec Ahmed Sylla et Bertrand Usclat diffus\u00e9 sur M6 vendredi 30 ao\u00fbt 2024 (vid\u00e9o)\"}]},{\"@type\":\"WebSite\",\"@id\":\"https:\\\/\\\/jumeaux91.fr\\\/blog\\\/#website\",\"url\":\"https:\\\/\\\/jumeaux91.fr\\\/blog\\\/\",\"name\":\"JUMEAUX91\",\"description\":\"Fr\u00e8res jumeaux de l&#039;Essonnes; informations et archives, \u00e0 savoir et retenir.\",\"publisher\":{\"@id\":\"https:\\\/\\\/jumeaux91.fr\\\/blog\\\/#organization\"},\"potentialAction\":[{\"@type\":\"SearchAction\",\"target\":{\"@type\":\"EntryPoint\",\"urlTemplate\":\"https:\\\/\\\/jumeaux91.fr\\\/blog\\\/?s={search_term_string}\"},\"query-input\":{\"@type\":\"PropertyValueSpecification\",\"valueRequired\":true,\"valueName\":\"search_term_string\"}}],\"inLanguage\":\"fr-FR\"},{\"@type\":\"Organization\",\"@id\":\"https:\\\/\\\/jumeaux91.fr\\\/blog\\\/#organization\",\"name\":\"jumeaux91\",\"url\":\"https:\\\/\\\/jumeaux91.fr\\\/blog\\\/\",\"logo\":{\"@type\":\"ImageObject\",\"inLanguage\":\"fr-FR\",\"@id\":\"https:\\\/\\\/jumeaux91.fr\\\/blog\\\/#\\\/schema\\\/logo\\\/image\\\/\",\"url\":\"https:\\\/\\\/jumeaux91.fr\\\/blog\\\/wp-content\\\/uploads\\\/2023\\\/05\\\/cropped-cropped-logoJ_91.png\",\"contentUrl\":\"https:\\\/\\\/jumeaux91.fr\\\/blog\\\/wp-content\\\/uploads\\\/2023\\\/05\\\/cropped-cropped-logoJ_91.png\",\"width\":512,\"height\":512,\"caption\":\"jumeaux91\"},\"image\":{\"@id\":\"https:\\\/\\\/jumeaux91.fr\\\/blog\\\/#\\\/schema\\\/logo\\\/image\\\/\"}},{\"@type\":\"Person\",\"@id\":\"https:\\\/\\\/jumeaux91.fr\\\/blog\\\/#\\\/schema\\\/person\\\/21da06e9f119b9f64e5d45dbbd32d3fb\",\"name\":\"Claude DAYRES\",\"image\":{\"@type\":\"ImageObject\",\"inLanguage\":\"fr-FR\",\"@id\":\"https:\\\/\\\/secure.gravatar.com\\\/avatar\\\/82eb951df6110a2c48d1bfa7a67d1ee6f0cd5df3cbf9c3586dd61e82db7172a5?s=96&d=mm&r=g\",\"url\":\"https:\\\/\\\/secure.gravatar.com\\\/avatar\\\/82eb951df6110a2c48d1bfa7a67d1ee6f0cd5df3cbf9c3586dd61e82db7172a5?s=96&d=mm&r=g\",\"contentUrl\":\"https:\\\/\\\/secure.gravatar.com\\\/avatar\\\/82eb951df6110a2c48d1bfa7a67d1ee6f0cd5df3cbf9c3586dd61e82db7172a5?s=96&d=mm&r=g\",\"caption\":\"Claude DAYRES\"},\"url\":\"https:\\\/\\\/jumeaux91.fr\\\/blog\\\/author\\\/x91claude\\\/\"}]}<\/script>\n<!-- \/ Yoast SEO plugin. -->","yoast_head_json":{"title":"\"Jumeaux mais pas trop\" avec Ahmed Sylla et Bertrand Usclat diffus\u00e9 sur M6 vendredi 30 ao\u00fbt 2024 (vid\u00e9o) - JUMEAUX91","robots":{"index":"index","follow":"follow","max-snippet":"max-snippet:-1","max-image-preview":"max-image-preview:large","max-video-preview":"max-video-preview:-1"},"canonical":"https:\/\/jumeaux91.fr\/blog\/jumeaux-mais-pas-trop-avec-ahmed-sylla-et-bertrand-usclat-diffuse-sur-m6-vendredi-30-aout-2024-video\/","og_locale":"fr_FR","og_type":"article","og_title":"\"Jumeaux mais pas trop\" avec Ahmed Sylla et Bertrand Usclat diffus\u00e9 sur M6 vendredi 30 ao\u00fbt 2024 (vid\u00e9o) - JUMEAUX91","og_description":"Vendredi 30 ao\u00fbt 2024 \u00e0 21:10, M6 diffusera \u00ab\u00a0Jumeaux mais pas trop\u00a0\u00bb, un film d&rsquo;Olivier Ducray et Wilfried M\u00e9ance, sorti en 2021 au cin\u00e9ma et in\u00e9dit en clair \u00e0 la t\u00e9l\u00e9vision. Aller \u00e0 la sourceLa chronique se veut g\u00e9n\u00e9r\u00e9e de la fa\u00e7on la plus claire que possible. Dans le cas o\u00f9 vous souhaitez pr\u00e9senter des&hellip; Poursuivre la lecture \u00ab\u00a0Jumeaux mais pas trop\u00a0\u00bb avec Ahmed Sylla et Bertrand Usclat diffus\u00e9 sur M6 vendredi 30 ao\u00fbt 2024 (vid\u00e9o)","og_url":"https:\/\/jumeaux91.fr\/blog\/jumeaux-mais-pas-trop-avec-ahmed-sylla-et-bertrand-usclat-diffuse-sur-m6-vendredi-30-aout-2024-video\/","og_site_name":"JUMEAUX91","article_published_time":"2024-08-28T13:42:09+00:00","author":"Claude DAYRES","twitter_card":"summary_large_image","twitter_misc":{"\u00c9crit par":"Claude DAYRES","Dur\u00e9e de lecture estim\u00e9e":"1 minute"},"schema":{"@context":"https:\/\/schema.org","@graph":[{"@type":"Article","@id":"https:\/\/jumeaux91.fr\/blog\/jumeaux-mais-pas-trop-avec-ahmed-sylla-et-bertrand-usclat-diffuse-sur-m6-vendredi-30-aout-2024-video\/#article","isPartOf":{"@id":"https:\/\/jumeaux91.fr\/blog\/jumeaux-mais-pas-trop-avec-ahmed-sylla-et-bertrand-usclat-diffuse-sur-m6-vendredi-30-aout-2024-video\/"},"author":{"name":"Claude DAYRES","@id":"https:\/\/jumeaux91.fr\/blog\/#\/schema\/person\/21da06e9f119b9f64e5d45dbbd32d3fb"},"headline":"\u00ab\u00a0Jumeaux mais pas trop\u00a0\u00bb avec Ahmed Sylla et Bertrand Usclat diffus\u00e9 sur M6 vendredi 30 ao\u00fbt 2024 (vid\u00e9o)","datePublished":"2024-08-28T13:42:09+00:00","mainEntityOfPage":{"@id":"https:\/\/jumeaux91.fr\/blog\/jumeaux-mais-pas-trop-avec-ahmed-sylla-et-bertrand-usclat-diffuse-sur-m6-vendredi-30-aout-2024-video\/"},"wordCount":192,"publisher":{"@id":"https:\/\/jumeaux91.fr\/blog\/#organization"},"image":{"@id":"https:\/\/jumeaux91.fr\/blog\/jumeaux-mais-pas-trop-avec-ahmed-sylla-et-bertrand-usclat-diffuse-sur-m6-vendredi-30-aout-2024-video\/#primaryimage"},"thumbnailUrl":"https:\/\/jumeaux91.fr\/blog\/wp-content\/uploads\/2024\/09\/jumeaux-mais-pas-trop-avec-ahmed-sylla-et-bertrand-usclat-diffuse-sur-m6-vendredi-30-aout-2024-video.webp","articleSection":["Posts Fr\u00e8res Jumeaux De L'Essonnes:"],"inLanguage":"fr-FR"},{"@type":"WebPage","@id":"https:\/\/jumeaux91.fr\/blog\/jumeaux-mais-pas-trop-avec-ahmed-sylla-et-bertrand-usclat-diffuse-sur-m6-vendredi-30-aout-2024-video\/","url":"https:\/\/jumeaux91.fr\/blog\/jumeaux-mais-pas-trop-avec-ahmed-sylla-et-bertrand-usclat-diffuse-sur-m6-vendredi-30-aout-2024-video\/","name":"\"Jumeaux mais pas trop\" avec Ahmed Sylla et Bertrand Usclat diffus\u00e9 sur M6 vendredi 30 ao\u00fbt 2024 (vid\u00e9o) - JUMEAUX91","isPartOf":{"@id":"https:\/\/jumeaux91.fr\/blog\/#website"},"primaryImageOfPage":{"@id":"https:\/\/jumeaux91.fr\/blog\/jumeaux-mais-pas-trop-avec-ahmed-sylla-et-bertrand-usclat-diffuse-sur-m6-vendredi-30-aout-2024-video\/#primaryimage"},"image":{"@id":"https:\/\/jumeaux91.fr\/blog\/jumeaux-mais-pas-trop-avec-ahmed-sylla-et-bertrand-usclat-diffuse-sur-m6-vendredi-30-aout-2024-video\/#primaryimage"},"thumbnailUrl":"https:\/\/jumeaux91.fr\/blog\/wp-content\/uploads\/2024\/09\/jumeaux-mais-pas-trop-avec-ahmed-sylla-et-bertrand-usclat-diffuse-sur-m6-vendredi-30-aout-2024-video.webp","datePublished":"2024-08-28T13:42:09+00:00","breadcrumb":{"@id":"https:\/\/jumeaux91.fr\/blog\/jumeaux-mais-pas-trop-avec-ahmed-sylla-et-bertrand-usclat-diffuse-sur-m6-vendredi-30-aout-2024-video\/#breadcrumb"},"inLanguage":"fr-FR","potentialAction":[{"@type":"ReadAction","target":["https:\/\/jumeaux91.fr\/blog\/jumeaux-mais-pas-trop-avec-ahmed-sylla-et-bertrand-usclat-diffuse-sur-m6-vendredi-30-aout-2024-video\/"]}]},{"@type":"ImageObject","inLanguage":"fr-FR","@id":"https:\/\/jumeaux91.fr\/blog\/jumeaux-mais-pas-trop-avec-ahmed-sylla-et-bertrand-usclat-diffuse-sur-m6-vendredi-30-aout-2024-video\/#primaryimage","url":"https:\/\/jumeaux91.fr\/blog\/wp-content\/uploads\/2024\/09\/jumeaux-mais-pas-trop-avec-ahmed-sylla-et-bertrand-usclat-diffuse-sur-m6-vendredi-30-aout-2024-video.webp","contentUrl":"https:\/\/jumeaux91.fr\/blog\/wp-content\/uploads\/2024\/09\/jumeaux-mais-pas-trop-avec-ahmed-sylla-et-bertrand-usclat-diffuse-sur-m6-vendredi-30-aout-2024-video.webp","width":650,"height":359,"caption":"jumeaux mais pas trop avec ahmed sylla et bertrand usclat diffuse sur m6 vendredi 30 aout 2024 video"},{"@type":"BreadcrumbList","@id":"https:\/\/jumeaux91.fr\/blog\/jumeaux-mais-pas-trop-avec-ahmed-sylla-et-bertrand-usclat-diffuse-sur-m6-vendredi-30-aout-2024-video\/#breadcrumb","itemListElement":[{"@type":"ListItem","position":1,"name":"Accueil","item":"https:\/\/jumeaux91.fr\/blog\/"},{"@type":"ListItem","position":2,"name":"\u00ab\u00a0Jumeaux mais pas trop\u00a0\u00bb avec Ahmed Sylla et Bertrand Usclat diffus\u00e9 sur M6 vendredi 30 ao\u00fbt 2024 (vid\u00e9o)"}]},{"@type":"WebSite","@id":"https:\/\/jumeaux91.fr\/blog\/#website","url":"https:\/\/jumeaux91.fr\/blog\/","name":"JUMEAUX91","description":"Fr\u00e8res jumeaux de l&#039;Essonnes; informations et archives, \u00e0 savoir et retenir.","publisher":{"@id":"https:\/\/jumeaux91.fr\/blog\/#organization"},"potentialAction":[{"@type":"SearchAction","target":{"@type":"EntryPoint","urlTemplate":"https:\/\/jumeaux91.fr\/blog\/?s={search_term_string}"},"query-input":{"@type":"PropertyValueSpecification","valueRequired":true,"valueName":"search_term_string"}}],"inLanguage":"fr-FR"},{"@type":"Organization","@id":"https:\/\/jumeaux91.fr\/blog\/#organization","name":"jumeaux91","url":"https:\/\/jumeaux91.fr\/blog\/","logo":{"@type":"ImageObject","inLanguage":"fr-FR","@id":"https:\/\/jumeaux91.fr\/blog\/#\/schema\/logo\/image\/","url":"https:\/\/jumeaux91.fr\/blog\/wp-content\/uploads\/2023\/05\/cropped-cropped-logoJ_91.png","contentUrl":"https:\/\/jumeaux91.fr\/blog\/wp-content\/uploads\/2023\/05\/cropped-cropped-logoJ_91.png","width":512,"height":512,"caption":"jumeaux91"},"image":{"@id":"https:\/\/jumeaux91.fr\/blog\/#\/schema\/logo\/image\/"}},{"@type":"Person","@id":"https:\/\/jumeaux91.fr\/blog\/#\/schema\/person\/21da06e9f119b9f64e5d45dbbd32d3fb","name":"Claude DAYRES","image":{"@type":"ImageObject","inLanguage":"fr-FR","@id":"https:\/\/secure.gravatar.com\/avatar\/82eb951df6110a2c48d1bfa7a67d1ee6f0cd5df3cbf9c3586dd61e82db7172a5?s=96&d=mm&r=g","url":"https:\/\/secure.gravatar.com\/avatar\/82eb951df6110a2c48d1bfa7a67d1ee6f0cd5df3cbf9c3586dd61e82db7172a5?s=96&d=mm&r=g","contentUrl":"https:\/\/secure.gravatar.com\/avatar\/82eb951df6110a2c48d1bfa7a67d1ee6f0cd5df3cbf9c3586dd61e82db7172a5?s=96&d=mm&r=g","caption":"Claude DAYRES"},"url":"https:\/\/jumeaux91.fr\/blog\/author\/x91claude\/"}]}},"_links":{"self":[{"href":"https:\/\/jumeaux91.fr\/blog\/wp-json\/wp\/v2\/posts\/492","targetHints":{"allow":["GET"]}}],"collection":[{"href":"https:\/\/jumeaux91.fr\/blog\/wp-json\/wp\/v2\/posts"}],"about":[{"href":"https:\/\/jumeaux91.fr\/blog\/wp-json\/wp\/v2\/types\/post"}],"author":[{"embeddable":true,"href":"https:\/\/jumeaux91.fr\/blog\/wp-json\/wp\/v2\/users\/2"}],"replies":[{"embeddable":true,"href":"https:\/\/jumeaux91.fr\/blog\/wp-json\/wp\/v2\/comments?post=492"}],"version-history":[{"count":0,"href":"https:\/\/jumeaux91.fr\/blog\/wp-json\/wp\/v2\/posts\/492\/revisions"}],"wp:featuredmedia":[{"embeddable":true,"href":"https:\/\/jumeaux91.fr\/blog\/wp-json\/wp\/v2\/media\/518"}],"wp:attachment":[{"href":"https:\/\/jumeaux91.fr\/blog\/wp-json\/wp\/v2\/media?parent=492"}],"wp:term":[{"taxonomy":"category","embeddable":true,"href":"https:\/\/jumeaux91.fr\/blog\/wp-json\/wp\/v2\/categories?post=492"},{"taxonomy":"post_tag","embeddable":true,"href":"https:\/\/jumeaux91.fr\/blog\/wp-json\/wp\/v2\/tags?post=492"}],"curies":[{"name":"wp","href":"https:\/\/api.w.org\/{rel}","templated":true}]}}