{"id":494,"date":"2024-08-19T11:48:20","date_gmt":"2024-08-19T09:48:20","guid":{"rendered":"https:\/\/jumeaux91.fr\/blog\/?p=494"},"modified":"2024-08-29T11:49:29","modified_gmt":"2024-08-29T09:49:29","slug":"des-maires-en-essonne-evry-saint-michel-mennecy-epingles-dans-le-canard-enchaine-pour-la-gestion-interessee-de-lamif-association-des-maires-dile-de-france","status":"publish","type":"post","link":"https:\/\/jumeaux91.fr\/blog\/des-maires-en-essonne-evry-saint-michel-mennecy-epingles-dans-le-canard-enchaine-pour-la-gestion-interessee-de-lamif-association-des-maires-dile-de-france\/","title":{"rendered":"Des Maires en Essonne (Evry, Saint Michel, Mennecy..) \u00e9pingl\u00e9s dans le Canard Enchain\u00e9 pour la gestion int\u00e9ress\u00e9e de l&rsquo;AMIF ( Association des Maires d&rsquo;Ile-de-France )"},"content":{"rendered":"<h1>La gestion publique en Essonne concern\u00e9e par les r\u00e9v\u00e9lations sur l&rsquo;Amif<\/h1>\n<h2>Les r\u00e9v\u00e9lations qui \u00e9branlent la confiance des citoyens<\/h2>\n<p>Les r\u00e9centes r\u00e9v\u00e9lations du Canard Encha\u00een\u00e9 du 7 ao\u00fbt 2024 ont jet\u00e9 un s\u00e9rieux doute sur la gestion publique dans notre d\u00e9partement de l&rsquo;Essonne. L\u2019Association des Maires d\u2019\u00cele-de-France (Amif), pr\u00e9sid\u00e9e par St\u00e9phane Beaudet, maire d\u2019\u00c9vry-Courcouronnes, est au c\u0153ur d&rsquo;un scandale qui touche \u00e9galement plusieurs autres \u00e9lus essonniens. Ces r\u00e9v\u00e9lations mettent en lumi\u00e8re des pratiques suspectes, notamment en ce qui concerne le financement de voyages \u00ab\u00a0d&rsquo;\u00e9tudes\u00a0\u00bb pour les maires, financ\u00e9s par des entreprises partenaires, souvent fournisseurs des communes. Mais aussi journ\u00e9es de golf, diner, et autres invitations douteuses de la part d&rsquo;entreprises int\u00e9ress\u00e9es par les march\u00e9s public locaux.<\/p>\n<h3>Des voyages de luxe d\u00e9guis\u00e9s : un syst\u00e8me qui interroge<\/h3>\n<p>Alors que les associations de notre d\u00e9partement passent des heures \u00e0 monter des dossiers pour obtenir des subventions, l&rsquo;Amif, qui organise le Salon des Maires d&rsquo;\u00cele-de-France, a trouv\u00e9 une m\u00e9thode bien plus rapide. En s&rsquo;appuyant sur des entreprises m\u00e9c\u00e8nes, l&rsquo;association finance des voyages de \u00ab\u00a0travail\u00a0\u00bb pour les \u00e9lus, dans des destinations prestigieuses comme le Canada, l&rsquo;Espagne ou encore la Chine. Ces voyages, cens\u00e9s allier \u00e9tudes et affaires, comprennent \u00e9galement des moments de d\u00e9tente et de tourisme, ce qui jette une ombre sur la transparence et l&rsquo;int\u00e9grit\u00e9 de ces d\u00e9placements.<\/p>\n<p>Selon les informations du Canard Encha\u00een\u00e9, plusieurs \u00e9lus de l&rsquo;Essonne ont particip\u00e9 \u00e0 ces excursions dans des conditions particuli\u00e8rement avantageuses.<\/p>\n<h3>Amif Partenaires : une structure parall\u00e8le au service des \u00e9lus essonniens<\/h3>\n<p>L&rsquo;article du Canard Encha\u00een\u00e9 a \u00e9galement d\u00e9voil\u00e9 l&rsquo;existence d&rsquo;une structure parall\u00e8le, \u00ab\u00a0Amif Partenaires\u00a0\u00bb, qui fonctionne de mani\u00e8re similaire \u00e0 l&rsquo;Amif, tout en partageant la m\u00eame adresse et le m\u00eame pr\u00e9sident, St\u00e9phane Beaudet. Cette structure regroupe des entreprises partenaires qui financent ces fameux voyages, ainsi que d&rsquo;autres initiatives au service des \u00e9lus. La directrice de cabinet de l&rsquo;Amif, Sophie Rigault, maire de Saint-Michel-sur-Orge et vice-pr\u00e9sidente du d\u00e9partement, est \u00e9galement point\u00e9e du doigt, tout comme Jean-Philippe Dugoin-Cl\u00e9ment, maire de Mennecy et co-pr\u00e9sident de l&rsquo;Amif. La discr\u00e9tion impos\u00e9e par les statuts de l&rsquo;Amif Partenaires sur les relations et activit\u00e9s financ\u00e9es confirme les doutes et soul\u00e8ve de s\u00e9rieuses questions sur l&rsquo;\u00e9thique de ces pratiques.<\/p>\n<h3>Plusieurs \u00e9lus de l&rsquo;Essonne, profitent des journ\u00e9es de golf tous frais pay\u00e9s par les entreprises fournisseurs publics.<\/h3>\n<p>Un autre volet controvers\u00e9 des activit\u00e9s de l&rsquo;Amif concerne les journ\u00e9es de golf, surnomm\u00e9es le \u00ab\u00a0Troph\u00e9e de Golf\u00a0\u00bb, o\u00f9 des \u00e9lus sont invit\u00e9s par des entreprises partenaires, tous frais pay\u00e9s. Parmi les participants, on retrouve plusieurs \u00e9lus de l&rsquo;Essonne, plus passionn\u00e9s pour le golf que par la saine gestion. Bien qu&rsquo;il soit difficile de croire que ces \u00e9v\u00e9nements puissent \u00eatre justifi\u00e9s comme des \u00ab\u00a0voyages d&rsquo;\u00e9tude\u00a0\u00bb (\u00e0 moins d&rsquo;\u00e9tudier les diff\u00e9rentes esp\u00e8ces de gazon et les m\u00e9thodes de tonte) la r\u00e9alit\u00e9 semble plus triviale. Ces journ\u00e9es de d\u00e9tente sur les greens sont tr\u00e8s \u00e9loign\u00e9es des pr\u00e9occupations d&rsquo;int\u00e9r\u00eat public.<\/p>\n<div class=\"mceTemp\">\n<figure id=\"attachment_496\" aria-describedby=\"caption-attachment-496\" style=\"width: 700px\" class=\"wp-caption aligncenter\"><img decoding=\"async\" class=\"wp-image-496\" title=\"AMIF golf 2021 0120 1024x683 (1)\" src=\"https:\/\/jumeaux91.fr\/blog\/wp-content\/uploads\/2024\/08\/AMIF_golf-2021-0120-1024x683-1-300x200.jpg\" alt=\"AMIF golf 2021 0120 1024x683 (1)\" width=\"700\" height=\"467\" srcset=\"https:\/\/jumeaux91.fr\/blog\/wp-content\/uploads\/2024\/08\/AMIF_golf-2021-0120-1024x683-1-300x200.jpg 300w, https:\/\/jumeaux91.fr\/blog\/wp-content\/uploads\/2024\/08\/AMIF_golf-2021-0120-1024x683-1-768x512.jpg 768w, https:\/\/jumeaux91.fr\/blog\/wp-content\/uploads\/2024\/08\/AMIF_golf-2021-0120-1024x683-1.jpg 1024w\" sizes=\"(max-width: 700px) 100vw, 700px\" \/><figcaption id=\"caption-attachment-496\" class=\"wp-caption-text\">AMIF golf 2021<\/figcaption><\/figure>\n<h3>L\u2019opprobre sur les maires de l\u2019Essonne : une confiance \u00e0 reconstruire<\/h3>\n<p>Ces r\u00e9v\u00e9lations jettent l\u2019opprobre sur l\u2019ensemble des maires de l\u2019Essonne. Alors que le Salon des Maires se veut une vitrine de la transparence et de la bonne gestion publique, ces incidents r\u00e9v\u00e8lent des pratiques qui trahissent la confiance des citoyens. En Essonne, o\u00f9 les maires sont cens\u00e9s incarner les valeurs de transparence et d&rsquo;int\u00e9grit\u00e9, ces r\u00e9v\u00e9lations sont particuli\u00e8rement pr\u00e9occupantes.<\/p>\n<h3>Le besoin d\u2019une gestion publique exemplaire des Mairies en Essonne<\/h3>\n<p>Cette affaire souligne la n\u00e9cessit\u00e9 d\u2019une gestion publique exemplaire dans notre d\u00e9partement. La transparence et l&rsquo;\u00e9thique doivent \u00eatre au c\u0153ur de l&rsquo;action des \u00e9lus, en particulier dans le cadre d&rsquo;\u00e9v\u00e9nements comme le Salon des Maires. Si des associations locales de l&rsquo;Essonne s&rsquo;efforcent de monter des dossiers de subvention avec rigueur, il est imp\u00e9ratif que les \u00e9lus, en particulier ceux qui dirigent l&rsquo;Amif, adoptent des pratiques irr\u00e9prochables. Ces r\u00e9v\u00e9lations devraient inciter \u00e0 une r\u00e9flexion profonde sur la mani\u00e8re dont les fonds publics et les partenariats avec des entreprises priv\u00e9es sont g\u00e9r\u00e9s par nos repr\u00e9sentants locaux.<\/p>\n<p>Retrouv\u00e9 l&rsquo;article complet sur ce <a href=\"https:\/\/www.glmu-franc-maconnerie-mantes-la-jolie.org\/les-mairies-du-78-et-de-lile-de-france-au-centre-de-la-tempete-sur-des-pratiques-douteuses-de-lamif-association-des-maires-de-lile-de-france\/\" target=\"_blank\" rel=\"nofollow\">site d&rsquo;information de Rambouillet dans les Yvelines.<\/a><\/p>\n<p>&nbsp;<\/p>\n<figure id=\"attachment_497\" aria-describedby=\"caption-attachment-497\" style=\"width: 300px\" class=\"wp-caption aligncenter\"><img decoding=\"async\" class=\"wp-image-497\" title=\"Journ\u00e9e de golf AMIF Essonne\" src=\"https:\/\/jumeaux91.fr\/blog\/wp-content\/uploads\/2024\/08\/Journee-de-golf-AMIF-Essonne-200x300.jpg\" alt=\"Journ\u00e9e de golf AMIF Essonne, en plus d'\u00eatre invit\u00e9s \u00e0 fouler le green les \u00e9lus peuvent aussi s'envoyer en l'air...en ballon tous frais pay\u00e9s\" width=\"300\" height=\"450\" srcset=\"https:\/\/jumeaux91.fr\/blog\/wp-content\/uploads\/2024\/08\/Journee-de-golf-AMIF-Essonne-200x300.jpg 200w, https:\/\/jumeaux91.fr\/blog\/wp-content\/uploads\/2024\/08\/Journee-de-golf-AMIF-Essonne.jpg 683w\" sizes=\"(max-width: 300px) 100vw, 300px\" \/><figcaption id=\"caption-attachment-497\" class=\"wp-caption-text\">Journ\u00e9e de golf AMIF Essonne, en plus d&rsquo;\u00eatre invit\u00e9s \u00e0 fouler le green les \u00e9lus peuvent aussi s&rsquo;envoyer en l&rsquo;air&#8230;en ballon tous frais pay\u00e9s<\/figcaption><\/figure>\n<\/div>\n","protected":false},"excerpt":{"rendered":"<p>La gestion publique en Essonne concern\u00e9e par les r\u00e9v\u00e9lations sur l&rsquo;Amif Les r\u00e9v\u00e9lations qui \u00e9branlent la confiance des citoyens Les r\u00e9centes r\u00e9v\u00e9lations du Canard Encha\u00een\u00e9 du 7 ao\u00fbt 2024 ont jet\u00e9 un s\u00e9rieux doute sur la gestion publique dans notre d\u00e9partement de l&rsquo;Essonne. L\u2019Association des Maires d\u2019\u00cele-de-France (Amif), pr\u00e9sid\u00e9e par St\u00e9phane Beaudet, maire d\u2019\u00c9vry-Courcouronnes, est&hellip; <a class=\"more-link\" href=\"https:\/\/jumeaux91.fr\/blog\/des-maires-en-essonne-evry-saint-michel-mennecy-epingles-dans-le-canard-enchaine-pour-la-gestion-interessee-de-lamif-association-des-maires-dile-de-france\/\">Poursuivre la lecture <span class=\"screen-reader-text\">Des Maires en Essonne (Evry, Saint Michel, Mennecy..) \u00e9pingl\u00e9s dans le Canard Enchain\u00e9 pour la gestion int\u00e9ress\u00e9e de l&rsquo;AMIF ( Association des Maires d&rsquo;Ile-de-France )<\/span><\/a><\/p>\n","protected":false},"author":1,"featured_media":495,"comment_status":"closed","ping_status":"open","sticky":false,"template":"","format":"standard","meta":{"footnotes":""},"categories":[1],"tags":[],"class_list":["post-494","post","type-post","status-publish","format-standard","has-post-thumbnail","hentry","category-uncategorized","entry"],"yoast_head":"<!-- This site is optimized with the Yoast SEO plugin v27.5 - https:\/\/yoast.com\/product\/yoast-seo-wordpress\/ -->\n<title>Des Maires en Essonne (Evry, Saint Michel, Mennecy..) \u00e9pingl\u00e9s dans le Canard Enchain\u00e9 pour la gestion int\u00e9ress\u00e9e de l&#039;AMIF ( Association des Maires d&#039;Ile-de-France ) - JUMEAUX91<\/title>\n<meta name=\"robots\" content=\"index, follow, max-snippet:-1, max-image-preview:large, max-video-preview:-1\" \/>\n<link rel=\"canonical\" href=\"https:\/\/jumeaux91.fr\/blog\/des-maires-en-essonne-evry-saint-michel-mennecy-epingles-dans-le-canard-enchaine-pour-la-gestion-interessee-de-lamif-association-des-maires-dile-de-france\/\" \/>\n<meta property=\"og:locale\" content=\"fr_FR\" \/>\n<meta property=\"og:type\" content=\"article\" \/>\n<meta property=\"og:title\" content=\"Des Maires en Essonne (Evry, Saint Michel, Mennecy..) \u00e9pingl\u00e9s dans le Canard Enchain\u00e9 pour la gestion int\u00e9ress\u00e9e de l&#039;AMIF ( Association des Maires d&#039;Ile-de-France ) - JUMEAUX91\" \/>\n<meta property=\"og:description\" content=\"La gestion publique en Essonne concern\u00e9e par les r\u00e9v\u00e9lations sur l&rsquo;Amif Les r\u00e9v\u00e9lations qui \u00e9branlent la confiance des citoyens Les r\u00e9centes r\u00e9v\u00e9lations du Canard Encha\u00een\u00e9 du 7 ao\u00fbt 2024 ont jet\u00e9 un s\u00e9rieux doute sur la gestion publique dans notre d\u00e9partement de l&rsquo;Essonne. L\u2019Association des Maires d\u2019\u00cele-de-France (Amif), pr\u00e9sid\u00e9e par St\u00e9phane Beaudet, maire d\u2019\u00c9vry-Courcouronnes, est&hellip; Poursuivre la lecture Des Maires en Essonne (Evry, Saint Michel, Mennecy..) \u00e9pingl\u00e9s dans le Canard Enchain\u00e9 pour la gestion int\u00e9ress\u00e9e de l&rsquo;AMIF ( Association des Maires d&rsquo;Ile-de-France )\" \/>\n<meta property=\"og:url\" content=\"https:\/\/jumeaux91.fr\/blog\/des-maires-en-essonne-evry-saint-michel-mennecy-epingles-dans-le-canard-enchaine-pour-la-gestion-interessee-de-lamif-association-des-maires-dile-de-france\/\" \/>\n<meta property=\"og:site_name\" content=\"JUMEAUX91\" \/>\n<meta property=\"article:published_time\" content=\"2024-08-19T09:48:20+00:00\" \/>\n<meta property=\"article:modified_time\" content=\"2024-08-29T09:49:29+00:00\" \/>\n<meta property=\"og:image\" content=\"https:\/\/jumeaux91.fr\/blog\/wp-content\/uploads\/2024\/08\/journee-de-golf-AMIF-des-elus-invites-par-les-entreprises-.jpg\" \/>\n\t<meta property=\"og:image:width\" content=\"1024\" \/>\n\t<meta property=\"og:image:height\" content=\"683\" \/>\n\t<meta property=\"og:image:type\" content=\"image\/jpeg\" \/>\n<meta name=\"author\" content=\"Lucien\" \/>\n<meta name=\"twitter:card\" content=\"summary_large_image\" \/>\n<meta name=\"twitter:label1\" content=\"\u00c9crit par\" \/>\n\t<meta name=\"twitter:data1\" content=\"Lucien\" \/>\n\t<meta name=\"twitter:label2\" content=\"Dur\u00e9e de lecture estim\u00e9e\" \/>\n\t<meta name=\"twitter:data2\" content=\"5 minutes\" \/>\n<script type=\"application\/ld+json\" class=\"yoast-schema-graph\">{\"@context\":\"https:\\\/\\\/schema.org\",\"@graph\":[{\"@type\":\"Article\",\"@id\":\"https:\\\/\\\/jumeaux91.fr\\\/blog\\\/des-maires-en-essonne-evry-saint-michel-mennecy-epingles-dans-le-canard-enchaine-pour-la-gestion-interessee-de-lamif-association-des-maires-dile-de-france\\\/#article\",\"isPartOf\":{\"@id\":\"https:\\\/\\\/jumeaux91.fr\\\/blog\\\/des-maires-en-essonne-evry-saint-michel-mennecy-epingles-dans-le-canard-enchaine-pour-la-gestion-interessee-de-lamif-association-des-maires-dile-de-france\\\/\"},\"author\":{\"name\":\"Lucien\",\"@id\":\"https:\\\/\\\/jumeaux91.fr\\\/blog\\\/#\\\/schema\\\/person\\\/b32d04df2fd92b1bfe0000d8f7e7852c\"},\"headline\":\"Des Maires en Essonne (Evry, Saint Michel, Mennecy..) \u00e9pingl\u00e9s dans le Canard Enchain\u00e9 pour la gestion int\u00e9ress\u00e9e de l&rsquo;AMIF ( Association des Maires d&rsquo;Ile-de-France )\",\"datePublished\":\"2024-08-19T09:48:20+00:00\",\"dateModified\":\"2024-08-29T09:49:29+00:00\",\"mainEntityOfPage\":{\"@id\":\"https:\\\/\\\/jumeaux91.fr\\\/blog\\\/des-maires-en-essonne-evry-saint-michel-mennecy-epingles-dans-le-canard-enchaine-pour-la-gestion-interessee-de-lamif-association-des-maires-dile-de-france\\\/\"},\"wordCount\":870,\"publisher\":{\"@id\":\"https:\\\/\\\/jumeaux91.fr\\\/blog\\\/#organization\"},\"image\":{\"@id\":\"https:\\\/\\\/jumeaux91.fr\\\/blog\\\/des-maires-en-essonne-evry-saint-michel-mennecy-epingles-dans-le-canard-enchaine-pour-la-gestion-interessee-de-lamif-association-des-maires-dile-de-france\\\/#primaryimage\"},\"thumbnailUrl\":\"https:\\\/\\\/jumeaux91.fr\\\/blog\\\/wp-content\\\/uploads\\\/2024\\\/08\\\/journee-de-golf-AMIF-des-elus-invites-par-les-entreprises-.jpg\",\"articleSection\":[\"Non fich\u00e9.\"],\"inLanguage\":\"fr-FR\"},{\"@type\":\"WebPage\",\"@id\":\"https:\\\/\\\/jumeaux91.fr\\\/blog\\\/des-maires-en-essonne-evry-saint-michel-mennecy-epingles-dans-le-canard-enchaine-pour-la-gestion-interessee-de-lamif-association-des-maires-dile-de-france\\\/\",\"url\":\"https:\\\/\\\/jumeaux91.fr\\\/blog\\\/des-maires-en-essonne-evry-saint-michel-mennecy-epingles-dans-le-canard-enchaine-pour-la-gestion-interessee-de-lamif-association-des-maires-dile-de-france\\\/\",\"name\":\"Des Maires en Essonne (Evry, Saint Michel, Mennecy..) \u00e9pingl\u00e9s dans le Canard Enchain\u00e9 pour la gestion int\u00e9ress\u00e9e de l'AMIF ( Association des Maires d'Ile-de-France ) - JUMEAUX91\",\"isPartOf\":{\"@id\":\"https:\\\/\\\/jumeaux91.fr\\\/blog\\\/#website\"},\"primaryImageOfPage\":{\"@id\":\"https:\\\/\\\/jumeaux91.fr\\\/blog\\\/des-maires-en-essonne-evry-saint-michel-mennecy-epingles-dans-le-canard-enchaine-pour-la-gestion-interessee-de-lamif-association-des-maires-dile-de-france\\\/#primaryimage\"},\"image\":{\"@id\":\"https:\\\/\\\/jumeaux91.fr\\\/blog\\\/des-maires-en-essonne-evry-saint-michel-mennecy-epingles-dans-le-canard-enchaine-pour-la-gestion-interessee-de-lamif-association-des-maires-dile-de-france\\\/#primaryimage\"},\"thumbnailUrl\":\"https:\\\/\\\/jumeaux91.fr\\\/blog\\\/wp-content\\\/uploads\\\/2024\\\/08\\\/journee-de-golf-AMIF-des-elus-invites-par-les-entreprises-.jpg\",\"datePublished\":\"2024-08-19T09:48:20+00:00\",\"dateModified\":\"2024-08-29T09:49:29+00:00\",\"breadcrumb\":{\"@id\":\"https:\\\/\\\/jumeaux91.fr\\\/blog\\\/des-maires-en-essonne-evry-saint-michel-mennecy-epingles-dans-le-canard-enchaine-pour-la-gestion-interessee-de-lamif-association-des-maires-dile-de-france\\\/#breadcrumb\"},\"inLanguage\":\"fr-FR\",\"potentialAction\":[{\"@type\":\"ReadAction\",\"target\":[\"https:\\\/\\\/jumeaux91.fr\\\/blog\\\/des-maires-en-essonne-evry-saint-michel-mennecy-epingles-dans-le-canard-enchaine-pour-la-gestion-interessee-de-lamif-association-des-maires-dile-de-france\\\/\"]}]},{\"@type\":\"ImageObject\",\"inLanguage\":\"fr-FR\",\"@id\":\"https:\\\/\\\/jumeaux91.fr\\\/blog\\\/des-maires-en-essonne-evry-saint-michel-mennecy-epingles-dans-le-canard-enchaine-pour-la-gestion-interessee-de-lamif-association-des-maires-dile-de-france\\\/#primaryimage\",\"url\":\"https:\\\/\\\/jumeaux91.fr\\\/blog\\\/wp-content\\\/uploads\\\/2024\\\/08\\\/journee-de-golf-AMIF-des-elus-invites-par-les-entreprises-.jpg\",\"contentUrl\":\"https:\\\/\\\/jumeaux91.fr\\\/blog\\\/wp-content\\\/uploads\\\/2024\\\/08\\\/journee-de-golf-AMIF-des-elus-invites-par-les-entreprises-.jpg\",\"width\":1024,\"height\":683,\"caption\":\"journ\u00e9e de golf AMIF des \u00e9lus invit\u00e9s par les entreprises\"},{\"@type\":\"BreadcrumbList\",\"@id\":\"https:\\\/\\\/jumeaux91.fr\\\/blog\\\/des-maires-en-essonne-evry-saint-michel-mennecy-epingles-dans-le-canard-enchaine-pour-la-gestion-interessee-de-lamif-association-des-maires-dile-de-france\\\/#breadcrumb\",\"itemListElement\":[{\"@type\":\"ListItem\",\"position\":1,\"name\":\"Accueil\",\"item\":\"https:\\\/\\\/jumeaux91.fr\\\/blog\\\/\"},{\"@type\":\"ListItem\",\"position\":2,\"name\":\"Des Maires en Essonne (Evry, Saint Michel, Mennecy..) \u00e9pingl\u00e9s dans le Canard Enchain\u00e9 pour la gestion int\u00e9ress\u00e9e de l&rsquo;AMIF ( Association des Maires d&rsquo;Ile-de-France )\"}]},{\"@type\":\"WebSite\",\"@id\":\"https:\\\/\\\/jumeaux91.fr\\\/blog\\\/#website\",\"url\":\"https:\\\/\\\/jumeaux91.fr\\\/blog\\\/\",\"name\":\"JUMEAUX91\",\"description\":\"Fr\u00e8res jumeaux de l&#039;Essonnes; informations et archives, \u00e0 savoir et retenir.\",\"publisher\":{\"@id\":\"https:\\\/\\\/jumeaux91.fr\\\/blog\\\/#organization\"},\"potentialAction\":[{\"@type\":\"SearchAction\",\"target\":{\"@type\":\"EntryPoint\",\"urlTemplate\":\"https:\\\/\\\/jumeaux91.fr\\\/blog\\\/?s={search_term_string}\"},\"query-input\":{\"@type\":\"PropertyValueSpecification\",\"valueRequired\":true,\"valueName\":\"search_term_string\"}}],\"inLanguage\":\"fr-FR\"},{\"@type\":\"Organization\",\"@id\":\"https:\\\/\\\/jumeaux91.fr\\\/blog\\\/#organization\",\"name\":\"jumeaux91\",\"url\":\"https:\\\/\\\/jumeaux91.fr\\\/blog\\\/\",\"logo\":{\"@type\":\"ImageObject\",\"inLanguage\":\"fr-FR\",\"@id\":\"https:\\\/\\\/jumeaux91.fr\\\/blog\\\/#\\\/schema\\\/logo\\\/image\\\/\",\"url\":\"https:\\\/\\\/jumeaux91.fr\\\/blog\\\/wp-content\\\/uploads\\\/2023\\\/05\\\/cropped-cropped-logoJ_91.png\",\"contentUrl\":\"https:\\\/\\\/jumeaux91.fr\\\/blog\\\/wp-content\\\/uploads\\\/2023\\\/05\\\/cropped-cropped-logoJ_91.png\",\"width\":512,\"height\":512,\"caption\":\"jumeaux91\"},\"image\":{\"@id\":\"https:\\\/\\\/jumeaux91.fr\\\/blog\\\/#\\\/schema\\\/logo\\\/image\\\/\"}},{\"@type\":\"Person\",\"@id\":\"https:\\\/\\\/jumeaux91.fr\\\/blog\\\/#\\\/schema\\\/person\\\/b32d04df2fd92b1bfe0000d8f7e7852c\",\"name\":\"Lucien\",\"image\":{\"@type\":\"ImageObject\",\"inLanguage\":\"fr-FR\",\"@id\":\"https:\\\/\\\/secure.gravatar.com\\\/avatar\\\/b3929d81b1b472c37641994a73e9d4e269f0d9cd51b6e544ae70b4b938cf7aeb?s=96&d=mm&r=g\",\"url\":\"https:\\\/\\\/secure.gravatar.com\\\/avatar\\\/b3929d81b1b472c37641994a73e9d4e269f0d9cd51b6e544ae70b4b938cf7aeb?s=96&d=mm&r=g\",\"contentUrl\":\"https:\\\/\\\/secure.gravatar.com\\\/avatar\\\/b3929d81b1b472c37641994a73e9d4e269f0d9cd51b6e544ae70b4b938cf7aeb?s=96&d=mm&r=g\",\"caption\":\"Lucien\"},\"sameAs\":[\"https:\\\/\\\/jumeaux91.fr\\\/blog\"],\"url\":\"https:\\\/\\\/jumeaux91.fr\\\/blog\\\/author\\\/x91admin\\\/\"}]}<\/script>\n<!-- \/ Yoast SEO plugin. -->","yoast_head_json":{"title":"Des Maires en Essonne (Evry, Saint Michel, Mennecy..) \u00e9pingl\u00e9s dans le Canard Enchain\u00e9 pour la gestion int\u00e9ress\u00e9e de l'AMIF ( Association des Maires d'Ile-de-France ) - JUMEAUX91","robots":{"index":"index","follow":"follow","max-snippet":"max-snippet:-1","max-image-preview":"max-image-preview:large","max-video-preview":"max-video-preview:-1"},"canonical":"https:\/\/jumeaux91.fr\/blog\/des-maires-en-essonne-evry-saint-michel-mennecy-epingles-dans-le-canard-enchaine-pour-la-gestion-interessee-de-lamif-association-des-maires-dile-de-france\/","og_locale":"fr_FR","og_type":"article","og_title":"Des Maires en Essonne (Evry, Saint Michel, Mennecy..) \u00e9pingl\u00e9s dans le Canard Enchain\u00e9 pour la gestion int\u00e9ress\u00e9e de l'AMIF ( Association des Maires d'Ile-de-France ) - JUMEAUX91","og_description":"La gestion publique en Essonne concern\u00e9e par les r\u00e9v\u00e9lations sur l&rsquo;Amif Les r\u00e9v\u00e9lations qui \u00e9branlent la confiance des citoyens Les r\u00e9centes r\u00e9v\u00e9lations du Canard Encha\u00een\u00e9 du 7 ao\u00fbt 2024 ont jet\u00e9 un s\u00e9rieux doute sur la gestion publique dans notre d\u00e9partement de l&rsquo;Essonne. L\u2019Association des Maires d\u2019\u00cele-de-France (Amif), pr\u00e9sid\u00e9e par St\u00e9phane Beaudet, maire d\u2019\u00c9vry-Courcouronnes, est&hellip; Poursuivre la lecture Des Maires en Essonne (Evry, Saint Michel, Mennecy..) \u00e9pingl\u00e9s dans le Canard Enchain\u00e9 pour la gestion int\u00e9ress\u00e9e de l&rsquo;AMIF ( Association des Maires d&rsquo;Ile-de-France )","og_url":"https:\/\/jumeaux91.fr\/blog\/des-maires-en-essonne-evry-saint-michel-mennecy-epingles-dans-le-canard-enchaine-pour-la-gestion-interessee-de-lamif-association-des-maires-dile-de-france\/","og_site_name":"JUMEAUX91","article_published_time":"2024-08-19T09:48:20+00:00","article_modified_time":"2024-08-29T09:49:29+00:00","og_image":[{"width":1024,"height":683,"url":"https:\/\/jumeaux91.fr\/blog\/wp-content\/uploads\/2024\/08\/journee-de-golf-AMIF-des-elus-invites-par-les-entreprises-.jpg","type":"image\/jpeg"}],"author":"Lucien","twitter_card":"summary_large_image","twitter_misc":{"\u00c9crit par":"Lucien","Dur\u00e9e de lecture estim\u00e9e":"5 minutes"},"schema":{"@context":"https:\/\/schema.org","@graph":[{"@type":"Article","@id":"https:\/\/jumeaux91.fr\/blog\/des-maires-en-essonne-evry-saint-michel-mennecy-epingles-dans-le-canard-enchaine-pour-la-gestion-interessee-de-lamif-association-des-maires-dile-de-france\/#article","isPartOf":{"@id":"https:\/\/jumeaux91.fr\/blog\/des-maires-en-essonne-evry-saint-michel-mennecy-epingles-dans-le-canard-enchaine-pour-la-gestion-interessee-de-lamif-association-des-maires-dile-de-france\/"},"author":{"name":"Lucien","@id":"https:\/\/jumeaux91.fr\/blog\/#\/schema\/person\/b32d04df2fd92b1bfe0000d8f7e7852c"},"headline":"Des Maires en Essonne (Evry, Saint Michel, Mennecy..) \u00e9pingl\u00e9s dans le Canard Enchain\u00e9 pour la gestion int\u00e9ress\u00e9e de l&rsquo;AMIF ( Association des Maires d&rsquo;Ile-de-France )","datePublished":"2024-08-19T09:48:20+00:00","dateModified":"2024-08-29T09:49:29+00:00","mainEntityOfPage":{"@id":"https:\/\/jumeaux91.fr\/blog\/des-maires-en-essonne-evry-saint-michel-mennecy-epingles-dans-le-canard-enchaine-pour-la-gestion-interessee-de-lamif-association-des-maires-dile-de-france\/"},"wordCount":870,"publisher":{"@id":"https:\/\/jumeaux91.fr\/blog\/#organization"},"image":{"@id":"https:\/\/jumeaux91.fr\/blog\/des-maires-en-essonne-evry-saint-michel-mennecy-epingles-dans-le-canard-enchaine-pour-la-gestion-interessee-de-lamif-association-des-maires-dile-de-france\/#primaryimage"},"thumbnailUrl":"https:\/\/jumeaux91.fr\/blog\/wp-content\/uploads\/2024\/08\/journee-de-golf-AMIF-des-elus-invites-par-les-entreprises-.jpg","articleSection":["Non fich\u00e9."],"inLanguage":"fr-FR"},{"@type":"WebPage","@id":"https:\/\/jumeaux91.fr\/blog\/des-maires-en-essonne-evry-saint-michel-mennecy-epingles-dans-le-canard-enchaine-pour-la-gestion-interessee-de-lamif-association-des-maires-dile-de-france\/","url":"https:\/\/jumeaux91.fr\/blog\/des-maires-en-essonne-evry-saint-michel-mennecy-epingles-dans-le-canard-enchaine-pour-la-gestion-interessee-de-lamif-association-des-maires-dile-de-france\/","name":"Des Maires en Essonne (Evry, Saint Michel, Mennecy..) \u00e9pingl\u00e9s dans le Canard Enchain\u00e9 pour la gestion int\u00e9ress\u00e9e de l'AMIF ( Association des Maires d'Ile-de-France ) - JUMEAUX91","isPartOf":{"@id":"https:\/\/jumeaux91.fr\/blog\/#website"},"primaryImageOfPage":{"@id":"https:\/\/jumeaux91.fr\/blog\/des-maires-en-essonne-evry-saint-michel-mennecy-epingles-dans-le-canard-enchaine-pour-la-gestion-interessee-de-lamif-association-des-maires-dile-de-france\/#primaryimage"},"image":{"@id":"https:\/\/jumeaux91.fr\/blog\/des-maires-en-essonne-evry-saint-michel-mennecy-epingles-dans-le-canard-enchaine-pour-la-gestion-interessee-de-lamif-association-des-maires-dile-de-france\/#primaryimage"},"thumbnailUrl":"https:\/\/jumeaux91.fr\/blog\/wp-content\/uploads\/2024\/08\/journee-de-golf-AMIF-des-elus-invites-par-les-entreprises-.jpg","datePublished":"2024-08-19T09:48:20+00:00","dateModified":"2024-08-29T09:49:29+00:00","breadcrumb":{"@id":"https:\/\/jumeaux91.fr\/blog\/des-maires-en-essonne-evry-saint-michel-mennecy-epingles-dans-le-canard-enchaine-pour-la-gestion-interessee-de-lamif-association-des-maires-dile-de-france\/#breadcrumb"},"inLanguage":"fr-FR","potentialAction":[{"@type":"ReadAction","target":["https:\/\/jumeaux91.fr\/blog\/des-maires-en-essonne-evry-saint-michel-mennecy-epingles-dans-le-canard-enchaine-pour-la-gestion-interessee-de-lamif-association-des-maires-dile-de-france\/"]}]},{"@type":"ImageObject","inLanguage":"fr-FR","@id":"https:\/\/jumeaux91.fr\/blog\/des-maires-en-essonne-evry-saint-michel-mennecy-epingles-dans-le-canard-enchaine-pour-la-gestion-interessee-de-lamif-association-des-maires-dile-de-france\/#primaryimage","url":"https:\/\/jumeaux91.fr\/blog\/wp-content\/uploads\/2024\/08\/journee-de-golf-AMIF-des-elus-invites-par-les-entreprises-.jpg","contentUrl":"https:\/\/jumeaux91.fr\/blog\/wp-content\/uploads\/2024\/08\/journee-de-golf-AMIF-des-elus-invites-par-les-entreprises-.jpg","width":1024,"height":683,"caption":"journ\u00e9e de golf AMIF des \u00e9lus invit\u00e9s par les entreprises"},{"@type":"BreadcrumbList","@id":"https:\/\/jumeaux91.fr\/blog\/des-maires-en-essonne-evry-saint-michel-mennecy-epingles-dans-le-canard-enchaine-pour-la-gestion-interessee-de-lamif-association-des-maires-dile-de-france\/#breadcrumb","itemListElement":[{"@type":"ListItem","position":1,"name":"Accueil","item":"https:\/\/jumeaux91.fr\/blog\/"},{"@type":"ListItem","position":2,"name":"Des Maires en Essonne (Evry, Saint Michel, Mennecy..) \u00e9pingl\u00e9s dans le Canard Enchain\u00e9 pour la gestion int\u00e9ress\u00e9e de l&rsquo;AMIF ( Association des Maires d&rsquo;Ile-de-France )"}]},{"@type":"WebSite","@id":"https:\/\/jumeaux91.fr\/blog\/#website","url":"https:\/\/jumeaux91.fr\/blog\/","name":"JUMEAUX91","description":"Fr\u00e8res jumeaux de l&#039;Essonnes; informations et archives, \u00e0 savoir et retenir.","publisher":{"@id":"https:\/\/jumeaux91.fr\/blog\/#organization"},"potentialAction":[{"@type":"SearchAction","target":{"@type":"EntryPoint","urlTemplate":"https:\/\/jumeaux91.fr\/blog\/?s={search_term_string}"},"query-input":{"@type":"PropertyValueSpecification","valueRequired":true,"valueName":"search_term_string"}}],"inLanguage":"fr-FR"},{"@type":"Organization","@id":"https:\/\/jumeaux91.fr\/blog\/#organization","name":"jumeaux91","url":"https:\/\/jumeaux91.fr\/blog\/","logo":{"@type":"ImageObject","inLanguage":"fr-FR","@id":"https:\/\/jumeaux91.fr\/blog\/#\/schema\/logo\/image\/","url":"https:\/\/jumeaux91.fr\/blog\/wp-content\/uploads\/2023\/05\/cropped-cropped-logoJ_91.png","contentUrl":"https:\/\/jumeaux91.fr\/blog\/wp-content\/uploads\/2023\/05\/cropped-cropped-logoJ_91.png","width":512,"height":512,"caption":"jumeaux91"},"image":{"@id":"https:\/\/jumeaux91.fr\/blog\/#\/schema\/logo\/image\/"}},{"@type":"Person","@id":"https:\/\/jumeaux91.fr\/blog\/#\/schema\/person\/b32d04df2fd92b1bfe0000d8f7e7852c","name":"Lucien","image":{"@type":"ImageObject","inLanguage":"fr-FR","@id":"https:\/\/secure.gravatar.com\/avatar\/b3929d81b1b472c37641994a73e9d4e269f0d9cd51b6e544ae70b4b938cf7aeb?s=96&d=mm&r=g","url":"https:\/\/secure.gravatar.com\/avatar\/b3929d81b1b472c37641994a73e9d4e269f0d9cd51b6e544ae70b4b938cf7aeb?s=96&d=mm&r=g","contentUrl":"https:\/\/secure.gravatar.com\/avatar\/b3929d81b1b472c37641994a73e9d4e269f0d9cd51b6e544ae70b4b938cf7aeb?s=96&d=mm&r=g","caption":"Lucien"},"sameAs":["https:\/\/jumeaux91.fr\/blog"],"url":"https:\/\/jumeaux91.fr\/blog\/author\/x91admin\/"}]}},"_links":{"self":[{"href":"https:\/\/jumeaux91.fr\/blog\/wp-json\/wp\/v2\/posts\/494","targetHints":{"allow":["GET"]}}],"collection":[{"href":"https:\/\/jumeaux91.fr\/blog\/wp-json\/wp\/v2\/posts"}],"about":[{"href":"https:\/\/jumeaux91.fr\/blog\/wp-json\/wp\/v2\/types\/post"}],"author":[{"embeddable":true,"href":"https:\/\/jumeaux91.fr\/blog\/wp-json\/wp\/v2\/users\/1"}],"replies":[{"embeddable":true,"href":"https:\/\/jumeaux91.fr\/blog\/wp-json\/wp\/v2\/comments?post=494"}],"version-history":[{"count":2,"href":"https:\/\/jumeaux91.fr\/blog\/wp-json\/wp\/v2\/posts\/494\/revisions"}],"predecessor-version":[{"id":499,"href":"https:\/\/jumeaux91.fr\/blog\/wp-json\/wp\/v2\/posts\/494\/revisions\/499"}],"wp:featuredmedia":[{"embeddable":true,"href":"https:\/\/jumeaux91.fr\/blog\/wp-json\/wp\/v2\/media\/495"}],"wp:attachment":[{"href":"https:\/\/jumeaux91.fr\/blog\/wp-json\/wp\/v2\/media?parent=494"}],"wp:term":[{"taxonomy":"category","embeddable":true,"href":"https:\/\/jumeaux91.fr\/blog\/wp-json\/wp\/v2\/categories?post=494"},{"taxonomy":"post_tag","embeddable":true,"href":"https:\/\/jumeaux91.fr\/blog\/wp-json\/wp\/v2\/tags?post=494"}],"curies":[{"name":"wp","href":"https:\/\/api.w.org\/{rel}","templated":true}]}}