{"id":507,"date":"2024-09-07T13:49:00","date_gmt":"2024-09-07T11:49:00","guid":{"rendered":"https:\/\/jumeaux91.fr\/blog\/morts-digor-et-grichka-bogdanoff-leur-chateau-en-ruine-la-faute-a-leurs-11-heritiers\/"},"modified":"2024-09-07T13:49:00","modified_gmt":"2024-09-07T11:49:00","slug":"morts-digor-et-grichka-bogdanoff-leur-chateau-en-ruine-la-faute-a-leurs-11-heritiers","status":"publish","type":"post","link":"https:\/\/jumeaux91.fr\/blog\/morts-digor-et-grichka-bogdanoff-leur-chateau-en-ruine-la-faute-a-leurs-11-heritiers\/","title":{"rendered":"Morts d\u2019Igor et Grichka Bogdanoff : leur ch\u00e2teau en ruine, la faute \u00e0 leurs 11 h\u00e9ritiers"},"content":{"rendered":"<div><img decoding=\"async\" src=\"https:\/\/jumeaux91.fr\/blog\/wp-content\/uploads\/2024\/09\/morts-digor-et-grichka-bogdanoff-leur-chateau-en-ruine-la-faute-a-leurs-11-heritiers.jpg\" class=\"ff-og-image-inserted\"><\/div>\n<aside class=\"bloc_resume_post\">\n<h2 class=\"bloc_resume_post_title\">EN BREF<\/h2>\n<ul class=\"bloc_resume_post_list\">\n<li><span>Igor et Grichka Bogdanoff ont acquis le ch\u00e2teau<br \/>\nd&rsquo;Esclignac en 1986, mais depuis leur d\u00e9c\u00e8s en 2021-2022, le<br \/>\nb\u00e2timent se d\u00e9t\u00e9riore rapidement.<\/span><\/li>\n<li><span>La toiture effondr\u00e9e et les vitres bris\u00e9es menacent de<br \/>\nprovoquer un arr\u00eat\u00e9 de p\u00e9ril, avec une r\u00e9union pr\u00e9vue pour discuter<br \/>\nde son avenir.<\/span><\/li>\n<li><span>Un imbroglio juridique avec 11 h\u00e9ritiers potentiels<br \/>\nbloque les r\u00e9novations, n\u00e9cessitant jusqu&rsquo;\u00e0 10 millions d&rsquo;euros<br \/>\npour une restauration compl\u00e8te.<\/span><\/li>\n<\/ul>\n<\/aside>\n<div class=\"article_body_content\">\n<p>L&rsquo;\u00e9difice historique, acquis par <a href=\"https:\/\/www.closermag.fr\/people\/igor-et-grichka-bogdanoff-un-celebre-chirurgien-fait-des-revelations-sur-leur-transformation-physique-3440085\" target=\"_blank\" rel=\"nofollow\"><br \/>\nIgor et Grichka Bogdanoff<\/a> en 1986, se d\u00e9t\u00e9riore \u00e0 vue d&rsquo;\u0153il<br \/>\ndepuis le d\u00e9c\u00e8s des jumeaux stars. En effet, emport\u00e9s par le<br \/>\nCovid-19 entre d\u00e9cembre 2021 et janvier 2022, les fr\u00e8res ont laiss\u00e9<br \/>\nderri\u00e8re eux un h\u00e9ritage architectural en p\u00e9ril. Le maire de<br \/>\nMonfort, R\u00e9gis Lagard\u00e8re, tire la sonnette d&rsquo;alarme face \u00e0 l&rsquo;\u00e9tat<br \/>\npr\u00e9occupant du b\u00e2timent.<\/p>\n<h2>Un ch\u00e2teau en p\u00e9ril imminent<\/h2>\n<p>La situation du ch\u00e2teau d&rsquo;Esclignac ne cesse de s&rsquo;aggraver. La<br \/>\ntoiture \u00e9ventr\u00e9e, les poutres de charpente effondr\u00e9es et les<br \/>\nnombreuses vitres bris\u00e9es ne sont que la partie visible de<br \/>\nl&rsquo;iceberg. Le maire de Monfort s&rsquo;inqui\u00e8te particuli\u00e8rement de<br \/>\nl&rsquo;\u00e9largissement du trou dans la toiture survenu l&rsquo;hiver dernier. \u00ab\u00a0<em>On a peur de le retrouver compl\u00e8tement effondr\u00e9<\/em>\u00ab\u00a0,<br \/>\nconfie-t-il \u00e0 la presse locale. Cette d\u00e9gradation rapide pourrait<br \/>\nbien conduire \u00e0 une mesure radicale : un arr\u00eat\u00e9 de p\u00e9ril.<\/p>\n<p>De surcro\u00eet, une r\u00e9union cruciale est pr\u00e9vue entre la mairie, la<br \/>\nsous-pr\u00e9fecture de Condom et le service d&rsquo;incendie et de secours du<br \/>\nGers. L&rsquo;objectif est clair : discuter de l&rsquo;avenir du ch\u00e2teau et<br \/>\nenvisager les options permettant de le sauvegarder.<\/p>\n<style>.twitter-tweet{margin-left:auto;margin-right:auto;}<\/style>\n<blockquote class=\"twitter-tweet\"><\/blockquote>\n<h2 class=\"marfeel_last_h2\">Un blocage successoral aux lourdes<br \/>\ncons\u00e9quences<\/h2>\n<p>La principale raison de cette situation d\u00e9sastreuse r\u00e9side dans<br \/>\nun imbroglio juridique. En effet, la succession des <a href=\"https:\/\/www.closermag.fr\/people\/igor-et-grichka-bogdanoff-vraiment-complique-leur-soeur-se-confie-sur-les-circonstances-de-leur-mort-3350944#item=1\" target=\"_blank\" rel=\"nofollow\"><br \/>\nfr\u00e8res Bogdanoff<\/a> n&rsquo;est toujours pas r\u00e9gl\u00e9e, ce qui emp\u00eache<br \/>\ntoute initiative de r\u00e9novation. Pas moins de 11 h\u00e9ritiers<br \/>\npotentiels ont \u00e9t\u00e9 identifi\u00e9s, complexifiant davantage la<br \/>\nsituation. Ce blocage administratif a des cons\u00e9quences directes sur<br \/>\nl&rsquo;\u00e9tat du ch\u00e2teau, qui se d\u00e9grade un peu plus chaque jour.<\/p>\n<p>Par ailleurs, le co\u00fbt des travaux n\u00e9cessaires \u00e0 la sauvegarde du<br \/>\nb\u00e2timent s&rsquo;av\u00e8re astronomique. Le maire estime qu&rsquo;il faudrait<br \/>\nd\u00e9bourser environ 2 millions d&rsquo;euros pour des travaux de<br \/>\npr\u00e9servation basiques. Toutefois, pour une r\u00e9novation compl\u00e8te<br \/>\nincluant la r\u00e9fection de la toiture, l&rsquo;addition pourrait s&rsquo;\u00e9lever \u00e0<br \/>\npr\u00e8s de 10 millions d&rsquo;euros. Un montant colossal qui soul\u00e8ve de<br \/>\nnombreuses interrogations quant \u00e0 l&rsquo;avenir de ce patrimoine en<br \/>\np\u00e9ril.<\/p>\n<\/p><\/div>\n<p>La chronique se veut g\u00e9n\u00e9r\u00e9e de la fa\u00e7on la plus claire que possible. Dans le cas o\u00f9 vous souhaitez pr\u00e9senter des renseignements compl\u00e9mentaires \u00e0 cet article sur le sujet \u00ab\u00a0Fr\u00e8res jumeaux de l&rsquo;Essonnes\u00a0\u00bb il vous est possible d\u2019\u00e9crire aux contacts indiqu\u00e9s sur notre website. La raison d\u2019\u00eatre de jumeaux91.fr \u00e9tant de rassembler sur le web des posts sur le sujet de Fr\u00e8res jumeaux de l&rsquo;Essonnes puis les diffuser en r\u00e9pondant au mieux aux interrogations des gens. Vous pouvez tirer profit de cet article traitant le sujet \u00ab\u00a0Fr\u00e8res jumeaux de l&rsquo;Essonnes\u00a0\u00bb. Il est concoct\u00e9 par l\u2019\u00e9quipe jumeaux91.fr. Prochainement, nous rendrons accessibles au public d&rsquo;autres informations pertinentes sur le sujet \u00ab\u00a0Fr\u00e8res jumeaux de l&rsquo;Essonnes\u00a0\u00bb. Alors, consultez syst\u00e9matiquement notre blog.<\/p>\n","protected":false},"excerpt":{"rendered":"<p>EN BREF Igor et Grichka Bogdanoff ont acquis le ch\u00e2teau d&rsquo;Esclignac en 1986, mais depuis leur d\u00e9c\u00e8s en 2021-2022, le b\u00e2timent se d\u00e9t\u00e9riore rapidement. La toiture effondr\u00e9e et les vitres bris\u00e9es menacent de provoquer un arr\u00eat\u00e9 de p\u00e9ril, avec une r\u00e9union pr\u00e9vue pour discuter de son avenir. Un imbroglio juridique avec 11 h\u00e9ritiers potentiels bloque&hellip; <a class=\"more-link\" href=\"https:\/\/jumeaux91.fr\/blog\/morts-digor-et-grichka-bogdanoff-leur-chateau-en-ruine-la-faute-a-leurs-11-heritiers\/\">Poursuivre la lecture <span class=\"screen-reader-text\">Morts d\u2019Igor et Grichka Bogdanoff : leur ch\u00e2teau en ruine, la faute \u00e0 leurs 11 h\u00e9ritiers<\/span><\/a><\/p>\n","protected":false},"author":2,"featured_media":508,"comment_status":"closed","ping_status":"closed","sticky":false,"template":"","format":"standard","meta":{"footnotes":""},"categories":[4],"tags":[],"class_list":["post-507","post","type-post","status-publish","format-standard","has-post-thumbnail","hentry","category-posts-freres-jumeaux-de-lessonnes","entry"],"yoast_head":"<!-- This site is optimized with the Yoast SEO plugin v27.5 - https:\/\/yoast.com\/product\/yoast-seo-wordpress\/ -->\n<title>Morts d\u2019Igor et Grichka Bogdanoff : leur ch\u00e2teau en ruine, la faute \u00e0 leurs 11 h\u00e9ritiers - JUMEAUX91<\/title>\n<meta name=\"robots\" content=\"index, follow, max-snippet:-1, max-image-preview:large, max-video-preview:-1\" \/>\n<link rel=\"canonical\" href=\"https:\/\/jumeaux91.fr\/blog\/morts-digor-et-grichka-bogdanoff-leur-chateau-en-ruine-la-faute-a-leurs-11-heritiers\/\" \/>\n<meta property=\"og:locale\" content=\"fr_FR\" \/>\n<meta property=\"og:type\" content=\"article\" \/>\n<meta property=\"og:title\" content=\"Morts d\u2019Igor et Grichka Bogdanoff : leur ch\u00e2teau en ruine, la faute \u00e0 leurs 11 h\u00e9ritiers - JUMEAUX91\" \/>\n<meta property=\"og:description\" content=\"EN BREF Igor et Grichka Bogdanoff ont acquis le ch\u00e2teau d&rsquo;Esclignac en 1986, mais depuis leur d\u00e9c\u00e8s en 2021-2022, le b\u00e2timent se d\u00e9t\u00e9riore rapidement. La toiture effondr\u00e9e et les vitres bris\u00e9es menacent de provoquer un arr\u00eat\u00e9 de p\u00e9ril, avec une r\u00e9union pr\u00e9vue pour discuter de son avenir. Un imbroglio juridique avec 11 h\u00e9ritiers potentiels bloque&hellip; Poursuivre la lecture Morts d\u2019Igor et Grichka Bogdanoff : leur ch\u00e2teau en ruine, la faute \u00e0 leurs 11 h\u00e9ritiers\" \/>\n<meta property=\"og:url\" content=\"https:\/\/jumeaux91.fr\/blog\/morts-digor-et-grichka-bogdanoff-leur-chateau-en-ruine-la-faute-a-leurs-11-heritiers\/\" \/>\n<meta property=\"og:site_name\" content=\"JUMEAUX91\" \/>\n<meta property=\"article:published_time\" content=\"2024-09-07T11:49:00+00:00\" \/>\n<meta property=\"og:image\" content=\"https:\/\/jumeaux91.fr\/blog\/wp-content\/uploads\/2024\/09\/morts-digor-et-grichka-bogdanoff-leur-chateau-en-ruine-la-faute-a-leurs-11-heritiers.jpg\" \/>\n<meta name=\"author\" content=\"Claude DAYRES\" \/>\n<meta name=\"twitter:card\" content=\"summary_large_image\" \/>\n<meta name=\"twitter:label1\" content=\"\u00c9crit par\" \/>\n\t<meta name=\"twitter:data1\" content=\"Claude DAYRES\" \/>\n\t<meta name=\"twitter:label2\" content=\"Dur\u00e9e de lecture estim\u00e9e\" \/>\n\t<meta name=\"twitter:data2\" content=\"3 minutes\" \/>\n<script type=\"application\/ld+json\" class=\"yoast-schema-graph\">{\"@context\":\"https:\\\/\\\/schema.org\",\"@graph\":[{\"@type\":\"Article\",\"@id\":\"https:\\\/\\\/jumeaux91.fr\\\/blog\\\/morts-digor-et-grichka-bogdanoff-leur-chateau-en-ruine-la-faute-a-leurs-11-heritiers\\\/#article\",\"isPartOf\":{\"@id\":\"https:\\\/\\\/jumeaux91.fr\\\/blog\\\/morts-digor-et-grichka-bogdanoff-leur-chateau-en-ruine-la-faute-a-leurs-11-heritiers\\\/\"},\"author\":{\"name\":\"Claude DAYRES\",\"@id\":\"https:\\\/\\\/jumeaux91.fr\\\/blog\\\/#\\\/schema\\\/person\\\/21da06e9f119b9f64e5d45dbbd32d3fb\"},\"headline\":\"Morts d\u2019Igor et Grichka Bogdanoff : leur ch\u00e2teau en ruine, la faute \u00e0 leurs 11 h\u00e9ritiers\",\"datePublished\":\"2024-09-07T11:49:00+00:00\",\"mainEntityOfPage\":{\"@id\":\"https:\\\/\\\/jumeaux91.fr\\\/blog\\\/morts-digor-et-grichka-bogdanoff-leur-chateau-en-ruine-la-faute-a-leurs-11-heritiers\\\/\"},\"wordCount\":612,\"publisher\":{\"@id\":\"https:\\\/\\\/jumeaux91.fr\\\/blog\\\/#organization\"},\"image\":{\"@id\":\"https:\\\/\\\/jumeaux91.fr\\\/blog\\\/morts-digor-et-grichka-bogdanoff-leur-chateau-en-ruine-la-faute-a-leurs-11-heritiers\\\/#primaryimage\"},\"thumbnailUrl\":\"https:\\\/\\\/jumeaux91.fr\\\/blog\\\/wp-content\\\/uploads\\\/2024\\\/09\\\/morts-digor-et-grichka-bogdanoff-leur-chateau-en-ruine-la-faute-a-leurs-11-heritiers.jpg\",\"articleSection\":[\"Posts Fr\u00e8res Jumeaux De L'Essonnes:\"],\"inLanguage\":\"fr-FR\"},{\"@type\":\"WebPage\",\"@id\":\"https:\\\/\\\/jumeaux91.fr\\\/blog\\\/morts-digor-et-grichka-bogdanoff-leur-chateau-en-ruine-la-faute-a-leurs-11-heritiers\\\/\",\"url\":\"https:\\\/\\\/jumeaux91.fr\\\/blog\\\/morts-digor-et-grichka-bogdanoff-leur-chateau-en-ruine-la-faute-a-leurs-11-heritiers\\\/\",\"name\":\"Morts d\u2019Igor et Grichka Bogdanoff : leur ch\u00e2teau en ruine, la faute \u00e0 leurs 11 h\u00e9ritiers - JUMEAUX91\",\"isPartOf\":{\"@id\":\"https:\\\/\\\/jumeaux91.fr\\\/blog\\\/#website\"},\"primaryImageOfPage\":{\"@id\":\"https:\\\/\\\/jumeaux91.fr\\\/blog\\\/morts-digor-et-grichka-bogdanoff-leur-chateau-en-ruine-la-faute-a-leurs-11-heritiers\\\/#primaryimage\"},\"image\":{\"@id\":\"https:\\\/\\\/jumeaux91.fr\\\/blog\\\/morts-digor-et-grichka-bogdanoff-leur-chateau-en-ruine-la-faute-a-leurs-11-heritiers\\\/#primaryimage\"},\"thumbnailUrl\":\"https:\\\/\\\/jumeaux91.fr\\\/blog\\\/wp-content\\\/uploads\\\/2024\\\/09\\\/morts-digor-et-grichka-bogdanoff-leur-chateau-en-ruine-la-faute-a-leurs-11-heritiers.jpg\",\"datePublished\":\"2024-09-07T11:49:00+00:00\",\"breadcrumb\":{\"@id\":\"https:\\\/\\\/jumeaux91.fr\\\/blog\\\/morts-digor-et-grichka-bogdanoff-leur-chateau-en-ruine-la-faute-a-leurs-11-heritiers\\\/#breadcrumb\"},\"inLanguage\":\"fr-FR\",\"potentialAction\":[{\"@type\":\"ReadAction\",\"target\":[\"https:\\\/\\\/jumeaux91.fr\\\/blog\\\/morts-digor-et-grichka-bogdanoff-leur-chateau-en-ruine-la-faute-a-leurs-11-heritiers\\\/\"]}]},{\"@type\":\"ImageObject\",\"inLanguage\":\"fr-FR\",\"@id\":\"https:\\\/\\\/jumeaux91.fr\\\/blog\\\/morts-digor-et-grichka-bogdanoff-leur-chateau-en-ruine-la-faute-a-leurs-11-heritiers\\\/#primaryimage\",\"url\":\"https:\\\/\\\/jumeaux91.fr\\\/blog\\\/wp-content\\\/uploads\\\/2024\\\/09\\\/morts-digor-et-grichka-bogdanoff-leur-chateau-en-ruine-la-faute-a-leurs-11-heritiers.jpg\",\"contentUrl\":\"https:\\\/\\\/jumeaux91.fr\\\/blog\\\/wp-content\\\/uploads\\\/2024\\\/09\\\/morts-digor-et-grichka-bogdanoff-leur-chateau-en-ruine-la-faute-a-leurs-11-heritiers.jpg\",\"width\":1199,\"height\":796,\"caption\":\"Morts d\u2019Igor et Grichka Bogdanoff : leur ch\u00e2teau en ruine, la faute \u00e0 leurs 11 h\u00e9ritiers\"},{\"@type\":\"BreadcrumbList\",\"@id\":\"https:\\\/\\\/jumeaux91.fr\\\/blog\\\/morts-digor-et-grichka-bogdanoff-leur-chateau-en-ruine-la-faute-a-leurs-11-heritiers\\\/#breadcrumb\",\"itemListElement\":[{\"@type\":\"ListItem\",\"position\":1,\"name\":\"Accueil\",\"item\":\"https:\\\/\\\/jumeaux91.fr\\\/blog\\\/\"},{\"@type\":\"ListItem\",\"position\":2,\"name\":\"Morts d\u2019Igor et Grichka Bogdanoff : leur ch\u00e2teau en ruine, la faute \u00e0 leurs 11 h\u00e9ritiers\"}]},{\"@type\":\"WebSite\",\"@id\":\"https:\\\/\\\/jumeaux91.fr\\\/blog\\\/#website\",\"url\":\"https:\\\/\\\/jumeaux91.fr\\\/blog\\\/\",\"name\":\"JUMEAUX91\",\"description\":\"Fr\u00e8res jumeaux de l&#039;Essonnes; informations et archives, \u00e0 savoir et retenir.\",\"publisher\":{\"@id\":\"https:\\\/\\\/jumeaux91.fr\\\/blog\\\/#organization\"},\"potentialAction\":[{\"@type\":\"SearchAction\",\"target\":{\"@type\":\"EntryPoint\",\"urlTemplate\":\"https:\\\/\\\/jumeaux91.fr\\\/blog\\\/?s={search_term_string}\"},\"query-input\":{\"@type\":\"PropertyValueSpecification\",\"valueRequired\":true,\"valueName\":\"search_term_string\"}}],\"inLanguage\":\"fr-FR\"},{\"@type\":\"Organization\",\"@id\":\"https:\\\/\\\/jumeaux91.fr\\\/blog\\\/#organization\",\"name\":\"jumeaux91\",\"url\":\"https:\\\/\\\/jumeaux91.fr\\\/blog\\\/\",\"logo\":{\"@type\":\"ImageObject\",\"inLanguage\":\"fr-FR\",\"@id\":\"https:\\\/\\\/jumeaux91.fr\\\/blog\\\/#\\\/schema\\\/logo\\\/image\\\/\",\"url\":\"https:\\\/\\\/jumeaux91.fr\\\/blog\\\/wp-content\\\/uploads\\\/2023\\\/05\\\/cropped-cropped-logoJ_91.png\",\"contentUrl\":\"https:\\\/\\\/jumeaux91.fr\\\/blog\\\/wp-content\\\/uploads\\\/2023\\\/05\\\/cropped-cropped-logoJ_91.png\",\"width\":512,\"height\":512,\"caption\":\"jumeaux91\"},\"image\":{\"@id\":\"https:\\\/\\\/jumeaux91.fr\\\/blog\\\/#\\\/schema\\\/logo\\\/image\\\/\"}},{\"@type\":\"Person\",\"@id\":\"https:\\\/\\\/jumeaux91.fr\\\/blog\\\/#\\\/schema\\\/person\\\/21da06e9f119b9f64e5d45dbbd32d3fb\",\"name\":\"Claude DAYRES\",\"image\":{\"@type\":\"ImageObject\",\"inLanguage\":\"fr-FR\",\"@id\":\"https:\\\/\\\/secure.gravatar.com\\\/avatar\\\/82eb951df6110a2c48d1bfa7a67d1ee6f0cd5df3cbf9c3586dd61e82db7172a5?s=96&d=mm&r=g\",\"url\":\"https:\\\/\\\/secure.gravatar.com\\\/avatar\\\/82eb951df6110a2c48d1bfa7a67d1ee6f0cd5df3cbf9c3586dd61e82db7172a5?s=96&d=mm&r=g\",\"contentUrl\":\"https:\\\/\\\/secure.gravatar.com\\\/avatar\\\/82eb951df6110a2c48d1bfa7a67d1ee6f0cd5df3cbf9c3586dd61e82db7172a5?s=96&d=mm&r=g\",\"caption\":\"Claude DAYRES\"},\"url\":\"https:\\\/\\\/jumeaux91.fr\\\/blog\\\/author\\\/x91claude\\\/\"}]}<\/script>\n<!-- \/ Yoast SEO plugin. -->","yoast_head_json":{"title":"Morts d\u2019Igor et Grichka Bogdanoff : leur ch\u00e2teau en ruine, la faute \u00e0 leurs 11 h\u00e9ritiers - JUMEAUX91","robots":{"index":"index","follow":"follow","max-snippet":"max-snippet:-1","max-image-preview":"max-image-preview:large","max-video-preview":"max-video-preview:-1"},"canonical":"https:\/\/jumeaux91.fr\/blog\/morts-digor-et-grichka-bogdanoff-leur-chateau-en-ruine-la-faute-a-leurs-11-heritiers\/","og_locale":"fr_FR","og_type":"article","og_title":"Morts d\u2019Igor et Grichka Bogdanoff : leur ch\u00e2teau en ruine, la faute \u00e0 leurs 11 h\u00e9ritiers - JUMEAUX91","og_description":"EN BREF Igor et Grichka Bogdanoff ont acquis le ch\u00e2teau d&rsquo;Esclignac en 1986, mais depuis leur d\u00e9c\u00e8s en 2021-2022, le b\u00e2timent se d\u00e9t\u00e9riore rapidement. La toiture effondr\u00e9e et les vitres bris\u00e9es menacent de provoquer un arr\u00eat\u00e9 de p\u00e9ril, avec une r\u00e9union pr\u00e9vue pour discuter de son avenir. Un imbroglio juridique avec 11 h\u00e9ritiers potentiels bloque&hellip; Poursuivre la lecture Morts d\u2019Igor et Grichka Bogdanoff : leur ch\u00e2teau en ruine, la faute \u00e0 leurs 11 h\u00e9ritiers","og_url":"https:\/\/jumeaux91.fr\/blog\/morts-digor-et-grichka-bogdanoff-leur-chateau-en-ruine-la-faute-a-leurs-11-heritiers\/","og_site_name":"JUMEAUX91","article_published_time":"2024-09-07T11:49:00+00:00","og_image":[{"url":"https:\/\/jumeaux91.fr\/blog\/wp-content\/uploads\/2024\/09\/morts-digor-et-grichka-bogdanoff-leur-chateau-en-ruine-la-faute-a-leurs-11-heritiers.jpg","type":"","width":"","height":""}],"author":"Claude DAYRES","twitter_card":"summary_large_image","twitter_misc":{"\u00c9crit par":"Claude DAYRES","Dur\u00e9e de lecture estim\u00e9e":"3 minutes"},"schema":{"@context":"https:\/\/schema.org","@graph":[{"@type":"Article","@id":"https:\/\/jumeaux91.fr\/blog\/morts-digor-et-grichka-bogdanoff-leur-chateau-en-ruine-la-faute-a-leurs-11-heritiers\/#article","isPartOf":{"@id":"https:\/\/jumeaux91.fr\/blog\/morts-digor-et-grichka-bogdanoff-leur-chateau-en-ruine-la-faute-a-leurs-11-heritiers\/"},"author":{"name":"Claude DAYRES","@id":"https:\/\/jumeaux91.fr\/blog\/#\/schema\/person\/21da06e9f119b9f64e5d45dbbd32d3fb"},"headline":"Morts d\u2019Igor et Grichka Bogdanoff : leur ch\u00e2teau en ruine, la faute \u00e0 leurs 11 h\u00e9ritiers","datePublished":"2024-09-07T11:49:00+00:00","mainEntityOfPage":{"@id":"https:\/\/jumeaux91.fr\/blog\/morts-digor-et-grichka-bogdanoff-leur-chateau-en-ruine-la-faute-a-leurs-11-heritiers\/"},"wordCount":612,"publisher":{"@id":"https:\/\/jumeaux91.fr\/blog\/#organization"},"image":{"@id":"https:\/\/jumeaux91.fr\/blog\/morts-digor-et-grichka-bogdanoff-leur-chateau-en-ruine-la-faute-a-leurs-11-heritiers\/#primaryimage"},"thumbnailUrl":"https:\/\/jumeaux91.fr\/blog\/wp-content\/uploads\/2024\/09\/morts-digor-et-grichka-bogdanoff-leur-chateau-en-ruine-la-faute-a-leurs-11-heritiers.jpg","articleSection":["Posts Fr\u00e8res Jumeaux De L'Essonnes:"],"inLanguage":"fr-FR"},{"@type":"WebPage","@id":"https:\/\/jumeaux91.fr\/blog\/morts-digor-et-grichka-bogdanoff-leur-chateau-en-ruine-la-faute-a-leurs-11-heritiers\/","url":"https:\/\/jumeaux91.fr\/blog\/morts-digor-et-grichka-bogdanoff-leur-chateau-en-ruine-la-faute-a-leurs-11-heritiers\/","name":"Morts d\u2019Igor et Grichka Bogdanoff : leur ch\u00e2teau en ruine, la faute \u00e0 leurs 11 h\u00e9ritiers - JUMEAUX91","isPartOf":{"@id":"https:\/\/jumeaux91.fr\/blog\/#website"},"primaryImageOfPage":{"@id":"https:\/\/jumeaux91.fr\/blog\/morts-digor-et-grichka-bogdanoff-leur-chateau-en-ruine-la-faute-a-leurs-11-heritiers\/#primaryimage"},"image":{"@id":"https:\/\/jumeaux91.fr\/blog\/morts-digor-et-grichka-bogdanoff-leur-chateau-en-ruine-la-faute-a-leurs-11-heritiers\/#primaryimage"},"thumbnailUrl":"https:\/\/jumeaux91.fr\/blog\/wp-content\/uploads\/2024\/09\/morts-digor-et-grichka-bogdanoff-leur-chateau-en-ruine-la-faute-a-leurs-11-heritiers.jpg","datePublished":"2024-09-07T11:49:00+00:00","breadcrumb":{"@id":"https:\/\/jumeaux91.fr\/blog\/morts-digor-et-grichka-bogdanoff-leur-chateau-en-ruine-la-faute-a-leurs-11-heritiers\/#breadcrumb"},"inLanguage":"fr-FR","potentialAction":[{"@type":"ReadAction","target":["https:\/\/jumeaux91.fr\/blog\/morts-digor-et-grichka-bogdanoff-leur-chateau-en-ruine-la-faute-a-leurs-11-heritiers\/"]}]},{"@type":"ImageObject","inLanguage":"fr-FR","@id":"https:\/\/jumeaux91.fr\/blog\/morts-digor-et-grichka-bogdanoff-leur-chateau-en-ruine-la-faute-a-leurs-11-heritiers\/#primaryimage","url":"https:\/\/jumeaux91.fr\/blog\/wp-content\/uploads\/2024\/09\/morts-digor-et-grichka-bogdanoff-leur-chateau-en-ruine-la-faute-a-leurs-11-heritiers.jpg","contentUrl":"https:\/\/jumeaux91.fr\/blog\/wp-content\/uploads\/2024\/09\/morts-digor-et-grichka-bogdanoff-leur-chateau-en-ruine-la-faute-a-leurs-11-heritiers.jpg","width":1199,"height":796,"caption":"Morts d\u2019Igor et Grichka Bogdanoff : leur ch\u00e2teau en ruine, la faute \u00e0 leurs 11 h\u00e9ritiers"},{"@type":"BreadcrumbList","@id":"https:\/\/jumeaux91.fr\/blog\/morts-digor-et-grichka-bogdanoff-leur-chateau-en-ruine-la-faute-a-leurs-11-heritiers\/#breadcrumb","itemListElement":[{"@type":"ListItem","position":1,"name":"Accueil","item":"https:\/\/jumeaux91.fr\/blog\/"},{"@type":"ListItem","position":2,"name":"Morts d\u2019Igor et Grichka Bogdanoff : leur ch\u00e2teau en ruine, la faute \u00e0 leurs 11 h\u00e9ritiers"}]},{"@type":"WebSite","@id":"https:\/\/jumeaux91.fr\/blog\/#website","url":"https:\/\/jumeaux91.fr\/blog\/","name":"JUMEAUX91","description":"Fr\u00e8res jumeaux de l&#039;Essonnes; informations et archives, \u00e0 savoir et retenir.","publisher":{"@id":"https:\/\/jumeaux91.fr\/blog\/#organization"},"potentialAction":[{"@type":"SearchAction","target":{"@type":"EntryPoint","urlTemplate":"https:\/\/jumeaux91.fr\/blog\/?s={search_term_string}"},"query-input":{"@type":"PropertyValueSpecification","valueRequired":true,"valueName":"search_term_string"}}],"inLanguage":"fr-FR"},{"@type":"Organization","@id":"https:\/\/jumeaux91.fr\/blog\/#organization","name":"jumeaux91","url":"https:\/\/jumeaux91.fr\/blog\/","logo":{"@type":"ImageObject","inLanguage":"fr-FR","@id":"https:\/\/jumeaux91.fr\/blog\/#\/schema\/logo\/image\/","url":"https:\/\/jumeaux91.fr\/blog\/wp-content\/uploads\/2023\/05\/cropped-cropped-logoJ_91.png","contentUrl":"https:\/\/jumeaux91.fr\/blog\/wp-content\/uploads\/2023\/05\/cropped-cropped-logoJ_91.png","width":512,"height":512,"caption":"jumeaux91"},"image":{"@id":"https:\/\/jumeaux91.fr\/blog\/#\/schema\/logo\/image\/"}},{"@type":"Person","@id":"https:\/\/jumeaux91.fr\/blog\/#\/schema\/person\/21da06e9f119b9f64e5d45dbbd32d3fb","name":"Claude DAYRES","image":{"@type":"ImageObject","inLanguage":"fr-FR","@id":"https:\/\/secure.gravatar.com\/avatar\/82eb951df6110a2c48d1bfa7a67d1ee6f0cd5df3cbf9c3586dd61e82db7172a5?s=96&d=mm&r=g","url":"https:\/\/secure.gravatar.com\/avatar\/82eb951df6110a2c48d1bfa7a67d1ee6f0cd5df3cbf9c3586dd61e82db7172a5?s=96&d=mm&r=g","contentUrl":"https:\/\/secure.gravatar.com\/avatar\/82eb951df6110a2c48d1bfa7a67d1ee6f0cd5df3cbf9c3586dd61e82db7172a5?s=96&d=mm&r=g","caption":"Claude DAYRES"},"url":"https:\/\/jumeaux91.fr\/blog\/author\/x91claude\/"}]}},"_links":{"self":[{"href":"https:\/\/jumeaux91.fr\/blog\/wp-json\/wp\/v2\/posts\/507","targetHints":{"allow":["GET"]}}],"collection":[{"href":"https:\/\/jumeaux91.fr\/blog\/wp-json\/wp\/v2\/posts"}],"about":[{"href":"https:\/\/jumeaux91.fr\/blog\/wp-json\/wp\/v2\/types\/post"}],"author":[{"embeddable":true,"href":"https:\/\/jumeaux91.fr\/blog\/wp-json\/wp\/v2\/users\/2"}],"replies":[{"embeddable":true,"href":"https:\/\/jumeaux91.fr\/blog\/wp-json\/wp\/v2\/comments?post=507"}],"version-history":[{"count":0,"href":"https:\/\/jumeaux91.fr\/blog\/wp-json\/wp\/v2\/posts\/507\/revisions"}],"wp:featuredmedia":[{"embeddable":true,"href":"https:\/\/jumeaux91.fr\/blog\/wp-json\/wp\/v2\/media\/508"}],"wp:attachment":[{"href":"https:\/\/jumeaux91.fr\/blog\/wp-json\/wp\/v2\/media?parent=507"}],"wp:term":[{"taxonomy":"category","embeddable":true,"href":"https:\/\/jumeaux91.fr\/blog\/wp-json\/wp\/v2\/categories?post=507"},{"taxonomy":"post_tag","embeddable":true,"href":"https:\/\/jumeaux91.fr\/blog\/wp-json\/wp\/v2\/tags?post=507"}],"curies":[{"name":"wp","href":"https:\/\/api.w.org\/{rel}","templated":true}]}}