{"id":509,"date":"2024-08-30T08:00:00","date_gmt":"2024-08-30T06:00:00","guid":{"rendered":"https:\/\/jumeaux91.fr\/blog\/ahmed-sylla-et-bertrand-usclat-sont-jumeaux-mais-pas-trop-ce-vendredi-soir-sur-m6\/"},"modified":"2024-08-30T08:00:00","modified_gmt":"2024-08-30T06:00:00","slug":"ahmed-sylla-et-bertrand-usclat-sont-jumeaux-mais-pas-trop-ce-vendredi-soir-sur-m6","status":"publish","type":"post","link":"https:\/\/jumeaux91.fr\/blog\/ahmed-sylla-et-bertrand-usclat-sont-jumeaux-mais-pas-trop-ce-vendredi-soir-sur-m6\/","title":{"rendered":"Ahmed Sylla et Bertrand Usclat sont \u00ab Jumeaux mais pas trop \u00bb, ce vendredi soir sur M6"},"content":{"rendered":"<div><img decoding=\"async\" src=\"https:\/\/jumeaux91.fr\/blog\/wp-content\/uploads\/2024\/09\/ahmed-sylla-et-bertrand-usclat-sont-jumeaux-mais-pas-trop-ce-vendredi-soir-sur-m6.jpg\" class=\"ff-og-image-inserted\"><\/div>\n<p><?xml encoding=\"UTF-8\"?????><\/p>\n<p>Gr\u00e9goire (<a href=\"https:\/\/programmetv.ouest-france.fr\/chaines\/programme-tv-canalplus-34\/canal-broute-avec-bertrand-usclat-de-retour-dans-un-nouveau-format-apres-deux-ans-dabsence-c04732ba-0600-11ef-ac12-77c719d0efc9\" target=\"_self\" rel=\"noopener nofollow\">Bertrand Usclat<\/a>) m\u00e8ne une carri\u00e8re en politique apr\u00e8s de brillantes \u00e9tudes, financ\u00e9es par ses parents ais\u00e9s. Anthony (<a href=\"https:\/\/rennes.maville.com\/sport\/detail_--comme-un-prince-avec-ahmed-sylla-boxe-dans-la-categorie-des-bonnes-comedies-anglaises-_53511-6120566_actu.Htm\" target=\"_self\" rel=\"noopener nofollow\">Ahmed Sylla<\/a>) vit dans les quartiers populaires avec son p\u00e8re adoptif et jongle entre les petits boulots.<\/p>\n<p>Par un malencontreux hasard, les deux hommes vont d\u00e9couvrir \u00e0 33 ans qu\u2019ils sont en r\u00e9alit\u00e9 <a href=\"https:\/\/oldpodcasts.ouest-france.fr\/broadcast\/96192-A-VOIX-HAUTE.-Quand-les-jumeaux-arrivent-%C3%A0-la-maison\" target=\"_self\" rel=\"noopener nofollow\">jumeaux<\/a>, gr\u00e2ce \u00e0 un ph\u00e9nom\u00e8ne g\u00e9n\u00e9tique rare. Il n\u2019y avait qu\u2019une chance sur un million pour que cela arrive, mais cette d\u00e9couverte ne ravit pas les deux gar\u00e7ons qui semblent oppos\u00e9s sur tous les plans.<\/p>\n<p>Si le sc\u00e9nario para\u00eet un peu grossier de prime abord, et laisse craindre un humour lourd sur les pr\u00e9jug\u00e9s racistes, <em>Jumeaux mais pas trop<\/em> tire pourtant rapidement son \u00e9pingle du jeu.<\/p>\n<p>Une com\u00e9die tendre et attachante<\/p>\n<p>Prim\u00e9 en 2022 par le public au festival de la com\u00e9die de l\u2019Alpe d\u2019Huez, le film a la d\u00e9licatesse de s\u2019\u00e9loigner des poncifs des com\u00e9dies traditionnelles pour aborder les sujets du racisme, de l\u2019\u00e9galit\u00e9 des chances et de l\u2019amour familial.<\/p>\n<p><strong>Lire aussi&nbsp;:<\/strong>&nbsp;<a href=\"https:\/\/rennes.maville.com\/actu\/actudet_-l-humoriste-ahmed-sylla-s-excuse-d-avoir-minimise-le-racisme-en-france-le-karma-m-a-donne-tort-_54135-6260995_actu.Htm\" target=\"_self\" rel=\"noopener nofollow\">L\u2019humoriste Ahmed Sylla s\u2019excuse d\u2019avoir minimis\u00e9 le racisme en France&nbsp;: \u00ab&nbsp;Le karma m\u2019a donn\u00e9 tort&nbsp;\u00bb<\/a><\/p>\n<p>La com\u00e9die, dr\u00f4le sans \u00eatre hilarante malgr\u00e9 la prestation sans faute des deux humoristes, se r\u00e9v\u00e8le surtout tr\u00e8s tendre. <em>Jumeaux mais pas trop<\/em> n\u2019est jamais moralisateur, ni larmoyant.<\/p>\n<p>Cerise sur le g\u00e2teau, le film s\u2019\u00e9tend sur 90&nbsp;minutes, une dur\u00e9e id\u00e9ale pour livrer une histoire touchante et ne jamais laisser le rythme retomber.<\/p>\n<p><em> <a href=\"https:\/\/programmetv.ouest-france.fr\/chaines\/programme-tv-m6-118\/\" target=\"_self\" rel=\"noopener nofollow\">M6<\/a> <\/em>, 21&nbsp;h&nbsp;10.<\/p>\n<p> <input type=\"hidden\" id=\"_videoStepMinifiedScript+16\" value=\"2346\"><input type=\"hidden\" id=\"_videoStepScriptTypeV1\" class=\"videoStepScriptType\" value=\"19\"> La chronique se veut g\u00e9n\u00e9r\u00e9e de la fa\u00e7on la plus claire que possible. Dans le cas o\u00f9 vous souhaitez pr\u00e9senter des renseignements compl\u00e9mentaires \u00e0 cet article sur le sujet \u00ab\u00a0Fr\u00e8res jumeaux de l&rsquo;Essonnes\u00a0\u00bb il vous est possible d\u2019\u00e9crire aux contacts indiqu\u00e9s sur notre website. La raison d\u2019\u00eatre de jumeaux91.fr \u00e9tant de rassembler sur le web des posts sur le sujet de Fr\u00e8res jumeaux de l&rsquo;Essonnes puis les diffuser en r\u00e9pondant au mieux aux interrogations des gens. Vous pouvez tirer profit de cet article traitant le sujet \u00ab\u00a0Fr\u00e8res jumeaux de l&rsquo;Essonnes\u00a0\u00bb. Il est concoct\u00e9 par l\u2019\u00e9quipe jumeaux91.fr. Prochainement, nous rendrons accessibles au public d&rsquo;autres informations pertinentes sur le sujet \u00ab\u00a0Fr\u00e8res jumeaux de l&rsquo;Essonnes\u00a0\u00bb. Alors, consultez syst\u00e9matiquement notre blog.<\/p>\n","protected":false},"excerpt":{"rendered":"<p>Gr\u00e9goire (Bertrand Usclat) m\u00e8ne une carri\u00e8re en politique apr\u00e8s de brillantes \u00e9tudes, financ\u00e9es par ses parents ais\u00e9s. Anthony (Ahmed Sylla) vit dans les quartiers populaires avec son p\u00e8re adoptif et jongle entre les petits boulots. Par un malencontreux hasard, les deux hommes vont d\u00e9couvrir \u00e0 33 ans qu\u2019ils sont en r\u00e9alit\u00e9 jumeaux, gr\u00e2ce \u00e0 un&hellip; <a class=\"more-link\" href=\"https:\/\/jumeaux91.fr\/blog\/ahmed-sylla-et-bertrand-usclat-sont-jumeaux-mais-pas-trop-ce-vendredi-soir-sur-m6\/\">Poursuivre la lecture <span class=\"screen-reader-text\">Ahmed Sylla et Bertrand Usclat sont \u00ab Jumeaux mais pas trop \u00bb, ce vendredi soir sur M6<\/span><\/a><\/p>\n","protected":false},"author":2,"featured_media":510,"comment_status":"closed","ping_status":"closed","sticky":false,"template":"","format":"standard","meta":{"footnotes":""},"categories":[4],"tags":[],"class_list":["post-509","post","type-post","status-publish","format-standard","has-post-thumbnail","hentry","category-posts-freres-jumeaux-de-lessonnes","entry"],"yoast_head":"<!-- This site is optimized with the Yoast SEO plugin v27.5 - https:\/\/yoast.com\/product\/yoast-seo-wordpress\/ -->\n<title>Ahmed Sylla et Bertrand Usclat sont \u00ab Jumeaux mais pas trop \u00bb, ce vendredi soir sur M6 - JUMEAUX91<\/title>\n<meta name=\"robots\" content=\"index, follow, max-snippet:-1, max-image-preview:large, max-video-preview:-1\" \/>\n<link rel=\"canonical\" href=\"https:\/\/jumeaux91.fr\/blog\/ahmed-sylla-et-bertrand-usclat-sont-jumeaux-mais-pas-trop-ce-vendredi-soir-sur-m6\/\" \/>\n<meta property=\"og:locale\" content=\"fr_FR\" \/>\n<meta property=\"og:type\" content=\"article\" \/>\n<meta property=\"og:title\" content=\"Ahmed Sylla et Bertrand Usclat sont \u00ab Jumeaux mais pas trop \u00bb, ce vendredi soir sur M6 - JUMEAUX91\" \/>\n<meta property=\"og:description\" content=\"Gr\u00e9goire (Bertrand Usclat) m\u00e8ne une carri\u00e8re en politique apr\u00e8s de brillantes \u00e9tudes, financ\u00e9es par ses parents ais\u00e9s. Anthony (Ahmed Sylla) vit dans les quartiers populaires avec son p\u00e8re adoptif et jongle entre les petits boulots. Par un malencontreux hasard, les deux hommes vont d\u00e9couvrir \u00e0 33 ans qu\u2019ils sont en r\u00e9alit\u00e9 jumeaux, gr\u00e2ce \u00e0 un&hellip; Poursuivre la lecture Ahmed Sylla et Bertrand Usclat sont \u00ab Jumeaux mais pas trop \u00bb, ce vendredi soir sur M6\" \/>\n<meta property=\"og:url\" content=\"https:\/\/jumeaux91.fr\/blog\/ahmed-sylla-et-bertrand-usclat-sont-jumeaux-mais-pas-trop-ce-vendredi-soir-sur-m6\/\" \/>\n<meta property=\"og:site_name\" content=\"JUMEAUX91\" \/>\n<meta property=\"article:published_time\" content=\"2024-08-30T06:00:00+00:00\" \/>\n<meta property=\"og:image\" content=\"https:\/\/jumeaux91.fr\/blog\/wp-content\/uploads\/2024\/09\/ahmed-sylla-et-bertrand-usclat-sont-jumeaux-mais-pas-trop-ce-vendredi-soir-sur-m6.jpg\" \/>\n<meta name=\"author\" content=\"Claude DAYRES\" \/>\n<meta name=\"twitter:card\" content=\"summary_large_image\" \/>\n<meta name=\"twitter:label1\" content=\"\u00c9crit par\" \/>\n\t<meta name=\"twitter:data1\" content=\"Claude DAYRES\" \/>\n\t<meta name=\"twitter:label2\" content=\"Dur\u00e9e de lecture estim\u00e9e\" \/>\n\t<meta name=\"twitter:data2\" content=\"2 minutes\" \/>\n<script type=\"application\/ld+json\" class=\"yoast-schema-graph\">{\"@context\":\"https:\\\/\\\/schema.org\",\"@graph\":[{\"@type\":\"Article\",\"@id\":\"https:\\\/\\\/jumeaux91.fr\\\/blog\\\/ahmed-sylla-et-bertrand-usclat-sont-jumeaux-mais-pas-trop-ce-vendredi-soir-sur-m6\\\/#article\",\"isPartOf\":{\"@id\":\"https:\\\/\\\/jumeaux91.fr\\\/blog\\\/ahmed-sylla-et-bertrand-usclat-sont-jumeaux-mais-pas-trop-ce-vendredi-soir-sur-m6\\\/\"},\"author\":{\"name\":\"Claude DAYRES\",\"@id\":\"https:\\\/\\\/jumeaux91.fr\\\/blog\\\/#\\\/schema\\\/person\\\/21da06e9f119b9f64e5d45dbbd32d3fb\"},\"headline\":\"Ahmed Sylla et Bertrand Usclat sont \u00ab Jumeaux mais pas trop \u00bb, ce vendredi soir sur M6\",\"datePublished\":\"2024-08-30T06:00:00+00:00\",\"mainEntityOfPage\":{\"@id\":\"https:\\\/\\\/jumeaux91.fr\\\/blog\\\/ahmed-sylla-et-bertrand-usclat-sont-jumeaux-mais-pas-trop-ce-vendredi-soir-sur-m6\\\/\"},\"wordCount\":438,\"publisher\":{\"@id\":\"https:\\\/\\\/jumeaux91.fr\\\/blog\\\/#organization\"},\"image\":{\"@id\":\"https:\\\/\\\/jumeaux91.fr\\\/blog\\\/ahmed-sylla-et-bertrand-usclat-sont-jumeaux-mais-pas-trop-ce-vendredi-soir-sur-m6\\\/#primaryimage\"},\"thumbnailUrl\":\"https:\\\/\\\/jumeaux91.fr\\\/blog\\\/wp-content\\\/uploads\\\/2024\\\/09\\\/ahmed-sylla-et-bertrand-usclat-sont-jumeaux-mais-pas-trop-ce-vendredi-soir-sur-m6.jpg\",\"articleSection\":[\"Posts Fr\u00e8res Jumeaux De L'Essonnes:\"],\"inLanguage\":\"fr-FR\"},{\"@type\":\"WebPage\",\"@id\":\"https:\\\/\\\/jumeaux91.fr\\\/blog\\\/ahmed-sylla-et-bertrand-usclat-sont-jumeaux-mais-pas-trop-ce-vendredi-soir-sur-m6\\\/\",\"url\":\"https:\\\/\\\/jumeaux91.fr\\\/blog\\\/ahmed-sylla-et-bertrand-usclat-sont-jumeaux-mais-pas-trop-ce-vendredi-soir-sur-m6\\\/\",\"name\":\"Ahmed Sylla et Bertrand Usclat sont \u00ab Jumeaux mais pas trop \u00bb, ce vendredi soir sur M6 - JUMEAUX91\",\"isPartOf\":{\"@id\":\"https:\\\/\\\/jumeaux91.fr\\\/blog\\\/#website\"},\"primaryImageOfPage\":{\"@id\":\"https:\\\/\\\/jumeaux91.fr\\\/blog\\\/ahmed-sylla-et-bertrand-usclat-sont-jumeaux-mais-pas-trop-ce-vendredi-soir-sur-m6\\\/#primaryimage\"},\"image\":{\"@id\":\"https:\\\/\\\/jumeaux91.fr\\\/blog\\\/ahmed-sylla-et-bertrand-usclat-sont-jumeaux-mais-pas-trop-ce-vendredi-soir-sur-m6\\\/#primaryimage\"},\"thumbnailUrl\":\"https:\\\/\\\/jumeaux91.fr\\\/blog\\\/wp-content\\\/uploads\\\/2024\\\/09\\\/ahmed-sylla-et-bertrand-usclat-sont-jumeaux-mais-pas-trop-ce-vendredi-soir-sur-m6.jpg\",\"datePublished\":\"2024-08-30T06:00:00+00:00\",\"breadcrumb\":{\"@id\":\"https:\\\/\\\/jumeaux91.fr\\\/blog\\\/ahmed-sylla-et-bertrand-usclat-sont-jumeaux-mais-pas-trop-ce-vendredi-soir-sur-m6\\\/#breadcrumb\"},\"inLanguage\":\"fr-FR\",\"potentialAction\":[{\"@type\":\"ReadAction\",\"target\":[\"https:\\\/\\\/jumeaux91.fr\\\/blog\\\/ahmed-sylla-et-bertrand-usclat-sont-jumeaux-mais-pas-trop-ce-vendredi-soir-sur-m6\\\/\"]}]},{\"@type\":\"ImageObject\",\"inLanguage\":\"fr-FR\",\"@id\":\"https:\\\/\\\/jumeaux91.fr\\\/blog\\\/ahmed-sylla-et-bertrand-usclat-sont-jumeaux-mais-pas-trop-ce-vendredi-soir-sur-m6\\\/#primaryimage\",\"url\":\"https:\\\/\\\/jumeaux91.fr\\\/blog\\\/wp-content\\\/uploads\\\/2024\\\/09\\\/ahmed-sylla-et-bertrand-usclat-sont-jumeaux-mais-pas-trop-ce-vendredi-soir-sur-m6.jpg\",\"contentUrl\":\"https:\\\/\\\/jumeaux91.fr\\\/blog\\\/wp-content\\\/uploads\\\/2024\\\/09\\\/ahmed-sylla-et-bertrand-usclat-sont-jumeaux-mais-pas-trop-ce-vendredi-soir-sur-m6.jpg\",\"width\":1024,\"height\":598,\"caption\":\"Ahmed Sylla et Bertrand Usclat sont \u00ab Jumeaux mais pas trop \u00bb, ce vendredi soir sur M6\"},{\"@type\":\"BreadcrumbList\",\"@id\":\"https:\\\/\\\/jumeaux91.fr\\\/blog\\\/ahmed-sylla-et-bertrand-usclat-sont-jumeaux-mais-pas-trop-ce-vendredi-soir-sur-m6\\\/#breadcrumb\",\"itemListElement\":[{\"@type\":\"ListItem\",\"position\":1,\"name\":\"Accueil\",\"item\":\"https:\\\/\\\/jumeaux91.fr\\\/blog\\\/\"},{\"@type\":\"ListItem\",\"position\":2,\"name\":\"Ahmed Sylla et Bertrand Usclat sont \u00ab Jumeaux mais pas trop \u00bb, ce vendredi soir sur M6\"}]},{\"@type\":\"WebSite\",\"@id\":\"https:\\\/\\\/jumeaux91.fr\\\/blog\\\/#website\",\"url\":\"https:\\\/\\\/jumeaux91.fr\\\/blog\\\/\",\"name\":\"JUMEAUX91\",\"description\":\"Fr\u00e8res jumeaux de l&#039;Essonnes; informations et archives, \u00e0 savoir et retenir.\",\"publisher\":{\"@id\":\"https:\\\/\\\/jumeaux91.fr\\\/blog\\\/#organization\"},\"potentialAction\":[{\"@type\":\"SearchAction\",\"target\":{\"@type\":\"EntryPoint\",\"urlTemplate\":\"https:\\\/\\\/jumeaux91.fr\\\/blog\\\/?s={search_term_string}\"},\"query-input\":{\"@type\":\"PropertyValueSpecification\",\"valueRequired\":true,\"valueName\":\"search_term_string\"}}],\"inLanguage\":\"fr-FR\"},{\"@type\":\"Organization\",\"@id\":\"https:\\\/\\\/jumeaux91.fr\\\/blog\\\/#organization\",\"name\":\"jumeaux91\",\"url\":\"https:\\\/\\\/jumeaux91.fr\\\/blog\\\/\",\"logo\":{\"@type\":\"ImageObject\",\"inLanguage\":\"fr-FR\",\"@id\":\"https:\\\/\\\/jumeaux91.fr\\\/blog\\\/#\\\/schema\\\/logo\\\/image\\\/\",\"url\":\"https:\\\/\\\/jumeaux91.fr\\\/blog\\\/wp-content\\\/uploads\\\/2023\\\/05\\\/cropped-cropped-logoJ_91.png\",\"contentUrl\":\"https:\\\/\\\/jumeaux91.fr\\\/blog\\\/wp-content\\\/uploads\\\/2023\\\/05\\\/cropped-cropped-logoJ_91.png\",\"width\":512,\"height\":512,\"caption\":\"jumeaux91\"},\"image\":{\"@id\":\"https:\\\/\\\/jumeaux91.fr\\\/blog\\\/#\\\/schema\\\/logo\\\/image\\\/\"}},{\"@type\":\"Person\",\"@id\":\"https:\\\/\\\/jumeaux91.fr\\\/blog\\\/#\\\/schema\\\/person\\\/21da06e9f119b9f64e5d45dbbd32d3fb\",\"name\":\"Claude DAYRES\",\"image\":{\"@type\":\"ImageObject\",\"inLanguage\":\"fr-FR\",\"@id\":\"https:\\\/\\\/secure.gravatar.com\\\/avatar\\\/82eb951df6110a2c48d1bfa7a67d1ee6f0cd5df3cbf9c3586dd61e82db7172a5?s=96&d=mm&r=g\",\"url\":\"https:\\\/\\\/secure.gravatar.com\\\/avatar\\\/82eb951df6110a2c48d1bfa7a67d1ee6f0cd5df3cbf9c3586dd61e82db7172a5?s=96&d=mm&r=g\",\"contentUrl\":\"https:\\\/\\\/secure.gravatar.com\\\/avatar\\\/82eb951df6110a2c48d1bfa7a67d1ee6f0cd5df3cbf9c3586dd61e82db7172a5?s=96&d=mm&r=g\",\"caption\":\"Claude DAYRES\"},\"url\":\"https:\\\/\\\/jumeaux91.fr\\\/blog\\\/author\\\/x91claude\\\/\"}]}<\/script>\n<!-- \/ Yoast SEO plugin. -->","yoast_head_json":{"title":"Ahmed Sylla et Bertrand Usclat sont \u00ab Jumeaux mais pas trop \u00bb, ce vendredi soir sur M6 - JUMEAUX91","robots":{"index":"index","follow":"follow","max-snippet":"max-snippet:-1","max-image-preview":"max-image-preview:large","max-video-preview":"max-video-preview:-1"},"canonical":"https:\/\/jumeaux91.fr\/blog\/ahmed-sylla-et-bertrand-usclat-sont-jumeaux-mais-pas-trop-ce-vendredi-soir-sur-m6\/","og_locale":"fr_FR","og_type":"article","og_title":"Ahmed Sylla et Bertrand Usclat sont \u00ab Jumeaux mais pas trop \u00bb, ce vendredi soir sur M6 - JUMEAUX91","og_description":"Gr\u00e9goire (Bertrand Usclat) m\u00e8ne une carri\u00e8re en politique apr\u00e8s de brillantes \u00e9tudes, financ\u00e9es par ses parents ais\u00e9s. Anthony (Ahmed Sylla) vit dans les quartiers populaires avec son p\u00e8re adoptif et jongle entre les petits boulots. Par un malencontreux hasard, les deux hommes vont d\u00e9couvrir \u00e0 33 ans qu\u2019ils sont en r\u00e9alit\u00e9 jumeaux, gr\u00e2ce \u00e0 un&hellip; Poursuivre la lecture Ahmed Sylla et Bertrand Usclat sont \u00ab Jumeaux mais pas trop \u00bb, ce vendredi soir sur M6","og_url":"https:\/\/jumeaux91.fr\/blog\/ahmed-sylla-et-bertrand-usclat-sont-jumeaux-mais-pas-trop-ce-vendredi-soir-sur-m6\/","og_site_name":"JUMEAUX91","article_published_time":"2024-08-30T06:00:00+00:00","og_image":[{"url":"https:\/\/jumeaux91.fr\/blog\/wp-content\/uploads\/2024\/09\/ahmed-sylla-et-bertrand-usclat-sont-jumeaux-mais-pas-trop-ce-vendredi-soir-sur-m6.jpg","type":"","width":"","height":""}],"author":"Claude DAYRES","twitter_card":"summary_large_image","twitter_misc":{"\u00c9crit par":"Claude DAYRES","Dur\u00e9e de lecture estim\u00e9e":"2 minutes"},"schema":{"@context":"https:\/\/schema.org","@graph":[{"@type":"Article","@id":"https:\/\/jumeaux91.fr\/blog\/ahmed-sylla-et-bertrand-usclat-sont-jumeaux-mais-pas-trop-ce-vendredi-soir-sur-m6\/#article","isPartOf":{"@id":"https:\/\/jumeaux91.fr\/blog\/ahmed-sylla-et-bertrand-usclat-sont-jumeaux-mais-pas-trop-ce-vendredi-soir-sur-m6\/"},"author":{"name":"Claude DAYRES","@id":"https:\/\/jumeaux91.fr\/blog\/#\/schema\/person\/21da06e9f119b9f64e5d45dbbd32d3fb"},"headline":"Ahmed Sylla et Bertrand Usclat sont \u00ab Jumeaux mais pas trop \u00bb, ce vendredi soir sur M6","datePublished":"2024-08-30T06:00:00+00:00","mainEntityOfPage":{"@id":"https:\/\/jumeaux91.fr\/blog\/ahmed-sylla-et-bertrand-usclat-sont-jumeaux-mais-pas-trop-ce-vendredi-soir-sur-m6\/"},"wordCount":438,"publisher":{"@id":"https:\/\/jumeaux91.fr\/blog\/#organization"},"image":{"@id":"https:\/\/jumeaux91.fr\/blog\/ahmed-sylla-et-bertrand-usclat-sont-jumeaux-mais-pas-trop-ce-vendredi-soir-sur-m6\/#primaryimage"},"thumbnailUrl":"https:\/\/jumeaux91.fr\/blog\/wp-content\/uploads\/2024\/09\/ahmed-sylla-et-bertrand-usclat-sont-jumeaux-mais-pas-trop-ce-vendredi-soir-sur-m6.jpg","articleSection":["Posts Fr\u00e8res Jumeaux De L'Essonnes:"],"inLanguage":"fr-FR"},{"@type":"WebPage","@id":"https:\/\/jumeaux91.fr\/blog\/ahmed-sylla-et-bertrand-usclat-sont-jumeaux-mais-pas-trop-ce-vendredi-soir-sur-m6\/","url":"https:\/\/jumeaux91.fr\/blog\/ahmed-sylla-et-bertrand-usclat-sont-jumeaux-mais-pas-trop-ce-vendredi-soir-sur-m6\/","name":"Ahmed Sylla et Bertrand Usclat sont \u00ab Jumeaux mais pas trop \u00bb, ce vendredi soir sur M6 - JUMEAUX91","isPartOf":{"@id":"https:\/\/jumeaux91.fr\/blog\/#website"},"primaryImageOfPage":{"@id":"https:\/\/jumeaux91.fr\/blog\/ahmed-sylla-et-bertrand-usclat-sont-jumeaux-mais-pas-trop-ce-vendredi-soir-sur-m6\/#primaryimage"},"image":{"@id":"https:\/\/jumeaux91.fr\/blog\/ahmed-sylla-et-bertrand-usclat-sont-jumeaux-mais-pas-trop-ce-vendredi-soir-sur-m6\/#primaryimage"},"thumbnailUrl":"https:\/\/jumeaux91.fr\/blog\/wp-content\/uploads\/2024\/09\/ahmed-sylla-et-bertrand-usclat-sont-jumeaux-mais-pas-trop-ce-vendredi-soir-sur-m6.jpg","datePublished":"2024-08-30T06:00:00+00:00","breadcrumb":{"@id":"https:\/\/jumeaux91.fr\/blog\/ahmed-sylla-et-bertrand-usclat-sont-jumeaux-mais-pas-trop-ce-vendredi-soir-sur-m6\/#breadcrumb"},"inLanguage":"fr-FR","potentialAction":[{"@type":"ReadAction","target":["https:\/\/jumeaux91.fr\/blog\/ahmed-sylla-et-bertrand-usclat-sont-jumeaux-mais-pas-trop-ce-vendredi-soir-sur-m6\/"]}]},{"@type":"ImageObject","inLanguage":"fr-FR","@id":"https:\/\/jumeaux91.fr\/blog\/ahmed-sylla-et-bertrand-usclat-sont-jumeaux-mais-pas-trop-ce-vendredi-soir-sur-m6\/#primaryimage","url":"https:\/\/jumeaux91.fr\/blog\/wp-content\/uploads\/2024\/09\/ahmed-sylla-et-bertrand-usclat-sont-jumeaux-mais-pas-trop-ce-vendredi-soir-sur-m6.jpg","contentUrl":"https:\/\/jumeaux91.fr\/blog\/wp-content\/uploads\/2024\/09\/ahmed-sylla-et-bertrand-usclat-sont-jumeaux-mais-pas-trop-ce-vendredi-soir-sur-m6.jpg","width":1024,"height":598,"caption":"Ahmed Sylla et Bertrand Usclat sont \u00ab Jumeaux mais pas trop \u00bb, ce vendredi soir sur M6"},{"@type":"BreadcrumbList","@id":"https:\/\/jumeaux91.fr\/blog\/ahmed-sylla-et-bertrand-usclat-sont-jumeaux-mais-pas-trop-ce-vendredi-soir-sur-m6\/#breadcrumb","itemListElement":[{"@type":"ListItem","position":1,"name":"Accueil","item":"https:\/\/jumeaux91.fr\/blog\/"},{"@type":"ListItem","position":2,"name":"Ahmed Sylla et Bertrand Usclat sont \u00ab Jumeaux mais pas trop \u00bb, ce vendredi soir sur M6"}]},{"@type":"WebSite","@id":"https:\/\/jumeaux91.fr\/blog\/#website","url":"https:\/\/jumeaux91.fr\/blog\/","name":"JUMEAUX91","description":"Fr\u00e8res jumeaux de l&#039;Essonnes; informations et archives, \u00e0 savoir et retenir.","publisher":{"@id":"https:\/\/jumeaux91.fr\/blog\/#organization"},"potentialAction":[{"@type":"SearchAction","target":{"@type":"EntryPoint","urlTemplate":"https:\/\/jumeaux91.fr\/blog\/?s={search_term_string}"},"query-input":{"@type":"PropertyValueSpecification","valueRequired":true,"valueName":"search_term_string"}}],"inLanguage":"fr-FR"},{"@type":"Organization","@id":"https:\/\/jumeaux91.fr\/blog\/#organization","name":"jumeaux91","url":"https:\/\/jumeaux91.fr\/blog\/","logo":{"@type":"ImageObject","inLanguage":"fr-FR","@id":"https:\/\/jumeaux91.fr\/blog\/#\/schema\/logo\/image\/","url":"https:\/\/jumeaux91.fr\/blog\/wp-content\/uploads\/2023\/05\/cropped-cropped-logoJ_91.png","contentUrl":"https:\/\/jumeaux91.fr\/blog\/wp-content\/uploads\/2023\/05\/cropped-cropped-logoJ_91.png","width":512,"height":512,"caption":"jumeaux91"},"image":{"@id":"https:\/\/jumeaux91.fr\/blog\/#\/schema\/logo\/image\/"}},{"@type":"Person","@id":"https:\/\/jumeaux91.fr\/blog\/#\/schema\/person\/21da06e9f119b9f64e5d45dbbd32d3fb","name":"Claude DAYRES","image":{"@type":"ImageObject","inLanguage":"fr-FR","@id":"https:\/\/secure.gravatar.com\/avatar\/82eb951df6110a2c48d1bfa7a67d1ee6f0cd5df3cbf9c3586dd61e82db7172a5?s=96&d=mm&r=g","url":"https:\/\/secure.gravatar.com\/avatar\/82eb951df6110a2c48d1bfa7a67d1ee6f0cd5df3cbf9c3586dd61e82db7172a5?s=96&d=mm&r=g","contentUrl":"https:\/\/secure.gravatar.com\/avatar\/82eb951df6110a2c48d1bfa7a67d1ee6f0cd5df3cbf9c3586dd61e82db7172a5?s=96&d=mm&r=g","caption":"Claude DAYRES"},"url":"https:\/\/jumeaux91.fr\/blog\/author\/x91claude\/"}]}},"_links":{"self":[{"href":"https:\/\/jumeaux91.fr\/blog\/wp-json\/wp\/v2\/posts\/509","targetHints":{"allow":["GET"]}}],"collection":[{"href":"https:\/\/jumeaux91.fr\/blog\/wp-json\/wp\/v2\/posts"}],"about":[{"href":"https:\/\/jumeaux91.fr\/blog\/wp-json\/wp\/v2\/types\/post"}],"author":[{"embeddable":true,"href":"https:\/\/jumeaux91.fr\/blog\/wp-json\/wp\/v2\/users\/2"}],"replies":[{"embeddable":true,"href":"https:\/\/jumeaux91.fr\/blog\/wp-json\/wp\/v2\/comments?post=509"}],"version-history":[{"count":0,"href":"https:\/\/jumeaux91.fr\/blog\/wp-json\/wp\/v2\/posts\/509\/revisions"}],"wp:featuredmedia":[{"embeddable":true,"href":"https:\/\/jumeaux91.fr\/blog\/wp-json\/wp\/v2\/media\/510"}],"wp:attachment":[{"href":"https:\/\/jumeaux91.fr\/blog\/wp-json\/wp\/v2\/media?parent=509"}],"wp:term":[{"taxonomy":"category","embeddable":true,"href":"https:\/\/jumeaux91.fr\/blog\/wp-json\/wp\/v2\/categories?post=509"},{"taxonomy":"post_tag","embeddable":true,"href":"https:\/\/jumeaux91.fr\/blog\/wp-json\/wp\/v2\/tags?post=509"}],"curies":[{"name":"wp","href":"https:\/\/api.w.org\/{rel}","templated":true}]}}