{"id":692,"date":"2024-09-02T10:20:00","date_gmt":"2024-09-02T08:20:00","guid":{"rendered":"https:\/\/jumeaux91.fr\/blog\/heidi-klum-a-fait-la-fete-en-suisse-avec-bill-et-tom-kaulitz\/"},"modified":"2024-09-02T10:20:00","modified_gmt":"2024-09-02T08:20:00","slug":"heidi-klum-a-fait-la-fete-en-suisse-avec-bill-et-tom-kaulitz","status":"publish","type":"post","link":"https:\/\/jumeaux91.fr\/blog\/heidi-klum-a-fait-la-fete-en-suisse-avec-bill-et-tom-kaulitz\/","title":{"rendered":"Heidi Klum a fait la f\u00eate en Suisse avec Bill et Tom Kaulitz"},"content":{"rendered":"<div>\n<div class=\"insert full force_normal_full_width_mobile\"><img decoding=\"async\" src=\"https:\/\/jumeaux91.fr\/blog\/wp-content\/uploads\/2024\/09\/heidi-klum-a-fait-la-fete-en-suisse-avec-bill-et-tom-kaulitz.png\" width=\"1280\" height=\"720\" alt=\"Heidi Klum a fait la f\u00eate en Suisse avec Bill et Tom Kaulitz\" data-image-id=\"6558543629232464\" class=\"watson-snippet__image bg-light block h-auto w-full \"><\/div>\n<p>Heidi Klum a c\u00e9l\u00e9br\u00e9 l&rsquo;anniversaire des fr\u00e8res Kaulitz au bord du lac de Zurich ce week-end. Une vid\u00e9o montre les jumeaux en compagnie du top model dans un restaurant local.<\/p>\n<div class=\"watson-snippet__shareBubbles mb-8 leading-none md:w-3\/5\">\n<p><span class=\"watson-snippet__shareBubbles__published mr-1 h-2 w-2 bg-contain bg-center\"><\/span>02.09.2024, 16:44<span class=\"watson-snippet__shareBubbles__updated ml-2 mr-1 h-2 w-2 bg-contain bg-center\"><\/span>02.09.2024, 17:21<\/p>\n<\/div>\n<div data-watsui-top-tag-id=\"1682\" data-watsui-ads-allowed=\"true\" class=\"insert side watson-autocontext fr-CH\">\n<div class=\"watson-autocontext__stack\">\n<p>Plus de \u00abDivertissement\u00bb<\/p>\n<\/div>\n<\/div>\n<p class=\"watson-snippet__text my-6 text-[16px] lg:text-[18px] leading-normal md:w-3\/5\">Les jumeaux Kaulitz, Bill et Tom, sont actuellement en Suisse. Vendredi, ils ont enflamm\u00e9 le public du Seaside Festival \u00e0 Spiez avec leur groupe \u00abTokio Hotel\u00bb. <\/p>\n<p class=\"watson-snippet__text my-6 text-[16px] lg:text-[18px] leading-normal md:w-3\/5\">Samedi, le groupe allemand a captiv\u00e9 le public lors des Summerdays \u00e0 Arbon, ville sur la rive sud du Lac de Costance. <strong>La femme de Tom, le top-model Heidi Klum, \u00e2g\u00e9 de 51 ans, \u00e9tait \u00e9galement de la partie.<\/strong><\/p>\n<p class=\"watson-snippet__text my-6 text-[16px] lg:text-[18px] leading-normal md:w-3\/5\">Dans une vid\u00e9o publi\u00e9e dimanche midi, on peut apercevoir Bill, Tom et Heidi <strong>attabl\u00e9s au bord du lac de Zurich. <\/strong><\/p>\n<p class=\"watson-snippet__text my-6 text-[16px] lg:text-[18px] leading-normal md:w-3\/5\"><strong>Le trio f\u00eatait les 35 ans des deux c\u00e9l\u00e8bres fr\u00e8res, qui sont en effet n\u00e9s un 1\u1d49\u02b3 septembre. C<\/strong>omme on peut le voir dans la story Instagram de Heidi, la petite bande s&rsquo;est r\u00e9gal\u00e9e avec un gros g\u00e2teau.<\/p>\n<div class=\"insert\">\n<h4 class=\"watson-snippet__snippet-title font-Onest text-hyphens relative mb-2 text-xl font-bold leading-tight md:text-2xl md:leading-tight\">Heidi et les fr\u00e8res Kaulitz \u00e0 Zurich<\/h4>\n<p><span class=\"watson-snippet__source block text-hyphens text-xxs lowercase italic md:text-xs \">Vid\u00e9o: instagram<\/span><\/p>\n<\/div>\n<p class=\"watson-snippet__text my-6 text-[16px] lg:text-[18px] leading-normal md:w-3\/5\">Ce ne sera pas la derni\u00e8re visite des jumeaux Kaulitz en Suisse. Le 16 mars 2025, ils reviendront \u00e0 Zurich avec \u00abTokio Hotel\u00bb. Ils joueront alors dans le cadre de leur tourn\u00e9e \u00e0 la Halle 622 de Zurich.<\/p>\n<p class=\"watson-snippet__text my-6 text-[16px] lg:text-[18px] leading-normal md:w-3\/5\">(zor) (zueritoday.ch)<\/p>\n<div class=\"insert full\">\n<div class=\"watson-chronicles mb-10\">\n<h4 class=\"watson-snippet__snippet-title font-Onest text-hyphens relative mb-2 text-xl font-bold leading-tight md:text-2xl md:leading-tight\">Chaud devant! Les derni\u00e8res actus people!<\/h4>\n<p><button class=\"ui-appearance-none ui-rounded ui-border-2 ui-border-solid ui-font-NunitoSans ui-text-current ui-font-semibold ui-leading-none ui-text-center ui-cursor-pointer disabled:ui-cursor-auto ui-group ui-bg-watson_base hover:ui-bg-watson_base_hover disabled:ui-bg-grey-20 dark:disabled:ui-bg-black-80 ui-text-white disabled:ui-text-grey-100\/30 ui-h-[46px] ui-flex ui-justify-center ui-items-center ui-gap-3 ui-border-transparent ui-px-8 watson-snippet__button__action\">Montrer tous les articles<\/button><\/p>\n<\/div>\n<\/div>\n<\/div>\n<div>\n<div class=\"watson-recommendation__slideshow insert force_full_width_mobile mb-6\">\n<p>14 films qui auraient \u00e9t\u00e9 tr\u00e8s diff\u00e9rents dans les ann\u00e9es 50<\/p>\n<div class=\"mb-2\">\n<div class=\"watson-slideshow relative md:w-auto\">\n<div class=\"watson-slideshow__caption relative w-full false\">\n<p>1 \/ 21<\/p>\n<div class=\"p-4 md:px-8 md:py-6\">\n<p>14 films qui auraient \u00e9t\u00e9 tr\u00e8s diff\u00e9rents dans les ann\u00e9es 50<\/p>\n<p><span>Star Wars<\/span> <\/p>\n<p>source: facebook\/abandoned films<\/p>\n<div class=\"watson-sharebar__panel__icons flex items-center opacity-50\"><a href=\"https:\/\/www.watson.ch\/fr\/divertissement\/people\/947285278-heidi-klum-a-fait-la-fete-en-suisse-avec-bill-et-tom-kaulitz\" target=\"_blank\" aria-label=\"partager sur Facebook\" class=\"watson-sharebar__panel__icons-fb mr-2\" rel=\"noopener nofollow\"><img decoding=\"async\" src=\"https:\/\/jumeaux91.fr\/blog\/wp-content\/uploads\/2024\/09\/heidi-klum-a-fait-la-fete-en-suisse-avec-bill-et-tom-kaulitz-1.png\" alt=\"partager sur Facebook\" width=\"20\" height=\"20\" loading=\"lazy\" class=\"h-5 w-auto lg:h-4\"><\/a><a href=\"https:\/\/www.watson.ch\/fr\/divertissement\/people\/947285278-heidi-klum-a-fait-la-fete-en-suisse-avec-bill-et-tom-kaulitz\" target=\"_blank\" aria-label=\"partager sur X\" class=\"watson-sharebar__panel__icons-tw mr-2\" rel=\"noopener nofollow\"><img decoding=\"async\" src=\"https:\/\/www.watson.ch\/fr\/_watsui\/static\/img\/socialicons\/icon_filled_x.svg\" alt=\"partager sur X\" width=\"20\" height=\"20\" loading=\"lazy\" class=\"h-4 w-auto lg:h-3\"><\/a><\/div>\n<\/div>\n<\/div>\n<\/div>\n<\/div>\n<\/div>\n<div class=\"watson-recommendation__video insert force_full_width_mobile mb-6\">\n<p>Une centaine de teckels ont pris d&rsquo;assaut Gen\u00e8ve<\/p>\n<p><span class=\"watson-snippet__source block text-hyphens text-xxs lowercase italic md:text-xs \">Video: watson<\/span><\/p>\n<\/div>\n<div class=\"insert full show_overflow random-posts audienzz\">\n<p>Ceci pourrait \u00e9galement vous int\u00e9resser:<\/p>\n<\/div><\/div>\n<div data-next-story-id=\"204280857\">\n<p>Est-ce que vous saviez que Jenna Ortega avait fait ses d\u00e9buts d&rsquo;actrice dans un film Marvel ou qu&rsquo;elle \u00e9tait la premi\u00e8re princesse Disney latina de l\u2019histoire? On vous fait le top 5 des meilleures anecdotes sur la star de <em>Beetlejuice Beetlejuice<\/em>.<\/p>\n<p class=\"watson-snippet__text my-6 text-[16px] lg:text-[18px] leading-normal md:w-3\/5\">Vous ne vous en souvenez peut-\u00eatre pas, mais <strong>Jenna Ortega a fait ses d\u00e9buts au cin\u00e9ma dans <em>Iron Man 3<\/em>.<\/strong> Elle y incarne la fille du vice-pr\u00e9sident des \u00c9tats-Unis. Son r\u00f4le \u00e9tait assez bref, mais il \u00e9tait crucial pour l&rsquo;intrigue du film. Le personnage qu\u2019elle incarne, souffrant d\u2019un handicap, est au c\u0153ur m\u00eame de la trahison de son p\u00e8re, le vice-pr\u00e9sident donc, envers Robert Downey Jr. aka Iron Man.<\/p>\n<div class=\"relative text-center md:w-3\/5\">\n<div class=\"watson-next-story__actionbutton absolute bottom-0 mb-6 w-full\">\n<p>L\u2019article<\/p>\n<\/div>\n<\/div>\n<\/div>\n<p>La chronique se veut g\u00e9n\u00e9r\u00e9e de la fa\u00e7on la plus claire que possible. Dans le cas o\u00f9 vous souhaitez pr\u00e9senter des renseignements compl\u00e9mentaires \u00e0 cet article sur le sujet \u00ab\u00a0Fr\u00e8res jumeaux de l&rsquo;Essonnes\u00a0\u00bb il vous est possible d\u2019\u00e9crire aux contacts indiqu\u00e9s sur notre website. La raison d\u2019\u00eatre de jumeaux91.fr \u00e9tant de rassembler sur le web des posts sur le sujet de Fr\u00e8res jumeaux de l&rsquo;Essonnes puis les diffuser en r\u00e9pondant au mieux aux interrogations des gens. Vous pouvez tirer profit de cet article traitant le sujet \u00ab\u00a0Fr\u00e8res jumeaux de l&rsquo;Essonnes\u00a0\u00bb. Il est concoct\u00e9 par l\u2019\u00e9quipe jumeaux91.fr. Prochainement, nous rendrons accessibles au public d&rsquo;autres informations pertinentes sur le sujet \u00ab\u00a0Fr\u00e8res jumeaux de l&rsquo;Essonnes\u00a0\u00bb. Alors, consultez syst\u00e9matiquement notre blog.<\/p>\n","protected":false},"excerpt":{"rendered":"<p>Heidi Klum a c\u00e9l\u00e9br\u00e9 l&rsquo;anniversaire des fr\u00e8res Kaulitz au bord du lac de Zurich ce week-end. Une vid\u00e9o montre les jumeaux en compagnie du top model dans un restaurant local. 02.09.2024, 16:4402.09.2024, 17:21 Plus de \u00abDivertissement\u00bb Les jumeaux Kaulitz, Bill et Tom, sont actuellement en Suisse. Vendredi, ils ont enflamm\u00e9 le public du Seaside Festival&hellip; <a class=\"more-link\" href=\"https:\/\/jumeaux91.fr\/blog\/heidi-klum-a-fait-la-fete-en-suisse-avec-bill-et-tom-kaulitz\/\">Poursuivre la lecture <span class=\"screen-reader-text\">Heidi Klum a fait la f\u00eate en Suisse avec Bill et Tom Kaulitz<\/span><\/a><\/p>\n","protected":false},"author":2,"featured_media":693,"comment_status":"closed","ping_status":"closed","sticky":false,"template":"","format":"standard","meta":{"footnotes":""},"categories":[4],"tags":[],"class_list":["post-692","post","type-post","status-publish","format-standard","has-post-thumbnail","hentry","category-posts-freres-jumeaux-de-lessonnes","entry"],"yoast_head":"<!-- This site is optimized with the Yoast SEO plugin v27.5 - https:\/\/yoast.com\/product\/yoast-seo-wordpress\/ -->\n<title>Heidi Klum a fait la f\u00eate en Suisse avec Bill et Tom Kaulitz - JUMEAUX91<\/title>\n<meta name=\"robots\" content=\"index, follow, max-snippet:-1, max-image-preview:large, max-video-preview:-1\" \/>\n<link rel=\"canonical\" href=\"https:\/\/jumeaux91.fr\/blog\/heidi-klum-a-fait-la-fete-en-suisse-avec-bill-et-tom-kaulitz\/\" \/>\n<meta property=\"og:locale\" content=\"fr_FR\" \/>\n<meta property=\"og:type\" content=\"article\" \/>\n<meta property=\"og:title\" content=\"Heidi Klum a fait la f\u00eate en Suisse avec Bill et Tom Kaulitz - JUMEAUX91\" \/>\n<meta property=\"og:description\" content=\"Heidi Klum a c\u00e9l\u00e9br\u00e9 l&rsquo;anniversaire des fr\u00e8res Kaulitz au bord du lac de Zurich ce week-end. Une vid\u00e9o montre les jumeaux en compagnie du top model dans un restaurant local. 02.09.2024, 16:4402.09.2024, 17:21 Plus de \u00abDivertissement\u00bb Les jumeaux Kaulitz, Bill et Tom, sont actuellement en Suisse. Vendredi, ils ont enflamm\u00e9 le public du Seaside Festival&hellip; Poursuivre la lecture Heidi Klum a fait la f\u00eate en Suisse avec Bill et Tom Kaulitz\" \/>\n<meta property=\"og:url\" content=\"https:\/\/jumeaux91.fr\/blog\/heidi-klum-a-fait-la-fete-en-suisse-avec-bill-et-tom-kaulitz\/\" \/>\n<meta property=\"og:site_name\" content=\"JUMEAUX91\" \/>\n<meta property=\"article:published_time\" content=\"2024-09-02T08:20:00+00:00\" \/>\n<meta property=\"og:image\" content=\"https:\/\/jumeaux91.fr\/blog\/wp-content\/uploads\/2024\/09\/heidi-klum-a-fait-la-fete-en-suisse-avec-bill-et-tom-kaulitz.png\" \/>\n<meta name=\"author\" content=\"Claude DAYRES\" \/>\n<meta name=\"twitter:card\" content=\"summary_large_image\" \/>\n<meta name=\"twitter:label1\" content=\"\u00c9crit par\" \/>\n\t<meta name=\"twitter:data1\" content=\"Claude DAYRES\" \/>\n\t<meta name=\"twitter:label2\" content=\"Dur\u00e9e de lecture estim\u00e9e\" \/>\n\t<meta name=\"twitter:data2\" content=\"3 minutes\" \/>\n<script type=\"application\/ld+json\" class=\"yoast-schema-graph\">{\"@context\":\"https:\\\/\\\/schema.org\",\"@graph\":[{\"@type\":\"Article\",\"@id\":\"https:\\\/\\\/jumeaux91.fr\\\/blog\\\/heidi-klum-a-fait-la-fete-en-suisse-avec-bill-et-tom-kaulitz\\\/#article\",\"isPartOf\":{\"@id\":\"https:\\\/\\\/jumeaux91.fr\\\/blog\\\/heidi-klum-a-fait-la-fete-en-suisse-avec-bill-et-tom-kaulitz\\\/\"},\"author\":{\"name\":\"Claude DAYRES\",\"@id\":\"https:\\\/\\\/jumeaux91.fr\\\/blog\\\/#\\\/schema\\\/person\\\/21da06e9f119b9f64e5d45dbbd32d3fb\"},\"headline\":\"Heidi Klum a fait la f\u00eate en Suisse avec Bill et Tom Kaulitz\",\"datePublished\":\"2024-09-02T08:20:00+00:00\",\"mainEntityOfPage\":{\"@id\":\"https:\\\/\\\/jumeaux91.fr\\\/blog\\\/heidi-klum-a-fait-la-fete-en-suisse-avec-bill-et-tom-kaulitz\\\/\"},\"wordCount\":555,\"publisher\":{\"@id\":\"https:\\\/\\\/jumeaux91.fr\\\/blog\\\/#organization\"},\"image\":{\"@id\":\"https:\\\/\\\/jumeaux91.fr\\\/blog\\\/heidi-klum-a-fait-la-fete-en-suisse-avec-bill-et-tom-kaulitz\\\/#primaryimage\"},\"thumbnailUrl\":\"https:\\\/\\\/jumeaux91.fr\\\/blog\\\/wp-content\\\/uploads\\\/2024\\\/09\\\/heidi-klum-a-fait-la-fete-en-suisse-avec-bill-et-tom-kaulitz.png\",\"articleSection\":[\"Posts Fr\u00e8res Jumeaux De L'Essonnes:\"],\"inLanguage\":\"fr-FR\"},{\"@type\":\"WebPage\",\"@id\":\"https:\\\/\\\/jumeaux91.fr\\\/blog\\\/heidi-klum-a-fait-la-fete-en-suisse-avec-bill-et-tom-kaulitz\\\/\",\"url\":\"https:\\\/\\\/jumeaux91.fr\\\/blog\\\/heidi-klum-a-fait-la-fete-en-suisse-avec-bill-et-tom-kaulitz\\\/\",\"name\":\"Heidi Klum a fait la f\u00eate en Suisse avec Bill et Tom Kaulitz - JUMEAUX91\",\"isPartOf\":{\"@id\":\"https:\\\/\\\/jumeaux91.fr\\\/blog\\\/#website\"},\"primaryImageOfPage\":{\"@id\":\"https:\\\/\\\/jumeaux91.fr\\\/blog\\\/heidi-klum-a-fait-la-fete-en-suisse-avec-bill-et-tom-kaulitz\\\/#primaryimage\"},\"image\":{\"@id\":\"https:\\\/\\\/jumeaux91.fr\\\/blog\\\/heidi-klum-a-fait-la-fete-en-suisse-avec-bill-et-tom-kaulitz\\\/#primaryimage\"},\"thumbnailUrl\":\"https:\\\/\\\/jumeaux91.fr\\\/blog\\\/wp-content\\\/uploads\\\/2024\\\/09\\\/heidi-klum-a-fait-la-fete-en-suisse-avec-bill-et-tom-kaulitz.png\",\"datePublished\":\"2024-09-02T08:20:00+00:00\",\"breadcrumb\":{\"@id\":\"https:\\\/\\\/jumeaux91.fr\\\/blog\\\/heidi-klum-a-fait-la-fete-en-suisse-avec-bill-et-tom-kaulitz\\\/#breadcrumb\"},\"inLanguage\":\"fr-FR\",\"potentialAction\":[{\"@type\":\"ReadAction\",\"target\":[\"https:\\\/\\\/jumeaux91.fr\\\/blog\\\/heidi-klum-a-fait-la-fete-en-suisse-avec-bill-et-tom-kaulitz\\\/\"]}]},{\"@type\":\"ImageObject\",\"inLanguage\":\"fr-FR\",\"@id\":\"https:\\\/\\\/jumeaux91.fr\\\/blog\\\/heidi-klum-a-fait-la-fete-en-suisse-avec-bill-et-tom-kaulitz\\\/#primaryimage\",\"url\":\"https:\\\/\\\/jumeaux91.fr\\\/blog\\\/wp-content\\\/uploads\\\/2024\\\/09\\\/heidi-klum-a-fait-la-fete-en-suisse-avec-bill-et-tom-kaulitz.png\",\"contentUrl\":\"https:\\\/\\\/jumeaux91.fr\\\/blog\\\/wp-content\\\/uploads\\\/2024\\\/09\\\/heidi-klum-a-fait-la-fete-en-suisse-avec-bill-et-tom-kaulitz.png\",\"width\":873,\"height\":491,\"caption\":\"Heidi Klum a fait la f\u00eate en Suisse avec Bill et Tom Kaulitz\"},{\"@type\":\"BreadcrumbList\",\"@id\":\"https:\\\/\\\/jumeaux91.fr\\\/blog\\\/heidi-klum-a-fait-la-fete-en-suisse-avec-bill-et-tom-kaulitz\\\/#breadcrumb\",\"itemListElement\":[{\"@type\":\"ListItem\",\"position\":1,\"name\":\"Accueil\",\"item\":\"https:\\\/\\\/jumeaux91.fr\\\/blog\\\/\"},{\"@type\":\"ListItem\",\"position\":2,\"name\":\"Heidi Klum a fait la f\u00eate en Suisse avec Bill et Tom Kaulitz\"}]},{\"@type\":\"WebSite\",\"@id\":\"https:\\\/\\\/jumeaux91.fr\\\/blog\\\/#website\",\"url\":\"https:\\\/\\\/jumeaux91.fr\\\/blog\\\/\",\"name\":\"JUMEAUX91\",\"description\":\"Fr\u00e8res jumeaux de l&#039;Essonnes; informations et archives, \u00e0 savoir et retenir.\",\"publisher\":{\"@id\":\"https:\\\/\\\/jumeaux91.fr\\\/blog\\\/#organization\"},\"potentialAction\":[{\"@type\":\"SearchAction\",\"target\":{\"@type\":\"EntryPoint\",\"urlTemplate\":\"https:\\\/\\\/jumeaux91.fr\\\/blog\\\/?s={search_term_string}\"},\"query-input\":{\"@type\":\"PropertyValueSpecification\",\"valueRequired\":true,\"valueName\":\"search_term_string\"}}],\"inLanguage\":\"fr-FR\"},{\"@type\":\"Organization\",\"@id\":\"https:\\\/\\\/jumeaux91.fr\\\/blog\\\/#organization\",\"name\":\"jumeaux91\",\"url\":\"https:\\\/\\\/jumeaux91.fr\\\/blog\\\/\",\"logo\":{\"@type\":\"ImageObject\",\"inLanguage\":\"fr-FR\",\"@id\":\"https:\\\/\\\/jumeaux91.fr\\\/blog\\\/#\\\/schema\\\/logo\\\/image\\\/\",\"url\":\"https:\\\/\\\/jumeaux91.fr\\\/blog\\\/wp-content\\\/uploads\\\/2023\\\/05\\\/cropped-cropped-logoJ_91.png\",\"contentUrl\":\"https:\\\/\\\/jumeaux91.fr\\\/blog\\\/wp-content\\\/uploads\\\/2023\\\/05\\\/cropped-cropped-logoJ_91.png\",\"width\":512,\"height\":512,\"caption\":\"jumeaux91\"},\"image\":{\"@id\":\"https:\\\/\\\/jumeaux91.fr\\\/blog\\\/#\\\/schema\\\/logo\\\/image\\\/\"}},{\"@type\":\"Person\",\"@id\":\"https:\\\/\\\/jumeaux91.fr\\\/blog\\\/#\\\/schema\\\/person\\\/21da06e9f119b9f64e5d45dbbd32d3fb\",\"name\":\"Claude DAYRES\",\"image\":{\"@type\":\"ImageObject\",\"inLanguage\":\"fr-FR\",\"@id\":\"https:\\\/\\\/secure.gravatar.com\\\/avatar\\\/82eb951df6110a2c48d1bfa7a67d1ee6f0cd5df3cbf9c3586dd61e82db7172a5?s=96&d=mm&r=g\",\"url\":\"https:\\\/\\\/secure.gravatar.com\\\/avatar\\\/82eb951df6110a2c48d1bfa7a67d1ee6f0cd5df3cbf9c3586dd61e82db7172a5?s=96&d=mm&r=g\",\"contentUrl\":\"https:\\\/\\\/secure.gravatar.com\\\/avatar\\\/82eb951df6110a2c48d1bfa7a67d1ee6f0cd5df3cbf9c3586dd61e82db7172a5?s=96&d=mm&r=g\",\"caption\":\"Claude DAYRES\"},\"url\":\"https:\\\/\\\/jumeaux91.fr\\\/blog\\\/author\\\/x91claude\\\/\"}]}<\/script>\n<!-- \/ Yoast SEO plugin. -->","yoast_head_json":{"title":"Heidi Klum a fait la f\u00eate en Suisse avec Bill et Tom Kaulitz - JUMEAUX91","robots":{"index":"index","follow":"follow","max-snippet":"max-snippet:-1","max-image-preview":"max-image-preview:large","max-video-preview":"max-video-preview:-1"},"canonical":"https:\/\/jumeaux91.fr\/blog\/heidi-klum-a-fait-la-fete-en-suisse-avec-bill-et-tom-kaulitz\/","og_locale":"fr_FR","og_type":"article","og_title":"Heidi Klum a fait la f\u00eate en Suisse avec Bill et Tom Kaulitz - JUMEAUX91","og_description":"Heidi Klum a c\u00e9l\u00e9br\u00e9 l&rsquo;anniversaire des fr\u00e8res Kaulitz au bord du lac de Zurich ce week-end. Une vid\u00e9o montre les jumeaux en compagnie du top model dans un restaurant local. 02.09.2024, 16:4402.09.2024, 17:21 Plus de \u00abDivertissement\u00bb Les jumeaux Kaulitz, Bill et Tom, sont actuellement en Suisse. Vendredi, ils ont enflamm\u00e9 le public du Seaside Festival&hellip; Poursuivre la lecture Heidi Klum a fait la f\u00eate en Suisse avec Bill et Tom Kaulitz","og_url":"https:\/\/jumeaux91.fr\/blog\/heidi-klum-a-fait-la-fete-en-suisse-avec-bill-et-tom-kaulitz\/","og_site_name":"JUMEAUX91","article_published_time":"2024-09-02T08:20:00+00:00","og_image":[{"url":"https:\/\/jumeaux91.fr\/blog\/wp-content\/uploads\/2024\/09\/heidi-klum-a-fait-la-fete-en-suisse-avec-bill-et-tom-kaulitz.png","type":"","width":"","height":""}],"author":"Claude DAYRES","twitter_card":"summary_large_image","twitter_misc":{"\u00c9crit par":"Claude DAYRES","Dur\u00e9e de lecture estim\u00e9e":"3 minutes"},"schema":{"@context":"https:\/\/schema.org","@graph":[{"@type":"Article","@id":"https:\/\/jumeaux91.fr\/blog\/heidi-klum-a-fait-la-fete-en-suisse-avec-bill-et-tom-kaulitz\/#article","isPartOf":{"@id":"https:\/\/jumeaux91.fr\/blog\/heidi-klum-a-fait-la-fete-en-suisse-avec-bill-et-tom-kaulitz\/"},"author":{"name":"Claude DAYRES","@id":"https:\/\/jumeaux91.fr\/blog\/#\/schema\/person\/21da06e9f119b9f64e5d45dbbd32d3fb"},"headline":"Heidi Klum a fait la f\u00eate en Suisse avec Bill et Tom Kaulitz","datePublished":"2024-09-02T08:20:00+00:00","mainEntityOfPage":{"@id":"https:\/\/jumeaux91.fr\/blog\/heidi-klum-a-fait-la-fete-en-suisse-avec-bill-et-tom-kaulitz\/"},"wordCount":555,"publisher":{"@id":"https:\/\/jumeaux91.fr\/blog\/#organization"},"image":{"@id":"https:\/\/jumeaux91.fr\/blog\/heidi-klum-a-fait-la-fete-en-suisse-avec-bill-et-tom-kaulitz\/#primaryimage"},"thumbnailUrl":"https:\/\/jumeaux91.fr\/blog\/wp-content\/uploads\/2024\/09\/heidi-klum-a-fait-la-fete-en-suisse-avec-bill-et-tom-kaulitz.png","articleSection":["Posts Fr\u00e8res Jumeaux De L'Essonnes:"],"inLanguage":"fr-FR"},{"@type":"WebPage","@id":"https:\/\/jumeaux91.fr\/blog\/heidi-klum-a-fait-la-fete-en-suisse-avec-bill-et-tom-kaulitz\/","url":"https:\/\/jumeaux91.fr\/blog\/heidi-klum-a-fait-la-fete-en-suisse-avec-bill-et-tom-kaulitz\/","name":"Heidi Klum a fait la f\u00eate en Suisse avec Bill et Tom Kaulitz - JUMEAUX91","isPartOf":{"@id":"https:\/\/jumeaux91.fr\/blog\/#website"},"primaryImageOfPage":{"@id":"https:\/\/jumeaux91.fr\/blog\/heidi-klum-a-fait-la-fete-en-suisse-avec-bill-et-tom-kaulitz\/#primaryimage"},"image":{"@id":"https:\/\/jumeaux91.fr\/blog\/heidi-klum-a-fait-la-fete-en-suisse-avec-bill-et-tom-kaulitz\/#primaryimage"},"thumbnailUrl":"https:\/\/jumeaux91.fr\/blog\/wp-content\/uploads\/2024\/09\/heidi-klum-a-fait-la-fete-en-suisse-avec-bill-et-tom-kaulitz.png","datePublished":"2024-09-02T08:20:00+00:00","breadcrumb":{"@id":"https:\/\/jumeaux91.fr\/blog\/heidi-klum-a-fait-la-fete-en-suisse-avec-bill-et-tom-kaulitz\/#breadcrumb"},"inLanguage":"fr-FR","potentialAction":[{"@type":"ReadAction","target":["https:\/\/jumeaux91.fr\/blog\/heidi-klum-a-fait-la-fete-en-suisse-avec-bill-et-tom-kaulitz\/"]}]},{"@type":"ImageObject","inLanguage":"fr-FR","@id":"https:\/\/jumeaux91.fr\/blog\/heidi-klum-a-fait-la-fete-en-suisse-avec-bill-et-tom-kaulitz\/#primaryimage","url":"https:\/\/jumeaux91.fr\/blog\/wp-content\/uploads\/2024\/09\/heidi-klum-a-fait-la-fete-en-suisse-avec-bill-et-tom-kaulitz.png","contentUrl":"https:\/\/jumeaux91.fr\/blog\/wp-content\/uploads\/2024\/09\/heidi-klum-a-fait-la-fete-en-suisse-avec-bill-et-tom-kaulitz.png","width":873,"height":491,"caption":"Heidi Klum a fait la f\u00eate en Suisse avec Bill et Tom Kaulitz"},{"@type":"BreadcrumbList","@id":"https:\/\/jumeaux91.fr\/blog\/heidi-klum-a-fait-la-fete-en-suisse-avec-bill-et-tom-kaulitz\/#breadcrumb","itemListElement":[{"@type":"ListItem","position":1,"name":"Accueil","item":"https:\/\/jumeaux91.fr\/blog\/"},{"@type":"ListItem","position":2,"name":"Heidi Klum a fait la f\u00eate en Suisse avec Bill et Tom Kaulitz"}]},{"@type":"WebSite","@id":"https:\/\/jumeaux91.fr\/blog\/#website","url":"https:\/\/jumeaux91.fr\/blog\/","name":"JUMEAUX91","description":"Fr\u00e8res jumeaux de l&#039;Essonnes; informations et archives, \u00e0 savoir et retenir.","publisher":{"@id":"https:\/\/jumeaux91.fr\/blog\/#organization"},"potentialAction":[{"@type":"SearchAction","target":{"@type":"EntryPoint","urlTemplate":"https:\/\/jumeaux91.fr\/blog\/?s={search_term_string}"},"query-input":{"@type":"PropertyValueSpecification","valueRequired":true,"valueName":"search_term_string"}}],"inLanguage":"fr-FR"},{"@type":"Organization","@id":"https:\/\/jumeaux91.fr\/blog\/#organization","name":"jumeaux91","url":"https:\/\/jumeaux91.fr\/blog\/","logo":{"@type":"ImageObject","inLanguage":"fr-FR","@id":"https:\/\/jumeaux91.fr\/blog\/#\/schema\/logo\/image\/","url":"https:\/\/jumeaux91.fr\/blog\/wp-content\/uploads\/2023\/05\/cropped-cropped-logoJ_91.png","contentUrl":"https:\/\/jumeaux91.fr\/blog\/wp-content\/uploads\/2023\/05\/cropped-cropped-logoJ_91.png","width":512,"height":512,"caption":"jumeaux91"},"image":{"@id":"https:\/\/jumeaux91.fr\/blog\/#\/schema\/logo\/image\/"}},{"@type":"Person","@id":"https:\/\/jumeaux91.fr\/blog\/#\/schema\/person\/21da06e9f119b9f64e5d45dbbd32d3fb","name":"Claude DAYRES","image":{"@type":"ImageObject","inLanguage":"fr-FR","@id":"https:\/\/secure.gravatar.com\/avatar\/82eb951df6110a2c48d1bfa7a67d1ee6f0cd5df3cbf9c3586dd61e82db7172a5?s=96&d=mm&r=g","url":"https:\/\/secure.gravatar.com\/avatar\/82eb951df6110a2c48d1bfa7a67d1ee6f0cd5df3cbf9c3586dd61e82db7172a5?s=96&d=mm&r=g","contentUrl":"https:\/\/secure.gravatar.com\/avatar\/82eb951df6110a2c48d1bfa7a67d1ee6f0cd5df3cbf9c3586dd61e82db7172a5?s=96&d=mm&r=g","caption":"Claude DAYRES"},"url":"https:\/\/jumeaux91.fr\/blog\/author\/x91claude\/"}]}},"_links":{"self":[{"href":"https:\/\/jumeaux91.fr\/blog\/wp-json\/wp\/v2\/posts\/692","targetHints":{"allow":["GET"]}}],"collection":[{"href":"https:\/\/jumeaux91.fr\/blog\/wp-json\/wp\/v2\/posts"}],"about":[{"href":"https:\/\/jumeaux91.fr\/blog\/wp-json\/wp\/v2\/types\/post"}],"author":[{"embeddable":true,"href":"https:\/\/jumeaux91.fr\/blog\/wp-json\/wp\/v2\/users\/2"}],"replies":[{"embeddable":true,"href":"https:\/\/jumeaux91.fr\/blog\/wp-json\/wp\/v2\/comments?post=692"}],"version-history":[{"count":0,"href":"https:\/\/jumeaux91.fr\/blog\/wp-json\/wp\/v2\/posts\/692\/revisions"}],"wp:featuredmedia":[{"embeddable":true,"href":"https:\/\/jumeaux91.fr\/blog\/wp-json\/wp\/v2\/media\/693"}],"wp:attachment":[{"href":"https:\/\/jumeaux91.fr\/blog\/wp-json\/wp\/v2\/media?parent=692"}],"wp:term":[{"taxonomy":"category","embeddable":true,"href":"https:\/\/jumeaux91.fr\/blog\/wp-json\/wp\/v2\/categories?post=692"},{"taxonomy":"post_tag","embeddable":true,"href":"https:\/\/jumeaux91.fr\/blog\/wp-json\/wp\/v2\/tags?post=692"}],"curies":[{"name":"wp","href":"https:\/\/api.w.org\/{rel}","templated":true}]}}