{"id":697,"date":"2024-09-10T06:06:00","date_gmt":"2024-09-10T04:06:00","guid":{"rendered":"https:\/\/jumeaux91.fr\/blog\/les-jumeaux-martinez-au-mondial-avec-le-paraguay-avant-de-rejoindre-le-bethune-essars-futsal\/"},"modified":"2024-09-10T06:06:00","modified_gmt":"2024-09-10T04:06:00","slug":"les-jumeaux-martinez-au-mondial-avec-le-paraguay-avant-de-rejoindre-le-bethune-essars-futsal","status":"publish","type":"post","link":"https:\/\/jumeaux91.fr\/blog\/les-jumeaux-martinez-au-mondial-avec-le-paraguay-avant-de-rejoindre-le-bethune-essars-futsal\/","title":{"rendered":"Les jumeaux Martinez au Mondial avec le Paraguay avant de rejoindre le B\u00e9thune Essars Futsal"},"content":{"rendered":"<div><img decoding=\"async\" src=\"https:\/\/jumeaux91.fr\/blog\/wp-content\/uploads\/2024\/09\/les-jumeaux-martinez-au-mondial-avec-le-paraguay-avant-de-rejoindre-le-bethune-essars-futsal.jpg\" class=\"ff-og-image-inserted\"><\/div>\n<p>Les fr\u00e8res jumeaux Hugo Martinez (ailier) et Francisco Martinez (ailier-pivot), internationaux paraguayens, vont venir renforcer le <a href=\"https:\/\/www.lavoixdunord.fr\/1477421\/article\/2024-06-27\/sicomment-bethune-futsal\" target=\"_blank\" rel=\"noopener nofollow\">B\u00e9thune Essars Futsal<\/a>. Mais avant de rejoindre B\u00e9thune, les deux joueurs \u00e2g\u00e9s de 31 ans vont participer \u00e0 la Coupe du monde avec leur pays, du 14 septembre au 6 octobre 2024 (Ouzb\u00e9kistan).<\/p>\n<p><!-- \/\/ builder=DFPTagBuilder, site=LAVOIXDUNORDENG, pageType=node, context=\/Sections\/Hauts-de-France\/B\u00e9thune - Bruay, position=article_article, edition=, domain=www.lavoixdunord.fr --> <!-- \/\/ builder=DFPTagBuilder, site=LAVOIXDUNORDENG, pageType=node, context=\/Sections\/Hauts-de-France\/B\u00e9thune - Bruay, position=article_article, edition=, domain=www.lavoixdunord.fr --> <\/p>\n<h2 class=\"sub-head\">\u00ab&nbsp;Un effectif de D1&nbsp;\u00bb<\/h2>\n<p>L\u2019\u00e9quipe b\u00e9thunoise, <a href=\"https:\/\/m.facebook.com\/story.php\/?story_fbid=949789113814611&amp;id=100063505933024\" target=\"_blank\" rel=\"noopener nofollow\">rel\u00e9gu\u00e9e en D2<\/a> la saison derni\u00e8re, a conserv\u00e9 un groupe tr\u00e8s solide et \u00e9voluera \u00ab&nbsp;<em>avec un effectif de D1<\/em>&nbsp;\u00bb. Avec l\u2019objectif de remonter dans l\u2019\u00e9lite d\u2019ici deux ans. Pour cause de Coupe du monde justement, la reprise du championnat a \u00e9t\u00e9 d\u00e9cal\u00e9e. Pour le club d\u00e9sormais fusionn\u00e9 avec Essars, la saison d\u00e9butera le samedi 12 octobre avec un d\u00e9placement \u00e0 Reims.<\/p>\n<p>La chronique se veut g\u00e9n\u00e9r\u00e9e de la fa\u00e7on la plus claire que possible. Dans le cas o\u00f9 vous souhaitez pr\u00e9senter des renseignements compl\u00e9mentaires \u00e0 cet article sur le sujet \u00ab\u00a0Fr\u00e8res jumeaux de l&rsquo;Essonnes\u00a0\u00bb il vous est possible d\u2019\u00e9crire aux contacts indiqu\u00e9s sur notre website. La raison d\u2019\u00eatre de jumeaux91.fr \u00e9tant de rassembler sur le web des posts sur le sujet de Fr\u00e8res jumeaux de l&rsquo;Essonnes puis les diffuser en r\u00e9pondant au mieux aux interrogations des gens. Vous pouvez tirer profit de cet article traitant le sujet \u00ab\u00a0Fr\u00e8res jumeaux de l&rsquo;Essonnes\u00a0\u00bb. Il est concoct\u00e9 par l\u2019\u00e9quipe jumeaux91.fr. Prochainement, nous rendrons accessibles au public d&rsquo;autres informations pertinentes sur le sujet \u00ab\u00a0Fr\u00e8res jumeaux de l&rsquo;Essonnes\u00a0\u00bb. Alors, consultez syst\u00e9matiquement notre blog.<\/p>\n","protected":false},"excerpt":{"rendered":"<p>Les fr\u00e8res jumeaux Hugo Martinez (ailier) et Francisco Martinez (ailier-pivot), internationaux paraguayens, vont venir renforcer le B\u00e9thune Essars Futsal. Mais avant de rejoindre B\u00e9thune, les deux joueurs \u00e2g\u00e9s de 31 ans vont participer \u00e0 la Coupe du monde avec leur pays, du 14 septembre au 6 octobre 2024 (Ouzb\u00e9kistan). \u00ab&nbsp;Un effectif de D1&nbsp;\u00bb L\u2019\u00e9quipe b\u00e9thunoise,&hellip; <a class=\"more-link\" href=\"https:\/\/jumeaux91.fr\/blog\/les-jumeaux-martinez-au-mondial-avec-le-paraguay-avant-de-rejoindre-le-bethune-essars-futsal\/\">Poursuivre la lecture <span class=\"screen-reader-text\">Les jumeaux Martinez au Mondial avec le Paraguay avant de rejoindre le B\u00e9thune Essars Futsal<\/span><\/a><\/p>\n","protected":false},"author":2,"featured_media":698,"comment_status":"closed","ping_status":"closed","sticky":false,"template":"","format":"standard","meta":{"footnotes":""},"categories":[4],"tags":[],"class_list":["post-697","post","type-post","status-publish","format-standard","has-post-thumbnail","hentry","category-posts-freres-jumeaux-de-lessonnes","entry"],"yoast_head":"<!-- This site is optimized with the Yoast SEO plugin v27.5 - https:\/\/yoast.com\/product\/yoast-seo-wordpress\/ -->\n<title>Les jumeaux Martinez au Mondial avec le Paraguay avant de rejoindre le B\u00e9thune Essars Futsal - JUMEAUX91<\/title>\n<meta name=\"robots\" content=\"index, follow, max-snippet:-1, max-image-preview:large, max-video-preview:-1\" \/>\n<link rel=\"canonical\" href=\"https:\/\/jumeaux91.fr\/blog\/les-jumeaux-martinez-au-mondial-avec-le-paraguay-avant-de-rejoindre-le-bethune-essars-futsal\/\" \/>\n<meta property=\"og:locale\" content=\"fr_FR\" \/>\n<meta property=\"og:type\" content=\"article\" \/>\n<meta property=\"og:title\" content=\"Les jumeaux Martinez au Mondial avec le Paraguay avant de rejoindre le B\u00e9thune Essars Futsal - JUMEAUX91\" \/>\n<meta property=\"og:description\" content=\"Les fr\u00e8res jumeaux Hugo Martinez (ailier) et Francisco Martinez (ailier-pivot), internationaux paraguayens, vont venir renforcer le B\u00e9thune Essars Futsal. Mais avant de rejoindre B\u00e9thune, les deux joueurs \u00e2g\u00e9s de 31 ans vont participer \u00e0 la Coupe du monde avec leur pays, du 14 septembre au 6 octobre 2024 (Ouzb\u00e9kistan). \u00ab&nbsp;Un effectif de D1&nbsp;\u00bb L\u2019\u00e9quipe b\u00e9thunoise,&hellip; Poursuivre la lecture Les jumeaux Martinez au Mondial avec le Paraguay avant de rejoindre le B\u00e9thune Essars Futsal\" \/>\n<meta property=\"og:url\" content=\"https:\/\/jumeaux91.fr\/blog\/les-jumeaux-martinez-au-mondial-avec-le-paraguay-avant-de-rejoindre-le-bethune-essars-futsal\/\" \/>\n<meta property=\"og:site_name\" content=\"JUMEAUX91\" \/>\n<meta property=\"article:published_time\" content=\"2024-09-10T04:06:00+00:00\" \/>\n<meta property=\"og:image\" content=\"https:\/\/jumeaux91.fr\/blog\/wp-content\/uploads\/2024\/09\/les-jumeaux-martinez-au-mondial-avec-le-paraguay-avant-de-rejoindre-le-bethune-essars-futsal.jpg\" \/>\n<meta name=\"author\" content=\"Claude DAYRES\" \/>\n<meta name=\"twitter:card\" content=\"summary_large_image\" \/>\n<meta name=\"twitter:label1\" content=\"\u00c9crit par\" \/>\n\t<meta name=\"twitter:data1\" content=\"Claude DAYRES\" \/>\n\t<meta name=\"twitter:label2\" content=\"Dur\u00e9e de lecture estim\u00e9e\" \/>\n\t<meta name=\"twitter:data2\" content=\"1 minute\" \/>\n<script type=\"application\/ld+json\" class=\"yoast-schema-graph\">{\"@context\":\"https:\\\/\\\/schema.org\",\"@graph\":[{\"@type\":\"Article\",\"@id\":\"https:\\\/\\\/jumeaux91.fr\\\/blog\\\/les-jumeaux-martinez-au-mondial-avec-le-paraguay-avant-de-rejoindre-le-bethune-essars-futsal\\\/#article\",\"isPartOf\":{\"@id\":\"https:\\\/\\\/jumeaux91.fr\\\/blog\\\/les-jumeaux-martinez-au-mondial-avec-le-paraguay-avant-de-rejoindre-le-bethune-essars-futsal\\\/\"},\"author\":{\"name\":\"Claude DAYRES\",\"@id\":\"https:\\\/\\\/jumeaux91.fr\\\/blog\\\/#\\\/schema\\\/person\\\/21da06e9f119b9f64e5d45dbbd32d3fb\"},\"headline\":\"Les jumeaux Martinez au Mondial avec le Paraguay avant de rejoindre le B\u00e9thune Essars Futsal\",\"datePublished\":\"2024-09-10T04:06:00+00:00\",\"mainEntityOfPage\":{\"@id\":\"https:\\\/\\\/jumeaux91.fr\\\/blog\\\/les-jumeaux-martinez-au-mondial-avec-le-paraguay-avant-de-rejoindre-le-bethune-essars-futsal\\\/\"},\"wordCount\":287,\"publisher\":{\"@id\":\"https:\\\/\\\/jumeaux91.fr\\\/blog\\\/#organization\"},\"image\":{\"@id\":\"https:\\\/\\\/jumeaux91.fr\\\/blog\\\/les-jumeaux-martinez-au-mondial-avec-le-paraguay-avant-de-rejoindre-le-bethune-essars-futsal\\\/#primaryimage\"},\"thumbnailUrl\":\"https:\\\/\\\/jumeaux91.fr\\\/blog\\\/wp-content\\\/uploads\\\/2024\\\/09\\\/les-jumeaux-martinez-au-mondial-avec-le-paraguay-avant-de-rejoindre-le-bethune-essars-futsal.jpg\",\"articleSection\":[\"Posts Fr\u00e8res Jumeaux De L'Essonnes:\"],\"inLanguage\":\"fr-FR\"},{\"@type\":\"WebPage\",\"@id\":\"https:\\\/\\\/jumeaux91.fr\\\/blog\\\/les-jumeaux-martinez-au-mondial-avec-le-paraguay-avant-de-rejoindre-le-bethune-essars-futsal\\\/\",\"url\":\"https:\\\/\\\/jumeaux91.fr\\\/blog\\\/les-jumeaux-martinez-au-mondial-avec-le-paraguay-avant-de-rejoindre-le-bethune-essars-futsal\\\/\",\"name\":\"Les jumeaux Martinez au Mondial avec le Paraguay avant de rejoindre le B\u00e9thune Essars Futsal - JUMEAUX91\",\"isPartOf\":{\"@id\":\"https:\\\/\\\/jumeaux91.fr\\\/blog\\\/#website\"},\"primaryImageOfPage\":{\"@id\":\"https:\\\/\\\/jumeaux91.fr\\\/blog\\\/les-jumeaux-martinez-au-mondial-avec-le-paraguay-avant-de-rejoindre-le-bethune-essars-futsal\\\/#primaryimage\"},\"image\":{\"@id\":\"https:\\\/\\\/jumeaux91.fr\\\/blog\\\/les-jumeaux-martinez-au-mondial-avec-le-paraguay-avant-de-rejoindre-le-bethune-essars-futsal\\\/#primaryimage\"},\"thumbnailUrl\":\"https:\\\/\\\/jumeaux91.fr\\\/blog\\\/wp-content\\\/uploads\\\/2024\\\/09\\\/les-jumeaux-martinez-au-mondial-avec-le-paraguay-avant-de-rejoindre-le-bethune-essars-futsal.jpg\",\"datePublished\":\"2024-09-10T04:06:00+00:00\",\"breadcrumb\":{\"@id\":\"https:\\\/\\\/jumeaux91.fr\\\/blog\\\/les-jumeaux-martinez-au-mondial-avec-le-paraguay-avant-de-rejoindre-le-bethune-essars-futsal\\\/#breadcrumb\"},\"inLanguage\":\"fr-FR\",\"potentialAction\":[{\"@type\":\"ReadAction\",\"target\":[\"https:\\\/\\\/jumeaux91.fr\\\/blog\\\/les-jumeaux-martinez-au-mondial-avec-le-paraguay-avant-de-rejoindre-le-bethune-essars-futsal\\\/\"]}]},{\"@type\":\"ImageObject\",\"inLanguage\":\"fr-FR\",\"@id\":\"https:\\\/\\\/jumeaux91.fr\\\/blog\\\/les-jumeaux-martinez-au-mondial-avec-le-paraguay-avant-de-rejoindre-le-bethune-essars-futsal\\\/#primaryimage\",\"url\":\"https:\\\/\\\/jumeaux91.fr\\\/blog\\\/wp-content\\\/uploads\\\/2024\\\/09\\\/les-jumeaux-martinez-au-mondial-avec-le-paraguay-avant-de-rejoindre-le-bethune-essars-futsal.jpg\",\"contentUrl\":\"https:\\\/\\\/jumeaux91.fr\\\/blog\\\/wp-content\\\/uploads\\\/2024\\\/09\\\/les-jumeaux-martinez-au-mondial-avec-le-paraguay-avant-de-rejoindre-le-bethune-essars-futsal.jpg\",\"width\":1350,\"height\":759,\"caption\":\"Les jumeaux Martinez au Mondial avec le Paraguay avant de rejoindre le B\u00e9thune Essars Futsal\"},{\"@type\":\"BreadcrumbList\",\"@id\":\"https:\\\/\\\/jumeaux91.fr\\\/blog\\\/les-jumeaux-martinez-au-mondial-avec-le-paraguay-avant-de-rejoindre-le-bethune-essars-futsal\\\/#breadcrumb\",\"itemListElement\":[{\"@type\":\"ListItem\",\"position\":1,\"name\":\"Accueil\",\"item\":\"https:\\\/\\\/jumeaux91.fr\\\/blog\\\/\"},{\"@type\":\"ListItem\",\"position\":2,\"name\":\"Les jumeaux Martinez au Mondial avec le Paraguay avant de rejoindre le B\u00e9thune Essars Futsal\"}]},{\"@type\":\"WebSite\",\"@id\":\"https:\\\/\\\/jumeaux91.fr\\\/blog\\\/#website\",\"url\":\"https:\\\/\\\/jumeaux91.fr\\\/blog\\\/\",\"name\":\"JUMEAUX91\",\"description\":\"Fr\u00e8res jumeaux de l&#039;Essonnes; informations et archives, \u00e0 savoir et retenir.\",\"publisher\":{\"@id\":\"https:\\\/\\\/jumeaux91.fr\\\/blog\\\/#organization\"},\"potentialAction\":[{\"@type\":\"SearchAction\",\"target\":{\"@type\":\"EntryPoint\",\"urlTemplate\":\"https:\\\/\\\/jumeaux91.fr\\\/blog\\\/?s={search_term_string}\"},\"query-input\":{\"@type\":\"PropertyValueSpecification\",\"valueRequired\":true,\"valueName\":\"search_term_string\"}}],\"inLanguage\":\"fr-FR\"},{\"@type\":\"Organization\",\"@id\":\"https:\\\/\\\/jumeaux91.fr\\\/blog\\\/#organization\",\"name\":\"jumeaux91\",\"url\":\"https:\\\/\\\/jumeaux91.fr\\\/blog\\\/\",\"logo\":{\"@type\":\"ImageObject\",\"inLanguage\":\"fr-FR\",\"@id\":\"https:\\\/\\\/jumeaux91.fr\\\/blog\\\/#\\\/schema\\\/logo\\\/image\\\/\",\"url\":\"https:\\\/\\\/jumeaux91.fr\\\/blog\\\/wp-content\\\/uploads\\\/2023\\\/05\\\/cropped-cropped-logoJ_91.png\",\"contentUrl\":\"https:\\\/\\\/jumeaux91.fr\\\/blog\\\/wp-content\\\/uploads\\\/2023\\\/05\\\/cropped-cropped-logoJ_91.png\",\"width\":512,\"height\":512,\"caption\":\"jumeaux91\"},\"image\":{\"@id\":\"https:\\\/\\\/jumeaux91.fr\\\/blog\\\/#\\\/schema\\\/logo\\\/image\\\/\"}},{\"@type\":\"Person\",\"@id\":\"https:\\\/\\\/jumeaux91.fr\\\/blog\\\/#\\\/schema\\\/person\\\/21da06e9f119b9f64e5d45dbbd32d3fb\",\"name\":\"Claude DAYRES\",\"image\":{\"@type\":\"ImageObject\",\"inLanguage\":\"fr-FR\",\"@id\":\"https:\\\/\\\/secure.gravatar.com\\\/avatar\\\/82eb951df6110a2c48d1bfa7a67d1ee6f0cd5df3cbf9c3586dd61e82db7172a5?s=96&d=mm&r=g\",\"url\":\"https:\\\/\\\/secure.gravatar.com\\\/avatar\\\/82eb951df6110a2c48d1bfa7a67d1ee6f0cd5df3cbf9c3586dd61e82db7172a5?s=96&d=mm&r=g\",\"contentUrl\":\"https:\\\/\\\/secure.gravatar.com\\\/avatar\\\/82eb951df6110a2c48d1bfa7a67d1ee6f0cd5df3cbf9c3586dd61e82db7172a5?s=96&d=mm&r=g\",\"caption\":\"Claude DAYRES\"},\"url\":\"https:\\\/\\\/jumeaux91.fr\\\/blog\\\/author\\\/x91claude\\\/\"}]}<\/script>\n<!-- \/ Yoast SEO plugin. -->","yoast_head_json":{"title":"Les jumeaux Martinez au Mondial avec le Paraguay avant de rejoindre le B\u00e9thune Essars Futsal - JUMEAUX91","robots":{"index":"index","follow":"follow","max-snippet":"max-snippet:-1","max-image-preview":"max-image-preview:large","max-video-preview":"max-video-preview:-1"},"canonical":"https:\/\/jumeaux91.fr\/blog\/les-jumeaux-martinez-au-mondial-avec-le-paraguay-avant-de-rejoindre-le-bethune-essars-futsal\/","og_locale":"fr_FR","og_type":"article","og_title":"Les jumeaux Martinez au Mondial avec le Paraguay avant de rejoindre le B\u00e9thune Essars Futsal - JUMEAUX91","og_description":"Les fr\u00e8res jumeaux Hugo Martinez (ailier) et Francisco Martinez (ailier-pivot), internationaux paraguayens, vont venir renforcer le B\u00e9thune Essars Futsal. Mais avant de rejoindre B\u00e9thune, les deux joueurs \u00e2g\u00e9s de 31 ans vont participer \u00e0 la Coupe du monde avec leur pays, du 14 septembre au 6 octobre 2024 (Ouzb\u00e9kistan). \u00ab&nbsp;Un effectif de D1&nbsp;\u00bb L\u2019\u00e9quipe b\u00e9thunoise,&hellip; Poursuivre la lecture Les jumeaux Martinez au Mondial avec le Paraguay avant de rejoindre le B\u00e9thune Essars Futsal","og_url":"https:\/\/jumeaux91.fr\/blog\/les-jumeaux-martinez-au-mondial-avec-le-paraguay-avant-de-rejoindre-le-bethune-essars-futsal\/","og_site_name":"JUMEAUX91","article_published_time":"2024-09-10T04:06:00+00:00","og_image":[{"url":"https:\/\/jumeaux91.fr\/blog\/wp-content\/uploads\/2024\/09\/les-jumeaux-martinez-au-mondial-avec-le-paraguay-avant-de-rejoindre-le-bethune-essars-futsal.jpg","type":"","width":"","height":""}],"author":"Claude DAYRES","twitter_card":"summary_large_image","twitter_misc":{"\u00c9crit par":"Claude DAYRES","Dur\u00e9e de lecture estim\u00e9e":"1 minute"},"schema":{"@context":"https:\/\/schema.org","@graph":[{"@type":"Article","@id":"https:\/\/jumeaux91.fr\/blog\/les-jumeaux-martinez-au-mondial-avec-le-paraguay-avant-de-rejoindre-le-bethune-essars-futsal\/#article","isPartOf":{"@id":"https:\/\/jumeaux91.fr\/blog\/les-jumeaux-martinez-au-mondial-avec-le-paraguay-avant-de-rejoindre-le-bethune-essars-futsal\/"},"author":{"name":"Claude DAYRES","@id":"https:\/\/jumeaux91.fr\/blog\/#\/schema\/person\/21da06e9f119b9f64e5d45dbbd32d3fb"},"headline":"Les jumeaux Martinez au Mondial avec le Paraguay avant de rejoindre le B\u00e9thune Essars Futsal","datePublished":"2024-09-10T04:06:00+00:00","mainEntityOfPage":{"@id":"https:\/\/jumeaux91.fr\/blog\/les-jumeaux-martinez-au-mondial-avec-le-paraguay-avant-de-rejoindre-le-bethune-essars-futsal\/"},"wordCount":287,"publisher":{"@id":"https:\/\/jumeaux91.fr\/blog\/#organization"},"image":{"@id":"https:\/\/jumeaux91.fr\/blog\/les-jumeaux-martinez-au-mondial-avec-le-paraguay-avant-de-rejoindre-le-bethune-essars-futsal\/#primaryimage"},"thumbnailUrl":"https:\/\/jumeaux91.fr\/blog\/wp-content\/uploads\/2024\/09\/les-jumeaux-martinez-au-mondial-avec-le-paraguay-avant-de-rejoindre-le-bethune-essars-futsal.jpg","articleSection":["Posts Fr\u00e8res Jumeaux De L'Essonnes:"],"inLanguage":"fr-FR"},{"@type":"WebPage","@id":"https:\/\/jumeaux91.fr\/blog\/les-jumeaux-martinez-au-mondial-avec-le-paraguay-avant-de-rejoindre-le-bethune-essars-futsal\/","url":"https:\/\/jumeaux91.fr\/blog\/les-jumeaux-martinez-au-mondial-avec-le-paraguay-avant-de-rejoindre-le-bethune-essars-futsal\/","name":"Les jumeaux Martinez au Mondial avec le Paraguay avant de rejoindre le B\u00e9thune Essars Futsal - JUMEAUX91","isPartOf":{"@id":"https:\/\/jumeaux91.fr\/blog\/#website"},"primaryImageOfPage":{"@id":"https:\/\/jumeaux91.fr\/blog\/les-jumeaux-martinez-au-mondial-avec-le-paraguay-avant-de-rejoindre-le-bethune-essars-futsal\/#primaryimage"},"image":{"@id":"https:\/\/jumeaux91.fr\/blog\/les-jumeaux-martinez-au-mondial-avec-le-paraguay-avant-de-rejoindre-le-bethune-essars-futsal\/#primaryimage"},"thumbnailUrl":"https:\/\/jumeaux91.fr\/blog\/wp-content\/uploads\/2024\/09\/les-jumeaux-martinez-au-mondial-avec-le-paraguay-avant-de-rejoindre-le-bethune-essars-futsal.jpg","datePublished":"2024-09-10T04:06:00+00:00","breadcrumb":{"@id":"https:\/\/jumeaux91.fr\/blog\/les-jumeaux-martinez-au-mondial-avec-le-paraguay-avant-de-rejoindre-le-bethune-essars-futsal\/#breadcrumb"},"inLanguage":"fr-FR","potentialAction":[{"@type":"ReadAction","target":["https:\/\/jumeaux91.fr\/blog\/les-jumeaux-martinez-au-mondial-avec-le-paraguay-avant-de-rejoindre-le-bethune-essars-futsal\/"]}]},{"@type":"ImageObject","inLanguage":"fr-FR","@id":"https:\/\/jumeaux91.fr\/blog\/les-jumeaux-martinez-au-mondial-avec-le-paraguay-avant-de-rejoindre-le-bethune-essars-futsal\/#primaryimage","url":"https:\/\/jumeaux91.fr\/blog\/wp-content\/uploads\/2024\/09\/les-jumeaux-martinez-au-mondial-avec-le-paraguay-avant-de-rejoindre-le-bethune-essars-futsal.jpg","contentUrl":"https:\/\/jumeaux91.fr\/blog\/wp-content\/uploads\/2024\/09\/les-jumeaux-martinez-au-mondial-avec-le-paraguay-avant-de-rejoindre-le-bethune-essars-futsal.jpg","width":1350,"height":759,"caption":"Les jumeaux Martinez au Mondial avec le Paraguay avant de rejoindre le B\u00e9thune Essars Futsal"},{"@type":"BreadcrumbList","@id":"https:\/\/jumeaux91.fr\/blog\/les-jumeaux-martinez-au-mondial-avec-le-paraguay-avant-de-rejoindre-le-bethune-essars-futsal\/#breadcrumb","itemListElement":[{"@type":"ListItem","position":1,"name":"Accueil","item":"https:\/\/jumeaux91.fr\/blog\/"},{"@type":"ListItem","position":2,"name":"Les jumeaux Martinez au Mondial avec le Paraguay avant de rejoindre le B\u00e9thune Essars Futsal"}]},{"@type":"WebSite","@id":"https:\/\/jumeaux91.fr\/blog\/#website","url":"https:\/\/jumeaux91.fr\/blog\/","name":"JUMEAUX91","description":"Fr\u00e8res jumeaux de l&#039;Essonnes; informations et archives, \u00e0 savoir et retenir.","publisher":{"@id":"https:\/\/jumeaux91.fr\/blog\/#organization"},"potentialAction":[{"@type":"SearchAction","target":{"@type":"EntryPoint","urlTemplate":"https:\/\/jumeaux91.fr\/blog\/?s={search_term_string}"},"query-input":{"@type":"PropertyValueSpecification","valueRequired":true,"valueName":"search_term_string"}}],"inLanguage":"fr-FR"},{"@type":"Organization","@id":"https:\/\/jumeaux91.fr\/blog\/#organization","name":"jumeaux91","url":"https:\/\/jumeaux91.fr\/blog\/","logo":{"@type":"ImageObject","inLanguage":"fr-FR","@id":"https:\/\/jumeaux91.fr\/blog\/#\/schema\/logo\/image\/","url":"https:\/\/jumeaux91.fr\/blog\/wp-content\/uploads\/2023\/05\/cropped-cropped-logoJ_91.png","contentUrl":"https:\/\/jumeaux91.fr\/blog\/wp-content\/uploads\/2023\/05\/cropped-cropped-logoJ_91.png","width":512,"height":512,"caption":"jumeaux91"},"image":{"@id":"https:\/\/jumeaux91.fr\/blog\/#\/schema\/logo\/image\/"}},{"@type":"Person","@id":"https:\/\/jumeaux91.fr\/blog\/#\/schema\/person\/21da06e9f119b9f64e5d45dbbd32d3fb","name":"Claude DAYRES","image":{"@type":"ImageObject","inLanguage":"fr-FR","@id":"https:\/\/secure.gravatar.com\/avatar\/82eb951df6110a2c48d1bfa7a67d1ee6f0cd5df3cbf9c3586dd61e82db7172a5?s=96&d=mm&r=g","url":"https:\/\/secure.gravatar.com\/avatar\/82eb951df6110a2c48d1bfa7a67d1ee6f0cd5df3cbf9c3586dd61e82db7172a5?s=96&d=mm&r=g","contentUrl":"https:\/\/secure.gravatar.com\/avatar\/82eb951df6110a2c48d1bfa7a67d1ee6f0cd5df3cbf9c3586dd61e82db7172a5?s=96&d=mm&r=g","caption":"Claude DAYRES"},"url":"https:\/\/jumeaux91.fr\/blog\/author\/x91claude\/"}]}},"_links":{"self":[{"href":"https:\/\/jumeaux91.fr\/blog\/wp-json\/wp\/v2\/posts\/697","targetHints":{"allow":["GET"]}}],"collection":[{"href":"https:\/\/jumeaux91.fr\/blog\/wp-json\/wp\/v2\/posts"}],"about":[{"href":"https:\/\/jumeaux91.fr\/blog\/wp-json\/wp\/v2\/types\/post"}],"author":[{"embeddable":true,"href":"https:\/\/jumeaux91.fr\/blog\/wp-json\/wp\/v2\/users\/2"}],"replies":[{"embeddable":true,"href":"https:\/\/jumeaux91.fr\/blog\/wp-json\/wp\/v2\/comments?post=697"}],"version-history":[{"count":0,"href":"https:\/\/jumeaux91.fr\/blog\/wp-json\/wp\/v2\/posts\/697\/revisions"}],"wp:featuredmedia":[{"embeddable":true,"href":"https:\/\/jumeaux91.fr\/blog\/wp-json\/wp\/v2\/media\/698"}],"wp:attachment":[{"href":"https:\/\/jumeaux91.fr\/blog\/wp-json\/wp\/v2\/media?parent=697"}],"wp:term":[{"taxonomy":"category","embeddable":true,"href":"https:\/\/jumeaux91.fr\/blog\/wp-json\/wp\/v2\/categories?post=697"},{"taxonomy":"post_tag","embeddable":true,"href":"https:\/\/jumeaux91.fr\/blog\/wp-json\/wp\/v2\/tags?post=697"}],"curies":[{"name":"wp","href":"https:\/\/api.w.org\/{rel}","templated":true}]}}