{"id":699,"date":"2024-09-12T03:30:00","date_gmt":"2024-09-12T01:30:00","guid":{"rendered":"https:\/\/jumeaux91.fr\/blog\/le-trio-fraternel-bien-special-des-faucons-de-levis\/"},"modified":"2024-09-12T03:30:00","modified_gmt":"2024-09-12T01:30:00","slug":"le-trio-fraternel-bien-special-des-faucons-de-levis","status":"publish","type":"post","link":"https:\/\/jumeaux91.fr\/blog\/le-trio-fraternel-bien-special-des-faucons-de-levis\/","title":{"rendered":"Le trio fraternel bien sp\u00e9cial des Faucons de L\u00e9vis"},"content":{"rendered":"<p class=\"article-bodystyled__StyledText-sc-19uhgql-0 kBIukV body-paragraph\">Une situation rarissime avec la pr\u00e9sence de l\u2019a\u00een\u00e9 Thomas Allain, et de ses fr\u00e8res jumeaux L\u00e9o et \u00c9mile. Pour en rajouter une couche, les trois frangins jouent tous en d\u00e9fensive.<\/p>\n<p class=\"article-bodystyled__StyledText-sc-19uhgql-0 kBIukV body-paragraph\">Thomas est au centre de la d\u00e9fensive comme secondeur int\u00e9rieur de troisi\u00e8me ann\u00e9e. \u00c9mile est un secondeur hybride tandis que L\u00e9o joue comme secondeur du c\u00f4t\u00e9 fort. \u00c7a ne s\u2019invente tout simplement pas. Les jumeaux sont arriv\u00e9s au campus de L\u00e9vis cette ann\u00e9e.<\/p>\n<p class=\"article-bodystyled__StyledText-sc-19uhgql-0 kBIukV body-paragraph\">Ayant jou\u00e9 tous les trois \u00e0 l\u2019\u00e9cole secondaire pour les Corsaires pendant cinq ans, il semble tout naturel que les trois fr\u00e9rots se retrouvent maintenant ensemble. Ce n\u2019\u00e9tait pourtant pas le plan initial puisque \u00c9mile se dirigeait en Beauce pour jouer chez les Condors, mais un concours de circonstances a chang\u00e9 ses plans.<\/p>\n<p class=\"article-bodystyled__StyledText-sc-19uhgql-0 kBIukV body-paragraph\">\u00abJ\u2019avais fait ma demande en techniques polici\u00e8res en Beauce, mais j\u2019ai \u00e9chou\u00e9 \u00e0 mon test de fran\u00e7ais. Je l\u2019ai refait et en attendant leur r\u00e9ponse, j\u2019ai finalement pris la d\u00e9cision de rejoindre mes deux fr\u00e8res \u00e0 L\u00e9vis. C\u2019\u00e9tait un peu comme une consolation\u00bb, dit-il \u00e0 la blague.<\/p>\n<figure class=\"article-body-image-container\"><img decoding=\"async\" data-chromatic=\"ignore\" alt=\"Les trois fr\u00e8res Allain jouent pour les Faucons de L\u00e9vis.\" class=\"c-image\" loading=\"lazy\" src=\"https:\/\/lescoopsdelinformation-le-soleil-prod.web.arc-cdn.net\/resizer\/v2\/KROYOKCGONFE3OIGFJZYMTRAKU.jpg?auth=cb697d59d12833fc7a71ebc0516a061dc88e119e6a933b4de40d4907e604316a&amp;width=1200&amp;height=850\" width=\"1200\" height=\"850\"><figcaption>\n<p class=\"image-metadata__MetadataParagraph-sc-1gfk7p2-0 hhusGZ image-metadata\"><span>Les trois fr\u00e8res Allain jouent pour les Faucons de L\u00e9vis. <\/span>(Fr\u00e9d\u00e9ric Matte\/Le Soleil)<\/p>\n<\/figcaption><\/figure>\n<p class=\"article-bodystyled__StyledText-sc-19uhgql-0 kBIukV body-paragraph\">Un choix final qui a fait l\u2019unanimit\u00e9, sp\u00e9cialement pour les parents qui ont vu instantan\u00e9ment leurs probl\u00e8mes logistiques de voyagement dispara\u00eetre. Capitaine d\u2019\u00e9quipe en d\u00e9fensive, Thomas a accueilli la nouvelle avec bonne humeur.<\/p>\n<p class=\"article-bodystyled__StyledText-sc-19uhgql-0 kBIukV body-paragraph\">\u00abOn s\u2019appr\u00eatait \u00e0 jouer contre lui parce qu\u2019on \u00e9volue contre les Condors en division 2, mais tu apprends \u00e0 la derni\u00e8re minute qu\u2019on allait finalement \u00eatre r\u00e9uni. Comme je suis deux ans plus vieux, je n\u2019ai jamais jou\u00e9 avec eux au secondaire, mais je me disais que \u00e7a pouvait \u00eatre une possibilit\u00e9 au c\u00e9gep. \u00c7a \u00e9t\u00e9 une tr\u00e8s bonne nouvelle\u00bb, relate celui qui s\u2019est souvent chican\u00e9 avec ses fr\u00e8res jumeaux \u00e9tant plus jeunes, mais qui ressortait toujours gagnant.<\/p>\n<figure class=\"article-body-image-container article-body-image-container--mobile-right-float\"><img decoding=\"async\" data-chromatic=\"ignore\" alt=\"Thomas Allain des Faucons de L\u00e9vis est un mentor pour ses deux fr\u00e8res.\" class=\"c-image\" loading=\"lazy\" src=\"https:\/\/lescoopsdelinformation-le-soleil-prod.web.arc-cdn.net\/resizer\/v2\/K6KMT77AABDJZL5KLNLHKSHPHM.jpg?auth=f29a34fdae2b0ebb68bc6d1ac52b4c23174f9b569d4ba4b0de0ab454030a0c7d&amp;width=600&amp;height=437\" width=\"600\" height=\"437\"><figcaption>\n<p class=\"image-metadata__MetadataParagraph-sc-1gfk7p2-0 hhusGZ image-metadata\"><span>Thomas Allain des Faucons de L\u00e9vis est un mentor pour ses deux fr\u00e8res. <\/span>(Fr\u00e9d\u00e9ric Matte\/Le Soleil)<\/p>\n<\/figcaption><\/figure>\n<p class=\"article-bodystyled__StyledText-sc-19uhgql-0 kBIukV body-paragraph\">C\u2019est d\u2019ailleurs la deuxi\u00e8me fois de l\u2019histoire de l\u2019organisation que les Faucons accueillent un trio de fr\u00e8res. Les Breton-Robert avaient jou\u00e9 ensemble en 2013. Le fr\u00e8re a\u00een\u00e9 Anthony \u00e9voluait comme maraudeur tandis que les jumeaux Vincent et Jonathan jouaient en offensive. Jonathan et Vincent ont ensuite connu de belles carri\u00e8res avec le Rouge et Or.<\/p>\n<h2 class=\"headlinestyled__Headline-sc-1fpuof0-0 kGSXFh null\">Une route toute trac\u00e9e<\/h2>\n<p class=\"article-bodystyled__StyledText-sc-19uhgql-0 kBIukV body-paragraph\">Provenant d\u2019une famille sportive avec des parents qui ont toujours encourag\u00e9 leurs gar\u00e7ons \u00e0 faire du sport, il ne fait aucun doute de l\u2019identit\u00e9 de la personne qui a donn\u00e9 la piq\u00fbre du football aux jumeaux.<\/p>\n<p class=\"article-bodystyled__StyledText-sc-19uhgql-0 kBIukV body-paragraph\">\u00abOn a fait un paquet de sports comme la natation, le soccer ou le basketball, mais c\u2019est vraiment le football qui est rest\u00e9. J\u2019ai commenc\u00e9 \u00e0 jouer en troisi\u00e8me ann\u00e9e au mini Rouge et Or parce que mon voisin, qui \u00e9tait mon meilleur ami, y jouait. Mes fr\u00e8res m\u2019ont regard\u00e9 jouer et il faut croire qu\u2019ils ont aim\u00e9 \u00e7a\u00bb, explique Thomas qui a servi de mod\u00e8le comme bien des fr\u00e8res a\u00een\u00e9s le font au Qu\u00e9bec.<\/p>\n<figure class=\"article-body-image-container\"><img decoding=\"async\" data-chromatic=\"ignore\" alt=\"Les fr\u00e8res Allain ont tous l'ambition de jouer au football \u00e0 l'universit\u00e9.\" class=\"c-image\" loading=\"lazy\" src=\"https:\/\/lescoopsdelinformation-le-soleil-prod.web.arc-cdn.net\/resizer\/v2\/ZCUNU6DCEBD7VLGDIN6DU2B27Q.jpg?auth=512c6e60bb7fda4222fd51bdaceb6a9be758d5246841ecc15a9b1b02b0ad1834&amp;width=1200&amp;height=853\" width=\"1200\" height=\"853\"><figcaption>\n<p class=\"image-metadata__MetadataParagraph-sc-1gfk7p2-0 hhusGZ image-metadata\"><span>Les fr\u00e8res Allain ont tous l&rsquo;ambition de jouer au football \u00e0 l&rsquo;universit\u00e9. <\/span>(Fr\u00e9d\u00e9ric Matte\/Le Soleil)<\/p>\n<\/figcaption><\/figure>\n<h2 class=\"headlinestyled__Headline-sc-1fpuof0-0 kGSXFh null\">Bel accueil<\/h2>\n<p class=\"article-bodystyled__StyledText-sc-19uhgql-0 kBIukV body-paragraph\">L\u2019arriv\u00e9e de trois fr\u00e8res dans un vestiaire peut parfois prendre de la place, mais le tout s\u2019est fait en douceur selon le trio.<\/p>\n<p class=\"article-bodystyled__StyledText-sc-19uhgql-0 kBIukV body-paragraph\">\u00abC\u2019est certain qu\u2019on se fait taquiner des fois par les gars, mais il n\u2019y a rien de m\u00e9chant. On s\u2019attendait \u00e0 pire.\u00bb<\/p>\n<p class=\"article-bodystyled__StyledText-sc-19uhgql-0 kBIukV body-paragraph\">Il reste d\u2019ailleurs une autre saison aux fr\u00e8res Allain \u00e0 jouer ensemble chez les Faucons. Avec trois joueurs d\u00e9fensifs motiv\u00e9s, l\u2019annonceur maison devra s\u2019habituer \u00e0 prononcer souvent ce nom de famille. Il reste maintenant \u00e0 savoir si le sc\u00e9nario se reproduira pour les trois fr\u00e8res \u00e0 l\u2019universit\u00e9\u2026<\/p>\n<p>La chronique se veut g\u00e9n\u00e9r\u00e9e de la fa\u00e7on la plus claire que possible. Dans le cas o\u00f9 vous souhaitez pr\u00e9senter des renseignements compl\u00e9mentaires \u00e0 cet article sur le sujet \u00ab\u00a0Fr\u00e8res jumeaux de l&rsquo;Essonnes\u00a0\u00bb il vous est possible d\u2019\u00e9crire aux contacts indiqu\u00e9s sur notre website. La raison d\u2019\u00eatre de jumeaux91.fr \u00e9tant de rassembler sur le web des posts sur le sujet de Fr\u00e8res jumeaux de l&rsquo;Essonnes puis les diffuser en r\u00e9pondant au mieux aux interrogations des gens. Vous pouvez tirer profit de cet article traitant le sujet \u00ab\u00a0Fr\u00e8res jumeaux de l&rsquo;Essonnes\u00a0\u00bb. Il est concoct\u00e9 par l\u2019\u00e9quipe jumeaux91.fr. Prochainement, nous rendrons accessibles au public d&rsquo;autres informations pertinentes sur le sujet \u00ab\u00a0Fr\u00e8res jumeaux de l&rsquo;Essonnes\u00a0\u00bb. Alors, consultez syst\u00e9matiquement notre blog.<\/p>\n","protected":false},"excerpt":{"rendered":"<p>Une situation rarissime avec la pr\u00e9sence de l\u2019a\u00een\u00e9 Thomas Allain, et de ses fr\u00e8res jumeaux L\u00e9o et \u00c9mile. Pour en rajouter une couche, les trois frangins jouent tous en d\u00e9fensive. Thomas est au centre de la d\u00e9fensive comme secondeur int\u00e9rieur de troisi\u00e8me ann\u00e9e. \u00c9mile est un secondeur hybride tandis que L\u00e9o joue comme secondeur du&hellip; <a class=\"more-link\" href=\"https:\/\/jumeaux91.fr\/blog\/le-trio-fraternel-bien-special-des-faucons-de-levis\/\">Poursuivre la lecture <span class=\"screen-reader-text\">Le trio fraternel bien sp\u00e9cial des Faucons de L\u00e9vis<\/span><\/a><\/p>\n","protected":false},"author":2,"featured_media":0,"comment_status":"closed","ping_status":"closed","sticky":false,"template":"","format":"standard","meta":{"footnotes":""},"categories":[4],"tags":[],"class_list":["post-699","post","type-post","status-publish","format-standard","hentry","category-posts-freres-jumeaux-de-lessonnes","entry"],"yoast_head":"<!-- This site is optimized with the Yoast SEO plugin v27.5 - https:\/\/yoast.com\/product\/yoast-seo-wordpress\/ -->\n<title>Le trio fraternel bien sp\u00e9cial des Faucons de L\u00e9vis - JUMEAUX91<\/title>\n<meta name=\"robots\" content=\"index, follow, max-snippet:-1, max-image-preview:large, max-video-preview:-1\" \/>\n<link rel=\"canonical\" href=\"https:\/\/jumeaux91.fr\/blog\/le-trio-fraternel-bien-special-des-faucons-de-levis\/\" \/>\n<meta property=\"og:locale\" content=\"fr_FR\" \/>\n<meta property=\"og:type\" content=\"article\" \/>\n<meta property=\"og:title\" content=\"Le trio fraternel bien sp\u00e9cial des Faucons de L\u00e9vis - JUMEAUX91\" \/>\n<meta property=\"og:description\" content=\"Une situation rarissime avec la pr\u00e9sence de l\u2019a\u00een\u00e9 Thomas Allain, et de ses fr\u00e8res jumeaux L\u00e9o et \u00c9mile. Pour en rajouter une couche, les trois frangins jouent tous en d\u00e9fensive. Thomas est au centre de la d\u00e9fensive comme secondeur int\u00e9rieur de troisi\u00e8me ann\u00e9e. \u00c9mile est un secondeur hybride tandis que L\u00e9o joue comme secondeur du&hellip; Poursuivre la lecture Le trio fraternel bien sp\u00e9cial des Faucons de L\u00e9vis\" \/>\n<meta property=\"og:url\" content=\"https:\/\/jumeaux91.fr\/blog\/le-trio-fraternel-bien-special-des-faucons-de-levis\/\" \/>\n<meta property=\"og:site_name\" content=\"JUMEAUX91\" \/>\n<meta property=\"article:published_time\" content=\"2024-09-12T01:30:00+00:00\" \/>\n<meta property=\"og:image\" content=\"https:\/\/lescoopsdelinformation-le-soleil-prod.web.arc-cdn.net\/resizer\/v2\/KROYOKCGONFE3OIGFJZYMTRAKU.jpg?auth=cb697d59d12833fc7a71ebc0516a061dc88e119e6a933b4de40d4907e604316a&amp;width=1200&amp;height=850\" \/>\n<meta name=\"author\" content=\"Claude DAYRES\" \/>\n<meta name=\"twitter:card\" content=\"summary_large_image\" \/>\n<meta name=\"twitter:label1\" content=\"\u00c9crit par\" \/>\n\t<meta name=\"twitter:data1\" content=\"Claude DAYRES\" \/>\n\t<meta name=\"twitter:label2\" content=\"Dur\u00e9e de lecture estim\u00e9e\" \/>\n\t<meta name=\"twitter:data2\" content=\"4 minutes\" \/>\n<script type=\"application\/ld+json\" class=\"yoast-schema-graph\">{\"@context\":\"https:\\\/\\\/schema.org\",\"@graph\":[{\"@type\":\"Article\",\"@id\":\"https:\\\/\\\/jumeaux91.fr\\\/blog\\\/le-trio-fraternel-bien-special-des-faucons-de-levis\\\/#article\",\"isPartOf\":{\"@id\":\"https:\\\/\\\/jumeaux91.fr\\\/blog\\\/le-trio-fraternel-bien-special-des-faucons-de-levis\\\/\"},\"author\":{\"name\":\"Claude DAYRES\",\"@id\":\"https:\\\/\\\/jumeaux91.fr\\\/blog\\\/#\\\/schema\\\/person\\\/21da06e9f119b9f64e5d45dbbd32d3fb\"},\"headline\":\"Le trio fraternel bien sp\u00e9cial des Faucons de L\u00e9vis\",\"datePublished\":\"2024-09-12T01:30:00+00:00\",\"mainEntityOfPage\":{\"@id\":\"https:\\\/\\\/jumeaux91.fr\\\/blog\\\/le-trio-fraternel-bien-special-des-faucons-de-levis\\\/\"},\"wordCount\":834,\"publisher\":{\"@id\":\"https:\\\/\\\/jumeaux91.fr\\\/blog\\\/#organization\"},\"image\":{\"@id\":\"https:\\\/\\\/jumeaux91.fr\\\/blog\\\/le-trio-fraternel-bien-special-des-faucons-de-levis\\\/#primaryimage\"},\"thumbnailUrl\":\"https:\\\/\\\/lescoopsdelinformation-le-soleil-prod.web.arc-cdn.net\\\/resizer\\\/v2\\\/KROYOKCGONFE3OIGFJZYMTRAKU.jpg?auth=cb697d59d12833fc7a71ebc0516a061dc88e119e6a933b4de40d4907e604316a&amp;width=1200&amp;height=850\",\"articleSection\":[\"Posts Fr\u00e8res Jumeaux De L'Essonnes:\"],\"inLanguage\":\"fr-FR\"},{\"@type\":\"WebPage\",\"@id\":\"https:\\\/\\\/jumeaux91.fr\\\/blog\\\/le-trio-fraternel-bien-special-des-faucons-de-levis\\\/\",\"url\":\"https:\\\/\\\/jumeaux91.fr\\\/blog\\\/le-trio-fraternel-bien-special-des-faucons-de-levis\\\/\",\"name\":\"Le trio fraternel bien sp\u00e9cial des Faucons de L\u00e9vis - JUMEAUX91\",\"isPartOf\":{\"@id\":\"https:\\\/\\\/jumeaux91.fr\\\/blog\\\/#website\"},\"primaryImageOfPage\":{\"@id\":\"https:\\\/\\\/jumeaux91.fr\\\/blog\\\/le-trio-fraternel-bien-special-des-faucons-de-levis\\\/#primaryimage\"},\"image\":{\"@id\":\"https:\\\/\\\/jumeaux91.fr\\\/blog\\\/le-trio-fraternel-bien-special-des-faucons-de-levis\\\/#primaryimage\"},\"thumbnailUrl\":\"https:\\\/\\\/lescoopsdelinformation-le-soleil-prod.web.arc-cdn.net\\\/resizer\\\/v2\\\/KROYOKCGONFE3OIGFJZYMTRAKU.jpg?auth=cb697d59d12833fc7a71ebc0516a061dc88e119e6a933b4de40d4907e604316a&amp;width=1200&amp;height=850\",\"datePublished\":\"2024-09-12T01:30:00+00:00\",\"breadcrumb\":{\"@id\":\"https:\\\/\\\/jumeaux91.fr\\\/blog\\\/le-trio-fraternel-bien-special-des-faucons-de-levis\\\/#breadcrumb\"},\"inLanguage\":\"fr-FR\",\"potentialAction\":[{\"@type\":\"ReadAction\",\"target\":[\"https:\\\/\\\/jumeaux91.fr\\\/blog\\\/le-trio-fraternel-bien-special-des-faucons-de-levis\\\/\"]}]},{\"@type\":\"ImageObject\",\"inLanguage\":\"fr-FR\",\"@id\":\"https:\\\/\\\/jumeaux91.fr\\\/blog\\\/le-trio-fraternel-bien-special-des-faucons-de-levis\\\/#primaryimage\",\"url\":\"https:\\\/\\\/lescoopsdelinformation-le-soleil-prod.web.arc-cdn.net\\\/resizer\\\/v2\\\/KROYOKCGONFE3OIGFJZYMTRAKU.jpg?auth=cb697d59d12833fc7a71ebc0516a061dc88e119e6a933b4de40d4907e604316a&amp;width=1200&amp;height=850\",\"contentUrl\":\"https:\\\/\\\/lescoopsdelinformation-le-soleil-prod.web.arc-cdn.net\\\/resizer\\\/v2\\\/KROYOKCGONFE3OIGFJZYMTRAKU.jpg?auth=cb697d59d12833fc7a71ebc0516a061dc88e119e6a933b4de40d4907e604316a&amp;width=1200&amp;height=850\"},{\"@type\":\"BreadcrumbList\",\"@id\":\"https:\\\/\\\/jumeaux91.fr\\\/blog\\\/le-trio-fraternel-bien-special-des-faucons-de-levis\\\/#breadcrumb\",\"itemListElement\":[{\"@type\":\"ListItem\",\"position\":1,\"name\":\"Accueil\",\"item\":\"https:\\\/\\\/jumeaux91.fr\\\/blog\\\/\"},{\"@type\":\"ListItem\",\"position\":2,\"name\":\"Le trio fraternel bien sp\u00e9cial des Faucons de L\u00e9vis\"}]},{\"@type\":\"WebSite\",\"@id\":\"https:\\\/\\\/jumeaux91.fr\\\/blog\\\/#website\",\"url\":\"https:\\\/\\\/jumeaux91.fr\\\/blog\\\/\",\"name\":\"JUMEAUX91\",\"description\":\"Fr\u00e8res jumeaux de l&#039;Essonnes; informations et archives, \u00e0 savoir et retenir.\",\"publisher\":{\"@id\":\"https:\\\/\\\/jumeaux91.fr\\\/blog\\\/#organization\"},\"potentialAction\":[{\"@type\":\"SearchAction\",\"target\":{\"@type\":\"EntryPoint\",\"urlTemplate\":\"https:\\\/\\\/jumeaux91.fr\\\/blog\\\/?s={search_term_string}\"},\"query-input\":{\"@type\":\"PropertyValueSpecification\",\"valueRequired\":true,\"valueName\":\"search_term_string\"}}],\"inLanguage\":\"fr-FR\"},{\"@type\":\"Organization\",\"@id\":\"https:\\\/\\\/jumeaux91.fr\\\/blog\\\/#organization\",\"name\":\"jumeaux91\",\"url\":\"https:\\\/\\\/jumeaux91.fr\\\/blog\\\/\",\"logo\":{\"@type\":\"ImageObject\",\"inLanguage\":\"fr-FR\",\"@id\":\"https:\\\/\\\/jumeaux91.fr\\\/blog\\\/#\\\/schema\\\/logo\\\/image\\\/\",\"url\":\"https:\\\/\\\/jumeaux91.fr\\\/blog\\\/wp-content\\\/uploads\\\/2023\\\/05\\\/cropped-cropped-logoJ_91.png\",\"contentUrl\":\"https:\\\/\\\/jumeaux91.fr\\\/blog\\\/wp-content\\\/uploads\\\/2023\\\/05\\\/cropped-cropped-logoJ_91.png\",\"width\":512,\"height\":512,\"caption\":\"jumeaux91\"},\"image\":{\"@id\":\"https:\\\/\\\/jumeaux91.fr\\\/blog\\\/#\\\/schema\\\/logo\\\/image\\\/\"}},{\"@type\":\"Person\",\"@id\":\"https:\\\/\\\/jumeaux91.fr\\\/blog\\\/#\\\/schema\\\/person\\\/21da06e9f119b9f64e5d45dbbd32d3fb\",\"name\":\"Claude DAYRES\",\"image\":{\"@type\":\"ImageObject\",\"inLanguage\":\"fr-FR\",\"@id\":\"https:\\\/\\\/secure.gravatar.com\\\/avatar\\\/82eb951df6110a2c48d1bfa7a67d1ee6f0cd5df3cbf9c3586dd61e82db7172a5?s=96&d=mm&r=g\",\"url\":\"https:\\\/\\\/secure.gravatar.com\\\/avatar\\\/82eb951df6110a2c48d1bfa7a67d1ee6f0cd5df3cbf9c3586dd61e82db7172a5?s=96&d=mm&r=g\",\"contentUrl\":\"https:\\\/\\\/secure.gravatar.com\\\/avatar\\\/82eb951df6110a2c48d1bfa7a67d1ee6f0cd5df3cbf9c3586dd61e82db7172a5?s=96&d=mm&r=g\",\"caption\":\"Claude DAYRES\"},\"url\":\"https:\\\/\\\/jumeaux91.fr\\\/blog\\\/author\\\/x91claude\\\/\"}]}<\/script>\n<!-- \/ Yoast SEO plugin. -->","yoast_head_json":{"title":"Le trio fraternel bien sp\u00e9cial des Faucons de L\u00e9vis - JUMEAUX91","robots":{"index":"index","follow":"follow","max-snippet":"max-snippet:-1","max-image-preview":"max-image-preview:large","max-video-preview":"max-video-preview:-1"},"canonical":"https:\/\/jumeaux91.fr\/blog\/le-trio-fraternel-bien-special-des-faucons-de-levis\/","og_locale":"fr_FR","og_type":"article","og_title":"Le trio fraternel bien sp\u00e9cial des Faucons de L\u00e9vis - JUMEAUX91","og_description":"Une situation rarissime avec la pr\u00e9sence de l\u2019a\u00een\u00e9 Thomas Allain, et de ses fr\u00e8res jumeaux L\u00e9o et \u00c9mile. Pour en rajouter une couche, les trois frangins jouent tous en d\u00e9fensive. Thomas est au centre de la d\u00e9fensive comme secondeur int\u00e9rieur de troisi\u00e8me ann\u00e9e. \u00c9mile est un secondeur hybride tandis que L\u00e9o joue comme secondeur du&hellip; Poursuivre la lecture Le trio fraternel bien sp\u00e9cial des Faucons de L\u00e9vis","og_url":"https:\/\/jumeaux91.fr\/blog\/le-trio-fraternel-bien-special-des-faucons-de-levis\/","og_site_name":"JUMEAUX91","article_published_time":"2024-09-12T01:30:00+00:00","og_image":[{"url":"https:\/\/lescoopsdelinformation-le-soleil-prod.web.arc-cdn.net\/resizer\/v2\/KROYOKCGONFE3OIGFJZYMTRAKU.jpg?auth=cb697d59d12833fc7a71ebc0516a061dc88e119e6a933b4de40d4907e604316a&amp;width=1200&amp;height=850","type":"","width":"","height":""}],"author":"Claude DAYRES","twitter_card":"summary_large_image","twitter_misc":{"\u00c9crit par":"Claude DAYRES","Dur\u00e9e de lecture estim\u00e9e":"4 minutes"},"schema":{"@context":"https:\/\/schema.org","@graph":[{"@type":"Article","@id":"https:\/\/jumeaux91.fr\/blog\/le-trio-fraternel-bien-special-des-faucons-de-levis\/#article","isPartOf":{"@id":"https:\/\/jumeaux91.fr\/blog\/le-trio-fraternel-bien-special-des-faucons-de-levis\/"},"author":{"name":"Claude DAYRES","@id":"https:\/\/jumeaux91.fr\/blog\/#\/schema\/person\/21da06e9f119b9f64e5d45dbbd32d3fb"},"headline":"Le trio fraternel bien sp\u00e9cial des Faucons de L\u00e9vis","datePublished":"2024-09-12T01:30:00+00:00","mainEntityOfPage":{"@id":"https:\/\/jumeaux91.fr\/blog\/le-trio-fraternel-bien-special-des-faucons-de-levis\/"},"wordCount":834,"publisher":{"@id":"https:\/\/jumeaux91.fr\/blog\/#organization"},"image":{"@id":"https:\/\/jumeaux91.fr\/blog\/le-trio-fraternel-bien-special-des-faucons-de-levis\/#primaryimage"},"thumbnailUrl":"https:\/\/lescoopsdelinformation-le-soleil-prod.web.arc-cdn.net\/resizer\/v2\/KROYOKCGONFE3OIGFJZYMTRAKU.jpg?auth=cb697d59d12833fc7a71ebc0516a061dc88e119e6a933b4de40d4907e604316a&amp;width=1200&amp;height=850","articleSection":["Posts Fr\u00e8res Jumeaux De L'Essonnes:"],"inLanguage":"fr-FR"},{"@type":"WebPage","@id":"https:\/\/jumeaux91.fr\/blog\/le-trio-fraternel-bien-special-des-faucons-de-levis\/","url":"https:\/\/jumeaux91.fr\/blog\/le-trio-fraternel-bien-special-des-faucons-de-levis\/","name":"Le trio fraternel bien sp\u00e9cial des Faucons de L\u00e9vis - JUMEAUX91","isPartOf":{"@id":"https:\/\/jumeaux91.fr\/blog\/#website"},"primaryImageOfPage":{"@id":"https:\/\/jumeaux91.fr\/blog\/le-trio-fraternel-bien-special-des-faucons-de-levis\/#primaryimage"},"image":{"@id":"https:\/\/jumeaux91.fr\/blog\/le-trio-fraternel-bien-special-des-faucons-de-levis\/#primaryimage"},"thumbnailUrl":"https:\/\/lescoopsdelinformation-le-soleil-prod.web.arc-cdn.net\/resizer\/v2\/KROYOKCGONFE3OIGFJZYMTRAKU.jpg?auth=cb697d59d12833fc7a71ebc0516a061dc88e119e6a933b4de40d4907e604316a&amp;width=1200&amp;height=850","datePublished":"2024-09-12T01:30:00+00:00","breadcrumb":{"@id":"https:\/\/jumeaux91.fr\/blog\/le-trio-fraternel-bien-special-des-faucons-de-levis\/#breadcrumb"},"inLanguage":"fr-FR","potentialAction":[{"@type":"ReadAction","target":["https:\/\/jumeaux91.fr\/blog\/le-trio-fraternel-bien-special-des-faucons-de-levis\/"]}]},{"@type":"ImageObject","inLanguage":"fr-FR","@id":"https:\/\/jumeaux91.fr\/blog\/le-trio-fraternel-bien-special-des-faucons-de-levis\/#primaryimage","url":"https:\/\/lescoopsdelinformation-le-soleil-prod.web.arc-cdn.net\/resizer\/v2\/KROYOKCGONFE3OIGFJZYMTRAKU.jpg?auth=cb697d59d12833fc7a71ebc0516a061dc88e119e6a933b4de40d4907e604316a&amp;width=1200&amp;height=850","contentUrl":"https:\/\/lescoopsdelinformation-le-soleil-prod.web.arc-cdn.net\/resizer\/v2\/KROYOKCGONFE3OIGFJZYMTRAKU.jpg?auth=cb697d59d12833fc7a71ebc0516a061dc88e119e6a933b4de40d4907e604316a&amp;width=1200&amp;height=850"},{"@type":"BreadcrumbList","@id":"https:\/\/jumeaux91.fr\/blog\/le-trio-fraternel-bien-special-des-faucons-de-levis\/#breadcrumb","itemListElement":[{"@type":"ListItem","position":1,"name":"Accueil","item":"https:\/\/jumeaux91.fr\/blog\/"},{"@type":"ListItem","position":2,"name":"Le trio fraternel bien sp\u00e9cial des Faucons de L\u00e9vis"}]},{"@type":"WebSite","@id":"https:\/\/jumeaux91.fr\/blog\/#website","url":"https:\/\/jumeaux91.fr\/blog\/","name":"JUMEAUX91","description":"Fr\u00e8res jumeaux de l&#039;Essonnes; informations et archives, \u00e0 savoir et retenir.","publisher":{"@id":"https:\/\/jumeaux91.fr\/blog\/#organization"},"potentialAction":[{"@type":"SearchAction","target":{"@type":"EntryPoint","urlTemplate":"https:\/\/jumeaux91.fr\/blog\/?s={search_term_string}"},"query-input":{"@type":"PropertyValueSpecification","valueRequired":true,"valueName":"search_term_string"}}],"inLanguage":"fr-FR"},{"@type":"Organization","@id":"https:\/\/jumeaux91.fr\/blog\/#organization","name":"jumeaux91","url":"https:\/\/jumeaux91.fr\/blog\/","logo":{"@type":"ImageObject","inLanguage":"fr-FR","@id":"https:\/\/jumeaux91.fr\/blog\/#\/schema\/logo\/image\/","url":"https:\/\/jumeaux91.fr\/blog\/wp-content\/uploads\/2023\/05\/cropped-cropped-logoJ_91.png","contentUrl":"https:\/\/jumeaux91.fr\/blog\/wp-content\/uploads\/2023\/05\/cropped-cropped-logoJ_91.png","width":512,"height":512,"caption":"jumeaux91"},"image":{"@id":"https:\/\/jumeaux91.fr\/blog\/#\/schema\/logo\/image\/"}},{"@type":"Person","@id":"https:\/\/jumeaux91.fr\/blog\/#\/schema\/person\/21da06e9f119b9f64e5d45dbbd32d3fb","name":"Claude DAYRES","image":{"@type":"ImageObject","inLanguage":"fr-FR","@id":"https:\/\/secure.gravatar.com\/avatar\/82eb951df6110a2c48d1bfa7a67d1ee6f0cd5df3cbf9c3586dd61e82db7172a5?s=96&d=mm&r=g","url":"https:\/\/secure.gravatar.com\/avatar\/82eb951df6110a2c48d1bfa7a67d1ee6f0cd5df3cbf9c3586dd61e82db7172a5?s=96&d=mm&r=g","contentUrl":"https:\/\/secure.gravatar.com\/avatar\/82eb951df6110a2c48d1bfa7a67d1ee6f0cd5df3cbf9c3586dd61e82db7172a5?s=96&d=mm&r=g","caption":"Claude DAYRES"},"url":"https:\/\/jumeaux91.fr\/blog\/author\/x91claude\/"}]}},"_links":{"self":[{"href":"https:\/\/jumeaux91.fr\/blog\/wp-json\/wp\/v2\/posts\/699","targetHints":{"allow":["GET"]}}],"collection":[{"href":"https:\/\/jumeaux91.fr\/blog\/wp-json\/wp\/v2\/posts"}],"about":[{"href":"https:\/\/jumeaux91.fr\/blog\/wp-json\/wp\/v2\/types\/post"}],"author":[{"embeddable":true,"href":"https:\/\/jumeaux91.fr\/blog\/wp-json\/wp\/v2\/users\/2"}],"replies":[{"embeddable":true,"href":"https:\/\/jumeaux91.fr\/blog\/wp-json\/wp\/v2\/comments?post=699"}],"version-history":[{"count":0,"href":"https:\/\/jumeaux91.fr\/blog\/wp-json\/wp\/v2\/posts\/699\/revisions"}],"wp:attachment":[{"href":"https:\/\/jumeaux91.fr\/blog\/wp-json\/wp\/v2\/media?parent=699"}],"wp:term":[{"taxonomy":"category","embeddable":true,"href":"https:\/\/jumeaux91.fr\/blog\/wp-json\/wp\/v2\/categories?post=699"},{"taxonomy":"post_tag","embeddable":true,"href":"https:\/\/jumeaux91.fr\/blog\/wp-json\/wp\/v2\/tags?post=699"}],"curies":[{"name":"wp","href":"https:\/\/api.w.org\/{rel}","templated":true}]}}