{"id":700,"date":"2024-09-12T10:56:00","date_gmt":"2024-09-12T08:56:00","guid":{"rendered":"https:\/\/jumeaux91.fr\/blog\/victoire-historique-des-freres-musulmans-en-jordanie-un-seisme-politique-pour-tout-le-proche-orient\/"},"modified":"2024-09-12T10:56:00","modified_gmt":"2024-09-12T08:56:00","slug":"victoire-historique-des-freres-musulmans-en-jordanie-un-seisme-politique-pour-tout-le-proche-orient","status":"publish","type":"post","link":"https:\/\/jumeaux91.fr\/blog\/victoire-historique-des-freres-musulmans-en-jordanie-un-seisme-politique-pour-tout-le-proche-orient\/","title":{"rendered":"Victoire historique des Fr\u00e8res musulmans en Jordanie : un s\u00e9isme politique pour tout le Proche-Orient"},"content":{"rendered":"<div><img decoding=\"async\" src=\"https:\/\/jumeaux91.fr\/blog\/wp-content\/uploads\/2024\/09\/victoire-historique-des-freres-musulmans-en-jordanie-un-seisme-politique-pour-tout-le-proche-orient.jpg\" class=\"ff-og-image-inserted\"><\/div>\n<p>La Jordanie est-elle sur le point de plonger \u00e0 son tour dans une p\u00e9riode d\u2019instabilit\u00e9 politique ? Ce pays, souvent cit\u00e9 en exemple pour son habilet\u00e9 \u00e0 maintenir un \u00e9quilibre g\u00e9opolitique d\u00e9licat et une coexistence pacifique entre musulmans et chr\u00e9tiens, vient de subir un v\u00e9ritable s\u00e9isme politique. Le Front d\u2019Action Islamique, branche politique des <a href=\"https:\/\/www.lejdd.fr\/societe\/freres-musulmans-entrisme-mode-demploi-144833\" target=\"_blank\" rel=\"noopener nofollow\">Fr\u00e8res musulmans<\/a>, est d\u00e9sormais le premier parti du pays, avec 31 si\u00e8ges sur 138 au Parlement.<\/p>\n<p>Depuis son retour en sc\u00e8ne en 1989, l\u2019Assembl\u00e9e, longtemps per\u00e7ue comme une chambre d&rsquo;enregistrement des d\u00e9cisions royales et des int\u00e9r\u00eats tribaux, suscitait un int\u00e9r\u00eat limit\u00e9. Cependant, la perc\u00e9e spectaculaire du parti islamiste, malgr\u00e9 sa r\u00e9pression continue par les autorit\u00e9s, a r\u00e9veill\u00e9 les esprits en Jordanie. Comment expliquer ce bouleversement soudain ?<\/p>\n<div>\n<p>Tous les regards se tournent vers Gaza. Tout au long de la campagne, le <a href=\"https:\/\/www.lejdd.fr\/societe\/freres-musulmans-une-prise-de-conscience-politique-opportuniste-145043\" target=\"_blank\" rel=\"noopener nofollow\">Front d&rsquo;Action Islamique<\/a> n\u2019a cess\u00e9 d\u2019invoquer le martyr du peuple palestinien, touchant une corde sensible dans un pays o\u00f9 70 % de la population est d\u2019origine palestinienne. Le 8 septembre dernier, Maher El Jazi, un camionneur jordanien, a tu\u00e9 trois soldats isra\u00e9liens sur le pont Allenby, \u00e0 la fronti\u00e8re avec la Cisjordanie. Cet acte, bien que condamn\u00e9 publiquement, a \u00e9t\u00e9 secr\u00e8tement applaudi par une grande partie des Jordaniens.<\/p>\n<p>Le Front d&rsquo;Action Islamique, quant \u00e0 lui, n&rsquo;a pas h\u00e9sit\u00e9 \u00e0 exprimer ouvertement sa fiert\u00e9, qualifiant cet attentat d\u2019\u00ab h\u00e9ro\u00efque \u00bb. Toujours pr\u00eat \u00e0 capitaliser sur de tels \u00e9v\u00e9nements, le parti a imm\u00e9diatement rendu visite \u00e0 la tribu b\u00e9douine de Maher El Jazi, les Haweitati, pour pr\u00e9senter ses condol\u00e9ances au \u00ab h\u00e9ros \u00bb \u00e0 la fois assassin et tu\u00e9. Ce soutien ind\u00e9fectible s\u2019est rapidement traduit dans les urnes.<\/p>\n<p>Bien que le Royaume hach\u00e9mite ait sign\u00e9 un accord de paix avec Isra\u00ebl en 1994, l\u2019adh\u00e9sion populaire \u00e0 cette amiti\u00e9 reste quasi inexistante. Dans les rues jordaniennes, des \u00e9toiles de David peintes en bleu ornent les poubelles m\u00e9talliques, tandis que d&rsquo;autres sont trac\u00e9es sur les trottoirs, pour \u00eatre d\u00e9lib\u00e9r\u00e9ment pi\u00e9tin\u00e9es. Quiconque ose d\u00e9signer Isra\u00ebl comme un voisin est souvent corrig\u00e9, on lui explique qu&rsquo;il s\u2019agit en r\u00e9alit\u00e9 de la Palestine. <em>\u00ab S&rsquo;il vous pla\u00eet, ne dites pas ce mot Isra\u00ebl \u00bb<\/em>, implore une jeune femme. Cependant, la situation \u00e0 Gaza n&rsquo;est qu&rsquo;une des raisons expliquant le succ\u00e8s croissant du parti islamiste.<\/p>\n<div class=\"lmn-inread lmn-desk\"> <span>La suite apr\u00e8s cette publicit\u00e9<\/span> <\/div>\n<h2>Un besoin d\u2019emploi transform\u00e9 en qu\u00eate identitaire<\/h2>\n<p>\u00c0 la suite des printemps arabes, la jeunesse jordanienne a r\u00e9clam\u00e9 des r\u00e9formes politiques, sociales et \u00e9conomiques. Le poids des structures tribales devait s&rsquo;effacer pour permettre la modernisation du pays, et surtout r\u00e9pondre aux besoins d\u2019une g\u00e9n\u00e9ration en grande partie priv\u00e9e d\u2019un emploi stable. Ce m\u00e9contentement g\u00e9n\u00e9ralis\u00e9 a rapidement profit\u00e9 aux islamistes.<\/p>\n<p>La cr\u00e9ation d\u2019un syndicat des enseignants, interdit depuis 2020, est devenue l\u2019\u00e9tendard du mouvement de contestation. Parmi ses principales revendications : une \u00e9ducation plus conforme \u00e0 l\u2019identit\u00e9 musulmane du pays et une ferme opposition \u00e0 l&rsquo;occidentalisation des \u00e9lites, per\u00e7ues comme corrompues, n\u00e9potistes et d\u00e9tach\u00e9es des r\u00e9alit\u00e9s sociales.<\/p>\n<p>Les partis islamistes ont su r\u00e9pondre aux aspirations de la jeunesse avec un programme fortement identitaire, o\u00f9 leur interpr\u00e9tation de l\u2019Islam occupe une place centrale. Ce pari s\u2019est av\u00e9r\u00e9 gagnant. Selon un sondage r\u00e9cent men\u00e9 par l\u2019International Republican Institute (IRI), 70 % des Jordaniens souhaitent une plus grande pr\u00e9sence de l\u2019Islam dans la soci\u00e9t\u00e9.<\/p>\n<p>S\u2019adaptant aux \u00e9volutions sociales, le parti islamiste a \u00e9galement reconnu l\u2019importance des femmes dans la d\u00e9fense d\u2019une identit\u00e9 per\u00e7ue comme bafou\u00e9e par les dirigeants. L\u2019inclusion des femmes en politique, encourag\u00e9e par le roi Abdallah II, a m\u00eame favoris\u00e9 le parti. Durant la campagne \u00e9lectorale, des affiches de femmes en niqab, ne r\u00e9v\u00e9lant que leurs yeux, ont inond\u00e9 les rues, mobilisant un public f\u00e9minin sous une surveillance s\u00e9curitaire stricte. Les s\u0153urs musulmanes ont remport\u00e9 six si\u00e8ges, surpassant les scores des autres partis en termes de repr\u00e9sentation f\u00e9minine.<\/p>\n<p>Le succ\u00e8s du Front d&rsquo;Action Islamique en Jordanie suscite de nombreux d\u00e9bats. L\u2019ouverture propos\u00e9e par le roi Abdallah II, bien que n\u00e9cessaire pour apaiser les tensions internes, comporte des risques, surtout dans un contexte r\u00e9gional d\u00e9j\u00e0 tendu. Le royaume hach\u00e9mite, constamment en \u00e9quilibre entre des forces oppos\u00e9es, est l\u2019un des rares pays \u00e0 avoir reconnu la confr\u00e9rie des Fr\u00e8res musulmans d\u00e8s 1945, alors que d\u2019autres nations, domin\u00e9es par l\u2019id\u00e9ologie panarabiste, l\u2019ont vigoureusement r\u00e9prim\u00e9e.<\/p>\n<p>La Jordanie est \u00e9galement le deuxi\u00e8me pays, apr\u00e8s l\u2019\u00c9gypte, \u00e0 avoir sign\u00e9 un accord de paix avec Isra\u00ebl, tout en devant composer avec une population majoritairement palestinienne. Le royaume d\u00e9pend fortement de son alliance g\u00e9ostrat\u00e9gique avec les \u00c9tats-Unis, son principal pourvoyeur d\u2019aide au d\u00e9veloppement, tout en r\u00e9sistant \u00e0 la pression de devenir une \u00ab seconde Palestine \u00bb. Dans ce contexte complexe, le roi Abdallah II n\u2019a d\u2019autre choix que d\u2019invoquer la mod\u00e9ration comme un talisman, esp\u00e9rant ainsi pr\u00e9server la stabilit\u00e9 de son pays et la p\u00e9rennit\u00e9 de son pouvoir.<\/p>\n<\/div>\n<p>La chronique se veut g\u00e9n\u00e9r\u00e9e de la fa\u00e7on la plus claire que possible. Dans le cas o\u00f9 vous souhaitez pr\u00e9senter des renseignements compl\u00e9mentaires \u00e0 cet article sur le sujet \u00ab\u00a0Fr\u00e8res jumeaux de l&rsquo;Essonnes\u00a0\u00bb il vous est possible d\u2019\u00e9crire aux contacts indiqu\u00e9s sur notre website. La raison d\u2019\u00eatre de jumeaux91.fr \u00e9tant de rassembler sur le web des posts sur le sujet de Fr\u00e8res jumeaux de l&rsquo;Essonnes puis les diffuser en r\u00e9pondant au mieux aux interrogations des gens. Vous pouvez tirer profit de cet article traitant le sujet \u00ab\u00a0Fr\u00e8res jumeaux de l&rsquo;Essonnes\u00a0\u00bb. Il est concoct\u00e9 par l\u2019\u00e9quipe jumeaux91.fr. Prochainement, nous rendrons accessibles au public d&rsquo;autres informations pertinentes sur le sujet \u00ab\u00a0Fr\u00e8res jumeaux de l&rsquo;Essonnes\u00a0\u00bb. Alors, consultez syst\u00e9matiquement notre blog.<\/p>\n","protected":false},"excerpt":{"rendered":"<p>La Jordanie est-elle sur le point de plonger \u00e0 son tour dans une p\u00e9riode d\u2019instabilit\u00e9 politique ? Ce pays, souvent cit\u00e9 en exemple pour son habilet\u00e9 \u00e0 maintenir un \u00e9quilibre g\u00e9opolitique d\u00e9licat et une coexistence pacifique entre musulmans et chr\u00e9tiens, vient de subir un v\u00e9ritable s\u00e9isme politique. Le Front d\u2019Action Islamique, branche politique des Fr\u00e8res&hellip; <a class=\"more-link\" href=\"https:\/\/jumeaux91.fr\/blog\/victoire-historique-des-freres-musulmans-en-jordanie-un-seisme-politique-pour-tout-le-proche-orient\/\">Poursuivre la lecture <span class=\"screen-reader-text\">Victoire historique des Fr\u00e8res musulmans en Jordanie : un s\u00e9isme politique pour tout le Proche-Orient<\/span><\/a><\/p>\n","protected":false},"author":2,"featured_media":701,"comment_status":"closed","ping_status":"closed","sticky":false,"template":"","format":"standard","meta":{"footnotes":""},"categories":[4],"tags":[],"class_list":["post-700","post","type-post","status-publish","format-standard","has-post-thumbnail","hentry","category-posts-freres-jumeaux-de-lessonnes","entry"],"yoast_head":"<!-- This site is optimized with the Yoast SEO plugin v27.5 - https:\/\/yoast.com\/product\/yoast-seo-wordpress\/ -->\n<title>Victoire historique des Fr\u00e8res musulmans en Jordanie : un s\u00e9isme politique pour tout le Proche-Orient - JUMEAUX91<\/title>\n<meta name=\"robots\" content=\"index, follow, max-snippet:-1, max-image-preview:large, max-video-preview:-1\" \/>\n<link rel=\"canonical\" href=\"https:\/\/jumeaux91.fr\/blog\/victoire-historique-des-freres-musulmans-en-jordanie-un-seisme-politique-pour-tout-le-proche-orient\/\" \/>\n<meta property=\"og:locale\" content=\"fr_FR\" \/>\n<meta property=\"og:type\" content=\"article\" \/>\n<meta property=\"og:title\" content=\"Victoire historique des Fr\u00e8res musulmans en Jordanie : un s\u00e9isme politique pour tout le Proche-Orient - JUMEAUX91\" \/>\n<meta property=\"og:description\" content=\"La Jordanie est-elle sur le point de plonger \u00e0 son tour dans une p\u00e9riode d\u2019instabilit\u00e9 politique ? Ce pays, souvent cit\u00e9 en exemple pour son habilet\u00e9 \u00e0 maintenir un \u00e9quilibre g\u00e9opolitique d\u00e9licat et une coexistence pacifique entre musulmans et chr\u00e9tiens, vient de subir un v\u00e9ritable s\u00e9isme politique. Le Front d\u2019Action Islamique, branche politique des Fr\u00e8res&hellip; Poursuivre la lecture Victoire historique des Fr\u00e8res musulmans en Jordanie : un s\u00e9isme politique pour tout le Proche-Orient\" \/>\n<meta property=\"og:url\" content=\"https:\/\/jumeaux91.fr\/blog\/victoire-historique-des-freres-musulmans-en-jordanie-un-seisme-politique-pour-tout-le-proche-orient\/\" \/>\n<meta property=\"og:site_name\" content=\"JUMEAUX91\" \/>\n<meta property=\"article:published_time\" content=\"2024-09-12T08:56:00+00:00\" \/>\n<meta property=\"og:image\" content=\"https:\/\/jumeaux91.fr\/blog\/wp-content\/uploads\/2024\/09\/victoire-historique-des-freres-musulmans-en-jordanie-un-seisme-politique-pour-tout-le-proche-orient.jpg\" \/>\n<meta name=\"author\" content=\"Claude DAYRES\" \/>\n<meta name=\"twitter:card\" content=\"summary_large_image\" \/>\n<meta name=\"twitter:label1\" content=\"\u00c9crit par\" \/>\n\t<meta name=\"twitter:data1\" content=\"Claude DAYRES\" \/>\n\t<meta name=\"twitter:label2\" content=\"Dur\u00e9e de lecture estim\u00e9e\" \/>\n\t<meta name=\"twitter:data2\" content=\"5 minutes\" \/>\n<script type=\"application\/ld+json\" class=\"yoast-schema-graph\">{\"@context\":\"https:\\\/\\\/schema.org\",\"@graph\":[{\"@type\":\"Article\",\"@id\":\"https:\\\/\\\/jumeaux91.fr\\\/blog\\\/victoire-historique-des-freres-musulmans-en-jordanie-un-seisme-politique-pour-tout-le-proche-orient\\\/#article\",\"isPartOf\":{\"@id\":\"https:\\\/\\\/jumeaux91.fr\\\/blog\\\/victoire-historique-des-freres-musulmans-en-jordanie-un-seisme-politique-pour-tout-le-proche-orient\\\/\"},\"author\":{\"name\":\"Claude DAYRES\",\"@id\":\"https:\\\/\\\/jumeaux91.fr\\\/blog\\\/#\\\/schema\\\/person\\\/21da06e9f119b9f64e5d45dbbd32d3fb\"},\"headline\":\"Victoire historique des Fr\u00e8res musulmans en Jordanie : un s\u00e9isme politique pour tout le Proche-Orient\",\"datePublished\":\"2024-09-12T08:56:00+00:00\",\"mainEntityOfPage\":{\"@id\":\"https:\\\/\\\/jumeaux91.fr\\\/blog\\\/victoire-historique-des-freres-musulmans-en-jordanie-un-seisme-politique-pour-tout-le-proche-orient\\\/\"},\"wordCount\":1063,\"publisher\":{\"@id\":\"https:\\\/\\\/jumeaux91.fr\\\/blog\\\/#organization\"},\"image\":{\"@id\":\"https:\\\/\\\/jumeaux91.fr\\\/blog\\\/victoire-historique-des-freres-musulmans-en-jordanie-un-seisme-politique-pour-tout-le-proche-orient\\\/#primaryimage\"},\"thumbnailUrl\":\"https:\\\/\\\/jumeaux91.fr\\\/blog\\\/wp-content\\\/uploads\\\/2024\\\/09\\\/victoire-historique-des-freres-musulmans-en-jordanie-un-seisme-politique-pour-tout-le-proche-orient-scaled.jpg\",\"articleSection\":[\"Posts Fr\u00e8res Jumeaux De L'Essonnes:\"],\"inLanguage\":\"fr-FR\"},{\"@type\":\"WebPage\",\"@id\":\"https:\\\/\\\/jumeaux91.fr\\\/blog\\\/victoire-historique-des-freres-musulmans-en-jordanie-un-seisme-politique-pour-tout-le-proche-orient\\\/\",\"url\":\"https:\\\/\\\/jumeaux91.fr\\\/blog\\\/victoire-historique-des-freres-musulmans-en-jordanie-un-seisme-politique-pour-tout-le-proche-orient\\\/\",\"name\":\"Victoire historique des Fr\u00e8res musulmans en Jordanie : un s\u00e9isme politique pour tout le Proche-Orient - JUMEAUX91\",\"isPartOf\":{\"@id\":\"https:\\\/\\\/jumeaux91.fr\\\/blog\\\/#website\"},\"primaryImageOfPage\":{\"@id\":\"https:\\\/\\\/jumeaux91.fr\\\/blog\\\/victoire-historique-des-freres-musulmans-en-jordanie-un-seisme-politique-pour-tout-le-proche-orient\\\/#primaryimage\"},\"image\":{\"@id\":\"https:\\\/\\\/jumeaux91.fr\\\/blog\\\/victoire-historique-des-freres-musulmans-en-jordanie-un-seisme-politique-pour-tout-le-proche-orient\\\/#primaryimage\"},\"thumbnailUrl\":\"https:\\\/\\\/jumeaux91.fr\\\/blog\\\/wp-content\\\/uploads\\\/2024\\\/09\\\/victoire-historique-des-freres-musulmans-en-jordanie-un-seisme-politique-pour-tout-le-proche-orient-scaled.jpg\",\"datePublished\":\"2024-09-12T08:56:00+00:00\",\"breadcrumb\":{\"@id\":\"https:\\\/\\\/jumeaux91.fr\\\/blog\\\/victoire-historique-des-freres-musulmans-en-jordanie-un-seisme-politique-pour-tout-le-proche-orient\\\/#breadcrumb\"},\"inLanguage\":\"fr-FR\",\"potentialAction\":[{\"@type\":\"ReadAction\",\"target\":[\"https:\\\/\\\/jumeaux91.fr\\\/blog\\\/victoire-historique-des-freres-musulmans-en-jordanie-un-seisme-politique-pour-tout-le-proche-orient\\\/\"]}]},{\"@type\":\"ImageObject\",\"inLanguage\":\"fr-FR\",\"@id\":\"https:\\\/\\\/jumeaux91.fr\\\/blog\\\/victoire-historique-des-freres-musulmans-en-jordanie-un-seisme-politique-pour-tout-le-proche-orient\\\/#primaryimage\",\"url\":\"https:\\\/\\\/jumeaux91.fr\\\/blog\\\/wp-content\\\/uploads\\\/2024\\\/09\\\/victoire-historique-des-freres-musulmans-en-jordanie-un-seisme-politique-pour-tout-le-proche-orient-scaled.jpg\",\"contentUrl\":\"https:\\\/\\\/jumeaux91.fr\\\/blog\\\/wp-content\\\/uploads\\\/2024\\\/09\\\/victoire-historique-des-freres-musulmans-en-jordanie-un-seisme-politique-pour-tout-le-proche-orient-scaled.jpg\",\"width\":2560,\"height\":1707,\"caption\":\"Victoire historique des Fr\u00e8res musulmans en Jordanie : un s\u00e9isme politique pour tout le Proche Orient\"},{\"@type\":\"BreadcrumbList\",\"@id\":\"https:\\\/\\\/jumeaux91.fr\\\/blog\\\/victoire-historique-des-freres-musulmans-en-jordanie-un-seisme-politique-pour-tout-le-proche-orient\\\/#breadcrumb\",\"itemListElement\":[{\"@type\":\"ListItem\",\"position\":1,\"name\":\"Accueil\",\"item\":\"https:\\\/\\\/jumeaux91.fr\\\/blog\\\/\"},{\"@type\":\"ListItem\",\"position\":2,\"name\":\"Victoire historique des Fr\u00e8res musulmans en Jordanie : un s\u00e9isme politique pour tout le Proche-Orient\"}]},{\"@type\":\"WebSite\",\"@id\":\"https:\\\/\\\/jumeaux91.fr\\\/blog\\\/#website\",\"url\":\"https:\\\/\\\/jumeaux91.fr\\\/blog\\\/\",\"name\":\"JUMEAUX91\",\"description\":\"Fr\u00e8res jumeaux de l&#039;Essonnes; informations et archives, \u00e0 savoir et retenir.\",\"publisher\":{\"@id\":\"https:\\\/\\\/jumeaux91.fr\\\/blog\\\/#organization\"},\"potentialAction\":[{\"@type\":\"SearchAction\",\"target\":{\"@type\":\"EntryPoint\",\"urlTemplate\":\"https:\\\/\\\/jumeaux91.fr\\\/blog\\\/?s={search_term_string}\"},\"query-input\":{\"@type\":\"PropertyValueSpecification\",\"valueRequired\":true,\"valueName\":\"search_term_string\"}}],\"inLanguage\":\"fr-FR\"},{\"@type\":\"Organization\",\"@id\":\"https:\\\/\\\/jumeaux91.fr\\\/blog\\\/#organization\",\"name\":\"jumeaux91\",\"url\":\"https:\\\/\\\/jumeaux91.fr\\\/blog\\\/\",\"logo\":{\"@type\":\"ImageObject\",\"inLanguage\":\"fr-FR\",\"@id\":\"https:\\\/\\\/jumeaux91.fr\\\/blog\\\/#\\\/schema\\\/logo\\\/image\\\/\",\"url\":\"https:\\\/\\\/jumeaux91.fr\\\/blog\\\/wp-content\\\/uploads\\\/2023\\\/05\\\/cropped-cropped-logoJ_91.png\",\"contentUrl\":\"https:\\\/\\\/jumeaux91.fr\\\/blog\\\/wp-content\\\/uploads\\\/2023\\\/05\\\/cropped-cropped-logoJ_91.png\",\"width\":512,\"height\":512,\"caption\":\"jumeaux91\"},\"image\":{\"@id\":\"https:\\\/\\\/jumeaux91.fr\\\/blog\\\/#\\\/schema\\\/logo\\\/image\\\/\"}},{\"@type\":\"Person\",\"@id\":\"https:\\\/\\\/jumeaux91.fr\\\/blog\\\/#\\\/schema\\\/person\\\/21da06e9f119b9f64e5d45dbbd32d3fb\",\"name\":\"Claude DAYRES\",\"image\":{\"@type\":\"ImageObject\",\"inLanguage\":\"fr-FR\",\"@id\":\"https:\\\/\\\/secure.gravatar.com\\\/avatar\\\/82eb951df6110a2c48d1bfa7a67d1ee6f0cd5df3cbf9c3586dd61e82db7172a5?s=96&d=mm&r=g\",\"url\":\"https:\\\/\\\/secure.gravatar.com\\\/avatar\\\/82eb951df6110a2c48d1bfa7a67d1ee6f0cd5df3cbf9c3586dd61e82db7172a5?s=96&d=mm&r=g\",\"contentUrl\":\"https:\\\/\\\/secure.gravatar.com\\\/avatar\\\/82eb951df6110a2c48d1bfa7a67d1ee6f0cd5df3cbf9c3586dd61e82db7172a5?s=96&d=mm&r=g\",\"caption\":\"Claude DAYRES\"},\"url\":\"https:\\\/\\\/jumeaux91.fr\\\/blog\\\/author\\\/x91claude\\\/\"}]}<\/script>\n<!-- \/ Yoast SEO plugin. -->","yoast_head_json":{"title":"Victoire historique des Fr\u00e8res musulmans en Jordanie : un s\u00e9isme politique pour tout le Proche-Orient - JUMEAUX91","robots":{"index":"index","follow":"follow","max-snippet":"max-snippet:-1","max-image-preview":"max-image-preview:large","max-video-preview":"max-video-preview:-1"},"canonical":"https:\/\/jumeaux91.fr\/blog\/victoire-historique-des-freres-musulmans-en-jordanie-un-seisme-politique-pour-tout-le-proche-orient\/","og_locale":"fr_FR","og_type":"article","og_title":"Victoire historique des Fr\u00e8res musulmans en Jordanie : un s\u00e9isme politique pour tout le Proche-Orient - JUMEAUX91","og_description":"La Jordanie est-elle sur le point de plonger \u00e0 son tour dans une p\u00e9riode d\u2019instabilit\u00e9 politique ? Ce pays, souvent cit\u00e9 en exemple pour son habilet\u00e9 \u00e0 maintenir un \u00e9quilibre g\u00e9opolitique d\u00e9licat et une coexistence pacifique entre musulmans et chr\u00e9tiens, vient de subir un v\u00e9ritable s\u00e9isme politique. Le Front d\u2019Action Islamique, branche politique des Fr\u00e8res&hellip; Poursuivre la lecture Victoire historique des Fr\u00e8res musulmans en Jordanie : un s\u00e9isme politique pour tout le Proche-Orient","og_url":"https:\/\/jumeaux91.fr\/blog\/victoire-historique-des-freres-musulmans-en-jordanie-un-seisme-politique-pour-tout-le-proche-orient\/","og_site_name":"JUMEAUX91","article_published_time":"2024-09-12T08:56:00+00:00","og_image":[{"url":"https:\/\/jumeaux91.fr\/blog\/wp-content\/uploads\/2024\/09\/victoire-historique-des-freres-musulmans-en-jordanie-un-seisme-politique-pour-tout-le-proche-orient.jpg","type":"","width":"","height":""}],"author":"Claude DAYRES","twitter_card":"summary_large_image","twitter_misc":{"\u00c9crit par":"Claude DAYRES","Dur\u00e9e de lecture estim\u00e9e":"5 minutes"},"schema":{"@context":"https:\/\/schema.org","@graph":[{"@type":"Article","@id":"https:\/\/jumeaux91.fr\/blog\/victoire-historique-des-freres-musulmans-en-jordanie-un-seisme-politique-pour-tout-le-proche-orient\/#article","isPartOf":{"@id":"https:\/\/jumeaux91.fr\/blog\/victoire-historique-des-freres-musulmans-en-jordanie-un-seisme-politique-pour-tout-le-proche-orient\/"},"author":{"name":"Claude DAYRES","@id":"https:\/\/jumeaux91.fr\/blog\/#\/schema\/person\/21da06e9f119b9f64e5d45dbbd32d3fb"},"headline":"Victoire historique des Fr\u00e8res musulmans en Jordanie : un s\u00e9isme politique pour tout le Proche-Orient","datePublished":"2024-09-12T08:56:00+00:00","mainEntityOfPage":{"@id":"https:\/\/jumeaux91.fr\/blog\/victoire-historique-des-freres-musulmans-en-jordanie-un-seisme-politique-pour-tout-le-proche-orient\/"},"wordCount":1063,"publisher":{"@id":"https:\/\/jumeaux91.fr\/blog\/#organization"},"image":{"@id":"https:\/\/jumeaux91.fr\/blog\/victoire-historique-des-freres-musulmans-en-jordanie-un-seisme-politique-pour-tout-le-proche-orient\/#primaryimage"},"thumbnailUrl":"https:\/\/jumeaux91.fr\/blog\/wp-content\/uploads\/2024\/09\/victoire-historique-des-freres-musulmans-en-jordanie-un-seisme-politique-pour-tout-le-proche-orient-scaled.jpg","articleSection":["Posts Fr\u00e8res Jumeaux De L'Essonnes:"],"inLanguage":"fr-FR"},{"@type":"WebPage","@id":"https:\/\/jumeaux91.fr\/blog\/victoire-historique-des-freres-musulmans-en-jordanie-un-seisme-politique-pour-tout-le-proche-orient\/","url":"https:\/\/jumeaux91.fr\/blog\/victoire-historique-des-freres-musulmans-en-jordanie-un-seisme-politique-pour-tout-le-proche-orient\/","name":"Victoire historique des Fr\u00e8res musulmans en Jordanie : un s\u00e9isme politique pour tout le Proche-Orient - JUMEAUX91","isPartOf":{"@id":"https:\/\/jumeaux91.fr\/blog\/#website"},"primaryImageOfPage":{"@id":"https:\/\/jumeaux91.fr\/blog\/victoire-historique-des-freres-musulmans-en-jordanie-un-seisme-politique-pour-tout-le-proche-orient\/#primaryimage"},"image":{"@id":"https:\/\/jumeaux91.fr\/blog\/victoire-historique-des-freres-musulmans-en-jordanie-un-seisme-politique-pour-tout-le-proche-orient\/#primaryimage"},"thumbnailUrl":"https:\/\/jumeaux91.fr\/blog\/wp-content\/uploads\/2024\/09\/victoire-historique-des-freres-musulmans-en-jordanie-un-seisme-politique-pour-tout-le-proche-orient-scaled.jpg","datePublished":"2024-09-12T08:56:00+00:00","breadcrumb":{"@id":"https:\/\/jumeaux91.fr\/blog\/victoire-historique-des-freres-musulmans-en-jordanie-un-seisme-politique-pour-tout-le-proche-orient\/#breadcrumb"},"inLanguage":"fr-FR","potentialAction":[{"@type":"ReadAction","target":["https:\/\/jumeaux91.fr\/blog\/victoire-historique-des-freres-musulmans-en-jordanie-un-seisme-politique-pour-tout-le-proche-orient\/"]}]},{"@type":"ImageObject","inLanguage":"fr-FR","@id":"https:\/\/jumeaux91.fr\/blog\/victoire-historique-des-freres-musulmans-en-jordanie-un-seisme-politique-pour-tout-le-proche-orient\/#primaryimage","url":"https:\/\/jumeaux91.fr\/blog\/wp-content\/uploads\/2024\/09\/victoire-historique-des-freres-musulmans-en-jordanie-un-seisme-politique-pour-tout-le-proche-orient-scaled.jpg","contentUrl":"https:\/\/jumeaux91.fr\/blog\/wp-content\/uploads\/2024\/09\/victoire-historique-des-freres-musulmans-en-jordanie-un-seisme-politique-pour-tout-le-proche-orient-scaled.jpg","width":2560,"height":1707,"caption":"Victoire historique des Fr\u00e8res musulmans en Jordanie : un s\u00e9isme politique pour tout le Proche Orient"},{"@type":"BreadcrumbList","@id":"https:\/\/jumeaux91.fr\/blog\/victoire-historique-des-freres-musulmans-en-jordanie-un-seisme-politique-pour-tout-le-proche-orient\/#breadcrumb","itemListElement":[{"@type":"ListItem","position":1,"name":"Accueil","item":"https:\/\/jumeaux91.fr\/blog\/"},{"@type":"ListItem","position":2,"name":"Victoire historique des Fr\u00e8res musulmans en Jordanie : un s\u00e9isme politique pour tout le Proche-Orient"}]},{"@type":"WebSite","@id":"https:\/\/jumeaux91.fr\/blog\/#website","url":"https:\/\/jumeaux91.fr\/blog\/","name":"JUMEAUX91","description":"Fr\u00e8res jumeaux de l&#039;Essonnes; informations et archives, \u00e0 savoir et retenir.","publisher":{"@id":"https:\/\/jumeaux91.fr\/blog\/#organization"},"potentialAction":[{"@type":"SearchAction","target":{"@type":"EntryPoint","urlTemplate":"https:\/\/jumeaux91.fr\/blog\/?s={search_term_string}"},"query-input":{"@type":"PropertyValueSpecification","valueRequired":true,"valueName":"search_term_string"}}],"inLanguage":"fr-FR"},{"@type":"Organization","@id":"https:\/\/jumeaux91.fr\/blog\/#organization","name":"jumeaux91","url":"https:\/\/jumeaux91.fr\/blog\/","logo":{"@type":"ImageObject","inLanguage":"fr-FR","@id":"https:\/\/jumeaux91.fr\/blog\/#\/schema\/logo\/image\/","url":"https:\/\/jumeaux91.fr\/blog\/wp-content\/uploads\/2023\/05\/cropped-cropped-logoJ_91.png","contentUrl":"https:\/\/jumeaux91.fr\/blog\/wp-content\/uploads\/2023\/05\/cropped-cropped-logoJ_91.png","width":512,"height":512,"caption":"jumeaux91"},"image":{"@id":"https:\/\/jumeaux91.fr\/blog\/#\/schema\/logo\/image\/"}},{"@type":"Person","@id":"https:\/\/jumeaux91.fr\/blog\/#\/schema\/person\/21da06e9f119b9f64e5d45dbbd32d3fb","name":"Claude DAYRES","image":{"@type":"ImageObject","inLanguage":"fr-FR","@id":"https:\/\/secure.gravatar.com\/avatar\/82eb951df6110a2c48d1bfa7a67d1ee6f0cd5df3cbf9c3586dd61e82db7172a5?s=96&d=mm&r=g","url":"https:\/\/secure.gravatar.com\/avatar\/82eb951df6110a2c48d1bfa7a67d1ee6f0cd5df3cbf9c3586dd61e82db7172a5?s=96&d=mm&r=g","contentUrl":"https:\/\/secure.gravatar.com\/avatar\/82eb951df6110a2c48d1bfa7a67d1ee6f0cd5df3cbf9c3586dd61e82db7172a5?s=96&d=mm&r=g","caption":"Claude DAYRES"},"url":"https:\/\/jumeaux91.fr\/blog\/author\/x91claude\/"}]}},"_links":{"self":[{"href":"https:\/\/jumeaux91.fr\/blog\/wp-json\/wp\/v2\/posts\/700","targetHints":{"allow":["GET"]}}],"collection":[{"href":"https:\/\/jumeaux91.fr\/blog\/wp-json\/wp\/v2\/posts"}],"about":[{"href":"https:\/\/jumeaux91.fr\/blog\/wp-json\/wp\/v2\/types\/post"}],"author":[{"embeddable":true,"href":"https:\/\/jumeaux91.fr\/blog\/wp-json\/wp\/v2\/users\/2"}],"replies":[{"embeddable":true,"href":"https:\/\/jumeaux91.fr\/blog\/wp-json\/wp\/v2\/comments?post=700"}],"version-history":[{"count":0,"href":"https:\/\/jumeaux91.fr\/blog\/wp-json\/wp\/v2\/posts\/700\/revisions"}],"wp:featuredmedia":[{"embeddable":true,"href":"https:\/\/jumeaux91.fr\/blog\/wp-json\/wp\/v2\/media\/701"}],"wp:attachment":[{"href":"https:\/\/jumeaux91.fr\/blog\/wp-json\/wp\/v2\/media?parent=700"}],"wp:term":[{"taxonomy":"category","embeddable":true,"href":"https:\/\/jumeaux91.fr\/blog\/wp-json\/wp\/v2\/categories?post=700"},{"taxonomy":"post_tag","embeddable":true,"href":"https:\/\/jumeaux91.fr\/blog\/wp-json\/wp\/v2\/tags?post=700"}],"curies":[{"name":"wp","href":"https:\/\/api.w.org\/{rel}","templated":true}]}}