{"id":705,"date":"2024-09-15T15:53:00","date_gmt":"2024-09-15T13:53:00","guid":{"rendered":"https:\/\/jumeaux91.fr\/blog\/memorial-van-damme-et-kevin-et-jonathan-borlee-ne-purent-retenir-leurs-larmes\/"},"modified":"2024-09-15T15:53:00","modified_gmt":"2024-09-15T13:53:00","slug":"memorial-van-damme-et-kevin-et-jonathan-borlee-ne-purent-retenir-leurs-larmes","status":"publish","type":"post","link":"https:\/\/jumeaux91.fr\/blog\/memorial-van-damme-et-kevin-et-jonathan-borlee-ne-purent-retenir-leurs-larmes\/","title":{"rendered":"M\u00e9morial Van Damme : et Kevin et Jonathan Borl\u00e9e ne purent retenir leurs larmes\u2026"},"content":{"rendered":"<header class=\"r-article--header\"> Le M\u00e9morial Van Damme a rendu un vibrant et \u00e9mouvant hommage aux jumeaux Borl\u00e9e qui ont fait leurs adieux \u00e0 l\u2019athl\u00e9tisme. Une tr\u00e8s belle s\u00e9ance \u00e9motion. <span class=\"r-article--payant\">  Article r\u00e9serv\u00e9 aux abonn\u00e9s<\/span> <\/header>\n<figure role=\"img\" class=\"r-ratio--16-9 \" aria-label=\"Jonathan (\u00e0 g.) et Kevin Borl\u00e9e \u00e9taient particuli\u00e8rement \u00e9mus durant leur tour d\u2019honneur avant le M\u00e9morial Van Damme.\"> <img decoding=\"async\" data-copyright=\"BELGA\" class=\"r-img\" src=\"https:\/\/jumeaux91.fr\/blog\/wp-content\/uploads\/2024\/09\/memorial-van-damme-et-kevin-et-jonathan-borlee-ne-purent-retenir-leurs-larmes.jpg\" alt=\"Jonathan (\u00e0 g.) et Kevin Borl\u00e9e \u00e9taient particuli\u00e8rement \u00e9mus durant leur tour d\u2019honneur avant le M\u00e9morial Van Damme.\"> <\/figure>\n<figure role=\"img\" class=\"r-author--img\"> <img decoding=\"async\" src=\"https:\/\/jumeaux91.fr\/blog\/wp-content\/uploads\/2024\/09\/memorial-van-damme-et-kevin-et-jonathan-borlee-ne-purent-retenir-leurs-larmes-1.jpg\" class=\"r-img lazyloaded\" data-src=\"https:\/\/jumeaux91.fr\/blog\/wp-content\/uploads\/2024\/09\/memorial-van-damme-et-kevin-et-jonathan-borlee-ne-purent-retenir-leurs-larmes-1.jpg\" alt=\"Philippe Vande Weyer\">   <img decoding=\"async\" class=\"r-img\" src=\"https:\/\/jumeaux91.fr\/blog\/wp-content\/uploads\/2024\/09\/memorial-van-damme-et-kevin-et-jonathan-borlee-ne-purent-retenir-leurs-larmes-1.jpg\" alt=\"Philippe Vande Weyer\"><br \/>\n<\/figure>\n<p><span class=\"r-meta--top\"><span class=\"r-article--qualite\">Journaliste au p\u00f4le Sports <\/span><\/p>\n<address>Par <a href=\"https:\/\/www.lesoir.be\/6034\/dpi-authors\/philippe-vande-weyer\" target=\"_blank\" rel=\"nofollow\">Philippe Vande Weyer<\/a> <\/address>\n<p><\/span><span class=\"r-meta--bottom\">\tPubli\u00e9 le 15\/09\/2024 \u00e0 22:53<br \/>\n<span class=\"r-readtime\">Temps de lecture: 1 min<br \/>\n<\/span><br \/>\n<\/span> <\/p>\n<aside class=\"r-article--sidebar\">\n <!-- \/\/ builder=DFPTagBuilder, site=LESOIRV2, pageType=node, context=\/Sections\/Soir Plus\/Sports\/Athl\u00e9tisme\/Diamond League, position=rgt-rec-d-1, edition=, domain=www.lesoir.be --><br \/>\n <!-- \/\/ builder=DFPTagBuilder, site=LESOIRV2, pageType=node, context=\/Sections\/Soir Plus\/Sports\/Athl\u00e9tisme\/Diamond League, position=rgt-rec-d-2, edition=, domain=www.lesoir.be -->  <\/aside>\n<p><span class=\"drop-cap r-lettrine\">I<\/span>ls ne s\u2019\u00e9taient sans doute pas attendus \u00e0 un tel hommage. Le M\u00e9morial Van Damme a mis les petits plats dans les grands, ce samedi, pour dire adieu aux fr\u00e8res Kevin et Jonathan Borl\u00e9e qui, \u00e0 36 ans, ont rang\u00e9 leurs spikes apr\u00e8s seize ann\u00e9es \u00e0 aligner les tours de piste, le premier ayant soign\u00e9 sa sortie une demi-heure plus t\u00f4t en remportant le titre interclubs sur 4 x 400 m avec ses \u00e9quipiers de l\u2019OE Hal, record de Belgique \u00e0 la cl\u00e9.<\/p>\n<p>  <strong class=\"r-paywall--heading\">  Cet article est r\u00e9serv\u00e9 aux abonn\u00e9s <\/strong> <\/p>\n<h4 class=\"r-paywall--offre\"> Acc\u00e9dez \u00e0 l&rsquo;information nationale et internationale v\u00e9rifi\u00e9e et d\u00e9crypt\u00e9e <span>1\u20ac\/semaine pendant 4 semaines (sans engagement)<\/span> <\/h4>\n<div class=\"r-paywall--detail -is-anonyme\">\n<h5>Avec cette offre, profitez de :<\/h5>\n<ul>\n<li>L\u2019acc\u00e8s illimit\u00e9 \u00e0 tous les articles, dossiers et reportages de la r\u00e9daction<\/li>\n<li>Le journal en version num\u00e9rique (PDF)<\/li>\n<li>Un confort de lecture avec publicit\u00e9 limit\u00e9e<\/li>\n<\/ul><\/div>\n<p>   <!-- \/\/ builder=DFPTagBuilder, site=LESOIRV2, pageType=node, context=\/Sections\/Soir Plus\/Sports\/Athl\u00e9tisme\/Diamond League, position=ctr-flexs-m-1, edition=, domain=www.lesoir.be --><br \/>\n  La chronique se veut g\u00e9n\u00e9r\u00e9e de la fa\u00e7on la plus claire que possible. Dans le cas o\u00f9 vous souhaitez pr\u00e9senter des renseignements compl\u00e9mentaires \u00e0 cet article sur le sujet \u00ab\u00a0Fr\u00e8res jumeaux de l&rsquo;Essonnes\u00a0\u00bb il vous est possible d\u2019\u00e9crire aux contacts indiqu\u00e9s sur notre website. La raison d\u2019\u00eatre de jumeaux91.fr \u00e9tant de rassembler sur le web des posts sur le sujet de Fr\u00e8res jumeaux de l&rsquo;Essonnes puis les diffuser en r\u00e9pondant au mieux aux interrogations des gens. Vous pouvez tirer profit de cet article traitant le sujet \u00ab\u00a0Fr\u00e8res jumeaux de l&rsquo;Essonnes\u00a0\u00bb. Il est concoct\u00e9 par l\u2019\u00e9quipe jumeaux91.fr. Prochainement, nous rendrons accessibles au public d&rsquo;autres informations pertinentes sur le sujet \u00ab\u00a0Fr\u00e8res jumeaux de l&rsquo;Essonnes\u00a0\u00bb. Alors, consultez syst\u00e9matiquement notre blog.<\/p>\n","protected":false},"excerpt":{"rendered":"<p>Le M\u00e9morial Van Damme a rendu un vibrant et \u00e9mouvant hommage aux jumeaux Borl\u00e9e qui ont fait leurs adieux \u00e0 l\u2019athl\u00e9tisme. Une tr\u00e8s belle s\u00e9ance \u00e9motion. Article r\u00e9serv\u00e9 aux abonn\u00e9s Journaliste au p\u00f4le Sports Par Philippe Vande Weyer Publi\u00e9 le 15\/09\/2024 \u00e0 22:53 Temps de lecture: 1 min Ils ne s\u2019\u00e9taient sans doute pas attendus&hellip; <a class=\"more-link\" href=\"https:\/\/jumeaux91.fr\/blog\/memorial-van-damme-et-kevin-et-jonathan-borlee-ne-purent-retenir-leurs-larmes\/\">Poursuivre la lecture <span class=\"screen-reader-text\">M\u00e9morial Van Damme : et Kevin et Jonathan Borl\u00e9e ne purent retenir leurs larmes\u2026<\/span><\/a><\/p>\n","protected":false},"author":2,"featured_media":706,"comment_status":"closed","ping_status":"closed","sticky":false,"template":"","format":"standard","meta":{"footnotes":""},"categories":[4],"tags":[],"class_list":["post-705","post","type-post","status-publish","format-standard","has-post-thumbnail","hentry","category-posts-freres-jumeaux-de-lessonnes","entry"],"yoast_head":"<!-- This site is optimized with the Yoast SEO plugin v27.5 - https:\/\/yoast.com\/product\/yoast-seo-wordpress\/ -->\n<title>M\u00e9morial Van Damme : et Kevin et Jonathan Borl\u00e9e ne purent retenir leurs larmes\u2026 - JUMEAUX91<\/title>\n<meta name=\"robots\" content=\"index, follow, max-snippet:-1, max-image-preview:large, max-video-preview:-1\" \/>\n<link rel=\"canonical\" href=\"https:\/\/jumeaux91.fr\/blog\/memorial-van-damme-et-kevin-et-jonathan-borlee-ne-purent-retenir-leurs-larmes\/\" \/>\n<meta property=\"og:locale\" content=\"fr_FR\" \/>\n<meta property=\"og:type\" content=\"article\" \/>\n<meta property=\"og:title\" content=\"M\u00e9morial Van Damme : et Kevin et Jonathan Borl\u00e9e ne purent retenir leurs larmes\u2026 - JUMEAUX91\" \/>\n<meta property=\"og:description\" content=\"Le M\u00e9morial Van Damme a rendu un vibrant et \u00e9mouvant hommage aux jumeaux Borl\u00e9e qui ont fait leurs adieux \u00e0 l\u2019athl\u00e9tisme. Une tr\u00e8s belle s\u00e9ance \u00e9motion. Article r\u00e9serv\u00e9 aux abonn\u00e9s Journaliste au p\u00f4le Sports Par Philippe Vande Weyer Publi\u00e9 le 15\/09\/2024 \u00e0 22:53 Temps de lecture: 1 min Ils ne s\u2019\u00e9taient sans doute pas attendus&hellip; Poursuivre la lecture M\u00e9morial Van Damme : et Kevin et Jonathan Borl\u00e9e ne purent retenir leurs larmes\u2026\" \/>\n<meta property=\"og:url\" content=\"https:\/\/jumeaux91.fr\/blog\/memorial-van-damme-et-kevin-et-jonathan-borlee-ne-purent-retenir-leurs-larmes\/\" \/>\n<meta property=\"og:site_name\" content=\"JUMEAUX91\" \/>\n<meta property=\"article:published_time\" content=\"2024-09-15T13:53:00+00:00\" \/>\n<meta property=\"og:image\" content=\"https:\/\/jumeaux91.fr\/blog\/wp-content\/uploads\/2024\/09\/memorial-van-damme-et-kevin-et-jonathan-borlee-ne-purent-retenir-leurs-larmes.jpg\" \/>\n<meta name=\"author\" content=\"Claude DAYRES\" \/>\n<meta name=\"twitter:card\" content=\"summary_large_image\" \/>\n<meta name=\"twitter:label1\" content=\"\u00c9crit par\" \/>\n\t<meta name=\"twitter:data1\" content=\"Claude DAYRES\" \/>\n\t<meta name=\"twitter:label2\" content=\"Dur\u00e9e de lecture estim\u00e9e\" \/>\n\t<meta name=\"twitter:data2\" content=\"2 minutes\" \/>\n<script type=\"application\/ld+json\" class=\"yoast-schema-graph\">{\"@context\":\"https:\\\/\\\/schema.org\",\"@graph\":[{\"@type\":\"Article\",\"@id\":\"https:\\\/\\\/jumeaux91.fr\\\/blog\\\/memorial-van-damme-et-kevin-et-jonathan-borlee-ne-purent-retenir-leurs-larmes\\\/#article\",\"isPartOf\":{\"@id\":\"https:\\\/\\\/jumeaux91.fr\\\/blog\\\/memorial-van-damme-et-kevin-et-jonathan-borlee-ne-purent-retenir-leurs-larmes\\\/\"},\"author\":{\"name\":\"Claude DAYRES\",\"@id\":\"https:\\\/\\\/jumeaux91.fr\\\/blog\\\/#\\\/schema\\\/person\\\/21da06e9f119b9f64e5d45dbbd32d3fb\"},\"headline\":\"M\u00e9morial Van Damme : et Kevin et Jonathan Borl\u00e9e ne purent retenir leurs larmes\u2026\",\"datePublished\":\"2024-09-15T13:53:00+00:00\",\"mainEntityOfPage\":{\"@id\":\"https:\\\/\\\/jumeaux91.fr\\\/blog\\\/memorial-van-damme-et-kevin-et-jonathan-borlee-ne-purent-retenir-leurs-larmes\\\/\"},\"wordCount\":351,\"publisher\":{\"@id\":\"https:\\\/\\\/jumeaux91.fr\\\/blog\\\/#organization\"},\"image\":{\"@id\":\"https:\\\/\\\/jumeaux91.fr\\\/blog\\\/memorial-van-damme-et-kevin-et-jonathan-borlee-ne-purent-retenir-leurs-larmes\\\/#primaryimage\"},\"thumbnailUrl\":\"https:\\\/\\\/jumeaux91.fr\\\/blog\\\/wp-content\\\/uploads\\\/2024\\\/09\\\/memorial-van-damme-et-kevin-et-jonathan-borlee-ne-purent-retenir-leurs-larmes.jpg\",\"articleSection\":[\"Posts Fr\u00e8res Jumeaux De L'Essonnes:\"],\"inLanguage\":\"fr-FR\"},{\"@type\":\"WebPage\",\"@id\":\"https:\\\/\\\/jumeaux91.fr\\\/blog\\\/memorial-van-damme-et-kevin-et-jonathan-borlee-ne-purent-retenir-leurs-larmes\\\/\",\"url\":\"https:\\\/\\\/jumeaux91.fr\\\/blog\\\/memorial-van-damme-et-kevin-et-jonathan-borlee-ne-purent-retenir-leurs-larmes\\\/\",\"name\":\"M\u00e9morial Van Damme : et Kevin et Jonathan Borl\u00e9e ne purent retenir leurs larmes\u2026 - JUMEAUX91\",\"isPartOf\":{\"@id\":\"https:\\\/\\\/jumeaux91.fr\\\/blog\\\/#website\"},\"primaryImageOfPage\":{\"@id\":\"https:\\\/\\\/jumeaux91.fr\\\/blog\\\/memorial-van-damme-et-kevin-et-jonathan-borlee-ne-purent-retenir-leurs-larmes\\\/#primaryimage\"},\"image\":{\"@id\":\"https:\\\/\\\/jumeaux91.fr\\\/blog\\\/memorial-van-damme-et-kevin-et-jonathan-borlee-ne-purent-retenir-leurs-larmes\\\/#primaryimage\"},\"thumbnailUrl\":\"https:\\\/\\\/jumeaux91.fr\\\/blog\\\/wp-content\\\/uploads\\\/2024\\\/09\\\/memorial-van-damme-et-kevin-et-jonathan-borlee-ne-purent-retenir-leurs-larmes.jpg\",\"datePublished\":\"2024-09-15T13:53:00+00:00\",\"breadcrumb\":{\"@id\":\"https:\\\/\\\/jumeaux91.fr\\\/blog\\\/memorial-van-damme-et-kevin-et-jonathan-borlee-ne-purent-retenir-leurs-larmes\\\/#breadcrumb\"},\"inLanguage\":\"fr-FR\",\"potentialAction\":[{\"@type\":\"ReadAction\",\"target\":[\"https:\\\/\\\/jumeaux91.fr\\\/blog\\\/memorial-van-damme-et-kevin-et-jonathan-borlee-ne-purent-retenir-leurs-larmes\\\/\"]}]},{\"@type\":\"ImageObject\",\"inLanguage\":\"fr-FR\",\"@id\":\"https:\\\/\\\/jumeaux91.fr\\\/blog\\\/memorial-van-damme-et-kevin-et-jonathan-borlee-ne-purent-retenir-leurs-larmes\\\/#primaryimage\",\"url\":\"https:\\\/\\\/jumeaux91.fr\\\/blog\\\/wp-content\\\/uploads\\\/2024\\\/09\\\/memorial-van-damme-et-kevin-et-jonathan-borlee-ne-purent-retenir-leurs-larmes.jpg\",\"contentUrl\":\"https:\\\/\\\/jumeaux91.fr\\\/blog\\\/wp-content\\\/uploads\\\/2024\\\/09\\\/memorial-van-damme-et-kevin-et-jonathan-borlee-ne-purent-retenir-leurs-larmes.jpg\",\"width\":864,\"height\":486,\"caption\":\"M\u00e9morial Van Damme : et Kevin et Jonathan Borl\u00e9e ne purent retenir leurs larmes\u2026\"},{\"@type\":\"BreadcrumbList\",\"@id\":\"https:\\\/\\\/jumeaux91.fr\\\/blog\\\/memorial-van-damme-et-kevin-et-jonathan-borlee-ne-purent-retenir-leurs-larmes\\\/#breadcrumb\",\"itemListElement\":[{\"@type\":\"ListItem\",\"position\":1,\"name\":\"Accueil\",\"item\":\"https:\\\/\\\/jumeaux91.fr\\\/blog\\\/\"},{\"@type\":\"ListItem\",\"position\":2,\"name\":\"M\u00e9morial Van Damme : et Kevin et Jonathan Borl\u00e9e ne purent retenir leurs larmes\u2026\"}]},{\"@type\":\"WebSite\",\"@id\":\"https:\\\/\\\/jumeaux91.fr\\\/blog\\\/#website\",\"url\":\"https:\\\/\\\/jumeaux91.fr\\\/blog\\\/\",\"name\":\"JUMEAUX91\",\"description\":\"Fr\u00e8res jumeaux de l&#039;Essonnes; informations et archives, \u00e0 savoir et retenir.\",\"publisher\":{\"@id\":\"https:\\\/\\\/jumeaux91.fr\\\/blog\\\/#organization\"},\"potentialAction\":[{\"@type\":\"SearchAction\",\"target\":{\"@type\":\"EntryPoint\",\"urlTemplate\":\"https:\\\/\\\/jumeaux91.fr\\\/blog\\\/?s={search_term_string}\"},\"query-input\":{\"@type\":\"PropertyValueSpecification\",\"valueRequired\":true,\"valueName\":\"search_term_string\"}}],\"inLanguage\":\"fr-FR\"},{\"@type\":\"Organization\",\"@id\":\"https:\\\/\\\/jumeaux91.fr\\\/blog\\\/#organization\",\"name\":\"jumeaux91\",\"url\":\"https:\\\/\\\/jumeaux91.fr\\\/blog\\\/\",\"logo\":{\"@type\":\"ImageObject\",\"inLanguage\":\"fr-FR\",\"@id\":\"https:\\\/\\\/jumeaux91.fr\\\/blog\\\/#\\\/schema\\\/logo\\\/image\\\/\",\"url\":\"https:\\\/\\\/jumeaux91.fr\\\/blog\\\/wp-content\\\/uploads\\\/2023\\\/05\\\/cropped-cropped-logoJ_91.png\",\"contentUrl\":\"https:\\\/\\\/jumeaux91.fr\\\/blog\\\/wp-content\\\/uploads\\\/2023\\\/05\\\/cropped-cropped-logoJ_91.png\",\"width\":512,\"height\":512,\"caption\":\"jumeaux91\"},\"image\":{\"@id\":\"https:\\\/\\\/jumeaux91.fr\\\/blog\\\/#\\\/schema\\\/logo\\\/image\\\/\"}},{\"@type\":\"Person\",\"@id\":\"https:\\\/\\\/jumeaux91.fr\\\/blog\\\/#\\\/schema\\\/person\\\/21da06e9f119b9f64e5d45dbbd32d3fb\",\"name\":\"Claude DAYRES\",\"image\":{\"@type\":\"ImageObject\",\"inLanguage\":\"fr-FR\",\"@id\":\"https:\\\/\\\/secure.gravatar.com\\\/avatar\\\/82eb951df6110a2c48d1bfa7a67d1ee6f0cd5df3cbf9c3586dd61e82db7172a5?s=96&d=mm&r=g\",\"url\":\"https:\\\/\\\/secure.gravatar.com\\\/avatar\\\/82eb951df6110a2c48d1bfa7a67d1ee6f0cd5df3cbf9c3586dd61e82db7172a5?s=96&d=mm&r=g\",\"contentUrl\":\"https:\\\/\\\/secure.gravatar.com\\\/avatar\\\/82eb951df6110a2c48d1bfa7a67d1ee6f0cd5df3cbf9c3586dd61e82db7172a5?s=96&d=mm&r=g\",\"caption\":\"Claude DAYRES\"},\"url\":\"https:\\\/\\\/jumeaux91.fr\\\/blog\\\/author\\\/x91claude\\\/\"}]}<\/script>\n<!-- \/ Yoast SEO plugin. -->","yoast_head_json":{"title":"M\u00e9morial Van Damme : et Kevin et Jonathan Borl\u00e9e ne purent retenir leurs larmes\u2026 - JUMEAUX91","robots":{"index":"index","follow":"follow","max-snippet":"max-snippet:-1","max-image-preview":"max-image-preview:large","max-video-preview":"max-video-preview:-1"},"canonical":"https:\/\/jumeaux91.fr\/blog\/memorial-van-damme-et-kevin-et-jonathan-borlee-ne-purent-retenir-leurs-larmes\/","og_locale":"fr_FR","og_type":"article","og_title":"M\u00e9morial Van Damme : et Kevin et Jonathan Borl\u00e9e ne purent retenir leurs larmes\u2026 - JUMEAUX91","og_description":"Le M\u00e9morial Van Damme a rendu un vibrant et \u00e9mouvant hommage aux jumeaux Borl\u00e9e qui ont fait leurs adieux \u00e0 l\u2019athl\u00e9tisme. Une tr\u00e8s belle s\u00e9ance \u00e9motion. Article r\u00e9serv\u00e9 aux abonn\u00e9s Journaliste au p\u00f4le Sports Par Philippe Vande Weyer Publi\u00e9 le 15\/09\/2024 \u00e0 22:53 Temps de lecture: 1 min Ils ne s\u2019\u00e9taient sans doute pas attendus&hellip; Poursuivre la lecture M\u00e9morial Van Damme : et Kevin et Jonathan Borl\u00e9e ne purent retenir leurs larmes\u2026","og_url":"https:\/\/jumeaux91.fr\/blog\/memorial-van-damme-et-kevin-et-jonathan-borlee-ne-purent-retenir-leurs-larmes\/","og_site_name":"JUMEAUX91","article_published_time":"2024-09-15T13:53:00+00:00","og_image":[{"url":"https:\/\/jumeaux91.fr\/blog\/wp-content\/uploads\/2024\/09\/memorial-van-damme-et-kevin-et-jonathan-borlee-ne-purent-retenir-leurs-larmes.jpg","type":"","width":"","height":""}],"author":"Claude DAYRES","twitter_card":"summary_large_image","twitter_misc":{"\u00c9crit par":"Claude DAYRES","Dur\u00e9e de lecture estim\u00e9e":"2 minutes"},"schema":{"@context":"https:\/\/schema.org","@graph":[{"@type":"Article","@id":"https:\/\/jumeaux91.fr\/blog\/memorial-van-damme-et-kevin-et-jonathan-borlee-ne-purent-retenir-leurs-larmes\/#article","isPartOf":{"@id":"https:\/\/jumeaux91.fr\/blog\/memorial-van-damme-et-kevin-et-jonathan-borlee-ne-purent-retenir-leurs-larmes\/"},"author":{"name":"Claude DAYRES","@id":"https:\/\/jumeaux91.fr\/blog\/#\/schema\/person\/21da06e9f119b9f64e5d45dbbd32d3fb"},"headline":"M\u00e9morial Van Damme : et Kevin et Jonathan Borl\u00e9e ne purent retenir leurs larmes\u2026","datePublished":"2024-09-15T13:53:00+00:00","mainEntityOfPage":{"@id":"https:\/\/jumeaux91.fr\/blog\/memorial-van-damme-et-kevin-et-jonathan-borlee-ne-purent-retenir-leurs-larmes\/"},"wordCount":351,"publisher":{"@id":"https:\/\/jumeaux91.fr\/blog\/#organization"},"image":{"@id":"https:\/\/jumeaux91.fr\/blog\/memorial-van-damme-et-kevin-et-jonathan-borlee-ne-purent-retenir-leurs-larmes\/#primaryimage"},"thumbnailUrl":"https:\/\/jumeaux91.fr\/blog\/wp-content\/uploads\/2024\/09\/memorial-van-damme-et-kevin-et-jonathan-borlee-ne-purent-retenir-leurs-larmes.jpg","articleSection":["Posts Fr\u00e8res Jumeaux De L'Essonnes:"],"inLanguage":"fr-FR"},{"@type":"WebPage","@id":"https:\/\/jumeaux91.fr\/blog\/memorial-van-damme-et-kevin-et-jonathan-borlee-ne-purent-retenir-leurs-larmes\/","url":"https:\/\/jumeaux91.fr\/blog\/memorial-van-damme-et-kevin-et-jonathan-borlee-ne-purent-retenir-leurs-larmes\/","name":"M\u00e9morial Van Damme : et Kevin et Jonathan Borl\u00e9e ne purent retenir leurs larmes\u2026 - JUMEAUX91","isPartOf":{"@id":"https:\/\/jumeaux91.fr\/blog\/#website"},"primaryImageOfPage":{"@id":"https:\/\/jumeaux91.fr\/blog\/memorial-van-damme-et-kevin-et-jonathan-borlee-ne-purent-retenir-leurs-larmes\/#primaryimage"},"image":{"@id":"https:\/\/jumeaux91.fr\/blog\/memorial-van-damme-et-kevin-et-jonathan-borlee-ne-purent-retenir-leurs-larmes\/#primaryimage"},"thumbnailUrl":"https:\/\/jumeaux91.fr\/blog\/wp-content\/uploads\/2024\/09\/memorial-van-damme-et-kevin-et-jonathan-borlee-ne-purent-retenir-leurs-larmes.jpg","datePublished":"2024-09-15T13:53:00+00:00","breadcrumb":{"@id":"https:\/\/jumeaux91.fr\/blog\/memorial-van-damme-et-kevin-et-jonathan-borlee-ne-purent-retenir-leurs-larmes\/#breadcrumb"},"inLanguage":"fr-FR","potentialAction":[{"@type":"ReadAction","target":["https:\/\/jumeaux91.fr\/blog\/memorial-van-damme-et-kevin-et-jonathan-borlee-ne-purent-retenir-leurs-larmes\/"]}]},{"@type":"ImageObject","inLanguage":"fr-FR","@id":"https:\/\/jumeaux91.fr\/blog\/memorial-van-damme-et-kevin-et-jonathan-borlee-ne-purent-retenir-leurs-larmes\/#primaryimage","url":"https:\/\/jumeaux91.fr\/blog\/wp-content\/uploads\/2024\/09\/memorial-van-damme-et-kevin-et-jonathan-borlee-ne-purent-retenir-leurs-larmes.jpg","contentUrl":"https:\/\/jumeaux91.fr\/blog\/wp-content\/uploads\/2024\/09\/memorial-van-damme-et-kevin-et-jonathan-borlee-ne-purent-retenir-leurs-larmes.jpg","width":864,"height":486,"caption":"M\u00e9morial Van Damme : et Kevin et Jonathan Borl\u00e9e ne purent retenir leurs larmes\u2026"},{"@type":"BreadcrumbList","@id":"https:\/\/jumeaux91.fr\/blog\/memorial-van-damme-et-kevin-et-jonathan-borlee-ne-purent-retenir-leurs-larmes\/#breadcrumb","itemListElement":[{"@type":"ListItem","position":1,"name":"Accueil","item":"https:\/\/jumeaux91.fr\/blog\/"},{"@type":"ListItem","position":2,"name":"M\u00e9morial Van Damme : et Kevin et Jonathan Borl\u00e9e ne purent retenir leurs larmes\u2026"}]},{"@type":"WebSite","@id":"https:\/\/jumeaux91.fr\/blog\/#website","url":"https:\/\/jumeaux91.fr\/blog\/","name":"JUMEAUX91","description":"Fr\u00e8res jumeaux de l&#039;Essonnes; informations et archives, \u00e0 savoir et retenir.","publisher":{"@id":"https:\/\/jumeaux91.fr\/blog\/#organization"},"potentialAction":[{"@type":"SearchAction","target":{"@type":"EntryPoint","urlTemplate":"https:\/\/jumeaux91.fr\/blog\/?s={search_term_string}"},"query-input":{"@type":"PropertyValueSpecification","valueRequired":true,"valueName":"search_term_string"}}],"inLanguage":"fr-FR"},{"@type":"Organization","@id":"https:\/\/jumeaux91.fr\/blog\/#organization","name":"jumeaux91","url":"https:\/\/jumeaux91.fr\/blog\/","logo":{"@type":"ImageObject","inLanguage":"fr-FR","@id":"https:\/\/jumeaux91.fr\/blog\/#\/schema\/logo\/image\/","url":"https:\/\/jumeaux91.fr\/blog\/wp-content\/uploads\/2023\/05\/cropped-cropped-logoJ_91.png","contentUrl":"https:\/\/jumeaux91.fr\/blog\/wp-content\/uploads\/2023\/05\/cropped-cropped-logoJ_91.png","width":512,"height":512,"caption":"jumeaux91"},"image":{"@id":"https:\/\/jumeaux91.fr\/blog\/#\/schema\/logo\/image\/"}},{"@type":"Person","@id":"https:\/\/jumeaux91.fr\/blog\/#\/schema\/person\/21da06e9f119b9f64e5d45dbbd32d3fb","name":"Claude DAYRES","image":{"@type":"ImageObject","inLanguage":"fr-FR","@id":"https:\/\/secure.gravatar.com\/avatar\/82eb951df6110a2c48d1bfa7a67d1ee6f0cd5df3cbf9c3586dd61e82db7172a5?s=96&d=mm&r=g","url":"https:\/\/secure.gravatar.com\/avatar\/82eb951df6110a2c48d1bfa7a67d1ee6f0cd5df3cbf9c3586dd61e82db7172a5?s=96&d=mm&r=g","contentUrl":"https:\/\/secure.gravatar.com\/avatar\/82eb951df6110a2c48d1bfa7a67d1ee6f0cd5df3cbf9c3586dd61e82db7172a5?s=96&d=mm&r=g","caption":"Claude DAYRES"},"url":"https:\/\/jumeaux91.fr\/blog\/author\/x91claude\/"}]}},"_links":{"self":[{"href":"https:\/\/jumeaux91.fr\/blog\/wp-json\/wp\/v2\/posts\/705","targetHints":{"allow":["GET"]}}],"collection":[{"href":"https:\/\/jumeaux91.fr\/blog\/wp-json\/wp\/v2\/posts"}],"about":[{"href":"https:\/\/jumeaux91.fr\/blog\/wp-json\/wp\/v2\/types\/post"}],"author":[{"embeddable":true,"href":"https:\/\/jumeaux91.fr\/blog\/wp-json\/wp\/v2\/users\/2"}],"replies":[{"embeddable":true,"href":"https:\/\/jumeaux91.fr\/blog\/wp-json\/wp\/v2\/comments?post=705"}],"version-history":[{"count":0,"href":"https:\/\/jumeaux91.fr\/blog\/wp-json\/wp\/v2\/posts\/705\/revisions"}],"wp:featuredmedia":[{"embeddable":true,"href":"https:\/\/jumeaux91.fr\/blog\/wp-json\/wp\/v2\/media\/706"}],"wp:attachment":[{"href":"https:\/\/jumeaux91.fr\/blog\/wp-json\/wp\/v2\/media?parent=705"}],"wp:term":[{"taxonomy":"category","embeddable":true,"href":"https:\/\/jumeaux91.fr\/blog\/wp-json\/wp\/v2\/categories?post=705"},{"taxonomy":"post_tag","embeddable":true,"href":"https:\/\/jumeaux91.fr\/blog\/wp-json\/wp\/v2\/tags?post=705"}],"curies":[{"name":"wp","href":"https:\/\/api.w.org\/{rel}","templated":true}]}}