{"id":707,"date":"2024-09-16T05:40:00","date_gmt":"2024-09-16T03:40:00","guid":{"rendered":"https:\/\/jumeaux91.fr\/blog\/deuse-remporte-les-etincelles-de-wallonie\/"},"modified":"2024-09-16T05:40:00","modified_gmt":"2024-09-16T03:40:00","slug":"deuse-remporte-les-etincelles-de-wallonie","status":"publish","type":"post","link":"https:\/\/jumeaux91.fr\/blog\/deuse-remporte-les-etincelles-de-wallonie\/","title":{"rendered":"Deuse remporte les \u00c9tincelles de Wallonie"},"content":{"rendered":"<div><img decoding=\"async\" src=\"https:\/\/jumeaux91.fr\/blog\/wp-content\/uploads\/2024\/09\/deuse-remporte-les-etincelles-de-wallonie.jpg\" class=\"ff-og-image-inserted\"><\/div>\n<p>La soci\u00e9t\u00e9 li\u00e9geoise <strong>Deuse,<\/strong> sp\u00e9cialis\u00e9e dans le d\u00e9veloppement d&rsquo;outils digitaux sur mesure, a r\u00e9cemment remport\u00e9 le prestigieux prix des <strong><a target=\"_blank\" href=\"https:\/\/connaitrelawallonie.wallonie.be\/fr\/wallons-marquants\/distinction-des-etincelles\/etincelles\" rel=\"noopener nofollow\">\u00c9tincelles de Wallonie<\/a>.<\/strong> Cette distinction met en lumi\u00e8re les jeunes talents et entreprises prometteurs de la r\u00e9gion. Fond\u00e9e par les fr\u00e8res jumeaux <strong>Maxime<\/strong> et <strong>Julien Deuse,<\/strong> l\u2019entreprise se distingue par ses innovations dans le secteur des technologies num\u00e9riques, ayant notamment d\u00e9velopp\u00e9 l&rsquo;app du <strong>Grand Prix<\/strong> de <strong>Spa-Francorchamps<\/strong> et la plateforme de r\u00e9servation de <strong>Pairi Daiza.<\/strong><\/p>\n<p>Lors de la c\u00e9r\u00e9monie qui s&rsquo;est tenue le 14 septembre \u00e0 l\u2019<strong>\u00c9lysette<\/strong>, si\u00e8ge de la Pr\u00e9sidence du Gouvernement wallon, Deuse a \u00e9t\u00e9 salu\u00e9e pour son impact significatif dans le domaine de l&rsquo;informatique. Ce prix vient r\u00e9compenser plusieurs ann\u00e9es de succ\u00e8s et de croissance pour l\u2019entreprise, fond\u00e9e en 2016.<\/p>\n<p>En parall\u00e8le de cette reconnaissance, Deuse annonce son expansion en Flandre avec l\u2019ouverture d\u2019un nouveau bureau \u00e0 Hasselt. Cette d\u00e9cision marque un retour aux sources pour les fr\u00e8res Deuse, qui ont \u00e9tudi\u00e9 \u00e0 Tongres. Le bureau sera dirig\u00e9 par <strong>Thomas<\/strong>&nbsp;<strong>Dilissen<\/strong> et vise \u00e0 renforcer leur pr\u00e9sence sur le march\u00e9 flamand. D\u00e9j\u00e0, Deuse a initi\u00e9 plusieurs projets en Flandre, incluant des collaborations avec la brasserie <strong>Lindemans,<\/strong> le cabinet comptable <strong>Finvision,<\/strong> l<strong>\u2019Universit\u00e9 de Gand<\/strong> et le <strong>Green Energy Park<\/strong> de Zeelick.<\/p>\n<p>Cette expansion en Flandre s&rsquo;accompagne d&rsquo;une volont\u00e9 de maintenir la proximit\u00e9 avec les clients tout en explorant de nouvelles opportunit\u00e9s. Maxime et Julien Deuse, reconnus pour leur d\u00e9termination et leur passion pour l\u2019informatique, continuent ainsi d&rsquo;\u00e9largir leur horizon, promettant de nouvelles r\u00e9ussites pour leur entreprise \u00e0 l\u2019\u00e9chelle nationale.<\/p>\n<p>La chronique se veut g\u00e9n\u00e9r\u00e9e de la fa\u00e7on la plus claire que possible. Dans le cas o\u00f9 vous souhaitez pr\u00e9senter des renseignements compl\u00e9mentaires \u00e0 cet article sur le sujet \u00ab\u00a0Fr\u00e8res jumeaux de l&rsquo;Essonnes\u00a0\u00bb il vous est possible d\u2019\u00e9crire aux contacts indiqu\u00e9s sur notre website. La raison d\u2019\u00eatre de jumeaux91.fr \u00e9tant de rassembler sur le web des posts sur le sujet de Fr\u00e8res jumeaux de l&rsquo;Essonnes puis les diffuser en r\u00e9pondant au mieux aux interrogations des gens. Vous pouvez tirer profit de cet article traitant le sujet \u00ab\u00a0Fr\u00e8res jumeaux de l&rsquo;Essonnes\u00a0\u00bb. Il est concoct\u00e9 par l\u2019\u00e9quipe jumeaux91.fr. Prochainement, nous rendrons accessibles au public d&rsquo;autres informations pertinentes sur le sujet \u00ab\u00a0Fr\u00e8res jumeaux de l&rsquo;Essonnes\u00a0\u00bb. Alors, consultez syst\u00e9matiquement notre blog.<\/p>\n","protected":false},"excerpt":{"rendered":"<p>La soci\u00e9t\u00e9 li\u00e9geoise Deuse, sp\u00e9cialis\u00e9e dans le d\u00e9veloppement d&rsquo;outils digitaux sur mesure, a r\u00e9cemment remport\u00e9 le prestigieux prix des \u00c9tincelles de Wallonie. Cette distinction met en lumi\u00e8re les jeunes talents et entreprises prometteurs de la r\u00e9gion. Fond\u00e9e par les fr\u00e8res jumeaux Maxime et Julien Deuse, l\u2019entreprise se distingue par ses innovations dans le secteur des&hellip; <a class=\"more-link\" href=\"https:\/\/jumeaux91.fr\/blog\/deuse-remporte-les-etincelles-de-wallonie\/\">Poursuivre la lecture <span class=\"screen-reader-text\">Deuse remporte les \u00c9tincelles de Wallonie<\/span><\/a><\/p>\n","protected":false},"author":2,"featured_media":708,"comment_status":"closed","ping_status":"closed","sticky":false,"template":"","format":"standard","meta":{"footnotes":""},"categories":[4],"tags":[],"class_list":["post-707","post","type-post","status-publish","format-standard","has-post-thumbnail","hentry","category-posts-freres-jumeaux-de-lessonnes","entry"],"yoast_head":"<!-- This site is optimized with the Yoast SEO plugin v27.5 - https:\/\/yoast.com\/product\/yoast-seo-wordpress\/ -->\n<title>Deuse remporte les \u00c9tincelles de Wallonie - JUMEAUX91<\/title>\n<meta name=\"robots\" content=\"index, follow, max-snippet:-1, max-image-preview:large, max-video-preview:-1\" \/>\n<link rel=\"canonical\" href=\"https:\/\/jumeaux91.fr\/blog\/deuse-remporte-les-etincelles-de-wallonie\/\" \/>\n<meta property=\"og:locale\" content=\"fr_FR\" \/>\n<meta property=\"og:type\" content=\"article\" \/>\n<meta property=\"og:title\" content=\"Deuse remporte les \u00c9tincelles de Wallonie - JUMEAUX91\" \/>\n<meta property=\"og:description\" content=\"La soci\u00e9t\u00e9 li\u00e9geoise Deuse, sp\u00e9cialis\u00e9e dans le d\u00e9veloppement d&rsquo;outils digitaux sur mesure, a r\u00e9cemment remport\u00e9 le prestigieux prix des \u00c9tincelles de Wallonie. Cette distinction met en lumi\u00e8re les jeunes talents et entreprises prometteurs de la r\u00e9gion. Fond\u00e9e par les fr\u00e8res jumeaux Maxime et Julien Deuse, l\u2019entreprise se distingue par ses innovations dans le secteur des&hellip; Poursuivre la lecture Deuse remporte les \u00c9tincelles de Wallonie\" \/>\n<meta property=\"og:url\" content=\"https:\/\/jumeaux91.fr\/blog\/deuse-remporte-les-etincelles-de-wallonie\/\" \/>\n<meta property=\"og:site_name\" content=\"JUMEAUX91\" \/>\n<meta property=\"article:published_time\" content=\"2024-09-16T03:40:00+00:00\" \/>\n<meta property=\"og:image\" content=\"https:\/\/jumeaux91.fr\/blog\/wp-content\/uploads\/2024\/09\/deuse-remporte-les-etincelles-de-wallonie.jpg\" \/>\n<meta name=\"author\" content=\"Claude DAYRES\" \/>\n<meta name=\"twitter:card\" content=\"summary_large_image\" \/>\n<meta name=\"twitter:label1\" content=\"\u00c9crit par\" \/>\n\t<meta name=\"twitter:data1\" content=\"Claude DAYRES\" \/>\n\t<meta name=\"twitter:label2\" content=\"Dur\u00e9e de lecture estim\u00e9e\" \/>\n\t<meta name=\"twitter:data2\" content=\"2 minutes\" \/>\n<script type=\"application\/ld+json\" class=\"yoast-schema-graph\">{\"@context\":\"https:\\\/\\\/schema.org\",\"@graph\":[{\"@type\":\"Article\",\"@id\":\"https:\\\/\\\/jumeaux91.fr\\\/blog\\\/deuse-remporte-les-etincelles-de-wallonie\\\/#article\",\"isPartOf\":{\"@id\":\"https:\\\/\\\/jumeaux91.fr\\\/blog\\\/deuse-remporte-les-etincelles-de-wallonie\\\/\"},\"author\":{\"name\":\"Claude DAYRES\",\"@id\":\"https:\\\/\\\/jumeaux91.fr\\\/blog\\\/#\\\/schema\\\/person\\\/21da06e9f119b9f64e5d45dbbd32d3fb\"},\"headline\":\"Deuse remporte les \u00c9tincelles de Wallonie\",\"datePublished\":\"2024-09-16T03:40:00+00:00\",\"mainEntityOfPage\":{\"@id\":\"https:\\\/\\\/jumeaux91.fr\\\/blog\\\/deuse-remporte-les-etincelles-de-wallonie\\\/\"},\"wordCount\":434,\"publisher\":{\"@id\":\"https:\\\/\\\/jumeaux91.fr\\\/blog\\\/#organization\"},\"image\":{\"@id\":\"https:\\\/\\\/jumeaux91.fr\\\/blog\\\/deuse-remporte-les-etincelles-de-wallonie\\\/#primaryimage\"},\"thumbnailUrl\":\"https:\\\/\\\/jumeaux91.fr\\\/blog\\\/wp-content\\\/uploads\\\/2024\\\/09\\\/deuse-remporte-les-etincelles-de-wallonie.jpg\",\"articleSection\":[\"Posts Fr\u00e8res Jumeaux De L'Essonnes:\"],\"inLanguage\":\"fr-FR\"},{\"@type\":\"WebPage\",\"@id\":\"https:\\\/\\\/jumeaux91.fr\\\/blog\\\/deuse-remporte-les-etincelles-de-wallonie\\\/\",\"url\":\"https:\\\/\\\/jumeaux91.fr\\\/blog\\\/deuse-remporte-les-etincelles-de-wallonie\\\/\",\"name\":\"Deuse remporte les \u00c9tincelles de Wallonie - JUMEAUX91\",\"isPartOf\":{\"@id\":\"https:\\\/\\\/jumeaux91.fr\\\/blog\\\/#website\"},\"primaryImageOfPage\":{\"@id\":\"https:\\\/\\\/jumeaux91.fr\\\/blog\\\/deuse-remporte-les-etincelles-de-wallonie\\\/#primaryimage\"},\"image\":{\"@id\":\"https:\\\/\\\/jumeaux91.fr\\\/blog\\\/deuse-remporte-les-etincelles-de-wallonie\\\/#primaryimage\"},\"thumbnailUrl\":\"https:\\\/\\\/jumeaux91.fr\\\/blog\\\/wp-content\\\/uploads\\\/2024\\\/09\\\/deuse-remporte-les-etincelles-de-wallonie.jpg\",\"datePublished\":\"2024-09-16T03:40:00+00:00\",\"breadcrumb\":{\"@id\":\"https:\\\/\\\/jumeaux91.fr\\\/blog\\\/deuse-remporte-les-etincelles-de-wallonie\\\/#breadcrumb\"},\"inLanguage\":\"fr-FR\",\"potentialAction\":[{\"@type\":\"ReadAction\",\"target\":[\"https:\\\/\\\/jumeaux91.fr\\\/blog\\\/deuse-remporte-les-etincelles-de-wallonie\\\/\"]}]},{\"@type\":\"ImageObject\",\"inLanguage\":\"fr-FR\",\"@id\":\"https:\\\/\\\/jumeaux91.fr\\\/blog\\\/deuse-remporte-les-etincelles-de-wallonie\\\/#primaryimage\",\"url\":\"https:\\\/\\\/jumeaux91.fr\\\/blog\\\/wp-content\\\/uploads\\\/2024\\\/09\\\/deuse-remporte-les-etincelles-de-wallonie.jpg\",\"contentUrl\":\"https:\\\/\\\/jumeaux91.fr\\\/blog\\\/wp-content\\\/uploads\\\/2024\\\/09\\\/deuse-remporte-les-etincelles-de-wallonie.jpg\",\"width\":1095,\"height\":730,\"caption\":\"Deuse remporte les \u00c9tincelles de Wallonie\"},{\"@type\":\"BreadcrumbList\",\"@id\":\"https:\\\/\\\/jumeaux91.fr\\\/blog\\\/deuse-remporte-les-etincelles-de-wallonie\\\/#breadcrumb\",\"itemListElement\":[{\"@type\":\"ListItem\",\"position\":1,\"name\":\"Accueil\",\"item\":\"https:\\\/\\\/jumeaux91.fr\\\/blog\\\/\"},{\"@type\":\"ListItem\",\"position\":2,\"name\":\"Deuse remporte les \u00c9tincelles de Wallonie\"}]},{\"@type\":\"WebSite\",\"@id\":\"https:\\\/\\\/jumeaux91.fr\\\/blog\\\/#website\",\"url\":\"https:\\\/\\\/jumeaux91.fr\\\/blog\\\/\",\"name\":\"JUMEAUX91\",\"description\":\"Fr\u00e8res jumeaux de l&#039;Essonnes; informations et archives, \u00e0 savoir et retenir.\",\"publisher\":{\"@id\":\"https:\\\/\\\/jumeaux91.fr\\\/blog\\\/#organization\"},\"potentialAction\":[{\"@type\":\"SearchAction\",\"target\":{\"@type\":\"EntryPoint\",\"urlTemplate\":\"https:\\\/\\\/jumeaux91.fr\\\/blog\\\/?s={search_term_string}\"},\"query-input\":{\"@type\":\"PropertyValueSpecification\",\"valueRequired\":true,\"valueName\":\"search_term_string\"}}],\"inLanguage\":\"fr-FR\"},{\"@type\":\"Organization\",\"@id\":\"https:\\\/\\\/jumeaux91.fr\\\/blog\\\/#organization\",\"name\":\"jumeaux91\",\"url\":\"https:\\\/\\\/jumeaux91.fr\\\/blog\\\/\",\"logo\":{\"@type\":\"ImageObject\",\"inLanguage\":\"fr-FR\",\"@id\":\"https:\\\/\\\/jumeaux91.fr\\\/blog\\\/#\\\/schema\\\/logo\\\/image\\\/\",\"url\":\"https:\\\/\\\/jumeaux91.fr\\\/blog\\\/wp-content\\\/uploads\\\/2023\\\/05\\\/cropped-cropped-logoJ_91.png\",\"contentUrl\":\"https:\\\/\\\/jumeaux91.fr\\\/blog\\\/wp-content\\\/uploads\\\/2023\\\/05\\\/cropped-cropped-logoJ_91.png\",\"width\":512,\"height\":512,\"caption\":\"jumeaux91\"},\"image\":{\"@id\":\"https:\\\/\\\/jumeaux91.fr\\\/blog\\\/#\\\/schema\\\/logo\\\/image\\\/\"}},{\"@type\":\"Person\",\"@id\":\"https:\\\/\\\/jumeaux91.fr\\\/blog\\\/#\\\/schema\\\/person\\\/21da06e9f119b9f64e5d45dbbd32d3fb\",\"name\":\"Claude DAYRES\",\"image\":{\"@type\":\"ImageObject\",\"inLanguage\":\"fr-FR\",\"@id\":\"https:\\\/\\\/secure.gravatar.com\\\/avatar\\\/82eb951df6110a2c48d1bfa7a67d1ee6f0cd5df3cbf9c3586dd61e82db7172a5?s=96&d=mm&r=g\",\"url\":\"https:\\\/\\\/secure.gravatar.com\\\/avatar\\\/82eb951df6110a2c48d1bfa7a67d1ee6f0cd5df3cbf9c3586dd61e82db7172a5?s=96&d=mm&r=g\",\"contentUrl\":\"https:\\\/\\\/secure.gravatar.com\\\/avatar\\\/82eb951df6110a2c48d1bfa7a67d1ee6f0cd5df3cbf9c3586dd61e82db7172a5?s=96&d=mm&r=g\",\"caption\":\"Claude DAYRES\"},\"url\":\"https:\\\/\\\/jumeaux91.fr\\\/blog\\\/author\\\/x91claude\\\/\"}]}<\/script>\n<!-- \/ Yoast SEO plugin. -->","yoast_head_json":{"title":"Deuse remporte les \u00c9tincelles de Wallonie - JUMEAUX91","robots":{"index":"index","follow":"follow","max-snippet":"max-snippet:-1","max-image-preview":"max-image-preview:large","max-video-preview":"max-video-preview:-1"},"canonical":"https:\/\/jumeaux91.fr\/blog\/deuse-remporte-les-etincelles-de-wallonie\/","og_locale":"fr_FR","og_type":"article","og_title":"Deuse remporte les \u00c9tincelles de Wallonie - JUMEAUX91","og_description":"La soci\u00e9t\u00e9 li\u00e9geoise Deuse, sp\u00e9cialis\u00e9e dans le d\u00e9veloppement d&rsquo;outils digitaux sur mesure, a r\u00e9cemment remport\u00e9 le prestigieux prix des \u00c9tincelles de Wallonie. Cette distinction met en lumi\u00e8re les jeunes talents et entreprises prometteurs de la r\u00e9gion. Fond\u00e9e par les fr\u00e8res jumeaux Maxime et Julien Deuse, l\u2019entreprise se distingue par ses innovations dans le secteur des&hellip; Poursuivre la lecture Deuse remporte les \u00c9tincelles de Wallonie","og_url":"https:\/\/jumeaux91.fr\/blog\/deuse-remporte-les-etincelles-de-wallonie\/","og_site_name":"JUMEAUX91","article_published_time":"2024-09-16T03:40:00+00:00","og_image":[{"url":"https:\/\/jumeaux91.fr\/blog\/wp-content\/uploads\/2024\/09\/deuse-remporte-les-etincelles-de-wallonie.jpg","type":"","width":"","height":""}],"author":"Claude DAYRES","twitter_card":"summary_large_image","twitter_misc":{"\u00c9crit par":"Claude DAYRES","Dur\u00e9e de lecture estim\u00e9e":"2 minutes"},"schema":{"@context":"https:\/\/schema.org","@graph":[{"@type":"Article","@id":"https:\/\/jumeaux91.fr\/blog\/deuse-remporte-les-etincelles-de-wallonie\/#article","isPartOf":{"@id":"https:\/\/jumeaux91.fr\/blog\/deuse-remporte-les-etincelles-de-wallonie\/"},"author":{"name":"Claude DAYRES","@id":"https:\/\/jumeaux91.fr\/blog\/#\/schema\/person\/21da06e9f119b9f64e5d45dbbd32d3fb"},"headline":"Deuse remporte les \u00c9tincelles de Wallonie","datePublished":"2024-09-16T03:40:00+00:00","mainEntityOfPage":{"@id":"https:\/\/jumeaux91.fr\/blog\/deuse-remporte-les-etincelles-de-wallonie\/"},"wordCount":434,"publisher":{"@id":"https:\/\/jumeaux91.fr\/blog\/#organization"},"image":{"@id":"https:\/\/jumeaux91.fr\/blog\/deuse-remporte-les-etincelles-de-wallonie\/#primaryimage"},"thumbnailUrl":"https:\/\/jumeaux91.fr\/blog\/wp-content\/uploads\/2024\/09\/deuse-remporte-les-etincelles-de-wallonie.jpg","articleSection":["Posts Fr\u00e8res Jumeaux De L'Essonnes:"],"inLanguage":"fr-FR"},{"@type":"WebPage","@id":"https:\/\/jumeaux91.fr\/blog\/deuse-remporte-les-etincelles-de-wallonie\/","url":"https:\/\/jumeaux91.fr\/blog\/deuse-remporte-les-etincelles-de-wallonie\/","name":"Deuse remporte les \u00c9tincelles de Wallonie - JUMEAUX91","isPartOf":{"@id":"https:\/\/jumeaux91.fr\/blog\/#website"},"primaryImageOfPage":{"@id":"https:\/\/jumeaux91.fr\/blog\/deuse-remporte-les-etincelles-de-wallonie\/#primaryimage"},"image":{"@id":"https:\/\/jumeaux91.fr\/blog\/deuse-remporte-les-etincelles-de-wallonie\/#primaryimage"},"thumbnailUrl":"https:\/\/jumeaux91.fr\/blog\/wp-content\/uploads\/2024\/09\/deuse-remporte-les-etincelles-de-wallonie.jpg","datePublished":"2024-09-16T03:40:00+00:00","breadcrumb":{"@id":"https:\/\/jumeaux91.fr\/blog\/deuse-remporte-les-etincelles-de-wallonie\/#breadcrumb"},"inLanguage":"fr-FR","potentialAction":[{"@type":"ReadAction","target":["https:\/\/jumeaux91.fr\/blog\/deuse-remporte-les-etincelles-de-wallonie\/"]}]},{"@type":"ImageObject","inLanguage":"fr-FR","@id":"https:\/\/jumeaux91.fr\/blog\/deuse-remporte-les-etincelles-de-wallonie\/#primaryimage","url":"https:\/\/jumeaux91.fr\/blog\/wp-content\/uploads\/2024\/09\/deuse-remporte-les-etincelles-de-wallonie.jpg","contentUrl":"https:\/\/jumeaux91.fr\/blog\/wp-content\/uploads\/2024\/09\/deuse-remporte-les-etincelles-de-wallonie.jpg","width":1095,"height":730,"caption":"Deuse remporte les \u00c9tincelles de Wallonie"},{"@type":"BreadcrumbList","@id":"https:\/\/jumeaux91.fr\/blog\/deuse-remporte-les-etincelles-de-wallonie\/#breadcrumb","itemListElement":[{"@type":"ListItem","position":1,"name":"Accueil","item":"https:\/\/jumeaux91.fr\/blog\/"},{"@type":"ListItem","position":2,"name":"Deuse remporte les \u00c9tincelles de Wallonie"}]},{"@type":"WebSite","@id":"https:\/\/jumeaux91.fr\/blog\/#website","url":"https:\/\/jumeaux91.fr\/blog\/","name":"JUMEAUX91","description":"Fr\u00e8res jumeaux de l&#039;Essonnes; informations et archives, \u00e0 savoir et retenir.","publisher":{"@id":"https:\/\/jumeaux91.fr\/blog\/#organization"},"potentialAction":[{"@type":"SearchAction","target":{"@type":"EntryPoint","urlTemplate":"https:\/\/jumeaux91.fr\/blog\/?s={search_term_string}"},"query-input":{"@type":"PropertyValueSpecification","valueRequired":true,"valueName":"search_term_string"}}],"inLanguage":"fr-FR"},{"@type":"Organization","@id":"https:\/\/jumeaux91.fr\/blog\/#organization","name":"jumeaux91","url":"https:\/\/jumeaux91.fr\/blog\/","logo":{"@type":"ImageObject","inLanguage":"fr-FR","@id":"https:\/\/jumeaux91.fr\/blog\/#\/schema\/logo\/image\/","url":"https:\/\/jumeaux91.fr\/blog\/wp-content\/uploads\/2023\/05\/cropped-cropped-logoJ_91.png","contentUrl":"https:\/\/jumeaux91.fr\/blog\/wp-content\/uploads\/2023\/05\/cropped-cropped-logoJ_91.png","width":512,"height":512,"caption":"jumeaux91"},"image":{"@id":"https:\/\/jumeaux91.fr\/blog\/#\/schema\/logo\/image\/"}},{"@type":"Person","@id":"https:\/\/jumeaux91.fr\/blog\/#\/schema\/person\/21da06e9f119b9f64e5d45dbbd32d3fb","name":"Claude DAYRES","image":{"@type":"ImageObject","inLanguage":"fr-FR","@id":"https:\/\/secure.gravatar.com\/avatar\/82eb951df6110a2c48d1bfa7a67d1ee6f0cd5df3cbf9c3586dd61e82db7172a5?s=96&d=mm&r=g","url":"https:\/\/secure.gravatar.com\/avatar\/82eb951df6110a2c48d1bfa7a67d1ee6f0cd5df3cbf9c3586dd61e82db7172a5?s=96&d=mm&r=g","contentUrl":"https:\/\/secure.gravatar.com\/avatar\/82eb951df6110a2c48d1bfa7a67d1ee6f0cd5df3cbf9c3586dd61e82db7172a5?s=96&d=mm&r=g","caption":"Claude DAYRES"},"url":"https:\/\/jumeaux91.fr\/blog\/author\/x91claude\/"}]}},"_links":{"self":[{"href":"https:\/\/jumeaux91.fr\/blog\/wp-json\/wp\/v2\/posts\/707","targetHints":{"allow":["GET"]}}],"collection":[{"href":"https:\/\/jumeaux91.fr\/blog\/wp-json\/wp\/v2\/posts"}],"about":[{"href":"https:\/\/jumeaux91.fr\/blog\/wp-json\/wp\/v2\/types\/post"}],"author":[{"embeddable":true,"href":"https:\/\/jumeaux91.fr\/blog\/wp-json\/wp\/v2\/users\/2"}],"replies":[{"embeddable":true,"href":"https:\/\/jumeaux91.fr\/blog\/wp-json\/wp\/v2\/comments?post=707"}],"version-history":[{"count":0,"href":"https:\/\/jumeaux91.fr\/blog\/wp-json\/wp\/v2\/posts\/707\/revisions"}],"wp:featuredmedia":[{"embeddable":true,"href":"https:\/\/jumeaux91.fr\/blog\/wp-json\/wp\/v2\/media\/708"}],"wp:attachment":[{"href":"https:\/\/jumeaux91.fr\/blog\/wp-json\/wp\/v2\/media?parent=707"}],"wp:term":[{"taxonomy":"category","embeddable":true,"href":"https:\/\/jumeaux91.fr\/blog\/wp-json\/wp\/v2\/categories?post=707"},{"taxonomy":"post_tag","embeddable":true,"href":"https:\/\/jumeaux91.fr\/blog\/wp-json\/wp\/v2\/tags?post=707"}],"curies":[{"name":"wp","href":"https:\/\/api.w.org\/{rel}","templated":true}]}}