{"id":709,"date":"2024-09-16T08:31:00","date_gmt":"2024-09-16T06:31:00","guid":{"rendered":"https:\/\/jumeaux91.fr\/blog\/lezignan-corbieres-le-tabac-espugna-a-change-dadresse\/"},"modified":"2024-09-16T08:31:00","modified_gmt":"2024-09-16T06:31:00","slug":"lezignan-corbieres-le-tabac-espugna-a-change-dadresse","status":"publish","type":"post","link":"https:\/\/jumeaux91.fr\/blog\/lezignan-corbieres-le-tabac-espugna-a-change-dadresse\/","title":{"rendered":"L\u00e9zignan-Corbi\u00e8res : le tabac Espugna a chang\u00e9 d\u2019adresse"},"content":{"rendered":"<div><img decoding=\"async\" src=\"https:\/\/jumeaux91.fr\/blog\/wp-content\/uploads\/2024\/09\/lezignan-corbieres-le-tabac-espugna-a-change-dadresse.jpg\" class=\"ff-og-image-inserted\"><\/div>\n<p> Dominique et R\u00e9gis Espugna ont transf\u00e9r\u00e9 leur activit\u00e9 dans la nouvelle zone commerciale o\u00f9 la salle Basic-Fit vient de s\u2019installer. Un d\u00e9m\u00e9nagement synonyme de nouveau d\u00e9part pour les deux fr\u00e8res. <\/p>\n<div> <!-- Pub DFP Position [outstream] --> <\/p>\n<p>C\u2019est une petite institution, dans le monde du commerce l\u00e9zignanais, qui a ferm\u00e9 ses portes en centre-ville pour prendre ses quartiers dans l\u2019avenue des Corbi\u00e8res, \u00e0 quelques petites enc\u00e2blures de la zone de Gaujac.<\/p>\n<p>Le 28&nbsp;ao\u00fbt dernier, en effet, les fr\u00e8res Espugna, Dominique et R\u00e9gis, tiraient le rideau de&nbsp;leur bureau de tabac qu\u2019ils tenaient depuis 1988 sur le cours de la R\u00e9publique, \u00e0 la suite de M. Chapeau. Direction la nouvelle zone, \u00e9rig\u00e9e par le groupe FAL, l\u00e0 m\u00eame o\u00f9 la salle de fitness&nbsp;Basic-Fit a ouvert ses portes derni\u00e8rement.<\/p>\n<p><!-- Pub DFP Position [article] --> <\/p>\n<p>Pourquoi un tel d\u00e9m\u00e9nagement&nbsp;? <em>\u00ab\u00a0Nous avions envie de tenter une nouvelle exp\u00e9rience, de relever un nouveau d\u00e9fi&nbsp;; chose que nous ne pouvions faire dans les conditions actuelles du centre-ville\u00a0\u00bb<\/em>, souligne Dominique.<\/p>\n<blockquote>\n<p>Nous sommes vraiment satisfaits du d\u00e9marrage<\/p>\n<\/blockquote>\n<p>D\u00e9sormais \u00e0 l\u2019aise dans&nbsp;les 90&nbsp;m2 de surface de vente disponibles, avec parking imm\u00e9diat et une belle luminosit\u00e9 qui \u00e9claire les lieux, les jumeaux entendent mener \u00e0 bien leurs objectifs autour d\u2019une collaboration \u00e9largie aux entreprises l\u00e9zignanaises ou locales. C\u2019est le cas, ainsi, avec la possibilit\u00e9 de d\u00e9guster et d\u2019acheter du caf\u00e9 1988, soci\u00e9t\u00e9 narbonnaise de torr\u00e9faction.<em> \u00ab\u00a0Nous avons des discussions avec plusieurs autres partenaires (vins, produits de terroir\u2026) qui devraient aboutir rapidement. Nous avons ouvert le 6&nbsp;septembre et nous sommes vraiment satisfaits du d\u00e9marrage&nbsp;: nous ferons le bilan dans deux mois, mais, pour l\u2019heure, on n\u2019a pas \u00e0 se plaindre&nbsp;; on est confiants\u00a0\u00bb<\/em>, note&nbsp;encore Dominique.<\/p>\n<p>Le d\u00e9m\u00e9nagement du tabac Espugna permet aussi, en quelque sorte, de r\u00e9\u00e9quilibrer l\u2019offre sur la ville puisque, d\u00e9sormais, le sud (avenue des Corbi\u00e8res), l\u2019est (tabac des Gragnottes, pr\u00e8s de la gare), l\u2019ouest (station Total, tabac Le Foch), et le centre-ville (tabac de Lucie Gamb\u00e9roni, cours de la R\u00e9publique), sont dot\u00e9s de points de vente.<\/p>\n<\/p><\/div>\n<p>La chronique se veut g\u00e9n\u00e9r\u00e9e de la fa\u00e7on la plus claire que possible. Dans le cas o\u00f9 vous souhaitez pr\u00e9senter des renseignements compl\u00e9mentaires \u00e0 cet article sur le sujet \u00ab\u00a0Fr\u00e8res jumeaux de l&rsquo;Essonnes\u00a0\u00bb il vous est possible d\u2019\u00e9crire aux contacts indiqu\u00e9s sur notre website. La raison d\u2019\u00eatre de jumeaux91.fr \u00e9tant de rassembler sur le web des posts sur le sujet de Fr\u00e8res jumeaux de l&rsquo;Essonnes puis les diffuser en r\u00e9pondant au mieux aux interrogations des gens. Vous pouvez tirer profit de cet article traitant le sujet \u00ab\u00a0Fr\u00e8res jumeaux de l&rsquo;Essonnes\u00a0\u00bb. Il est concoct\u00e9 par l\u2019\u00e9quipe jumeaux91.fr. Prochainement, nous rendrons accessibles au public d&rsquo;autres informations pertinentes sur le sujet \u00ab\u00a0Fr\u00e8res jumeaux de l&rsquo;Essonnes\u00a0\u00bb. Alors, consultez syst\u00e9matiquement notre blog.<\/p>\n","protected":false},"excerpt":{"rendered":"<p>Dominique et R\u00e9gis Espugna ont transf\u00e9r\u00e9 leur activit\u00e9 dans la nouvelle zone commerciale o\u00f9 la salle Basic-Fit vient de s\u2019installer. Un d\u00e9m\u00e9nagement synonyme de nouveau d\u00e9part pour les deux fr\u00e8res. C\u2019est une petite institution, dans le monde du commerce l\u00e9zignanais, qui a ferm\u00e9 ses portes en centre-ville pour prendre ses quartiers dans l\u2019avenue des Corbi\u00e8res,&hellip; <a class=\"more-link\" href=\"https:\/\/jumeaux91.fr\/blog\/lezignan-corbieres-le-tabac-espugna-a-change-dadresse\/\">Poursuivre la lecture <span class=\"screen-reader-text\">L\u00e9zignan-Corbi\u00e8res : le tabac Espugna a chang\u00e9 d\u2019adresse<\/span><\/a><\/p>\n","protected":false},"author":2,"featured_media":710,"comment_status":"closed","ping_status":"closed","sticky":false,"template":"","format":"standard","meta":{"footnotes":""},"categories":[4],"tags":[],"class_list":["post-709","post","type-post","status-publish","format-standard","has-post-thumbnail","hentry","category-posts-freres-jumeaux-de-lessonnes","entry"],"yoast_head":"<!-- This site is optimized with the Yoast SEO plugin v27.5 - https:\/\/yoast.com\/product\/yoast-seo-wordpress\/ -->\n<title>L\u00e9zignan-Corbi\u00e8res : le tabac Espugna a chang\u00e9 d\u2019adresse - JUMEAUX91<\/title>\n<meta name=\"robots\" content=\"index, follow, max-snippet:-1, max-image-preview:large, max-video-preview:-1\" \/>\n<link rel=\"canonical\" href=\"https:\/\/jumeaux91.fr\/blog\/lezignan-corbieres-le-tabac-espugna-a-change-dadresse\/\" \/>\n<meta property=\"og:locale\" content=\"fr_FR\" \/>\n<meta property=\"og:type\" content=\"article\" \/>\n<meta property=\"og:title\" content=\"L\u00e9zignan-Corbi\u00e8res : le tabac Espugna a chang\u00e9 d\u2019adresse - JUMEAUX91\" \/>\n<meta property=\"og:description\" content=\"Dominique et R\u00e9gis Espugna ont transf\u00e9r\u00e9 leur activit\u00e9 dans la nouvelle zone commerciale o\u00f9 la salle Basic-Fit vient de s\u2019installer. Un d\u00e9m\u00e9nagement synonyme de nouveau d\u00e9part pour les deux fr\u00e8res. C\u2019est une petite institution, dans le monde du commerce l\u00e9zignanais, qui a ferm\u00e9 ses portes en centre-ville pour prendre ses quartiers dans l\u2019avenue des Corbi\u00e8res,&hellip; Poursuivre la lecture L\u00e9zignan-Corbi\u00e8res : le tabac Espugna a chang\u00e9 d\u2019adresse\" \/>\n<meta property=\"og:url\" content=\"https:\/\/jumeaux91.fr\/blog\/lezignan-corbieres-le-tabac-espugna-a-change-dadresse\/\" \/>\n<meta property=\"og:site_name\" content=\"JUMEAUX91\" \/>\n<meta property=\"article:published_time\" content=\"2024-09-16T06:31:00+00:00\" \/>\n<meta property=\"og:image\" content=\"https:\/\/jumeaux91.fr\/blog\/wp-content\/uploads\/2024\/09\/lezignan-corbieres-le-tabac-espugna-a-change-dadresse.jpg\" \/>\n<meta name=\"author\" content=\"Claude DAYRES\" \/>\n<meta name=\"twitter:card\" content=\"summary_large_image\" \/>\n<meta name=\"twitter:label1\" content=\"\u00c9crit par\" \/>\n\t<meta name=\"twitter:data1\" content=\"Claude DAYRES\" \/>\n\t<meta name=\"twitter:label2\" content=\"Dur\u00e9e de lecture estim\u00e9e\" \/>\n\t<meta name=\"twitter:data2\" content=\"3 minutes\" \/>\n<script type=\"application\/ld+json\" class=\"yoast-schema-graph\">{\"@context\":\"https:\\\/\\\/schema.org\",\"@graph\":[{\"@type\":\"Article\",\"@id\":\"https:\\\/\\\/jumeaux91.fr\\\/blog\\\/lezignan-corbieres-le-tabac-espugna-a-change-dadresse\\\/#article\",\"isPartOf\":{\"@id\":\"https:\\\/\\\/jumeaux91.fr\\\/blog\\\/lezignan-corbieres-le-tabac-espugna-a-change-dadresse\\\/\"},\"author\":{\"name\":\"Claude DAYRES\",\"@id\":\"https:\\\/\\\/jumeaux91.fr\\\/blog\\\/#\\\/schema\\\/person\\\/21da06e9f119b9f64e5d45dbbd32d3fb\"},\"headline\":\"L\u00e9zignan-Corbi\u00e8res : le tabac Espugna a chang\u00e9 d\u2019adresse\",\"datePublished\":\"2024-09-16T06:31:00+00:00\",\"mainEntityOfPage\":{\"@id\":\"https:\\\/\\\/jumeaux91.fr\\\/blog\\\/lezignan-corbieres-le-tabac-espugna-a-change-dadresse\\\/\"},\"wordCount\":522,\"publisher\":{\"@id\":\"https:\\\/\\\/jumeaux91.fr\\\/blog\\\/#organization\"},\"image\":{\"@id\":\"https:\\\/\\\/jumeaux91.fr\\\/blog\\\/lezignan-corbieres-le-tabac-espugna-a-change-dadresse\\\/#primaryimage\"},\"thumbnailUrl\":\"https:\\\/\\\/jumeaux91.fr\\\/blog\\\/wp-content\\\/uploads\\\/2024\\\/09\\\/lezignan-corbieres-le-tabac-espugna-a-change-dadresse.jpg\",\"articleSection\":[\"Posts Fr\u00e8res Jumeaux De L'Essonnes:\"],\"inLanguage\":\"fr-FR\"},{\"@type\":\"WebPage\",\"@id\":\"https:\\\/\\\/jumeaux91.fr\\\/blog\\\/lezignan-corbieres-le-tabac-espugna-a-change-dadresse\\\/\",\"url\":\"https:\\\/\\\/jumeaux91.fr\\\/blog\\\/lezignan-corbieres-le-tabac-espugna-a-change-dadresse\\\/\",\"name\":\"L\u00e9zignan-Corbi\u00e8res : le tabac Espugna a chang\u00e9 d\u2019adresse - JUMEAUX91\",\"isPartOf\":{\"@id\":\"https:\\\/\\\/jumeaux91.fr\\\/blog\\\/#website\"},\"primaryImageOfPage\":{\"@id\":\"https:\\\/\\\/jumeaux91.fr\\\/blog\\\/lezignan-corbieres-le-tabac-espugna-a-change-dadresse\\\/#primaryimage\"},\"image\":{\"@id\":\"https:\\\/\\\/jumeaux91.fr\\\/blog\\\/lezignan-corbieres-le-tabac-espugna-a-change-dadresse\\\/#primaryimage\"},\"thumbnailUrl\":\"https:\\\/\\\/jumeaux91.fr\\\/blog\\\/wp-content\\\/uploads\\\/2024\\\/09\\\/lezignan-corbieres-le-tabac-espugna-a-change-dadresse.jpg\",\"datePublished\":\"2024-09-16T06:31:00+00:00\",\"breadcrumb\":{\"@id\":\"https:\\\/\\\/jumeaux91.fr\\\/blog\\\/lezignan-corbieres-le-tabac-espugna-a-change-dadresse\\\/#breadcrumb\"},\"inLanguage\":\"fr-FR\",\"potentialAction\":[{\"@type\":\"ReadAction\",\"target\":[\"https:\\\/\\\/jumeaux91.fr\\\/blog\\\/lezignan-corbieres-le-tabac-espugna-a-change-dadresse\\\/\"]}]},{\"@type\":\"ImageObject\",\"inLanguage\":\"fr-FR\",\"@id\":\"https:\\\/\\\/jumeaux91.fr\\\/blog\\\/lezignan-corbieres-le-tabac-espugna-a-change-dadresse\\\/#primaryimage\",\"url\":\"https:\\\/\\\/jumeaux91.fr\\\/blog\\\/wp-content\\\/uploads\\\/2024\\\/09\\\/lezignan-corbieres-le-tabac-espugna-a-change-dadresse.jpg\",\"contentUrl\":\"https:\\\/\\\/jumeaux91.fr\\\/blog\\\/wp-content\\\/uploads\\\/2024\\\/09\\\/lezignan-corbieres-le-tabac-espugna-a-change-dadresse.jpg\",\"width\":885,\"height\":500,\"caption\":\"L\u00e9zignan Corbi\u00e8res : le tabac Espugna a chang\u00e9 d\u2019adresse\"},{\"@type\":\"BreadcrumbList\",\"@id\":\"https:\\\/\\\/jumeaux91.fr\\\/blog\\\/lezignan-corbieres-le-tabac-espugna-a-change-dadresse\\\/#breadcrumb\",\"itemListElement\":[{\"@type\":\"ListItem\",\"position\":1,\"name\":\"Accueil\",\"item\":\"https:\\\/\\\/jumeaux91.fr\\\/blog\\\/\"},{\"@type\":\"ListItem\",\"position\":2,\"name\":\"L\u00e9zignan-Corbi\u00e8res : le tabac Espugna a chang\u00e9 d\u2019adresse\"}]},{\"@type\":\"WebSite\",\"@id\":\"https:\\\/\\\/jumeaux91.fr\\\/blog\\\/#website\",\"url\":\"https:\\\/\\\/jumeaux91.fr\\\/blog\\\/\",\"name\":\"JUMEAUX91\",\"description\":\"Fr\u00e8res jumeaux de l&#039;Essonnes; informations et archives, \u00e0 savoir et retenir.\",\"publisher\":{\"@id\":\"https:\\\/\\\/jumeaux91.fr\\\/blog\\\/#organization\"},\"potentialAction\":[{\"@type\":\"SearchAction\",\"target\":{\"@type\":\"EntryPoint\",\"urlTemplate\":\"https:\\\/\\\/jumeaux91.fr\\\/blog\\\/?s={search_term_string}\"},\"query-input\":{\"@type\":\"PropertyValueSpecification\",\"valueRequired\":true,\"valueName\":\"search_term_string\"}}],\"inLanguage\":\"fr-FR\"},{\"@type\":\"Organization\",\"@id\":\"https:\\\/\\\/jumeaux91.fr\\\/blog\\\/#organization\",\"name\":\"jumeaux91\",\"url\":\"https:\\\/\\\/jumeaux91.fr\\\/blog\\\/\",\"logo\":{\"@type\":\"ImageObject\",\"inLanguage\":\"fr-FR\",\"@id\":\"https:\\\/\\\/jumeaux91.fr\\\/blog\\\/#\\\/schema\\\/logo\\\/image\\\/\",\"url\":\"https:\\\/\\\/jumeaux91.fr\\\/blog\\\/wp-content\\\/uploads\\\/2023\\\/05\\\/cropped-cropped-logoJ_91.png\",\"contentUrl\":\"https:\\\/\\\/jumeaux91.fr\\\/blog\\\/wp-content\\\/uploads\\\/2023\\\/05\\\/cropped-cropped-logoJ_91.png\",\"width\":512,\"height\":512,\"caption\":\"jumeaux91\"},\"image\":{\"@id\":\"https:\\\/\\\/jumeaux91.fr\\\/blog\\\/#\\\/schema\\\/logo\\\/image\\\/\"}},{\"@type\":\"Person\",\"@id\":\"https:\\\/\\\/jumeaux91.fr\\\/blog\\\/#\\\/schema\\\/person\\\/21da06e9f119b9f64e5d45dbbd32d3fb\",\"name\":\"Claude DAYRES\",\"image\":{\"@type\":\"ImageObject\",\"inLanguage\":\"fr-FR\",\"@id\":\"https:\\\/\\\/secure.gravatar.com\\\/avatar\\\/82eb951df6110a2c48d1bfa7a67d1ee6f0cd5df3cbf9c3586dd61e82db7172a5?s=96&d=mm&r=g\",\"url\":\"https:\\\/\\\/secure.gravatar.com\\\/avatar\\\/82eb951df6110a2c48d1bfa7a67d1ee6f0cd5df3cbf9c3586dd61e82db7172a5?s=96&d=mm&r=g\",\"contentUrl\":\"https:\\\/\\\/secure.gravatar.com\\\/avatar\\\/82eb951df6110a2c48d1bfa7a67d1ee6f0cd5df3cbf9c3586dd61e82db7172a5?s=96&d=mm&r=g\",\"caption\":\"Claude DAYRES\"},\"url\":\"https:\\\/\\\/jumeaux91.fr\\\/blog\\\/author\\\/x91claude\\\/\"}]}<\/script>\n<!-- \/ Yoast SEO plugin. -->","yoast_head_json":{"title":"L\u00e9zignan-Corbi\u00e8res : le tabac Espugna a chang\u00e9 d\u2019adresse - JUMEAUX91","robots":{"index":"index","follow":"follow","max-snippet":"max-snippet:-1","max-image-preview":"max-image-preview:large","max-video-preview":"max-video-preview:-1"},"canonical":"https:\/\/jumeaux91.fr\/blog\/lezignan-corbieres-le-tabac-espugna-a-change-dadresse\/","og_locale":"fr_FR","og_type":"article","og_title":"L\u00e9zignan-Corbi\u00e8res : le tabac Espugna a chang\u00e9 d\u2019adresse - JUMEAUX91","og_description":"Dominique et R\u00e9gis Espugna ont transf\u00e9r\u00e9 leur activit\u00e9 dans la nouvelle zone commerciale o\u00f9 la salle Basic-Fit vient de s\u2019installer. Un d\u00e9m\u00e9nagement synonyme de nouveau d\u00e9part pour les deux fr\u00e8res. C\u2019est une petite institution, dans le monde du commerce l\u00e9zignanais, qui a ferm\u00e9 ses portes en centre-ville pour prendre ses quartiers dans l\u2019avenue des Corbi\u00e8res,&hellip; Poursuivre la lecture L\u00e9zignan-Corbi\u00e8res : le tabac Espugna a chang\u00e9 d\u2019adresse","og_url":"https:\/\/jumeaux91.fr\/blog\/lezignan-corbieres-le-tabac-espugna-a-change-dadresse\/","og_site_name":"JUMEAUX91","article_published_time":"2024-09-16T06:31:00+00:00","og_image":[{"url":"https:\/\/jumeaux91.fr\/blog\/wp-content\/uploads\/2024\/09\/lezignan-corbieres-le-tabac-espugna-a-change-dadresse.jpg","type":"","width":"","height":""}],"author":"Claude DAYRES","twitter_card":"summary_large_image","twitter_misc":{"\u00c9crit par":"Claude DAYRES","Dur\u00e9e de lecture estim\u00e9e":"3 minutes"},"schema":{"@context":"https:\/\/schema.org","@graph":[{"@type":"Article","@id":"https:\/\/jumeaux91.fr\/blog\/lezignan-corbieres-le-tabac-espugna-a-change-dadresse\/#article","isPartOf":{"@id":"https:\/\/jumeaux91.fr\/blog\/lezignan-corbieres-le-tabac-espugna-a-change-dadresse\/"},"author":{"name":"Claude DAYRES","@id":"https:\/\/jumeaux91.fr\/blog\/#\/schema\/person\/21da06e9f119b9f64e5d45dbbd32d3fb"},"headline":"L\u00e9zignan-Corbi\u00e8res : le tabac Espugna a chang\u00e9 d\u2019adresse","datePublished":"2024-09-16T06:31:00+00:00","mainEntityOfPage":{"@id":"https:\/\/jumeaux91.fr\/blog\/lezignan-corbieres-le-tabac-espugna-a-change-dadresse\/"},"wordCount":522,"publisher":{"@id":"https:\/\/jumeaux91.fr\/blog\/#organization"},"image":{"@id":"https:\/\/jumeaux91.fr\/blog\/lezignan-corbieres-le-tabac-espugna-a-change-dadresse\/#primaryimage"},"thumbnailUrl":"https:\/\/jumeaux91.fr\/blog\/wp-content\/uploads\/2024\/09\/lezignan-corbieres-le-tabac-espugna-a-change-dadresse.jpg","articleSection":["Posts Fr\u00e8res Jumeaux De L'Essonnes:"],"inLanguage":"fr-FR"},{"@type":"WebPage","@id":"https:\/\/jumeaux91.fr\/blog\/lezignan-corbieres-le-tabac-espugna-a-change-dadresse\/","url":"https:\/\/jumeaux91.fr\/blog\/lezignan-corbieres-le-tabac-espugna-a-change-dadresse\/","name":"L\u00e9zignan-Corbi\u00e8res : le tabac Espugna a chang\u00e9 d\u2019adresse - JUMEAUX91","isPartOf":{"@id":"https:\/\/jumeaux91.fr\/blog\/#website"},"primaryImageOfPage":{"@id":"https:\/\/jumeaux91.fr\/blog\/lezignan-corbieres-le-tabac-espugna-a-change-dadresse\/#primaryimage"},"image":{"@id":"https:\/\/jumeaux91.fr\/blog\/lezignan-corbieres-le-tabac-espugna-a-change-dadresse\/#primaryimage"},"thumbnailUrl":"https:\/\/jumeaux91.fr\/blog\/wp-content\/uploads\/2024\/09\/lezignan-corbieres-le-tabac-espugna-a-change-dadresse.jpg","datePublished":"2024-09-16T06:31:00+00:00","breadcrumb":{"@id":"https:\/\/jumeaux91.fr\/blog\/lezignan-corbieres-le-tabac-espugna-a-change-dadresse\/#breadcrumb"},"inLanguage":"fr-FR","potentialAction":[{"@type":"ReadAction","target":["https:\/\/jumeaux91.fr\/blog\/lezignan-corbieres-le-tabac-espugna-a-change-dadresse\/"]}]},{"@type":"ImageObject","inLanguage":"fr-FR","@id":"https:\/\/jumeaux91.fr\/blog\/lezignan-corbieres-le-tabac-espugna-a-change-dadresse\/#primaryimage","url":"https:\/\/jumeaux91.fr\/blog\/wp-content\/uploads\/2024\/09\/lezignan-corbieres-le-tabac-espugna-a-change-dadresse.jpg","contentUrl":"https:\/\/jumeaux91.fr\/blog\/wp-content\/uploads\/2024\/09\/lezignan-corbieres-le-tabac-espugna-a-change-dadresse.jpg","width":885,"height":500,"caption":"L\u00e9zignan Corbi\u00e8res : le tabac Espugna a chang\u00e9 d\u2019adresse"},{"@type":"BreadcrumbList","@id":"https:\/\/jumeaux91.fr\/blog\/lezignan-corbieres-le-tabac-espugna-a-change-dadresse\/#breadcrumb","itemListElement":[{"@type":"ListItem","position":1,"name":"Accueil","item":"https:\/\/jumeaux91.fr\/blog\/"},{"@type":"ListItem","position":2,"name":"L\u00e9zignan-Corbi\u00e8res : le tabac Espugna a chang\u00e9 d\u2019adresse"}]},{"@type":"WebSite","@id":"https:\/\/jumeaux91.fr\/blog\/#website","url":"https:\/\/jumeaux91.fr\/blog\/","name":"JUMEAUX91","description":"Fr\u00e8res jumeaux de l&#039;Essonnes; informations et archives, \u00e0 savoir et retenir.","publisher":{"@id":"https:\/\/jumeaux91.fr\/blog\/#organization"},"potentialAction":[{"@type":"SearchAction","target":{"@type":"EntryPoint","urlTemplate":"https:\/\/jumeaux91.fr\/blog\/?s={search_term_string}"},"query-input":{"@type":"PropertyValueSpecification","valueRequired":true,"valueName":"search_term_string"}}],"inLanguage":"fr-FR"},{"@type":"Organization","@id":"https:\/\/jumeaux91.fr\/blog\/#organization","name":"jumeaux91","url":"https:\/\/jumeaux91.fr\/blog\/","logo":{"@type":"ImageObject","inLanguage":"fr-FR","@id":"https:\/\/jumeaux91.fr\/blog\/#\/schema\/logo\/image\/","url":"https:\/\/jumeaux91.fr\/blog\/wp-content\/uploads\/2023\/05\/cropped-cropped-logoJ_91.png","contentUrl":"https:\/\/jumeaux91.fr\/blog\/wp-content\/uploads\/2023\/05\/cropped-cropped-logoJ_91.png","width":512,"height":512,"caption":"jumeaux91"},"image":{"@id":"https:\/\/jumeaux91.fr\/blog\/#\/schema\/logo\/image\/"}},{"@type":"Person","@id":"https:\/\/jumeaux91.fr\/blog\/#\/schema\/person\/21da06e9f119b9f64e5d45dbbd32d3fb","name":"Claude DAYRES","image":{"@type":"ImageObject","inLanguage":"fr-FR","@id":"https:\/\/secure.gravatar.com\/avatar\/82eb951df6110a2c48d1bfa7a67d1ee6f0cd5df3cbf9c3586dd61e82db7172a5?s=96&d=mm&r=g","url":"https:\/\/secure.gravatar.com\/avatar\/82eb951df6110a2c48d1bfa7a67d1ee6f0cd5df3cbf9c3586dd61e82db7172a5?s=96&d=mm&r=g","contentUrl":"https:\/\/secure.gravatar.com\/avatar\/82eb951df6110a2c48d1bfa7a67d1ee6f0cd5df3cbf9c3586dd61e82db7172a5?s=96&d=mm&r=g","caption":"Claude DAYRES"},"url":"https:\/\/jumeaux91.fr\/blog\/author\/x91claude\/"}]}},"_links":{"self":[{"href":"https:\/\/jumeaux91.fr\/blog\/wp-json\/wp\/v2\/posts\/709","targetHints":{"allow":["GET"]}}],"collection":[{"href":"https:\/\/jumeaux91.fr\/blog\/wp-json\/wp\/v2\/posts"}],"about":[{"href":"https:\/\/jumeaux91.fr\/blog\/wp-json\/wp\/v2\/types\/post"}],"author":[{"embeddable":true,"href":"https:\/\/jumeaux91.fr\/blog\/wp-json\/wp\/v2\/users\/2"}],"replies":[{"embeddable":true,"href":"https:\/\/jumeaux91.fr\/blog\/wp-json\/wp\/v2\/comments?post=709"}],"version-history":[{"count":0,"href":"https:\/\/jumeaux91.fr\/blog\/wp-json\/wp\/v2\/posts\/709\/revisions"}],"wp:featuredmedia":[{"embeddable":true,"href":"https:\/\/jumeaux91.fr\/blog\/wp-json\/wp\/v2\/media\/710"}],"wp:attachment":[{"href":"https:\/\/jumeaux91.fr\/blog\/wp-json\/wp\/v2\/media?parent=709"}],"wp:term":[{"taxonomy":"category","embeddable":true,"href":"https:\/\/jumeaux91.fr\/blog\/wp-json\/wp\/v2\/categories?post=709"},{"taxonomy":"post_tag","embeddable":true,"href":"https:\/\/jumeaux91.fr\/blog\/wp-json\/wp\/v2\/tags?post=709"}],"curies":[{"name":"wp","href":"https:\/\/api.w.org\/{rel}","templated":true}]}}