{"id":714,"date":"2024-09-17T02:38:00","date_gmt":"2024-09-17T00:38:00","guid":{"rendered":"https:\/\/jumeaux91.fr\/blog\/franck-et-melanie-gonzalez-familles-nombreuses-un-joli-prenom-mythologique-pour-leur-neuvieme-enfant\/"},"modified":"2024-09-17T02:38:00","modified_gmt":"2024-09-17T00:38:00","slug":"franck-et-melanie-gonzalez-familles-nombreuses-un-joli-prenom-mythologique-pour-leur-neuvieme-enfant","status":"publish","type":"post","link":"https:\/\/jumeaux91.fr\/blog\/franck-et-melanie-gonzalez-familles-nombreuses-un-joli-prenom-mythologique-pour-leur-neuvieme-enfant\/","title":{"rendered":"Franck et M\u00e9lanie Gonzalez (Familles nombreuses) : un joli pr\u00e9nom mythologique pour leur neuvi\u00e8me enfant"},"content":{"rendered":"<div><img decoding=\"async\" src=\"https:\/\/jumeaux91.fr\/blog\/wp-content\/uploads\/2024\/09\/franck-et-melanie-gonzalez-familles-nombreuses-un-joli-prenom-mythologique-pour-leur-neuvieme-enfant.jpg\" class=\"ff-og-image-inserted\"><\/div>\n<p>Franck et M\u00e9lanie Gonzalez sont devenus parents pour la neuvi\u00e8me fois ce samedi 14 septembre 2024, apr\u00e8s un accouchement <span>\u00ab\u00a0magnifique\u00a0\u00bb<\/span>. C&rsquo;est une petite fille qui a vu le jour au CHU de Poitiers, un peu plus d&rsquo;un an apr\u00e8s que ses parents aient v\u00e9cu une interruption spontan\u00e9e de grossesse alors qu&rsquo;ils attendaient des jumeaux. Elle a pu rencontrer ses fr\u00e8res et s\u0153urs d\u00e8s le dimanche et, les pr\u00e9sentations faites avec leur tribu, les parents que l&rsquo;on a pu voir dans <a href=\"https:\/\/www.magicmaman.com\/a-partir-de-quel-age-regarder-l-emission-familles-nombreuses,3742114.asp\" title=\"\u00c0 partir de quel \u00e2ge regarder l'\u00e9mission Familles Nombreuses&nbsp;?\" class=\"internal\" target=\"_blank\" rel=\"nofollow\"><em>Familles nombreuses, la vie en XXL<\/em><\/a> ont d\u00e9cid\u00e9 de pr\u00e9senter leur nouvelle-n\u00e9e \u00e0 leur communaut\u00e9 ce lundi.<\/p>\n<p><!--@@@contextuallinks@@@--> <\/p>\n<div class=\"ContextualLinks\">\n<p><span>Lire aussi<\/span><\/p>\n<p> <a class=\"ContextualLinks-link\" href=\"https:\/\/www.magicmaman.com\/familles-nombreuses-franck-et-melanie-gonzalez-parents-pour-la-9e-fois-une-naissance-magique,3768127.asp\" target=\"_blank\" rel=\"nofollow\">Familles nombreuses&nbsp;: Franck et M\u00e9lanie Gonzalez parents pour la 9e fois, une naissance \u00ab\u00a0magnifique\u00a0\u00bb<\/a>\t<\/div>\n<p> <!--@@@contextuallinks@@@--> <!--@@@advertising@@@--> <!--@@@advertising@@@--><\/p>\n<h2 id=\"1-un-prenom-mythologique-pour-la-fille-de-franck-et-melanie-gonzalez\">Un pr\u00e9nom mythologique pour la fille de Franck et M\u00e9lanie Gonzalez<\/h2>\n<p>Sur Instagram, M\u00e9lanie Gonzalez a partag\u00e9 un joli portrait de famille pris \u00e0 la maternit\u00e9. Allong\u00e9e dans son lit, elle porte sa petite fille contre sa poitrine tandis que Franck se tient \u00e0 leurs c\u00f4t\u00e9s. Dans la l\u00e9gende, l&rsquo;heureuse maman r\u00e9v\u00e8le que le b\u00e9b\u00e9 porte le <a href=\"https:\/\/www.magicmaman.com\/prenom\/calypso,2006200,1190997.asp\" title=\"Calypso\" class=\"internal\" target=\"_blank\" rel=\"nofollow\">pr\u00e9nom Calypso<\/a>. <em>\u00ab\u00a014 septembre 2024. Nous vous pr\u00e9sentons Calypso, n\u00e9e ce samedi \u00e0 1h17, elle pesait 3,205 kg pour 48 cm, tout s&rsquo;est tr\u00e8s bien pass\u00e9 pour b\u00e9b\u00e9 comme pour maman. Ce petit rayon de soleil vient boucler cette magnifique aventure qu&rsquo;est la maternit\u00e9. La naissance est une exp\u00e9rience qui d\u00e9montre que la vie n&rsquo;est pas seulement fonction et utilit\u00e9, mais aussi forme et beaut\u00e9\u00a0\u00bb<\/em>, d\u00e9clare l&rsquo;influenceuse.<\/p>\n<p><!--@@@feature@@@--> <!--@@@videoGroup@@@--><\/p>\n<div class=\"VideoGroup VideoGroup--intext\">\n<p>Vid\u00e9o du jour&nbsp;:<\/p>\n<p> <!--@@@MediaPlayer@@@--> <!--@@@MediaPlayer@@@-->\n<\/div>\n<p> <!--@@@videoGroup@@@--> <!--@@@feature@@@--> <\/p>\n<p>Calypso est un <a href=\"https:\/\/www.magicmaman.com\/,les-plus-beaux-prenoms-grecs-pour-filles-et-garcons,2006582,2316872.asp\" title=\"Le top des plus beaux pr\u00e9noms grecs pour b\u00e9b\u00e9\" class=\"internal\" target=\"_blank\" rel=\"nofollow\">pr\u00e9nom d&rsquo;origines grecques<\/a> qui signifie<em> \u00ab\u00a0qui dissimule\u00a0\u00bb.<\/em> Il est ancr\u00e9 dans la mythologie grecque, Calypso \u00e9tant une nymphe que l&rsquo;on retrouve dans<em> L&rsquo;Odyss\u00e9e<\/em> d&rsquo;Hom\u00e8re. Lorsqu&rsquo;Ulysse fait naufrage sur son \u00eele, elle lui porte secours et le recueille. Elle tombe \u00e9perdument amoureuse de lui, si bien qu&rsquo;elle fait tout pour lui faire oublier son royaume et son \u00e9pouse, P\u00e9n\u00e9lope. Elle lui a \u00e9galement promis de le rendre immortel s&rsquo;il restait \u00e0 ses c\u00f4t\u00e9s mais, voyant qu&rsquo;elle ne peut rien faire pour le retenir, elle le laisse repartir 7 ans apr\u00e8s son arriv\u00e9e.<\/p>\n<h2 id=\"2-le-point-commun-de-tous-les-prenoms-des-enfants-des-gonzalez\">Le point commun de tous les pr\u00e9noms des enfants des Gonzalez<\/h2>\n<blockquote class=\"instagram-media\" data-instgrm-permalink=\"https:\/\/www.instagram.com\/p\/C_-VIbBs42v\/?utm_source=ig_embed&amp;utm_campaign=loading\" data-instgrm-version=\"14\"><\/blockquote>\n<p>Le choix du pr\u00e9nom Calypso s&rsquo;inscrit dans le th\u00e8me choisi par M\u00e9lanie et Franck Gonzalez pour les pr\u00e9noms de leurs enfants : tous finissent par le son \u00ab\u00a0o\u00a0\u00bb. Leurs a\u00een\u00e9s sont <a href=\"https:\/\/www.magicmaman.com\/prenom\/margot,2006200,1187711.asp\" title=\"Margot\" class=\"internal\" target=\"_blank\" rel=\"nofollow\">pr\u00e9nomm\u00e9s Margot<\/a>, Nino, Paolo, Elio, Hugo, Malo, Cl\u00e9o et Marceau.<\/p>\n<p> <!--@@@contextuallinks@@@--> <\/p>\n<div class=\"ContextualLinks\">\n<p><span>Lire aussi<\/span><\/p>\n<ul class=\"ContextualLinks-items\">\n<li class=\"ContextualLinks-item\"> <a class=\"ContextualLinks-link\" href=\"https:\/\/www.magicmaman.com\/les-plus-beaux-prenoms-issus-de-l-emission-familles-nombreuses-la-vie-en-xxl,3762053.asp\" target=\"_blank\" rel=\"nofollow\">Les plus beaux pr\u00e9noms issus de l\u2019\u00e9mission Familles Nombreuses&nbsp;: La vie en XXL<\/a> <\/li>\n<li class=\"ContextualLinks-item\"> <a class=\"ContextualLinks-link\" href=\"https:\/\/www.magicmaman.com\/,compatibilite-prenom-3-choses-a-verifier-avant-de-choisir-le-prenom-de-votre-enfant,2094,2013776.asp\" target=\"_blank\" rel=\"nofollow\">Compatibilit\u00e9 pr\u00e9nom&nbsp;: 3 choses \u00e0 v\u00e9rifier avant de choisir le pr\u00e9nom de b\u00e9b\u00e9<\/a> <\/li>\n<\/ul><\/div>\n<p> <!--@@@contextuallinks@@@--><br \/>\nLa chronique se veut g\u00e9n\u00e9r\u00e9e de la fa\u00e7on la plus claire que possible. Dans le cas o\u00f9 vous souhaitez pr\u00e9senter des renseignements compl\u00e9mentaires \u00e0 cet article sur le sujet \u00ab\u00a0Fr\u00e8res jumeaux de l&rsquo;Essonnes\u00a0\u00bb il vous est possible d\u2019\u00e9crire aux contacts indiqu\u00e9s sur notre website. La raison d\u2019\u00eatre de jumeaux91.fr \u00e9tant de rassembler sur le web des posts sur le sujet de Fr\u00e8res jumeaux de l&rsquo;Essonnes puis les diffuser en r\u00e9pondant au mieux aux interrogations des gens. Vous pouvez tirer profit de cet article traitant le sujet \u00ab\u00a0Fr\u00e8res jumeaux de l&rsquo;Essonnes\u00a0\u00bb. Il est concoct\u00e9 par l\u2019\u00e9quipe jumeaux91.fr. Prochainement, nous rendrons accessibles au public d&rsquo;autres informations pertinentes sur le sujet \u00ab\u00a0Fr\u00e8res jumeaux de l&rsquo;Essonnes\u00a0\u00bb. Alors, consultez syst\u00e9matiquement notre blog.<\/p>\n","protected":false},"excerpt":{"rendered":"<p>Franck et M\u00e9lanie Gonzalez sont devenus parents pour la neuvi\u00e8me fois ce samedi 14 septembre 2024, apr\u00e8s un accouchement \u00ab\u00a0magnifique\u00a0\u00bb. C&rsquo;est une petite fille qui a vu le jour au CHU de Poitiers, un peu plus d&rsquo;un an apr\u00e8s que ses parents aient v\u00e9cu une interruption spontan\u00e9e de grossesse alors qu&rsquo;ils attendaient des jumeaux. Elle&hellip; <a class=\"more-link\" href=\"https:\/\/jumeaux91.fr\/blog\/franck-et-melanie-gonzalez-familles-nombreuses-un-joli-prenom-mythologique-pour-leur-neuvieme-enfant\/\">Poursuivre la lecture <span class=\"screen-reader-text\">Franck et M\u00e9lanie Gonzalez (Familles nombreuses) : un joli pr\u00e9nom mythologique pour leur neuvi\u00e8me enfant<\/span><\/a><\/p>\n","protected":false},"author":2,"featured_media":715,"comment_status":"closed","ping_status":"closed","sticky":false,"template":"","format":"standard","meta":{"footnotes":""},"categories":[4],"tags":[],"class_list":["post-714","post","type-post","status-publish","format-standard","has-post-thumbnail","hentry","category-posts-freres-jumeaux-de-lessonnes","entry"],"yoast_head":"<!-- This site is optimized with the Yoast SEO plugin v27.5 - https:\/\/yoast.com\/product\/yoast-seo-wordpress\/ -->\n<title>Franck et M\u00e9lanie Gonzalez (Familles nombreuses) : un joli pr\u00e9nom mythologique pour leur neuvi\u00e8me enfant - JUMEAUX91<\/title>\n<meta name=\"robots\" content=\"index, follow, max-snippet:-1, max-image-preview:large, max-video-preview:-1\" \/>\n<link rel=\"canonical\" href=\"https:\/\/jumeaux91.fr\/blog\/franck-et-melanie-gonzalez-familles-nombreuses-un-joli-prenom-mythologique-pour-leur-neuvieme-enfant\/\" \/>\n<meta property=\"og:locale\" content=\"fr_FR\" \/>\n<meta property=\"og:type\" content=\"article\" \/>\n<meta property=\"og:title\" content=\"Franck et M\u00e9lanie Gonzalez (Familles nombreuses) : un joli pr\u00e9nom mythologique pour leur neuvi\u00e8me enfant - JUMEAUX91\" \/>\n<meta property=\"og:description\" content=\"Franck et M\u00e9lanie Gonzalez sont devenus parents pour la neuvi\u00e8me fois ce samedi 14 septembre 2024, apr\u00e8s un accouchement \u00ab\u00a0magnifique\u00a0\u00bb. C&rsquo;est une petite fille qui a vu le jour au CHU de Poitiers, un peu plus d&rsquo;un an apr\u00e8s que ses parents aient v\u00e9cu une interruption spontan\u00e9e de grossesse alors qu&rsquo;ils attendaient des jumeaux. Elle&hellip; Poursuivre la lecture Franck et M\u00e9lanie Gonzalez (Familles nombreuses) : un joli pr\u00e9nom mythologique pour leur neuvi\u00e8me enfant\" \/>\n<meta property=\"og:url\" content=\"https:\/\/jumeaux91.fr\/blog\/franck-et-melanie-gonzalez-familles-nombreuses-un-joli-prenom-mythologique-pour-leur-neuvieme-enfant\/\" \/>\n<meta property=\"og:site_name\" content=\"JUMEAUX91\" \/>\n<meta property=\"article:published_time\" content=\"2024-09-17T00:38:00+00:00\" \/>\n<meta property=\"og:image\" content=\"https:\/\/jumeaux91.fr\/blog\/wp-content\/uploads\/2024\/09\/franck-et-melanie-gonzalez-familles-nombreuses-un-joli-prenom-mythologique-pour-leur-neuvieme-enfant.jpg\" \/>\n<meta name=\"author\" content=\"Claude DAYRES\" \/>\n<meta name=\"twitter:card\" content=\"summary_large_image\" \/>\n<meta name=\"twitter:label1\" content=\"\u00c9crit par\" \/>\n\t<meta name=\"twitter:data1\" content=\"Claude DAYRES\" \/>\n\t<meta name=\"twitter:label2\" content=\"Dur\u00e9e de lecture estim\u00e9e\" \/>\n\t<meta name=\"twitter:data2\" content=\"3 minutes\" \/>\n<script type=\"application\/ld+json\" class=\"yoast-schema-graph\">{\"@context\":\"https:\\\/\\\/schema.org\",\"@graph\":[{\"@type\":\"Article\",\"@id\":\"https:\\\/\\\/jumeaux91.fr\\\/blog\\\/franck-et-melanie-gonzalez-familles-nombreuses-un-joli-prenom-mythologique-pour-leur-neuvieme-enfant\\\/#article\",\"isPartOf\":{\"@id\":\"https:\\\/\\\/jumeaux91.fr\\\/blog\\\/franck-et-melanie-gonzalez-familles-nombreuses-un-joli-prenom-mythologique-pour-leur-neuvieme-enfant\\\/\"},\"author\":{\"name\":\"Claude DAYRES\",\"@id\":\"https:\\\/\\\/jumeaux91.fr\\\/blog\\\/#\\\/schema\\\/person\\\/21da06e9f119b9f64e5d45dbbd32d3fb\"},\"headline\":\"Franck et M\u00e9lanie Gonzalez (Familles nombreuses) : un joli pr\u00e9nom mythologique pour leur neuvi\u00e8me enfant\",\"datePublished\":\"2024-09-17T00:38:00+00:00\",\"mainEntityOfPage\":{\"@id\":\"https:\\\/\\\/jumeaux91.fr\\\/blog\\\/franck-et-melanie-gonzalez-familles-nombreuses-un-joli-prenom-mythologique-pour-leur-neuvieme-enfant\\\/\"},\"wordCount\":635,\"publisher\":{\"@id\":\"https:\\\/\\\/jumeaux91.fr\\\/blog\\\/#organization\"},\"image\":{\"@id\":\"https:\\\/\\\/jumeaux91.fr\\\/blog\\\/franck-et-melanie-gonzalez-familles-nombreuses-un-joli-prenom-mythologique-pour-leur-neuvieme-enfant\\\/#primaryimage\"},\"thumbnailUrl\":\"https:\\\/\\\/jumeaux91.fr\\\/blog\\\/wp-content\\\/uploads\\\/2024\\\/09\\\/franck-et-melanie-gonzalez-familles-nombreuses-un-joli-prenom-mythologique-pour-leur-neuvieme-enfant.jpg\",\"articleSection\":[\"Posts Fr\u00e8res Jumeaux De L'Essonnes:\"],\"inLanguage\":\"fr-FR\"},{\"@type\":\"WebPage\",\"@id\":\"https:\\\/\\\/jumeaux91.fr\\\/blog\\\/franck-et-melanie-gonzalez-familles-nombreuses-un-joli-prenom-mythologique-pour-leur-neuvieme-enfant\\\/\",\"url\":\"https:\\\/\\\/jumeaux91.fr\\\/blog\\\/franck-et-melanie-gonzalez-familles-nombreuses-un-joli-prenom-mythologique-pour-leur-neuvieme-enfant\\\/\",\"name\":\"Franck et M\u00e9lanie Gonzalez (Familles nombreuses) : un joli pr\u00e9nom mythologique pour leur neuvi\u00e8me enfant - JUMEAUX91\",\"isPartOf\":{\"@id\":\"https:\\\/\\\/jumeaux91.fr\\\/blog\\\/#website\"},\"primaryImageOfPage\":{\"@id\":\"https:\\\/\\\/jumeaux91.fr\\\/blog\\\/franck-et-melanie-gonzalez-familles-nombreuses-un-joli-prenom-mythologique-pour-leur-neuvieme-enfant\\\/#primaryimage\"},\"image\":{\"@id\":\"https:\\\/\\\/jumeaux91.fr\\\/blog\\\/franck-et-melanie-gonzalez-familles-nombreuses-un-joli-prenom-mythologique-pour-leur-neuvieme-enfant\\\/#primaryimage\"},\"thumbnailUrl\":\"https:\\\/\\\/jumeaux91.fr\\\/blog\\\/wp-content\\\/uploads\\\/2024\\\/09\\\/franck-et-melanie-gonzalez-familles-nombreuses-un-joli-prenom-mythologique-pour-leur-neuvieme-enfant.jpg\",\"datePublished\":\"2024-09-17T00:38:00+00:00\",\"breadcrumb\":{\"@id\":\"https:\\\/\\\/jumeaux91.fr\\\/blog\\\/franck-et-melanie-gonzalez-familles-nombreuses-un-joli-prenom-mythologique-pour-leur-neuvieme-enfant\\\/#breadcrumb\"},\"inLanguage\":\"fr-FR\",\"potentialAction\":[{\"@type\":\"ReadAction\",\"target\":[\"https:\\\/\\\/jumeaux91.fr\\\/blog\\\/franck-et-melanie-gonzalez-familles-nombreuses-un-joli-prenom-mythologique-pour-leur-neuvieme-enfant\\\/\"]}]},{\"@type\":\"ImageObject\",\"inLanguage\":\"fr-FR\",\"@id\":\"https:\\\/\\\/jumeaux91.fr\\\/blog\\\/franck-et-melanie-gonzalez-familles-nombreuses-un-joli-prenom-mythologique-pour-leur-neuvieme-enfant\\\/#primaryimage\",\"url\":\"https:\\\/\\\/jumeaux91.fr\\\/blog\\\/wp-content\\\/uploads\\\/2024\\\/09\\\/franck-et-melanie-gonzalez-familles-nombreuses-un-joli-prenom-mythologique-pour-leur-neuvieme-enfant.jpg\",\"contentUrl\":\"https:\\\/\\\/jumeaux91.fr\\\/blog\\\/wp-content\\\/uploads\\\/2024\\\/09\\\/franck-et-melanie-gonzalez-familles-nombreuses-un-joli-prenom-mythologique-pour-leur-neuvieme-enfant.jpg\",\"width\":1200,\"height\":630,\"caption\":\"Franck et M\u00e9lanie Gonzalez (Familles nombreuses) : un joli pr\u00e9nom mythologique pour leur neuvi\u00e8me enfant\"},{\"@type\":\"BreadcrumbList\",\"@id\":\"https:\\\/\\\/jumeaux91.fr\\\/blog\\\/franck-et-melanie-gonzalez-familles-nombreuses-un-joli-prenom-mythologique-pour-leur-neuvieme-enfant\\\/#breadcrumb\",\"itemListElement\":[{\"@type\":\"ListItem\",\"position\":1,\"name\":\"Accueil\",\"item\":\"https:\\\/\\\/jumeaux91.fr\\\/blog\\\/\"},{\"@type\":\"ListItem\",\"position\":2,\"name\":\"Franck et M\u00e9lanie Gonzalez (Familles nombreuses) : un joli pr\u00e9nom mythologique pour leur neuvi\u00e8me enfant\"}]},{\"@type\":\"WebSite\",\"@id\":\"https:\\\/\\\/jumeaux91.fr\\\/blog\\\/#website\",\"url\":\"https:\\\/\\\/jumeaux91.fr\\\/blog\\\/\",\"name\":\"JUMEAUX91\",\"description\":\"Fr\u00e8res jumeaux de l&#039;Essonnes; informations et archives, \u00e0 savoir et retenir.\",\"publisher\":{\"@id\":\"https:\\\/\\\/jumeaux91.fr\\\/blog\\\/#organization\"},\"potentialAction\":[{\"@type\":\"SearchAction\",\"target\":{\"@type\":\"EntryPoint\",\"urlTemplate\":\"https:\\\/\\\/jumeaux91.fr\\\/blog\\\/?s={search_term_string}\"},\"query-input\":{\"@type\":\"PropertyValueSpecification\",\"valueRequired\":true,\"valueName\":\"search_term_string\"}}],\"inLanguage\":\"fr-FR\"},{\"@type\":\"Organization\",\"@id\":\"https:\\\/\\\/jumeaux91.fr\\\/blog\\\/#organization\",\"name\":\"jumeaux91\",\"url\":\"https:\\\/\\\/jumeaux91.fr\\\/blog\\\/\",\"logo\":{\"@type\":\"ImageObject\",\"inLanguage\":\"fr-FR\",\"@id\":\"https:\\\/\\\/jumeaux91.fr\\\/blog\\\/#\\\/schema\\\/logo\\\/image\\\/\",\"url\":\"https:\\\/\\\/jumeaux91.fr\\\/blog\\\/wp-content\\\/uploads\\\/2023\\\/05\\\/cropped-cropped-logoJ_91.png\",\"contentUrl\":\"https:\\\/\\\/jumeaux91.fr\\\/blog\\\/wp-content\\\/uploads\\\/2023\\\/05\\\/cropped-cropped-logoJ_91.png\",\"width\":512,\"height\":512,\"caption\":\"jumeaux91\"},\"image\":{\"@id\":\"https:\\\/\\\/jumeaux91.fr\\\/blog\\\/#\\\/schema\\\/logo\\\/image\\\/\"}},{\"@type\":\"Person\",\"@id\":\"https:\\\/\\\/jumeaux91.fr\\\/blog\\\/#\\\/schema\\\/person\\\/21da06e9f119b9f64e5d45dbbd32d3fb\",\"name\":\"Claude DAYRES\",\"image\":{\"@type\":\"ImageObject\",\"inLanguage\":\"fr-FR\",\"@id\":\"https:\\\/\\\/secure.gravatar.com\\\/avatar\\\/82eb951df6110a2c48d1bfa7a67d1ee6f0cd5df3cbf9c3586dd61e82db7172a5?s=96&d=mm&r=g\",\"url\":\"https:\\\/\\\/secure.gravatar.com\\\/avatar\\\/82eb951df6110a2c48d1bfa7a67d1ee6f0cd5df3cbf9c3586dd61e82db7172a5?s=96&d=mm&r=g\",\"contentUrl\":\"https:\\\/\\\/secure.gravatar.com\\\/avatar\\\/82eb951df6110a2c48d1bfa7a67d1ee6f0cd5df3cbf9c3586dd61e82db7172a5?s=96&d=mm&r=g\",\"caption\":\"Claude DAYRES\"},\"url\":\"https:\\\/\\\/jumeaux91.fr\\\/blog\\\/author\\\/x91claude\\\/\"}]}<\/script>\n<!-- \/ Yoast SEO plugin. -->","yoast_head_json":{"title":"Franck et M\u00e9lanie Gonzalez (Familles nombreuses) : un joli pr\u00e9nom mythologique pour leur neuvi\u00e8me enfant - JUMEAUX91","robots":{"index":"index","follow":"follow","max-snippet":"max-snippet:-1","max-image-preview":"max-image-preview:large","max-video-preview":"max-video-preview:-1"},"canonical":"https:\/\/jumeaux91.fr\/blog\/franck-et-melanie-gonzalez-familles-nombreuses-un-joli-prenom-mythologique-pour-leur-neuvieme-enfant\/","og_locale":"fr_FR","og_type":"article","og_title":"Franck et M\u00e9lanie Gonzalez (Familles nombreuses) : un joli pr\u00e9nom mythologique pour leur neuvi\u00e8me enfant - JUMEAUX91","og_description":"Franck et M\u00e9lanie Gonzalez sont devenus parents pour la neuvi\u00e8me fois ce samedi 14 septembre 2024, apr\u00e8s un accouchement \u00ab\u00a0magnifique\u00a0\u00bb. C&rsquo;est une petite fille qui a vu le jour au CHU de Poitiers, un peu plus d&rsquo;un an apr\u00e8s que ses parents aient v\u00e9cu une interruption spontan\u00e9e de grossesse alors qu&rsquo;ils attendaient des jumeaux. Elle&hellip; Poursuivre la lecture Franck et M\u00e9lanie Gonzalez (Familles nombreuses) : un joli pr\u00e9nom mythologique pour leur neuvi\u00e8me enfant","og_url":"https:\/\/jumeaux91.fr\/blog\/franck-et-melanie-gonzalez-familles-nombreuses-un-joli-prenom-mythologique-pour-leur-neuvieme-enfant\/","og_site_name":"JUMEAUX91","article_published_time":"2024-09-17T00:38:00+00:00","og_image":[{"url":"https:\/\/jumeaux91.fr\/blog\/wp-content\/uploads\/2024\/09\/franck-et-melanie-gonzalez-familles-nombreuses-un-joli-prenom-mythologique-pour-leur-neuvieme-enfant.jpg","type":"","width":"","height":""}],"author":"Claude DAYRES","twitter_card":"summary_large_image","twitter_misc":{"\u00c9crit par":"Claude DAYRES","Dur\u00e9e de lecture estim\u00e9e":"3 minutes"},"schema":{"@context":"https:\/\/schema.org","@graph":[{"@type":"Article","@id":"https:\/\/jumeaux91.fr\/blog\/franck-et-melanie-gonzalez-familles-nombreuses-un-joli-prenom-mythologique-pour-leur-neuvieme-enfant\/#article","isPartOf":{"@id":"https:\/\/jumeaux91.fr\/blog\/franck-et-melanie-gonzalez-familles-nombreuses-un-joli-prenom-mythologique-pour-leur-neuvieme-enfant\/"},"author":{"name":"Claude DAYRES","@id":"https:\/\/jumeaux91.fr\/blog\/#\/schema\/person\/21da06e9f119b9f64e5d45dbbd32d3fb"},"headline":"Franck et M\u00e9lanie Gonzalez (Familles nombreuses) : un joli pr\u00e9nom mythologique pour leur neuvi\u00e8me enfant","datePublished":"2024-09-17T00:38:00+00:00","mainEntityOfPage":{"@id":"https:\/\/jumeaux91.fr\/blog\/franck-et-melanie-gonzalez-familles-nombreuses-un-joli-prenom-mythologique-pour-leur-neuvieme-enfant\/"},"wordCount":635,"publisher":{"@id":"https:\/\/jumeaux91.fr\/blog\/#organization"},"image":{"@id":"https:\/\/jumeaux91.fr\/blog\/franck-et-melanie-gonzalez-familles-nombreuses-un-joli-prenom-mythologique-pour-leur-neuvieme-enfant\/#primaryimage"},"thumbnailUrl":"https:\/\/jumeaux91.fr\/blog\/wp-content\/uploads\/2024\/09\/franck-et-melanie-gonzalez-familles-nombreuses-un-joli-prenom-mythologique-pour-leur-neuvieme-enfant.jpg","articleSection":["Posts Fr\u00e8res Jumeaux De L'Essonnes:"],"inLanguage":"fr-FR"},{"@type":"WebPage","@id":"https:\/\/jumeaux91.fr\/blog\/franck-et-melanie-gonzalez-familles-nombreuses-un-joli-prenom-mythologique-pour-leur-neuvieme-enfant\/","url":"https:\/\/jumeaux91.fr\/blog\/franck-et-melanie-gonzalez-familles-nombreuses-un-joli-prenom-mythologique-pour-leur-neuvieme-enfant\/","name":"Franck et M\u00e9lanie Gonzalez (Familles nombreuses) : un joli pr\u00e9nom mythologique pour leur neuvi\u00e8me enfant - JUMEAUX91","isPartOf":{"@id":"https:\/\/jumeaux91.fr\/blog\/#website"},"primaryImageOfPage":{"@id":"https:\/\/jumeaux91.fr\/blog\/franck-et-melanie-gonzalez-familles-nombreuses-un-joli-prenom-mythologique-pour-leur-neuvieme-enfant\/#primaryimage"},"image":{"@id":"https:\/\/jumeaux91.fr\/blog\/franck-et-melanie-gonzalez-familles-nombreuses-un-joli-prenom-mythologique-pour-leur-neuvieme-enfant\/#primaryimage"},"thumbnailUrl":"https:\/\/jumeaux91.fr\/blog\/wp-content\/uploads\/2024\/09\/franck-et-melanie-gonzalez-familles-nombreuses-un-joli-prenom-mythologique-pour-leur-neuvieme-enfant.jpg","datePublished":"2024-09-17T00:38:00+00:00","breadcrumb":{"@id":"https:\/\/jumeaux91.fr\/blog\/franck-et-melanie-gonzalez-familles-nombreuses-un-joli-prenom-mythologique-pour-leur-neuvieme-enfant\/#breadcrumb"},"inLanguage":"fr-FR","potentialAction":[{"@type":"ReadAction","target":["https:\/\/jumeaux91.fr\/blog\/franck-et-melanie-gonzalez-familles-nombreuses-un-joli-prenom-mythologique-pour-leur-neuvieme-enfant\/"]}]},{"@type":"ImageObject","inLanguage":"fr-FR","@id":"https:\/\/jumeaux91.fr\/blog\/franck-et-melanie-gonzalez-familles-nombreuses-un-joli-prenom-mythologique-pour-leur-neuvieme-enfant\/#primaryimage","url":"https:\/\/jumeaux91.fr\/blog\/wp-content\/uploads\/2024\/09\/franck-et-melanie-gonzalez-familles-nombreuses-un-joli-prenom-mythologique-pour-leur-neuvieme-enfant.jpg","contentUrl":"https:\/\/jumeaux91.fr\/blog\/wp-content\/uploads\/2024\/09\/franck-et-melanie-gonzalez-familles-nombreuses-un-joli-prenom-mythologique-pour-leur-neuvieme-enfant.jpg","width":1200,"height":630,"caption":"Franck et M\u00e9lanie Gonzalez (Familles nombreuses) : un joli pr\u00e9nom mythologique pour leur neuvi\u00e8me enfant"},{"@type":"BreadcrumbList","@id":"https:\/\/jumeaux91.fr\/blog\/franck-et-melanie-gonzalez-familles-nombreuses-un-joli-prenom-mythologique-pour-leur-neuvieme-enfant\/#breadcrumb","itemListElement":[{"@type":"ListItem","position":1,"name":"Accueil","item":"https:\/\/jumeaux91.fr\/blog\/"},{"@type":"ListItem","position":2,"name":"Franck et M\u00e9lanie Gonzalez (Familles nombreuses) : un joli pr\u00e9nom mythologique pour leur neuvi\u00e8me enfant"}]},{"@type":"WebSite","@id":"https:\/\/jumeaux91.fr\/blog\/#website","url":"https:\/\/jumeaux91.fr\/blog\/","name":"JUMEAUX91","description":"Fr\u00e8res jumeaux de l&#039;Essonnes; informations et archives, \u00e0 savoir et retenir.","publisher":{"@id":"https:\/\/jumeaux91.fr\/blog\/#organization"},"potentialAction":[{"@type":"SearchAction","target":{"@type":"EntryPoint","urlTemplate":"https:\/\/jumeaux91.fr\/blog\/?s={search_term_string}"},"query-input":{"@type":"PropertyValueSpecification","valueRequired":true,"valueName":"search_term_string"}}],"inLanguage":"fr-FR"},{"@type":"Organization","@id":"https:\/\/jumeaux91.fr\/blog\/#organization","name":"jumeaux91","url":"https:\/\/jumeaux91.fr\/blog\/","logo":{"@type":"ImageObject","inLanguage":"fr-FR","@id":"https:\/\/jumeaux91.fr\/blog\/#\/schema\/logo\/image\/","url":"https:\/\/jumeaux91.fr\/blog\/wp-content\/uploads\/2023\/05\/cropped-cropped-logoJ_91.png","contentUrl":"https:\/\/jumeaux91.fr\/blog\/wp-content\/uploads\/2023\/05\/cropped-cropped-logoJ_91.png","width":512,"height":512,"caption":"jumeaux91"},"image":{"@id":"https:\/\/jumeaux91.fr\/blog\/#\/schema\/logo\/image\/"}},{"@type":"Person","@id":"https:\/\/jumeaux91.fr\/blog\/#\/schema\/person\/21da06e9f119b9f64e5d45dbbd32d3fb","name":"Claude DAYRES","image":{"@type":"ImageObject","inLanguage":"fr-FR","@id":"https:\/\/secure.gravatar.com\/avatar\/82eb951df6110a2c48d1bfa7a67d1ee6f0cd5df3cbf9c3586dd61e82db7172a5?s=96&d=mm&r=g","url":"https:\/\/secure.gravatar.com\/avatar\/82eb951df6110a2c48d1bfa7a67d1ee6f0cd5df3cbf9c3586dd61e82db7172a5?s=96&d=mm&r=g","contentUrl":"https:\/\/secure.gravatar.com\/avatar\/82eb951df6110a2c48d1bfa7a67d1ee6f0cd5df3cbf9c3586dd61e82db7172a5?s=96&d=mm&r=g","caption":"Claude DAYRES"},"url":"https:\/\/jumeaux91.fr\/blog\/author\/x91claude\/"}]}},"_links":{"self":[{"href":"https:\/\/jumeaux91.fr\/blog\/wp-json\/wp\/v2\/posts\/714","targetHints":{"allow":["GET"]}}],"collection":[{"href":"https:\/\/jumeaux91.fr\/blog\/wp-json\/wp\/v2\/posts"}],"about":[{"href":"https:\/\/jumeaux91.fr\/blog\/wp-json\/wp\/v2\/types\/post"}],"author":[{"embeddable":true,"href":"https:\/\/jumeaux91.fr\/blog\/wp-json\/wp\/v2\/users\/2"}],"replies":[{"embeddable":true,"href":"https:\/\/jumeaux91.fr\/blog\/wp-json\/wp\/v2\/comments?post=714"}],"version-history":[{"count":0,"href":"https:\/\/jumeaux91.fr\/blog\/wp-json\/wp\/v2\/posts\/714\/revisions"}],"wp:featuredmedia":[{"embeddable":true,"href":"https:\/\/jumeaux91.fr\/blog\/wp-json\/wp\/v2\/media\/715"}],"wp:attachment":[{"href":"https:\/\/jumeaux91.fr\/blog\/wp-json\/wp\/v2\/media?parent=714"}],"wp:term":[{"taxonomy":"category","embeddable":true,"href":"https:\/\/jumeaux91.fr\/blog\/wp-json\/wp\/v2\/categories?post=714"},{"taxonomy":"post_tag","embeddable":true,"href":"https:\/\/jumeaux91.fr\/blog\/wp-json\/wp\/v2\/tags?post=714"}],"curies":[{"name":"wp","href":"https:\/\/api.w.org\/{rel}","templated":true}]}}