{"id":716,"date":"2024-09-17T22:41:00","date_gmt":"2024-09-17T20:41:00","guid":{"rendered":"https:\/\/jumeaux91.fr\/blog\/les-u13-1-sillustrent-au-festival-provincial-et-remportent-largent\/"},"modified":"2024-09-17T22:41:00","modified_gmt":"2024-09-17T20:41:00","slug":"les-u13-1-sillustrent-au-festival-provincial-et-remportent-largent","status":"publish","type":"post","link":"https:\/\/jumeaux91.fr\/blog\/les-u13-1-sillustrent-au-festival-provincial-et-remportent-largent\/","title":{"rendered":"Les U13-1 s\u2019illustrent au Festival provincial et remportent l\u2019argent"},"content":{"rendered":"\n<div id=\"fws_66ea55759ded9\" data-column-margin=\"default\" data-midnight=\"dark\" class=\"wpb_row vc_row-fluid vc_row\">\n<div class=\"row_col_wrap_12 col span_12 dark left\">\n<div class=\"vc_col-sm-8 wpb_column column_container vc_column_container col no-extra-padding inherit_tablet inherit_phone \" data-padding-pos=\"all\" data-has-bg-color=\"false\" data-bg-color data-bg-opacity=\"1\" data-animation data-delay=\"0\">\n<div class=\"vc_column-inner\">\n<div class=\"wpb_wrapper\">\n<div class=\"wpb_text_column wpb_content_element lead-article\">\n<div class=\"wpb_wrapper\">\n<p>\u00ab&nbsp;Que se passe-t-il avec les Panth\u00e8res de Valleyfield&nbsp;\u00bb? Plusieurs personnes se sont probablement pos\u00e9 cette question durant la saison estivale alors que les joueuses de l\u2019organisation se sont illustr\u00e9es sur les terrains de balle rapide. Les membres de l\u2019\u00e9quipe U13-1 ont conclu leur saison en rapportant l\u2019argent en sol campivallensien, lors du Festival le plus important de leur cat\u00e9gorie.<\/p>\n<\/p><\/div>\n<\/div>\n<div class=\"img-with-aniamtion-wrap center\" data-max-width=\"100%\" data-max-width-mobile=\"default\" data-shadow=\"none\" data-animation=\"none\">\n<div class=\"inner\">\n<div class=\"hover-wrap\">\n<div class=\"hover-wrap-inner\"> <a href=\"https:\/\/jumeaux91.fr\/blog\/wp-content\/uploads\/2024\/09\/les-u13-1-sillustrent-au-festival-provincial-et-remportent-largent.jpg\" class=\"pp center\"> <img decoding=\"async\" class=\"img-with-animation skip-lazy \" data-delay=\"0\" height=\"598\" width=\"688\" data-animation=\"none\" src=\"https:\/\/jumeaux91.fr\/blog\/wp-content\/uploads\/2024\/09\/les-u13-1-sillustrent-au-festival-provincial-et-remportent-largent.jpg\" alt> <\/a> <\/div>\n<\/p><\/div>\n<\/p><\/div>\n<\/p><\/div>\n<div class=\"wpb_text_column wpb_content_element \">\n<div class=\"wpb_wrapper\">\n<p>L\u2019histoire de l\u2019\u00e9quipe U13-1 est celle de jeunes filles se consacrant corps et \u00e2me \u00e0 leur sport, de joueuses d\u00e9termin\u00e9es qui ont fait un travail exceptionnel en amont de la saison pour parvenir \u00e0 se hisser jusqu\u2019en finale provinciale. C\u2019est \u00e9galement l\u2019histoire de deux fr\u00e8res jumeaux, qui partageant depuis leur enfance une passion commune pour la balle-molle. Deux fr\u00e8res, qui depuis quelques ann\u00e9es d\u00e9j\u00e0, forment une \u00e9quipe dont les comp\u00e9tences et les connaissances sont reconnues au-del\u00e0 de l\u2019organisation locale. Entour\u00e9s de Jean-Fran\u00e7ois Fournier, les fr\u00e8res Tr\u00e9panier se d\u00e9vouent enti\u00e8rement \u00e0 transmettre leur passion et leur amour du sport \u00e0 leur fille respective et \u00e0 leurs co\u00e9quipi\u00e8res.<\/p>\n<p>Au d\u00e9but de la saison, tel que l\u2019indique l\u2019entraineur-chef Pier-Luc Tr\u00e9panier, la force de l\u2019\u00e9quipe reposait majoritairement sur la puissance des quatre lanceuses, soit Victoria Jodoin, Kelyanne Desrochers, Romy Tr\u00e9panier et Alice Rochon. Parmi les douze joueuses composant l\u2019\u00e9quipe, cinq d\u2019entre elles n\u2019avaient jamais pratiqu\u00e9 ce sport et plusieurs entamaient leur premi\u00e8re ann\u00e9e dans cette cat\u00e9gorie.<\/p>\n<p>Il \u00e9tait essentiel que les entraineurs parviennent \u00e0 instaurer une coh\u00e9sion entre les joueuses tout en enseignant les rudiments de la balle-molle \u00e0 celles qui se sont pr\u00e9sent\u00e9es au b\u00e2ton sans exp\u00e9rience. Rapidement, chacune des joueuses \u00e0 d\u00e9montrer son potentiel. Les entraineurs ont alors mis\u00e9 sur l\u2019importance de la frappe et maximis\u00e9 le travail au b\u00e2ton.<\/p>\n<p>L\u2019\u00e9quipe a termin\u00e9 la raison r\u00e9guli\u00e8re en cinqui\u00e8me position de sa division. Notons que les conditions m\u00e9t\u00e9orologiques influencent le r\u00e9sultat puisque l\u2019\u00e9quipe n\u2019a jou\u00e9 que dix parties sur les douze pr\u00e9vues au calendrier. C\u2019est avec la marque de cinq victoires, cinq d\u00e9faites, que s\u2019est conclue la saison des U13-1.<\/p>\n<h3>Un Festival provincial&nbsp;: un parcours spectaculaire<\/h3>\n<p>La premi\u00e8re partie \u00e0 peine entam\u00e9e, que le terrain occup\u00e9 par les U13-1, attirait l\u2019attention de tous. Les joueuses se sont rapidement impos\u00e9es. L\u2019\u00e9quipe a incontestablement d\u00e9montr\u00e9 la puissance de sa frappe lors de chaque de leur pr\u00e9sence au b\u00e2ton. Les lanceuses ont endoss\u00e9 leur r\u00f4le avec brio et la d\u00e9fensive s\u2019est d\u00e9marqu\u00e9e par sa lecture du jeu et la maitrise de ses acquis.<\/p>\n<\/p><\/div>\n<\/div>\n<\/div>\n<\/div>\n<\/div>\n<\/div>\n<\/div>\n<p>Soulignons qu\u2019\u00e0 deux reprises, la joueuse Romy Tr\u00e9panier \u00e0 propulser la balle hors du terrain, causant une onde de choc dans les gradins. D\u2019ailleurs, partout dans le parc Derek-Aucoin, situ\u00e9 \u00e0 Boisbriand, on pouvait entendre les gens parler de l\u2019exploit de cette joueuse des Panth\u00e8res. &nbsp;\u00ab&nbsp;C\u2019\u00e9tait tr\u00e8s touchant de voir ma fille r\u00e9aliser son premier coup de circuit. C\u2019est un moment qui restera grav\u00e9 \u00e0 jamais tant pour elle, que pour moi&nbsp;\u00bb, souligne Pier-Luc Tr\u00e9panier.<\/p>\n<h3>Finale provinciale<\/h3>\n<p>C\u2019est en remportant les quatre parties disput\u00e9es que les Panth\u00e8res U13-1 se sont hiss\u00e9es en finale, durant laquelle, elle s\u2019est mesur\u00e9e contre les Rocket de Saint-Jean-Sur-Richelieu. Soulignons que lors de la demi-finale et de la finale, les joueuses des Panth\u00e8res ont affront\u00e9 des \u00e9quipes qui ont termin\u00e9 la saison en t\u00eate du classement de leur r\u00e9gion.<\/p>\n<p>Apr\u00e8s un parcours presque sans faille, les Panth\u00e8res se sont inclin\u00e9es devant les Rocket, non sans laisser leurs marques sur le terrain sur lequel elles ont tout donn\u00e9. Les joueuses ont fait preuve d\u2019un esprit d\u2019\u00e9quipe combatif. Tel que le mentionne leur entraineur, elles \u00e9taient plus d\u00e9termin\u00e9es que jamais.<\/p>\n<h3>De joueurs \u00e0 entraineurs<\/h3>\n<p>Martin et Pier-Luc Tr\u00e9panier ont connu un parcours \u00e9logieux. Mordus de balle-molle, les jumeaux Tr\u00e9panier ainsi que leur fr\u00e8re, ont \u00e9volu\u00e9 dans les \u00c9lites de Salaberry-de-Valleyfield. Pier-Luc confie avec modestie avoir remport\u00e9 avec son \u00e9quipe cinq Championnats canadiens majeur de la Petite ligue.<\/p>\n<p>\u00ab&nbsp;En 1999, l\u2019\u00e9quipe de mon fr\u00e8re a perdu en finale et cette ann\u00e9e-l\u00e0, le gagnant avait son laissez-passer pour Williamsport, mentionne-t-il fi\u00e8rement apr\u00e8s avoir soulign\u00e9 combien vivre l\u2019exp\u00e9rience de la finale provinciale en compagnie de son fr\u00e8re avait une signification particuli\u00e8re pour lui.<\/p>\n<p> La chronique se veut g\u00e9n\u00e9r\u00e9e de la fa\u00e7on la plus claire que possible. Dans le cas o\u00f9 vous souhaitez pr\u00e9senter des renseignements compl\u00e9mentaires \u00e0 cet article sur le sujet \u00ab\u00a0Fr\u00e8res jumeaux de l&rsquo;Essonnes\u00a0\u00bb il vous est possible d\u2019\u00e9crire aux contacts indiqu\u00e9s sur notre website. La raison d\u2019\u00eatre de jumeaux91.fr \u00e9tant de rassembler sur le web des posts sur le sujet de Fr\u00e8res jumeaux de l&rsquo;Essonnes puis les diffuser en r\u00e9pondant au mieux aux interrogations des gens. Vous pouvez tirer profit de cet article traitant le sujet \u00ab\u00a0Fr\u00e8res jumeaux de l&rsquo;Essonnes\u00a0\u00bb. Il est concoct\u00e9 par l\u2019\u00e9quipe jumeaux91.fr. Prochainement, nous rendrons accessibles au public d&rsquo;autres informations pertinentes sur le sujet \u00ab\u00a0Fr\u00e8res jumeaux de l&rsquo;Essonnes\u00a0\u00bb. Alors, consultez syst\u00e9matiquement notre blog.<\/p>\n","protected":false},"excerpt":{"rendered":"<p>\u00ab&nbsp;Que se passe-t-il avec les Panth\u00e8res de Valleyfield&nbsp;\u00bb? Plusieurs personnes se sont probablement pos\u00e9 cette question durant la saison estivale alors que les joueuses de l\u2019organisation se sont illustr\u00e9es sur les terrains de balle rapide. Les membres de l\u2019\u00e9quipe U13-1 ont conclu leur saison en rapportant l\u2019argent en sol campivallensien, lors du Festival le plus&hellip; <a class=\"more-link\" href=\"https:\/\/jumeaux91.fr\/blog\/les-u13-1-sillustrent-au-festival-provincial-et-remportent-largent\/\">Poursuivre la lecture <span class=\"screen-reader-text\">Les U13-1 s\u2019illustrent au Festival provincial et remportent l\u2019argent<\/span><\/a><\/p>\n","protected":false},"author":2,"featured_media":717,"comment_status":"closed","ping_status":"closed","sticky":false,"template":"","format":"standard","meta":{"footnotes":""},"categories":[4],"tags":[],"class_list":["post-716","post","type-post","status-publish","format-standard","has-post-thumbnail","hentry","category-posts-freres-jumeaux-de-lessonnes","entry"],"yoast_head":"<!-- This site is optimized with the Yoast SEO plugin v27.5 - https:\/\/yoast.com\/product\/yoast-seo-wordpress\/ -->\n<title>Les U13-1 s\u2019illustrent au Festival provincial et remportent l\u2019argent - JUMEAUX91<\/title>\n<meta name=\"robots\" content=\"index, follow, max-snippet:-1, max-image-preview:large, max-video-preview:-1\" \/>\n<link rel=\"canonical\" href=\"https:\/\/jumeaux91.fr\/blog\/les-u13-1-sillustrent-au-festival-provincial-et-remportent-largent\/\" \/>\n<meta property=\"og:locale\" content=\"fr_FR\" \/>\n<meta property=\"og:type\" content=\"article\" \/>\n<meta property=\"og:title\" content=\"Les U13-1 s\u2019illustrent au Festival provincial et remportent l\u2019argent - JUMEAUX91\" \/>\n<meta property=\"og:description\" content=\"\u00ab&nbsp;Que se passe-t-il avec les Panth\u00e8res de Valleyfield&nbsp;\u00bb? Plusieurs personnes se sont probablement pos\u00e9 cette question durant la saison estivale alors que les joueuses de l\u2019organisation se sont illustr\u00e9es sur les terrains de balle rapide. Les membres de l\u2019\u00e9quipe U13-1 ont conclu leur saison en rapportant l\u2019argent en sol campivallensien, lors du Festival le plus&hellip; Poursuivre la lecture Les U13-1 s\u2019illustrent au Festival provincial et remportent l\u2019argent\" \/>\n<meta property=\"og:url\" content=\"https:\/\/jumeaux91.fr\/blog\/les-u13-1-sillustrent-au-festival-provincial-et-remportent-largent\/\" \/>\n<meta property=\"og:site_name\" content=\"JUMEAUX91\" \/>\n<meta property=\"article:published_time\" content=\"2024-09-17T20:41:00+00:00\" \/>\n<meta property=\"og:image\" content=\"https:\/\/jumeaux91.fr\/blog\/wp-content\/uploads\/2024\/09\/les-u13-1-sillustrent-au-festival-provincial-et-remportent-largent.jpg\" \/>\n<meta name=\"author\" content=\"Claude DAYRES\" \/>\n<meta name=\"twitter:card\" content=\"summary_large_image\" \/>\n<meta name=\"twitter:label1\" content=\"\u00c9crit par\" \/>\n\t<meta name=\"twitter:data1\" content=\"Claude DAYRES\" \/>\n\t<meta name=\"twitter:label2\" content=\"Dur\u00e9e de lecture estim\u00e9e\" \/>\n\t<meta name=\"twitter:data2\" content=\"5 minutes\" \/>\n<script type=\"application\/ld+json\" class=\"yoast-schema-graph\">{\"@context\":\"https:\\\/\\\/schema.org\",\"@graph\":[{\"@type\":\"Article\",\"@id\":\"https:\\\/\\\/jumeaux91.fr\\\/blog\\\/les-u13-1-sillustrent-au-festival-provincial-et-remportent-largent\\\/#article\",\"isPartOf\":{\"@id\":\"https:\\\/\\\/jumeaux91.fr\\\/blog\\\/les-u13-1-sillustrent-au-festival-provincial-et-remportent-largent\\\/\"},\"author\":{\"name\":\"Claude DAYRES\",\"@id\":\"https:\\\/\\\/jumeaux91.fr\\\/blog\\\/#\\\/schema\\\/person\\\/21da06e9f119b9f64e5d45dbbd32d3fb\"},\"headline\":\"Les U13-1 s\u2019illustrent au Festival provincial et remportent l\u2019argent\",\"datePublished\":\"2024-09-17T20:41:00+00:00\",\"mainEntityOfPage\":{\"@id\":\"https:\\\/\\\/jumeaux91.fr\\\/blog\\\/les-u13-1-sillustrent-au-festival-provincial-et-remportent-largent\\\/\"},\"wordCount\":927,\"publisher\":{\"@id\":\"https:\\\/\\\/jumeaux91.fr\\\/blog\\\/#organization\"},\"image\":{\"@id\":\"https:\\\/\\\/jumeaux91.fr\\\/blog\\\/les-u13-1-sillustrent-au-festival-provincial-et-remportent-largent\\\/#primaryimage\"},\"thumbnailUrl\":\"https:\\\/\\\/jumeaux91.fr\\\/blog\\\/wp-content\\\/uploads\\\/2024\\\/09\\\/les-u13-1-sillustrent-au-festival-provincial-et-remportent-largent.jpg\",\"articleSection\":[\"Posts Fr\u00e8res Jumeaux De L'Essonnes:\"],\"inLanguage\":\"fr-FR\"},{\"@type\":\"WebPage\",\"@id\":\"https:\\\/\\\/jumeaux91.fr\\\/blog\\\/les-u13-1-sillustrent-au-festival-provincial-et-remportent-largent\\\/\",\"url\":\"https:\\\/\\\/jumeaux91.fr\\\/blog\\\/les-u13-1-sillustrent-au-festival-provincial-et-remportent-largent\\\/\",\"name\":\"Les U13-1 s\u2019illustrent au Festival provincial et remportent l\u2019argent - JUMEAUX91\",\"isPartOf\":{\"@id\":\"https:\\\/\\\/jumeaux91.fr\\\/blog\\\/#website\"},\"primaryImageOfPage\":{\"@id\":\"https:\\\/\\\/jumeaux91.fr\\\/blog\\\/les-u13-1-sillustrent-au-festival-provincial-et-remportent-largent\\\/#primaryimage\"},\"image\":{\"@id\":\"https:\\\/\\\/jumeaux91.fr\\\/blog\\\/les-u13-1-sillustrent-au-festival-provincial-et-remportent-largent\\\/#primaryimage\"},\"thumbnailUrl\":\"https:\\\/\\\/jumeaux91.fr\\\/blog\\\/wp-content\\\/uploads\\\/2024\\\/09\\\/les-u13-1-sillustrent-au-festival-provincial-et-remportent-largent.jpg\",\"datePublished\":\"2024-09-17T20:41:00+00:00\",\"breadcrumb\":{\"@id\":\"https:\\\/\\\/jumeaux91.fr\\\/blog\\\/les-u13-1-sillustrent-au-festival-provincial-et-remportent-largent\\\/#breadcrumb\"},\"inLanguage\":\"fr-FR\",\"potentialAction\":[{\"@type\":\"ReadAction\",\"target\":[\"https:\\\/\\\/jumeaux91.fr\\\/blog\\\/les-u13-1-sillustrent-au-festival-provincial-et-remportent-largent\\\/\"]}]},{\"@type\":\"ImageObject\",\"inLanguage\":\"fr-FR\",\"@id\":\"https:\\\/\\\/jumeaux91.fr\\\/blog\\\/les-u13-1-sillustrent-au-festival-provincial-et-remportent-largent\\\/#primaryimage\",\"url\":\"https:\\\/\\\/jumeaux91.fr\\\/blog\\\/wp-content\\\/uploads\\\/2024\\\/09\\\/les-u13-1-sillustrent-au-festival-provincial-et-remportent-largent.jpg\",\"contentUrl\":\"https:\\\/\\\/jumeaux91.fr\\\/blog\\\/wp-content\\\/uploads\\\/2024\\\/09\\\/les-u13-1-sillustrent-au-festival-provincial-et-remportent-largent.jpg\",\"width\":688,\"height\":598,\"caption\":\"Les U13 1 s\u2019illustrent au Festival provincial et remportent l\u2019argent\"},{\"@type\":\"BreadcrumbList\",\"@id\":\"https:\\\/\\\/jumeaux91.fr\\\/blog\\\/les-u13-1-sillustrent-au-festival-provincial-et-remportent-largent\\\/#breadcrumb\",\"itemListElement\":[{\"@type\":\"ListItem\",\"position\":1,\"name\":\"Accueil\",\"item\":\"https:\\\/\\\/jumeaux91.fr\\\/blog\\\/\"},{\"@type\":\"ListItem\",\"position\":2,\"name\":\"Les U13-1 s\u2019illustrent au Festival provincial et remportent l\u2019argent\"}]},{\"@type\":\"WebSite\",\"@id\":\"https:\\\/\\\/jumeaux91.fr\\\/blog\\\/#website\",\"url\":\"https:\\\/\\\/jumeaux91.fr\\\/blog\\\/\",\"name\":\"JUMEAUX91\",\"description\":\"Fr\u00e8res jumeaux de l&#039;Essonnes; informations et archives, \u00e0 savoir et retenir.\",\"publisher\":{\"@id\":\"https:\\\/\\\/jumeaux91.fr\\\/blog\\\/#organization\"},\"potentialAction\":[{\"@type\":\"SearchAction\",\"target\":{\"@type\":\"EntryPoint\",\"urlTemplate\":\"https:\\\/\\\/jumeaux91.fr\\\/blog\\\/?s={search_term_string}\"},\"query-input\":{\"@type\":\"PropertyValueSpecification\",\"valueRequired\":true,\"valueName\":\"search_term_string\"}}],\"inLanguage\":\"fr-FR\"},{\"@type\":\"Organization\",\"@id\":\"https:\\\/\\\/jumeaux91.fr\\\/blog\\\/#organization\",\"name\":\"jumeaux91\",\"url\":\"https:\\\/\\\/jumeaux91.fr\\\/blog\\\/\",\"logo\":{\"@type\":\"ImageObject\",\"inLanguage\":\"fr-FR\",\"@id\":\"https:\\\/\\\/jumeaux91.fr\\\/blog\\\/#\\\/schema\\\/logo\\\/image\\\/\",\"url\":\"https:\\\/\\\/jumeaux91.fr\\\/blog\\\/wp-content\\\/uploads\\\/2023\\\/05\\\/cropped-cropped-logoJ_91.png\",\"contentUrl\":\"https:\\\/\\\/jumeaux91.fr\\\/blog\\\/wp-content\\\/uploads\\\/2023\\\/05\\\/cropped-cropped-logoJ_91.png\",\"width\":512,\"height\":512,\"caption\":\"jumeaux91\"},\"image\":{\"@id\":\"https:\\\/\\\/jumeaux91.fr\\\/blog\\\/#\\\/schema\\\/logo\\\/image\\\/\"}},{\"@type\":\"Person\",\"@id\":\"https:\\\/\\\/jumeaux91.fr\\\/blog\\\/#\\\/schema\\\/person\\\/21da06e9f119b9f64e5d45dbbd32d3fb\",\"name\":\"Claude DAYRES\",\"image\":{\"@type\":\"ImageObject\",\"inLanguage\":\"fr-FR\",\"@id\":\"https:\\\/\\\/secure.gravatar.com\\\/avatar\\\/82eb951df6110a2c48d1bfa7a67d1ee6f0cd5df3cbf9c3586dd61e82db7172a5?s=96&d=mm&r=g\",\"url\":\"https:\\\/\\\/secure.gravatar.com\\\/avatar\\\/82eb951df6110a2c48d1bfa7a67d1ee6f0cd5df3cbf9c3586dd61e82db7172a5?s=96&d=mm&r=g\",\"contentUrl\":\"https:\\\/\\\/secure.gravatar.com\\\/avatar\\\/82eb951df6110a2c48d1bfa7a67d1ee6f0cd5df3cbf9c3586dd61e82db7172a5?s=96&d=mm&r=g\",\"caption\":\"Claude DAYRES\"},\"url\":\"https:\\\/\\\/jumeaux91.fr\\\/blog\\\/author\\\/x91claude\\\/\"}]}<\/script>\n<!-- \/ Yoast SEO plugin. -->","yoast_head_json":{"title":"Les U13-1 s\u2019illustrent au Festival provincial et remportent l\u2019argent - JUMEAUX91","robots":{"index":"index","follow":"follow","max-snippet":"max-snippet:-1","max-image-preview":"max-image-preview:large","max-video-preview":"max-video-preview:-1"},"canonical":"https:\/\/jumeaux91.fr\/blog\/les-u13-1-sillustrent-au-festival-provincial-et-remportent-largent\/","og_locale":"fr_FR","og_type":"article","og_title":"Les U13-1 s\u2019illustrent au Festival provincial et remportent l\u2019argent - JUMEAUX91","og_description":"\u00ab&nbsp;Que se passe-t-il avec les Panth\u00e8res de Valleyfield&nbsp;\u00bb? Plusieurs personnes se sont probablement pos\u00e9 cette question durant la saison estivale alors que les joueuses de l\u2019organisation se sont illustr\u00e9es sur les terrains de balle rapide. Les membres de l\u2019\u00e9quipe U13-1 ont conclu leur saison en rapportant l\u2019argent en sol campivallensien, lors du Festival le plus&hellip; Poursuivre la lecture Les U13-1 s\u2019illustrent au Festival provincial et remportent l\u2019argent","og_url":"https:\/\/jumeaux91.fr\/blog\/les-u13-1-sillustrent-au-festival-provincial-et-remportent-largent\/","og_site_name":"JUMEAUX91","article_published_time":"2024-09-17T20:41:00+00:00","og_image":[{"url":"https:\/\/jumeaux91.fr\/blog\/wp-content\/uploads\/2024\/09\/les-u13-1-sillustrent-au-festival-provincial-et-remportent-largent.jpg","type":"","width":"","height":""}],"author":"Claude DAYRES","twitter_card":"summary_large_image","twitter_misc":{"\u00c9crit par":"Claude DAYRES","Dur\u00e9e de lecture estim\u00e9e":"5 minutes"},"schema":{"@context":"https:\/\/schema.org","@graph":[{"@type":"Article","@id":"https:\/\/jumeaux91.fr\/blog\/les-u13-1-sillustrent-au-festival-provincial-et-remportent-largent\/#article","isPartOf":{"@id":"https:\/\/jumeaux91.fr\/blog\/les-u13-1-sillustrent-au-festival-provincial-et-remportent-largent\/"},"author":{"name":"Claude DAYRES","@id":"https:\/\/jumeaux91.fr\/blog\/#\/schema\/person\/21da06e9f119b9f64e5d45dbbd32d3fb"},"headline":"Les U13-1 s\u2019illustrent au Festival provincial et remportent l\u2019argent","datePublished":"2024-09-17T20:41:00+00:00","mainEntityOfPage":{"@id":"https:\/\/jumeaux91.fr\/blog\/les-u13-1-sillustrent-au-festival-provincial-et-remportent-largent\/"},"wordCount":927,"publisher":{"@id":"https:\/\/jumeaux91.fr\/blog\/#organization"},"image":{"@id":"https:\/\/jumeaux91.fr\/blog\/les-u13-1-sillustrent-au-festival-provincial-et-remportent-largent\/#primaryimage"},"thumbnailUrl":"https:\/\/jumeaux91.fr\/blog\/wp-content\/uploads\/2024\/09\/les-u13-1-sillustrent-au-festival-provincial-et-remportent-largent.jpg","articleSection":["Posts Fr\u00e8res Jumeaux De L'Essonnes:"],"inLanguage":"fr-FR"},{"@type":"WebPage","@id":"https:\/\/jumeaux91.fr\/blog\/les-u13-1-sillustrent-au-festival-provincial-et-remportent-largent\/","url":"https:\/\/jumeaux91.fr\/blog\/les-u13-1-sillustrent-au-festival-provincial-et-remportent-largent\/","name":"Les U13-1 s\u2019illustrent au Festival provincial et remportent l\u2019argent - JUMEAUX91","isPartOf":{"@id":"https:\/\/jumeaux91.fr\/blog\/#website"},"primaryImageOfPage":{"@id":"https:\/\/jumeaux91.fr\/blog\/les-u13-1-sillustrent-au-festival-provincial-et-remportent-largent\/#primaryimage"},"image":{"@id":"https:\/\/jumeaux91.fr\/blog\/les-u13-1-sillustrent-au-festival-provincial-et-remportent-largent\/#primaryimage"},"thumbnailUrl":"https:\/\/jumeaux91.fr\/blog\/wp-content\/uploads\/2024\/09\/les-u13-1-sillustrent-au-festival-provincial-et-remportent-largent.jpg","datePublished":"2024-09-17T20:41:00+00:00","breadcrumb":{"@id":"https:\/\/jumeaux91.fr\/blog\/les-u13-1-sillustrent-au-festival-provincial-et-remportent-largent\/#breadcrumb"},"inLanguage":"fr-FR","potentialAction":[{"@type":"ReadAction","target":["https:\/\/jumeaux91.fr\/blog\/les-u13-1-sillustrent-au-festival-provincial-et-remportent-largent\/"]}]},{"@type":"ImageObject","inLanguage":"fr-FR","@id":"https:\/\/jumeaux91.fr\/blog\/les-u13-1-sillustrent-au-festival-provincial-et-remportent-largent\/#primaryimage","url":"https:\/\/jumeaux91.fr\/blog\/wp-content\/uploads\/2024\/09\/les-u13-1-sillustrent-au-festival-provincial-et-remportent-largent.jpg","contentUrl":"https:\/\/jumeaux91.fr\/blog\/wp-content\/uploads\/2024\/09\/les-u13-1-sillustrent-au-festival-provincial-et-remportent-largent.jpg","width":688,"height":598,"caption":"Les U13 1 s\u2019illustrent au Festival provincial et remportent l\u2019argent"},{"@type":"BreadcrumbList","@id":"https:\/\/jumeaux91.fr\/blog\/les-u13-1-sillustrent-au-festival-provincial-et-remportent-largent\/#breadcrumb","itemListElement":[{"@type":"ListItem","position":1,"name":"Accueil","item":"https:\/\/jumeaux91.fr\/blog\/"},{"@type":"ListItem","position":2,"name":"Les U13-1 s\u2019illustrent au Festival provincial et remportent l\u2019argent"}]},{"@type":"WebSite","@id":"https:\/\/jumeaux91.fr\/blog\/#website","url":"https:\/\/jumeaux91.fr\/blog\/","name":"JUMEAUX91","description":"Fr\u00e8res jumeaux de l&#039;Essonnes; informations et archives, \u00e0 savoir et retenir.","publisher":{"@id":"https:\/\/jumeaux91.fr\/blog\/#organization"},"potentialAction":[{"@type":"SearchAction","target":{"@type":"EntryPoint","urlTemplate":"https:\/\/jumeaux91.fr\/blog\/?s={search_term_string}"},"query-input":{"@type":"PropertyValueSpecification","valueRequired":true,"valueName":"search_term_string"}}],"inLanguage":"fr-FR"},{"@type":"Organization","@id":"https:\/\/jumeaux91.fr\/blog\/#organization","name":"jumeaux91","url":"https:\/\/jumeaux91.fr\/blog\/","logo":{"@type":"ImageObject","inLanguage":"fr-FR","@id":"https:\/\/jumeaux91.fr\/blog\/#\/schema\/logo\/image\/","url":"https:\/\/jumeaux91.fr\/blog\/wp-content\/uploads\/2023\/05\/cropped-cropped-logoJ_91.png","contentUrl":"https:\/\/jumeaux91.fr\/blog\/wp-content\/uploads\/2023\/05\/cropped-cropped-logoJ_91.png","width":512,"height":512,"caption":"jumeaux91"},"image":{"@id":"https:\/\/jumeaux91.fr\/blog\/#\/schema\/logo\/image\/"}},{"@type":"Person","@id":"https:\/\/jumeaux91.fr\/blog\/#\/schema\/person\/21da06e9f119b9f64e5d45dbbd32d3fb","name":"Claude DAYRES","image":{"@type":"ImageObject","inLanguage":"fr-FR","@id":"https:\/\/secure.gravatar.com\/avatar\/82eb951df6110a2c48d1bfa7a67d1ee6f0cd5df3cbf9c3586dd61e82db7172a5?s=96&d=mm&r=g","url":"https:\/\/secure.gravatar.com\/avatar\/82eb951df6110a2c48d1bfa7a67d1ee6f0cd5df3cbf9c3586dd61e82db7172a5?s=96&d=mm&r=g","contentUrl":"https:\/\/secure.gravatar.com\/avatar\/82eb951df6110a2c48d1bfa7a67d1ee6f0cd5df3cbf9c3586dd61e82db7172a5?s=96&d=mm&r=g","caption":"Claude DAYRES"},"url":"https:\/\/jumeaux91.fr\/blog\/author\/x91claude\/"}]}},"_links":{"self":[{"href":"https:\/\/jumeaux91.fr\/blog\/wp-json\/wp\/v2\/posts\/716","targetHints":{"allow":["GET"]}}],"collection":[{"href":"https:\/\/jumeaux91.fr\/blog\/wp-json\/wp\/v2\/posts"}],"about":[{"href":"https:\/\/jumeaux91.fr\/blog\/wp-json\/wp\/v2\/types\/post"}],"author":[{"embeddable":true,"href":"https:\/\/jumeaux91.fr\/blog\/wp-json\/wp\/v2\/users\/2"}],"replies":[{"embeddable":true,"href":"https:\/\/jumeaux91.fr\/blog\/wp-json\/wp\/v2\/comments?post=716"}],"version-history":[{"count":0,"href":"https:\/\/jumeaux91.fr\/blog\/wp-json\/wp\/v2\/posts\/716\/revisions"}],"wp:featuredmedia":[{"embeddable":true,"href":"https:\/\/jumeaux91.fr\/blog\/wp-json\/wp\/v2\/media\/717"}],"wp:attachment":[{"href":"https:\/\/jumeaux91.fr\/blog\/wp-json\/wp\/v2\/media?parent=716"}],"wp:term":[{"taxonomy":"category","embeddable":true,"href":"https:\/\/jumeaux91.fr\/blog\/wp-json\/wp\/v2\/categories?post=716"},{"taxonomy":"post_tag","embeddable":true,"href":"https:\/\/jumeaux91.fr\/blog\/wp-json\/wp\/v2\/tags?post=716"}],"curies":[{"name":"wp","href":"https:\/\/api.w.org\/{rel}","templated":true}]}}