{"id":718,"date":"2024-09-15T23:00:00","date_gmt":"2024-09-15T21:00:00","guid":{"rendered":"https:\/\/jumeaux91.fr\/blog\/jespere-que-ses-troubles-de-loralite-vont-sameliorer-hanaa\/"},"modified":"2024-09-15T23:00:00","modified_gmt":"2024-09-15T21:00:00","slug":"jespere-que-ses-troubles-de-loralite-vont-sameliorer-hanaa","status":"publish","type":"post","link":"https:\/\/jumeaux91.fr\/blog\/jespere-que-ses-troubles-de-loralite-vont-sameliorer-hanaa\/","title":{"rendered":"\u00ab\u00a0J&rsquo;esp\u00e8re que ses troubles de l\u2019oralit\u00e9 vont s\u2019am\u00e9liorer\u00a0\u00bb : Hanaa&#8230;"},"content":{"rendered":"<p class=\"articleContent-meta\"> Lundi 16 septembre 2024 \u00e0 06:00 &#8211; par <span class=\"articleContent-metaAuthors\"> <span class=\"articleContent-metaAuthorsName\">Sophie Bongart<\/span> <\/span> <\/p>\n<div class=\"articleContent-socialCtas\">\n<p> <button class=\"cta secondary large socialShare-button\" aria-label=\"Partager sur X\" data-url=\"https:\/\/twitter.com\/intent\/tweet?url=\"> <span class=\"cta-content\">    <span class=\"cta-contentText\"> Tweeter <\/span> <\/span> <\/button> <button class=\"cta secondary large socialShare-button\" aria-label=\"Partager sur Facebook\" data-url=\"https:\/\/www.facebook.com\/sharer\/sharer.php?u=\"> <span class=\"cta-content\">    <span class=\"cta-contentText\"> Partager sur Facebook <\/span> <\/span> <\/button> <\/p>\n<\/p><\/div>\n<div class=\"articleContent-media\">\n<div class=\"playerDailymotion\" data-player-type=\"Leader\"> <img decoding=\"async\" src=\"https:\/\/jumeaux91.fr\/blog\/wp-content\/uploads\/2024\/09\/jespere-que-ses-troubles-de-loralite-vont-sameliorer-hanaa.jpg\" alt=\"Player Video\" class=\"player-applyRatio poster exclude-seedtag\"> <\/div>\n<\/p><\/div>\n<div class=\"articleContent-lead defaultStyleContentTags\">\n<p>Le nouveau rythme de la rentr\u00e9e scolaire s&rsquo;installe petit \u00e0 petit chez les Elah puisque leurs jumeaux ne souhaitent plus faire la sieste \u00e0 la maison, mais \u00e0 l&rsquo;\u00e9cole. Au grand dam d&rsquo;Hanaa qui a pris une grande d\u00e9cision pour Eyna et Emyr.<\/p>\n<\/p><\/div>\n<div class=\"articleContent-ads ads-mobile\">\n<div class=\"containerAds ads-paveHaut \" id=\"ads-637072225\">\n<p> <span class=\"ads-text\">Publicit\u00e9<\/span> <\/p>\n<\/p><\/div>\n<\/p><\/div>\n<div class=\"articleContent-body defaultStyleContentTags\">\n<p>Le clan Elah, r\u00e9v\u00e9l\u00e9 dans la derni\u00e8re saison de l&rsquo;\u00e9mission <i>Familles nombreuses : la vie en XXL<\/i> depuis f\u00e9vrier, partage r\u00e9guli\u00e8rement son quotidien sur Instagram. <a href=\"https:\/\/www.programme.tv\/news\/actu\/235467-on-invente-toujours-un-truc-glauque-hanaa-elah-familles-nombreuses-devoile-son-rituel-peu-commun-avant-de-coucher-ses-enfants\/\" target=\"_blank\" rel=\"nofollow\">Hanaa et Irshad Elah<\/a>, \u00e2g\u00e9s de 30 et 31 ans, sont parents de quatre enfants : Aylan, Keyden, et les jumeaux Eyna et Emyr. Pourtant, avant de fonder leur famille, la maman a d\u00e9couvert \u00e0 23 ans qu&rsquo;elle \u00e9tait atteinte du syndrome des ovaires polykystiques, rendant la conception tr\u00e8s difficile. Gr\u00e2ce \u00e0 un traitement m\u00e9dical, elle a r\u00e9ussi \u00e0 avoir ses<i> \u00ab\u00a0b\u00e9b\u00e9s miracles\u00a0\u00bb.<\/i> Aujourd&rsquo;hui, <a href=\"https:\/\/www.programme.tv\/news\/actu\/235374-cest-complique-pour-notre-couple-hanaa-elah-familles-nombreuses-se-livre-a-coeur-ouvert-sur-sa-bataille-pour-un-nouvel-enfant\/\" target=\"_blank\" rel=\"nofollow\">Hanaa envisage d&rsquo;agrandir sa famille et a entam\u00e9 un nouveau protocole m\u00e9dical <\/a>pour avoir un cinqui\u00e8me enfant. En attendant d&rsquo;accueillir un nouveau membre dans la famille, la nouvelle recrue du programme se penche sur les d\u00e9fis de cette rentr\u00e9e scolaire.<\/p>\n<h2 class=\"no-inject-ads\" id=\"brp6s\">Eyna et Emyr enchant\u00e9s par leur dernier rendez-vous m\u00e9dical<\/h2>\n<p>Ce vendredi 13 septembre, <a href=\"https:\/\/www.programme.tv\/news\/actu\/235407-comment-ranger-en-samusant-hanaa-elah-familles-nombreuses-devoile-sa-technique-imparable-pour-que-ses-enfants-rangent-leurs-affaires\/\" target=\"_blank\" rel=\"nofollow\">Hanaa Elah<\/a> se h\u00e2te de se coiffer avant une journ\u00e9e encore bien charg\u00e9e. <i><b>\u00ab\u00a0Direction l&rsquo;orthophoniste pour mes Bebs. \u00c7a sera tous les vendredis. J&rsquo;esp\u00e8re que \u00e7a va s&rsquo;am\u00e9liorer les troubles de l&rsquo;oralit\u00e9\u00a0\u00bb,<\/b><\/i> a-t-elle indiqu\u00e9 dans sa story du jour. Un rendez-vous qui s&rsquo;est apparemment tr\u00e8s bien pass\u00e9 pour les jumeaux. En sortant de la salle, Eyna, ravie d&rsquo;avoir rencontr\u00e9 son orthophoniste aux c\u00f4t\u00e9s de son fr\u00e8re, a fredonn\u00e9 la chanson issue d&rsquo;une c\u00e9l\u00e8bre attraction, bien connue des tout-petits : \u00ab\u00a0It&rsquo;s a small world\u00a0\u00bb. Il y a deux semaines, toute la tribu s&rsquo;\u00e9tait offert un s\u00e9jour \u00e0 Disneyland Paris. Une journ\u00e9e magique que la fillette n&rsquo;a pas oubli\u00e9e visiblement. <i>\u00ab\u00a0Bonne journ\u00e9e, et de rien pour la musique dans la t\u00eate\u00a0\u00bb,<\/i> s&rsquo;est amus\u00e9e sa maman.<\/p>\n<div class=\"ads-mobile\">\n<div class=\"containerAds ads-paveHaut2 \" id=\"ads-2011998965\">\n<p> <span class=\"ads-text\">Publicit\u00e9<\/span> <\/p>\n<\/p><\/div>\n<\/p><\/div>\n<div class=\"ads-tabletDesktop\">\n<div class=\"containerAds ads-paveHaut2Desktop \" id=\"ads-1093700259\">\n<p> <span class=\"ads-text\">Publicit\u00e9<\/span> <\/p>\n<\/p><\/div>\n<\/p><\/div>\n<h2 class=\"no-inject-ads\" id=\"748s7\">Hanaa Elah priv\u00e9e de ses enfants \u00e0 l&rsquo;heure de la sieste<\/h2>\n<p>Le mardi 10 septembre, Hanaa Elah a v\u00e9cu un moment difficile lorsque ses jumeaux ont refus\u00e9 de rentrer \u00e0 la maison pour leur sieste, pr\u00e9f\u00e9rant retourner \u00e0 l&rsquo;\u00e9cole avec leurs grands fr\u00e8res. <i>\u00ab\u00a0Comment vous dire que je ne suis pas pr\u00eate ! <\/i><i><b>Je suis \u00e0 deux doigts de pleurer.<\/b><\/i><i> Si je rentre \u00e0 l&rsquo;heure de la sieste sans eux, je vais trop chialer ! J&rsquo;esp\u00e8re qu&rsquo;ils ne voudront plus y aller\u00a0\u00bb,<\/i> esp\u00e9rait-elle. H\u00e9las, Eyna et Emyr ont r\u00e9cidiv\u00e9 d\u00e8s le lendemain. <i>\u00ab\u00a0Franchement, je suis triste&#8230; Je pensais qu&rsquo;ils iraient une fois de temps en temps\u00a0\u00bb,<\/i> confie-t-elle, satisfaite toutefois de cette adaptation tr\u00e8s positive.<\/p>\n<figure data-type=\"media\" data-key=\"1mo7q\" data-site=\"PMD_BONE_Article\"> <\/figure>\n<p><i>Article \u00e9crit avec la collaboration de 6Medias<\/i><\/p>\n<\/p><\/div>\n<div class=\"articleContent-push\">\n<p>Rejoignez-nous sur Google News !<\/p>\n<p class=\"articleContent-pushTagline\">Abonnez-vous \u00e0 <a href=\"https:\/\/news.google.com\/publications\/CAAiEJwr-IZFXDFoZD1ePbkC_VcqFAgKIhCcK_iGRVwxaGQ9Xj25Av1X\" target=\"_blank\" rel=\"nofollow\">T\u00e9l\u00e9 2 semaines sur Google News<\/a> pour ne manquer aucune info !<\/p>\n<\/p><\/div>\n<p> La chronique se veut g\u00e9n\u00e9r\u00e9e de la fa\u00e7on la plus claire que possible. Dans le cas o\u00f9 vous souhaitez pr\u00e9senter des renseignements compl\u00e9mentaires \u00e0 cet article sur le sujet \u00ab\u00a0Fr\u00e8res jumeaux de l&rsquo;Essonnes\u00a0\u00bb il vous est possible d\u2019\u00e9crire aux contacts indiqu\u00e9s sur notre website. La raison d\u2019\u00eatre de jumeaux91.fr \u00e9tant de rassembler sur le web des posts sur le sujet de Fr\u00e8res jumeaux de l&rsquo;Essonnes puis les diffuser en r\u00e9pondant au mieux aux interrogations des gens. Vous pouvez tirer profit de cet article traitant le sujet \u00ab\u00a0Fr\u00e8res jumeaux de l&rsquo;Essonnes\u00a0\u00bb. Il est concoct\u00e9 par l\u2019\u00e9quipe jumeaux91.fr. Prochainement, nous rendrons accessibles au public d&rsquo;autres informations pertinentes sur le sujet \u00ab\u00a0Fr\u00e8res jumeaux de l&rsquo;Essonnes\u00a0\u00bb. Alors, consultez syst\u00e9matiquement notre blog.<\/p>\n","protected":false},"excerpt":{"rendered":"<p>Lundi 16 septembre 2024 \u00e0 06:00 &#8211; par Sophie Bongart Tweeter Partager sur Facebook Le nouveau rythme de la rentr\u00e9e scolaire s&rsquo;installe petit \u00e0 petit chez les Elah puisque leurs jumeaux ne souhaitent plus faire la sieste \u00e0 la maison, mais \u00e0 l&rsquo;\u00e9cole. Au grand dam d&rsquo;Hanaa qui a pris une grande d\u00e9cision pour Eyna&hellip; <a class=\"more-link\" href=\"https:\/\/jumeaux91.fr\/blog\/jespere-que-ses-troubles-de-loralite-vont-sameliorer-hanaa\/\">Poursuivre la lecture <span class=\"screen-reader-text\">\u00ab\u00a0J&rsquo;esp\u00e8re que ses troubles de l\u2019oralit\u00e9 vont s\u2019am\u00e9liorer\u00a0\u00bb : Hanaa&#8230;<\/span><\/a><\/p>\n","protected":false},"author":2,"featured_media":719,"comment_status":"closed","ping_status":"closed","sticky":false,"template":"","format":"standard","meta":{"footnotes":""},"categories":[4],"tags":[],"class_list":["post-718","post","type-post","status-publish","format-standard","has-post-thumbnail","hentry","category-posts-freres-jumeaux-de-lessonnes","entry"],"yoast_head":"<!-- This site is optimized with the Yoast SEO plugin v27.5 - https:\/\/yoast.com\/product\/yoast-seo-wordpress\/ -->\n<title>&quot;J&#039;esp\u00e8re que ses troubles de l\u2019oralit\u00e9 vont s\u2019am\u00e9liorer&quot; : Hanaa... - JUMEAUX91<\/title>\n<meta name=\"robots\" content=\"index, follow, max-snippet:-1, max-image-preview:large, max-video-preview:-1\" \/>\n<link rel=\"canonical\" href=\"https:\/\/jumeaux91.fr\/blog\/jespere-que-ses-troubles-de-loralite-vont-sameliorer-hanaa\/\" \/>\n<meta property=\"og:locale\" content=\"fr_FR\" \/>\n<meta property=\"og:type\" content=\"article\" \/>\n<meta property=\"og:title\" content=\"&quot;J&#039;esp\u00e8re que ses troubles de l\u2019oralit\u00e9 vont s\u2019am\u00e9liorer&quot; : Hanaa... - JUMEAUX91\" \/>\n<meta property=\"og:description\" content=\"Lundi 16 septembre 2024 \u00e0 06:00 &#8211; par Sophie Bongart Tweeter Partager sur Facebook Le nouveau rythme de la rentr\u00e9e scolaire s&rsquo;installe petit \u00e0 petit chez les Elah puisque leurs jumeaux ne souhaitent plus faire la sieste \u00e0 la maison, mais \u00e0 l&rsquo;\u00e9cole. Au grand dam d&rsquo;Hanaa qui a pris une grande d\u00e9cision pour Eyna&hellip; Poursuivre la lecture \u00ab\u00a0J&rsquo;esp\u00e8re que ses troubles de l\u2019oralit\u00e9 vont s\u2019am\u00e9liorer\u00a0\u00bb : Hanaa&#8230;\" \/>\n<meta property=\"og:url\" content=\"https:\/\/jumeaux91.fr\/blog\/jespere-que-ses-troubles-de-loralite-vont-sameliorer-hanaa\/\" \/>\n<meta property=\"og:site_name\" content=\"JUMEAUX91\" \/>\n<meta property=\"article:published_time\" content=\"2024-09-15T21:00:00+00:00\" \/>\n<meta property=\"og:image\" content=\"https:\/\/jumeaux91.fr\/blog\/wp-content\/uploads\/2024\/09\/jespere-que-ses-troubles-de-loralite-vont-sameliorer-hanaa.jpg\" \/>\n<meta name=\"author\" content=\"Claude DAYRES\" \/>\n<meta name=\"twitter:card\" content=\"summary_large_image\" \/>\n<meta name=\"twitter:label1\" content=\"\u00c9crit par\" \/>\n\t<meta name=\"twitter:data1\" content=\"Claude DAYRES\" \/>\n\t<meta name=\"twitter:label2\" content=\"Dur\u00e9e de lecture estim\u00e9e\" \/>\n\t<meta name=\"twitter:data2\" content=\"3 minutes\" \/>\n<script type=\"application\/ld+json\" class=\"yoast-schema-graph\">{\"@context\":\"https:\\\/\\\/schema.org\",\"@graph\":[{\"@type\":\"Article\",\"@id\":\"https:\\\/\\\/jumeaux91.fr\\\/blog\\\/jespere-que-ses-troubles-de-loralite-vont-sameliorer-hanaa\\\/#article\",\"isPartOf\":{\"@id\":\"https:\\\/\\\/jumeaux91.fr\\\/blog\\\/jespere-que-ses-troubles-de-loralite-vont-sameliorer-hanaa\\\/\"},\"author\":{\"name\":\"Claude DAYRES\",\"@id\":\"https:\\\/\\\/jumeaux91.fr\\\/blog\\\/#\\\/schema\\\/person\\\/21da06e9f119b9f64e5d45dbbd32d3fb\"},\"headline\":\"\u00ab\u00a0J&rsquo;esp\u00e8re que ses troubles de l\u2019oralit\u00e9 vont s\u2019am\u00e9liorer\u00a0\u00bb : Hanaa&#8230;\",\"datePublished\":\"2024-09-15T21:00:00+00:00\",\"mainEntityOfPage\":{\"@id\":\"https:\\\/\\\/jumeaux91.fr\\\/blog\\\/jespere-que-ses-troubles-de-loralite-vont-sameliorer-hanaa\\\/\"},\"wordCount\":665,\"publisher\":{\"@id\":\"https:\\\/\\\/jumeaux91.fr\\\/blog\\\/#organization\"},\"image\":{\"@id\":\"https:\\\/\\\/jumeaux91.fr\\\/blog\\\/jespere-que-ses-troubles-de-loralite-vont-sameliorer-hanaa\\\/#primaryimage\"},\"thumbnailUrl\":\"https:\\\/\\\/jumeaux91.fr\\\/blog\\\/wp-content\\\/uploads\\\/2024\\\/09\\\/jespere-que-ses-troubles-de-loralite-vont-sameliorer-hanaa.jpg\",\"articleSection\":[\"Posts Fr\u00e8res Jumeaux De L'Essonnes:\"],\"inLanguage\":\"fr-FR\"},{\"@type\":\"WebPage\",\"@id\":\"https:\\\/\\\/jumeaux91.fr\\\/blog\\\/jespere-que-ses-troubles-de-loralite-vont-sameliorer-hanaa\\\/\",\"url\":\"https:\\\/\\\/jumeaux91.fr\\\/blog\\\/jespere-que-ses-troubles-de-loralite-vont-sameliorer-hanaa\\\/\",\"name\":\"\\\"J'esp\u00e8re que ses troubles de l\u2019oralit\u00e9 vont s\u2019am\u00e9liorer\\\" : Hanaa... - JUMEAUX91\",\"isPartOf\":{\"@id\":\"https:\\\/\\\/jumeaux91.fr\\\/blog\\\/#website\"},\"primaryImageOfPage\":{\"@id\":\"https:\\\/\\\/jumeaux91.fr\\\/blog\\\/jespere-que-ses-troubles-de-loralite-vont-sameliorer-hanaa\\\/#primaryimage\"},\"image\":{\"@id\":\"https:\\\/\\\/jumeaux91.fr\\\/blog\\\/jespere-que-ses-troubles-de-loralite-vont-sameliorer-hanaa\\\/#primaryimage\"},\"thumbnailUrl\":\"https:\\\/\\\/jumeaux91.fr\\\/blog\\\/wp-content\\\/uploads\\\/2024\\\/09\\\/jespere-que-ses-troubles-de-loralite-vont-sameliorer-hanaa.jpg\",\"datePublished\":\"2024-09-15T21:00:00+00:00\",\"breadcrumb\":{\"@id\":\"https:\\\/\\\/jumeaux91.fr\\\/blog\\\/jespere-que-ses-troubles-de-loralite-vont-sameliorer-hanaa\\\/#breadcrumb\"},\"inLanguage\":\"fr-FR\",\"potentialAction\":[{\"@type\":\"ReadAction\",\"target\":[\"https:\\\/\\\/jumeaux91.fr\\\/blog\\\/jespere-que-ses-troubles-de-loralite-vont-sameliorer-hanaa\\\/\"]}]},{\"@type\":\"ImageObject\",\"inLanguage\":\"fr-FR\",\"@id\":\"https:\\\/\\\/jumeaux91.fr\\\/blog\\\/jespere-que-ses-troubles-de-loralite-vont-sameliorer-hanaa\\\/#primaryimage\",\"url\":\"https:\\\/\\\/jumeaux91.fr\\\/blog\\\/wp-content\\\/uploads\\\/2024\\\/09\\\/jespere-que-ses-troubles-de-loralite-vont-sameliorer-hanaa.jpg\",\"contentUrl\":\"https:\\\/\\\/jumeaux91.fr\\\/blog\\\/wp-content\\\/uploads\\\/2024\\\/09\\\/jespere-que-ses-troubles-de-loralite-vont-sameliorer-hanaa.jpg\",\"width\":660,\"height\":370,\"caption\":\"\\\"J'esp\u00e8re que ses troubles de l\u2019oralit\u00e9 vont s\u2019am\u00e9liorer\\\" : Hanaa...\"},{\"@type\":\"BreadcrumbList\",\"@id\":\"https:\\\/\\\/jumeaux91.fr\\\/blog\\\/jespere-que-ses-troubles-de-loralite-vont-sameliorer-hanaa\\\/#breadcrumb\",\"itemListElement\":[{\"@type\":\"ListItem\",\"position\":1,\"name\":\"Accueil\",\"item\":\"https:\\\/\\\/jumeaux91.fr\\\/blog\\\/\"},{\"@type\":\"ListItem\",\"position\":2,\"name\":\"\u00ab\u00a0J&rsquo;esp\u00e8re que ses troubles de l\u2019oralit\u00e9 vont s\u2019am\u00e9liorer\u00a0\u00bb : Hanaa&#8230;\"}]},{\"@type\":\"WebSite\",\"@id\":\"https:\\\/\\\/jumeaux91.fr\\\/blog\\\/#website\",\"url\":\"https:\\\/\\\/jumeaux91.fr\\\/blog\\\/\",\"name\":\"JUMEAUX91\",\"description\":\"Fr\u00e8res jumeaux de l&#039;Essonnes; informations et archives, \u00e0 savoir et retenir.\",\"publisher\":{\"@id\":\"https:\\\/\\\/jumeaux91.fr\\\/blog\\\/#organization\"},\"potentialAction\":[{\"@type\":\"SearchAction\",\"target\":{\"@type\":\"EntryPoint\",\"urlTemplate\":\"https:\\\/\\\/jumeaux91.fr\\\/blog\\\/?s={search_term_string}\"},\"query-input\":{\"@type\":\"PropertyValueSpecification\",\"valueRequired\":true,\"valueName\":\"search_term_string\"}}],\"inLanguage\":\"fr-FR\"},{\"@type\":\"Organization\",\"@id\":\"https:\\\/\\\/jumeaux91.fr\\\/blog\\\/#organization\",\"name\":\"jumeaux91\",\"url\":\"https:\\\/\\\/jumeaux91.fr\\\/blog\\\/\",\"logo\":{\"@type\":\"ImageObject\",\"inLanguage\":\"fr-FR\",\"@id\":\"https:\\\/\\\/jumeaux91.fr\\\/blog\\\/#\\\/schema\\\/logo\\\/image\\\/\",\"url\":\"https:\\\/\\\/jumeaux91.fr\\\/blog\\\/wp-content\\\/uploads\\\/2023\\\/05\\\/cropped-cropped-logoJ_91.png\",\"contentUrl\":\"https:\\\/\\\/jumeaux91.fr\\\/blog\\\/wp-content\\\/uploads\\\/2023\\\/05\\\/cropped-cropped-logoJ_91.png\",\"width\":512,\"height\":512,\"caption\":\"jumeaux91\"},\"image\":{\"@id\":\"https:\\\/\\\/jumeaux91.fr\\\/blog\\\/#\\\/schema\\\/logo\\\/image\\\/\"}},{\"@type\":\"Person\",\"@id\":\"https:\\\/\\\/jumeaux91.fr\\\/blog\\\/#\\\/schema\\\/person\\\/21da06e9f119b9f64e5d45dbbd32d3fb\",\"name\":\"Claude DAYRES\",\"image\":{\"@type\":\"ImageObject\",\"inLanguage\":\"fr-FR\",\"@id\":\"https:\\\/\\\/secure.gravatar.com\\\/avatar\\\/82eb951df6110a2c48d1bfa7a67d1ee6f0cd5df3cbf9c3586dd61e82db7172a5?s=96&d=mm&r=g\",\"url\":\"https:\\\/\\\/secure.gravatar.com\\\/avatar\\\/82eb951df6110a2c48d1bfa7a67d1ee6f0cd5df3cbf9c3586dd61e82db7172a5?s=96&d=mm&r=g\",\"contentUrl\":\"https:\\\/\\\/secure.gravatar.com\\\/avatar\\\/82eb951df6110a2c48d1bfa7a67d1ee6f0cd5df3cbf9c3586dd61e82db7172a5?s=96&d=mm&r=g\",\"caption\":\"Claude DAYRES\"},\"url\":\"https:\\\/\\\/jumeaux91.fr\\\/blog\\\/author\\\/x91claude\\\/\"}]}<\/script>\n<!-- \/ Yoast SEO plugin. -->","yoast_head_json":{"title":"\"J'esp\u00e8re que ses troubles de l\u2019oralit\u00e9 vont s\u2019am\u00e9liorer\" : Hanaa... - JUMEAUX91","robots":{"index":"index","follow":"follow","max-snippet":"max-snippet:-1","max-image-preview":"max-image-preview:large","max-video-preview":"max-video-preview:-1"},"canonical":"https:\/\/jumeaux91.fr\/blog\/jespere-que-ses-troubles-de-loralite-vont-sameliorer-hanaa\/","og_locale":"fr_FR","og_type":"article","og_title":"\"J'esp\u00e8re que ses troubles de l\u2019oralit\u00e9 vont s\u2019am\u00e9liorer\" : Hanaa... - JUMEAUX91","og_description":"Lundi 16 septembre 2024 \u00e0 06:00 &#8211; par Sophie Bongart Tweeter Partager sur Facebook Le nouveau rythme de la rentr\u00e9e scolaire s&rsquo;installe petit \u00e0 petit chez les Elah puisque leurs jumeaux ne souhaitent plus faire la sieste \u00e0 la maison, mais \u00e0 l&rsquo;\u00e9cole. Au grand dam d&rsquo;Hanaa qui a pris une grande d\u00e9cision pour Eyna&hellip; Poursuivre la lecture \u00ab\u00a0J&rsquo;esp\u00e8re que ses troubles de l\u2019oralit\u00e9 vont s\u2019am\u00e9liorer\u00a0\u00bb : Hanaa&#8230;","og_url":"https:\/\/jumeaux91.fr\/blog\/jespere-que-ses-troubles-de-loralite-vont-sameliorer-hanaa\/","og_site_name":"JUMEAUX91","article_published_time":"2024-09-15T21:00:00+00:00","og_image":[{"url":"https:\/\/jumeaux91.fr\/blog\/wp-content\/uploads\/2024\/09\/jespere-que-ses-troubles-de-loralite-vont-sameliorer-hanaa.jpg","type":"","width":"","height":""}],"author":"Claude DAYRES","twitter_card":"summary_large_image","twitter_misc":{"\u00c9crit par":"Claude DAYRES","Dur\u00e9e de lecture estim\u00e9e":"3 minutes"},"schema":{"@context":"https:\/\/schema.org","@graph":[{"@type":"Article","@id":"https:\/\/jumeaux91.fr\/blog\/jespere-que-ses-troubles-de-loralite-vont-sameliorer-hanaa\/#article","isPartOf":{"@id":"https:\/\/jumeaux91.fr\/blog\/jespere-que-ses-troubles-de-loralite-vont-sameliorer-hanaa\/"},"author":{"name":"Claude DAYRES","@id":"https:\/\/jumeaux91.fr\/blog\/#\/schema\/person\/21da06e9f119b9f64e5d45dbbd32d3fb"},"headline":"\u00ab\u00a0J&rsquo;esp\u00e8re que ses troubles de l\u2019oralit\u00e9 vont s\u2019am\u00e9liorer\u00a0\u00bb : Hanaa&#8230;","datePublished":"2024-09-15T21:00:00+00:00","mainEntityOfPage":{"@id":"https:\/\/jumeaux91.fr\/blog\/jespere-que-ses-troubles-de-loralite-vont-sameliorer-hanaa\/"},"wordCount":665,"publisher":{"@id":"https:\/\/jumeaux91.fr\/blog\/#organization"},"image":{"@id":"https:\/\/jumeaux91.fr\/blog\/jespere-que-ses-troubles-de-loralite-vont-sameliorer-hanaa\/#primaryimage"},"thumbnailUrl":"https:\/\/jumeaux91.fr\/blog\/wp-content\/uploads\/2024\/09\/jespere-que-ses-troubles-de-loralite-vont-sameliorer-hanaa.jpg","articleSection":["Posts Fr\u00e8res Jumeaux De L'Essonnes:"],"inLanguage":"fr-FR"},{"@type":"WebPage","@id":"https:\/\/jumeaux91.fr\/blog\/jespere-que-ses-troubles-de-loralite-vont-sameliorer-hanaa\/","url":"https:\/\/jumeaux91.fr\/blog\/jespere-que-ses-troubles-de-loralite-vont-sameliorer-hanaa\/","name":"\"J'esp\u00e8re que ses troubles de l\u2019oralit\u00e9 vont s\u2019am\u00e9liorer\" : Hanaa... - JUMEAUX91","isPartOf":{"@id":"https:\/\/jumeaux91.fr\/blog\/#website"},"primaryImageOfPage":{"@id":"https:\/\/jumeaux91.fr\/blog\/jespere-que-ses-troubles-de-loralite-vont-sameliorer-hanaa\/#primaryimage"},"image":{"@id":"https:\/\/jumeaux91.fr\/blog\/jespere-que-ses-troubles-de-loralite-vont-sameliorer-hanaa\/#primaryimage"},"thumbnailUrl":"https:\/\/jumeaux91.fr\/blog\/wp-content\/uploads\/2024\/09\/jespere-que-ses-troubles-de-loralite-vont-sameliorer-hanaa.jpg","datePublished":"2024-09-15T21:00:00+00:00","breadcrumb":{"@id":"https:\/\/jumeaux91.fr\/blog\/jespere-que-ses-troubles-de-loralite-vont-sameliorer-hanaa\/#breadcrumb"},"inLanguage":"fr-FR","potentialAction":[{"@type":"ReadAction","target":["https:\/\/jumeaux91.fr\/blog\/jespere-que-ses-troubles-de-loralite-vont-sameliorer-hanaa\/"]}]},{"@type":"ImageObject","inLanguage":"fr-FR","@id":"https:\/\/jumeaux91.fr\/blog\/jespere-que-ses-troubles-de-loralite-vont-sameliorer-hanaa\/#primaryimage","url":"https:\/\/jumeaux91.fr\/blog\/wp-content\/uploads\/2024\/09\/jespere-que-ses-troubles-de-loralite-vont-sameliorer-hanaa.jpg","contentUrl":"https:\/\/jumeaux91.fr\/blog\/wp-content\/uploads\/2024\/09\/jespere-que-ses-troubles-de-loralite-vont-sameliorer-hanaa.jpg","width":660,"height":370,"caption":"\"J'esp\u00e8re que ses troubles de l\u2019oralit\u00e9 vont s\u2019am\u00e9liorer\" : Hanaa..."},{"@type":"BreadcrumbList","@id":"https:\/\/jumeaux91.fr\/blog\/jespere-que-ses-troubles-de-loralite-vont-sameliorer-hanaa\/#breadcrumb","itemListElement":[{"@type":"ListItem","position":1,"name":"Accueil","item":"https:\/\/jumeaux91.fr\/blog\/"},{"@type":"ListItem","position":2,"name":"\u00ab\u00a0J&rsquo;esp\u00e8re que ses troubles de l\u2019oralit\u00e9 vont s\u2019am\u00e9liorer\u00a0\u00bb : Hanaa&#8230;"}]},{"@type":"WebSite","@id":"https:\/\/jumeaux91.fr\/blog\/#website","url":"https:\/\/jumeaux91.fr\/blog\/","name":"JUMEAUX91","description":"Fr\u00e8res jumeaux de l&#039;Essonnes; informations et archives, \u00e0 savoir et retenir.","publisher":{"@id":"https:\/\/jumeaux91.fr\/blog\/#organization"},"potentialAction":[{"@type":"SearchAction","target":{"@type":"EntryPoint","urlTemplate":"https:\/\/jumeaux91.fr\/blog\/?s={search_term_string}"},"query-input":{"@type":"PropertyValueSpecification","valueRequired":true,"valueName":"search_term_string"}}],"inLanguage":"fr-FR"},{"@type":"Organization","@id":"https:\/\/jumeaux91.fr\/blog\/#organization","name":"jumeaux91","url":"https:\/\/jumeaux91.fr\/blog\/","logo":{"@type":"ImageObject","inLanguage":"fr-FR","@id":"https:\/\/jumeaux91.fr\/blog\/#\/schema\/logo\/image\/","url":"https:\/\/jumeaux91.fr\/blog\/wp-content\/uploads\/2023\/05\/cropped-cropped-logoJ_91.png","contentUrl":"https:\/\/jumeaux91.fr\/blog\/wp-content\/uploads\/2023\/05\/cropped-cropped-logoJ_91.png","width":512,"height":512,"caption":"jumeaux91"},"image":{"@id":"https:\/\/jumeaux91.fr\/blog\/#\/schema\/logo\/image\/"}},{"@type":"Person","@id":"https:\/\/jumeaux91.fr\/blog\/#\/schema\/person\/21da06e9f119b9f64e5d45dbbd32d3fb","name":"Claude DAYRES","image":{"@type":"ImageObject","inLanguage":"fr-FR","@id":"https:\/\/secure.gravatar.com\/avatar\/82eb951df6110a2c48d1bfa7a67d1ee6f0cd5df3cbf9c3586dd61e82db7172a5?s=96&d=mm&r=g","url":"https:\/\/secure.gravatar.com\/avatar\/82eb951df6110a2c48d1bfa7a67d1ee6f0cd5df3cbf9c3586dd61e82db7172a5?s=96&d=mm&r=g","contentUrl":"https:\/\/secure.gravatar.com\/avatar\/82eb951df6110a2c48d1bfa7a67d1ee6f0cd5df3cbf9c3586dd61e82db7172a5?s=96&d=mm&r=g","caption":"Claude DAYRES"},"url":"https:\/\/jumeaux91.fr\/blog\/author\/x91claude\/"}]}},"_links":{"self":[{"href":"https:\/\/jumeaux91.fr\/blog\/wp-json\/wp\/v2\/posts\/718","targetHints":{"allow":["GET"]}}],"collection":[{"href":"https:\/\/jumeaux91.fr\/blog\/wp-json\/wp\/v2\/posts"}],"about":[{"href":"https:\/\/jumeaux91.fr\/blog\/wp-json\/wp\/v2\/types\/post"}],"author":[{"embeddable":true,"href":"https:\/\/jumeaux91.fr\/blog\/wp-json\/wp\/v2\/users\/2"}],"replies":[{"embeddable":true,"href":"https:\/\/jumeaux91.fr\/blog\/wp-json\/wp\/v2\/comments?post=718"}],"version-history":[{"count":0,"href":"https:\/\/jumeaux91.fr\/blog\/wp-json\/wp\/v2\/posts\/718\/revisions"}],"wp:featuredmedia":[{"embeddable":true,"href":"https:\/\/jumeaux91.fr\/blog\/wp-json\/wp\/v2\/media\/719"}],"wp:attachment":[{"href":"https:\/\/jumeaux91.fr\/blog\/wp-json\/wp\/v2\/media?parent=718"}],"wp:term":[{"taxonomy":"category","embeddable":true,"href":"https:\/\/jumeaux91.fr\/blog\/wp-json\/wp\/v2\/categories?post=718"},{"taxonomy":"post_tag","embeddable":true,"href":"https:\/\/jumeaux91.fr\/blog\/wp-json\/wp\/v2\/tags?post=718"}],"curies":[{"name":"wp","href":"https:\/\/api.w.org\/{rel}","templated":true}]}}