{"id":731,"date":"2024-09-19T12:30:00","date_gmt":"2024-09-19T10:30:00","guid":{"rendered":"https:\/\/jumeaux91.fr\/blog\/lheritage-des-freres-bogdanoff-une-situation-catastrophique\/"},"modified":"2024-09-19T12:30:00","modified_gmt":"2024-09-19T10:30:00","slug":"lheritage-des-freres-bogdanoff-une-situation-catastrophique","status":"publish","type":"post","link":"https:\/\/jumeaux91.fr\/blog\/lheritage-des-freres-bogdanoff-une-situation-catastrophique\/","title":{"rendered":"L&rsquo;h\u00e9ritage des fr\u00e8res Bogdanoff : une situation \u00ab\u00a0catastrophique\u00a0\u00bb"},"content":{"rendered":"<p>Le ch\u00e2teau d\u2019Esclignac est dans <strong>un \u00e9tat d\u00e9plorable<\/strong> et la toiture menace de s&rsquo;effondrer. La commune de Monfort envisage m\u00eame de prendre un arr\u00eat\u00e9 de p\u00e9ril, obligeant les h\u00e9ritiers \u00e0 effectuer des travaux en urgence.<\/p>\n<blockquote class=\"wp-block-quote\">\n<p>L&rsquo;hiver dernier, le trou de la toiture s&rsquo;est agrandi, on a peur de le retrouver compl\u00e8tement effondr\u00e9.<\/p>\n<\/blockquote>\n<p>A d\u00e9plor\u00e9 le maire. <\/p>\n<p>Les travaux n\u00e9cessaires sont estim\u00e9s <strong>\u00e0 2 millions d\u2019euros pour la simple pr\u00e9servation<\/strong> du b\u00e2timent, tandis qu\u2019une restauration compl\u00e8te pourrait co\u00fbter jusqu\u2019\u00e0<strong> 10 millions d\u2019euros.<\/strong><\/p>\n<figure class=\"wp-block-embed\"> <\/figure>\n<h2 class=\"wp-block-heading\" id=\"h-des-tentatives-de-financement\"><strong>Des tentatives de financement<\/strong><\/h2>\n<p>En 2014, Igor et Grichka Bogdanoff avaient tent\u00e9 de restaurer le ch\u00e2teau en lan\u00e7ant une campagne de <strong>financement participatif<\/strong>. Cependant, les fonds r\u00e9colt\u00e9s \u00e0 l\u2019\u00e9poque n\u2019ont pas suffi \u00e0 entreprendre les travaux. Aujourd\u2019hui, la situation est encore plus dramatique. <\/p>\n<p>Ce jeudi 19 septembre 2024, St\u00e9phane Bern a r\u00e9alis\u00e9 un bilan du monument. Il a d\u00e9crit dans <em>Paris Match<\/em> un ch\u00e2teau en p\u00e9ril : <\/p>\n<blockquote class=\"wp-block-quote\">\n<p>Des temp\u00eates ont \u00e9branl\u00e9 la charpente et fragilis\u00e9 la toiture du donjon ouverte \u00e0 tous les vents. L\u2019eau s\u2019y infiltre \u00e0 pr\u00e9sent.<\/p>\n<\/blockquote>\n<h2 class=\"wp-block-heading\" id=\"h-la-fortune-des-bogdanoff-n-existe-pas\"><strong>\u00ab\u00a0La fortune des Bogdanoff n\u2019existe pas\u00a0\u00bb<\/strong><\/h2>\n<p>Face \u00e0 ces accusations de laisser le ch\u00e2teau \u00e0 l\u2019abandon, Anna-Claria, la fille d\u2019Igor Bogdanoff, a souhait\u00e9 mettre les choses au clair. <em><strong>\u00ab\u00a0Parce qu\u2019on les voyait \u00e0 la t\u00e9l\u00e9, un mythe est n\u00e9 selon lequel ils \u00e9taient riches. La fortune des Bogdanoff n\u2019existe pas\u00a0\u00bb<\/strong><\/em>, a-t-elle affirm\u00e9. <\/p>\n<p>Dans le Gers, certains reprochent aux fr\u00e8res de ne pas avoir pris soin de leur propri\u00e9t\u00e9. <a href=\"https:\/\/www.starmag.com\/actu-people\/lheritage-laisse-par-igor-et-grichka-sasha-bogdanoff-prend-la-parole-sur-tpmp-543433.html\" rel=\"noopener nofollow\" target=\"_blank\">Anna-Claria d\u00e9nonce une situation <strong><em>\u00ab\u00a0catastrophique\u00a0\u00bb<\/em><\/strong><\/a>, soulignant que les enfants ont h\u00e9rit\u00e9 de ce patrimoine, mais n\u2019ont pas pu intervenir pendant deux ans et demi \u00e0 cause de la liquidation judiciaire de la soci\u00e9t\u00e9 qui d\u00e9tenait le ch\u00e2teau.<\/p>\n<p>Malgr\u00e9 les obstacles, les enfants d\u2019Igor ne baissent pas les bras. Ils ont d\u00e9j\u00e0 contact\u00e9 plusieurs sp\u00e9cialistes pour obtenir des devis de restauration. <em><strong>\u00ab\u00a0Nous ne sommes pas rest\u00e9s les bras crois\u00e9s\u00a0\u00bb<\/strong><\/em>, assure Anna-Claria. <\/p>\n<p>Les h\u00e9ritiers esp\u00e8rent d\u00e9sormais d\u00e9velopper un projet de restauration en partenariat avec la r\u00e9gion pour sauver <strong>le ch\u00e2teau d\u2019Esclignac.<\/strong><\/p>\n<figure class=\"wp-block-image aligncenter size-full\"><img decoding=\"async\" alt=\"StarMag.com\" title=\"StarMag.com\" width=\"1280\" height=\"853\" loading=\"lazy\" src=\"https:\/\/jumeaux91.fr\/blog\/wp-content\/uploads\/2024\/09\/lheritage-des-freres-bogdanoff-une-situation-catastrophique.jpg\"><figcaption class=\"wp-element-caption\">Ch\u00e2teau d&rsquo;Esclignac<\/figcaption><\/figure>\n<p>La chronique se veut g\u00e9n\u00e9r\u00e9e de la fa\u00e7on la plus claire que possible. Dans le cas o\u00f9 vous souhaitez pr\u00e9senter des renseignements compl\u00e9mentaires \u00e0 cet article sur le sujet \u00ab\u00a0Fr\u00e8res jumeaux de l&rsquo;Essonnes\u00a0\u00bb il vous est possible d\u2019\u00e9crire aux contacts indiqu\u00e9s sur notre website. La raison d\u2019\u00eatre de jumeaux91.fr \u00e9tant de rassembler sur le web des posts sur le sujet de Fr\u00e8res jumeaux de l&rsquo;Essonnes puis les diffuser en r\u00e9pondant au mieux aux interrogations des gens. Vous pouvez tirer profit de cet article traitant le sujet \u00ab\u00a0Fr\u00e8res jumeaux de l&rsquo;Essonnes\u00a0\u00bb. Il est concoct\u00e9 par l\u2019\u00e9quipe jumeaux91.fr. Prochainement, nous rendrons accessibles au public d&rsquo;autres informations pertinentes sur le sujet \u00ab\u00a0Fr\u00e8res jumeaux de l&rsquo;Essonnes\u00a0\u00bb. Alors, consultez syst\u00e9matiquement notre blog.<\/p>\n","protected":false},"excerpt":{"rendered":"<p>Le ch\u00e2teau d\u2019Esclignac est dans un \u00e9tat d\u00e9plorable et la toiture menace de s&rsquo;effondrer. La commune de Monfort envisage m\u00eame de prendre un arr\u00eat\u00e9 de p\u00e9ril, obligeant les h\u00e9ritiers \u00e0 effectuer des travaux en urgence. L&rsquo;hiver dernier, le trou de la toiture s&rsquo;est agrandi, on a peur de le retrouver compl\u00e8tement effondr\u00e9. A d\u00e9plor\u00e9 le&hellip; <a class=\"more-link\" href=\"https:\/\/jumeaux91.fr\/blog\/lheritage-des-freres-bogdanoff-une-situation-catastrophique\/\">Poursuivre la lecture <span class=\"screen-reader-text\">L&rsquo;h\u00e9ritage des fr\u00e8res Bogdanoff : une situation \u00ab\u00a0catastrophique\u00a0\u00bb<\/span><\/a><\/p>\n","protected":false},"author":2,"featured_media":732,"comment_status":"closed","ping_status":"closed","sticky":false,"template":"","format":"standard","meta":{"footnotes":""},"categories":[4],"tags":[],"class_list":["post-731","post","type-post","status-publish","format-standard","has-post-thumbnail","hentry","category-posts-freres-jumeaux-de-lessonnes","entry"],"yoast_head":"<!-- This site is optimized with the Yoast SEO plugin v27.5 - https:\/\/yoast.com\/product\/yoast-seo-wordpress\/ -->\n<title>L&#039;h\u00e9ritage des fr\u00e8res Bogdanoff : une situation &quot;catastrophique&quot; - JUMEAUX91<\/title>\n<meta name=\"robots\" content=\"index, follow, max-snippet:-1, max-image-preview:large, max-video-preview:-1\" \/>\n<link rel=\"canonical\" href=\"https:\/\/jumeaux91.fr\/blog\/lheritage-des-freres-bogdanoff-une-situation-catastrophique\/\" \/>\n<meta property=\"og:locale\" content=\"fr_FR\" \/>\n<meta property=\"og:type\" content=\"article\" \/>\n<meta property=\"og:title\" content=\"L&#039;h\u00e9ritage des fr\u00e8res Bogdanoff : une situation &quot;catastrophique&quot; - JUMEAUX91\" \/>\n<meta property=\"og:description\" content=\"Le ch\u00e2teau d\u2019Esclignac est dans un \u00e9tat d\u00e9plorable et la toiture menace de s&rsquo;effondrer. La commune de Monfort envisage m\u00eame de prendre un arr\u00eat\u00e9 de p\u00e9ril, obligeant les h\u00e9ritiers \u00e0 effectuer des travaux en urgence. L&rsquo;hiver dernier, le trou de la toiture s&rsquo;est agrandi, on a peur de le retrouver compl\u00e8tement effondr\u00e9. A d\u00e9plor\u00e9 le&hellip; Poursuivre la lecture L&rsquo;h\u00e9ritage des fr\u00e8res Bogdanoff : une situation \u00ab\u00a0catastrophique\u00a0\u00bb\" \/>\n<meta property=\"og:url\" content=\"https:\/\/jumeaux91.fr\/blog\/lheritage-des-freres-bogdanoff-une-situation-catastrophique\/\" \/>\n<meta property=\"og:site_name\" content=\"JUMEAUX91\" \/>\n<meta property=\"article:published_time\" content=\"2024-09-19T10:30:00+00:00\" \/>\n<meta property=\"og:image\" content=\"https:\/\/jumeaux91.fr\/blog\/wp-content\/uploads\/2024\/09\/lheritage-des-freres-bogdanoff-une-situation-catastrophique.jpg\" \/>\n<meta name=\"author\" content=\"Claude DAYRES\" \/>\n<meta name=\"twitter:card\" content=\"summary_large_image\" \/>\n<meta name=\"twitter:label1\" content=\"\u00c9crit par\" \/>\n\t<meta name=\"twitter:data1\" content=\"Claude DAYRES\" \/>\n\t<meta name=\"twitter:label2\" content=\"Dur\u00e9e de lecture estim\u00e9e\" \/>\n\t<meta name=\"twitter:data2\" content=\"3 minutes\" \/>\n<script type=\"application\/ld+json\" class=\"yoast-schema-graph\">{\"@context\":\"https:\\\/\\\/schema.org\",\"@graph\":[{\"@type\":\"Article\",\"@id\":\"https:\\\/\\\/jumeaux91.fr\\\/blog\\\/lheritage-des-freres-bogdanoff-une-situation-catastrophique\\\/#article\",\"isPartOf\":{\"@id\":\"https:\\\/\\\/jumeaux91.fr\\\/blog\\\/lheritage-des-freres-bogdanoff-une-situation-catastrophique\\\/\"},\"author\":{\"name\":\"Claude DAYRES\",\"@id\":\"https:\\\/\\\/jumeaux91.fr\\\/blog\\\/#\\\/schema\\\/person\\\/21da06e9f119b9f64e5d45dbbd32d3fb\"},\"headline\":\"L&rsquo;h\u00e9ritage des fr\u00e8res Bogdanoff : une situation \u00ab\u00a0catastrophique\u00a0\u00bb\",\"datePublished\":\"2024-09-19T10:30:00+00:00\",\"mainEntityOfPage\":{\"@id\":\"https:\\\/\\\/jumeaux91.fr\\\/blog\\\/lheritage-des-freres-bogdanoff-une-situation-catastrophique\\\/\"},\"wordCount\":528,\"publisher\":{\"@id\":\"https:\\\/\\\/jumeaux91.fr\\\/blog\\\/#organization\"},\"image\":{\"@id\":\"https:\\\/\\\/jumeaux91.fr\\\/blog\\\/lheritage-des-freres-bogdanoff-une-situation-catastrophique\\\/#primaryimage\"},\"thumbnailUrl\":\"https:\\\/\\\/jumeaux91.fr\\\/blog\\\/wp-content\\\/uploads\\\/2024\\\/09\\\/lheritage-des-freres-bogdanoff-une-situation-catastrophique.jpg\",\"articleSection\":[\"Posts Fr\u00e8res Jumeaux De L'Essonnes:\"],\"inLanguage\":\"fr-FR\"},{\"@type\":\"WebPage\",\"@id\":\"https:\\\/\\\/jumeaux91.fr\\\/blog\\\/lheritage-des-freres-bogdanoff-une-situation-catastrophique\\\/\",\"url\":\"https:\\\/\\\/jumeaux91.fr\\\/blog\\\/lheritage-des-freres-bogdanoff-une-situation-catastrophique\\\/\",\"name\":\"L'h\u00e9ritage des fr\u00e8res Bogdanoff : une situation \\\"catastrophique\\\" - JUMEAUX91\",\"isPartOf\":{\"@id\":\"https:\\\/\\\/jumeaux91.fr\\\/blog\\\/#website\"},\"primaryImageOfPage\":{\"@id\":\"https:\\\/\\\/jumeaux91.fr\\\/blog\\\/lheritage-des-freres-bogdanoff-une-situation-catastrophique\\\/#primaryimage\"},\"image\":{\"@id\":\"https:\\\/\\\/jumeaux91.fr\\\/blog\\\/lheritage-des-freres-bogdanoff-une-situation-catastrophique\\\/#primaryimage\"},\"thumbnailUrl\":\"https:\\\/\\\/jumeaux91.fr\\\/blog\\\/wp-content\\\/uploads\\\/2024\\\/09\\\/lheritage-des-freres-bogdanoff-une-situation-catastrophique.jpg\",\"datePublished\":\"2024-09-19T10:30:00+00:00\",\"breadcrumb\":{\"@id\":\"https:\\\/\\\/jumeaux91.fr\\\/blog\\\/lheritage-des-freres-bogdanoff-une-situation-catastrophique\\\/#breadcrumb\"},\"inLanguage\":\"fr-FR\",\"potentialAction\":[{\"@type\":\"ReadAction\",\"target\":[\"https:\\\/\\\/jumeaux91.fr\\\/blog\\\/lheritage-des-freres-bogdanoff-une-situation-catastrophique\\\/\"]}]},{\"@type\":\"ImageObject\",\"inLanguage\":\"fr-FR\",\"@id\":\"https:\\\/\\\/jumeaux91.fr\\\/blog\\\/lheritage-des-freres-bogdanoff-une-situation-catastrophique\\\/#primaryimage\",\"url\":\"https:\\\/\\\/jumeaux91.fr\\\/blog\\\/wp-content\\\/uploads\\\/2024\\\/09\\\/lheritage-des-freres-bogdanoff-une-situation-catastrophique.jpg\",\"contentUrl\":\"https:\\\/\\\/jumeaux91.fr\\\/blog\\\/wp-content\\\/uploads\\\/2024\\\/09\\\/lheritage-des-freres-bogdanoff-une-situation-catastrophique.jpg\",\"width\":885,\"height\":500,\"caption\":\"L'h\u00e9ritage des fr\u00e8res Bogdanoff : une situation \\\"catastrophique\\\"\"},{\"@type\":\"BreadcrumbList\",\"@id\":\"https:\\\/\\\/jumeaux91.fr\\\/blog\\\/lheritage-des-freres-bogdanoff-une-situation-catastrophique\\\/#breadcrumb\",\"itemListElement\":[{\"@type\":\"ListItem\",\"position\":1,\"name\":\"Accueil\",\"item\":\"https:\\\/\\\/jumeaux91.fr\\\/blog\\\/\"},{\"@type\":\"ListItem\",\"position\":2,\"name\":\"L&rsquo;h\u00e9ritage des fr\u00e8res Bogdanoff : une situation \u00ab\u00a0catastrophique\u00a0\u00bb\"}]},{\"@type\":\"WebSite\",\"@id\":\"https:\\\/\\\/jumeaux91.fr\\\/blog\\\/#website\",\"url\":\"https:\\\/\\\/jumeaux91.fr\\\/blog\\\/\",\"name\":\"JUMEAUX91\",\"description\":\"Fr\u00e8res jumeaux de l&#039;Essonnes; informations et archives, \u00e0 savoir et retenir.\",\"publisher\":{\"@id\":\"https:\\\/\\\/jumeaux91.fr\\\/blog\\\/#organization\"},\"potentialAction\":[{\"@type\":\"SearchAction\",\"target\":{\"@type\":\"EntryPoint\",\"urlTemplate\":\"https:\\\/\\\/jumeaux91.fr\\\/blog\\\/?s={search_term_string}\"},\"query-input\":{\"@type\":\"PropertyValueSpecification\",\"valueRequired\":true,\"valueName\":\"search_term_string\"}}],\"inLanguage\":\"fr-FR\"},{\"@type\":\"Organization\",\"@id\":\"https:\\\/\\\/jumeaux91.fr\\\/blog\\\/#organization\",\"name\":\"jumeaux91\",\"url\":\"https:\\\/\\\/jumeaux91.fr\\\/blog\\\/\",\"logo\":{\"@type\":\"ImageObject\",\"inLanguage\":\"fr-FR\",\"@id\":\"https:\\\/\\\/jumeaux91.fr\\\/blog\\\/#\\\/schema\\\/logo\\\/image\\\/\",\"url\":\"https:\\\/\\\/jumeaux91.fr\\\/blog\\\/wp-content\\\/uploads\\\/2023\\\/05\\\/cropped-cropped-logoJ_91.png\",\"contentUrl\":\"https:\\\/\\\/jumeaux91.fr\\\/blog\\\/wp-content\\\/uploads\\\/2023\\\/05\\\/cropped-cropped-logoJ_91.png\",\"width\":512,\"height\":512,\"caption\":\"jumeaux91\"},\"image\":{\"@id\":\"https:\\\/\\\/jumeaux91.fr\\\/blog\\\/#\\\/schema\\\/logo\\\/image\\\/\"}},{\"@type\":\"Person\",\"@id\":\"https:\\\/\\\/jumeaux91.fr\\\/blog\\\/#\\\/schema\\\/person\\\/21da06e9f119b9f64e5d45dbbd32d3fb\",\"name\":\"Claude DAYRES\",\"image\":{\"@type\":\"ImageObject\",\"inLanguage\":\"fr-FR\",\"@id\":\"https:\\\/\\\/secure.gravatar.com\\\/avatar\\\/82eb951df6110a2c48d1bfa7a67d1ee6f0cd5df3cbf9c3586dd61e82db7172a5?s=96&d=mm&r=g\",\"url\":\"https:\\\/\\\/secure.gravatar.com\\\/avatar\\\/82eb951df6110a2c48d1bfa7a67d1ee6f0cd5df3cbf9c3586dd61e82db7172a5?s=96&d=mm&r=g\",\"contentUrl\":\"https:\\\/\\\/secure.gravatar.com\\\/avatar\\\/82eb951df6110a2c48d1bfa7a67d1ee6f0cd5df3cbf9c3586dd61e82db7172a5?s=96&d=mm&r=g\",\"caption\":\"Claude DAYRES\"},\"url\":\"https:\\\/\\\/jumeaux91.fr\\\/blog\\\/author\\\/x91claude\\\/\"}]}<\/script>\n<!-- \/ Yoast SEO plugin. -->","yoast_head_json":{"title":"L'h\u00e9ritage des fr\u00e8res Bogdanoff : une situation \"catastrophique\" - JUMEAUX91","robots":{"index":"index","follow":"follow","max-snippet":"max-snippet:-1","max-image-preview":"max-image-preview:large","max-video-preview":"max-video-preview:-1"},"canonical":"https:\/\/jumeaux91.fr\/blog\/lheritage-des-freres-bogdanoff-une-situation-catastrophique\/","og_locale":"fr_FR","og_type":"article","og_title":"L'h\u00e9ritage des fr\u00e8res Bogdanoff : une situation \"catastrophique\" - JUMEAUX91","og_description":"Le ch\u00e2teau d\u2019Esclignac est dans un \u00e9tat d\u00e9plorable et la toiture menace de s&rsquo;effondrer. La commune de Monfort envisage m\u00eame de prendre un arr\u00eat\u00e9 de p\u00e9ril, obligeant les h\u00e9ritiers \u00e0 effectuer des travaux en urgence. L&rsquo;hiver dernier, le trou de la toiture s&rsquo;est agrandi, on a peur de le retrouver compl\u00e8tement effondr\u00e9. A d\u00e9plor\u00e9 le&hellip; Poursuivre la lecture L&rsquo;h\u00e9ritage des fr\u00e8res Bogdanoff : une situation \u00ab\u00a0catastrophique\u00a0\u00bb","og_url":"https:\/\/jumeaux91.fr\/blog\/lheritage-des-freres-bogdanoff-une-situation-catastrophique\/","og_site_name":"JUMEAUX91","article_published_time":"2024-09-19T10:30:00+00:00","og_image":[{"url":"https:\/\/jumeaux91.fr\/blog\/wp-content\/uploads\/2024\/09\/lheritage-des-freres-bogdanoff-une-situation-catastrophique.jpg","type":"","width":"","height":""}],"author":"Claude DAYRES","twitter_card":"summary_large_image","twitter_misc":{"\u00c9crit par":"Claude DAYRES","Dur\u00e9e de lecture estim\u00e9e":"3 minutes"},"schema":{"@context":"https:\/\/schema.org","@graph":[{"@type":"Article","@id":"https:\/\/jumeaux91.fr\/blog\/lheritage-des-freres-bogdanoff-une-situation-catastrophique\/#article","isPartOf":{"@id":"https:\/\/jumeaux91.fr\/blog\/lheritage-des-freres-bogdanoff-une-situation-catastrophique\/"},"author":{"name":"Claude DAYRES","@id":"https:\/\/jumeaux91.fr\/blog\/#\/schema\/person\/21da06e9f119b9f64e5d45dbbd32d3fb"},"headline":"L&rsquo;h\u00e9ritage des fr\u00e8res Bogdanoff : une situation \u00ab\u00a0catastrophique\u00a0\u00bb","datePublished":"2024-09-19T10:30:00+00:00","mainEntityOfPage":{"@id":"https:\/\/jumeaux91.fr\/blog\/lheritage-des-freres-bogdanoff-une-situation-catastrophique\/"},"wordCount":528,"publisher":{"@id":"https:\/\/jumeaux91.fr\/blog\/#organization"},"image":{"@id":"https:\/\/jumeaux91.fr\/blog\/lheritage-des-freres-bogdanoff-une-situation-catastrophique\/#primaryimage"},"thumbnailUrl":"https:\/\/jumeaux91.fr\/blog\/wp-content\/uploads\/2024\/09\/lheritage-des-freres-bogdanoff-une-situation-catastrophique.jpg","articleSection":["Posts Fr\u00e8res Jumeaux De L'Essonnes:"],"inLanguage":"fr-FR"},{"@type":"WebPage","@id":"https:\/\/jumeaux91.fr\/blog\/lheritage-des-freres-bogdanoff-une-situation-catastrophique\/","url":"https:\/\/jumeaux91.fr\/blog\/lheritage-des-freres-bogdanoff-une-situation-catastrophique\/","name":"L'h\u00e9ritage des fr\u00e8res Bogdanoff : une situation \"catastrophique\" - JUMEAUX91","isPartOf":{"@id":"https:\/\/jumeaux91.fr\/blog\/#website"},"primaryImageOfPage":{"@id":"https:\/\/jumeaux91.fr\/blog\/lheritage-des-freres-bogdanoff-une-situation-catastrophique\/#primaryimage"},"image":{"@id":"https:\/\/jumeaux91.fr\/blog\/lheritage-des-freres-bogdanoff-une-situation-catastrophique\/#primaryimage"},"thumbnailUrl":"https:\/\/jumeaux91.fr\/blog\/wp-content\/uploads\/2024\/09\/lheritage-des-freres-bogdanoff-une-situation-catastrophique.jpg","datePublished":"2024-09-19T10:30:00+00:00","breadcrumb":{"@id":"https:\/\/jumeaux91.fr\/blog\/lheritage-des-freres-bogdanoff-une-situation-catastrophique\/#breadcrumb"},"inLanguage":"fr-FR","potentialAction":[{"@type":"ReadAction","target":["https:\/\/jumeaux91.fr\/blog\/lheritage-des-freres-bogdanoff-une-situation-catastrophique\/"]}]},{"@type":"ImageObject","inLanguage":"fr-FR","@id":"https:\/\/jumeaux91.fr\/blog\/lheritage-des-freres-bogdanoff-une-situation-catastrophique\/#primaryimage","url":"https:\/\/jumeaux91.fr\/blog\/wp-content\/uploads\/2024\/09\/lheritage-des-freres-bogdanoff-une-situation-catastrophique.jpg","contentUrl":"https:\/\/jumeaux91.fr\/blog\/wp-content\/uploads\/2024\/09\/lheritage-des-freres-bogdanoff-une-situation-catastrophique.jpg","width":885,"height":500,"caption":"L'h\u00e9ritage des fr\u00e8res Bogdanoff : une situation \"catastrophique\""},{"@type":"BreadcrumbList","@id":"https:\/\/jumeaux91.fr\/blog\/lheritage-des-freres-bogdanoff-une-situation-catastrophique\/#breadcrumb","itemListElement":[{"@type":"ListItem","position":1,"name":"Accueil","item":"https:\/\/jumeaux91.fr\/blog\/"},{"@type":"ListItem","position":2,"name":"L&rsquo;h\u00e9ritage des fr\u00e8res Bogdanoff : une situation \u00ab\u00a0catastrophique\u00a0\u00bb"}]},{"@type":"WebSite","@id":"https:\/\/jumeaux91.fr\/blog\/#website","url":"https:\/\/jumeaux91.fr\/blog\/","name":"JUMEAUX91","description":"Fr\u00e8res jumeaux de l&#039;Essonnes; informations et archives, \u00e0 savoir et retenir.","publisher":{"@id":"https:\/\/jumeaux91.fr\/blog\/#organization"},"potentialAction":[{"@type":"SearchAction","target":{"@type":"EntryPoint","urlTemplate":"https:\/\/jumeaux91.fr\/blog\/?s={search_term_string}"},"query-input":{"@type":"PropertyValueSpecification","valueRequired":true,"valueName":"search_term_string"}}],"inLanguage":"fr-FR"},{"@type":"Organization","@id":"https:\/\/jumeaux91.fr\/blog\/#organization","name":"jumeaux91","url":"https:\/\/jumeaux91.fr\/blog\/","logo":{"@type":"ImageObject","inLanguage":"fr-FR","@id":"https:\/\/jumeaux91.fr\/blog\/#\/schema\/logo\/image\/","url":"https:\/\/jumeaux91.fr\/blog\/wp-content\/uploads\/2023\/05\/cropped-cropped-logoJ_91.png","contentUrl":"https:\/\/jumeaux91.fr\/blog\/wp-content\/uploads\/2023\/05\/cropped-cropped-logoJ_91.png","width":512,"height":512,"caption":"jumeaux91"},"image":{"@id":"https:\/\/jumeaux91.fr\/blog\/#\/schema\/logo\/image\/"}},{"@type":"Person","@id":"https:\/\/jumeaux91.fr\/blog\/#\/schema\/person\/21da06e9f119b9f64e5d45dbbd32d3fb","name":"Claude DAYRES","image":{"@type":"ImageObject","inLanguage":"fr-FR","@id":"https:\/\/secure.gravatar.com\/avatar\/82eb951df6110a2c48d1bfa7a67d1ee6f0cd5df3cbf9c3586dd61e82db7172a5?s=96&d=mm&r=g","url":"https:\/\/secure.gravatar.com\/avatar\/82eb951df6110a2c48d1bfa7a67d1ee6f0cd5df3cbf9c3586dd61e82db7172a5?s=96&d=mm&r=g","contentUrl":"https:\/\/secure.gravatar.com\/avatar\/82eb951df6110a2c48d1bfa7a67d1ee6f0cd5df3cbf9c3586dd61e82db7172a5?s=96&d=mm&r=g","caption":"Claude DAYRES"},"url":"https:\/\/jumeaux91.fr\/blog\/author\/x91claude\/"}]}},"_links":{"self":[{"href":"https:\/\/jumeaux91.fr\/blog\/wp-json\/wp\/v2\/posts\/731","targetHints":{"allow":["GET"]}}],"collection":[{"href":"https:\/\/jumeaux91.fr\/blog\/wp-json\/wp\/v2\/posts"}],"about":[{"href":"https:\/\/jumeaux91.fr\/blog\/wp-json\/wp\/v2\/types\/post"}],"author":[{"embeddable":true,"href":"https:\/\/jumeaux91.fr\/blog\/wp-json\/wp\/v2\/users\/2"}],"replies":[{"embeddable":true,"href":"https:\/\/jumeaux91.fr\/blog\/wp-json\/wp\/v2\/comments?post=731"}],"version-history":[{"count":0,"href":"https:\/\/jumeaux91.fr\/blog\/wp-json\/wp\/v2\/posts\/731\/revisions"}],"wp:featuredmedia":[{"embeddable":true,"href":"https:\/\/jumeaux91.fr\/blog\/wp-json\/wp\/v2\/media\/732"}],"wp:attachment":[{"href":"https:\/\/jumeaux91.fr\/blog\/wp-json\/wp\/v2\/media?parent=731"}],"wp:term":[{"taxonomy":"category","embeddable":true,"href":"https:\/\/jumeaux91.fr\/blog\/wp-json\/wp\/v2\/categories?post=731"},{"taxonomy":"post_tag","embeddable":true,"href":"https:\/\/jumeaux91.fr\/blog\/wp-json\/wp\/v2\/tags?post=731"}],"curies":[{"name":"wp","href":"https:\/\/api.w.org\/{rel}","templated":true}]}}