{"id":735,"date":"2024-09-19T10:05:00","date_gmt":"2024-09-19T08:05:00","guid":{"rendered":"https:\/\/jumeaux91.fr\/blog\/jai-tout-mis-en-pause-camille-santoro-familles-nombreuses-confrontee-a-un-serieux-probleme-concernant-son-fils\/"},"modified":"2024-09-19T10:05:00","modified_gmt":"2024-09-19T08:05:00","slug":"jai-tout-mis-en-pause-camille-santoro-familles-nombreuses-confrontee-a-un-serieux-probleme-concernant-son-fils","status":"publish","type":"post","link":"https:\/\/jumeaux91.fr\/blog\/jai-tout-mis-en-pause-camille-santoro-familles-nombreuses-confrontee-a-un-serieux-probleme-concernant-son-fils\/","title":{"rendered":"\u00ab\u00a0J&rsquo;ai tout mis en pause\u00a0\u00bb : Camille Santoro (Familles nombreuses) confront\u00e9e \u00e0 un s\u00e9rieux probl\u00e8me concernant son fils"},"content":{"rendered":"<div><img decoding=\"async\" src=\"https:\/\/jumeaux91.fr\/blog\/wp-content\/uploads\/2024\/09\/jai-tout-mis-en-pause-camille-santoro-familles-nombreuses-confrontee-a-un-serieux-probleme-concernant-son-fils.jpg\" class=\"ff-og-image-inserted\"><\/div>\n<div>\n<div class=\"draftContent defaultStyleContentTags\">\n<p>Ce jeudi 19 septembre, Camille Santoro (<i>Familles nombreuses<\/i>) s&rsquo;est retrouv\u00e9e confront\u00e9e \u00e0 un s\u00e9rieux probl\u00e8me concernant son fils Nino. Le gar\u00e7on s&rsquo;est bless\u00e9 \u00e0 l&rsquo;\u00e9cole.<\/p>\n<\/p><\/div>\n<\/p><\/div>\n<div>\n<div class=\"draftContent defaultStyleContentTags\">\n<p>La vie n&rsquo;est pas facile pour Camille Santoro depuis la fin de l&rsquo;\u00e9t\u00e9. La maman r\u00e9v\u00e9l\u00e9e dans<i> Familles nombreuses : la vie en XXL<\/i> sur TF1 a eu droit \u00e0 <a href=\"https:\/\/www.programme-tv.net\/news\/tele-realite\/356146-mon-coeur-de-maman-en-prend-un-coup-camille-santoro-familles-nombreuses-evoque-le-cap-qu-elle-va-passer-lors-de-la-rentree-scolaire\/\" data-api-deeplink=\"teleloisirs:\/\/news\/356146\" target=\"_blank\" rel=\"nofollow\">une rentr\u00e9e sp\u00e9ciale cette ann\u00e9e<\/a>. Ses enfants ont retrouv\u00e9 les bancs de l&rsquo;\u00e9cole et ont pass\u00e9 un cap important. Alessio, Nino et Emie ont fait leur rentr\u00e9e au coll\u00e8ge, les jumeaux Mattia et Ma\u00e9 ont fait leurs premiers pas en CP et la plus jeune de la famille, Alba, est d\u00e9sormais en maternelle. <i>\u00ab\u00a0Mon c\u0153ur de maman en prend un coup, mais c&rsquo;est \u00e7a de les voir grandir\u00a0\u00bb,<\/i> avait confi\u00e9 leur m\u00e8re sur les r\u00e9seaux sociaux \u00e0 propos de ce nouveau d\u00e9part. En plus de g\u00e9rer l&rsquo;\u00e9cole de ses enfants, Camille Santoro a derni\u00e8rement \u00e9t\u00e9 <a href=\"https:\/\/www.programme-tv.net\/news\/tele-realite\/360836-c-est-beaucoup-de-stress-seule-dans-sa-nouvelle-maison-camille-santoro-familles-nombreuses-raconte-ses-problemes-d-emmenagement\/\" data-api-deeplink=\"teleloisirs:\/\/news\/360836\" target=\"_blank\" rel=\"nofollow\">d\u00e9pass\u00e9e par l&rsquo;\u00e9tendue des travaux de sa nouvelle maison<\/a>. \u00c0 tout \u00e7a vient s&rsquo;ajouter aujourd&rsquo;hui un \u00e9ni\u00e8me souci concernant l&rsquo;\u00e9tat de sant\u00e9 de <a href=\"https:\/\/www.programme-tv.net\/news\/tele-realite\/355317-j-ai-ete-debordee-mais-camille-santoro-familles-nombreuses-explique-comment-la-naissance-de-son-fils-nino-lui-a-donne-envie-d-avoir-plein-d-enfants\/\" data-api-deeplink=\"teleloisirs:\/\/news\/355317\" target=\"_blank\" rel=\"nofollow\">son fils Nino<\/a>.<\/p>\n<h2 class=\"no-inject-ads\" id=\"4ok9s\">Camille Santoro (<i>Familles nombreuses<\/i>) inqui\u00e8te pour son fils Nino apr\u00e8s une blessure \u00e0 l&rsquo;\u00e9cole<\/h2>\n<p>Ce jeudi 19 septembre, Camille Santoro a annonc\u00e9 une mauvaise nouvelle \u00e0 sa communaut\u00e9 sur Instagram.<i> \u00ab\u00a0Ma journ\u00e9e ne s&rsquo;est pas pass\u00e9e comme je l&rsquo;esp\u00e9rais\u00a0\u00bb<\/i>, a-t-elle annonc\u00e9 avant de r\u00e9v\u00e9ler que son fils Nino \u00e9tait dans un mauvais \u00e9tat :<i> <\/i><i><b>\u00ab\u00a0Nino s&rsquo;est bless\u00e9 \u00e0 l&rsquo;\u00e9cole donc j&rsquo;ai tout mis en pause pour m&rsquo;occuper de lui apr\u00e8s l&rsquo;\u00e9cole.\u00a0\u00bb<\/b><\/i> Un probl\u00e8me qui est venu bouleverser la journ\u00e9e de la maman d\u00e9j\u00e0 bien charg\u00e9e notamment par l&rsquo;entra\u00eenement de judo de <a href=\"https:\/\/www.programme-tv.net\/news\/tele-realite\/349965-il-y-a-une-epidemie-camille-santoro-familles-nombreuses-evoque-l-etat-de-sante-de-son-fils-mattia-atteint-d-une-maladie-qu-elle-ne-connaissait-pas\/\" data-api-deeplink=\"teleloisirs:\/\/news\/349965\" target=\"_blank\" rel=\"nofollow\">son autre fils, Mattia<\/a>.<\/p>\n<div class=\"ads-mobile\">\n<div class=\"containerAds ads-paveHaut2 \" id=\"ads-956795537\">\n<p>    <span class=\"ads-text\">Publicit\u00e9<\/span> <\/p>\n<\/p><\/div>\n<\/p><\/div>\n<div class=\"ads-tabletDesktop\">\n<div class=\"containerAds ads-paveHaut2Desktop \" id=\"ads-601618496\">\n<p>    <span class=\"ads-text\">Publicit\u00e9<\/span> <\/p>\n<\/p><\/div>\n<\/p><\/div>\n<h2 class=\"no-inject-ads\" id=\"eaipv\">Camille Santoro (<i>Familles nombreuses<\/i>) \u00e9puis\u00e9e par son quotidien, elle se confie<\/h2>\n<p>Il y a quelques jours, Camille Santoro avait d\u00e9cid\u00e9 de prendre une pause sur les r\u00e9seaux sociaux. <i>\u00ab\u00a0\u00c0 force de tirer sur la corde, \u00e7a a \u00e9t\u00e9 un petit peu compliqu\u00e9. Mais c&rsquo;est ok et tout ira bien\u00a0\u00bb<\/i>, avait expliqu\u00e9 la maman concernant cette d\u00e9cision. <i>\u00ab\u00a0J&rsquo;ai ma vie de maman qui me prend \u00e9norm\u00e9ment de temps, ma vie de femme dans tout \u00e7a, j&rsquo;ai 10 Novembre qui est un job que j&rsquo;adore et qui me prend beaucoup de temps, j&rsquo;ai ma cr\u00e9ation sur les r\u00e9seaux que j&rsquo;adore, j&rsquo;ai les travaux en parall\u00e8le, j&rsquo;ai ma maison \u00e0 entretenir&#8230;\u00a0\u00bb,<\/i> avait d\u00e9taill\u00e9 la m\u00e8re de six enfants avant de se rappeler de sa chance : <i>\u00ab\u00a0Vraiment, c&rsquo;est intense mais c&rsquo;est beaucoup de bonheur.\u00a0\u00bb<\/i><\/p>\n<figure data-type=\"media\" data-key=\"8k1ja\" data-site=\"PMD_BONE_Article\"> <\/figure>\n<\/p><\/div>\n<\/p><\/div>\n<p>La chronique se veut g\u00e9n\u00e9r\u00e9e de la fa\u00e7on la plus claire que possible. Dans le cas o\u00f9 vous souhaitez pr\u00e9senter des renseignements compl\u00e9mentaires \u00e0 cet article sur le sujet \u00ab\u00a0Fr\u00e8res jumeaux de l&rsquo;Essonnes\u00a0\u00bb il vous est possible d\u2019\u00e9crire aux contacts indiqu\u00e9s sur notre website. La raison d\u2019\u00eatre de jumeaux91.fr \u00e9tant de rassembler sur le web des posts sur le sujet de Fr\u00e8res jumeaux de l&rsquo;Essonnes puis les diffuser en r\u00e9pondant au mieux aux interrogations des gens. Vous pouvez tirer profit de cet article traitant le sujet \u00ab\u00a0Fr\u00e8res jumeaux de l&rsquo;Essonnes\u00a0\u00bb. Il est concoct\u00e9 par l\u2019\u00e9quipe jumeaux91.fr. Prochainement, nous rendrons accessibles au public d&rsquo;autres informations pertinentes sur le sujet \u00ab\u00a0Fr\u00e8res jumeaux de l&rsquo;Essonnes\u00a0\u00bb. Alors, consultez syst\u00e9matiquement notre blog.<\/p>\n","protected":false},"excerpt":{"rendered":"<p>Ce jeudi 19 septembre, Camille Santoro (Familles nombreuses) s&rsquo;est retrouv\u00e9e confront\u00e9e \u00e0 un s\u00e9rieux probl\u00e8me concernant son fils Nino. Le gar\u00e7on s&rsquo;est bless\u00e9 \u00e0 l&rsquo;\u00e9cole. La vie n&rsquo;est pas facile pour Camille Santoro depuis la fin de l&rsquo;\u00e9t\u00e9. La maman r\u00e9v\u00e9l\u00e9e dans Familles nombreuses : la vie en XXL sur TF1 a eu droit \u00e0&hellip; <a class=\"more-link\" href=\"https:\/\/jumeaux91.fr\/blog\/jai-tout-mis-en-pause-camille-santoro-familles-nombreuses-confrontee-a-un-serieux-probleme-concernant-son-fils\/\">Poursuivre la lecture <span class=\"screen-reader-text\">\u00ab\u00a0J&rsquo;ai tout mis en pause\u00a0\u00bb : Camille Santoro (Familles nombreuses) confront\u00e9e \u00e0 un s\u00e9rieux probl\u00e8me concernant son fils<\/span><\/a><\/p>\n","protected":false},"author":2,"featured_media":736,"comment_status":"closed","ping_status":"closed","sticky":false,"template":"","format":"standard","meta":{"footnotes":""},"categories":[4],"tags":[],"class_list":["post-735","post","type-post","status-publish","format-standard","has-post-thumbnail","hentry","category-posts-freres-jumeaux-de-lessonnes","entry"],"yoast_head":"<!-- This site is optimized with the Yoast SEO plugin v27.5 - https:\/\/yoast.com\/product\/yoast-seo-wordpress\/ -->\n<title>&quot;J&#039;ai tout mis en pause&quot; : Camille Santoro (Familles nombreuses) confront\u00e9e \u00e0 un s\u00e9rieux probl\u00e8me concernant son fils - JUMEAUX91<\/title>\n<meta name=\"robots\" content=\"index, follow, max-snippet:-1, max-image-preview:large, max-video-preview:-1\" \/>\n<link rel=\"canonical\" href=\"https:\/\/jumeaux91.fr\/blog\/jai-tout-mis-en-pause-camille-santoro-familles-nombreuses-confrontee-a-un-serieux-probleme-concernant-son-fils\/\" \/>\n<meta property=\"og:locale\" content=\"fr_FR\" \/>\n<meta property=\"og:type\" content=\"article\" \/>\n<meta property=\"og:title\" content=\"&quot;J&#039;ai tout mis en pause&quot; : Camille Santoro (Familles nombreuses) confront\u00e9e \u00e0 un s\u00e9rieux probl\u00e8me concernant son fils - JUMEAUX91\" \/>\n<meta property=\"og:description\" content=\"Ce jeudi 19 septembre, Camille Santoro (Familles nombreuses) s&rsquo;est retrouv\u00e9e confront\u00e9e \u00e0 un s\u00e9rieux probl\u00e8me concernant son fils Nino. Le gar\u00e7on s&rsquo;est bless\u00e9 \u00e0 l&rsquo;\u00e9cole. La vie n&rsquo;est pas facile pour Camille Santoro depuis la fin de l&rsquo;\u00e9t\u00e9. La maman r\u00e9v\u00e9l\u00e9e dans Familles nombreuses : la vie en XXL sur TF1 a eu droit \u00e0&hellip; Poursuivre la lecture \u00ab\u00a0J&rsquo;ai tout mis en pause\u00a0\u00bb : Camille Santoro (Familles nombreuses) confront\u00e9e \u00e0 un s\u00e9rieux probl\u00e8me concernant son fils\" \/>\n<meta property=\"og:url\" content=\"https:\/\/jumeaux91.fr\/blog\/jai-tout-mis-en-pause-camille-santoro-familles-nombreuses-confrontee-a-un-serieux-probleme-concernant-son-fils\/\" \/>\n<meta property=\"og:site_name\" content=\"JUMEAUX91\" \/>\n<meta property=\"article:published_time\" content=\"2024-09-19T08:05:00+00:00\" \/>\n<meta property=\"og:image\" content=\"https:\/\/jumeaux91.fr\/blog\/wp-content\/uploads\/2024\/09\/jai-tout-mis-en-pause-camille-santoro-familles-nombreuses-confrontee-a-un-serieux-probleme-concernant-son-fils.jpg\" \/>\n<meta name=\"author\" content=\"Claude DAYRES\" \/>\n<meta name=\"twitter:card\" content=\"summary_large_image\" \/>\n<meta name=\"twitter:label1\" content=\"\u00c9crit par\" \/>\n\t<meta name=\"twitter:data1\" content=\"Claude DAYRES\" \/>\n\t<meta name=\"twitter:label2\" content=\"Dur\u00e9e de lecture estim\u00e9e\" \/>\n\t<meta name=\"twitter:data2\" content=\"3 minutes\" \/>\n<script type=\"application\/ld+json\" class=\"yoast-schema-graph\">{\"@context\":\"https:\\\/\\\/schema.org\",\"@graph\":[{\"@type\":\"Article\",\"@id\":\"https:\\\/\\\/jumeaux91.fr\\\/blog\\\/jai-tout-mis-en-pause-camille-santoro-familles-nombreuses-confrontee-a-un-serieux-probleme-concernant-son-fils\\\/#article\",\"isPartOf\":{\"@id\":\"https:\\\/\\\/jumeaux91.fr\\\/blog\\\/jai-tout-mis-en-pause-camille-santoro-familles-nombreuses-confrontee-a-un-serieux-probleme-concernant-son-fils\\\/\"},\"author\":{\"name\":\"Claude DAYRES\",\"@id\":\"https:\\\/\\\/jumeaux91.fr\\\/blog\\\/#\\\/schema\\\/person\\\/21da06e9f119b9f64e5d45dbbd32d3fb\"},\"headline\":\"\u00ab\u00a0J&rsquo;ai tout mis en pause\u00a0\u00bb : Camille Santoro (Familles nombreuses) confront\u00e9e \u00e0 un s\u00e9rieux probl\u00e8me concernant son fils\",\"datePublished\":\"2024-09-19T08:05:00+00:00\",\"mainEntityOfPage\":{\"@id\":\"https:\\\/\\\/jumeaux91.fr\\\/blog\\\/jai-tout-mis-en-pause-camille-santoro-familles-nombreuses-confrontee-a-un-serieux-probleme-concernant-son-fils\\\/\"},\"wordCount\":624,\"publisher\":{\"@id\":\"https:\\\/\\\/jumeaux91.fr\\\/blog\\\/#organization\"},\"image\":{\"@id\":\"https:\\\/\\\/jumeaux91.fr\\\/blog\\\/jai-tout-mis-en-pause-camille-santoro-familles-nombreuses-confrontee-a-un-serieux-probleme-concernant-son-fils\\\/#primaryimage\"},\"thumbnailUrl\":\"https:\\\/\\\/jumeaux91.fr\\\/blog\\\/wp-content\\\/uploads\\\/2024\\\/09\\\/jai-tout-mis-en-pause-camille-santoro-familles-nombreuses-confrontee-a-un-serieux-probleme-concernant-son-fils.jpg\",\"articleSection\":[\"Posts Fr\u00e8res Jumeaux De L'Essonnes:\"],\"inLanguage\":\"fr-FR\"},{\"@type\":\"WebPage\",\"@id\":\"https:\\\/\\\/jumeaux91.fr\\\/blog\\\/jai-tout-mis-en-pause-camille-santoro-familles-nombreuses-confrontee-a-un-serieux-probleme-concernant-son-fils\\\/\",\"url\":\"https:\\\/\\\/jumeaux91.fr\\\/blog\\\/jai-tout-mis-en-pause-camille-santoro-familles-nombreuses-confrontee-a-un-serieux-probleme-concernant-son-fils\\\/\",\"name\":\"\\\"J'ai tout mis en pause\\\" : Camille Santoro (Familles nombreuses) confront\u00e9e \u00e0 un s\u00e9rieux probl\u00e8me concernant son fils - JUMEAUX91\",\"isPartOf\":{\"@id\":\"https:\\\/\\\/jumeaux91.fr\\\/blog\\\/#website\"},\"primaryImageOfPage\":{\"@id\":\"https:\\\/\\\/jumeaux91.fr\\\/blog\\\/jai-tout-mis-en-pause-camille-santoro-familles-nombreuses-confrontee-a-un-serieux-probleme-concernant-son-fils\\\/#primaryimage\"},\"image\":{\"@id\":\"https:\\\/\\\/jumeaux91.fr\\\/blog\\\/jai-tout-mis-en-pause-camille-santoro-familles-nombreuses-confrontee-a-un-serieux-probleme-concernant-son-fils\\\/#primaryimage\"},\"thumbnailUrl\":\"https:\\\/\\\/jumeaux91.fr\\\/blog\\\/wp-content\\\/uploads\\\/2024\\\/09\\\/jai-tout-mis-en-pause-camille-santoro-familles-nombreuses-confrontee-a-un-serieux-probleme-concernant-son-fils.jpg\",\"datePublished\":\"2024-09-19T08:05:00+00:00\",\"breadcrumb\":{\"@id\":\"https:\\\/\\\/jumeaux91.fr\\\/blog\\\/jai-tout-mis-en-pause-camille-santoro-familles-nombreuses-confrontee-a-un-serieux-probleme-concernant-son-fils\\\/#breadcrumb\"},\"inLanguage\":\"fr-FR\",\"potentialAction\":[{\"@type\":\"ReadAction\",\"target\":[\"https:\\\/\\\/jumeaux91.fr\\\/blog\\\/jai-tout-mis-en-pause-camille-santoro-familles-nombreuses-confrontee-a-un-serieux-probleme-concernant-son-fils\\\/\"]}]},{\"@type\":\"ImageObject\",\"inLanguage\":\"fr-FR\",\"@id\":\"https:\\\/\\\/jumeaux91.fr\\\/blog\\\/jai-tout-mis-en-pause-camille-santoro-familles-nombreuses-confrontee-a-un-serieux-probleme-concernant-son-fils\\\/#primaryimage\",\"url\":\"https:\\\/\\\/jumeaux91.fr\\\/blog\\\/wp-content\\\/uploads\\\/2024\\\/09\\\/jai-tout-mis-en-pause-camille-santoro-familles-nombreuses-confrontee-a-un-serieux-probleme-concernant-son-fils.jpg\",\"contentUrl\":\"https:\\\/\\\/jumeaux91.fr\\\/blog\\\/wp-content\\\/uploads\\\/2024\\\/09\\\/jai-tout-mis-en-pause-camille-santoro-familles-nombreuses-confrontee-a-un-serieux-probleme-concernant-son-fils.jpg\",\"width\":1200,\"height\":600,\"caption\":\"\\\"J'ai tout mis en pause\\\" : Camille Santoro (Familles nombreuses) confront\u00e9e \u00e0 un s\u00e9rieux probl\u00e8me concernant son fils\"},{\"@type\":\"BreadcrumbList\",\"@id\":\"https:\\\/\\\/jumeaux91.fr\\\/blog\\\/jai-tout-mis-en-pause-camille-santoro-familles-nombreuses-confrontee-a-un-serieux-probleme-concernant-son-fils\\\/#breadcrumb\",\"itemListElement\":[{\"@type\":\"ListItem\",\"position\":1,\"name\":\"Accueil\",\"item\":\"https:\\\/\\\/jumeaux91.fr\\\/blog\\\/\"},{\"@type\":\"ListItem\",\"position\":2,\"name\":\"\u00ab\u00a0J&rsquo;ai tout mis en pause\u00a0\u00bb : Camille Santoro (Familles nombreuses) confront\u00e9e \u00e0 un s\u00e9rieux probl\u00e8me concernant son fils\"}]},{\"@type\":\"WebSite\",\"@id\":\"https:\\\/\\\/jumeaux91.fr\\\/blog\\\/#website\",\"url\":\"https:\\\/\\\/jumeaux91.fr\\\/blog\\\/\",\"name\":\"JUMEAUX91\",\"description\":\"Fr\u00e8res jumeaux de l&#039;Essonnes; informations et archives, \u00e0 savoir et retenir.\",\"publisher\":{\"@id\":\"https:\\\/\\\/jumeaux91.fr\\\/blog\\\/#organization\"},\"potentialAction\":[{\"@type\":\"SearchAction\",\"target\":{\"@type\":\"EntryPoint\",\"urlTemplate\":\"https:\\\/\\\/jumeaux91.fr\\\/blog\\\/?s={search_term_string}\"},\"query-input\":{\"@type\":\"PropertyValueSpecification\",\"valueRequired\":true,\"valueName\":\"search_term_string\"}}],\"inLanguage\":\"fr-FR\"},{\"@type\":\"Organization\",\"@id\":\"https:\\\/\\\/jumeaux91.fr\\\/blog\\\/#organization\",\"name\":\"jumeaux91\",\"url\":\"https:\\\/\\\/jumeaux91.fr\\\/blog\\\/\",\"logo\":{\"@type\":\"ImageObject\",\"inLanguage\":\"fr-FR\",\"@id\":\"https:\\\/\\\/jumeaux91.fr\\\/blog\\\/#\\\/schema\\\/logo\\\/image\\\/\",\"url\":\"https:\\\/\\\/jumeaux91.fr\\\/blog\\\/wp-content\\\/uploads\\\/2023\\\/05\\\/cropped-cropped-logoJ_91.png\",\"contentUrl\":\"https:\\\/\\\/jumeaux91.fr\\\/blog\\\/wp-content\\\/uploads\\\/2023\\\/05\\\/cropped-cropped-logoJ_91.png\",\"width\":512,\"height\":512,\"caption\":\"jumeaux91\"},\"image\":{\"@id\":\"https:\\\/\\\/jumeaux91.fr\\\/blog\\\/#\\\/schema\\\/logo\\\/image\\\/\"}},{\"@type\":\"Person\",\"@id\":\"https:\\\/\\\/jumeaux91.fr\\\/blog\\\/#\\\/schema\\\/person\\\/21da06e9f119b9f64e5d45dbbd32d3fb\",\"name\":\"Claude DAYRES\",\"image\":{\"@type\":\"ImageObject\",\"inLanguage\":\"fr-FR\",\"@id\":\"https:\\\/\\\/secure.gravatar.com\\\/avatar\\\/82eb951df6110a2c48d1bfa7a67d1ee6f0cd5df3cbf9c3586dd61e82db7172a5?s=96&d=mm&r=g\",\"url\":\"https:\\\/\\\/secure.gravatar.com\\\/avatar\\\/82eb951df6110a2c48d1bfa7a67d1ee6f0cd5df3cbf9c3586dd61e82db7172a5?s=96&d=mm&r=g\",\"contentUrl\":\"https:\\\/\\\/secure.gravatar.com\\\/avatar\\\/82eb951df6110a2c48d1bfa7a67d1ee6f0cd5df3cbf9c3586dd61e82db7172a5?s=96&d=mm&r=g\",\"caption\":\"Claude DAYRES\"},\"url\":\"https:\\\/\\\/jumeaux91.fr\\\/blog\\\/author\\\/x91claude\\\/\"}]}<\/script>\n<!-- \/ Yoast SEO plugin. -->","yoast_head_json":{"title":"\"J'ai tout mis en pause\" : Camille Santoro (Familles nombreuses) confront\u00e9e \u00e0 un s\u00e9rieux probl\u00e8me concernant son fils - JUMEAUX91","robots":{"index":"index","follow":"follow","max-snippet":"max-snippet:-1","max-image-preview":"max-image-preview:large","max-video-preview":"max-video-preview:-1"},"canonical":"https:\/\/jumeaux91.fr\/blog\/jai-tout-mis-en-pause-camille-santoro-familles-nombreuses-confrontee-a-un-serieux-probleme-concernant-son-fils\/","og_locale":"fr_FR","og_type":"article","og_title":"\"J'ai tout mis en pause\" : Camille Santoro (Familles nombreuses) confront\u00e9e \u00e0 un s\u00e9rieux probl\u00e8me concernant son fils - JUMEAUX91","og_description":"Ce jeudi 19 septembre, Camille Santoro (Familles nombreuses) s&rsquo;est retrouv\u00e9e confront\u00e9e \u00e0 un s\u00e9rieux probl\u00e8me concernant son fils Nino. Le gar\u00e7on s&rsquo;est bless\u00e9 \u00e0 l&rsquo;\u00e9cole. La vie n&rsquo;est pas facile pour Camille Santoro depuis la fin de l&rsquo;\u00e9t\u00e9. La maman r\u00e9v\u00e9l\u00e9e dans Familles nombreuses : la vie en XXL sur TF1 a eu droit \u00e0&hellip; Poursuivre la lecture \u00ab\u00a0J&rsquo;ai tout mis en pause\u00a0\u00bb : Camille Santoro (Familles nombreuses) confront\u00e9e \u00e0 un s\u00e9rieux probl\u00e8me concernant son fils","og_url":"https:\/\/jumeaux91.fr\/blog\/jai-tout-mis-en-pause-camille-santoro-familles-nombreuses-confrontee-a-un-serieux-probleme-concernant-son-fils\/","og_site_name":"JUMEAUX91","article_published_time":"2024-09-19T08:05:00+00:00","og_image":[{"url":"https:\/\/jumeaux91.fr\/blog\/wp-content\/uploads\/2024\/09\/jai-tout-mis-en-pause-camille-santoro-familles-nombreuses-confrontee-a-un-serieux-probleme-concernant-son-fils.jpg","type":"","width":"","height":""}],"author":"Claude DAYRES","twitter_card":"summary_large_image","twitter_misc":{"\u00c9crit par":"Claude DAYRES","Dur\u00e9e de lecture estim\u00e9e":"3 minutes"},"schema":{"@context":"https:\/\/schema.org","@graph":[{"@type":"Article","@id":"https:\/\/jumeaux91.fr\/blog\/jai-tout-mis-en-pause-camille-santoro-familles-nombreuses-confrontee-a-un-serieux-probleme-concernant-son-fils\/#article","isPartOf":{"@id":"https:\/\/jumeaux91.fr\/blog\/jai-tout-mis-en-pause-camille-santoro-familles-nombreuses-confrontee-a-un-serieux-probleme-concernant-son-fils\/"},"author":{"name":"Claude DAYRES","@id":"https:\/\/jumeaux91.fr\/blog\/#\/schema\/person\/21da06e9f119b9f64e5d45dbbd32d3fb"},"headline":"\u00ab\u00a0J&rsquo;ai tout mis en pause\u00a0\u00bb : Camille Santoro (Familles nombreuses) confront\u00e9e \u00e0 un s\u00e9rieux probl\u00e8me concernant son fils","datePublished":"2024-09-19T08:05:00+00:00","mainEntityOfPage":{"@id":"https:\/\/jumeaux91.fr\/blog\/jai-tout-mis-en-pause-camille-santoro-familles-nombreuses-confrontee-a-un-serieux-probleme-concernant-son-fils\/"},"wordCount":624,"publisher":{"@id":"https:\/\/jumeaux91.fr\/blog\/#organization"},"image":{"@id":"https:\/\/jumeaux91.fr\/blog\/jai-tout-mis-en-pause-camille-santoro-familles-nombreuses-confrontee-a-un-serieux-probleme-concernant-son-fils\/#primaryimage"},"thumbnailUrl":"https:\/\/jumeaux91.fr\/blog\/wp-content\/uploads\/2024\/09\/jai-tout-mis-en-pause-camille-santoro-familles-nombreuses-confrontee-a-un-serieux-probleme-concernant-son-fils.jpg","articleSection":["Posts Fr\u00e8res Jumeaux De L'Essonnes:"],"inLanguage":"fr-FR"},{"@type":"WebPage","@id":"https:\/\/jumeaux91.fr\/blog\/jai-tout-mis-en-pause-camille-santoro-familles-nombreuses-confrontee-a-un-serieux-probleme-concernant-son-fils\/","url":"https:\/\/jumeaux91.fr\/blog\/jai-tout-mis-en-pause-camille-santoro-familles-nombreuses-confrontee-a-un-serieux-probleme-concernant-son-fils\/","name":"\"J'ai tout mis en pause\" : Camille Santoro (Familles nombreuses) confront\u00e9e \u00e0 un s\u00e9rieux probl\u00e8me concernant son fils - JUMEAUX91","isPartOf":{"@id":"https:\/\/jumeaux91.fr\/blog\/#website"},"primaryImageOfPage":{"@id":"https:\/\/jumeaux91.fr\/blog\/jai-tout-mis-en-pause-camille-santoro-familles-nombreuses-confrontee-a-un-serieux-probleme-concernant-son-fils\/#primaryimage"},"image":{"@id":"https:\/\/jumeaux91.fr\/blog\/jai-tout-mis-en-pause-camille-santoro-familles-nombreuses-confrontee-a-un-serieux-probleme-concernant-son-fils\/#primaryimage"},"thumbnailUrl":"https:\/\/jumeaux91.fr\/blog\/wp-content\/uploads\/2024\/09\/jai-tout-mis-en-pause-camille-santoro-familles-nombreuses-confrontee-a-un-serieux-probleme-concernant-son-fils.jpg","datePublished":"2024-09-19T08:05:00+00:00","breadcrumb":{"@id":"https:\/\/jumeaux91.fr\/blog\/jai-tout-mis-en-pause-camille-santoro-familles-nombreuses-confrontee-a-un-serieux-probleme-concernant-son-fils\/#breadcrumb"},"inLanguage":"fr-FR","potentialAction":[{"@type":"ReadAction","target":["https:\/\/jumeaux91.fr\/blog\/jai-tout-mis-en-pause-camille-santoro-familles-nombreuses-confrontee-a-un-serieux-probleme-concernant-son-fils\/"]}]},{"@type":"ImageObject","inLanguage":"fr-FR","@id":"https:\/\/jumeaux91.fr\/blog\/jai-tout-mis-en-pause-camille-santoro-familles-nombreuses-confrontee-a-un-serieux-probleme-concernant-son-fils\/#primaryimage","url":"https:\/\/jumeaux91.fr\/blog\/wp-content\/uploads\/2024\/09\/jai-tout-mis-en-pause-camille-santoro-familles-nombreuses-confrontee-a-un-serieux-probleme-concernant-son-fils.jpg","contentUrl":"https:\/\/jumeaux91.fr\/blog\/wp-content\/uploads\/2024\/09\/jai-tout-mis-en-pause-camille-santoro-familles-nombreuses-confrontee-a-un-serieux-probleme-concernant-son-fils.jpg","width":1200,"height":600,"caption":"\"J'ai tout mis en pause\" : Camille Santoro (Familles nombreuses) confront\u00e9e \u00e0 un s\u00e9rieux probl\u00e8me concernant son fils"},{"@type":"BreadcrumbList","@id":"https:\/\/jumeaux91.fr\/blog\/jai-tout-mis-en-pause-camille-santoro-familles-nombreuses-confrontee-a-un-serieux-probleme-concernant-son-fils\/#breadcrumb","itemListElement":[{"@type":"ListItem","position":1,"name":"Accueil","item":"https:\/\/jumeaux91.fr\/blog\/"},{"@type":"ListItem","position":2,"name":"\u00ab\u00a0J&rsquo;ai tout mis en pause\u00a0\u00bb : Camille Santoro (Familles nombreuses) confront\u00e9e \u00e0 un s\u00e9rieux probl\u00e8me concernant son fils"}]},{"@type":"WebSite","@id":"https:\/\/jumeaux91.fr\/blog\/#website","url":"https:\/\/jumeaux91.fr\/blog\/","name":"JUMEAUX91","description":"Fr\u00e8res jumeaux de l&#039;Essonnes; informations et archives, \u00e0 savoir et retenir.","publisher":{"@id":"https:\/\/jumeaux91.fr\/blog\/#organization"},"potentialAction":[{"@type":"SearchAction","target":{"@type":"EntryPoint","urlTemplate":"https:\/\/jumeaux91.fr\/blog\/?s={search_term_string}"},"query-input":{"@type":"PropertyValueSpecification","valueRequired":true,"valueName":"search_term_string"}}],"inLanguage":"fr-FR"},{"@type":"Organization","@id":"https:\/\/jumeaux91.fr\/blog\/#organization","name":"jumeaux91","url":"https:\/\/jumeaux91.fr\/blog\/","logo":{"@type":"ImageObject","inLanguage":"fr-FR","@id":"https:\/\/jumeaux91.fr\/blog\/#\/schema\/logo\/image\/","url":"https:\/\/jumeaux91.fr\/blog\/wp-content\/uploads\/2023\/05\/cropped-cropped-logoJ_91.png","contentUrl":"https:\/\/jumeaux91.fr\/blog\/wp-content\/uploads\/2023\/05\/cropped-cropped-logoJ_91.png","width":512,"height":512,"caption":"jumeaux91"},"image":{"@id":"https:\/\/jumeaux91.fr\/blog\/#\/schema\/logo\/image\/"}},{"@type":"Person","@id":"https:\/\/jumeaux91.fr\/blog\/#\/schema\/person\/21da06e9f119b9f64e5d45dbbd32d3fb","name":"Claude DAYRES","image":{"@type":"ImageObject","inLanguage":"fr-FR","@id":"https:\/\/secure.gravatar.com\/avatar\/82eb951df6110a2c48d1bfa7a67d1ee6f0cd5df3cbf9c3586dd61e82db7172a5?s=96&d=mm&r=g","url":"https:\/\/secure.gravatar.com\/avatar\/82eb951df6110a2c48d1bfa7a67d1ee6f0cd5df3cbf9c3586dd61e82db7172a5?s=96&d=mm&r=g","contentUrl":"https:\/\/secure.gravatar.com\/avatar\/82eb951df6110a2c48d1bfa7a67d1ee6f0cd5df3cbf9c3586dd61e82db7172a5?s=96&d=mm&r=g","caption":"Claude DAYRES"},"url":"https:\/\/jumeaux91.fr\/blog\/author\/x91claude\/"}]}},"_links":{"self":[{"href":"https:\/\/jumeaux91.fr\/blog\/wp-json\/wp\/v2\/posts\/735","targetHints":{"allow":["GET"]}}],"collection":[{"href":"https:\/\/jumeaux91.fr\/blog\/wp-json\/wp\/v2\/posts"}],"about":[{"href":"https:\/\/jumeaux91.fr\/blog\/wp-json\/wp\/v2\/types\/post"}],"author":[{"embeddable":true,"href":"https:\/\/jumeaux91.fr\/blog\/wp-json\/wp\/v2\/users\/2"}],"replies":[{"embeddable":true,"href":"https:\/\/jumeaux91.fr\/blog\/wp-json\/wp\/v2\/comments?post=735"}],"version-history":[{"count":0,"href":"https:\/\/jumeaux91.fr\/blog\/wp-json\/wp\/v2\/posts\/735\/revisions"}],"wp:featuredmedia":[{"embeddable":true,"href":"https:\/\/jumeaux91.fr\/blog\/wp-json\/wp\/v2\/media\/736"}],"wp:attachment":[{"href":"https:\/\/jumeaux91.fr\/blog\/wp-json\/wp\/v2\/media?parent=735"}],"wp:term":[{"taxonomy":"category","embeddable":true,"href":"https:\/\/jumeaux91.fr\/blog\/wp-json\/wp\/v2\/categories?post=735"},{"taxonomy":"post_tag","embeddable":true,"href":"https:\/\/jumeaux91.fr\/blog\/wp-json\/wp\/v2\/tags?post=735"}],"curies":[{"name":"wp","href":"https:\/\/api.w.org\/{rel}","templated":true}]}}