{"id":739,"date":"2024-09-18T13:40:00","date_gmt":"2024-09-18T11:40:00","guid":{"rendered":"https:\/\/jumeaux91.fr\/blog\/ils-veulent-sauver-le-chateau-de-leur-pere-rencontre-avec-les-enfants-digor-bogdanov\/"},"modified":"2024-09-18T13:40:00","modified_gmt":"2024-09-18T11:40:00","slug":"ils-veulent-sauver-le-chateau-de-leur-pere-rencontre-avec-les-enfants-digor-bogdanov","status":"publish","type":"post","link":"https:\/\/jumeaux91.fr\/blog\/ils-veulent-sauver-le-chateau-de-leur-pere-rencontre-avec-les-enfants-digor-bogdanov\/","title":{"rendered":"Ils veulent sauver le ch\u00e2teau de leur p\u00e8re : rencontre avec les enfants d&rsquo;Igor Bogdanov"},"content":{"rendered":"<p>Bient\u00f4t mill\u00e9naire, le ch\u00e2teau d\u2019Esclignac est le plus vieux ch\u00e2teau du Gers tenant encore debout. Pour combien de temps\u2009? Des temp\u00eates ont \u00e9branl\u00e9 la charpente et fragilis\u00e9 la toiture du donjon ouverte \u00e0 tous les vents\u2009; l\u2019eau s\u2019y infiltre \u00e0 pr\u00e9sent. La tour escalier, la tour carr\u00e9e et le corps principal du logis sont eux aussi menac\u00e9s. Fous de Moyen \u00c2ge, <a href=\"https:\/\/www.parismatch.com\/bio\/igor-bogdanov\" target=\"_blank\" rel=\"nofollow\">Igor<\/a> et <a href=\"https:\/\/www.parismatch.com\/bio\/grichka-bogdanov\" target=\"_blank\" rel=\"nofollow\">Grichka<\/a> \u00adBogdanov l\u2019avaient achet\u00e9 en 1986. Un r\u00eave qui les d\u00e9passait, mais que les enfants d\u2019Igor veulent prolonger pour honorer la m\u00e9moire de leur p\u00e8re et de leur oncle, emport\u00e9s par le Covid il y a trois ans.<\/p>\n<p>Lorsque Sasha, Anna-Claria et \u00adWenceslas Ostasenko-Bogdanov, trois des enfants d\u2019Igor Bogdanov, se retrouvent \u00e0 Esclignac, ils renouent avec les heureux souvenirs d\u2019enfance. \u00ab\u2009C\u2019est sur ce perron de pierre que notre p\u00e8re a \u00e9crit nombre de ses livres, confie Sasha. Il trouvait dans ce lieu le silence, la qui\u00e9tude et l\u2019\u00e9loignement n\u00e9cessaires au d\u00e9ploiement de son imaginaire. Ici, on est \u00e0 l\u2019abri du monde. Peut-\u00eatre ces pierres donnent-elles la sensation d\u2019appartenir \u00e0 une histoire plus grande que la sienne, o\u00f9 se confondent pass\u00e9 lointain, pr\u00e9sent et avenir.\u2009\u00bb Anna-Claria rench\u00e9rit\u2009: \u00ab\u2009C\u2019est l\u00e0 que l\u2019on avait le plus facilement acc\u00e8s \u00e0 lui, car lui-m\u00eame \u00e9tait profond\u00e9ment attach\u00e9 \u00e0 cette campagne gersoise qu\u2019il a formidablement d\u00e9crite dans le roman \u201cLa m\u00e9moire double\u201d\u2026 On y a pass\u00e9 toutes nos vacances. Esclignac \u00e9tait le lieu de tous les r\u00eaves, de tous les possibles, de toutes les libert\u00e9s.\u2009\u00bb<\/p>\n<div>\n<h2>\u00abIgor et Grichka voulaient faire de cette maison un lieu ouvert \u00e0 tous, entre pass\u00e9 et futur, histoire et innovation scientifique\u00bb<\/h2>\n<p><span>Tous d\u00e9crivent le terrain de jeu incroyable que fut pour eux ce ch\u00e2teau \u00e0 moiti\u00e9 vide, la vie rustique et boh\u00e8me de cette famille atypique mais harmonieuse, dont le seul pilier fixe \u00e9tait leur grand-p\u00e8re Youra, r\u00e9fugi\u00e9 russe que les jumeaux avaient install\u00e9 l\u00e0, le laissant cultiver son potager. \u00ab\u2009Ils ont achet\u00e9 Esclignac \u00e0 cr\u00e9dit, c\u2019\u00e9tait fou car les taux \u00e9taient alors \u00e0 13,5\u2009%\u2009! Ils ont toujours imagin\u00e9 la vie en grand\u2009\u00bb, t\u00e9moigne Wenceslas. Les origines de l\u2019ancienne demeure du duc d\u2019Esclignac remontent \u00e0 un seigneur gascon de Preissac en l\u2019an 1030, miroir de l\u2019imaginaire familial. Car Istenne, la grand-m\u00e8re adul\u00e9e d\u2019Igor et Grichka Bogdanov, une comtesse de \u00adl\u2019Empire austro-hongrois, cacha dans ce Gers sa fille Maya, fruit de ses amours interdites avec Roland Hayes, chanteur lyrique noir am\u00e9ricain. \u00ab\u2009Elle se souvenait d\u2019\u00eatre venue prendre le th\u00e9 ici sous le c\u00e8dre du Liban\u2009\u00bb, ajoute Wenceslas.<\/span><\/p>\n<figure id=\"media-862475\"><img decoding=\"async\" src=\"https:\/\/jumeaux91.fr\/blog\/wp-content\/uploads\/2024\/09\/ils-veulent-sauver-le-chateau-de-leur-pere-rencontre-avec-les-enfants-digor-bogdanov.jpg\" alt=\"Le ch\u00e2teau, \u00e0 Montfort (Gers), est class\u00e9 \u00ab \u00e9difice prot\u00e9g\u00e9 et en souffrance \u00bb.\" loading=\"lazy\"><figcaption class=\"image-info\">\n<p> <span class=\"legend\">Le ch\u00e2teau, \u00e0 Montfort (Gers), est class\u00e9 \u00ab \u00e9difice prot\u00e9g\u00e9 et en souffrance \u00bb.<\/span> <span class=\"credit\"> Paris Match \/ \u00a9 Eric Hadj <\/span> <\/p>\n<\/figcaption><\/figure>\n<p>Personnage fantasque et romantique, la figure tut\u00e9laire des jumeaux Bogdanov recevait dans son salon, au c\u0153ur de Vienne, les personnalit\u00e9s artistiques les plus en vogue. C\u2019est elle qui fit leur \u00e9ducation litt\u00e9raire, artistique, musicale et m\u00eame scientifique. \u00c0 sa mort, en 1982, rapidement suivie par celle de leur m\u00e8re Maya, Igor et Grichka se s\u00e9parent dans la douleur de son ch\u00e2teau de Saint-Lary mais, visc\u00e9ralement attach\u00e9s au Gers, ils en trouvent un autre qui leur correspond\u2009: fond\u00e9 sur un sanctuaire druidique, et o\u00f9 fut \u00e9tabli un cimeti\u00e8re m\u00e9rovingien\u2026 \u00ab\u2009Ils aimaient cr\u00e9er de la magie, et la porte m\u00e9di\u00e9vale, vestige de la cuisine de Guillaume de Preissac en 1030, les inspirait. Dans leur esprit spatio-temporel, elle devenait la porte du temps. Notre p\u00e8re et Grichka avaient la capacit\u00e9 de raconter des histoires fantastiques sous le ciel \u00e9toil\u00e9 du Gers.\u2009\u00bb<\/p>\n<p>Les animateurs de l\u2019\u00e9mission culte \u00ab\u2009Temps X\u2009\u00bb \u00e9taient obs\u00e9d\u00e9s par le Big Bang mais savaient se projeter dans l\u2019avenir. \u00ab\u2009Port\u00e9s par les valeurs du Moyen \u00c2ge, ils \u00e9taient des chevaliers des temps modernes et voulaient faire de cette maison de famille un lieu ouvert \u00e0 tous, entre pass\u00e9 et futur, entre histoire et innovation scientifique. Un lieu de culture aussi, car ils adoraient organiser de grands banquets o\u00f9 ils d\u00e9clamaient des po\u00e8mes\u2026 Ils \u00e9taient artistes mais ils ne savaient pas g\u00e9rer\u2009\u00bb, conclut Sasha. \u00ab\u2009Parce qu\u2019on les voyait \u00e0 la t\u00e9l\u00e9, est n\u00e9 un mythe selon lequel ils \u00e9taient riches, rench\u00e9rit Anna-\u00adClaria. La fortune des Bogdanov n\u2019existe pas, on en sait quelque chose\u2009! Mais cela a cr\u00e9\u00e9 un malentendu dans le Gers o\u00f9 certains les ont accus\u00e9s de n\u2019avoir rien fait pour entretenir le ch\u00e2teau.\u2009\u00bb<\/p>\n<div class=\"lmn-inread lmn-desk\"> <span>La suite apr\u00e8s cette publicit\u00e9<\/span> <\/div>\n<h2>Leur disparition, \u00e0 quelques jours d\u2019\u00e9cart, n\u2019a rien arrang\u00e9<\/h2>\n<p>Leur disparition, \u00e0 quelques jours d\u2019\u00e9cart, n\u2019a rien arrang\u00e9. \u00ab\u2009Nous h\u00e9ritons d\u2019une situation catastrophique, et il y a une urgence dramatique \u00e0 sauver \u00adEsclignac. Pendant deux ans et demi, nous ne pouvions rien faire, car la demeure \u00e9tait dans les actifs d\u2019une soci\u00e9t\u00e9 en nom collectif qui \u00e9tait en liquidation judiciaire. Mais nous ne sommes pas rest\u00e9s les bras crois\u00e9s en attendant de sortir de cette impasse juridique et administrative.\u2009\u00bb Sasha, Anna-Claria et \u00adWenceslas forment une \u00ab\u2009fratrie soud\u00e9e et solidaire\u2009\u00bb. La mort de leur p\u00e8re les a, disent-ils, rapproch\u00e9s de leurs deux petits fr\u00e8res, Constantin et Alexandre, n\u00e9s du <a href=\"https:\/\/www.parismatch.com\/Royal-Blog\/Igor-Bogdanoff-Amelie-de-Bourbon-Parme-463275\" target=\"_blank\" rel=\"nofollow\">mariage d\u2019Igor avec Am\u00e9lie de Bourbon-Parme<\/a>. \u00ab\u2009Nous sommes comme des relais, car pour eux l\u2019absence de notre p\u00e8re est vertigineuse. Il y a beaucoup d\u2019Igor en eux.\u2009\u00bb<\/p>\n<figure id=\"media-862474\"><img decoding=\"async\" src=\"https:\/\/jumeaux91.fr\/blog\/wp-content\/uploads\/2024\/09\/ils-veulent-sauver-le-chateau-de-leur-pere-rencontre-avec-les-enfants-digor-bogdanov-1.jpg\" alt=\"De g. \u00e0 dr., Anna-Claria, Wenceslas et Sasha. Sur la chemin\u00e9e, le portrait de leur arri\u00e8re-grand-m\u00e8re, la comtesse Bertha, qui s\u2019\u00e9tait elle aussi install\u00e9e dans le Gers.\" loading=\"lazy\"><figcaption class=\"image-info\">\n<p> <span class=\"legend\">De g. \u00e0 dr., Anna-Claria, Wenceslas et Sasha. Sur la chemin\u00e9e, le portrait de leur arri\u00e8re-grand-m\u00e8re, la comtesse Bertha, qui s\u2019\u00e9tait elle aussi install\u00e9e dans le Gers.<\/span> <span class=\"credit\"> Paris Match \/ \u00a9 Eric Hadj <\/span> <\/p>\n<\/figcaption><\/figure>\n<p>Anna-Claria, 33\u202fans, est r\u00e9alisatrice et \u00e9crit actuellement son premier long-\u00adm\u00e9trage. Sasha, 35\u202fans, auteure-\u00adcompositrice et chanteuse, est aussi la cofondatrice des Petites Ruches, une \u00e9cole inclusive et alternative au milieu des bois \u00e0 Moret-sur-Loing, prix de la Fondation \u00adKairos de la nouvelle \u00e9cole innovante. Quant \u00e0 Wenceslas, 30\u202fans, il est chanteur mais \u00e9galement compositeur de musique et travaille sur un projet d\u2019album. Confront\u00e9s \u00e0 une succession compliqu\u00e9e, ils se sont pos\u00e9 la question de garder ou non Esclignac. Mais ils affirment ne pas vouloir renoncer \u00e0 ce lieu, \u00e0 ce lien, \u00ab\u2009une partie de nous-m\u00eames, de notre histoire, de notre h\u00e9ritage, nos racines\u2009\u00bb.<\/p>\n<p>Au-del\u00e0 des pierres, c\u2019est avant tout pour une question d\u2019identit\u00e9\u2009! La fid\u00e9lit\u00e9 au pass\u00e9 n\u2019emp\u00eache pas de se projeter. Avec ce lieu atypique, ils esp\u00e8rent faire rayonner ce que leur p\u00e8re et leur oncle leur ont transmis. P\u00f4le culturel, au croisement des arts et de la science, lieu d\u2019observation des \u00e9toiles, studio de musique, r\u00e9sidence d\u2019artistes\u2026 les possibilit\u00e9s sont multiples. Ils expliquent d\u2019une m\u00eame voix\u2009: \u00ab\u2009Entre patrimoine et sciences, pass\u00e9 et futur, on veut faire de notre mieux pour mettre Esclignac \u00e0 la disposition du public et achever le r\u00eave que les jumeaux n\u2019ont pas pu accomplir. C\u2019est une question de vie et d\u2019engagement. Notre force est d\u2019\u00eatre trois et d\u2019avoir h\u00e9rit\u00e9 de notre p\u00e8re la libert\u00e9 de r\u00eaver, d\u2019imaginer, de cr\u00e9er.\u2009\u00bb<\/p>\n<h2>La restauration de la toiture et de la ma\u00e7onnerie est estim\u00e9e \u00e0 environ 10 millions d\u2019euros<\/h2>\n<p>Le Gers bruisse des rumeurs les plus folles. L\u2019une d\u2019entre elles rapporte \u00adqu\u2019Esclignac, class\u00e9 par la Drac d\u2019Occitanie \u00ab\u2009\u00e9difice prot\u00e9g\u00e9 et en souffrance\u2009\u00bb d\u00e9but 2024, pourrait faire l\u2019objet d\u2019un arr\u00eat\u00e9 de p\u00e9ril imminent. La fratrie est au travail pour constituer des dossiers, contacter les autorit\u00e9s comp\u00e9tentes, faire \u00e9tablir les devis des travaux les plus urgents \u00e0 r\u00e9aliser et proposer un plan qui puisse s\u00e9duire la r\u00e9gion, l\u2019\u00c9tat, les fondations culturelles, \u00e0 commencer par la Fondation du patrimoine dans le cadre de la mission Bern et du Loto du patrimoine\u2026 Il faut trouver d\u2019urgence 2\u202fmillions d\u2019euros au bas mot pour mettre le ch\u00e2teau hors d\u2019air et hors d\u2019eau. Une estimation de l\u2019ordre de 10\u202fmillions d\u2019euros a \u00e9t\u00e9 avanc\u00e9e pour restaurer l\u2019ensemble de la toiture et de la ma\u00e7onnerie.<\/p>\n<figure id=\"media-862476\"><img decoding=\"async\" src=\"https:\/\/jumeaux91.fr\/blog\/wp-content\/uploads\/2024\/09\/ils-veulent-sauver-le-chateau-de-leur-pere-rencontre-avec-les-enfants-digor-bogdanov-2.jpg\" alt=\"La priorit\u00e9 : refaire le toit. Attaqu\u00e9s par l\u2019humidit\u00e9, les planchers des \u00e9tages sup\u00e9rieurs menacent de s\u2019effondrer.\" loading=\"lazy\"><figcaption class=\"image-info\">\n<p> <span class=\"legend\">La priorit\u00e9 : refaire le toit. Attaqu\u00e9s par l\u2019humidit\u00e9, les planchers des \u00e9tages sup\u00e9rieurs menacent de s\u2019effondrer.<\/span> <span class=\"credit\"> Paris Match \/ \u00a9 Eric Hadj <\/span> <\/p>\n<\/figcaption><\/figure>\n<p>\u00ab\u2009Ce projet, nous souhaiterions le d\u00e9velopper en partenariat \u00e9troit avec la r\u00e9gion. Dans un monde o\u00f9 tout va de plus en plus vite, il semble essentiel de pr\u00e9server des lieux refuges comme Esclignac, qui existaient hier et qui m\u00e9ritent d\u2019exister demain.\u2009\u00bb Avec la force de leurs convictions, ils veulent persuader l\u2019\u00c9tat de les suivre dans cet ambitieux programme qui \u00ab\u2009s\u2019inscrit non seulement dans la pr\u00e9servation du patrimoine, mais aussi dans le d\u00e9veloppement d\u2019innovations\u2009\u00bb. Les enfants d\u2019Igor Bogdanov et Ludmilla d\u2019Oultremont, portraitiste et illustratrice, ont grandi dans un environnement propice au d\u00e9veloppement artistique.<\/p>\n<p>Une dimension qu\u2019ils souhaitent ardemment d\u00e9velopper \u00e0 Esclignac. \u00ab\u2009Nous voulons enrichir ce projet d\u2019une vision contemporaine, offrir aux nouvelles g\u00e9n\u00e9rations des exp\u00e9riences immersives et \u00e9ducatives dont elles sont friandes.\u2009\u00bb Pour l\u2019heure, chacun sait que le nerf de cette guerre est l\u2019argent. Maintenant que la succession est r\u00e9gl\u00e9e, apr\u00e8s de longs mois d\u2019incertitude, les h\u00e9ritiers d\u2019Igor Bogdanov peuvent concentrer leurs efforts sur la recherche de fonds. Sasha, Anna-Claria et \u00adWenceslas sont r\u00e9solus \u00e0 sauver le ch\u00e2teau pour qu\u2019il puisse continuer \u00e0 d\u00e9fier le temps et f\u00eater son \u00admill\u00e9naire, en 2034.<\/p>\n<\/div>\n<p>La chronique se veut g\u00e9n\u00e9r\u00e9e de la fa\u00e7on la plus claire que possible. Dans le cas o\u00f9 vous souhaitez pr\u00e9senter des renseignements compl\u00e9mentaires \u00e0 cet article sur le sujet \u00ab\u00a0Fr\u00e8res jumeaux de l&rsquo;Essonnes\u00a0\u00bb il vous est possible d\u2019\u00e9crire aux contacts indiqu\u00e9s sur notre website. La raison d\u2019\u00eatre de jumeaux91.fr \u00e9tant de rassembler sur le web des posts sur le sujet de Fr\u00e8res jumeaux de l&rsquo;Essonnes puis les diffuser en r\u00e9pondant au mieux aux interrogations des gens. Vous pouvez tirer profit de cet article traitant le sujet \u00ab\u00a0Fr\u00e8res jumeaux de l&rsquo;Essonnes\u00a0\u00bb. Il est concoct\u00e9 par l\u2019\u00e9quipe jumeaux91.fr. Prochainement, nous rendrons accessibles au public d&rsquo;autres informations pertinentes sur le sujet \u00ab\u00a0Fr\u00e8res jumeaux de l&rsquo;Essonnes\u00a0\u00bb. Alors, consultez syst\u00e9matiquement notre blog.<\/p>\n","protected":false},"excerpt":{"rendered":"<p>Bient\u00f4t mill\u00e9naire, le ch\u00e2teau d\u2019Esclignac est le plus vieux ch\u00e2teau du Gers tenant encore debout. Pour combien de temps\u2009? Des temp\u00eates ont \u00e9branl\u00e9 la charpente et fragilis\u00e9 la toiture du donjon ouverte \u00e0 tous les vents\u2009; l\u2019eau s\u2019y infiltre \u00e0 pr\u00e9sent. La tour escalier, la tour carr\u00e9e et le corps principal du logis sont eux&hellip; <a class=\"more-link\" href=\"https:\/\/jumeaux91.fr\/blog\/ils-veulent-sauver-le-chateau-de-leur-pere-rencontre-avec-les-enfants-digor-bogdanov\/\">Poursuivre la lecture <span class=\"screen-reader-text\">Ils veulent sauver le ch\u00e2teau de leur p\u00e8re : rencontre avec les enfants d&rsquo;Igor Bogdanov<\/span><\/a><\/p>\n","protected":false},"author":2,"featured_media":740,"comment_status":"closed","ping_status":"closed","sticky":false,"template":"","format":"standard","meta":{"footnotes":""},"categories":[4],"tags":[],"class_list":["post-739","post","type-post","status-publish","format-standard","has-post-thumbnail","hentry","category-posts-freres-jumeaux-de-lessonnes","entry"],"yoast_head":"<!-- This site is optimized with the Yoast SEO plugin v27.5 - https:\/\/yoast.com\/product\/yoast-seo-wordpress\/ -->\n<title>Ils veulent sauver le ch\u00e2teau de leur p\u00e8re : rencontre avec les enfants d&#039;Igor Bogdanov - JUMEAUX91<\/title>\n<meta name=\"robots\" content=\"index, follow, max-snippet:-1, max-image-preview:large, max-video-preview:-1\" \/>\n<link rel=\"canonical\" href=\"https:\/\/jumeaux91.fr\/blog\/ils-veulent-sauver-le-chateau-de-leur-pere-rencontre-avec-les-enfants-digor-bogdanov\/\" \/>\n<meta property=\"og:locale\" content=\"fr_FR\" \/>\n<meta property=\"og:type\" content=\"article\" \/>\n<meta property=\"og:title\" content=\"Ils veulent sauver le ch\u00e2teau de leur p\u00e8re : rencontre avec les enfants d&#039;Igor Bogdanov - JUMEAUX91\" \/>\n<meta property=\"og:description\" content=\"Bient\u00f4t mill\u00e9naire, le ch\u00e2teau d\u2019Esclignac est le plus vieux ch\u00e2teau du Gers tenant encore debout. Pour combien de temps\u2009? Des temp\u00eates ont \u00e9branl\u00e9 la charpente et fragilis\u00e9 la toiture du donjon ouverte \u00e0 tous les vents\u2009; l\u2019eau s\u2019y infiltre \u00e0 pr\u00e9sent. La tour escalier, la tour carr\u00e9e et le corps principal du logis sont eux&hellip; Poursuivre la lecture Ils veulent sauver le ch\u00e2teau de leur p\u00e8re : rencontre avec les enfants d&rsquo;Igor Bogdanov\" \/>\n<meta property=\"og:url\" content=\"https:\/\/jumeaux91.fr\/blog\/ils-veulent-sauver-le-chateau-de-leur-pere-rencontre-avec-les-enfants-digor-bogdanov\/\" \/>\n<meta property=\"og:site_name\" content=\"JUMEAUX91\" \/>\n<meta property=\"article:published_time\" content=\"2024-09-18T11:40:00+00:00\" \/>\n<meta property=\"og:image\" content=\"https:\/\/jumeaux91.fr\/blog\/wp-content\/uploads\/2024\/09\/ils-veulent-sauver-le-chateau-de-leur-pere-rencontre-avec-les-enfants-digor-bogdanov.jpg\" \/>\n<meta name=\"author\" content=\"Claude DAYRES\" \/>\n<meta name=\"twitter:card\" content=\"summary_large_image\" \/>\n<meta name=\"twitter:label1\" content=\"\u00c9crit par\" \/>\n\t<meta name=\"twitter:data1\" content=\"Claude DAYRES\" \/>\n\t<meta name=\"twitter:label2\" content=\"Dur\u00e9e de lecture estim\u00e9e\" \/>\n\t<meta name=\"twitter:data2\" content=\"9 minutes\" \/>\n<script type=\"application\/ld+json\" class=\"yoast-schema-graph\">{\"@context\":\"https:\\\/\\\/schema.org\",\"@graph\":[{\"@type\":\"Article\",\"@id\":\"https:\\\/\\\/jumeaux91.fr\\\/blog\\\/ils-veulent-sauver-le-chateau-de-leur-pere-rencontre-avec-les-enfants-digor-bogdanov\\\/#article\",\"isPartOf\":{\"@id\":\"https:\\\/\\\/jumeaux91.fr\\\/blog\\\/ils-veulent-sauver-le-chateau-de-leur-pere-rencontre-avec-les-enfants-digor-bogdanov\\\/\"},\"author\":{\"name\":\"Claude DAYRES\",\"@id\":\"https:\\\/\\\/jumeaux91.fr\\\/blog\\\/#\\\/schema\\\/person\\\/21da06e9f119b9f64e5d45dbbd32d3fb\"},\"headline\":\"Ils veulent sauver le ch\u00e2teau de leur p\u00e8re : rencontre avec les enfants d&rsquo;Igor Bogdanov\",\"datePublished\":\"2024-09-18T11:40:00+00:00\",\"mainEntityOfPage\":{\"@id\":\"https:\\\/\\\/jumeaux91.fr\\\/blog\\\/ils-veulent-sauver-le-chateau-de-leur-pere-rencontre-avec-les-enfants-digor-bogdanov\\\/\"},\"wordCount\":1772,\"publisher\":{\"@id\":\"https:\\\/\\\/jumeaux91.fr\\\/blog\\\/#organization\"},\"image\":{\"@id\":\"https:\\\/\\\/jumeaux91.fr\\\/blog\\\/ils-veulent-sauver-le-chateau-de-leur-pere-rencontre-avec-les-enfants-digor-bogdanov\\\/#primaryimage\"},\"thumbnailUrl\":\"https:\\\/\\\/jumeaux91.fr\\\/blog\\\/wp-content\\\/uploads\\\/2024\\\/09\\\/ils-veulent-sauver-le-chateau-de-leur-pere-rencontre-avec-les-enfants-digor-bogdanov.jpg\",\"articleSection\":[\"Posts Fr\u00e8res Jumeaux De L'Essonnes:\"],\"inLanguage\":\"fr-FR\"},{\"@type\":\"WebPage\",\"@id\":\"https:\\\/\\\/jumeaux91.fr\\\/blog\\\/ils-veulent-sauver-le-chateau-de-leur-pere-rencontre-avec-les-enfants-digor-bogdanov\\\/\",\"url\":\"https:\\\/\\\/jumeaux91.fr\\\/blog\\\/ils-veulent-sauver-le-chateau-de-leur-pere-rencontre-avec-les-enfants-digor-bogdanov\\\/\",\"name\":\"Ils veulent sauver le ch\u00e2teau de leur p\u00e8re : rencontre avec les enfants d'Igor Bogdanov - JUMEAUX91\",\"isPartOf\":{\"@id\":\"https:\\\/\\\/jumeaux91.fr\\\/blog\\\/#website\"},\"primaryImageOfPage\":{\"@id\":\"https:\\\/\\\/jumeaux91.fr\\\/blog\\\/ils-veulent-sauver-le-chateau-de-leur-pere-rencontre-avec-les-enfants-digor-bogdanov\\\/#primaryimage\"},\"image\":{\"@id\":\"https:\\\/\\\/jumeaux91.fr\\\/blog\\\/ils-veulent-sauver-le-chateau-de-leur-pere-rencontre-avec-les-enfants-digor-bogdanov\\\/#primaryimage\"},\"thumbnailUrl\":\"https:\\\/\\\/jumeaux91.fr\\\/blog\\\/wp-content\\\/uploads\\\/2024\\\/09\\\/ils-veulent-sauver-le-chateau-de-leur-pere-rencontre-avec-les-enfants-digor-bogdanov.jpg\",\"datePublished\":\"2024-09-18T11:40:00+00:00\",\"breadcrumb\":{\"@id\":\"https:\\\/\\\/jumeaux91.fr\\\/blog\\\/ils-veulent-sauver-le-chateau-de-leur-pere-rencontre-avec-les-enfants-digor-bogdanov\\\/#breadcrumb\"},\"inLanguage\":\"fr-FR\",\"potentialAction\":[{\"@type\":\"ReadAction\",\"target\":[\"https:\\\/\\\/jumeaux91.fr\\\/blog\\\/ils-veulent-sauver-le-chateau-de-leur-pere-rencontre-avec-les-enfants-digor-bogdanov\\\/\"]}]},{\"@type\":\"ImageObject\",\"inLanguage\":\"fr-FR\",\"@id\":\"https:\\\/\\\/jumeaux91.fr\\\/blog\\\/ils-veulent-sauver-le-chateau-de-leur-pere-rencontre-avec-les-enfants-digor-bogdanov\\\/#primaryimage\",\"url\":\"https:\\\/\\\/jumeaux91.fr\\\/blog\\\/wp-content\\\/uploads\\\/2024\\\/09\\\/ils-veulent-sauver-le-chateau-de-leur-pere-rencontre-avec-les-enfants-digor-bogdanov.jpg\",\"contentUrl\":\"https:\\\/\\\/jumeaux91.fr\\\/blog\\\/wp-content\\\/uploads\\\/2024\\\/09\\\/ils-veulent-sauver-le-chateau-de-leur-pere-rencontre-avec-les-enfants-digor-bogdanov.jpg\",\"width\":375,\"height\":250,\"caption\":\"Ils veulent sauver le ch\u00e2teau de leur p\u00e8re : rencontre avec les enfants d'Igor Bogdanov\"},{\"@type\":\"BreadcrumbList\",\"@id\":\"https:\\\/\\\/jumeaux91.fr\\\/blog\\\/ils-veulent-sauver-le-chateau-de-leur-pere-rencontre-avec-les-enfants-digor-bogdanov\\\/#breadcrumb\",\"itemListElement\":[{\"@type\":\"ListItem\",\"position\":1,\"name\":\"Accueil\",\"item\":\"https:\\\/\\\/jumeaux91.fr\\\/blog\\\/\"},{\"@type\":\"ListItem\",\"position\":2,\"name\":\"Ils veulent sauver le ch\u00e2teau de leur p\u00e8re : rencontre avec les enfants d&rsquo;Igor Bogdanov\"}]},{\"@type\":\"WebSite\",\"@id\":\"https:\\\/\\\/jumeaux91.fr\\\/blog\\\/#website\",\"url\":\"https:\\\/\\\/jumeaux91.fr\\\/blog\\\/\",\"name\":\"JUMEAUX91\",\"description\":\"Fr\u00e8res jumeaux de l&#039;Essonnes; informations et archives, \u00e0 savoir et retenir.\",\"publisher\":{\"@id\":\"https:\\\/\\\/jumeaux91.fr\\\/blog\\\/#organization\"},\"potentialAction\":[{\"@type\":\"SearchAction\",\"target\":{\"@type\":\"EntryPoint\",\"urlTemplate\":\"https:\\\/\\\/jumeaux91.fr\\\/blog\\\/?s={search_term_string}\"},\"query-input\":{\"@type\":\"PropertyValueSpecification\",\"valueRequired\":true,\"valueName\":\"search_term_string\"}}],\"inLanguage\":\"fr-FR\"},{\"@type\":\"Organization\",\"@id\":\"https:\\\/\\\/jumeaux91.fr\\\/blog\\\/#organization\",\"name\":\"jumeaux91\",\"url\":\"https:\\\/\\\/jumeaux91.fr\\\/blog\\\/\",\"logo\":{\"@type\":\"ImageObject\",\"inLanguage\":\"fr-FR\",\"@id\":\"https:\\\/\\\/jumeaux91.fr\\\/blog\\\/#\\\/schema\\\/logo\\\/image\\\/\",\"url\":\"https:\\\/\\\/jumeaux91.fr\\\/blog\\\/wp-content\\\/uploads\\\/2023\\\/05\\\/cropped-cropped-logoJ_91.png\",\"contentUrl\":\"https:\\\/\\\/jumeaux91.fr\\\/blog\\\/wp-content\\\/uploads\\\/2023\\\/05\\\/cropped-cropped-logoJ_91.png\",\"width\":512,\"height\":512,\"caption\":\"jumeaux91\"},\"image\":{\"@id\":\"https:\\\/\\\/jumeaux91.fr\\\/blog\\\/#\\\/schema\\\/logo\\\/image\\\/\"}},{\"@type\":\"Person\",\"@id\":\"https:\\\/\\\/jumeaux91.fr\\\/blog\\\/#\\\/schema\\\/person\\\/21da06e9f119b9f64e5d45dbbd32d3fb\",\"name\":\"Claude DAYRES\",\"image\":{\"@type\":\"ImageObject\",\"inLanguage\":\"fr-FR\",\"@id\":\"https:\\\/\\\/secure.gravatar.com\\\/avatar\\\/82eb951df6110a2c48d1bfa7a67d1ee6f0cd5df3cbf9c3586dd61e82db7172a5?s=96&d=mm&r=g\",\"url\":\"https:\\\/\\\/secure.gravatar.com\\\/avatar\\\/82eb951df6110a2c48d1bfa7a67d1ee6f0cd5df3cbf9c3586dd61e82db7172a5?s=96&d=mm&r=g\",\"contentUrl\":\"https:\\\/\\\/secure.gravatar.com\\\/avatar\\\/82eb951df6110a2c48d1bfa7a67d1ee6f0cd5df3cbf9c3586dd61e82db7172a5?s=96&d=mm&r=g\",\"caption\":\"Claude DAYRES\"},\"url\":\"https:\\\/\\\/jumeaux91.fr\\\/blog\\\/author\\\/x91claude\\\/\"}]}<\/script>\n<!-- \/ Yoast SEO plugin. -->","yoast_head_json":{"title":"Ils veulent sauver le ch\u00e2teau de leur p\u00e8re : rencontre avec les enfants d'Igor Bogdanov - JUMEAUX91","robots":{"index":"index","follow":"follow","max-snippet":"max-snippet:-1","max-image-preview":"max-image-preview:large","max-video-preview":"max-video-preview:-1"},"canonical":"https:\/\/jumeaux91.fr\/blog\/ils-veulent-sauver-le-chateau-de-leur-pere-rencontre-avec-les-enfants-digor-bogdanov\/","og_locale":"fr_FR","og_type":"article","og_title":"Ils veulent sauver le ch\u00e2teau de leur p\u00e8re : rencontre avec les enfants d'Igor Bogdanov - JUMEAUX91","og_description":"Bient\u00f4t mill\u00e9naire, le ch\u00e2teau d\u2019Esclignac est le plus vieux ch\u00e2teau du Gers tenant encore debout. Pour combien de temps\u2009? Des temp\u00eates ont \u00e9branl\u00e9 la charpente et fragilis\u00e9 la toiture du donjon ouverte \u00e0 tous les vents\u2009; l\u2019eau s\u2019y infiltre \u00e0 pr\u00e9sent. La tour escalier, la tour carr\u00e9e et le corps principal du logis sont eux&hellip; Poursuivre la lecture Ils veulent sauver le ch\u00e2teau de leur p\u00e8re : rencontre avec les enfants d&rsquo;Igor Bogdanov","og_url":"https:\/\/jumeaux91.fr\/blog\/ils-veulent-sauver-le-chateau-de-leur-pere-rencontre-avec-les-enfants-digor-bogdanov\/","og_site_name":"JUMEAUX91","article_published_time":"2024-09-18T11:40:00+00:00","og_image":[{"url":"https:\/\/jumeaux91.fr\/blog\/wp-content\/uploads\/2024\/09\/ils-veulent-sauver-le-chateau-de-leur-pere-rencontre-avec-les-enfants-digor-bogdanov.jpg","type":"","width":"","height":""}],"author":"Claude DAYRES","twitter_card":"summary_large_image","twitter_misc":{"\u00c9crit par":"Claude DAYRES","Dur\u00e9e de lecture estim\u00e9e":"9 minutes"},"schema":{"@context":"https:\/\/schema.org","@graph":[{"@type":"Article","@id":"https:\/\/jumeaux91.fr\/blog\/ils-veulent-sauver-le-chateau-de-leur-pere-rencontre-avec-les-enfants-digor-bogdanov\/#article","isPartOf":{"@id":"https:\/\/jumeaux91.fr\/blog\/ils-veulent-sauver-le-chateau-de-leur-pere-rencontre-avec-les-enfants-digor-bogdanov\/"},"author":{"name":"Claude DAYRES","@id":"https:\/\/jumeaux91.fr\/blog\/#\/schema\/person\/21da06e9f119b9f64e5d45dbbd32d3fb"},"headline":"Ils veulent sauver le ch\u00e2teau de leur p\u00e8re : rencontre avec les enfants d&rsquo;Igor Bogdanov","datePublished":"2024-09-18T11:40:00+00:00","mainEntityOfPage":{"@id":"https:\/\/jumeaux91.fr\/blog\/ils-veulent-sauver-le-chateau-de-leur-pere-rencontre-avec-les-enfants-digor-bogdanov\/"},"wordCount":1772,"publisher":{"@id":"https:\/\/jumeaux91.fr\/blog\/#organization"},"image":{"@id":"https:\/\/jumeaux91.fr\/blog\/ils-veulent-sauver-le-chateau-de-leur-pere-rencontre-avec-les-enfants-digor-bogdanov\/#primaryimage"},"thumbnailUrl":"https:\/\/jumeaux91.fr\/blog\/wp-content\/uploads\/2024\/09\/ils-veulent-sauver-le-chateau-de-leur-pere-rencontre-avec-les-enfants-digor-bogdanov.jpg","articleSection":["Posts Fr\u00e8res Jumeaux De L'Essonnes:"],"inLanguage":"fr-FR"},{"@type":"WebPage","@id":"https:\/\/jumeaux91.fr\/blog\/ils-veulent-sauver-le-chateau-de-leur-pere-rencontre-avec-les-enfants-digor-bogdanov\/","url":"https:\/\/jumeaux91.fr\/blog\/ils-veulent-sauver-le-chateau-de-leur-pere-rencontre-avec-les-enfants-digor-bogdanov\/","name":"Ils veulent sauver le ch\u00e2teau de leur p\u00e8re : rencontre avec les enfants d'Igor Bogdanov - JUMEAUX91","isPartOf":{"@id":"https:\/\/jumeaux91.fr\/blog\/#website"},"primaryImageOfPage":{"@id":"https:\/\/jumeaux91.fr\/blog\/ils-veulent-sauver-le-chateau-de-leur-pere-rencontre-avec-les-enfants-digor-bogdanov\/#primaryimage"},"image":{"@id":"https:\/\/jumeaux91.fr\/blog\/ils-veulent-sauver-le-chateau-de-leur-pere-rencontre-avec-les-enfants-digor-bogdanov\/#primaryimage"},"thumbnailUrl":"https:\/\/jumeaux91.fr\/blog\/wp-content\/uploads\/2024\/09\/ils-veulent-sauver-le-chateau-de-leur-pere-rencontre-avec-les-enfants-digor-bogdanov.jpg","datePublished":"2024-09-18T11:40:00+00:00","breadcrumb":{"@id":"https:\/\/jumeaux91.fr\/blog\/ils-veulent-sauver-le-chateau-de-leur-pere-rencontre-avec-les-enfants-digor-bogdanov\/#breadcrumb"},"inLanguage":"fr-FR","potentialAction":[{"@type":"ReadAction","target":["https:\/\/jumeaux91.fr\/blog\/ils-veulent-sauver-le-chateau-de-leur-pere-rencontre-avec-les-enfants-digor-bogdanov\/"]}]},{"@type":"ImageObject","inLanguage":"fr-FR","@id":"https:\/\/jumeaux91.fr\/blog\/ils-veulent-sauver-le-chateau-de-leur-pere-rencontre-avec-les-enfants-digor-bogdanov\/#primaryimage","url":"https:\/\/jumeaux91.fr\/blog\/wp-content\/uploads\/2024\/09\/ils-veulent-sauver-le-chateau-de-leur-pere-rencontre-avec-les-enfants-digor-bogdanov.jpg","contentUrl":"https:\/\/jumeaux91.fr\/blog\/wp-content\/uploads\/2024\/09\/ils-veulent-sauver-le-chateau-de-leur-pere-rencontre-avec-les-enfants-digor-bogdanov.jpg","width":375,"height":250,"caption":"Ils veulent sauver le ch\u00e2teau de leur p\u00e8re : rencontre avec les enfants d'Igor Bogdanov"},{"@type":"BreadcrumbList","@id":"https:\/\/jumeaux91.fr\/blog\/ils-veulent-sauver-le-chateau-de-leur-pere-rencontre-avec-les-enfants-digor-bogdanov\/#breadcrumb","itemListElement":[{"@type":"ListItem","position":1,"name":"Accueil","item":"https:\/\/jumeaux91.fr\/blog\/"},{"@type":"ListItem","position":2,"name":"Ils veulent sauver le ch\u00e2teau de leur p\u00e8re : rencontre avec les enfants d&rsquo;Igor Bogdanov"}]},{"@type":"WebSite","@id":"https:\/\/jumeaux91.fr\/blog\/#website","url":"https:\/\/jumeaux91.fr\/blog\/","name":"JUMEAUX91","description":"Fr\u00e8res jumeaux de l&#039;Essonnes; informations et archives, \u00e0 savoir et retenir.","publisher":{"@id":"https:\/\/jumeaux91.fr\/blog\/#organization"},"potentialAction":[{"@type":"SearchAction","target":{"@type":"EntryPoint","urlTemplate":"https:\/\/jumeaux91.fr\/blog\/?s={search_term_string}"},"query-input":{"@type":"PropertyValueSpecification","valueRequired":true,"valueName":"search_term_string"}}],"inLanguage":"fr-FR"},{"@type":"Organization","@id":"https:\/\/jumeaux91.fr\/blog\/#organization","name":"jumeaux91","url":"https:\/\/jumeaux91.fr\/blog\/","logo":{"@type":"ImageObject","inLanguage":"fr-FR","@id":"https:\/\/jumeaux91.fr\/blog\/#\/schema\/logo\/image\/","url":"https:\/\/jumeaux91.fr\/blog\/wp-content\/uploads\/2023\/05\/cropped-cropped-logoJ_91.png","contentUrl":"https:\/\/jumeaux91.fr\/blog\/wp-content\/uploads\/2023\/05\/cropped-cropped-logoJ_91.png","width":512,"height":512,"caption":"jumeaux91"},"image":{"@id":"https:\/\/jumeaux91.fr\/blog\/#\/schema\/logo\/image\/"}},{"@type":"Person","@id":"https:\/\/jumeaux91.fr\/blog\/#\/schema\/person\/21da06e9f119b9f64e5d45dbbd32d3fb","name":"Claude DAYRES","image":{"@type":"ImageObject","inLanguage":"fr-FR","@id":"https:\/\/secure.gravatar.com\/avatar\/82eb951df6110a2c48d1bfa7a67d1ee6f0cd5df3cbf9c3586dd61e82db7172a5?s=96&d=mm&r=g","url":"https:\/\/secure.gravatar.com\/avatar\/82eb951df6110a2c48d1bfa7a67d1ee6f0cd5df3cbf9c3586dd61e82db7172a5?s=96&d=mm&r=g","contentUrl":"https:\/\/secure.gravatar.com\/avatar\/82eb951df6110a2c48d1bfa7a67d1ee6f0cd5df3cbf9c3586dd61e82db7172a5?s=96&d=mm&r=g","caption":"Claude DAYRES"},"url":"https:\/\/jumeaux91.fr\/blog\/author\/x91claude\/"}]}},"_links":{"self":[{"href":"https:\/\/jumeaux91.fr\/blog\/wp-json\/wp\/v2\/posts\/739","targetHints":{"allow":["GET"]}}],"collection":[{"href":"https:\/\/jumeaux91.fr\/blog\/wp-json\/wp\/v2\/posts"}],"about":[{"href":"https:\/\/jumeaux91.fr\/blog\/wp-json\/wp\/v2\/types\/post"}],"author":[{"embeddable":true,"href":"https:\/\/jumeaux91.fr\/blog\/wp-json\/wp\/v2\/users\/2"}],"replies":[{"embeddable":true,"href":"https:\/\/jumeaux91.fr\/blog\/wp-json\/wp\/v2\/comments?post=739"}],"version-history":[{"count":0,"href":"https:\/\/jumeaux91.fr\/blog\/wp-json\/wp\/v2\/posts\/739\/revisions"}],"wp:featuredmedia":[{"embeddable":true,"href":"https:\/\/jumeaux91.fr\/blog\/wp-json\/wp\/v2\/media\/740"}],"wp:attachment":[{"href":"https:\/\/jumeaux91.fr\/blog\/wp-json\/wp\/v2\/media?parent=739"}],"wp:term":[{"taxonomy":"category","embeddable":true,"href":"https:\/\/jumeaux91.fr\/blog\/wp-json\/wp\/v2\/categories?post=739"},{"taxonomy":"post_tag","embeddable":true,"href":"https:\/\/jumeaux91.fr\/blog\/wp-json\/wp\/v2\/tags?post=739"}],"curies":[{"name":"wp","href":"https:\/\/api.w.org\/{rel}","templated":true}]}}