{"id":747,"date":"2024-09-20T03:43:00","date_gmt":"2024-09-20T01:43:00","guid":{"rendered":"https:\/\/jumeaux91.fr\/blog\/exclusif-la-petite-graine-des-freres-rifkiss-en-post-production\/"},"modified":"2024-09-20T03:43:00","modified_gmt":"2024-09-20T01:43:00","slug":"exclusif-la-petite-graine-des-freres-rifkiss-en-post-production","status":"publish","type":"post","link":"https:\/\/jumeaux91.fr\/blog\/exclusif-la-petite-graine-des-freres-rifkiss-en-post-production\/","title":{"rendered":"EXCLUSIF : La petite Graine des fr\u00e8res Rifkiss en post-production"},"content":{"rendered":"<p class=\"news-info\"><span><a href=\"https:\/\/cineuropa.org\/fr\/news\/cat\/52437\/\" class=\"external\" target=\"_blank\" rel=\"nofollow\">PRODUCTION \/ FINANCEMENT<\/a><\/span> <a href=\"https:\/\/cineuropa.org\/fr\/tag\/?tag=France\" class=\"external\" target=\"_blank\" rel=\"nofollow\">France<\/a><\/p>\n<p class=\"signature\">par&nbsp;<span><a href=\"https:\/\/cineuropa.org\/fr\/author\/?author=Fabien%20Lemercier\" target=\"_blank\" rel=\"nofollow\">Fabien Lemercier<\/a><\/span><\/p>\n<div>\n<p class=\"lancio\"><span class=\"tag\">20\/09\/2024<\/span> &#8211; S\u00e9bastien Chassagne, Louise Massin, Oussama Kheddam et Delphine Baril au casting du premier long m\u00e9trage de Mathias et Colas Rifkiss, produit par Duno Films<\/p>\n<div class=\"photo-center\">\n<div class=\"relative\"><img decoding=\"async\" src=\"https:\/\/jumeaux91.fr\/blog\/wp-content\/uploads\/2024\/09\/exclusif-la-petite-graine-des-freres-rifkiss-en-post-production.jpg\" width=\"620\" height=\"413\" alt=\"EXCLUSIF : La petite Graine des fr\u00e8res Rifkiss en post-production\" data-id=\"160477\"><\/div>\n<p>L&rsquo;acteur S\u00e9bastien Chassagne, l&rsquo;actrice Louise Massin et l&rsquo;acteur Oussama Kheddam<\/p>\n<\/div>\n<p>Apr\u00e8s six courts m\u00e9trages dont trois pr\u00e9sent\u00e9s \u00e0 Clermont-Ferrand (<em>La charge mentale<\/em> en 2023, <em>La voix du p\u00e8re<\/em> en 2017 et <em>Les chiens verts<\/em> en 2012), les jumeaux <strong>Mathias et Colas Rifkiss<\/strong> ont saut\u00e9 le pas du long-m\u00e9trage avec <em>La petite Graine<\/em> dont le tournage s\u2019est termin\u00e9 le 14 septembre.<\/p>\n<p>Au casting se distinguent<strong> S\u00e9bastien Chassagne<\/strong> (appr\u00e9ci\u00e9 entre autres dans <em><a href=\"https:\/\/cineuropa.org\/film\/446578\/\" target=\"_blank\" rel=\"nofollow\">Yannick<\/a><\/em>&nbsp;<span class=\"filmLinks\">[<span class=\"filmLinksPlus\">+<span class=\"filmLinksLinks\"><span>lire aussi&nbsp;: <br \/><a href=\"https:\/\/cineuropa.org\/fr\/newsdetail\/446934\/\" target=\"_blank\" rel=\"nofollow\">critique<\/a><br \/><a href=\"https:\/\/cineuropa.org\/fr\/video\/rdID\/446578\/f\/t\/\" target=\"_blank\" rel=\"nofollow\">bande-annonce<\/a><br \/><a href=\"https:\/\/cineuropa.org\/fr\/film\/446578\/\" target=\"_blank\" rel=\"nofollow\">fiche&nbsp;film<\/a><\/span><\/span><\/span>]<\/span>), <strong>Louise Massin<\/strong> (<em><a href=\"https:\/\/cineuropa.org\/film\/467490\/\" target=\"_blank\" rel=\"nofollow\">Comme un prince<\/a><\/em>), <strong>Oussama Kheddam<\/strong> (vu notamment dans <em><a href=\"https:\/\/cineuropa.org\/film\/441378\/\" target=\"_blank\" rel=\"nofollow\">Rien \u00e0 perdre<\/a><\/em>&nbsp;<span class=\"filmLinks\">[<span class=\"filmLinksPlus\">+<span class=\"filmLinksLinks\"><span>lire aussi&nbsp;: <br \/><a href=\"https:\/\/cineuropa.org\/fr\/newsdetail\/442992\/\" target=\"_blank\" rel=\"nofollow\">critique<\/a><br \/><a href=\"https:\/\/cineuropa.org\/fr\/video\/rdID\/441378\/f\/t\/\" target=\"_blank\" rel=\"nofollow\">bande-annonce<\/a><br \/><a href=\"https:\/\/cineuropa.org\/fr\/interview\/443028\/\" target=\"_blank\" rel=\"nofollow\">interview&nbsp;: Delphine Deloget<\/a><br \/><a href=\"https:\/\/cineuropa.org\/fr\/film\/441378\/\" target=\"_blank\" rel=\"nofollow\">fiche&nbsp;film<\/a><\/span><\/span><\/span>]<\/span>, <em><a href=\"https:\/\/cineuropa.org\/film\/448624\/\" target=\"_blank\" rel=\"nofollow\">Une ann\u00e9e difficile<\/a><\/em>&nbsp;<span class=\"filmLinks\">[<span class=\"filmLinksPlus\">+<span class=\"filmLinksLinks\"><span>lire aussi&nbsp;: <br \/><a href=\"https:\/\/cineuropa.org\/fr\/newsdetail\/449861\/\" target=\"_blank\" rel=\"nofollow\">critique<\/a><br \/><a href=\"https:\/\/cineuropa.org\/fr\/video\/rdID\/448624\/f\/t\/\" target=\"_blank\" rel=\"nofollow\">bande-annonce<\/a><br \/><a href=\"https:\/\/cineuropa.org\/fr\/interview\/451346\/\" title=\"interview&nbsp;: Olivier Nakache et Eric Toledano\" target=\"_blank\" rel=\"nofollow\">interview&nbsp;: Olivier Nakache et Eric To\u2026<\/a><br \/><a href=\"https:\/\/cineuropa.org\/fr\/film\/448624\/\" target=\"_blank\" rel=\"nofollow\">fiche&nbsp;film<\/a><\/span><\/span><\/span>]<\/span> et la s\u00e9rie <em><a href=\"https:\/\/cineuropa.org\/film\/411410\/\" target=\"_blank\" rel=\"nofollow\">Hippocrate<\/a><\/em>) et <strong>Delphine Baril<\/strong> (tr\u00e8s \u00e0 son avantage dans <em><a href=\"https:\/\/cineuropa.org\/film\/461931\/\" target=\"_blank\" rel=\"nofollow\">Les pistolets en plastique<\/a><\/em>&nbsp;<span class=\"filmLinks\">[<span class=\"filmLinksPlus\">+<span class=\"filmLinksLinks\"><span>lire aussi&nbsp;: <br \/><a href=\"https:\/\/cineuropa.org\/fr\/newsdetail\/462782\/\" target=\"_blank\" rel=\"nofollow\">critique<\/a><br \/><a href=\"https:\/\/cineuropa.org\/fr\/interview\/462777\/\" target=\"_blank\" rel=\"nofollow\">interview&nbsp;: Jean-Christophe Meurisse<\/a><br \/><a href=\"https:\/\/cineuropa.org\/fr\/film\/461931\/\" target=\"_blank\" rel=\"nofollow\">fiche&nbsp;film<\/a><\/span><\/span><\/span>]<\/span>).<\/p>\n<div class=\"internalbanner\"><span>(L&rsquo;article continue plus bas &#8211; Inf. publicitaire)<\/span><\/p>\n<div><a href=\"https:\/\/cineuropa.org\/bc.aspx?bid=466689\" target=\"_blank\" rel=\"noopener nofollow\"><img decoding=\"async\" src=\"https:\/\/jumeaux91.fr\/blog\/wp-content\/uploads\/2024\/09\/exclusif-la-petite-graine-des-freres-rifkiss-en-post-production-1.jpg\" width=\"468\" height=\"60\" alt=\"lessismore_apply_writers_directors_articles\"><\/a><\/div>\n<\/div>\n<p>\u00c9crit par les deux cin\u00e9astes, le sc\u00e9nario est centr\u00e9 sur Denis et C\u00e9line qui r\u00eavent d\u2019avoir un enfant. Apr\u00e8s des ann\u00e9es d\u2019ins\u00e9minations artificielles infructueuses, ils se lancent dans le plan de la derni\u00e8re chance : demander \u00e0 Piche, une vieille connaissance de lyc\u00e9e dont Denis \u00e9tait le souffre-douleur, de leur donner son sperme. Pourquoi lui ? Parce qu\u2019il est le seul \u00e0 avoir d\u00e9j\u00e0 mis C\u00e9line enceinte\u2026 A 17 ans, \u00e0 la soir\u00e9e d\u2019\u00c9glantine Despontin ! Mais l\u2019irruption de ce c\u00e9libataire endurci, farouchement anti-m\u00f4mes, va finalement mettre en p\u00e9ril leur couple&#8230;<\/p>\n<p><em>La petite Graine<\/em> a \u00e9t\u00e9 produit par <strong>J\u00e9r\u00e9my Chevret<\/strong> (d\u00e9j\u00e0 complice de <em>La charge mentale<\/em>) pour la soci\u00e9t\u00e9 lyonnaise <a href=\"https:\/\/cineuropa.org\/prodcompany\/467494\/\" target=\"_blank\" rel=\"nofollow\">Duno Films<\/a> avec le soutien notamment du fonds Dotimages. La direction de la photographie a \u00e9t\u00e9 assur\u00e9e par Romain <strong>Fisson-Edeline<\/strong>. La distribution France et les ventes internationales sont en n\u00e9gociations.<\/p>\n<div class=\"internalbanner\"><span>(L&rsquo;article continue plus bas &#8211; Inf. publicitaire)<\/span><\/div>\n<\/p><\/div>\n<div class=\"clear-block notice\">\n<div class=\"grid-60\">\n<p>Vous avez aim\u00e9 cet article ? Abonnez-vous \u00e0 notre newsletter et recevez plus d&rsquo;articles comme celui-ci, directement dans votre bo\u00eete mail.<\/p>\n<\/p><\/div>\n<\/p><\/div>\n<p> La chronique se veut g\u00e9n\u00e9r\u00e9e de la fa\u00e7on la plus claire que possible. Dans le cas o\u00f9 vous souhaitez pr\u00e9senter des renseignements compl\u00e9mentaires \u00e0 cet article sur le sujet \u00ab\u00a0Fr\u00e8res jumeaux de l&rsquo;Essonnes\u00a0\u00bb il vous est possible d\u2019\u00e9crire aux contacts indiqu\u00e9s sur notre website. La raison d\u2019\u00eatre de jumeaux91.fr \u00e9tant de rassembler sur le web des posts sur le sujet de Fr\u00e8res jumeaux de l&rsquo;Essonnes puis les diffuser en r\u00e9pondant au mieux aux interrogations des gens. Vous pouvez tirer profit de cet article traitant le sujet \u00ab\u00a0Fr\u00e8res jumeaux de l&rsquo;Essonnes\u00a0\u00bb. Il est concoct\u00e9 par l\u2019\u00e9quipe jumeaux91.fr. Prochainement, nous rendrons accessibles au public d&rsquo;autres informations pertinentes sur le sujet \u00ab\u00a0Fr\u00e8res jumeaux de l&rsquo;Essonnes\u00a0\u00bb. Alors, consultez syst\u00e9matiquement notre blog.<\/p>\n","protected":false},"excerpt":{"rendered":"<p>PRODUCTION \/ FINANCEMENT France par&nbsp;Fabien Lemercier 20\/09\/2024 &#8211; S\u00e9bastien Chassagne, Louise Massin, Oussama Kheddam et Delphine Baril au casting du premier long m\u00e9trage de Mathias et Colas Rifkiss, produit par Duno Films L&rsquo;acteur S\u00e9bastien Chassagne, l&rsquo;actrice Louise Massin et l&rsquo;acteur Oussama Kheddam Apr\u00e8s six courts m\u00e9trages dont trois pr\u00e9sent\u00e9s \u00e0 Clermont-Ferrand (La charge mentale en&hellip; <a class=\"more-link\" href=\"https:\/\/jumeaux91.fr\/blog\/exclusif-la-petite-graine-des-freres-rifkiss-en-post-production\/\">Poursuivre la lecture <span class=\"screen-reader-text\">EXCLUSIF : La petite Graine des fr\u00e8res Rifkiss en post-production<\/span><\/a><\/p>\n","protected":false},"author":2,"featured_media":748,"comment_status":"closed","ping_status":"closed","sticky":false,"template":"","format":"standard","meta":{"footnotes":""},"categories":[4],"tags":[],"class_list":["post-747","post","type-post","status-publish","format-standard","has-post-thumbnail","hentry","category-posts-freres-jumeaux-de-lessonnes","entry"],"yoast_head":"<!-- This site is optimized with the Yoast SEO plugin v27.5 - https:\/\/yoast.com\/product\/yoast-seo-wordpress\/ -->\n<title>EXCLUSIF : La petite Graine des fr\u00e8res Rifkiss en post-production - JUMEAUX91<\/title>\n<meta name=\"robots\" content=\"index, follow, max-snippet:-1, max-image-preview:large, max-video-preview:-1\" \/>\n<link rel=\"canonical\" href=\"https:\/\/jumeaux91.fr\/blog\/exclusif-la-petite-graine-des-freres-rifkiss-en-post-production\/\" \/>\n<meta property=\"og:locale\" content=\"fr_FR\" \/>\n<meta property=\"og:type\" content=\"article\" \/>\n<meta property=\"og:title\" content=\"EXCLUSIF : La petite Graine des fr\u00e8res Rifkiss en post-production - JUMEAUX91\" \/>\n<meta property=\"og:description\" content=\"PRODUCTION \/ FINANCEMENT France par&nbsp;Fabien Lemercier 20\/09\/2024 &#8211; S\u00e9bastien Chassagne, Louise Massin, Oussama Kheddam et Delphine Baril au casting du premier long m\u00e9trage de Mathias et Colas Rifkiss, produit par Duno Films L&rsquo;acteur S\u00e9bastien Chassagne, l&rsquo;actrice Louise Massin et l&rsquo;acteur Oussama Kheddam Apr\u00e8s six courts m\u00e9trages dont trois pr\u00e9sent\u00e9s \u00e0 Clermont-Ferrand (La charge mentale en&hellip; Poursuivre la lecture EXCLUSIF : La petite Graine des fr\u00e8res Rifkiss en post-production\" \/>\n<meta property=\"og:url\" content=\"https:\/\/jumeaux91.fr\/blog\/exclusif-la-petite-graine-des-freres-rifkiss-en-post-production\/\" \/>\n<meta property=\"og:site_name\" content=\"JUMEAUX91\" \/>\n<meta property=\"article:published_time\" content=\"2024-09-20T01:43:00+00:00\" \/>\n<meta property=\"og:image\" content=\"https:\/\/jumeaux91.fr\/blog\/wp-content\/uploads\/2024\/09\/exclusif-la-petite-graine-des-freres-rifkiss-en-post-production.jpg\" \/>\n<meta name=\"author\" content=\"Claude DAYRES\" \/>\n<meta name=\"twitter:card\" content=\"summary_large_image\" \/>\n<meta name=\"twitter:label1\" content=\"\u00c9crit par\" \/>\n\t<meta name=\"twitter:data1\" content=\"Claude DAYRES\" \/>\n\t<meta name=\"twitter:label2\" content=\"Dur\u00e9e de lecture estim\u00e9e\" \/>\n\t<meta name=\"twitter:data2\" content=\"3 minutes\" \/>\n<script type=\"application\/ld+json\" class=\"yoast-schema-graph\">{\"@context\":\"https:\\\/\\\/schema.org\",\"@graph\":[{\"@type\":\"Article\",\"@id\":\"https:\\\/\\\/jumeaux91.fr\\\/blog\\\/exclusif-la-petite-graine-des-freres-rifkiss-en-post-production\\\/#article\",\"isPartOf\":{\"@id\":\"https:\\\/\\\/jumeaux91.fr\\\/blog\\\/exclusif-la-petite-graine-des-freres-rifkiss-en-post-production\\\/\"},\"author\":{\"name\":\"Claude DAYRES\",\"@id\":\"https:\\\/\\\/jumeaux91.fr\\\/blog\\\/#\\\/schema\\\/person\\\/21da06e9f119b9f64e5d45dbbd32d3fb\"},\"headline\":\"EXCLUSIF : La petite Graine des fr\u00e8res Rifkiss en post-production\",\"datePublished\":\"2024-09-20T01:43:00+00:00\",\"mainEntityOfPage\":{\"@id\":\"https:\\\/\\\/jumeaux91.fr\\\/blog\\\/exclusif-la-petite-graine-des-freres-rifkiss-en-post-production\\\/\"},\"wordCount\":541,\"publisher\":{\"@id\":\"https:\\\/\\\/jumeaux91.fr\\\/blog\\\/#organization\"},\"image\":{\"@id\":\"https:\\\/\\\/jumeaux91.fr\\\/blog\\\/exclusif-la-petite-graine-des-freres-rifkiss-en-post-production\\\/#primaryimage\"},\"thumbnailUrl\":\"https:\\\/\\\/jumeaux91.fr\\\/blog\\\/wp-content\\\/uploads\\\/2024\\\/09\\\/exclusif-la-petite-graine-des-freres-rifkiss-en-post-production.jpg\",\"articleSection\":[\"Posts Fr\u00e8res Jumeaux De L'Essonnes:\"],\"inLanguage\":\"fr-FR\"},{\"@type\":\"WebPage\",\"@id\":\"https:\\\/\\\/jumeaux91.fr\\\/blog\\\/exclusif-la-petite-graine-des-freres-rifkiss-en-post-production\\\/\",\"url\":\"https:\\\/\\\/jumeaux91.fr\\\/blog\\\/exclusif-la-petite-graine-des-freres-rifkiss-en-post-production\\\/\",\"name\":\"EXCLUSIF : La petite Graine des fr\u00e8res Rifkiss en post-production - JUMEAUX91\",\"isPartOf\":{\"@id\":\"https:\\\/\\\/jumeaux91.fr\\\/blog\\\/#website\"},\"primaryImageOfPage\":{\"@id\":\"https:\\\/\\\/jumeaux91.fr\\\/blog\\\/exclusif-la-petite-graine-des-freres-rifkiss-en-post-production\\\/#primaryimage\"},\"image\":{\"@id\":\"https:\\\/\\\/jumeaux91.fr\\\/blog\\\/exclusif-la-petite-graine-des-freres-rifkiss-en-post-production\\\/#primaryimage\"},\"thumbnailUrl\":\"https:\\\/\\\/jumeaux91.fr\\\/blog\\\/wp-content\\\/uploads\\\/2024\\\/09\\\/exclusif-la-petite-graine-des-freres-rifkiss-en-post-production.jpg\",\"datePublished\":\"2024-09-20T01:43:00+00:00\",\"breadcrumb\":{\"@id\":\"https:\\\/\\\/jumeaux91.fr\\\/blog\\\/exclusif-la-petite-graine-des-freres-rifkiss-en-post-production\\\/#breadcrumb\"},\"inLanguage\":\"fr-FR\",\"potentialAction\":[{\"@type\":\"ReadAction\",\"target\":[\"https:\\\/\\\/jumeaux91.fr\\\/blog\\\/exclusif-la-petite-graine-des-freres-rifkiss-en-post-production\\\/\"]}]},{\"@type\":\"ImageObject\",\"inLanguage\":\"fr-FR\",\"@id\":\"https:\\\/\\\/jumeaux91.fr\\\/blog\\\/exclusif-la-petite-graine-des-freres-rifkiss-en-post-production\\\/#primaryimage\",\"url\":\"https:\\\/\\\/jumeaux91.fr\\\/blog\\\/wp-content\\\/uploads\\\/2024\\\/09\\\/exclusif-la-petite-graine-des-freres-rifkiss-en-post-production.jpg\",\"contentUrl\":\"https:\\\/\\\/jumeaux91.fr\\\/blog\\\/wp-content\\\/uploads\\\/2024\\\/09\\\/exclusif-la-petite-graine-des-freres-rifkiss-en-post-production.jpg\",\"width\":620,\"height\":413,\"caption\":\"EXCLUSIF : La petite Graine des fr\u00e8res Rifkiss en post production\"},{\"@type\":\"BreadcrumbList\",\"@id\":\"https:\\\/\\\/jumeaux91.fr\\\/blog\\\/exclusif-la-petite-graine-des-freres-rifkiss-en-post-production\\\/#breadcrumb\",\"itemListElement\":[{\"@type\":\"ListItem\",\"position\":1,\"name\":\"Accueil\",\"item\":\"https:\\\/\\\/jumeaux91.fr\\\/blog\\\/\"},{\"@type\":\"ListItem\",\"position\":2,\"name\":\"EXCLUSIF : La petite Graine des fr\u00e8res Rifkiss en post-production\"}]},{\"@type\":\"WebSite\",\"@id\":\"https:\\\/\\\/jumeaux91.fr\\\/blog\\\/#website\",\"url\":\"https:\\\/\\\/jumeaux91.fr\\\/blog\\\/\",\"name\":\"JUMEAUX91\",\"description\":\"Fr\u00e8res jumeaux de l&#039;Essonnes; informations et archives, \u00e0 savoir et retenir.\",\"publisher\":{\"@id\":\"https:\\\/\\\/jumeaux91.fr\\\/blog\\\/#organization\"},\"potentialAction\":[{\"@type\":\"SearchAction\",\"target\":{\"@type\":\"EntryPoint\",\"urlTemplate\":\"https:\\\/\\\/jumeaux91.fr\\\/blog\\\/?s={search_term_string}\"},\"query-input\":{\"@type\":\"PropertyValueSpecification\",\"valueRequired\":true,\"valueName\":\"search_term_string\"}}],\"inLanguage\":\"fr-FR\"},{\"@type\":\"Organization\",\"@id\":\"https:\\\/\\\/jumeaux91.fr\\\/blog\\\/#organization\",\"name\":\"jumeaux91\",\"url\":\"https:\\\/\\\/jumeaux91.fr\\\/blog\\\/\",\"logo\":{\"@type\":\"ImageObject\",\"inLanguage\":\"fr-FR\",\"@id\":\"https:\\\/\\\/jumeaux91.fr\\\/blog\\\/#\\\/schema\\\/logo\\\/image\\\/\",\"url\":\"https:\\\/\\\/jumeaux91.fr\\\/blog\\\/wp-content\\\/uploads\\\/2023\\\/05\\\/cropped-cropped-logoJ_91.png\",\"contentUrl\":\"https:\\\/\\\/jumeaux91.fr\\\/blog\\\/wp-content\\\/uploads\\\/2023\\\/05\\\/cropped-cropped-logoJ_91.png\",\"width\":512,\"height\":512,\"caption\":\"jumeaux91\"},\"image\":{\"@id\":\"https:\\\/\\\/jumeaux91.fr\\\/blog\\\/#\\\/schema\\\/logo\\\/image\\\/\"}},{\"@type\":\"Person\",\"@id\":\"https:\\\/\\\/jumeaux91.fr\\\/blog\\\/#\\\/schema\\\/person\\\/21da06e9f119b9f64e5d45dbbd32d3fb\",\"name\":\"Claude DAYRES\",\"image\":{\"@type\":\"ImageObject\",\"inLanguage\":\"fr-FR\",\"@id\":\"https:\\\/\\\/secure.gravatar.com\\\/avatar\\\/82eb951df6110a2c48d1bfa7a67d1ee6f0cd5df3cbf9c3586dd61e82db7172a5?s=96&d=mm&r=g\",\"url\":\"https:\\\/\\\/secure.gravatar.com\\\/avatar\\\/82eb951df6110a2c48d1bfa7a67d1ee6f0cd5df3cbf9c3586dd61e82db7172a5?s=96&d=mm&r=g\",\"contentUrl\":\"https:\\\/\\\/secure.gravatar.com\\\/avatar\\\/82eb951df6110a2c48d1bfa7a67d1ee6f0cd5df3cbf9c3586dd61e82db7172a5?s=96&d=mm&r=g\",\"caption\":\"Claude DAYRES\"},\"url\":\"https:\\\/\\\/jumeaux91.fr\\\/blog\\\/author\\\/x91claude\\\/\"}]}<\/script>\n<!-- \/ Yoast SEO plugin. -->","yoast_head_json":{"title":"EXCLUSIF : La petite Graine des fr\u00e8res Rifkiss en post-production - JUMEAUX91","robots":{"index":"index","follow":"follow","max-snippet":"max-snippet:-1","max-image-preview":"max-image-preview:large","max-video-preview":"max-video-preview:-1"},"canonical":"https:\/\/jumeaux91.fr\/blog\/exclusif-la-petite-graine-des-freres-rifkiss-en-post-production\/","og_locale":"fr_FR","og_type":"article","og_title":"EXCLUSIF : La petite Graine des fr\u00e8res Rifkiss en post-production - JUMEAUX91","og_description":"PRODUCTION \/ FINANCEMENT France par&nbsp;Fabien Lemercier 20\/09\/2024 &#8211; S\u00e9bastien Chassagne, Louise Massin, Oussama Kheddam et Delphine Baril au casting du premier long m\u00e9trage de Mathias et Colas Rifkiss, produit par Duno Films L&rsquo;acteur S\u00e9bastien Chassagne, l&rsquo;actrice Louise Massin et l&rsquo;acteur Oussama Kheddam Apr\u00e8s six courts m\u00e9trages dont trois pr\u00e9sent\u00e9s \u00e0 Clermont-Ferrand (La charge mentale en&hellip; Poursuivre la lecture EXCLUSIF : La petite Graine des fr\u00e8res Rifkiss en post-production","og_url":"https:\/\/jumeaux91.fr\/blog\/exclusif-la-petite-graine-des-freres-rifkiss-en-post-production\/","og_site_name":"JUMEAUX91","article_published_time":"2024-09-20T01:43:00+00:00","og_image":[{"url":"https:\/\/jumeaux91.fr\/blog\/wp-content\/uploads\/2024\/09\/exclusif-la-petite-graine-des-freres-rifkiss-en-post-production.jpg","type":"","width":"","height":""}],"author":"Claude DAYRES","twitter_card":"summary_large_image","twitter_misc":{"\u00c9crit par":"Claude DAYRES","Dur\u00e9e de lecture estim\u00e9e":"3 minutes"},"schema":{"@context":"https:\/\/schema.org","@graph":[{"@type":"Article","@id":"https:\/\/jumeaux91.fr\/blog\/exclusif-la-petite-graine-des-freres-rifkiss-en-post-production\/#article","isPartOf":{"@id":"https:\/\/jumeaux91.fr\/blog\/exclusif-la-petite-graine-des-freres-rifkiss-en-post-production\/"},"author":{"name":"Claude DAYRES","@id":"https:\/\/jumeaux91.fr\/blog\/#\/schema\/person\/21da06e9f119b9f64e5d45dbbd32d3fb"},"headline":"EXCLUSIF : La petite Graine des fr\u00e8res Rifkiss en post-production","datePublished":"2024-09-20T01:43:00+00:00","mainEntityOfPage":{"@id":"https:\/\/jumeaux91.fr\/blog\/exclusif-la-petite-graine-des-freres-rifkiss-en-post-production\/"},"wordCount":541,"publisher":{"@id":"https:\/\/jumeaux91.fr\/blog\/#organization"},"image":{"@id":"https:\/\/jumeaux91.fr\/blog\/exclusif-la-petite-graine-des-freres-rifkiss-en-post-production\/#primaryimage"},"thumbnailUrl":"https:\/\/jumeaux91.fr\/blog\/wp-content\/uploads\/2024\/09\/exclusif-la-petite-graine-des-freres-rifkiss-en-post-production.jpg","articleSection":["Posts Fr\u00e8res Jumeaux De L'Essonnes:"],"inLanguage":"fr-FR"},{"@type":"WebPage","@id":"https:\/\/jumeaux91.fr\/blog\/exclusif-la-petite-graine-des-freres-rifkiss-en-post-production\/","url":"https:\/\/jumeaux91.fr\/blog\/exclusif-la-petite-graine-des-freres-rifkiss-en-post-production\/","name":"EXCLUSIF : La petite Graine des fr\u00e8res Rifkiss en post-production - JUMEAUX91","isPartOf":{"@id":"https:\/\/jumeaux91.fr\/blog\/#website"},"primaryImageOfPage":{"@id":"https:\/\/jumeaux91.fr\/blog\/exclusif-la-petite-graine-des-freres-rifkiss-en-post-production\/#primaryimage"},"image":{"@id":"https:\/\/jumeaux91.fr\/blog\/exclusif-la-petite-graine-des-freres-rifkiss-en-post-production\/#primaryimage"},"thumbnailUrl":"https:\/\/jumeaux91.fr\/blog\/wp-content\/uploads\/2024\/09\/exclusif-la-petite-graine-des-freres-rifkiss-en-post-production.jpg","datePublished":"2024-09-20T01:43:00+00:00","breadcrumb":{"@id":"https:\/\/jumeaux91.fr\/blog\/exclusif-la-petite-graine-des-freres-rifkiss-en-post-production\/#breadcrumb"},"inLanguage":"fr-FR","potentialAction":[{"@type":"ReadAction","target":["https:\/\/jumeaux91.fr\/blog\/exclusif-la-petite-graine-des-freres-rifkiss-en-post-production\/"]}]},{"@type":"ImageObject","inLanguage":"fr-FR","@id":"https:\/\/jumeaux91.fr\/blog\/exclusif-la-petite-graine-des-freres-rifkiss-en-post-production\/#primaryimage","url":"https:\/\/jumeaux91.fr\/blog\/wp-content\/uploads\/2024\/09\/exclusif-la-petite-graine-des-freres-rifkiss-en-post-production.jpg","contentUrl":"https:\/\/jumeaux91.fr\/blog\/wp-content\/uploads\/2024\/09\/exclusif-la-petite-graine-des-freres-rifkiss-en-post-production.jpg","width":620,"height":413,"caption":"EXCLUSIF : La petite Graine des fr\u00e8res Rifkiss en post production"},{"@type":"BreadcrumbList","@id":"https:\/\/jumeaux91.fr\/blog\/exclusif-la-petite-graine-des-freres-rifkiss-en-post-production\/#breadcrumb","itemListElement":[{"@type":"ListItem","position":1,"name":"Accueil","item":"https:\/\/jumeaux91.fr\/blog\/"},{"@type":"ListItem","position":2,"name":"EXCLUSIF : La petite Graine des fr\u00e8res Rifkiss en post-production"}]},{"@type":"WebSite","@id":"https:\/\/jumeaux91.fr\/blog\/#website","url":"https:\/\/jumeaux91.fr\/blog\/","name":"JUMEAUX91","description":"Fr\u00e8res jumeaux de l&#039;Essonnes; informations et archives, \u00e0 savoir et retenir.","publisher":{"@id":"https:\/\/jumeaux91.fr\/blog\/#organization"},"potentialAction":[{"@type":"SearchAction","target":{"@type":"EntryPoint","urlTemplate":"https:\/\/jumeaux91.fr\/blog\/?s={search_term_string}"},"query-input":{"@type":"PropertyValueSpecification","valueRequired":true,"valueName":"search_term_string"}}],"inLanguage":"fr-FR"},{"@type":"Organization","@id":"https:\/\/jumeaux91.fr\/blog\/#organization","name":"jumeaux91","url":"https:\/\/jumeaux91.fr\/blog\/","logo":{"@type":"ImageObject","inLanguage":"fr-FR","@id":"https:\/\/jumeaux91.fr\/blog\/#\/schema\/logo\/image\/","url":"https:\/\/jumeaux91.fr\/blog\/wp-content\/uploads\/2023\/05\/cropped-cropped-logoJ_91.png","contentUrl":"https:\/\/jumeaux91.fr\/blog\/wp-content\/uploads\/2023\/05\/cropped-cropped-logoJ_91.png","width":512,"height":512,"caption":"jumeaux91"},"image":{"@id":"https:\/\/jumeaux91.fr\/blog\/#\/schema\/logo\/image\/"}},{"@type":"Person","@id":"https:\/\/jumeaux91.fr\/blog\/#\/schema\/person\/21da06e9f119b9f64e5d45dbbd32d3fb","name":"Claude DAYRES","image":{"@type":"ImageObject","inLanguage":"fr-FR","@id":"https:\/\/secure.gravatar.com\/avatar\/82eb951df6110a2c48d1bfa7a67d1ee6f0cd5df3cbf9c3586dd61e82db7172a5?s=96&d=mm&r=g","url":"https:\/\/secure.gravatar.com\/avatar\/82eb951df6110a2c48d1bfa7a67d1ee6f0cd5df3cbf9c3586dd61e82db7172a5?s=96&d=mm&r=g","contentUrl":"https:\/\/secure.gravatar.com\/avatar\/82eb951df6110a2c48d1bfa7a67d1ee6f0cd5df3cbf9c3586dd61e82db7172a5?s=96&d=mm&r=g","caption":"Claude DAYRES"},"url":"https:\/\/jumeaux91.fr\/blog\/author\/x91claude\/"}]}},"_links":{"self":[{"href":"https:\/\/jumeaux91.fr\/blog\/wp-json\/wp\/v2\/posts\/747","targetHints":{"allow":["GET"]}}],"collection":[{"href":"https:\/\/jumeaux91.fr\/blog\/wp-json\/wp\/v2\/posts"}],"about":[{"href":"https:\/\/jumeaux91.fr\/blog\/wp-json\/wp\/v2\/types\/post"}],"author":[{"embeddable":true,"href":"https:\/\/jumeaux91.fr\/blog\/wp-json\/wp\/v2\/users\/2"}],"replies":[{"embeddable":true,"href":"https:\/\/jumeaux91.fr\/blog\/wp-json\/wp\/v2\/comments?post=747"}],"version-history":[{"count":0,"href":"https:\/\/jumeaux91.fr\/blog\/wp-json\/wp\/v2\/posts\/747\/revisions"}],"wp:featuredmedia":[{"embeddable":true,"href":"https:\/\/jumeaux91.fr\/blog\/wp-json\/wp\/v2\/media\/748"}],"wp:attachment":[{"href":"https:\/\/jumeaux91.fr\/blog\/wp-json\/wp\/v2\/media?parent=747"}],"wp:term":[{"taxonomy":"category","embeddable":true,"href":"https:\/\/jumeaux91.fr\/blog\/wp-json\/wp\/v2\/categories?post=747"},{"taxonomy":"post_tag","embeddable":true,"href":"https:\/\/jumeaux91.fr\/blog\/wp-json\/wp\/v2\/tags?post=747"}],"curies":[{"name":"wp","href":"https:\/\/api.w.org\/{rel}","templated":true}]}}