{"id":768,"date":"2024-09-26T06:36:00","date_gmt":"2024-09-26T04:36:00","guid":{"rendered":"https:\/\/jumeaux91.fr\/blog\/camp-de-venissieux-never-again\/"},"modified":"2024-09-26T06:36:00","modified_gmt":"2024-09-26T04:36:00","slug":"camp-de-venissieux-never-again","status":"publish","type":"post","link":"https:\/\/jumeaux91.fr\/blog\/camp-de-venissieux-never-again\/","title":{"rendered":"Camp de V\u00e9nissieux : \u00ab Never again"},"content":{"rendered":"<div id=\"attachment_72279\" class=\"wp-caption alignnone\"><img decoding=\"async\" aria-describedby=\"caption-attachment-72279\" alt width=\"940\" height=\"628\" data-sizes=\"(max-width: 940px) 100vw, 940px\" class=\"wp-image-72279 size-medium lazyload\" src=\"https:\/\/jumeaux91.fr\/blog\/wp-content\/uploads\/2024\/09\/camp-de-venissieux-never-again.jpg\"><img decoding=\"async\" aria-describedby=\"caption-attachment-72279\" class=\"wp-image-72279 size-medium\" src=\"https:\/\/jumeaux91.fr\/blog\/wp-content\/uploads\/2024\/09\/camp-de-venissieux-never-again.jpg\" alt width=\"940\" height=\"628\"><\/p>\n<p id=\"caption-attachment-72279\" class=\"wp-caption-text\">Val\u00e9rie Perthuis-Portheret et Mich\u00e8le Picard entour\u00e9es des deux fr\u00e8res am\u00e9ricains (Photo JCL)<\/p>\n<\/div>\n<p>Ce 22 septembre, deux fr\u00e8res jumeaux am\u00e9ricains sont venus avec leurs enfants et petits-enfants se recueillir devant la plaque marquant l\u2019emplacement du camp, au 25-27, avenue de la R\u00e9publique, o\u00f9 fut intern\u00e9 en 1942 un millier de Juifs, dont plusieurs membres de leur famille. Ils \u00e9taient accompagn\u00e9s par l\u2019historienne Val\u00e9rie Perthuis-Portheret et par le maire de V\u00e9nissieux, Mich\u00e8le Picard.<\/p>\n<p>Vivant aujourd\u2019hui dans la r\u00e9gion de New York et \u00e2g\u00e9s de 89 ans, Henry et Bernard Schanzer sont originaires de Li\u00e8ge, en Belgique. Avec leurs parents, ils se sont r\u00e9fugi\u00e9s \u00e0 Saint-\u00c9tienne en 1940, fuyant l\u2019avanc\u00e9e nazie. Suite \u00e0 la grande rafle du 26 ao\u00fbt 1942, leur p\u00e8re Bruno et leur oncle, tante et cousin sont envoy\u00e9s \u00e0 V\u00e9nissieux tandis que les jumeaux, leur m\u00e8re et leur s\u0153ur parviennent \u00e0 s\u2019\u00e9chapper. Les jumeaux arrivent dans la Haute-Loire, la m\u00e8re et la s\u0153ur au ch\u00e2teau de Virieu, en Is\u00e8re, deux lieux o\u00f9 la famille am\u00e9ricaine s\u2019est \u00e9galement rendue quelques jours auparavant. De ceux qui \u00e9taient \u00e0 V\u00e9nissieux, seul le cousin fut sauv\u00e9, parmi les 108 enfants que les r\u00e9sistants parvinrent \u00e0 exfiltrer.<\/p>\n<p><img decoding=\"async\" alt width=\"940\" height=\"628\" data-sizes=\"(max-width: 940px) 100vw, 940px\" class=\"alignnone size-medium wp-image-72280 lazyload\" src=\"https:\/\/jumeaux91.fr\/blog\/wp-content\/uploads\/2024\/09\/camp-de-venissieux-never-again-1.jpg\"><\/p>\n<p><img decoding=\"async\" class=\"alignnone size-medium wp-image-72280\" src=\"https:\/\/jumeaux91.fr\/blog\/wp-content\/uploads\/2024\/09\/camp-de-venissieux-never-again-1.jpg\" alt width=\"940\" height=\"628\"><\/p>\n<p>S\u2019adressant \u00e0 Val\u00e9rie Perthuis-Portheret, qui a publi\u00e9 en 2020, chez XO \u00c9ditions, un livre tr\u00e8s document\u00e9 et \u00e9mouvant, <em>Vous n\u2019aurez pas les enfants<\/em>, les jumeaux affirm\u00e8rent qu\u2019il <em>\u00ab&nbsp;devrait \u00eatre lu dans toutes les \u00e9coles, pour expliquer comment des enfants ont \u00e9t\u00e9 sortis du camp et sauv\u00e9s&nbsp;\u00bb<\/em>. Tr\u00e8s \u00e9mu, l\u2019un d\u2019eux lance : <em>\u00ab&nbsp;Never again !&nbsp;\u00bb<\/em><\/p>\n<p>Et quand Mich\u00e8le Picard remarque que <em>\u00ab tous ces gens qui ont aid\u00e9 les Juifs ont rendu son honneur \u00e0 la France \u00bb<\/em>, les larmes aux yeux, Henry et Bernard l\u2019embrassent.<\/p>\n<p><strong><em>Vous n\u2019aurez pas les enfants<\/em> de Val\u00e9rie Perthuis-Portheret, XO \u00c9ditions, 2020, 18,90 euros. Version poche : 8,60 euros (Pocket).<\/strong><\/p>\n<p> La chronique se veut g\u00e9n\u00e9r\u00e9e de la fa\u00e7on la plus claire que possible. Dans le cas o\u00f9 vous souhaitez pr\u00e9senter des renseignements compl\u00e9mentaires \u00e0 cet article sur le sujet \u00ab\u00a0Fr\u00e8res jumeaux de l&rsquo;Essonnes\u00a0\u00bb il vous est possible d\u2019\u00e9crire aux contacts indiqu\u00e9s sur notre website. La raison d\u2019\u00eatre de jumeaux91.fr \u00e9tant de rassembler sur le web des posts sur le sujet de Fr\u00e8res jumeaux de l&rsquo;Essonnes puis les diffuser en r\u00e9pondant au mieux aux interrogations des gens. Vous pouvez tirer profit de cet article traitant le sujet \u00ab\u00a0Fr\u00e8res jumeaux de l&rsquo;Essonnes\u00a0\u00bb. Il est concoct\u00e9 par l\u2019\u00e9quipe jumeaux91.fr. Prochainement, nous rendrons accessibles au public d&rsquo;autres informations pertinentes sur le sujet \u00ab\u00a0Fr\u00e8res jumeaux de l&rsquo;Essonnes\u00a0\u00bb. Alors, consultez syst\u00e9matiquement notre blog.<\/p>\n","protected":false},"excerpt":{"rendered":"<p>Val\u00e9rie Perthuis-Portheret et Mich\u00e8le Picard entour\u00e9es des deux fr\u00e8res am\u00e9ricains (Photo JCL) Ce 22 septembre, deux fr\u00e8res jumeaux am\u00e9ricains sont venus avec leurs enfants et petits-enfants se recueillir devant la plaque marquant l\u2019emplacement du camp, au 25-27, avenue de la R\u00e9publique, o\u00f9 fut intern\u00e9 en 1942 un millier de Juifs, dont plusieurs membres de leur&hellip; <a class=\"more-link\" href=\"https:\/\/jumeaux91.fr\/blog\/camp-de-venissieux-never-again\/\">Poursuivre la lecture <span class=\"screen-reader-text\">Camp de V\u00e9nissieux : \u00ab Never again<\/span><\/a><\/p>\n","protected":false},"author":2,"featured_media":769,"comment_status":"closed","ping_status":"closed","sticky":false,"template":"","format":"standard","meta":{"footnotes":""},"categories":[4],"tags":[],"class_list":["post-768","post","type-post","status-publish","format-standard","has-post-thumbnail","hentry","category-posts-freres-jumeaux-de-lessonnes","entry"],"yoast_head":"<!-- This site is optimized with the Yoast SEO plugin v27.5 - https:\/\/yoast.com\/product\/yoast-seo-wordpress\/ -->\n<title>Camp de V\u00e9nissieux : \u00ab Never again - JUMEAUX91<\/title>\n<meta name=\"robots\" content=\"index, follow, max-snippet:-1, max-image-preview:large, max-video-preview:-1\" \/>\n<link rel=\"canonical\" href=\"https:\/\/jumeaux91.fr\/blog\/camp-de-venissieux-never-again\/\" \/>\n<meta property=\"og:locale\" content=\"fr_FR\" \/>\n<meta property=\"og:type\" content=\"article\" \/>\n<meta property=\"og:title\" content=\"Camp de V\u00e9nissieux : \u00ab Never again - JUMEAUX91\" \/>\n<meta property=\"og:description\" content=\"Val\u00e9rie Perthuis-Portheret et Mich\u00e8le Picard entour\u00e9es des deux fr\u00e8res am\u00e9ricains (Photo JCL) Ce 22 septembre, deux fr\u00e8res jumeaux am\u00e9ricains sont venus avec leurs enfants et petits-enfants se recueillir devant la plaque marquant l\u2019emplacement du camp, au 25-27, avenue de la R\u00e9publique, o\u00f9 fut intern\u00e9 en 1942 un millier de Juifs, dont plusieurs membres de leur&hellip; Poursuivre la lecture Camp de V\u00e9nissieux : \u00ab Never again\" \/>\n<meta property=\"og:url\" content=\"https:\/\/jumeaux91.fr\/blog\/camp-de-venissieux-never-again\/\" \/>\n<meta property=\"og:site_name\" content=\"JUMEAUX91\" \/>\n<meta property=\"article:published_time\" content=\"2024-09-26T04:36:00+00:00\" \/>\n<meta property=\"og:image\" content=\"https:\/\/jumeaux91.fr\/blog\/wp-content\/uploads\/2024\/09\/camp-de-venissieux-never-again.jpg\" \/>\n<meta name=\"author\" content=\"Claude DAYRES\" \/>\n<meta name=\"twitter:card\" content=\"summary_large_image\" \/>\n<meta name=\"twitter:label1\" content=\"\u00c9crit par\" \/>\n\t<meta name=\"twitter:data1\" content=\"Claude DAYRES\" \/>\n\t<meta name=\"twitter:label2\" content=\"Dur\u00e9e de lecture estim\u00e9e\" \/>\n\t<meta name=\"twitter:data2\" content=\"2 minutes\" \/>\n<script type=\"application\/ld+json\" class=\"yoast-schema-graph\">{\"@context\":\"https:\\\/\\\/schema.org\",\"@graph\":[{\"@type\":\"Article\",\"@id\":\"https:\\\/\\\/jumeaux91.fr\\\/blog\\\/camp-de-venissieux-never-again\\\/#article\",\"isPartOf\":{\"@id\":\"https:\\\/\\\/jumeaux91.fr\\\/blog\\\/camp-de-venissieux-never-again\\\/\"},\"author\":{\"name\":\"Claude DAYRES\",\"@id\":\"https:\\\/\\\/jumeaux91.fr\\\/blog\\\/#\\\/schema\\\/person\\\/21da06e9f119b9f64e5d45dbbd32d3fb\"},\"headline\":\"Camp de V\u00e9nissieux : \u00ab Never again\",\"datePublished\":\"2024-09-26T04:36:00+00:00\",\"mainEntityOfPage\":{\"@id\":\"https:\\\/\\\/jumeaux91.fr\\\/blog\\\/camp-de-venissieux-never-again\\\/\"},\"wordCount\":474,\"publisher\":{\"@id\":\"https:\\\/\\\/jumeaux91.fr\\\/blog\\\/#organization\"},\"image\":{\"@id\":\"https:\\\/\\\/jumeaux91.fr\\\/blog\\\/camp-de-venissieux-never-again\\\/#primaryimage\"},\"thumbnailUrl\":\"https:\\\/\\\/jumeaux91.fr\\\/blog\\\/wp-content\\\/uploads\\\/2024\\\/09\\\/camp-de-venissieux-never-again.jpg\",\"articleSection\":[\"Posts Fr\u00e8res Jumeaux De L'Essonnes:\"],\"inLanguage\":\"fr-FR\"},{\"@type\":\"WebPage\",\"@id\":\"https:\\\/\\\/jumeaux91.fr\\\/blog\\\/camp-de-venissieux-never-again\\\/\",\"url\":\"https:\\\/\\\/jumeaux91.fr\\\/blog\\\/camp-de-venissieux-never-again\\\/\",\"name\":\"Camp de V\u00e9nissieux : \u00ab Never again - JUMEAUX91\",\"isPartOf\":{\"@id\":\"https:\\\/\\\/jumeaux91.fr\\\/blog\\\/#website\"},\"primaryImageOfPage\":{\"@id\":\"https:\\\/\\\/jumeaux91.fr\\\/blog\\\/camp-de-venissieux-never-again\\\/#primaryimage\"},\"image\":{\"@id\":\"https:\\\/\\\/jumeaux91.fr\\\/blog\\\/camp-de-venissieux-never-again\\\/#primaryimage\"},\"thumbnailUrl\":\"https:\\\/\\\/jumeaux91.fr\\\/blog\\\/wp-content\\\/uploads\\\/2024\\\/09\\\/camp-de-venissieux-never-again.jpg\",\"datePublished\":\"2024-09-26T04:36:00+00:00\",\"breadcrumb\":{\"@id\":\"https:\\\/\\\/jumeaux91.fr\\\/blog\\\/camp-de-venissieux-never-again\\\/#breadcrumb\"},\"inLanguage\":\"fr-FR\",\"potentialAction\":[{\"@type\":\"ReadAction\",\"target\":[\"https:\\\/\\\/jumeaux91.fr\\\/blog\\\/camp-de-venissieux-never-again\\\/\"]}]},{\"@type\":\"ImageObject\",\"inLanguage\":\"fr-FR\",\"@id\":\"https:\\\/\\\/jumeaux91.fr\\\/blog\\\/camp-de-venissieux-never-again\\\/#primaryimage\",\"url\":\"https:\\\/\\\/jumeaux91.fr\\\/blog\\\/wp-content\\\/uploads\\\/2024\\\/09\\\/camp-de-venissieux-never-again.jpg\",\"contentUrl\":\"https:\\\/\\\/jumeaux91.fr\\\/blog\\\/wp-content\\\/uploads\\\/2024\\\/09\\\/camp-de-venissieux-never-again.jpg\",\"width\":940,\"height\":628,\"caption\":\"Camp de V\u00e9nissieux : \u00ab Never again\"},{\"@type\":\"BreadcrumbList\",\"@id\":\"https:\\\/\\\/jumeaux91.fr\\\/blog\\\/camp-de-venissieux-never-again\\\/#breadcrumb\",\"itemListElement\":[{\"@type\":\"ListItem\",\"position\":1,\"name\":\"Accueil\",\"item\":\"https:\\\/\\\/jumeaux91.fr\\\/blog\\\/\"},{\"@type\":\"ListItem\",\"position\":2,\"name\":\"Camp de V\u00e9nissieux : \u00ab Never again\"}]},{\"@type\":\"WebSite\",\"@id\":\"https:\\\/\\\/jumeaux91.fr\\\/blog\\\/#website\",\"url\":\"https:\\\/\\\/jumeaux91.fr\\\/blog\\\/\",\"name\":\"JUMEAUX91\",\"description\":\"Fr\u00e8res jumeaux de l&#039;Essonnes; informations et archives, \u00e0 savoir et retenir.\",\"publisher\":{\"@id\":\"https:\\\/\\\/jumeaux91.fr\\\/blog\\\/#organization\"},\"potentialAction\":[{\"@type\":\"SearchAction\",\"target\":{\"@type\":\"EntryPoint\",\"urlTemplate\":\"https:\\\/\\\/jumeaux91.fr\\\/blog\\\/?s={search_term_string}\"},\"query-input\":{\"@type\":\"PropertyValueSpecification\",\"valueRequired\":true,\"valueName\":\"search_term_string\"}}],\"inLanguage\":\"fr-FR\"},{\"@type\":\"Organization\",\"@id\":\"https:\\\/\\\/jumeaux91.fr\\\/blog\\\/#organization\",\"name\":\"jumeaux91\",\"url\":\"https:\\\/\\\/jumeaux91.fr\\\/blog\\\/\",\"logo\":{\"@type\":\"ImageObject\",\"inLanguage\":\"fr-FR\",\"@id\":\"https:\\\/\\\/jumeaux91.fr\\\/blog\\\/#\\\/schema\\\/logo\\\/image\\\/\",\"url\":\"https:\\\/\\\/jumeaux91.fr\\\/blog\\\/wp-content\\\/uploads\\\/2023\\\/05\\\/cropped-cropped-logoJ_91.png\",\"contentUrl\":\"https:\\\/\\\/jumeaux91.fr\\\/blog\\\/wp-content\\\/uploads\\\/2023\\\/05\\\/cropped-cropped-logoJ_91.png\",\"width\":512,\"height\":512,\"caption\":\"jumeaux91\"},\"image\":{\"@id\":\"https:\\\/\\\/jumeaux91.fr\\\/blog\\\/#\\\/schema\\\/logo\\\/image\\\/\"}},{\"@type\":\"Person\",\"@id\":\"https:\\\/\\\/jumeaux91.fr\\\/blog\\\/#\\\/schema\\\/person\\\/21da06e9f119b9f64e5d45dbbd32d3fb\",\"name\":\"Claude DAYRES\",\"image\":{\"@type\":\"ImageObject\",\"inLanguage\":\"fr-FR\",\"@id\":\"https:\\\/\\\/secure.gravatar.com\\\/avatar\\\/82eb951df6110a2c48d1bfa7a67d1ee6f0cd5df3cbf9c3586dd61e82db7172a5?s=96&d=mm&r=g\",\"url\":\"https:\\\/\\\/secure.gravatar.com\\\/avatar\\\/82eb951df6110a2c48d1bfa7a67d1ee6f0cd5df3cbf9c3586dd61e82db7172a5?s=96&d=mm&r=g\",\"contentUrl\":\"https:\\\/\\\/secure.gravatar.com\\\/avatar\\\/82eb951df6110a2c48d1bfa7a67d1ee6f0cd5df3cbf9c3586dd61e82db7172a5?s=96&d=mm&r=g\",\"caption\":\"Claude DAYRES\"},\"url\":\"https:\\\/\\\/jumeaux91.fr\\\/blog\\\/author\\\/x91claude\\\/\"}]}<\/script>\n<!-- \/ Yoast SEO plugin. -->","yoast_head_json":{"title":"Camp de V\u00e9nissieux : \u00ab Never again - JUMEAUX91","robots":{"index":"index","follow":"follow","max-snippet":"max-snippet:-1","max-image-preview":"max-image-preview:large","max-video-preview":"max-video-preview:-1"},"canonical":"https:\/\/jumeaux91.fr\/blog\/camp-de-venissieux-never-again\/","og_locale":"fr_FR","og_type":"article","og_title":"Camp de V\u00e9nissieux : \u00ab Never again - JUMEAUX91","og_description":"Val\u00e9rie Perthuis-Portheret et Mich\u00e8le Picard entour\u00e9es des deux fr\u00e8res am\u00e9ricains (Photo JCL) Ce 22 septembre, deux fr\u00e8res jumeaux am\u00e9ricains sont venus avec leurs enfants et petits-enfants se recueillir devant la plaque marquant l\u2019emplacement du camp, au 25-27, avenue de la R\u00e9publique, o\u00f9 fut intern\u00e9 en 1942 un millier de Juifs, dont plusieurs membres de leur&hellip; Poursuivre la lecture Camp de V\u00e9nissieux : \u00ab Never again","og_url":"https:\/\/jumeaux91.fr\/blog\/camp-de-venissieux-never-again\/","og_site_name":"JUMEAUX91","article_published_time":"2024-09-26T04:36:00+00:00","og_image":[{"url":"https:\/\/jumeaux91.fr\/blog\/wp-content\/uploads\/2024\/09\/camp-de-venissieux-never-again.jpg","type":"","width":"","height":""}],"author":"Claude DAYRES","twitter_card":"summary_large_image","twitter_misc":{"\u00c9crit par":"Claude DAYRES","Dur\u00e9e de lecture estim\u00e9e":"2 minutes"},"schema":{"@context":"https:\/\/schema.org","@graph":[{"@type":"Article","@id":"https:\/\/jumeaux91.fr\/blog\/camp-de-venissieux-never-again\/#article","isPartOf":{"@id":"https:\/\/jumeaux91.fr\/blog\/camp-de-venissieux-never-again\/"},"author":{"name":"Claude DAYRES","@id":"https:\/\/jumeaux91.fr\/blog\/#\/schema\/person\/21da06e9f119b9f64e5d45dbbd32d3fb"},"headline":"Camp de V\u00e9nissieux : \u00ab Never again","datePublished":"2024-09-26T04:36:00+00:00","mainEntityOfPage":{"@id":"https:\/\/jumeaux91.fr\/blog\/camp-de-venissieux-never-again\/"},"wordCount":474,"publisher":{"@id":"https:\/\/jumeaux91.fr\/blog\/#organization"},"image":{"@id":"https:\/\/jumeaux91.fr\/blog\/camp-de-venissieux-never-again\/#primaryimage"},"thumbnailUrl":"https:\/\/jumeaux91.fr\/blog\/wp-content\/uploads\/2024\/09\/camp-de-venissieux-never-again.jpg","articleSection":["Posts Fr\u00e8res Jumeaux De L'Essonnes:"],"inLanguage":"fr-FR"},{"@type":"WebPage","@id":"https:\/\/jumeaux91.fr\/blog\/camp-de-venissieux-never-again\/","url":"https:\/\/jumeaux91.fr\/blog\/camp-de-venissieux-never-again\/","name":"Camp de V\u00e9nissieux : \u00ab Never again - JUMEAUX91","isPartOf":{"@id":"https:\/\/jumeaux91.fr\/blog\/#website"},"primaryImageOfPage":{"@id":"https:\/\/jumeaux91.fr\/blog\/camp-de-venissieux-never-again\/#primaryimage"},"image":{"@id":"https:\/\/jumeaux91.fr\/blog\/camp-de-venissieux-never-again\/#primaryimage"},"thumbnailUrl":"https:\/\/jumeaux91.fr\/blog\/wp-content\/uploads\/2024\/09\/camp-de-venissieux-never-again.jpg","datePublished":"2024-09-26T04:36:00+00:00","breadcrumb":{"@id":"https:\/\/jumeaux91.fr\/blog\/camp-de-venissieux-never-again\/#breadcrumb"},"inLanguage":"fr-FR","potentialAction":[{"@type":"ReadAction","target":["https:\/\/jumeaux91.fr\/blog\/camp-de-venissieux-never-again\/"]}]},{"@type":"ImageObject","inLanguage":"fr-FR","@id":"https:\/\/jumeaux91.fr\/blog\/camp-de-venissieux-never-again\/#primaryimage","url":"https:\/\/jumeaux91.fr\/blog\/wp-content\/uploads\/2024\/09\/camp-de-venissieux-never-again.jpg","contentUrl":"https:\/\/jumeaux91.fr\/blog\/wp-content\/uploads\/2024\/09\/camp-de-venissieux-never-again.jpg","width":940,"height":628,"caption":"Camp de V\u00e9nissieux : \u00ab Never again"},{"@type":"BreadcrumbList","@id":"https:\/\/jumeaux91.fr\/blog\/camp-de-venissieux-never-again\/#breadcrumb","itemListElement":[{"@type":"ListItem","position":1,"name":"Accueil","item":"https:\/\/jumeaux91.fr\/blog\/"},{"@type":"ListItem","position":2,"name":"Camp de V\u00e9nissieux : \u00ab Never again"}]},{"@type":"WebSite","@id":"https:\/\/jumeaux91.fr\/blog\/#website","url":"https:\/\/jumeaux91.fr\/blog\/","name":"JUMEAUX91","description":"Fr\u00e8res jumeaux de l&#039;Essonnes; informations et archives, \u00e0 savoir et retenir.","publisher":{"@id":"https:\/\/jumeaux91.fr\/blog\/#organization"},"potentialAction":[{"@type":"SearchAction","target":{"@type":"EntryPoint","urlTemplate":"https:\/\/jumeaux91.fr\/blog\/?s={search_term_string}"},"query-input":{"@type":"PropertyValueSpecification","valueRequired":true,"valueName":"search_term_string"}}],"inLanguage":"fr-FR"},{"@type":"Organization","@id":"https:\/\/jumeaux91.fr\/blog\/#organization","name":"jumeaux91","url":"https:\/\/jumeaux91.fr\/blog\/","logo":{"@type":"ImageObject","inLanguage":"fr-FR","@id":"https:\/\/jumeaux91.fr\/blog\/#\/schema\/logo\/image\/","url":"https:\/\/jumeaux91.fr\/blog\/wp-content\/uploads\/2023\/05\/cropped-cropped-logoJ_91.png","contentUrl":"https:\/\/jumeaux91.fr\/blog\/wp-content\/uploads\/2023\/05\/cropped-cropped-logoJ_91.png","width":512,"height":512,"caption":"jumeaux91"},"image":{"@id":"https:\/\/jumeaux91.fr\/blog\/#\/schema\/logo\/image\/"}},{"@type":"Person","@id":"https:\/\/jumeaux91.fr\/blog\/#\/schema\/person\/21da06e9f119b9f64e5d45dbbd32d3fb","name":"Claude DAYRES","image":{"@type":"ImageObject","inLanguage":"fr-FR","@id":"https:\/\/secure.gravatar.com\/avatar\/82eb951df6110a2c48d1bfa7a67d1ee6f0cd5df3cbf9c3586dd61e82db7172a5?s=96&d=mm&r=g","url":"https:\/\/secure.gravatar.com\/avatar\/82eb951df6110a2c48d1bfa7a67d1ee6f0cd5df3cbf9c3586dd61e82db7172a5?s=96&d=mm&r=g","contentUrl":"https:\/\/secure.gravatar.com\/avatar\/82eb951df6110a2c48d1bfa7a67d1ee6f0cd5df3cbf9c3586dd61e82db7172a5?s=96&d=mm&r=g","caption":"Claude DAYRES"},"url":"https:\/\/jumeaux91.fr\/blog\/author\/x91claude\/"}]}},"_links":{"self":[{"href":"https:\/\/jumeaux91.fr\/blog\/wp-json\/wp\/v2\/posts\/768","targetHints":{"allow":["GET"]}}],"collection":[{"href":"https:\/\/jumeaux91.fr\/blog\/wp-json\/wp\/v2\/posts"}],"about":[{"href":"https:\/\/jumeaux91.fr\/blog\/wp-json\/wp\/v2\/types\/post"}],"author":[{"embeddable":true,"href":"https:\/\/jumeaux91.fr\/blog\/wp-json\/wp\/v2\/users\/2"}],"replies":[{"embeddable":true,"href":"https:\/\/jumeaux91.fr\/blog\/wp-json\/wp\/v2\/comments?post=768"}],"version-history":[{"count":0,"href":"https:\/\/jumeaux91.fr\/blog\/wp-json\/wp\/v2\/posts\/768\/revisions"}],"wp:featuredmedia":[{"embeddable":true,"href":"https:\/\/jumeaux91.fr\/blog\/wp-json\/wp\/v2\/media\/769"}],"wp:attachment":[{"href":"https:\/\/jumeaux91.fr\/blog\/wp-json\/wp\/v2\/media?parent=768"}],"wp:term":[{"taxonomy":"category","embeddable":true,"href":"https:\/\/jumeaux91.fr\/blog\/wp-json\/wp\/v2\/categories?post=768"},{"taxonomy":"post_tag","embeddable":true,"href":"https:\/\/jumeaux91.fr\/blog\/wp-json\/wp\/v2\/tags?post=768"}],"curies":[{"name":"wp","href":"https:\/\/api.w.org\/{rel}","templated":true}]}}