{"id":772,"date":"2024-09-26T04:36:00","date_gmt":"2024-09-26T02:36:00","guid":{"rendered":"https:\/\/jumeaux91.fr\/blog\/blague-du-jour-lhistoire-des-jumeaux-robert-et-richard\/"},"modified":"2024-09-26T04:36:00","modified_gmt":"2024-09-26T02:36:00","slug":"blague-du-jour-lhistoire-des-jumeaux-robert-et-richard","status":"publish","type":"post","link":"https:\/\/jumeaux91.fr\/blog\/blague-du-jour-lhistoire-des-jumeaux-robert-et-richard\/","title":{"rendered":"Blague du jour : L\u2019histoire des jumeaux Robert et Richard"},"content":{"rendered":"<ol class=\"col-12 d-flex justify-content-start align-items-start mb-2 p-0 tdn-breadcrumb\">\n<li class=\"mr-1 d-flex align-items-center\">\n<a class=\"text-grey d-flex align-items-center\" href=\"https:\/\/www.letribunaldunet.fr\" target=\"_blank\" rel=\"nofollow\"><br \/>\n<img decoding=\"async\" src=\"https:\/\/www.letribunaldunet.fr\/wp-content\/themes\/letribunaldunet\/img\/icon-home-grey.svg\" alt width=\"24\" height=\"24\"><br \/>\n<span class=\"mx-1\">TDN<\/span> <span class=\"ml-1\">&gt;<\/span><br \/>\n<\/a><\/p>\n<\/li>\n<li class=\"mr-1 d-flex align-items-center\">\n<a class=\"text-grey d-flex align-items-center\" href=\"https:\/\/www.letribunaldunet.fr\/blagues\" target=\"_blank\" rel=\"nofollow\"><br \/>\n<span class=\"mx-1\">Blagues<\/span><br \/>\n<\/a><\/p>\n<\/li>\n<\/ol>\n<div class=\"row\">\n<div class=\"col-3 p-0\">\n<a id=\"facebookShare\" class=\"d-flex justify-content-center align-items-center p-2 my-1 mr-1\" href=\"https:\/\/www.facebook.com\/sharer\/sharer.php?u=https:\/\/www.letribunaldunet.fr\/blagues\/blague-jumeaux.html\" target=\"_blank\" rel=\"nofollow noopener\"><img decoding=\"async\" src=\"https:\/\/www.letribunaldunet.fr\/wp-content\/themes\/letribunaldunet\/img\/icone-facebook.svg\" width=\"24\" height=\"24\" alt=\"Partagez ce contenu sur Facebook\"><\/a>\n<\/div>\n<div class=\"col-3 p-0\">\n<a id=\"whatsappShare\" class=\"d-flex justify-content-center align-items-center p-2 m-1\" href=\"https:\/\/api.whatsapp.com\/send?text=https:\/\/www.letribunaldunet.fr\/blagues\/blague-jumeaux.html\" target=\"_blank\" rel=\"nofollow noopener\"><img decoding=\"async\" src=\"https:\/\/www.letribunaldunet.fr\/wp-content\/themes\/letribunaldunet\/img\/icone-whatsapp.svg\" width=\"24\" height=\"24\" alt=\"Partagez ce contenu sur Whatsapp\"><\/a>\n<\/div>\n<div class=\"col-3 p-0\">\n<a id=\"twitterShare\" class=\"d-flex justify-content-center align-items-center p-2 m-1\" href=\"https:\/\/twitter.com\/share?url=https:\/\/www.letribunaldunet.fr\/blagues\/blague-jumeaux.html\" target=\"_blank\" rel=\"nofollow noopener\"><img decoding=\"async\" src=\"https:\/\/www.letribunaldunet.fr\/wp-content\/themes\/letribunaldunet\/img\/icone-twitter.svg\" width=\"24\" height=\"24\" alt=\"Partagez ce contenu sur Twitter\"><\/a>\n<\/div>\n<div class=\"col-3 p-0\">\n<a id=\"mailShare\" class=\"d-flex justify-content-center align-items-center p-2 my-1 ml-1\" href=\"mailto:?subject=Blague%20du%20jour%20:%20L\u2019histoire%20des%20jumeaux%20Robert%20et%20Richard&amp;body=https:\/\/www.letribunaldunet.fr\/blagues\/blague-jumeaux.html\" target=\"_blank\" rel=\"nofollow noopener\"><img decoding=\"async\" src=\"https:\/\/www.letribunaldunet.fr\/wp-content\/themes\/letribunaldunet\/img\/icone-mail.svg\" width=\"24\" height=\"24\" alt=\"Partagez ce contenu par mail\"><\/a>\n<\/div>\n<div id=\"navigatorShareTDNWrapper\" class=\"col-12 p-0\">\n<div id=\"navigatorShareTDN\" class=\"d-flex justify-content-center align-items-center p-2 my-1\" data-share-title=\"Blague du jour : L\u2019histoire des jumeaux Robert et Richard\" data-share-text=\"Chaque jour,&nbsp;le Tribunal du Net&nbsp;vous raconte&nbsp;une blague&nbsp;qui vous fera rire \u00e0 coup s\u00fbr. Si elle vous pla\u00eet,&nbsp;partagez-la&amp;nbs[...]\" data-share-link=\"https:\/\/www.letribunaldunet.fr\/blagues\/blague-jumeaux.html\">\n<p>Partagez cet article\n<\/p><\/div>\n<\/div>\n<\/div>\n<p>Chaque jour,&nbsp;<strong>le Tribunal du Net<\/strong>&nbsp;vous raconte&nbsp;<a href=\"https:\/\/www.letribunaldunet.fr\/blagues\/blague-couple-premiere-fois-2.html\" target=\"_blank\" rel=\"nofollow\">une blague<\/a>&nbsp;qui vous fera rire \u00e0 coup s\u00fbr. Si elle vous pla\u00eet,&nbsp;<strong>partagez-la<\/strong>&nbsp;\u00e0 vos amis et \u00e0 votre famille !<\/p>\n<div class=\"code-block code-block-4\">\n<p>La suite apr\u00e8s cette publicit\u00e9<\/p>\n<\/div>\n<div class=\"wp-block-image\">\n<div class=\"code-block code-block-3\">\n<p>La suite apr\u00e8s cette vid\u00e9o<\/p>\n<\/p><\/div>\n<figure class=\"aligncenter size-full\"><img decoding=\"async\" width=\"762\" height=\"508\" src=\"https:\/\/jumeaux91.fr\/blog\/wp-content\/uploads\/2024\/09\/blague-du-jour-lhistoire-des-jumeaux-robert-et-richard.jpg\" alt class=\"wp-image-977074\"><\/figure>\n<\/div>\n<p id=\"tdn-article-card-link-block_a2a45ef085beee8773d2d0a1fd3c8da2\" class=\"tdn-article-card-link row\">\n<a class=\"d-flex align-items-center\" href=\"https:\/\/www.letribunaldunet.fr\/blagues\/blague-football-nains.html?utm_source=recirculation&amp;utm_medium=referral\" target=\"_blank\" rel=\"nofollow\"><br \/>\n<img decoding=\"async\" width=\"396\" height=\"269\" src=\"https:\/\/jumeaux91.fr\/blog\/wp-content\/uploads\/2024\/09\/blague-du-jour-lhistoire-des-jumeaux-robert-et-richard.png\" class=\"attachment-medium size-medium wp-post-image\" alt> <span class=\"d-flex flex-column ml-3 p-2\"><br \/>\n<span class=\"tdn-article-card-link-wording\"><\/span><br \/>\n<span class=\"tdn-article-card-link-title mobile\">Blague du jour : C\u2019est l\u2019histoire d\u2019une \u00e9quipe de football de nains [\u2026]<\/span><br \/>\n<span class=\"tdn-article-card-link-title desktop\">Blague du jour : C\u2019est l\u2019histoire d\u2019une \u00e9quipe de football de nains<\/span><br \/>\n<\/span><br \/>\n<\/a>\n<\/p>\n<p>C\u2019est l\u2019histoire de deux jumeaux, Robert et Richard. Robert \u00e9tait propri\u00e9taire d\u2019une vieille barque. Par pure co\u00efncidence, la femme de Richard est morte la m\u00eame journ\u00e9e que la barque de Robert coula. Quelques jours plus tard, une veille dame voit Robert et le m\u00e9prend pour son fr\u00e8re Richard et la conversation s\u2019engage&nbsp;:<br \/>\u2013 Je suis terriblement d\u00e9sol\u00e9, j\u2019ai entendu parler de votre perte.<\/p>\n<div class=\"code-block code-block-4\">\n<p>La suite apr\u00e8s cette publicit\u00e9<\/p>\n<\/div>\n<p>Robert pense que la veille dame parle de sa barque et dit :<br \/>\u2013 Elle \u00e9tait une veille chose pourrie d\u00e9j\u00e0 en partant. Puis, elle avait le bas tout ratatin\u00e9 et elle sentait le poisson mort. Elle perdait constamment son eau et elle avait aussi un gros trou en avant. Toutes les fois que je l\u2019utilisais, son trou devenait de plus en plus grand et elle mouillait comme c\u2019est pas possible. Je crois que ce qui l\u2019a achev\u00e9, c\u2019est quand je l\u2019ai lou\u00e9 \u00e0 ces quatre gars qui cherchaient quelque chose pour s\u2019amuser. Je les avais avertis qu\u2019elle n\u2019\u00e9tait pas tr\u00e8s bonne, mais ils voulaient s\u2019en servir quand m\u00eame. Les cr\u00e9tins ont essay\u00e9 d\u2019y monter tous en m\u00eame temps et elle a fendu en plein milieu.<\/p>\n<p>La veille femme perdit alors connaissance\u2026<\/p>\n<div class=\"code-block code-block-4\">\n<p>La suite apr\u00e8s cette publicit\u00e9<\/p>\n<\/div>\n<p> La chronique se veut g\u00e9n\u00e9r\u00e9e de la fa\u00e7on la plus claire que possible. Dans le cas o\u00f9 vous souhaitez pr\u00e9senter des renseignements compl\u00e9mentaires \u00e0 cet article sur le sujet \u00ab\u00a0Fr\u00e8res jumeaux de l&rsquo;Essonnes\u00a0\u00bb il vous est possible d\u2019\u00e9crire aux contacts indiqu\u00e9s sur notre website. La raison d\u2019\u00eatre de jumeaux91.fr \u00e9tant de rassembler sur le web des posts sur le sujet de Fr\u00e8res jumeaux de l&rsquo;Essonnes puis les diffuser en r\u00e9pondant au mieux aux interrogations des gens. Vous pouvez tirer profit de cet article traitant le sujet \u00ab\u00a0Fr\u00e8res jumeaux de l&rsquo;Essonnes\u00a0\u00bb. Il est concoct\u00e9 par l\u2019\u00e9quipe jumeaux91.fr. Prochainement, nous rendrons accessibles au public d&rsquo;autres informations pertinentes sur le sujet \u00ab\u00a0Fr\u00e8res jumeaux de l&rsquo;Essonnes\u00a0\u00bb. Alors, consultez syst\u00e9matiquement notre blog.<\/p>\n","protected":false},"excerpt":{"rendered":"<p>TDN &gt; Blagues Partagez cet article Chaque jour,&nbsp;le Tribunal du Net&nbsp;vous raconte&nbsp;une blague&nbsp;qui vous fera rire \u00e0 coup s\u00fbr. Si elle vous pla\u00eet,&nbsp;partagez-la&nbsp;\u00e0 vos amis et \u00e0 votre famille ! La suite apr\u00e8s cette publicit\u00e9 La suite apr\u00e8s cette vid\u00e9o Blague du jour : C\u2019est l\u2019histoire d\u2019une \u00e9quipe de football de nains [\u2026] Blague du&hellip; <a class=\"more-link\" href=\"https:\/\/jumeaux91.fr\/blog\/blague-du-jour-lhistoire-des-jumeaux-robert-et-richard\/\">Poursuivre la lecture <span class=\"screen-reader-text\">Blague du jour : L\u2019histoire des jumeaux Robert et Richard<\/span><\/a><\/p>\n","protected":false},"author":2,"featured_media":0,"comment_status":"closed","ping_status":"closed","sticky":false,"template":"","format":"standard","meta":{"footnotes":""},"categories":[4],"tags":[],"class_list":["post-772","post","type-post","status-publish","format-standard","hentry","category-posts-freres-jumeaux-de-lessonnes","entry"],"yoast_head":"<!-- This site is optimized with the Yoast SEO plugin v27.5 - https:\/\/yoast.com\/product\/yoast-seo-wordpress\/ -->\n<title>Blague du jour : L\u2019histoire des jumeaux Robert et Richard - JUMEAUX91<\/title>\n<meta name=\"robots\" content=\"index, follow, max-snippet:-1, max-image-preview:large, max-video-preview:-1\" \/>\n<link rel=\"canonical\" href=\"https:\/\/jumeaux91.fr\/blog\/blague-du-jour-lhistoire-des-jumeaux-robert-et-richard\/\" \/>\n<meta property=\"og:locale\" content=\"fr_FR\" \/>\n<meta property=\"og:type\" content=\"article\" \/>\n<meta property=\"og:title\" content=\"Blague du jour : L\u2019histoire des jumeaux Robert et Richard - JUMEAUX91\" \/>\n<meta property=\"og:description\" content=\"TDN &gt; Blagues Partagez cet article Chaque jour,&nbsp;le Tribunal du Net&nbsp;vous raconte&nbsp;une blague&nbsp;qui vous fera rire \u00e0 coup s\u00fbr. Si elle vous pla\u00eet,&nbsp;partagez-la&nbsp;\u00e0 vos amis et \u00e0 votre famille ! La suite apr\u00e8s cette publicit\u00e9 La suite apr\u00e8s cette vid\u00e9o Blague du jour : C\u2019est l\u2019histoire d\u2019une \u00e9quipe de football de nains [\u2026] Blague du&hellip; Poursuivre la lecture Blague du jour : L\u2019histoire des jumeaux Robert et Richard\" \/>\n<meta property=\"og:url\" content=\"https:\/\/jumeaux91.fr\/blog\/blague-du-jour-lhistoire-des-jumeaux-robert-et-richard\/\" \/>\n<meta property=\"og:site_name\" content=\"JUMEAUX91\" \/>\n<meta property=\"article:published_time\" content=\"2024-09-26T02:36:00+00:00\" \/>\n<meta property=\"og:image\" content=\"https:\/\/www.letribunaldunet.fr\/wp-content\/themes\/letribunaldunet\/img\/icon-home-grey.svg\" \/>\n<meta name=\"author\" content=\"Claude DAYRES\" \/>\n<meta name=\"twitter:card\" content=\"summary_large_image\" \/>\n<meta name=\"twitter:label1\" content=\"\u00c9crit par\" \/>\n\t<meta name=\"twitter:data1\" content=\"Claude DAYRES\" \/>\n\t<meta name=\"twitter:label2\" content=\"Dur\u00e9e de lecture estim\u00e9e\" \/>\n\t<meta name=\"twitter:data2\" content=\"2 minutes\" \/>\n<script type=\"application\/ld+json\" class=\"yoast-schema-graph\">{\"@context\":\"https:\\\/\\\/schema.org\",\"@graph\":[{\"@type\":\"Article\",\"@id\":\"https:\\\/\\\/jumeaux91.fr\\\/blog\\\/blague-du-jour-lhistoire-des-jumeaux-robert-et-richard\\\/#article\",\"isPartOf\":{\"@id\":\"https:\\\/\\\/jumeaux91.fr\\\/blog\\\/blague-du-jour-lhistoire-des-jumeaux-robert-et-richard\\\/\"},\"author\":{\"name\":\"Claude DAYRES\",\"@id\":\"https:\\\/\\\/jumeaux91.fr\\\/blog\\\/#\\\/schema\\\/person\\\/21da06e9f119b9f64e5d45dbbd32d3fb\"},\"headline\":\"Blague du jour : L\u2019histoire des jumeaux Robert et Richard\",\"datePublished\":\"2024-09-26T02:36:00+00:00\",\"mainEntityOfPage\":{\"@id\":\"https:\\\/\\\/jumeaux91.fr\\\/blog\\\/blague-du-jour-lhistoire-des-jumeaux-robert-et-richard\\\/\"},\"wordCount\":461,\"publisher\":{\"@id\":\"https:\\\/\\\/jumeaux91.fr\\\/blog\\\/#organization\"},\"image\":{\"@id\":\"https:\\\/\\\/jumeaux91.fr\\\/blog\\\/blague-du-jour-lhistoire-des-jumeaux-robert-et-richard\\\/#primaryimage\"},\"thumbnailUrl\":\"https:\\\/\\\/www.letribunaldunet.fr\\\/wp-content\\\/themes\\\/letribunaldunet\\\/img\\\/icon-home-grey.svg\",\"articleSection\":[\"Posts Fr\u00e8res Jumeaux De L'Essonnes:\"],\"inLanguage\":\"fr-FR\"},{\"@type\":\"WebPage\",\"@id\":\"https:\\\/\\\/jumeaux91.fr\\\/blog\\\/blague-du-jour-lhistoire-des-jumeaux-robert-et-richard\\\/\",\"url\":\"https:\\\/\\\/jumeaux91.fr\\\/blog\\\/blague-du-jour-lhistoire-des-jumeaux-robert-et-richard\\\/\",\"name\":\"Blague du jour : L\u2019histoire des jumeaux Robert et Richard - JUMEAUX91\",\"isPartOf\":{\"@id\":\"https:\\\/\\\/jumeaux91.fr\\\/blog\\\/#website\"},\"primaryImageOfPage\":{\"@id\":\"https:\\\/\\\/jumeaux91.fr\\\/blog\\\/blague-du-jour-lhistoire-des-jumeaux-robert-et-richard\\\/#primaryimage\"},\"image\":{\"@id\":\"https:\\\/\\\/jumeaux91.fr\\\/blog\\\/blague-du-jour-lhistoire-des-jumeaux-robert-et-richard\\\/#primaryimage\"},\"thumbnailUrl\":\"https:\\\/\\\/www.letribunaldunet.fr\\\/wp-content\\\/themes\\\/letribunaldunet\\\/img\\\/icon-home-grey.svg\",\"datePublished\":\"2024-09-26T02:36:00+00:00\",\"breadcrumb\":{\"@id\":\"https:\\\/\\\/jumeaux91.fr\\\/blog\\\/blague-du-jour-lhistoire-des-jumeaux-robert-et-richard\\\/#breadcrumb\"},\"inLanguage\":\"fr-FR\",\"potentialAction\":[{\"@type\":\"ReadAction\",\"target\":[\"https:\\\/\\\/jumeaux91.fr\\\/blog\\\/blague-du-jour-lhistoire-des-jumeaux-robert-et-richard\\\/\"]}]},{\"@type\":\"ImageObject\",\"inLanguage\":\"fr-FR\",\"@id\":\"https:\\\/\\\/jumeaux91.fr\\\/blog\\\/blague-du-jour-lhistoire-des-jumeaux-robert-et-richard\\\/#primaryimage\",\"url\":\"https:\\\/\\\/www.letribunaldunet.fr\\\/wp-content\\\/themes\\\/letribunaldunet\\\/img\\\/icon-home-grey.svg\",\"contentUrl\":\"https:\\\/\\\/www.letribunaldunet.fr\\\/wp-content\\\/themes\\\/letribunaldunet\\\/img\\\/icon-home-grey.svg\"},{\"@type\":\"BreadcrumbList\",\"@id\":\"https:\\\/\\\/jumeaux91.fr\\\/blog\\\/blague-du-jour-lhistoire-des-jumeaux-robert-et-richard\\\/#breadcrumb\",\"itemListElement\":[{\"@type\":\"ListItem\",\"position\":1,\"name\":\"Accueil\",\"item\":\"https:\\\/\\\/jumeaux91.fr\\\/blog\\\/\"},{\"@type\":\"ListItem\",\"position\":2,\"name\":\"Blague du jour : L\u2019histoire des jumeaux Robert et Richard\"}]},{\"@type\":\"WebSite\",\"@id\":\"https:\\\/\\\/jumeaux91.fr\\\/blog\\\/#website\",\"url\":\"https:\\\/\\\/jumeaux91.fr\\\/blog\\\/\",\"name\":\"JUMEAUX91\",\"description\":\"Fr\u00e8res jumeaux de l&#039;Essonnes; informations et archives, \u00e0 savoir et retenir.\",\"publisher\":{\"@id\":\"https:\\\/\\\/jumeaux91.fr\\\/blog\\\/#organization\"},\"potentialAction\":[{\"@type\":\"SearchAction\",\"target\":{\"@type\":\"EntryPoint\",\"urlTemplate\":\"https:\\\/\\\/jumeaux91.fr\\\/blog\\\/?s={search_term_string}\"},\"query-input\":{\"@type\":\"PropertyValueSpecification\",\"valueRequired\":true,\"valueName\":\"search_term_string\"}}],\"inLanguage\":\"fr-FR\"},{\"@type\":\"Organization\",\"@id\":\"https:\\\/\\\/jumeaux91.fr\\\/blog\\\/#organization\",\"name\":\"jumeaux91\",\"url\":\"https:\\\/\\\/jumeaux91.fr\\\/blog\\\/\",\"logo\":{\"@type\":\"ImageObject\",\"inLanguage\":\"fr-FR\",\"@id\":\"https:\\\/\\\/jumeaux91.fr\\\/blog\\\/#\\\/schema\\\/logo\\\/image\\\/\",\"url\":\"https:\\\/\\\/jumeaux91.fr\\\/blog\\\/wp-content\\\/uploads\\\/2023\\\/05\\\/cropped-cropped-logoJ_91.png\",\"contentUrl\":\"https:\\\/\\\/jumeaux91.fr\\\/blog\\\/wp-content\\\/uploads\\\/2023\\\/05\\\/cropped-cropped-logoJ_91.png\",\"width\":512,\"height\":512,\"caption\":\"jumeaux91\"},\"image\":{\"@id\":\"https:\\\/\\\/jumeaux91.fr\\\/blog\\\/#\\\/schema\\\/logo\\\/image\\\/\"}},{\"@type\":\"Person\",\"@id\":\"https:\\\/\\\/jumeaux91.fr\\\/blog\\\/#\\\/schema\\\/person\\\/21da06e9f119b9f64e5d45dbbd32d3fb\",\"name\":\"Claude DAYRES\",\"image\":{\"@type\":\"ImageObject\",\"inLanguage\":\"fr-FR\",\"@id\":\"https:\\\/\\\/secure.gravatar.com\\\/avatar\\\/82eb951df6110a2c48d1bfa7a67d1ee6f0cd5df3cbf9c3586dd61e82db7172a5?s=96&d=mm&r=g\",\"url\":\"https:\\\/\\\/secure.gravatar.com\\\/avatar\\\/82eb951df6110a2c48d1bfa7a67d1ee6f0cd5df3cbf9c3586dd61e82db7172a5?s=96&d=mm&r=g\",\"contentUrl\":\"https:\\\/\\\/secure.gravatar.com\\\/avatar\\\/82eb951df6110a2c48d1bfa7a67d1ee6f0cd5df3cbf9c3586dd61e82db7172a5?s=96&d=mm&r=g\",\"caption\":\"Claude DAYRES\"},\"url\":\"https:\\\/\\\/jumeaux91.fr\\\/blog\\\/author\\\/x91claude\\\/\"}]}<\/script>\n<!-- \/ Yoast SEO plugin. -->","yoast_head_json":{"title":"Blague du jour : L\u2019histoire des jumeaux Robert et Richard - JUMEAUX91","robots":{"index":"index","follow":"follow","max-snippet":"max-snippet:-1","max-image-preview":"max-image-preview:large","max-video-preview":"max-video-preview:-1"},"canonical":"https:\/\/jumeaux91.fr\/blog\/blague-du-jour-lhistoire-des-jumeaux-robert-et-richard\/","og_locale":"fr_FR","og_type":"article","og_title":"Blague du jour : L\u2019histoire des jumeaux Robert et Richard - JUMEAUX91","og_description":"TDN &gt; Blagues Partagez cet article Chaque jour,&nbsp;le Tribunal du Net&nbsp;vous raconte&nbsp;une blague&nbsp;qui vous fera rire \u00e0 coup s\u00fbr. Si elle vous pla\u00eet,&nbsp;partagez-la&nbsp;\u00e0 vos amis et \u00e0 votre famille ! La suite apr\u00e8s cette publicit\u00e9 La suite apr\u00e8s cette vid\u00e9o Blague du jour : C\u2019est l\u2019histoire d\u2019une \u00e9quipe de football de nains [\u2026] Blague du&hellip; Poursuivre la lecture Blague du jour : L\u2019histoire des jumeaux Robert et Richard","og_url":"https:\/\/jumeaux91.fr\/blog\/blague-du-jour-lhistoire-des-jumeaux-robert-et-richard\/","og_site_name":"JUMEAUX91","article_published_time":"2024-09-26T02:36:00+00:00","og_image":[{"url":"https:\/\/www.letribunaldunet.fr\/wp-content\/themes\/letribunaldunet\/img\/icon-home-grey.svg","type":"","width":"","height":""}],"author":"Claude DAYRES","twitter_card":"summary_large_image","twitter_misc":{"\u00c9crit par":"Claude DAYRES","Dur\u00e9e de lecture estim\u00e9e":"2 minutes"},"schema":{"@context":"https:\/\/schema.org","@graph":[{"@type":"Article","@id":"https:\/\/jumeaux91.fr\/blog\/blague-du-jour-lhistoire-des-jumeaux-robert-et-richard\/#article","isPartOf":{"@id":"https:\/\/jumeaux91.fr\/blog\/blague-du-jour-lhistoire-des-jumeaux-robert-et-richard\/"},"author":{"name":"Claude DAYRES","@id":"https:\/\/jumeaux91.fr\/blog\/#\/schema\/person\/21da06e9f119b9f64e5d45dbbd32d3fb"},"headline":"Blague du jour : L\u2019histoire des jumeaux Robert et Richard","datePublished":"2024-09-26T02:36:00+00:00","mainEntityOfPage":{"@id":"https:\/\/jumeaux91.fr\/blog\/blague-du-jour-lhistoire-des-jumeaux-robert-et-richard\/"},"wordCount":461,"publisher":{"@id":"https:\/\/jumeaux91.fr\/blog\/#organization"},"image":{"@id":"https:\/\/jumeaux91.fr\/blog\/blague-du-jour-lhistoire-des-jumeaux-robert-et-richard\/#primaryimage"},"thumbnailUrl":"https:\/\/www.letribunaldunet.fr\/wp-content\/themes\/letribunaldunet\/img\/icon-home-grey.svg","articleSection":["Posts Fr\u00e8res Jumeaux De L'Essonnes:"],"inLanguage":"fr-FR"},{"@type":"WebPage","@id":"https:\/\/jumeaux91.fr\/blog\/blague-du-jour-lhistoire-des-jumeaux-robert-et-richard\/","url":"https:\/\/jumeaux91.fr\/blog\/blague-du-jour-lhistoire-des-jumeaux-robert-et-richard\/","name":"Blague du jour : L\u2019histoire des jumeaux Robert et Richard - JUMEAUX91","isPartOf":{"@id":"https:\/\/jumeaux91.fr\/blog\/#website"},"primaryImageOfPage":{"@id":"https:\/\/jumeaux91.fr\/blog\/blague-du-jour-lhistoire-des-jumeaux-robert-et-richard\/#primaryimage"},"image":{"@id":"https:\/\/jumeaux91.fr\/blog\/blague-du-jour-lhistoire-des-jumeaux-robert-et-richard\/#primaryimage"},"thumbnailUrl":"https:\/\/www.letribunaldunet.fr\/wp-content\/themes\/letribunaldunet\/img\/icon-home-grey.svg","datePublished":"2024-09-26T02:36:00+00:00","breadcrumb":{"@id":"https:\/\/jumeaux91.fr\/blog\/blague-du-jour-lhistoire-des-jumeaux-robert-et-richard\/#breadcrumb"},"inLanguage":"fr-FR","potentialAction":[{"@type":"ReadAction","target":["https:\/\/jumeaux91.fr\/blog\/blague-du-jour-lhistoire-des-jumeaux-robert-et-richard\/"]}]},{"@type":"ImageObject","inLanguage":"fr-FR","@id":"https:\/\/jumeaux91.fr\/blog\/blague-du-jour-lhistoire-des-jumeaux-robert-et-richard\/#primaryimage","url":"https:\/\/www.letribunaldunet.fr\/wp-content\/themes\/letribunaldunet\/img\/icon-home-grey.svg","contentUrl":"https:\/\/www.letribunaldunet.fr\/wp-content\/themes\/letribunaldunet\/img\/icon-home-grey.svg"},{"@type":"BreadcrumbList","@id":"https:\/\/jumeaux91.fr\/blog\/blague-du-jour-lhistoire-des-jumeaux-robert-et-richard\/#breadcrumb","itemListElement":[{"@type":"ListItem","position":1,"name":"Accueil","item":"https:\/\/jumeaux91.fr\/blog\/"},{"@type":"ListItem","position":2,"name":"Blague du jour : L\u2019histoire des jumeaux Robert et Richard"}]},{"@type":"WebSite","@id":"https:\/\/jumeaux91.fr\/blog\/#website","url":"https:\/\/jumeaux91.fr\/blog\/","name":"JUMEAUX91","description":"Fr\u00e8res jumeaux de l&#039;Essonnes; informations et archives, \u00e0 savoir et retenir.","publisher":{"@id":"https:\/\/jumeaux91.fr\/blog\/#organization"},"potentialAction":[{"@type":"SearchAction","target":{"@type":"EntryPoint","urlTemplate":"https:\/\/jumeaux91.fr\/blog\/?s={search_term_string}"},"query-input":{"@type":"PropertyValueSpecification","valueRequired":true,"valueName":"search_term_string"}}],"inLanguage":"fr-FR"},{"@type":"Organization","@id":"https:\/\/jumeaux91.fr\/blog\/#organization","name":"jumeaux91","url":"https:\/\/jumeaux91.fr\/blog\/","logo":{"@type":"ImageObject","inLanguage":"fr-FR","@id":"https:\/\/jumeaux91.fr\/blog\/#\/schema\/logo\/image\/","url":"https:\/\/jumeaux91.fr\/blog\/wp-content\/uploads\/2023\/05\/cropped-cropped-logoJ_91.png","contentUrl":"https:\/\/jumeaux91.fr\/blog\/wp-content\/uploads\/2023\/05\/cropped-cropped-logoJ_91.png","width":512,"height":512,"caption":"jumeaux91"},"image":{"@id":"https:\/\/jumeaux91.fr\/blog\/#\/schema\/logo\/image\/"}},{"@type":"Person","@id":"https:\/\/jumeaux91.fr\/blog\/#\/schema\/person\/21da06e9f119b9f64e5d45dbbd32d3fb","name":"Claude DAYRES","image":{"@type":"ImageObject","inLanguage":"fr-FR","@id":"https:\/\/secure.gravatar.com\/avatar\/82eb951df6110a2c48d1bfa7a67d1ee6f0cd5df3cbf9c3586dd61e82db7172a5?s=96&d=mm&r=g","url":"https:\/\/secure.gravatar.com\/avatar\/82eb951df6110a2c48d1bfa7a67d1ee6f0cd5df3cbf9c3586dd61e82db7172a5?s=96&d=mm&r=g","contentUrl":"https:\/\/secure.gravatar.com\/avatar\/82eb951df6110a2c48d1bfa7a67d1ee6f0cd5df3cbf9c3586dd61e82db7172a5?s=96&d=mm&r=g","caption":"Claude DAYRES"},"url":"https:\/\/jumeaux91.fr\/blog\/author\/x91claude\/"}]}},"_links":{"self":[{"href":"https:\/\/jumeaux91.fr\/blog\/wp-json\/wp\/v2\/posts\/772","targetHints":{"allow":["GET"]}}],"collection":[{"href":"https:\/\/jumeaux91.fr\/blog\/wp-json\/wp\/v2\/posts"}],"about":[{"href":"https:\/\/jumeaux91.fr\/blog\/wp-json\/wp\/v2\/types\/post"}],"author":[{"embeddable":true,"href":"https:\/\/jumeaux91.fr\/blog\/wp-json\/wp\/v2\/users\/2"}],"replies":[{"embeddable":true,"href":"https:\/\/jumeaux91.fr\/blog\/wp-json\/wp\/v2\/comments?post=772"}],"version-history":[{"count":0,"href":"https:\/\/jumeaux91.fr\/blog\/wp-json\/wp\/v2\/posts\/772\/revisions"}],"wp:attachment":[{"href":"https:\/\/jumeaux91.fr\/blog\/wp-json\/wp\/v2\/media?parent=772"}],"wp:term":[{"taxonomy":"category","embeddable":true,"href":"https:\/\/jumeaux91.fr\/blog\/wp-json\/wp\/v2\/categories?post=772"},{"taxonomy":"post_tag","embeddable":true,"href":"https:\/\/jumeaux91.fr\/blog\/wp-json\/wp\/v2\/tags?post=772"}],"curies":[{"name":"wp","href":"https:\/\/api.w.org\/{rel}","templated":true}]}}